{"id":11125,"date":"2023-03-29T00:19:45","date_gmt":"2023-03-28T22:19:45","guid":{"rendered":"https:\/\/barcelona.euses.cat\/?p=11125"},"modified":"2023-03-29T00:19:45","modified_gmt":"2023-03-28T22:19:45","slug":"la-3a-edicion-del-talent-day-tendra-lugar-los-dias-24-y-25-de-abril-y-las-inscripciones-ya-estan-abiertas","status":"publish","type":"post","link":"https:\/\/barcelona.euses.cat\/es\/la-3a-edicion-del-talent-day-tendra-lugar-los-dias-24-y-25-de-abril-y-las-inscripciones-ya-estan-abiertas\/","title":{"rendered":"La 3\u00aa edici\u00f3n del Talent Day tendr\u00e1 lugar los d\u00edas 24 y 25 de abril y las inscripciones ya est\u00e1n abiertas"},"content":{"rendered":"<p>El Talent Day 2023 ya ha iniciado la cuenta atr\u00e1s. La Feria Virtual de la Ocupaci\u00f3n y Orientaci\u00f3n Profesional de la Escola Universit\u00e0ria de la Salut i l\u2019Esport se celebrar\u00e1 los pr\u00f3ximos d\u00edas 24 y 25 de abril y llega, cada vez m\u00e1s consolidada, a su tercera edici\u00f3n. El Talent Day, una iniciativa del equipo de EUSES Alumni que dirige S\u00edlvia Roche, ya tiene una cuarentena de estands confirmados de empresas, centros y clubes, y la previsi\u00f3n es que la cifra todav\u00eda pueda aumentar en los d\u00edas previos al acontecimiento.<\/p>\n<p><a href=\"https:\/\/eusestalentday.easyvirtualfair.com\/landing\">Las\u00a0inscripciones (gratuitas) ya est\u00e1n abiertas\u00a0<\/a>y, a pesar de que el p\u00fablico potencial son los estudiantes de 4\u00ba curso de los grados en CAFyD y en Fisioterapia y los asociados a EUSES Alumni (de cara a la salida al mercado laboral o en busca de una oferta profesional que encaje en su perfil), el Talent Day tambi\u00e9n est\u00e1 abierto a los alumnos de 1\u00ba, 2\u00ba y 3\u00ba curso de los todos los Campus del grupo (Salt, Bellvitge y Terres de l\u2019Ebre).<\/p>\n<p>En el Talent Day, los estudiantes podr\u00e1n acceder de manera virtual a los estands de empresas (algunas de fuera del pa\u00eds) que colgar\u00e1n diferentes ofertas laborales a las cuales los asistentes no solo podr\u00e1n acceder para ver las caracter\u00edsticas, sino que habr\u00e1 la posibilidad de plantear dudas, enviar el curr\u00edculum, chatear con los responsables de estas empresas e incluso realizar una entrevista de trabajo por videoconferencia.<\/p>\n<p>Una de las novedades de este a\u00f1o ser\u00e1 la posibilidad que los asistentes hagan networking. Todos ellos podr\u00e1n interactuar con los otros visitantes\u00a0de la feria (alumnos y alumnis) y as\u00ed ampliar su red de contactos. Para hacerlo, solo\u00a0har\u00e1 falta que\u00a0activen la opci\u00f3n de networking\u00a0cuando hagan su inscripci\u00f3n.<\/p>\n<p><strong>Conferencias y mesas redondas<\/strong><\/p>\n<p>Adem\u00e1s de los estands, durante el Talent Day se han programado cinco conferencias y tres mesas redondas, siempre con el fin de ayudar a encaminar los alumnos hacia la salida laboral que m\u00e1s les encaje.\u00a0Todas se conferencias y mesas redondas se har\u00e1n de forma virtual a trav\u00e9s de la plataforma excepto los dos talleres que realizar\u00e1 Nuria Sanlleh\u00ed, que ser\u00e1n presenciales. Sin embargo, \u00e9stas ponencias tambi\u00e9n se retransmitir\u00e1n en directo por Zoom para los inscritos que no puedan acudir de manera f\u00edsica en el Campus de Salt.<\/p>\n<p>Las mesas redondas ser\u00e1n:<\/p>\n<p><strong>Investigaci\u00f3n y Doctorado<\/strong>, a cargo de la Dra. Anna Prats.<\/p>\n<p><strong>Perfil de Linkedin<\/strong>,\u00a0a cargo de Nuria Sanlleh\u00ed, de la UdG Alumni.<\/p>\n<p><strong>Entrevista de Trabajo<\/strong>, por Nuria Sanlleh\u00ed.<\/p>\n<p><strong>El EURES<\/strong>\u00a0(EURopean Employment Services), por Arnau Soy<\/p>\n<p><strong>La Formaci\u00f3n continuada en EUSES<\/strong>, a cargo de Pere Iglesias y Carla Curto.<\/p>\n<p>Por su parte, las mesas redondas tendr\u00e1n la siguiente tem\u00e1tica y participantes:<\/p>\n<p><strong>Creaci\u00f3n de centro propio<\/strong>, con Eloi Zamorano (Fisioterapia Salt 2017), Anna Dom\u00e8nech (Fisioterapia Tierras del Ebro 2028) y Marc Serramitja (CAFE Salt 2016).<\/p>\n<p><strong>Trabajar en el extranjero<\/strong>, con Ferran Joanmiquel (CAFE Salt 2018); Anne-Claire Charpenay (Physiotherapy Bellvitge 2022) y L\u00e9a Carrion (Fisioterapia Salt 2014).<\/p>\n<p><strong>Fisioterapia con artistas esc\u00e9nicos<\/strong> (diston\u00eda focal-medicina del arte), con Alba Xiberta (Fisioterapia Salt 2016).<\/p>\n","protected":false},"excerpt":{"rendered":"<p>El Talent Day 2023 ya ha iniciado la cuenta atr\u00e1s. La Feria Virtual de la Ocupaci\u00f3n y Orientaci\u00f3n Profesional de la Escola Universit\u00e0ria de la Salut i l\u2019Esport se celebrar\u00e1 los pr\u00f3ximos d\u00edas 24 y 25 de abril y llega, cada vez m\u00e1s consolidada, a su tercera edici\u00f3n. El Talent Day, una iniciativa del equipo [&hellip;]<\/p>\n","protected":false},"author":3,"featured_media":11120,"comment_status":"open","ping_status":"closed","sticky":false,"template":"","format":"standard","meta":{"_acf_changed":false,"inline_featured_image":false,"_joinchat":[],"footnotes":""},"categories":[1],"tags":[],"class_list":["post-11125","post","type-post","status-publish","format-standard","has-post-thumbnail","hentry","category-sin-categorizar"],"acf":[],"yoast_head":"<!-- This site is optimized with the Yoast SEO plugin v27.4 - https:\/\/yoast.com\/product\/yoast-seo-wordpress\/ -->\n<title>La 3\u00aa edici\u00f3n del Talent Day tendr\u00e1 lugar los d\u00edas 24 y 25 de abril y las inscripciones ya est\u00e1n abiertas | EUSES - Campus de Bellvitge (Barcelona)<\/title>\n<meta name=\"robots\" content=\"index, follow, max-snippet:-1, max-image-preview:large, max-video-preview:-1\" \/>\n<link rel=\"canonical\" href=\"https:\/\/barcelona.euses.cat\/es\/la-3a-edicion-del-talent-day-tendra-lugar-los-dias-24-y-25-de-abril-y-las-inscripciones-ya-estan-abiertas\/\" \/>\n<meta property=\"og:locale\" content=\"es_ES\" \/>\n<meta property=\"og:type\" content=\"article\" \/>\n<meta property=\"og:title\" content=\"La 3\u00aa edici\u00f3n del Talent Day tendr\u00e1 lugar los d\u00edas 24 y 25 de abril y las inscripciones ya est\u00e1n abiertas | EUSES - Campus de Bellvitge (Barcelona)\" \/>\n<meta property=\"og:description\" content=\"El Talent Day 2023 ya ha iniciado la cuenta atr\u00e1s. La Feria Virtual de la Ocupaci\u00f3n y Orientaci\u00f3n Profesional de la Escola Universit\u00e0ria de la Salut i l\u2019Esport se celebrar\u00e1 los pr\u00f3ximos d\u00edas 24 y 25 de abril y llega, cada vez m\u00e1s consolidada, a su tercera edici\u00f3n. El Talent Day, una iniciativa del equipo [&hellip;]\" \/>\n<meta property=\"og:url\" content=\"https:\/\/barcelona.euses.cat\/es\/la-3a-edicion-del-talent-day-tendra-lugar-los-dias-24-y-25-de-abril-y-las-inscripciones-ya-estan-abiertas\/\" \/>\n<meta property=\"og:site_name\" content=\"EUSES - Campus de Bellvitge (Barcelona)\" \/>\n<meta property=\"article:publisher\" content=\"https:\/\/www.facebook.com\/PhysioBCN\/\" \/>\n<meta property=\"article:published_time\" content=\"2023-03-28T22:19:45+00:00\" \/>\n<meta property=\"og:image\" content=\"https:\/\/barcelona.euses.cat\/wp-content\/uploads\/2023\/03\/talent-day.jpg\" \/>\n\t<meta property=\"og:image:width\" content=\"2048\" \/>\n\t<meta property=\"og:image:height\" content=\"1094\" \/>\n\t<meta property=\"og:image:type\" content=\"image\/jpeg\" \/>\n<meta name=\"author\" content=\"Jordi Danes\" \/>\n<meta name=\"twitter:card\" content=\"summary_large_image\" \/>\n<meta name=\"twitter:label1\" content=\"Escrito por\" \/>\n\t<meta name=\"twitter:data1\" content=\"Jordi Danes\" \/>\n\t<meta name=\"twitter:label2\" content=\"Tiempo de lectura\" \/>\n\t<meta name=\"twitter:data2\" content=\"3 minutos\" \/>\n<script type=\"application\/ld+json\" class=\"yoast-schema-graph\">{\"@context\":\"https:\\\/\\\/schema.org\",\"@graph\":[{\"@type\":\"Article\",\"@id\":\"https:\\\/\\\/barcelona.euses.cat\\\/es\\\/la-3a-edicion-del-talent-day-tendra-lugar-los-dias-24-y-25-de-abril-y-las-inscripciones-ya-estan-abiertas\\\/#article\",\"isPartOf\":{\"@id\":\"https:\\\/\\\/barcelona.euses.cat\\\/es\\\/la-3a-edicion-del-talent-day-tendra-lugar-los-dias-24-y-25-de-abril-y-las-inscripciones-ya-estan-abiertas\\\/\"},\"author\":{\"name\":\"Jordi Danes\",\"@id\":\"https:\\\/\\\/barcelona.euses.cat\\\/ca\\\/#\\\/schema\\\/person\\\/8ab46080dfc4814fa59383db317735bd\"},\"headline\":\"La 3\u00aa edici\u00f3n del Talent Day tendr\u00e1 lugar los d\u00edas 24 y 25 de abril y las inscripciones ya est\u00e1n abiertas\",\"datePublished\":\"2023-03-28T22:19:45+00:00\",\"mainEntityOfPage\":{\"@id\":\"https:\\\/\\\/barcelona.euses.cat\\\/es\\\/la-3a-edicion-del-talent-day-tendra-lugar-los-dias-24-y-25-de-abril-y-las-inscripciones-ya-estan-abiertas\\\/\"},\"wordCount\":556,\"commentCount\":0,\"image\":{\"@id\":\"https:\\\/\\\/barcelona.euses.cat\\\/es\\\/la-3a-edicion-del-talent-day-tendra-lugar-los-dias-24-y-25-de-abril-y-las-inscripciones-ya-estan-abiertas\\\/#primaryimage\"},\"thumbnailUrl\":\"https:\\\/\\\/barcelona.euses.cat\\\/wp-content\\\/uploads\\\/2023\\\/03\\\/talent-day.jpg\",\"articleSection\":[\"Sin categorizar\"],\"inLanguage\":\"es\"},{\"@type\":\"WebPage\",\"@id\":\"https:\\\/\\\/barcelona.euses.cat\\\/es\\\/la-3a-edicion-del-talent-day-tendra-lugar-los-dias-24-y-25-de-abril-y-las-inscripciones-ya-estan-abiertas\\\/\",\"url\":\"https:\\\/\\\/barcelona.euses.cat\\\/es\\\/la-3a-edicion-del-talent-day-tendra-lugar-los-dias-24-y-25-de-abril-y-las-inscripciones-ya-estan-abiertas\\\/\",\"name\":\"La 3\u00aa edici\u00f3n del Talent Day tendr\u00e1 lugar los d\u00edas 24 y 25 de abril y las inscripciones ya est\u00e1n abiertas | EUSES - Campus de Bellvitge (Barcelona)\",\"isPartOf\":{\"@id\":\"https:\\\/\\\/barcelona.euses.cat\\\/ca\\\/#website\"},\"primaryImageOfPage\":{\"@id\":\"https:\\\/\\\/barcelona.euses.cat\\\/es\\\/la-3a-edicion-del-talent-day-tendra-lugar-los-dias-24-y-25-de-abril-y-las-inscripciones-ya-estan-abiertas\\\/#primaryimage\"},\"image\":{\"@id\":\"https:\\\/\\\/barcelona.euses.cat\\\/es\\\/la-3a-edicion-del-talent-day-tendra-lugar-los-dias-24-y-25-de-abril-y-las-inscripciones-ya-estan-abiertas\\\/#primaryimage\"},\"thumbnailUrl\":\"https:\\\/\\\/barcelona.euses.cat\\\/wp-content\\\/uploads\\\/2023\\\/03\\\/talent-day.jpg\",\"datePublished\":\"2023-03-28T22:19:45+00:00\",\"author\":{\"@id\":\"https:\\\/\\\/barcelona.euses.cat\\\/ca\\\/#\\\/schema\\\/person\\\/8ab46080dfc4814fa59383db317735bd\"},\"breadcrumb\":{\"@id\":\"https:\\\/\\\/barcelona.euses.cat\\\/es\\\/la-3a-edicion-del-talent-day-tendra-lugar-los-dias-24-y-25-de-abril-y-las-inscripciones-ya-estan-abiertas\\\/#breadcrumb\"},\"inLanguage\":\"es\",\"potentialAction\":[{\"@type\":\"ReadAction\",\"target\":[\"https:\\\/\\\/barcelona.euses.cat\\\/es\\\/la-3a-edicion-del-talent-day-tendra-lugar-los-dias-24-y-25-de-abril-y-las-inscripciones-ya-estan-abiertas\\\/\"]}]},{\"@type\":\"ImageObject\",\"inLanguage\":\"es\",\"@id\":\"https:\\\/\\\/barcelona.euses.cat\\\/es\\\/la-3a-edicion-del-talent-day-tendra-lugar-los-dias-24-y-25-de-abril-y-las-inscripciones-ya-estan-abiertas\\\/#primaryimage\",\"url\":\"https:\\\/\\\/barcelona.euses.cat\\\/wp-content\\\/uploads\\\/2023\\\/03\\\/talent-day.jpg\",\"contentUrl\":\"https:\\\/\\\/barcelona.euses.cat\\\/wp-content\\\/uploads\\\/2023\\\/03\\\/talent-day.jpg\",\"width\":2048,\"height\":1094},{\"@type\":\"BreadcrumbList\",\"@id\":\"https:\\\/\\\/barcelona.euses.cat\\\/es\\\/la-3a-edicion-del-talent-day-tendra-lugar-los-dias-24-y-25-de-abril-y-las-inscripciones-ya-estan-abiertas\\\/#breadcrumb\",\"itemListElement\":[{\"@type\":\"ListItem\",\"position\":1,\"name\":\"Portada\",\"item\":\"https:\\\/\\\/barcelona.euses.cat\\\/es\\\/\"},{\"@type\":\"ListItem\",\"position\":2,\"name\":\"La 3\u00aa edici\u00f3n del Talent Day tendr\u00e1 lugar los d\u00edas 24 y 25 de abril y las inscripciones ya est\u00e1n abiertas\"}]},{\"@type\":\"WebSite\",\"@id\":\"https:\\\/\\\/barcelona.euses.cat\\\/ca\\\/#website\",\"url\":\"https:\\\/\\\/barcelona.euses.cat\\\/ca\\\/\",\"name\":\"EUSES - Campus de Bellvitge (Barcelona)\",\"description\":\"EUSES, Escuela Universitaria de Fisioterapia Internacional en Barcelona\",\"potentialAction\":[{\"@type\":\"SearchAction\",\"target\":{\"@type\":\"EntryPoint\",\"urlTemplate\":\"https:\\\/\\\/barcelona.euses.cat\\\/ca\\\/?s={search_term_string}\"},\"query-input\":{\"@type\":\"PropertyValueSpecification\",\"valueRequired\":true,\"valueName\":\"search_term_string\"}}],\"inLanguage\":\"es\"},{\"@type\":\"Person\",\"@id\":\"https:\\\/\\\/barcelona.euses.cat\\\/ca\\\/#\\\/schema\\\/person\\\/8ab46080dfc4814fa59383db317735bd\",\"name\":\"Jordi Danes\",\"image\":{\"@type\":\"ImageObject\",\"inLanguage\":\"es\",\"@id\":\"https:\\\/\\\/secure.gravatar.com\\\/avatar\\\/a9e4f443b594af225625ee8cfa665e41b1e0740ea34fbe0515b4ca559f8570ef?s=96&d=mm&r=g\",\"url\":\"https:\\\/\\\/secure.gravatar.com\\\/avatar\\\/a9e4f443b594af225625ee8cfa665e41b1e0740ea34fbe0515b4ca559f8570ef?s=96&d=mm&r=g\",\"contentUrl\":\"https:\\\/\\\/secure.gravatar.com\\\/avatar\\\/a9e4f443b594af225625ee8cfa665e41b1e0740ea34fbe0515b4ca559f8570ef?s=96&d=mm&r=g\",\"caption\":\"Jordi Danes\"},\"url\":\"https:\\\/\\\/barcelona.euses.cat\\\/es\\\/author\\\/jordi-danes\\\/\"}]}<\/script>\n<!-- \/ Yoast SEO plugin. -->","yoast_head_json":{"title":"La 3\u00aa edici\u00f3n del Talent Day tendr\u00e1 lugar los d\u00edas 24 y 25 de abril y las inscripciones ya est\u00e1n abiertas | EUSES - Campus de Bellvitge (Barcelona)","robots":{"index":"index","follow":"follow","max-snippet":"max-snippet:-1","max-image-preview":"max-image-preview:large","max-video-preview":"max-video-preview:-1"},"canonical":"https:\/\/barcelona.euses.cat\/es\/la-3a-edicion-del-talent-day-tendra-lugar-los-dias-24-y-25-de-abril-y-las-inscripciones-ya-estan-abiertas\/","og_locale":"es_ES","og_type":"article","og_title":"La 3\u00aa edici\u00f3n del Talent Day tendr\u00e1 lugar los d\u00edas 24 y 25 de abril y las inscripciones ya est\u00e1n abiertas | EUSES - Campus de Bellvitge (Barcelona)","og_description":"El Talent Day 2023 ya ha iniciado la cuenta atr\u00e1s. La Feria Virtual de la Ocupaci\u00f3n y Orientaci\u00f3n Profesional de la Escola Universit\u00e0ria de la Salut i l\u2019Esport se celebrar\u00e1 los pr\u00f3ximos d\u00edas 24 y 25 de abril y llega, cada vez m\u00e1s consolidada, a su tercera edici\u00f3n. El Talent Day, una iniciativa del equipo [&hellip;]","og_url":"https:\/\/barcelona.euses.cat\/es\/la-3a-edicion-del-talent-day-tendra-lugar-los-dias-24-y-25-de-abril-y-las-inscripciones-ya-estan-abiertas\/","og_site_name":"EUSES - Campus de Bellvitge (Barcelona)","article_publisher":"https:\/\/www.facebook.com\/PhysioBCN\/","article_published_time":"2023-03-28T22:19:45+00:00","og_image":[{"width":2048,"height":1094,"url":"https:\/\/barcelona.euses.cat\/wp-content\/uploads\/2023\/03\/talent-day.jpg","type":"image\/jpeg"}],"author":"Jordi Danes","twitter_card":"summary_large_image","twitter_misc":{"Escrito por":"Jordi Danes","Tiempo de lectura":"3 minutos"},"schema":{"@context":"https:\/\/schema.org","@graph":[{"@type":"Article","@id":"https:\/\/barcelona.euses.cat\/es\/la-3a-edicion-del-talent-day-tendra-lugar-los-dias-24-y-25-de-abril-y-las-inscripciones-ya-estan-abiertas\/#article","isPartOf":{"@id":"https:\/\/barcelona.euses.cat\/es\/la-3a-edicion-del-talent-day-tendra-lugar-los-dias-24-y-25-de-abril-y-las-inscripciones-ya-estan-abiertas\/"},"author":{"name":"Jordi Danes","@id":"https:\/\/barcelona.euses.cat\/ca\/#\/schema\/person\/8ab46080dfc4814fa59383db317735bd"},"headline":"La 3\u00aa edici\u00f3n del Talent Day tendr\u00e1 lugar los d\u00edas 24 y 25 de abril y las inscripciones ya est\u00e1n abiertas","datePublished":"2023-03-28T22:19:45+00:00","mainEntityOfPage":{"@id":"https:\/\/barcelona.euses.cat\/es\/la-3a-edicion-del-talent-day-tendra-lugar-los-dias-24-y-25-de-abril-y-las-inscripciones-ya-estan-abiertas\/"},"wordCount":556,"commentCount":0,"image":{"@id":"https:\/\/barcelona.euses.cat\/es\/la-3a-edicion-del-talent-day-tendra-lugar-los-dias-24-y-25-de-abril-y-las-inscripciones-ya-estan-abiertas\/#primaryimage"},"thumbnailUrl":"https:\/\/barcelona.euses.cat\/wp-content\/uploads\/2023\/03\/talent-day.jpg","articleSection":["Sin categorizar"],"inLanguage":"es"},{"@type":"WebPage","@id":"https:\/\/barcelona.euses.cat\/es\/la-3a-edicion-del-talent-day-tendra-lugar-los-dias-24-y-25-de-abril-y-las-inscripciones-ya-estan-abiertas\/","url":"https:\/\/barcelona.euses.cat\/es\/la-3a-edicion-del-talent-day-tendra-lugar-los-dias-24-y-25-de-abril-y-las-inscripciones-ya-estan-abiertas\/","name":"La 3\u00aa edici\u00f3n del Talent Day tendr\u00e1 lugar los d\u00edas 24 y 25 de abril y las inscripciones ya est\u00e1n abiertas | EUSES - Campus de Bellvitge (Barcelona)","isPartOf":{"@id":"https:\/\/barcelona.euses.cat\/ca\/#website"},"primaryImageOfPage":{"@id":"https:\/\/barcelona.euses.cat\/es\/la-3a-edicion-del-talent-day-tendra-lugar-los-dias-24-y-25-de-abril-y-las-inscripciones-ya-estan-abiertas\/#primaryimage"},"image":{"@id":"https:\/\/barcelona.euses.cat\/es\/la-3a-edicion-del-talent-day-tendra-lugar-los-dias-24-y-25-de-abril-y-las-inscripciones-ya-estan-abiertas\/#primaryimage"},"thumbnailUrl":"https:\/\/barcelona.euses.cat\/wp-content\/uploads\/2023\/03\/talent-day.jpg","datePublished":"2023-03-28T22:19:45+00:00","author":{"@id":"https:\/\/barcelona.euses.cat\/ca\/#\/schema\/person\/8ab46080dfc4814fa59383db317735bd"},"breadcrumb":{"@id":"https:\/\/barcelona.euses.cat\/es\/la-3a-edicion-del-talent-day-tendra-lugar-los-dias-24-y-25-de-abril-y-las-inscripciones-ya-estan-abiertas\/#breadcrumb"},"inLanguage":"es","potentialAction":[{"@type":"ReadAction","target":["https:\/\/barcelona.euses.cat\/es\/la-3a-edicion-del-talent-day-tendra-lugar-los-dias-24-y-25-de-abril-y-las-inscripciones-ya-estan-abiertas\/"]}]},{"@type":"ImageObject","inLanguage":"es","@id":"https:\/\/barcelona.euses.cat\/es\/la-3a-edicion-del-talent-day-tendra-lugar-los-dias-24-y-25-de-abril-y-las-inscripciones-ya-estan-abiertas\/#primaryimage","url":"https:\/\/barcelona.euses.cat\/wp-content\/uploads\/2023\/03\/talent-day.jpg","contentUrl":"https:\/\/barcelona.euses.cat\/wp-content\/uploads\/2023\/03\/talent-day.jpg","width":2048,"height":1094},{"@type":"BreadcrumbList","@id":"https:\/\/barcelona.euses.cat\/es\/la-3a-edicion-del-talent-day-tendra-lugar-los-dias-24-y-25-de-abril-y-las-inscripciones-ya-estan-abiertas\/#breadcrumb","itemListElement":[{"@type":"ListItem","position":1,"name":"Portada","item":"https:\/\/barcelona.euses.cat\/es\/"},{"@type":"ListItem","position":2,"name":"La 3\u00aa edici\u00f3n del Talent Day tendr\u00e1 lugar los d\u00edas 24 y 25 de abril y las inscripciones ya est\u00e1n abiertas"}]},{"@type":"WebSite","@id":"https:\/\/barcelona.euses.cat\/ca\/#website","url":"https:\/\/barcelona.euses.cat\/ca\/","name":"EUSES - Campus de Bellvitge (Barcelona)","description":"EUSES, Escuela Universitaria de Fisioterapia Internacional en Barcelona","potentialAction":[{"@type":"SearchAction","target":{"@type":"EntryPoint","urlTemplate":"https:\/\/barcelona.euses.cat\/ca\/?s={search_term_string}"},"query-input":{"@type":"PropertyValueSpecification","valueRequired":true,"valueName":"search_term_string"}}],"inLanguage":"es"},{"@type":"Person","@id":"https:\/\/barcelona.euses.cat\/ca\/#\/schema\/person\/8ab46080dfc4814fa59383db317735bd","name":"Jordi Danes","image":{"@type":"ImageObject","inLanguage":"es","@id":"https:\/\/secure.gravatar.com\/avatar\/a9e4f443b594af225625ee8cfa665e41b1e0740ea34fbe0515b4ca559f8570ef?s=96&d=mm&r=g","url":"https:\/\/secure.gravatar.com\/avatar\/a9e4f443b594af225625ee8cfa665e41b1e0740ea34fbe0515b4ca559f8570ef?s=96&d=mm&r=g","contentUrl":"https:\/\/secure.gravatar.com\/avatar\/a9e4f443b594af225625ee8cfa665e41b1e0740ea34fbe0515b4ca559f8570ef?s=96&d=mm&r=g","caption":"Jordi Danes"},"url":"https:\/\/barcelona.euses.cat\/es\/author\/jordi-danes\/"}]}},"_links":{"self":[{"href":"https:\/\/barcelona.euses.cat\/es\/wp-json\/wp\/v2\/posts\/11125","targetHints":{"allow":["GET"]}}],"collection":[{"href":"https:\/\/barcelona.euses.cat\/es\/wp-json\/wp\/v2\/posts"}],"about":[{"href":"https:\/\/barcelona.euses.cat\/es\/wp-json\/wp\/v2\/types\/post"}],"author":[{"embeddable":true,"href":"https:\/\/barcelona.euses.cat\/es\/wp-json\/wp\/v2\/users\/3"}],"replies":[{"embeddable":true,"href":"https:\/\/barcelona.euses.cat\/es\/wp-json\/wp\/v2\/comments?post=11125"}],"version-history":[{"count":1,"href":"https:\/\/barcelona.euses.cat\/es\/wp-json\/wp\/v2\/posts\/11125\/revisions"}],"predecessor-version":[{"id":11126,"href":"https:\/\/barcelona.euses.cat\/es\/wp-json\/wp\/v2\/posts\/11125\/revisions\/11126"}],"wp:featuredmedia":[{"embeddable":true,"href":"https:\/\/barcelona.euses.cat\/es\/wp-json\/wp\/v2\/media\/11120"}],"wp:attachment":[{"href":"https:\/\/barcelona.euses.cat\/es\/wp-json\/wp\/v2\/media?parent=11125"}],"wp:term":[{"taxonomy":"category","embeddable":true,"href":"https:\/\/barcelona.euses.cat\/es\/wp-json\/wp\/v2\/categories?post=11125"},{"taxonomy":"post_tag","embeddable":true,"href":"https:\/\/barcelona.euses.cat\/es\/wp-json\/wp\/v2\/tags?post=11125"}],"curies":[{"name":"wp","href":"https:\/\/api.w.org\/{rel}","templated":true}]}}