{"id":11046,"date":"2023-03-20T17:32:47","date_gmt":"2023-03-20T16:32:47","guid":{"rendered":"https:\/\/barcelona.euses.cat\/?p=11046"},"modified":"2023-03-20T17:34:39","modified_gmt":"2023-03-20T16:34:39","slug":"estudiantes-del-grado-recuperan-a-los-participantes-del-zurich-maraton-de-barcelona","status":"publish","type":"post","link":"https:\/\/barcelona.euses.cat\/es\/estudiantes-del-grado-recuperan-a-los-participantes-del-zurich-maraton-de-barcelona\/","title":{"rendered":"Estudiantes del Grado recuperan a los participantes del Zurich Marat\u00f3n de Barcelona"},"content":{"rendered":"<p style=\"font-weight: 400;\">Este domingo se ha celebrado la 44\u00aa edici\u00f3n del Marat\u00f3n de Barcelona, un acontecimiento de gran magnitud que ha superado los 15.000 inscritos que han realizado un recorrido de 42,195 kil\u00f3metros por las calles de la ciudad. La Escola Universit\u00e0ria de la Salut i l\u2019Esport ha colaborado con un numeroso contingente de estudiantes del Grado en Fisioterapia del Campus de Bellvitge, bajo la tutorizaci\u00f3n del fisioterapeuta de EUSES Alumni Alejandro Revilla. Los alumnos de Physiotherapy Barcelona que al final de la prueba y en una amplia zona habilitada con servicios de fisioterapia han contribuido a descargar piernas y a acelerar la recuperaci\u00f3n muscular de los deportistas a base de masajes y estiramientos han sido:\u00a0Thelma Malavelle, Millian Chevrier, Elna Andr\u00e9, Lama El Kilani Alawi, Anna Campderr\u00f3s, Beno\u00eet Jouannic, Alice Darlow, Maeva Flavie Agniel, Paula Mu\u00f1oz, Maxime Stanislas Marry, Thomas David Laurent, Amandine Veine, Abdel-Hamid Chahine, Vicenta Mar\u00edn, Theo Languet, Elora Chateau, Benjamin Soler, Marie Anne Durot, Thomas Fabrice Brett\u00e9, Manuel Louis Barrantes, Chlo\u00e9 Bastergue, L\u00e9o Robert, Ga\u00eblle Ferbal, Judith P\u00e9rez i Lucas Synowski.<\/p>\n\n\t\t<style type=\"text\/css\">\n\t\t\t#gallery-1 {\n\t\t\t\tmargin: auto;\n\t\t\t}\n\t\t\t#gallery-1 .gallery-item {\n\t\t\t\tfloat: left;\n\t\t\t\tmargin-top: 10px;\n\t\t\t\ttext-align: center;\n\t\t\t\twidth: 33%;\n\t\t\t}\n\t\t\t#gallery-1 img {\n\t\t\t\tborder: 2px solid #cfcfcf;\n\t\t\t}\n\t\t\t#gallery-1 .gallery-caption {\n\t\t\t\tmargin-left: 0;\n\t\t\t}\n\t\t\t\/* see gallery_shortcode() in wp-includes\/media.php *\/\n\t\t<\/style>\n\t\t<div id='gallery-1' class='gallery galleryid-11046 gallery-columns-3 gallery-size-medium'><dl class='gallery-item'>\n\t\t\t<dt class='gallery-icon portrait'>\n\t\t\t\t<a href='https:\/\/barcelona.euses.cat\/es\/estudiantes-del-grado-recuperan-a-los-participantes-del-zurich-maraton-de-barcelona\/maratobcn-14-2\/'><img fetchpriority=\"high\" decoding=\"async\" width=\"225\" height=\"300\" src=\"https:\/\/barcelona.euses.cat\/wp-content\/uploads\/2023\/03\/maratobcn-14-225x300.jpg\" class=\"attachment-medium size-medium\" alt=\"\" srcset=\"https:\/\/barcelona.euses.cat\/wp-content\/uploads\/2023\/03\/maratobcn-14-225x300.jpg 225w, https:\/\/barcelona.euses.cat\/wp-content\/uploads\/2023\/03\/maratobcn-14-768x1024.jpg 768w, https:\/\/barcelona.euses.cat\/wp-content\/uploads\/2023\/03\/maratobcn-14-1152x1536.jpg 1152w, https:\/\/barcelona.euses.cat\/wp-content\/uploads\/2023\/03\/maratobcn-14-1536x2048.jpg 1536w, https:\/\/barcelona.euses.cat\/wp-content\/uploads\/2023\/03\/maratobcn-14-150x200.jpg 150w, https:\/\/barcelona.euses.cat\/wp-content\/uploads\/2023\/03\/maratobcn-14-290x385.jpg 290w, https:\/\/barcelona.euses.cat\/wp-content\/uploads\/2023\/03\/maratobcn-14-400x531.jpg 400w, https:\/\/barcelona.euses.cat\/wp-content\/uploads\/2023\/03\/maratobcn-14-scaled.jpg 1920w\" sizes=\"(max-width: 225px) 100vw, 225px\" \/><\/a>\n\t\t\t<\/dt><\/dl><dl class='gallery-item'>\n\t\t\t<dt class='gallery-icon portrait'>\n\t\t\t\t<a href='https:\/\/barcelona.euses.cat\/es\/estudiantes-del-grado-recuperan-a-los-participantes-del-zurich-maraton-de-barcelona\/maratobcn-13-2\/'><img decoding=\"async\" width=\"225\" height=\"300\" src=\"https:\/\/barcelona.euses.cat\/wp-content\/uploads\/2023\/03\/maratobcn-13-225x300.jpg\" class=\"attachment-medium size-medium\" alt=\"\" srcset=\"https:\/\/barcelona.euses.cat\/wp-content\/uploads\/2023\/03\/maratobcn-13-225x300.jpg 225w, https:\/\/barcelona.euses.cat\/wp-content\/uploads\/2023\/03\/maratobcn-13-768x1024.jpg 768w, https:\/\/barcelona.euses.cat\/wp-content\/uploads\/2023\/03\/maratobcn-13-1152x1536.jpg 1152w, https:\/\/barcelona.euses.cat\/wp-content\/uploads\/2023\/03\/maratobcn-13-1536x2048.jpg 1536w, https:\/\/barcelona.euses.cat\/wp-content\/uploads\/2023\/03\/maratobcn-13-150x200.jpg 150w, https:\/\/barcelona.euses.cat\/wp-content\/uploads\/2023\/03\/maratobcn-13-290x385.jpg 290w, https:\/\/barcelona.euses.cat\/wp-content\/uploads\/2023\/03\/maratobcn-13-400x531.jpg 400w, https:\/\/barcelona.euses.cat\/wp-content\/uploads\/2023\/03\/maratobcn-13-scaled.jpg 1920w\" sizes=\"(max-width: 225px) 100vw, 225px\" \/><\/a>\n\t\t\t<\/dt><\/dl><dl class='gallery-item'>\n\t\t\t<dt class='gallery-icon portrait'>\n\t\t\t\t<a href='https:\/\/barcelona.euses.cat\/es\/estudiantes-del-grado-recuperan-a-los-participantes-del-zurich-maraton-de-barcelona\/maratobcn-12-2\/'><img decoding=\"async\" width=\"225\" height=\"300\" src=\"https:\/\/barcelona.euses.cat\/wp-content\/uploads\/2023\/03\/maratobcn-12-225x300.jpg\" class=\"attachment-medium size-medium\" alt=\"\" srcset=\"https:\/\/barcelona.euses.cat\/wp-content\/uploads\/2023\/03\/maratobcn-12-225x300.jpg 225w, https:\/\/barcelona.euses.cat\/wp-content\/uploads\/2023\/03\/maratobcn-12-768x1024.jpg 768w, https:\/\/barcelona.euses.cat\/wp-content\/uploads\/2023\/03\/maratobcn-12-1152x1536.jpg 1152w, https:\/\/barcelona.euses.cat\/wp-content\/uploads\/2023\/03\/maratobcn-12-1536x2048.jpg 1536w, https:\/\/barcelona.euses.cat\/wp-content\/uploads\/2023\/03\/maratobcn-12-150x200.jpg 150w, https:\/\/barcelona.euses.cat\/wp-content\/uploads\/2023\/03\/maratobcn-12-290x385.jpg 290w, https:\/\/barcelona.euses.cat\/wp-content\/uploads\/2023\/03\/maratobcn-12-400x531.jpg 400w, https:\/\/barcelona.euses.cat\/wp-content\/uploads\/2023\/03\/maratobcn-12-scaled.jpg 1920w\" sizes=\"(max-width: 225px) 100vw, 225px\" \/><\/a>\n\t\t\t<\/dt><\/dl><br style=\"clear: both\" \/><dl class='gallery-item'>\n\t\t\t<dt class='gallery-icon portrait'>\n\t\t\t\t<a href='https:\/\/barcelona.euses.cat\/es\/estudiantes-del-grado-recuperan-a-los-participantes-del-zurich-maraton-de-barcelona\/maratobcn-11-2\/'><img loading=\"lazy\" decoding=\"async\" width=\"225\" height=\"300\" src=\"https:\/\/barcelona.euses.cat\/wp-content\/uploads\/2023\/03\/maratobcn-11-225x300.jpg\" class=\"attachment-medium size-medium\" alt=\"\" srcset=\"https:\/\/barcelona.euses.cat\/wp-content\/uploads\/2023\/03\/maratobcn-11-225x300.jpg 225w, https:\/\/barcelona.euses.cat\/wp-content\/uploads\/2023\/03\/maratobcn-11-768x1024.jpg 768w, https:\/\/barcelona.euses.cat\/wp-content\/uploads\/2023\/03\/maratobcn-11-1152x1536.jpg 1152w, https:\/\/barcelona.euses.cat\/wp-content\/uploads\/2023\/03\/maratobcn-11-1536x2048.jpg 1536w, https:\/\/barcelona.euses.cat\/wp-content\/uploads\/2023\/03\/maratobcn-11-150x200.jpg 150w, https:\/\/barcelona.euses.cat\/wp-content\/uploads\/2023\/03\/maratobcn-11-290x385.jpg 290w, https:\/\/barcelona.euses.cat\/wp-content\/uploads\/2023\/03\/maratobcn-11-400x531.jpg 400w, https:\/\/barcelona.euses.cat\/wp-content\/uploads\/2023\/03\/maratobcn-11-scaled.jpg 1920w\" sizes=\"(max-width: 225px) 100vw, 225px\" \/><\/a>\n\t\t\t<\/dt><\/dl><dl class='gallery-item'>\n\t\t\t<dt class='gallery-icon portrait'>\n\t\t\t\t<a href='https:\/\/barcelona.euses.cat\/es\/estudiantes-del-grado-recuperan-a-los-participantes-del-zurich-maraton-de-barcelona\/maratobcn-10-2\/'><img loading=\"lazy\" decoding=\"async\" width=\"225\" height=\"300\" src=\"https:\/\/barcelona.euses.cat\/wp-content\/uploads\/2023\/03\/maratobcn-10-225x300.jpg\" class=\"attachment-medium size-medium\" alt=\"\" srcset=\"https:\/\/barcelona.euses.cat\/wp-content\/uploads\/2023\/03\/maratobcn-10-225x300.jpg 225w, https:\/\/barcelona.euses.cat\/wp-content\/uploads\/2023\/03\/maratobcn-10-768x1024.jpg 768w, https:\/\/barcelona.euses.cat\/wp-content\/uploads\/2023\/03\/maratobcn-10-1152x1536.jpg 1152w, https:\/\/barcelona.euses.cat\/wp-content\/uploads\/2023\/03\/maratobcn-10-1536x2048.jpg 1536w, https:\/\/barcelona.euses.cat\/wp-content\/uploads\/2023\/03\/maratobcn-10-150x200.jpg 150w, https:\/\/barcelona.euses.cat\/wp-content\/uploads\/2023\/03\/maratobcn-10-290x385.jpg 290w, https:\/\/barcelona.euses.cat\/wp-content\/uploads\/2023\/03\/maratobcn-10-400x531.jpg 400w, https:\/\/barcelona.euses.cat\/wp-content\/uploads\/2023\/03\/maratobcn-10-scaled.jpg 1920w\" sizes=\"(max-width: 225px) 100vw, 225px\" \/><\/a>\n\t\t\t<\/dt><\/dl><dl class='gallery-item'>\n\t\t\t<dt class='gallery-icon portrait'>\n\t\t\t\t<a href='https:\/\/barcelona.euses.cat\/es\/estudiantes-del-grado-recuperan-a-los-participantes-del-zurich-maraton-de-barcelona\/maratobcn-9-2\/'><img loading=\"lazy\" decoding=\"async\" width=\"225\" height=\"300\" src=\"https:\/\/barcelona.euses.cat\/wp-content\/uploads\/2023\/03\/maratobcn-9-225x300.jpg\" class=\"attachment-medium size-medium\" alt=\"\" srcset=\"https:\/\/barcelona.euses.cat\/wp-content\/uploads\/2023\/03\/maratobcn-9-225x300.jpg 225w, https:\/\/barcelona.euses.cat\/wp-content\/uploads\/2023\/03\/maratobcn-9-768x1024.jpg 768w, https:\/\/barcelona.euses.cat\/wp-content\/uploads\/2023\/03\/maratobcn-9-1152x1536.jpg 1152w, https:\/\/barcelona.euses.cat\/wp-content\/uploads\/2023\/03\/maratobcn-9-1536x2048.jpg 1536w, https:\/\/barcelona.euses.cat\/wp-content\/uploads\/2023\/03\/maratobcn-9-150x200.jpg 150w, https:\/\/barcelona.euses.cat\/wp-content\/uploads\/2023\/03\/maratobcn-9-290x385.jpg 290w, https:\/\/barcelona.euses.cat\/wp-content\/uploads\/2023\/03\/maratobcn-9-400x531.jpg 400w, https:\/\/barcelona.euses.cat\/wp-content\/uploads\/2023\/03\/maratobcn-9-scaled.jpg 1920w\" sizes=\"(max-width: 225px) 100vw, 225px\" \/><\/a>\n\t\t\t<\/dt><\/dl><br style=\"clear: both\" \/><dl class='gallery-item'>\n\t\t\t<dt class='gallery-icon portrait'>\n\t\t\t\t<a href='https:\/\/barcelona.euses.cat\/es\/estudiantes-del-grado-recuperan-a-los-participantes-del-zurich-maraton-de-barcelona\/maratobcn-8-2\/'><img loading=\"lazy\" decoding=\"async\" width=\"225\" height=\"300\" src=\"https:\/\/barcelona.euses.cat\/wp-content\/uploads\/2023\/03\/maratobcn-8-225x300.jpg\" class=\"attachment-medium size-medium\" alt=\"\" srcset=\"https:\/\/barcelona.euses.cat\/wp-content\/uploads\/2023\/03\/maratobcn-8-225x300.jpg 225w, https:\/\/barcelona.euses.cat\/wp-content\/uploads\/2023\/03\/maratobcn-8-768x1024.jpg 768w, https:\/\/barcelona.euses.cat\/wp-content\/uploads\/2023\/03\/maratobcn-8-1152x1536.jpg 1152w, https:\/\/barcelona.euses.cat\/wp-content\/uploads\/2023\/03\/maratobcn-8-1536x2048.jpg 1536w, https:\/\/barcelona.euses.cat\/wp-content\/uploads\/2023\/03\/maratobcn-8-150x200.jpg 150w, https:\/\/barcelona.euses.cat\/wp-content\/uploads\/2023\/03\/maratobcn-8-290x385.jpg 290w, https:\/\/barcelona.euses.cat\/wp-content\/uploads\/2023\/03\/maratobcn-8-400x531.jpg 400w, https:\/\/barcelona.euses.cat\/wp-content\/uploads\/2023\/03\/maratobcn-8-scaled.jpg 1920w\" sizes=\"(max-width: 225px) 100vw, 225px\" \/><\/a>\n\t\t\t<\/dt><\/dl><dl class='gallery-item'>\n\t\t\t<dt class='gallery-icon portrait'>\n\t\t\t\t<a href='https:\/\/barcelona.euses.cat\/es\/estudiantes-del-grado-recuperan-a-los-participantes-del-zurich-maraton-de-barcelona\/maratobcn-6-2\/'><img loading=\"lazy\" decoding=\"async\" width=\"225\" height=\"300\" src=\"https:\/\/barcelona.euses.cat\/wp-content\/uploads\/2023\/03\/maratobcn-6-225x300.jpg\" class=\"attachment-medium size-medium\" alt=\"\" srcset=\"https:\/\/barcelona.euses.cat\/wp-content\/uploads\/2023\/03\/maratobcn-6-225x300.jpg 225w, https:\/\/barcelona.euses.cat\/wp-content\/uploads\/2023\/03\/maratobcn-6-768x1024.jpg 768w, https:\/\/barcelona.euses.cat\/wp-content\/uploads\/2023\/03\/maratobcn-6-1152x1536.jpg 1152w, https:\/\/barcelona.euses.cat\/wp-content\/uploads\/2023\/03\/maratobcn-6-1536x2048.jpg 1536w, https:\/\/barcelona.euses.cat\/wp-content\/uploads\/2023\/03\/maratobcn-6-150x200.jpg 150w, https:\/\/barcelona.euses.cat\/wp-content\/uploads\/2023\/03\/maratobcn-6-290x385.jpg 290w, https:\/\/barcelona.euses.cat\/wp-content\/uploads\/2023\/03\/maratobcn-6-400x531.jpg 400w, https:\/\/barcelona.euses.cat\/wp-content\/uploads\/2023\/03\/maratobcn-6-scaled.jpg 1920w\" sizes=\"(max-width: 225px) 100vw, 225px\" \/><\/a>\n\t\t\t<\/dt><\/dl><dl class='gallery-item'>\n\t\t\t<dt class='gallery-icon portrait'>\n\t\t\t\t<a href='https:\/\/barcelona.euses.cat\/es\/estudiantes-del-grado-recuperan-a-los-participantes-del-zurich-maraton-de-barcelona\/maratobcn-5-2\/'><img loading=\"lazy\" decoding=\"async\" width=\"225\" height=\"300\" src=\"https:\/\/barcelona.euses.cat\/wp-content\/uploads\/2023\/03\/maratobcn-5-225x300.jpg\" class=\"attachment-medium size-medium\" alt=\"\" srcset=\"https:\/\/barcelona.euses.cat\/wp-content\/uploads\/2023\/03\/maratobcn-5-225x300.jpg 225w, https:\/\/barcelona.euses.cat\/wp-content\/uploads\/2023\/03\/maratobcn-5-768x1024.jpg 768w, https:\/\/barcelona.euses.cat\/wp-content\/uploads\/2023\/03\/maratobcn-5-1152x1536.jpg 1152w, https:\/\/barcelona.euses.cat\/wp-content\/uploads\/2023\/03\/maratobcn-5-1536x2048.jpg 1536w, https:\/\/barcelona.euses.cat\/wp-content\/uploads\/2023\/03\/maratobcn-5-150x200.jpg 150w, https:\/\/barcelona.euses.cat\/wp-content\/uploads\/2023\/03\/maratobcn-5-290x385.jpg 290w, https:\/\/barcelona.euses.cat\/wp-content\/uploads\/2023\/03\/maratobcn-5-400x531.jpg 400w, https:\/\/barcelona.euses.cat\/wp-content\/uploads\/2023\/03\/maratobcn-5-scaled.jpg 1920w\" sizes=\"(max-width: 225px) 100vw, 225px\" \/><\/a>\n\t\t\t<\/dt><\/dl><br style=\"clear: both\" \/><dl class='gallery-item'>\n\t\t\t<dt class='gallery-icon portrait'>\n\t\t\t\t<a href='https:\/\/barcelona.euses.cat\/es\/estudiantes-del-grado-recuperan-a-los-participantes-del-zurich-maraton-de-barcelona\/maratobcn-4-2\/'><img loading=\"lazy\" decoding=\"async\" width=\"225\" height=\"300\" src=\"https:\/\/barcelona.euses.cat\/wp-content\/uploads\/2023\/03\/maratobcn-4-225x300.jpg\" class=\"attachment-medium size-medium\" alt=\"\" srcset=\"https:\/\/barcelona.euses.cat\/wp-content\/uploads\/2023\/03\/maratobcn-4-225x300.jpg 225w, https:\/\/barcelona.euses.cat\/wp-content\/uploads\/2023\/03\/maratobcn-4-768x1024.jpg 768w, https:\/\/barcelona.euses.cat\/wp-content\/uploads\/2023\/03\/maratobcn-4-1152x1536.jpg 1152w, https:\/\/barcelona.euses.cat\/wp-content\/uploads\/2023\/03\/maratobcn-4-1536x2048.jpg 1536w, https:\/\/barcelona.euses.cat\/wp-content\/uploads\/2023\/03\/maratobcn-4-150x200.jpg 150w, https:\/\/barcelona.euses.cat\/wp-content\/uploads\/2023\/03\/maratobcn-4-290x385.jpg 290w, https:\/\/barcelona.euses.cat\/wp-content\/uploads\/2023\/03\/maratobcn-4-400x531.jpg 400w, https:\/\/barcelona.euses.cat\/wp-content\/uploads\/2023\/03\/maratobcn-4-scaled.jpg 1920w\" sizes=\"(max-width: 225px) 100vw, 225px\" \/><\/a>\n\t\t\t<\/dt><\/dl><dl class='gallery-item'>\n\t\t\t<dt class='gallery-icon portrait'>\n\t\t\t\t<a href='https:\/\/barcelona.euses.cat\/es\/estudiantes-del-grado-recuperan-a-los-participantes-del-zurich-maraton-de-barcelona\/maratobcn-3-2\/'><img loading=\"lazy\" decoding=\"async\" width=\"225\" height=\"300\" src=\"https:\/\/barcelona.euses.cat\/wp-content\/uploads\/2023\/03\/maratobcn-3-225x300.jpg\" class=\"attachment-medium size-medium\" alt=\"\" srcset=\"https:\/\/barcelona.euses.cat\/wp-content\/uploads\/2023\/03\/maratobcn-3-225x300.jpg 225w, https:\/\/barcelona.euses.cat\/wp-content\/uploads\/2023\/03\/maratobcn-3-768x1024.jpg 768w, https:\/\/barcelona.euses.cat\/wp-content\/uploads\/2023\/03\/maratobcn-3-1152x1536.jpg 1152w, https:\/\/barcelona.euses.cat\/wp-content\/uploads\/2023\/03\/maratobcn-3-1536x2048.jpg 1536w, https:\/\/barcelona.euses.cat\/wp-content\/uploads\/2023\/03\/maratobcn-3-150x200.jpg 150w, https:\/\/barcelona.euses.cat\/wp-content\/uploads\/2023\/03\/maratobcn-3-290x385.jpg 290w, https:\/\/barcelona.euses.cat\/wp-content\/uploads\/2023\/03\/maratobcn-3-400x531.jpg 400w, https:\/\/barcelona.euses.cat\/wp-content\/uploads\/2023\/03\/maratobcn-3-scaled.jpg 1920w\" sizes=\"(max-width: 225px) 100vw, 225px\" \/><\/a>\n\t\t\t<\/dt><\/dl><dl class='gallery-item'>\n\t\t\t<dt class='gallery-icon portrait'>\n\t\t\t\t<a href='https:\/\/barcelona.euses.cat\/es\/estudiantes-del-grado-recuperan-a-los-participantes-del-zurich-maraton-de-barcelona\/maratobcn-2-2\/'><img loading=\"lazy\" decoding=\"async\" width=\"225\" height=\"300\" src=\"https:\/\/barcelona.euses.cat\/wp-content\/uploads\/2023\/03\/maratobcn-2-225x300.jpg\" class=\"attachment-medium size-medium\" alt=\"\" srcset=\"https:\/\/barcelona.euses.cat\/wp-content\/uploads\/2023\/03\/maratobcn-2-225x300.jpg 225w, https:\/\/barcelona.euses.cat\/wp-content\/uploads\/2023\/03\/maratobcn-2-768x1024.jpg 768w, https:\/\/barcelona.euses.cat\/wp-content\/uploads\/2023\/03\/maratobcn-2-1152x1536.jpg 1152w, https:\/\/barcelona.euses.cat\/wp-content\/uploads\/2023\/03\/maratobcn-2-1536x2048.jpg 1536w, https:\/\/barcelona.euses.cat\/wp-content\/uploads\/2023\/03\/maratobcn-2-150x200.jpg 150w, https:\/\/barcelona.euses.cat\/wp-content\/uploads\/2023\/03\/maratobcn-2-290x385.jpg 290w, https:\/\/barcelona.euses.cat\/wp-content\/uploads\/2023\/03\/maratobcn-2-400x531.jpg 400w, https:\/\/barcelona.euses.cat\/wp-content\/uploads\/2023\/03\/maratobcn-2-scaled.jpg 1920w\" sizes=\"(max-width: 225px) 100vw, 225px\" \/><\/a>\n\t\t\t<\/dt><\/dl><br style=\"clear: both\" \/><dl class='gallery-item'>\n\t\t\t<dt class='gallery-icon portrait'>\n\t\t\t\t<a href='https:\/\/barcelona.euses.cat\/es\/estudiantes-del-grado-recuperan-a-los-participantes-del-zurich-maraton-de-barcelona\/maratobcn-1-2\/'><img loading=\"lazy\" decoding=\"async\" width=\"225\" height=\"300\" src=\"https:\/\/barcelona.euses.cat\/wp-content\/uploads\/2023\/03\/maratobcn-1-225x300.jpg\" class=\"attachment-medium size-medium\" alt=\"\" srcset=\"https:\/\/barcelona.euses.cat\/wp-content\/uploads\/2023\/03\/maratobcn-1-225x300.jpg 225w, https:\/\/barcelona.euses.cat\/wp-content\/uploads\/2023\/03\/maratobcn-1-768x1024.jpg 768w, https:\/\/barcelona.euses.cat\/wp-content\/uploads\/2023\/03\/maratobcn-1-1152x1536.jpg 1152w, https:\/\/barcelona.euses.cat\/wp-content\/uploads\/2023\/03\/maratobcn-1-1536x2048.jpg 1536w, https:\/\/barcelona.euses.cat\/wp-content\/uploads\/2023\/03\/maratobcn-1-150x200.jpg 150w, https:\/\/barcelona.euses.cat\/wp-content\/uploads\/2023\/03\/maratobcn-1-290x385.jpg 290w, https:\/\/barcelona.euses.cat\/wp-content\/uploads\/2023\/03\/maratobcn-1-400x531.jpg 400w, https:\/\/barcelona.euses.cat\/wp-content\/uploads\/2023\/03\/maratobcn-1-scaled.jpg 1920w\" sizes=\"(max-width: 225px) 100vw, 225px\" \/><\/a>\n\t\t\t<\/dt><\/dl>\n\t\t\t<br style='clear: both' \/>\n\t\t<\/div>\n\n","protected":false},"excerpt":{"rendered":"<p>Este domingo se ha celebrado la 44\u00aa edici\u00f3n del Marat\u00f3n de Barcelona, un acontecimiento de gran magnitud que ha superado los 15.000 inscritos que han realizado un recorrido de 42,195 kil\u00f3metros por las calles de la ciudad. La Escola Universit\u00e0ria de la Salut i l\u2019Esport ha colaborado con un numeroso contingente de estudiantes del Grado [&hellip;]<\/p>\n","protected":false},"author":3,"featured_media":11057,"comment_status":"open","ping_status":"closed","sticky":false,"template":"","format":"standard","meta":{"_acf_changed":false,"inline_featured_image":false,"_joinchat":[],"footnotes":""},"categories":[1],"tags":[],"class_list":["post-11046","post","type-post","status-publish","format-standard","has-post-thumbnail","hentry","category-sin-categorizar"],"acf":[],"yoast_head":"<!-- This site is optimized with the Yoast SEO plugin v27.4 - https:\/\/yoast.com\/product\/yoast-seo-wordpress\/ -->\n<title>Estudiantes del Grado recuperan a los participantes del Zurich Marat\u00f3n de Barcelona | EUSES - Campus de Bellvitge (Barcelona)<\/title>\n<meta name=\"robots\" content=\"index, follow, max-snippet:-1, max-image-preview:large, max-video-preview:-1\" \/>\n<link rel=\"canonical\" href=\"https:\/\/barcelona.euses.cat\/es\/estudiantes-del-grado-recuperan-a-los-participantes-del-zurich-maraton-de-barcelona\/\" \/>\n<meta property=\"og:locale\" content=\"es_ES\" \/>\n<meta property=\"og:type\" content=\"article\" \/>\n<meta property=\"og:title\" content=\"Estudiantes del Grado recuperan a los participantes del Zurich Marat\u00f3n de Barcelona | EUSES - Campus de Bellvitge (Barcelona)\" \/>\n<meta property=\"og:description\" content=\"Este domingo se ha celebrado la 44\u00aa edici\u00f3n del Marat\u00f3n de Barcelona, un acontecimiento de gran magnitud que ha superado los 15.000 inscritos que han realizado un recorrido de 42,195 kil\u00f3metros por las calles de la ciudad. La Escola Universit\u00e0ria de la Salut i l\u2019Esport ha colaborado con un numeroso contingente de estudiantes del Grado [&hellip;]\" \/>\n<meta property=\"og:url\" content=\"https:\/\/barcelona.euses.cat\/es\/estudiantes-del-grado-recuperan-a-los-participantes-del-zurich-maraton-de-barcelona\/\" \/>\n<meta property=\"og:site_name\" content=\"EUSES - Campus de Bellvitge (Barcelona)\" \/>\n<meta property=\"article:publisher\" content=\"https:\/\/www.facebook.com\/PhysioBCN\/\" \/>\n<meta property=\"article:published_time\" content=\"2023-03-20T16:32:47+00:00\" \/>\n<meta property=\"article:modified_time\" content=\"2023-03-20T16:34:39+00:00\" \/>\n<meta property=\"og:image\" content=\"https:\/\/barcelona.euses.cat\/wp-content\/uploads\/2023\/03\/maratobcn-7-scaled.jpg\" \/>\n\t<meta property=\"og:image:width\" content=\"2560\" \/>\n\t<meta property=\"og:image:height\" content=\"1920\" \/>\n\t<meta property=\"og:image:type\" content=\"image\/jpeg\" \/>\n<meta name=\"author\" content=\"Jordi Danes\" \/>\n<meta name=\"twitter:card\" content=\"summary_large_image\" \/>\n<meta name=\"twitter:label1\" content=\"Escrito por\" \/>\n\t<meta name=\"twitter:data1\" content=\"Jordi Danes\" \/>\n\t<meta name=\"twitter:label2\" content=\"Tiempo de lectura\" \/>\n\t<meta name=\"twitter:data2\" content=\"1 minuto\" \/>\n<script type=\"application\/ld+json\" class=\"yoast-schema-graph\">{\"@context\":\"https:\\\/\\\/schema.org\",\"@graph\":[{\"@type\":\"Article\",\"@id\":\"https:\\\/\\\/barcelona.euses.cat\\\/es\\\/estudiantes-del-grado-recuperan-a-los-participantes-del-zurich-maraton-de-barcelona\\\/#article\",\"isPartOf\":{\"@id\":\"https:\\\/\\\/barcelona.euses.cat\\\/es\\\/estudiantes-del-grado-recuperan-a-los-participantes-del-zurich-maraton-de-barcelona\\\/\"},\"author\":{\"name\":\"Jordi Danes\",\"@id\":\"https:\\\/\\\/barcelona.euses.cat\\\/ca\\\/#\\\/schema\\\/person\\\/8ab46080dfc4814fa59383db317735bd\"},\"headline\":\"Estudiantes del Grado recuperan a los participantes del Zurich Marat\u00f3n de Barcelona\",\"datePublished\":\"2023-03-20T16:32:47+00:00\",\"dateModified\":\"2023-03-20T16:34:39+00:00\",\"mainEntityOfPage\":{\"@id\":\"https:\\\/\\\/barcelona.euses.cat\\\/es\\\/estudiantes-del-grado-recuperan-a-los-participantes-del-zurich-maraton-de-barcelona\\\/\"},\"wordCount\":201,\"commentCount\":0,\"image\":{\"@id\":\"https:\\\/\\\/barcelona.euses.cat\\\/es\\\/estudiantes-del-grado-recuperan-a-los-participantes-del-zurich-maraton-de-barcelona\\\/#primaryimage\"},\"thumbnailUrl\":\"https:\\\/\\\/barcelona.euses.cat\\\/wp-content\\\/uploads\\\/2023\\\/03\\\/maratobcn-7-scaled.jpg\",\"articleSection\":[\"Sin categorizar\"],\"inLanguage\":\"es\"},{\"@type\":\"WebPage\",\"@id\":\"https:\\\/\\\/barcelona.euses.cat\\\/es\\\/estudiantes-del-grado-recuperan-a-los-participantes-del-zurich-maraton-de-barcelona\\\/\",\"url\":\"https:\\\/\\\/barcelona.euses.cat\\\/es\\\/estudiantes-del-grado-recuperan-a-los-participantes-del-zurich-maraton-de-barcelona\\\/\",\"name\":\"Estudiantes del Grado recuperan a los participantes del Zurich Marat\u00f3n de Barcelona | EUSES - Campus de Bellvitge (Barcelona)\",\"isPartOf\":{\"@id\":\"https:\\\/\\\/barcelona.euses.cat\\\/ca\\\/#website\"},\"primaryImageOfPage\":{\"@id\":\"https:\\\/\\\/barcelona.euses.cat\\\/es\\\/estudiantes-del-grado-recuperan-a-los-participantes-del-zurich-maraton-de-barcelona\\\/#primaryimage\"},\"image\":{\"@id\":\"https:\\\/\\\/barcelona.euses.cat\\\/es\\\/estudiantes-del-grado-recuperan-a-los-participantes-del-zurich-maraton-de-barcelona\\\/#primaryimage\"},\"thumbnailUrl\":\"https:\\\/\\\/barcelona.euses.cat\\\/wp-content\\\/uploads\\\/2023\\\/03\\\/maratobcn-7-scaled.jpg\",\"datePublished\":\"2023-03-20T16:32:47+00:00\",\"dateModified\":\"2023-03-20T16:34:39+00:00\",\"author\":{\"@id\":\"https:\\\/\\\/barcelona.euses.cat\\\/ca\\\/#\\\/schema\\\/person\\\/8ab46080dfc4814fa59383db317735bd\"},\"breadcrumb\":{\"@id\":\"https:\\\/\\\/barcelona.euses.cat\\\/es\\\/estudiantes-del-grado-recuperan-a-los-participantes-del-zurich-maraton-de-barcelona\\\/#breadcrumb\"},\"inLanguage\":\"es\",\"potentialAction\":[{\"@type\":\"ReadAction\",\"target\":[\"https:\\\/\\\/barcelona.euses.cat\\\/es\\\/estudiantes-del-grado-recuperan-a-los-participantes-del-zurich-maraton-de-barcelona\\\/\"]}]},{\"@type\":\"ImageObject\",\"inLanguage\":\"es\",\"@id\":\"https:\\\/\\\/barcelona.euses.cat\\\/es\\\/estudiantes-del-grado-recuperan-a-los-participantes-del-zurich-maraton-de-barcelona\\\/#primaryimage\",\"url\":\"https:\\\/\\\/barcelona.euses.cat\\\/wp-content\\\/uploads\\\/2023\\\/03\\\/maratobcn-7-scaled.jpg\",\"contentUrl\":\"https:\\\/\\\/barcelona.euses.cat\\\/wp-content\\\/uploads\\\/2023\\\/03\\\/maratobcn-7-scaled.jpg\",\"width\":2560,\"height\":1920},{\"@type\":\"BreadcrumbList\",\"@id\":\"https:\\\/\\\/barcelona.euses.cat\\\/es\\\/estudiantes-del-grado-recuperan-a-los-participantes-del-zurich-maraton-de-barcelona\\\/#breadcrumb\",\"itemListElement\":[{\"@type\":\"ListItem\",\"position\":1,\"name\":\"Portada\",\"item\":\"https:\\\/\\\/barcelona.euses.cat\\\/es\\\/\"},{\"@type\":\"ListItem\",\"position\":2,\"name\":\"Estudiantes del Grado recuperan a los participantes del Zurich Marat\u00f3n de Barcelona\"}]},{\"@type\":\"WebSite\",\"@id\":\"https:\\\/\\\/barcelona.euses.cat\\\/ca\\\/#website\",\"url\":\"https:\\\/\\\/barcelona.euses.cat\\\/ca\\\/\",\"name\":\"EUSES - Campus de Bellvitge (Barcelona)\",\"description\":\"EUSES, Escuela Universitaria de Fisioterapia Internacional en Barcelona\",\"potentialAction\":[{\"@type\":\"SearchAction\",\"target\":{\"@type\":\"EntryPoint\",\"urlTemplate\":\"https:\\\/\\\/barcelona.euses.cat\\\/ca\\\/?s={search_term_string}\"},\"query-input\":{\"@type\":\"PropertyValueSpecification\",\"valueRequired\":true,\"valueName\":\"search_term_string\"}}],\"inLanguage\":\"es\"},{\"@type\":\"Person\",\"@id\":\"https:\\\/\\\/barcelona.euses.cat\\\/ca\\\/#\\\/schema\\\/person\\\/8ab46080dfc4814fa59383db317735bd\",\"name\":\"Jordi Danes\",\"image\":{\"@type\":\"ImageObject\",\"inLanguage\":\"es\",\"@id\":\"https:\\\/\\\/secure.gravatar.com\\\/avatar\\\/a9e4f443b594af225625ee8cfa665e41b1e0740ea34fbe0515b4ca559f8570ef?s=96&d=mm&r=g\",\"url\":\"https:\\\/\\\/secure.gravatar.com\\\/avatar\\\/a9e4f443b594af225625ee8cfa665e41b1e0740ea34fbe0515b4ca559f8570ef?s=96&d=mm&r=g\",\"contentUrl\":\"https:\\\/\\\/secure.gravatar.com\\\/avatar\\\/a9e4f443b594af225625ee8cfa665e41b1e0740ea34fbe0515b4ca559f8570ef?s=96&d=mm&r=g\",\"caption\":\"Jordi Danes\"},\"url\":\"https:\\\/\\\/barcelona.euses.cat\\\/es\\\/author\\\/jordi-danes\\\/\"}]}<\/script>\n<!-- \/ Yoast SEO plugin. -->","yoast_head_json":{"title":"Estudiantes del Grado recuperan a los participantes del Zurich Marat\u00f3n de Barcelona | EUSES - Campus de Bellvitge (Barcelona)","robots":{"index":"index","follow":"follow","max-snippet":"max-snippet:-1","max-image-preview":"max-image-preview:large","max-video-preview":"max-video-preview:-1"},"canonical":"https:\/\/barcelona.euses.cat\/es\/estudiantes-del-grado-recuperan-a-los-participantes-del-zurich-maraton-de-barcelona\/","og_locale":"es_ES","og_type":"article","og_title":"Estudiantes del Grado recuperan a los participantes del Zurich Marat\u00f3n de Barcelona | EUSES - Campus de Bellvitge (Barcelona)","og_description":"Este domingo se ha celebrado la 44\u00aa edici\u00f3n del Marat\u00f3n de Barcelona, un acontecimiento de gran magnitud que ha superado los 15.000 inscritos que han realizado un recorrido de 42,195 kil\u00f3metros por las calles de la ciudad. La Escola Universit\u00e0ria de la Salut i l\u2019Esport ha colaborado con un numeroso contingente de estudiantes del Grado [&hellip;]","og_url":"https:\/\/barcelona.euses.cat\/es\/estudiantes-del-grado-recuperan-a-los-participantes-del-zurich-maraton-de-barcelona\/","og_site_name":"EUSES - Campus de Bellvitge (Barcelona)","article_publisher":"https:\/\/www.facebook.com\/PhysioBCN\/","article_published_time":"2023-03-20T16:32:47+00:00","article_modified_time":"2023-03-20T16:34:39+00:00","og_image":[{"width":2560,"height":1920,"url":"https:\/\/barcelona.euses.cat\/wp-content\/uploads\/2023\/03\/maratobcn-7-scaled.jpg","type":"image\/jpeg"}],"author":"Jordi Danes","twitter_card":"summary_large_image","twitter_misc":{"Escrito por":"Jordi Danes","Tiempo de lectura":"1 minuto"},"schema":{"@context":"https:\/\/schema.org","@graph":[{"@type":"Article","@id":"https:\/\/barcelona.euses.cat\/es\/estudiantes-del-grado-recuperan-a-los-participantes-del-zurich-maraton-de-barcelona\/#article","isPartOf":{"@id":"https:\/\/barcelona.euses.cat\/es\/estudiantes-del-grado-recuperan-a-los-participantes-del-zurich-maraton-de-barcelona\/"},"author":{"name":"Jordi Danes","@id":"https:\/\/barcelona.euses.cat\/ca\/#\/schema\/person\/8ab46080dfc4814fa59383db317735bd"},"headline":"Estudiantes del Grado recuperan a los participantes del Zurich Marat\u00f3n de Barcelona","datePublished":"2023-03-20T16:32:47+00:00","dateModified":"2023-03-20T16:34:39+00:00","mainEntityOfPage":{"@id":"https:\/\/barcelona.euses.cat\/es\/estudiantes-del-grado-recuperan-a-los-participantes-del-zurich-maraton-de-barcelona\/"},"wordCount":201,"commentCount":0,"image":{"@id":"https:\/\/barcelona.euses.cat\/es\/estudiantes-del-grado-recuperan-a-los-participantes-del-zurich-maraton-de-barcelona\/#primaryimage"},"thumbnailUrl":"https:\/\/barcelona.euses.cat\/wp-content\/uploads\/2023\/03\/maratobcn-7-scaled.jpg","articleSection":["Sin categorizar"],"inLanguage":"es"},{"@type":"WebPage","@id":"https:\/\/barcelona.euses.cat\/es\/estudiantes-del-grado-recuperan-a-los-participantes-del-zurich-maraton-de-barcelona\/","url":"https:\/\/barcelona.euses.cat\/es\/estudiantes-del-grado-recuperan-a-los-participantes-del-zurich-maraton-de-barcelona\/","name":"Estudiantes del Grado recuperan a los participantes del Zurich Marat\u00f3n de Barcelona | EUSES - Campus de Bellvitge (Barcelona)","isPartOf":{"@id":"https:\/\/barcelona.euses.cat\/ca\/#website"},"primaryImageOfPage":{"@id":"https:\/\/barcelona.euses.cat\/es\/estudiantes-del-grado-recuperan-a-los-participantes-del-zurich-maraton-de-barcelona\/#primaryimage"},"image":{"@id":"https:\/\/barcelona.euses.cat\/es\/estudiantes-del-grado-recuperan-a-los-participantes-del-zurich-maraton-de-barcelona\/#primaryimage"},"thumbnailUrl":"https:\/\/barcelona.euses.cat\/wp-content\/uploads\/2023\/03\/maratobcn-7-scaled.jpg","datePublished":"2023-03-20T16:32:47+00:00","dateModified":"2023-03-20T16:34:39+00:00","author":{"@id":"https:\/\/barcelona.euses.cat\/ca\/#\/schema\/person\/8ab46080dfc4814fa59383db317735bd"},"breadcrumb":{"@id":"https:\/\/barcelona.euses.cat\/es\/estudiantes-del-grado-recuperan-a-los-participantes-del-zurich-maraton-de-barcelona\/#breadcrumb"},"inLanguage":"es","potentialAction":[{"@type":"ReadAction","target":["https:\/\/barcelona.euses.cat\/es\/estudiantes-del-grado-recuperan-a-los-participantes-del-zurich-maraton-de-barcelona\/"]}]},{"@type":"ImageObject","inLanguage":"es","@id":"https:\/\/barcelona.euses.cat\/es\/estudiantes-del-grado-recuperan-a-los-participantes-del-zurich-maraton-de-barcelona\/#primaryimage","url":"https:\/\/barcelona.euses.cat\/wp-content\/uploads\/2023\/03\/maratobcn-7-scaled.jpg","contentUrl":"https:\/\/barcelona.euses.cat\/wp-content\/uploads\/2023\/03\/maratobcn-7-scaled.jpg","width":2560,"height":1920},{"@type":"BreadcrumbList","@id":"https:\/\/barcelona.euses.cat\/es\/estudiantes-del-grado-recuperan-a-los-participantes-del-zurich-maraton-de-barcelona\/#breadcrumb","itemListElement":[{"@type":"ListItem","position":1,"name":"Portada","item":"https:\/\/barcelona.euses.cat\/es\/"},{"@type":"ListItem","position":2,"name":"Estudiantes del Grado recuperan a los participantes del Zurich Marat\u00f3n de Barcelona"}]},{"@type":"WebSite","@id":"https:\/\/barcelona.euses.cat\/ca\/#website","url":"https:\/\/barcelona.euses.cat\/ca\/","name":"EUSES - Campus de Bellvitge (Barcelona)","description":"EUSES, Escuela Universitaria de Fisioterapia Internacional en Barcelona","potentialAction":[{"@type":"SearchAction","target":{"@type":"EntryPoint","urlTemplate":"https:\/\/barcelona.euses.cat\/ca\/?s={search_term_string}"},"query-input":{"@type":"PropertyValueSpecification","valueRequired":true,"valueName":"search_term_string"}}],"inLanguage":"es"},{"@type":"Person","@id":"https:\/\/barcelona.euses.cat\/ca\/#\/schema\/person\/8ab46080dfc4814fa59383db317735bd","name":"Jordi Danes","image":{"@type":"ImageObject","inLanguage":"es","@id":"https:\/\/secure.gravatar.com\/avatar\/a9e4f443b594af225625ee8cfa665e41b1e0740ea34fbe0515b4ca559f8570ef?s=96&d=mm&r=g","url":"https:\/\/secure.gravatar.com\/avatar\/a9e4f443b594af225625ee8cfa665e41b1e0740ea34fbe0515b4ca559f8570ef?s=96&d=mm&r=g","contentUrl":"https:\/\/secure.gravatar.com\/avatar\/a9e4f443b594af225625ee8cfa665e41b1e0740ea34fbe0515b4ca559f8570ef?s=96&d=mm&r=g","caption":"Jordi Danes"},"url":"https:\/\/barcelona.euses.cat\/es\/author\/jordi-danes\/"}]}},"_links":{"self":[{"href":"https:\/\/barcelona.euses.cat\/es\/wp-json\/wp\/v2\/posts\/11046","targetHints":{"allow":["GET"]}}],"collection":[{"href":"https:\/\/barcelona.euses.cat\/es\/wp-json\/wp\/v2\/posts"}],"about":[{"href":"https:\/\/barcelona.euses.cat\/es\/wp-json\/wp\/v2\/types\/post"}],"author":[{"embeddable":true,"href":"https:\/\/barcelona.euses.cat\/es\/wp-json\/wp\/v2\/users\/3"}],"replies":[{"embeddable":true,"href":"https:\/\/barcelona.euses.cat\/es\/wp-json\/wp\/v2\/comments?post=11046"}],"version-history":[{"count":2,"href":"https:\/\/barcelona.euses.cat\/es\/wp-json\/wp\/v2\/posts\/11046\/revisions"}],"predecessor-version":[{"id":11111,"href":"https:\/\/barcelona.euses.cat\/es\/wp-json\/wp\/v2\/posts\/11046\/revisions\/11111"}],"wp:featuredmedia":[{"embeddable":true,"href":"https:\/\/barcelona.euses.cat\/es\/wp-json\/wp\/v2\/media\/11057"}],"wp:attachment":[{"href":"https:\/\/barcelona.euses.cat\/es\/wp-json\/wp\/v2\/media?parent=11046"}],"wp:term":[{"taxonomy":"category","embeddable":true,"href":"https:\/\/barcelona.euses.cat\/es\/wp-json\/wp\/v2\/categories?post=11046"},{"taxonomy":"post_tag","embeddable":true,"href":"https:\/\/barcelona.euses.cat\/es\/wp-json\/wp\/v2\/tags?post=11046"}],"curies":[{"name":"wp","href":"https:\/\/api.w.org\/{rel}","templated":true}]}}