{"id":11042,"date":"2023-03-15T14:01:51","date_gmt":"2023-03-15T13:01:51","guid":{"rendered":"https:\/\/barcelona.euses.cat\/?p=11042"},"modified":"2023-03-15T14:01:51","modified_gmt":"2023-03-15T13:01:51","slug":"la-escola-universitaria-de-la-salut-i-lesport-expone-toda-su-oferta-academica-en-el-salo-de-lensenyament-de-barcelona-2","status":"publish","type":"post","link":"https:\/\/barcelona.euses.cat\/es\/la-escola-universitaria-de-la-salut-i-lesport-expone-toda-su-oferta-academica-en-el-salo-de-lensenyament-de-barcelona-2\/","title":{"rendered":"La Escola Universit\u00e0ria de la Salut i l\u2019Esport expone toda su oferta acad\u00e9mica en el Sal\u00f3 de l\u2019Ensenyament de Barcelona"},"content":{"rendered":"<p>La\u00a0<a href=\"http:\/\/euses.cat\/\">Escola Universit\u00e0ria de la Salut i l\u2019Esport<\/a>\u00a0est\u00e1 presente un a\u00f1o m\u00e1s en el\u00a0<a href=\"https:\/\/www.ensenyament.com\/\">Sal\u00f3 de l\u2019Ensenyament<\/a>, que ha abierto este mi\u00e9rcoles las puertas en el recinto de Montjuic de la Fira de Barcelona. Dicho sal\u00f3n ser\u00e1, hasta el pr\u00f3ximo domingo d\u00eda 19 de marzo, el centro neur\u00e1lgico de la orientaci\u00f3n en cuanto a la formaci\u00f3n acad\u00e9mica y salidas laborales. EUSES dispone de tres Campus donde realizar formaci\u00f3n universitaria: Salt, Bellvitge y Terres de l\u2019Ebre (Amposta y Tortosa) y durante el sal\u00f3n ha desplegado un contingente de personal (directores, profesores y miembros de PAS) para informar con todo detalle a aquellos estudiantes que se quieren sumar a su familia a partir del curso acad\u00e9mico 2023\/2024.<\/p>\n<p>EUSES se encuentra ubicado en el estand 121 (pabell\u00f3n 1, nivel 0, calle A). All\u00ed los estudiantes podran encontrar toda la oferta universit\u00e0ria de los grados en <strong>Ciencias de la Actividad F\u00edsica y el Deporte<\/strong>\u00a0(Campus de Salt y de Terres de l\u2019Ebre) y en\u00a0<strong>Fisioterapia<\/strong>\u00a0(Campus de Salt, Terres de l\u2019Ebre y Bellvitge), dos formaciones especializadas y de calidad. Tambi\u00e9n existe la opci\u00f3n de la <strong>Doble Titulaci\u00f3n: CAFyD + Fisioterapia<\/strong>.<\/p>\n<p>La oferta acad\u00e9mica que ofrece el estand de EUSES es la siguiente:<\/p>\n<p><strong>EUSES-UdG (Campus de Salt)<\/strong><\/p>\n<p><a href=\"https:\/\/girona.euses.cat\/es\/estudios\/grado-cafd-girona\/\">Grado en Ciencias de la Actividad F\u00edsica y del Deporte<\/a><\/p>\n<p><a href=\"https:\/\/girona.euses.cat\/es\/estudios\/grado-fisioterapia-girona\/\">Grado en Fisioterapia<\/a><\/p>\n<p><a href=\"https:\/\/girona.euses.cat\/es\/estudios\/doble-titulacion-cafd-fisioterapia\/\">Doble Titulaci\u00f3n (CAFyD + Fisioterapia)<\/a><\/p>\n<p><strong>EUSES-URV (Campus de Terres de l\u2019Ebre)<\/strong><\/p>\n<p><a href=\"https:\/\/tarragona.euses.cat\/es\/estudios\/grado-ciencias-actividad-fisica-y-deporte-cafd-tarragona\/\">Grado en Ciencias de la Actividad F\u00edsica y del Deporte<\/a>\u00a0(Amposta)<\/p>\n<p><a href=\"https:\/\/tarragona.euses.cat\/es\/estudios\/grado-fisioterapia-tarragona\/\">Grado en Fisioterapia<\/a>\u00a0(Tortosa)<\/p>\n<p><a href=\"https:\/\/tarragona.euses.cat\/es\/estudios\/doble-titulacion-cafd-fisioterapia\/\">Doble Titulaci\u00f3n (CAFyD + Fisioterapia)<\/a><\/p>\n<p><strong>EUSES-UdG ENTI-UB (Campus de Bellvitge)<\/strong><\/p>\n<p><a href=\"https:\/\/barcelona.euses.cat\/estudios\/international-physiotherapy-degree-barcelona\/\">Grado en Fisioterapia Internacional (Physiotherapy)<\/a><\/p>\n\n\t\t<style type=\"text\/css\">\n\t\t\t#gallery-1 {\n\t\t\t\tmargin: auto;\n\t\t\t}\n\t\t\t#gallery-1 .gallery-item {\n\t\t\t\tfloat: left;\n\t\t\t\tmargin-top: 10px;\n\t\t\t\ttext-align: center;\n\t\t\t\twidth: 33%;\n\t\t\t}\n\t\t\t#gallery-1 img {\n\t\t\t\tborder: 2px solid #cfcfcf;\n\t\t\t}\n\t\t\t#gallery-1 .gallery-caption {\n\t\t\t\tmargin-left: 0;\n\t\t\t}\n\t\t\t\/* see gallery_shortcode() in wp-includes\/media.php *\/\n\t\t<\/style>\n\t\t<div id='gallery-1' class='gallery galleryid-11042 gallery-columns-3 gallery-size-medium'><dl class='gallery-item'>\n\t\t\t<dt class='gallery-icon portrait'>\n\t\t\t\t<a href='https:\/\/barcelona.euses.cat\/es\/la-escola-universitaria-de-la-salut-i-lesport-expone-toda-su-oferta-academica-en-el-salo-de-lensenyament-de-barcelona-2\/salo-ensenyament-8-2\/'><img fetchpriority=\"high\" decoding=\"async\" width=\"225\" height=\"300\" src=\"https:\/\/barcelona.euses.cat\/wp-content\/uploads\/2023\/03\/salo-ensenyament-8-225x300.jpg\" class=\"attachment-medium size-medium\" alt=\"\" srcset=\"https:\/\/barcelona.euses.cat\/wp-content\/uploads\/2023\/03\/salo-ensenyament-8-225x300.jpg 225w, https:\/\/barcelona.euses.cat\/wp-content\/uploads\/2023\/03\/salo-ensenyament-8-768x1024.jpg 768w, https:\/\/barcelona.euses.cat\/wp-content\/uploads\/2023\/03\/salo-ensenyament-8-1152x1536.jpg 1152w, https:\/\/barcelona.euses.cat\/wp-content\/uploads\/2023\/03\/salo-ensenyament-8-150x200.jpg 150w, https:\/\/barcelona.euses.cat\/wp-content\/uploads\/2023\/03\/salo-ensenyament-8-290x385.jpg 290w, https:\/\/barcelona.euses.cat\/wp-content\/uploads\/2023\/03\/salo-ensenyament-8-400x531.jpg 400w, https:\/\/barcelona.euses.cat\/wp-content\/uploads\/2023\/03\/salo-ensenyament-8.jpg 1200w\" sizes=\"(max-width: 225px) 100vw, 225px\" \/><\/a>\n\t\t\t<\/dt><\/dl><dl class='gallery-item'>\n\t\t\t<dt class='gallery-icon portrait'>\n\t\t\t\t<a href='https:\/\/barcelona.euses.cat\/es\/la-escola-universitaria-de-la-salut-i-lesport-expone-toda-su-oferta-academica-en-el-salo-de-lensenyament-de-barcelona-2\/salo-ensenyament-7-2\/'><img decoding=\"async\" width=\"225\" height=\"300\" src=\"https:\/\/barcelona.euses.cat\/wp-content\/uploads\/2023\/03\/salo-ensenyament-7-225x300.jpg\" class=\"attachment-medium size-medium\" alt=\"\" srcset=\"https:\/\/barcelona.euses.cat\/wp-content\/uploads\/2023\/03\/salo-ensenyament-7-225x300.jpg 225w, https:\/\/barcelona.euses.cat\/wp-content\/uploads\/2023\/03\/salo-ensenyament-7-768x1024.jpg 768w, https:\/\/barcelona.euses.cat\/wp-content\/uploads\/2023\/03\/salo-ensenyament-7-1152x1536.jpg 1152w, https:\/\/barcelona.euses.cat\/wp-content\/uploads\/2023\/03\/salo-ensenyament-7-150x200.jpg 150w, https:\/\/barcelona.euses.cat\/wp-content\/uploads\/2023\/03\/salo-ensenyament-7-290x385.jpg 290w, https:\/\/barcelona.euses.cat\/wp-content\/uploads\/2023\/03\/salo-ensenyament-7-400x531.jpg 400w, https:\/\/barcelona.euses.cat\/wp-content\/uploads\/2023\/03\/salo-ensenyament-7.jpg 1200w\" sizes=\"(max-width: 225px) 100vw, 225px\" \/><\/a>\n\t\t\t<\/dt><\/dl><dl class='gallery-item'>\n\t\t\t<dt class='gallery-icon landscape'>\n\t\t\t\t<a href='https:\/\/barcelona.euses.cat\/es\/la-escola-universitaria-de-la-salut-i-lesport-expone-toda-su-oferta-academica-en-el-salo-de-lensenyament-de-barcelona-2\/salo-ensenyament-4-2\/'><img decoding=\"async\" width=\"300\" height=\"225\" src=\"https:\/\/barcelona.euses.cat\/wp-content\/uploads\/2023\/03\/salo-ensenyament-4-300x225.jpg\" class=\"attachment-medium size-medium\" alt=\"\" srcset=\"https:\/\/barcelona.euses.cat\/wp-content\/uploads\/2023\/03\/salo-ensenyament-4-300x225.jpg 300w, https:\/\/barcelona.euses.cat\/wp-content\/uploads\/2023\/03\/salo-ensenyament-4-1024x768.jpg 1024w, https:\/\/barcelona.euses.cat\/wp-content\/uploads\/2023\/03\/salo-ensenyament-4-768x576.jpg 768w, https:\/\/barcelona.euses.cat\/wp-content\/uploads\/2023\/03\/salo-ensenyament-4-1536x1152.jpg 1536w, https:\/\/barcelona.euses.cat\/wp-content\/uploads\/2023\/03\/salo-ensenyament-4-267x200.jpg 267w, https:\/\/barcelona.euses.cat\/wp-content\/uploads\/2023\/03\/salo-ensenyament-4-700x525.jpg 700w, https:\/\/barcelona.euses.cat\/wp-content\/uploads\/2023\/03\/salo-ensenyament-4.jpg 1600w\" sizes=\"(max-width: 300px) 100vw, 300px\" \/><\/a>\n\t\t\t<\/dt><\/dl><br style=\"clear: both\" \/><dl class='gallery-item'>\n\t\t\t<dt class='gallery-icon landscape'>\n\t\t\t\t<a href='https:\/\/barcelona.euses.cat\/es\/la-escola-universitaria-de-la-salut-i-lesport-expone-toda-su-oferta-academica-en-el-salo-de-lensenyament-de-barcelona-2\/salo-ensenyament-3-2\/'><img loading=\"lazy\" decoding=\"async\" width=\"300\" height=\"225\" src=\"https:\/\/barcelona.euses.cat\/wp-content\/uploads\/2023\/03\/salo-ensenyament-3-300x225.jpg\" class=\"attachment-medium size-medium\" alt=\"\" srcset=\"https:\/\/barcelona.euses.cat\/wp-content\/uploads\/2023\/03\/salo-ensenyament-3-300x225.jpg 300w, https:\/\/barcelona.euses.cat\/wp-content\/uploads\/2023\/03\/salo-ensenyament-3-1024x768.jpg 1024w, https:\/\/barcelona.euses.cat\/wp-content\/uploads\/2023\/03\/salo-ensenyament-3-768x576.jpg 768w, https:\/\/barcelona.euses.cat\/wp-content\/uploads\/2023\/03\/salo-ensenyament-3-1536x1152.jpg 1536w, https:\/\/barcelona.euses.cat\/wp-content\/uploads\/2023\/03\/salo-ensenyament-3-267x200.jpg 267w, https:\/\/barcelona.euses.cat\/wp-content\/uploads\/2023\/03\/salo-ensenyament-3-700x525.jpg 700w, https:\/\/barcelona.euses.cat\/wp-content\/uploads\/2023\/03\/salo-ensenyament-3.jpg 1600w\" sizes=\"(max-width: 300px) 100vw, 300px\" \/><\/a>\n\t\t\t<\/dt><\/dl><dl class='gallery-item'>\n\t\t\t<dt class='gallery-icon portrait'>\n\t\t\t\t<a href='https:\/\/barcelona.euses.cat\/es\/la-escola-universitaria-de-la-salut-i-lesport-expone-toda-su-oferta-academica-en-el-salo-de-lensenyament-de-barcelona-2\/salo-ensenyament-2-2\/'><img loading=\"lazy\" decoding=\"async\" width=\"225\" height=\"300\" src=\"https:\/\/barcelona.euses.cat\/wp-content\/uploads\/2023\/03\/salo-ensenyament-2-225x300.jpg\" class=\"attachment-medium size-medium\" alt=\"\" srcset=\"https:\/\/barcelona.euses.cat\/wp-content\/uploads\/2023\/03\/salo-ensenyament-2-225x300.jpg 225w, https:\/\/barcelona.euses.cat\/wp-content\/uploads\/2023\/03\/salo-ensenyament-2-768x1024.jpg 768w, https:\/\/barcelona.euses.cat\/wp-content\/uploads\/2023\/03\/salo-ensenyament-2-1152x1536.jpg 1152w, https:\/\/barcelona.euses.cat\/wp-content\/uploads\/2023\/03\/salo-ensenyament-2-150x200.jpg 150w, https:\/\/barcelona.euses.cat\/wp-content\/uploads\/2023\/03\/salo-ensenyament-2-290x385.jpg 290w, https:\/\/barcelona.euses.cat\/wp-content\/uploads\/2023\/03\/salo-ensenyament-2-400x531.jpg 400w, https:\/\/barcelona.euses.cat\/wp-content\/uploads\/2023\/03\/salo-ensenyament-2.jpg 1200w\" sizes=\"(max-width: 225px) 100vw, 225px\" \/><\/a>\n\t\t\t<\/dt><\/dl><dl class='gallery-item'>\n\t\t\t<dt class='gallery-icon portrait'>\n\t\t\t\t<a href='https:\/\/barcelona.euses.cat\/es\/la-escola-universitaria-de-la-salut-i-lesport-expone-toda-su-oferta-academica-en-el-salo-de-lensenyament-de-barcelona-2\/salo-ensenyament-1-2\/'><img loading=\"lazy\" decoding=\"async\" width=\"225\" height=\"300\" src=\"https:\/\/barcelona.euses.cat\/wp-content\/uploads\/2023\/03\/salo-ensenyament-1-225x300.jpg\" class=\"attachment-medium size-medium\" alt=\"\" srcset=\"https:\/\/barcelona.euses.cat\/wp-content\/uploads\/2023\/03\/salo-ensenyament-1-225x300.jpg 225w, https:\/\/barcelona.euses.cat\/wp-content\/uploads\/2023\/03\/salo-ensenyament-1-768x1024.jpg 768w, https:\/\/barcelona.euses.cat\/wp-content\/uploads\/2023\/03\/salo-ensenyament-1-1152x1536.jpg 1152w, https:\/\/barcelona.euses.cat\/wp-content\/uploads\/2023\/03\/salo-ensenyament-1-150x200.jpg 150w, https:\/\/barcelona.euses.cat\/wp-content\/uploads\/2023\/03\/salo-ensenyament-1-290x385.jpg 290w, https:\/\/barcelona.euses.cat\/wp-content\/uploads\/2023\/03\/salo-ensenyament-1-400x531.jpg 400w, https:\/\/barcelona.euses.cat\/wp-content\/uploads\/2023\/03\/salo-ensenyament-1.jpg 1200w\" sizes=\"(max-width: 225px) 100vw, 225px\" \/><\/a>\n\t\t\t<\/dt><\/dl><br style=\"clear: both\" \/>\n\t\t<\/div>\n\n","protected":false},"excerpt":{"rendered":"<p>La\u00a0Escola Universit\u00e0ria de la Salut i l\u2019Esport\u00a0est\u00e1 presente un a\u00f1o m\u00e1s en el\u00a0Sal\u00f3 de l\u2019Ensenyament, que ha abierto este mi\u00e9rcoles las puertas en el recinto de Montjuic de la Fira de Barcelona. Dicho sal\u00f3n ser\u00e1, hasta el pr\u00f3ximo domingo d\u00eda 19 de marzo, el centro neur\u00e1lgico de la orientaci\u00f3n en cuanto a la formaci\u00f3n acad\u00e9mica [&hellip;]<\/p>\n","protected":false},"author":3,"featured_media":11016,"comment_status":"open","ping_status":"closed","sticky":false,"template":"","format":"standard","meta":{"_acf_changed":false,"inline_featured_image":false,"_joinchat":[],"footnotes":""},"categories":[1],"tags":[],"class_list":["post-11042","post","type-post","status-publish","format-standard","has-post-thumbnail","hentry","category-sin-categorizar"],"acf":[],"yoast_head":"<!-- This site is optimized with the Yoast SEO plugin v27.4 - https:\/\/yoast.com\/product\/yoast-seo-wordpress\/ -->\n<title>La Escola Universit\u00e0ria de la Salut i l\u2019Esport expone toda su oferta acad\u00e9mica en el Sal\u00f3 de l\u2019Ensenyament de Barcelona | EUSES - Campus de Bellvitge (Barcelona)<\/title>\n<meta name=\"robots\" content=\"index, follow, max-snippet:-1, max-image-preview:large, max-video-preview:-1\" \/>\n<link rel=\"canonical\" href=\"https:\/\/barcelona.euses.cat\/es\/la-escola-universitaria-de-la-salut-i-lesport-expone-toda-su-oferta-academica-en-el-salo-de-lensenyament-de-barcelona-2\/\" \/>\n<meta property=\"og:locale\" content=\"es_ES\" \/>\n<meta property=\"og:type\" content=\"article\" \/>\n<meta property=\"og:title\" content=\"La Escola Universit\u00e0ria de la Salut i l\u2019Esport expone toda su oferta acad\u00e9mica en el Sal\u00f3 de l\u2019Ensenyament de Barcelona | EUSES - Campus de Bellvitge (Barcelona)\" \/>\n<meta property=\"og:description\" content=\"La\u00a0Escola Universit\u00e0ria de la Salut i l\u2019Esport\u00a0est\u00e1 presente un a\u00f1o m\u00e1s en el\u00a0Sal\u00f3 de l\u2019Ensenyament, que ha abierto este mi\u00e9rcoles las puertas en el recinto de Montjuic de la Fira de Barcelona. Dicho sal\u00f3n ser\u00e1, hasta el pr\u00f3ximo domingo d\u00eda 19 de marzo, el centro neur\u00e1lgico de la orientaci\u00f3n en cuanto a la formaci\u00f3n acad\u00e9mica [&hellip;]\" \/>\n<meta property=\"og:url\" content=\"https:\/\/barcelona.euses.cat\/es\/la-escola-universitaria-de-la-salut-i-lesport-expone-toda-su-oferta-academica-en-el-salo-de-lensenyament-de-barcelona-2\/\" \/>\n<meta property=\"og:site_name\" content=\"EUSES - Campus de Bellvitge (Barcelona)\" \/>\n<meta property=\"article:publisher\" content=\"https:\/\/www.facebook.com\/PhysioBCN\/\" \/>\n<meta property=\"article:published_time\" content=\"2023-03-15T13:01:51+00:00\" \/>\n<meta property=\"og:image\" content=\"https:\/\/barcelona.euses.cat\/wp-content\/uploads\/2023\/03\/salo-ensenyament-5.jpg\" \/>\n\t<meta property=\"og:image:width\" content=\"1200\" \/>\n\t<meta property=\"og:image:height\" content=\"1600\" \/>\n\t<meta property=\"og:image:type\" content=\"image\/jpeg\" \/>\n<meta name=\"author\" content=\"Jordi Danes\" \/>\n<meta name=\"twitter:card\" content=\"summary_large_image\" \/>\n<meta name=\"twitter:label1\" content=\"Escrito por\" \/>\n\t<meta name=\"twitter:data1\" content=\"Jordi Danes\" \/>\n\t<meta name=\"twitter:label2\" content=\"Tiempo de lectura\" \/>\n\t<meta name=\"twitter:data2\" content=\"2 minutos\" \/>\n<script type=\"application\/ld+json\" class=\"yoast-schema-graph\">{\"@context\":\"https:\\\/\\\/schema.org\",\"@graph\":[{\"@type\":\"Article\",\"@id\":\"https:\\\/\\\/barcelona.euses.cat\\\/es\\\/la-escola-universitaria-de-la-salut-i-lesport-expone-toda-su-oferta-academica-en-el-salo-de-lensenyament-de-barcelona-2\\\/#article\",\"isPartOf\":{\"@id\":\"https:\\\/\\\/barcelona.euses.cat\\\/es\\\/la-escola-universitaria-de-la-salut-i-lesport-expone-toda-su-oferta-academica-en-el-salo-de-lensenyament-de-barcelona-2\\\/\"},\"author\":{\"name\":\"Jordi Danes\",\"@id\":\"https:\\\/\\\/barcelona.euses.cat\\\/ca\\\/#\\\/schema\\\/person\\\/8ab46080dfc4814fa59383db317735bd\"},\"headline\":\"La Escola Universit\u00e0ria de la Salut i l\u2019Esport expone toda su oferta acad\u00e9mica en el Sal\u00f3 de l\u2019Ensenyament de Barcelona\",\"datePublished\":\"2023-03-15T13:01:51+00:00\",\"mainEntityOfPage\":{\"@id\":\"https:\\\/\\\/barcelona.euses.cat\\\/es\\\/la-escola-universitaria-de-la-salut-i-lesport-expone-toda-su-oferta-academica-en-el-salo-de-lensenyament-de-barcelona-2\\\/\"},\"wordCount\":308,\"commentCount\":0,\"image\":{\"@id\":\"https:\\\/\\\/barcelona.euses.cat\\\/es\\\/la-escola-universitaria-de-la-salut-i-lesport-expone-toda-su-oferta-academica-en-el-salo-de-lensenyament-de-barcelona-2\\\/#primaryimage\"},\"thumbnailUrl\":\"https:\\\/\\\/barcelona.euses.cat\\\/wp-content\\\/uploads\\\/2023\\\/03\\\/salo-ensenyament-5.jpg\",\"articleSection\":[\"Sin categorizar\"],\"inLanguage\":\"es\"},{\"@type\":\"WebPage\",\"@id\":\"https:\\\/\\\/barcelona.euses.cat\\\/es\\\/la-escola-universitaria-de-la-salut-i-lesport-expone-toda-su-oferta-academica-en-el-salo-de-lensenyament-de-barcelona-2\\\/\",\"url\":\"https:\\\/\\\/barcelona.euses.cat\\\/es\\\/la-escola-universitaria-de-la-salut-i-lesport-expone-toda-su-oferta-academica-en-el-salo-de-lensenyament-de-barcelona-2\\\/\",\"name\":\"La Escola Universit\u00e0ria de la Salut i l\u2019Esport expone toda su oferta acad\u00e9mica en el Sal\u00f3 de l\u2019Ensenyament de Barcelona | EUSES - Campus de Bellvitge (Barcelona)\",\"isPartOf\":{\"@id\":\"https:\\\/\\\/barcelona.euses.cat\\\/ca\\\/#website\"},\"primaryImageOfPage\":{\"@id\":\"https:\\\/\\\/barcelona.euses.cat\\\/es\\\/la-escola-universitaria-de-la-salut-i-lesport-expone-toda-su-oferta-academica-en-el-salo-de-lensenyament-de-barcelona-2\\\/#primaryimage\"},\"image\":{\"@id\":\"https:\\\/\\\/barcelona.euses.cat\\\/es\\\/la-escola-universitaria-de-la-salut-i-lesport-expone-toda-su-oferta-academica-en-el-salo-de-lensenyament-de-barcelona-2\\\/#primaryimage\"},\"thumbnailUrl\":\"https:\\\/\\\/barcelona.euses.cat\\\/wp-content\\\/uploads\\\/2023\\\/03\\\/salo-ensenyament-5.jpg\",\"datePublished\":\"2023-03-15T13:01:51+00:00\",\"author\":{\"@id\":\"https:\\\/\\\/barcelona.euses.cat\\\/ca\\\/#\\\/schema\\\/person\\\/8ab46080dfc4814fa59383db317735bd\"},\"breadcrumb\":{\"@id\":\"https:\\\/\\\/barcelona.euses.cat\\\/es\\\/la-escola-universitaria-de-la-salut-i-lesport-expone-toda-su-oferta-academica-en-el-salo-de-lensenyament-de-barcelona-2\\\/#breadcrumb\"},\"inLanguage\":\"es\",\"potentialAction\":[{\"@type\":\"ReadAction\",\"target\":[\"https:\\\/\\\/barcelona.euses.cat\\\/es\\\/la-escola-universitaria-de-la-salut-i-lesport-expone-toda-su-oferta-academica-en-el-salo-de-lensenyament-de-barcelona-2\\\/\"]}]},{\"@type\":\"ImageObject\",\"inLanguage\":\"es\",\"@id\":\"https:\\\/\\\/barcelona.euses.cat\\\/es\\\/la-escola-universitaria-de-la-salut-i-lesport-expone-toda-su-oferta-academica-en-el-salo-de-lensenyament-de-barcelona-2\\\/#primaryimage\",\"url\":\"https:\\\/\\\/barcelona.euses.cat\\\/wp-content\\\/uploads\\\/2023\\\/03\\\/salo-ensenyament-5.jpg\",\"contentUrl\":\"https:\\\/\\\/barcelona.euses.cat\\\/wp-content\\\/uploads\\\/2023\\\/03\\\/salo-ensenyament-5.jpg\",\"width\":1200,\"height\":1600},{\"@type\":\"BreadcrumbList\",\"@id\":\"https:\\\/\\\/barcelona.euses.cat\\\/es\\\/la-escola-universitaria-de-la-salut-i-lesport-expone-toda-su-oferta-academica-en-el-salo-de-lensenyament-de-barcelona-2\\\/#breadcrumb\",\"itemListElement\":[{\"@type\":\"ListItem\",\"position\":1,\"name\":\"Portada\",\"item\":\"https:\\\/\\\/barcelona.euses.cat\\\/es\\\/\"},{\"@type\":\"ListItem\",\"position\":2,\"name\":\"La Escola Universit\u00e0ria de la Salut i l\u2019Esport expone toda su oferta acad\u00e9mica en el Sal\u00f3 de l\u2019Ensenyament de Barcelona\"}]},{\"@type\":\"WebSite\",\"@id\":\"https:\\\/\\\/barcelona.euses.cat\\\/ca\\\/#website\",\"url\":\"https:\\\/\\\/barcelona.euses.cat\\\/ca\\\/\",\"name\":\"EUSES - Campus de Bellvitge (Barcelona)\",\"description\":\"EUSES, Escuela Universitaria de Fisioterapia Internacional en Barcelona\",\"potentialAction\":[{\"@type\":\"SearchAction\",\"target\":{\"@type\":\"EntryPoint\",\"urlTemplate\":\"https:\\\/\\\/barcelona.euses.cat\\\/ca\\\/?s={search_term_string}\"},\"query-input\":{\"@type\":\"PropertyValueSpecification\",\"valueRequired\":true,\"valueName\":\"search_term_string\"}}],\"inLanguage\":\"es\"},{\"@type\":\"Person\",\"@id\":\"https:\\\/\\\/barcelona.euses.cat\\\/ca\\\/#\\\/schema\\\/person\\\/8ab46080dfc4814fa59383db317735bd\",\"name\":\"Jordi Danes\",\"image\":{\"@type\":\"ImageObject\",\"inLanguage\":\"es\",\"@id\":\"https:\\\/\\\/secure.gravatar.com\\\/avatar\\\/a9e4f443b594af225625ee8cfa665e41b1e0740ea34fbe0515b4ca559f8570ef?s=96&d=mm&r=g\",\"url\":\"https:\\\/\\\/secure.gravatar.com\\\/avatar\\\/a9e4f443b594af225625ee8cfa665e41b1e0740ea34fbe0515b4ca559f8570ef?s=96&d=mm&r=g\",\"contentUrl\":\"https:\\\/\\\/secure.gravatar.com\\\/avatar\\\/a9e4f443b594af225625ee8cfa665e41b1e0740ea34fbe0515b4ca559f8570ef?s=96&d=mm&r=g\",\"caption\":\"Jordi Danes\"},\"url\":\"https:\\\/\\\/barcelona.euses.cat\\\/es\\\/author\\\/jordi-danes\\\/\"}]}<\/script>\n<!-- \/ Yoast SEO plugin. -->","yoast_head_json":{"title":"La Escola Universit\u00e0ria de la Salut i l\u2019Esport expone toda su oferta acad\u00e9mica en el Sal\u00f3 de l\u2019Ensenyament de Barcelona | EUSES - Campus de Bellvitge (Barcelona)","robots":{"index":"index","follow":"follow","max-snippet":"max-snippet:-1","max-image-preview":"max-image-preview:large","max-video-preview":"max-video-preview:-1"},"canonical":"https:\/\/barcelona.euses.cat\/es\/la-escola-universitaria-de-la-salut-i-lesport-expone-toda-su-oferta-academica-en-el-salo-de-lensenyament-de-barcelona-2\/","og_locale":"es_ES","og_type":"article","og_title":"La Escola Universit\u00e0ria de la Salut i l\u2019Esport expone toda su oferta acad\u00e9mica en el Sal\u00f3 de l\u2019Ensenyament de Barcelona | EUSES - Campus de Bellvitge (Barcelona)","og_description":"La\u00a0Escola Universit\u00e0ria de la Salut i l\u2019Esport\u00a0est\u00e1 presente un a\u00f1o m\u00e1s en el\u00a0Sal\u00f3 de l\u2019Ensenyament, que ha abierto este mi\u00e9rcoles las puertas en el recinto de Montjuic de la Fira de Barcelona. Dicho sal\u00f3n ser\u00e1, hasta el pr\u00f3ximo domingo d\u00eda 19 de marzo, el centro neur\u00e1lgico de la orientaci\u00f3n en cuanto a la formaci\u00f3n acad\u00e9mica [&hellip;]","og_url":"https:\/\/barcelona.euses.cat\/es\/la-escola-universitaria-de-la-salut-i-lesport-expone-toda-su-oferta-academica-en-el-salo-de-lensenyament-de-barcelona-2\/","og_site_name":"EUSES - Campus de Bellvitge (Barcelona)","article_publisher":"https:\/\/www.facebook.com\/PhysioBCN\/","article_published_time":"2023-03-15T13:01:51+00:00","og_image":[{"width":1200,"height":1600,"url":"https:\/\/barcelona.euses.cat\/wp-content\/uploads\/2023\/03\/salo-ensenyament-5.jpg","type":"image\/jpeg"}],"author":"Jordi Danes","twitter_card":"summary_large_image","twitter_misc":{"Escrito por":"Jordi Danes","Tiempo de lectura":"2 minutos"},"schema":{"@context":"https:\/\/schema.org","@graph":[{"@type":"Article","@id":"https:\/\/barcelona.euses.cat\/es\/la-escola-universitaria-de-la-salut-i-lesport-expone-toda-su-oferta-academica-en-el-salo-de-lensenyament-de-barcelona-2\/#article","isPartOf":{"@id":"https:\/\/barcelona.euses.cat\/es\/la-escola-universitaria-de-la-salut-i-lesport-expone-toda-su-oferta-academica-en-el-salo-de-lensenyament-de-barcelona-2\/"},"author":{"name":"Jordi Danes","@id":"https:\/\/barcelona.euses.cat\/ca\/#\/schema\/person\/8ab46080dfc4814fa59383db317735bd"},"headline":"La Escola Universit\u00e0ria de la Salut i l\u2019Esport expone toda su oferta acad\u00e9mica en el Sal\u00f3 de l\u2019Ensenyament de Barcelona","datePublished":"2023-03-15T13:01:51+00:00","mainEntityOfPage":{"@id":"https:\/\/barcelona.euses.cat\/es\/la-escola-universitaria-de-la-salut-i-lesport-expone-toda-su-oferta-academica-en-el-salo-de-lensenyament-de-barcelona-2\/"},"wordCount":308,"commentCount":0,"image":{"@id":"https:\/\/barcelona.euses.cat\/es\/la-escola-universitaria-de-la-salut-i-lesport-expone-toda-su-oferta-academica-en-el-salo-de-lensenyament-de-barcelona-2\/#primaryimage"},"thumbnailUrl":"https:\/\/barcelona.euses.cat\/wp-content\/uploads\/2023\/03\/salo-ensenyament-5.jpg","articleSection":["Sin categorizar"],"inLanguage":"es"},{"@type":"WebPage","@id":"https:\/\/barcelona.euses.cat\/es\/la-escola-universitaria-de-la-salut-i-lesport-expone-toda-su-oferta-academica-en-el-salo-de-lensenyament-de-barcelona-2\/","url":"https:\/\/barcelona.euses.cat\/es\/la-escola-universitaria-de-la-salut-i-lesport-expone-toda-su-oferta-academica-en-el-salo-de-lensenyament-de-barcelona-2\/","name":"La Escola Universit\u00e0ria de la Salut i l\u2019Esport expone toda su oferta acad\u00e9mica en el Sal\u00f3 de l\u2019Ensenyament de Barcelona | EUSES - Campus de Bellvitge (Barcelona)","isPartOf":{"@id":"https:\/\/barcelona.euses.cat\/ca\/#website"},"primaryImageOfPage":{"@id":"https:\/\/barcelona.euses.cat\/es\/la-escola-universitaria-de-la-salut-i-lesport-expone-toda-su-oferta-academica-en-el-salo-de-lensenyament-de-barcelona-2\/#primaryimage"},"image":{"@id":"https:\/\/barcelona.euses.cat\/es\/la-escola-universitaria-de-la-salut-i-lesport-expone-toda-su-oferta-academica-en-el-salo-de-lensenyament-de-barcelona-2\/#primaryimage"},"thumbnailUrl":"https:\/\/barcelona.euses.cat\/wp-content\/uploads\/2023\/03\/salo-ensenyament-5.jpg","datePublished":"2023-03-15T13:01:51+00:00","author":{"@id":"https:\/\/barcelona.euses.cat\/ca\/#\/schema\/person\/8ab46080dfc4814fa59383db317735bd"},"breadcrumb":{"@id":"https:\/\/barcelona.euses.cat\/es\/la-escola-universitaria-de-la-salut-i-lesport-expone-toda-su-oferta-academica-en-el-salo-de-lensenyament-de-barcelona-2\/#breadcrumb"},"inLanguage":"es","potentialAction":[{"@type":"ReadAction","target":["https:\/\/barcelona.euses.cat\/es\/la-escola-universitaria-de-la-salut-i-lesport-expone-toda-su-oferta-academica-en-el-salo-de-lensenyament-de-barcelona-2\/"]}]},{"@type":"ImageObject","inLanguage":"es","@id":"https:\/\/barcelona.euses.cat\/es\/la-escola-universitaria-de-la-salut-i-lesport-expone-toda-su-oferta-academica-en-el-salo-de-lensenyament-de-barcelona-2\/#primaryimage","url":"https:\/\/barcelona.euses.cat\/wp-content\/uploads\/2023\/03\/salo-ensenyament-5.jpg","contentUrl":"https:\/\/barcelona.euses.cat\/wp-content\/uploads\/2023\/03\/salo-ensenyament-5.jpg","width":1200,"height":1600},{"@type":"BreadcrumbList","@id":"https:\/\/barcelona.euses.cat\/es\/la-escola-universitaria-de-la-salut-i-lesport-expone-toda-su-oferta-academica-en-el-salo-de-lensenyament-de-barcelona-2\/#breadcrumb","itemListElement":[{"@type":"ListItem","position":1,"name":"Portada","item":"https:\/\/barcelona.euses.cat\/es\/"},{"@type":"ListItem","position":2,"name":"La Escola Universit\u00e0ria de la Salut i l\u2019Esport expone toda su oferta acad\u00e9mica en el Sal\u00f3 de l\u2019Ensenyament de Barcelona"}]},{"@type":"WebSite","@id":"https:\/\/barcelona.euses.cat\/ca\/#website","url":"https:\/\/barcelona.euses.cat\/ca\/","name":"EUSES - Campus de Bellvitge (Barcelona)","description":"EUSES, Escuela Universitaria de Fisioterapia Internacional en Barcelona","potentialAction":[{"@type":"SearchAction","target":{"@type":"EntryPoint","urlTemplate":"https:\/\/barcelona.euses.cat\/ca\/?s={search_term_string}"},"query-input":{"@type":"PropertyValueSpecification","valueRequired":true,"valueName":"search_term_string"}}],"inLanguage":"es"},{"@type":"Person","@id":"https:\/\/barcelona.euses.cat\/ca\/#\/schema\/person\/8ab46080dfc4814fa59383db317735bd","name":"Jordi Danes","image":{"@type":"ImageObject","inLanguage":"es","@id":"https:\/\/secure.gravatar.com\/avatar\/a9e4f443b594af225625ee8cfa665e41b1e0740ea34fbe0515b4ca559f8570ef?s=96&d=mm&r=g","url":"https:\/\/secure.gravatar.com\/avatar\/a9e4f443b594af225625ee8cfa665e41b1e0740ea34fbe0515b4ca559f8570ef?s=96&d=mm&r=g","contentUrl":"https:\/\/secure.gravatar.com\/avatar\/a9e4f443b594af225625ee8cfa665e41b1e0740ea34fbe0515b4ca559f8570ef?s=96&d=mm&r=g","caption":"Jordi Danes"},"url":"https:\/\/barcelona.euses.cat\/es\/author\/jordi-danes\/"}]}},"_links":{"self":[{"href":"https:\/\/barcelona.euses.cat\/es\/wp-json\/wp\/v2\/posts\/11042","targetHints":{"allow":["GET"]}}],"collection":[{"href":"https:\/\/barcelona.euses.cat\/es\/wp-json\/wp\/v2\/posts"}],"about":[{"href":"https:\/\/barcelona.euses.cat\/es\/wp-json\/wp\/v2\/types\/post"}],"author":[{"embeddable":true,"href":"https:\/\/barcelona.euses.cat\/es\/wp-json\/wp\/v2\/users\/3"}],"replies":[{"embeddable":true,"href":"https:\/\/barcelona.euses.cat\/es\/wp-json\/wp\/v2\/comments?post=11042"}],"version-history":[{"count":1,"href":"https:\/\/barcelona.euses.cat\/es\/wp-json\/wp\/v2\/posts\/11042\/revisions"}],"predecessor-version":[{"id":11043,"href":"https:\/\/barcelona.euses.cat\/es\/wp-json\/wp\/v2\/posts\/11042\/revisions\/11043"}],"wp:featuredmedia":[{"embeddable":true,"href":"https:\/\/barcelona.euses.cat\/es\/wp-json\/wp\/v2\/media\/11016"}],"wp:attachment":[{"href":"https:\/\/barcelona.euses.cat\/es\/wp-json\/wp\/v2\/media?parent=11042"}],"wp:term":[{"taxonomy":"category","embeddable":true,"href":"https:\/\/barcelona.euses.cat\/es\/wp-json\/wp\/v2\/categories?post=11042"},{"taxonomy":"post_tag","embeddable":true,"href":"https:\/\/barcelona.euses.cat\/es\/wp-json\/wp\/v2\/tags?post=11042"}],"curies":[{"name":"wp","href":"https:\/\/api.w.org\/{rel}","templated":true}]}}