{"id":10994,"date":"2023-02-19T11:23:38","date_gmt":"2023-02-19T10:23:38","guid":{"rendered":"https:\/\/barcelona.euses.cat\/?p=10994"},"modified":"2023-02-19T11:23:38","modified_gmt":"2023-02-19T10:23:38","slug":"celebrada-la-jornada-de-puertas-abiertas-de-physiotherapy-en-el-campus-de-bellvitge","status":"publish","type":"post","link":"https:\/\/barcelona.euses.cat\/es\/celebrada-la-jornada-de-puertas-abiertas-de-physiotherapy-en-el-campus-de-bellvitge\/","title":{"rendered":"Celebrada la jornada de puertas abiertas de Physiotherapy en el campus de Bellvitge"},"content":{"rendered":"<p>Las instalaciones del Campus de Bellvitge se han abierto este s\u00e1bado coincidiendo con la jornada de puertas abiertas del Grado en Fisioterapia Internacional (Physiotherapy). La sesi\u00f3n ha servido para informar sobre todos los aspectos del Grado a los alumnos que se quieren sumar a la familia de EUSES durante el curso acad\u00e9mico 2023\/24. El director de Physiotherapy, Gerard Mu\u00f1oz, ha expuesto los aspectos acad\u00e9micos (plan de estudios, convenios, pr\u00e1cticas&#8230;), mientras que los coordinadores Alejandro Revilla i Gisela Catalan se han encargado de hablar sobre la parte m\u00e1s administrativa y log\u00edstica (proceso de matriculaci\u00f3n, alojamiento&#8230;). Tambi\u00e9n ha colaborado en la sesi\u00f3n la secretaria de Grau Anna Maria Rojo. Los asistentes han podido hacer una visita guiada por las instalaciones.<\/p>\n\n\t\t<style type=\"text\/css\">\n\t\t\t#gallery-1 {\n\t\t\t\tmargin: auto;\n\t\t\t}\n\t\t\t#gallery-1 .gallery-item {\n\t\t\t\tfloat: left;\n\t\t\t\tmargin-top: 10px;\n\t\t\t\ttext-align: center;\n\t\t\t\twidth: 33%;\n\t\t\t}\n\t\t\t#gallery-1 img {\n\t\t\t\tborder: 2px solid #cfcfcf;\n\t\t\t}\n\t\t\t#gallery-1 .gallery-caption {\n\t\t\t\tmargin-left: 0;\n\t\t\t}\n\t\t\t\/* see gallery_shortcode() in wp-includes\/media.php *\/\n\t\t<\/style>\n\t\t<div id='gallery-1' class='gallery galleryid-10994 gallery-columns-3 gallery-size-medium'><dl class='gallery-item'>\n\t\t\t<dt class='gallery-icon landscape'>\n\t\t\t\t<a href='https:\/\/barcelona.euses.cat\/es\/celebrada-la-jornada-de-puertas-abiertas-de-physiotherapy-en-el-campus-de-bellvitge\/jpo18febrer-6-2\/'><img fetchpriority=\"high\" decoding=\"async\" width=\"300\" height=\"225\" src=\"https:\/\/barcelona.euses.cat\/wp-content\/uploads\/2023\/02\/jpo18febrer-6-300x225.jpeg\" class=\"attachment-medium size-medium\" alt=\"\" srcset=\"https:\/\/barcelona.euses.cat\/wp-content\/uploads\/2023\/02\/jpo18febrer-6-300x225.jpeg 300w, https:\/\/barcelona.euses.cat\/wp-content\/uploads\/2023\/02\/jpo18febrer-6-1024x768.jpeg 1024w, https:\/\/barcelona.euses.cat\/wp-content\/uploads\/2023\/02\/jpo18febrer-6-768x576.jpeg 768w, https:\/\/barcelona.euses.cat\/wp-content\/uploads\/2023\/02\/jpo18febrer-6-1536x1152.jpeg 1536w, https:\/\/barcelona.euses.cat\/wp-content\/uploads\/2023\/02\/jpo18febrer-6-267x200.jpeg 267w, https:\/\/barcelona.euses.cat\/wp-content\/uploads\/2023\/02\/jpo18febrer-6-700x525.jpeg 700w, https:\/\/barcelona.euses.cat\/wp-content\/uploads\/2023\/02\/jpo18febrer-6.jpeg 1600w\" sizes=\"(max-width: 300px) 100vw, 300px\" \/><\/a>\n\t\t\t<\/dt><\/dl><dl class='gallery-item'>\n\t\t\t<dt class='gallery-icon landscape'>\n\t\t\t\t<a href='https:\/\/barcelona.euses.cat\/es\/celebrada-la-jornada-de-puertas-abiertas-de-physiotherapy-en-el-campus-de-bellvitge\/jpo18febrer-3-2\/'><img decoding=\"async\" width=\"300\" height=\"225\" src=\"https:\/\/barcelona.euses.cat\/wp-content\/uploads\/2023\/02\/jpo18febrer-3-300x225.jpeg\" class=\"attachment-medium size-medium\" alt=\"\" srcset=\"https:\/\/barcelona.euses.cat\/wp-content\/uploads\/2023\/02\/jpo18febrer-3-300x225.jpeg 300w, https:\/\/barcelona.euses.cat\/wp-content\/uploads\/2023\/02\/jpo18febrer-3-1024x768.jpeg 1024w, https:\/\/barcelona.euses.cat\/wp-content\/uploads\/2023\/02\/jpo18febrer-3-768x576.jpeg 768w, https:\/\/barcelona.euses.cat\/wp-content\/uploads\/2023\/02\/jpo18febrer-3-1536x1152.jpeg 1536w, https:\/\/barcelona.euses.cat\/wp-content\/uploads\/2023\/02\/jpo18febrer-3-267x200.jpeg 267w, https:\/\/barcelona.euses.cat\/wp-content\/uploads\/2023\/02\/jpo18febrer-3-700x525.jpeg 700w, https:\/\/barcelona.euses.cat\/wp-content\/uploads\/2023\/02\/jpo18febrer-3.jpeg 1600w\" sizes=\"(max-width: 300px) 100vw, 300px\" \/><\/a>\n\t\t\t<\/dt><\/dl><dl class='gallery-item'>\n\t\t\t<dt class='gallery-icon landscape'>\n\t\t\t\t<a href='https:\/\/barcelona.euses.cat\/es\/celebrada-la-jornada-de-puertas-abiertas-de-physiotherapy-en-el-campus-de-bellvitge\/jpo18febrer-1-2\/'><img decoding=\"async\" width=\"300\" height=\"225\" src=\"https:\/\/barcelona.euses.cat\/wp-content\/uploads\/2023\/02\/jpo18febrer-1-300x225.jpeg\" class=\"attachment-medium size-medium\" alt=\"\" srcset=\"https:\/\/barcelona.euses.cat\/wp-content\/uploads\/2023\/02\/jpo18febrer-1-300x225.jpeg 300w, https:\/\/barcelona.euses.cat\/wp-content\/uploads\/2023\/02\/jpo18febrer-1-1024x768.jpeg 1024w, https:\/\/barcelona.euses.cat\/wp-content\/uploads\/2023\/02\/jpo18febrer-1-768x576.jpeg 768w, https:\/\/barcelona.euses.cat\/wp-content\/uploads\/2023\/02\/jpo18febrer-1-1536x1152.jpeg 1536w, https:\/\/barcelona.euses.cat\/wp-content\/uploads\/2023\/02\/jpo18febrer-1-267x200.jpeg 267w, https:\/\/barcelona.euses.cat\/wp-content\/uploads\/2023\/02\/jpo18febrer-1-700x525.jpeg 700w, https:\/\/barcelona.euses.cat\/wp-content\/uploads\/2023\/02\/jpo18febrer-1.jpeg 1600w\" sizes=\"(max-width: 300px) 100vw, 300px\" \/><\/a>\n\t\t\t<\/dt><\/dl><br style=\"clear: both\" \/>\n\t\t<\/div>\n\n","protected":false},"excerpt":{"rendered":"<p>Las instalaciones del Campus de Bellvitge se han abierto este s\u00e1bado coincidiendo con la jornada de puertas abiertas del Grado en Fisioterapia Internacional (Physiotherapy). La sesi\u00f3n ha servido para informar sobre todos los aspectos del Grado a los alumnos que se quieren sumar a la familia de EUSES durante el curso acad\u00e9mico 2023\/24. El director [&hellip;]<\/p>\n","protected":false},"author":3,"featured_media":10980,"comment_status":"open","ping_status":"closed","sticky":false,"template":"","format":"standard","meta":{"_acf_changed":false,"inline_featured_image":false,"_joinchat":[],"footnotes":""},"categories":[1],"tags":[],"class_list":["post-10994","post","type-post","status-publish","format-standard","has-post-thumbnail","hentry","category-sin-categorizar"],"acf":[],"yoast_head":"<!-- This site is optimized with the Yoast SEO plugin v27.4 - https:\/\/yoast.com\/product\/yoast-seo-wordpress\/ -->\n<title>Celebrada la jornada de puertas abiertas de Physiotherapy en el campus de Bellvitge | EUSES - Campus de Bellvitge (Barcelona)<\/title>\n<meta name=\"robots\" content=\"index, follow, max-snippet:-1, max-image-preview:large, max-video-preview:-1\" \/>\n<link rel=\"canonical\" href=\"https:\/\/barcelona.euses.cat\/es\/celebrada-la-jornada-de-puertas-abiertas-de-physiotherapy-en-el-campus-de-bellvitge\/\" \/>\n<meta property=\"og:locale\" content=\"es_ES\" \/>\n<meta property=\"og:type\" content=\"article\" \/>\n<meta property=\"og:title\" content=\"Celebrada la jornada de puertas abiertas de Physiotherapy en el campus de Bellvitge | EUSES - Campus de Bellvitge (Barcelona)\" \/>\n<meta property=\"og:description\" content=\"Las instalaciones del Campus de Bellvitge se han abierto este s\u00e1bado coincidiendo con la jornada de puertas abiertas del Grado en Fisioterapia Internacional (Physiotherapy). La sesi\u00f3n ha servido para informar sobre todos los aspectos del Grado a los alumnos que se quieren sumar a la familia de EUSES durante el curso acad\u00e9mico 2023\/24. El director [&hellip;]\" \/>\n<meta property=\"og:url\" content=\"https:\/\/barcelona.euses.cat\/es\/celebrada-la-jornada-de-puertas-abiertas-de-physiotherapy-en-el-campus-de-bellvitge\/\" \/>\n<meta property=\"og:site_name\" content=\"EUSES - Campus de Bellvitge (Barcelona)\" \/>\n<meta property=\"article:publisher\" content=\"https:\/\/www.facebook.com\/PhysioBCN\/\" \/>\n<meta property=\"article:published_time\" content=\"2023-02-19T10:23:38+00:00\" \/>\n<meta property=\"og:image\" content=\"https:\/\/barcelona.euses.cat\/wp-content\/uploads\/2023\/02\/jpo18febrer-2.jpeg\" \/>\n\t<meta property=\"og:image:width\" content=\"1600\" \/>\n\t<meta property=\"og:image:height\" content=\"1200\" \/>\n\t<meta property=\"og:image:type\" content=\"image\/jpeg\" \/>\n<meta name=\"author\" content=\"Jordi Danes\" \/>\n<meta name=\"twitter:card\" content=\"summary_large_image\" \/>\n<meta name=\"twitter:label1\" content=\"Escrito por\" \/>\n\t<meta name=\"twitter:data1\" content=\"Jordi Danes\" \/>\n\t<meta name=\"twitter:label2\" content=\"Tiempo de lectura\" \/>\n\t<meta name=\"twitter:data2\" content=\"1 minuto\" \/>\n<script type=\"application\/ld+json\" class=\"yoast-schema-graph\">{\"@context\":\"https:\\\/\\\/schema.org\",\"@graph\":[{\"@type\":\"Article\",\"@id\":\"https:\\\/\\\/barcelona.euses.cat\\\/es\\\/celebrada-la-jornada-de-puertas-abiertas-de-physiotherapy-en-el-campus-de-bellvitge\\\/#article\",\"isPartOf\":{\"@id\":\"https:\\\/\\\/barcelona.euses.cat\\\/es\\\/celebrada-la-jornada-de-puertas-abiertas-de-physiotherapy-en-el-campus-de-bellvitge\\\/\"},\"author\":{\"name\":\"Jordi Danes\",\"@id\":\"https:\\\/\\\/barcelona.euses.cat\\\/ca\\\/#\\\/schema\\\/person\\\/8ab46080dfc4814fa59383db317735bd\"},\"headline\":\"Celebrada la jornada de puertas abiertas de Physiotherapy en el campus de Bellvitge\",\"datePublished\":\"2023-02-19T10:23:38+00:00\",\"mainEntityOfPage\":{\"@id\":\"https:\\\/\\\/barcelona.euses.cat\\\/es\\\/celebrada-la-jornada-de-puertas-abiertas-de-physiotherapy-en-el-campus-de-bellvitge\\\/\"},\"wordCount\":145,\"commentCount\":0,\"image\":{\"@id\":\"https:\\\/\\\/barcelona.euses.cat\\\/es\\\/celebrada-la-jornada-de-puertas-abiertas-de-physiotherapy-en-el-campus-de-bellvitge\\\/#primaryimage\"},\"thumbnailUrl\":\"https:\\\/\\\/barcelona.euses.cat\\\/wp-content\\\/uploads\\\/2023\\\/02\\\/jpo18febrer-2.jpeg\",\"articleSection\":[\"Sin categorizar\"],\"inLanguage\":\"es\"},{\"@type\":\"WebPage\",\"@id\":\"https:\\\/\\\/barcelona.euses.cat\\\/es\\\/celebrada-la-jornada-de-puertas-abiertas-de-physiotherapy-en-el-campus-de-bellvitge\\\/\",\"url\":\"https:\\\/\\\/barcelona.euses.cat\\\/es\\\/celebrada-la-jornada-de-puertas-abiertas-de-physiotherapy-en-el-campus-de-bellvitge\\\/\",\"name\":\"Celebrada la jornada de puertas abiertas de Physiotherapy en el campus de Bellvitge | EUSES - Campus de Bellvitge (Barcelona)\",\"isPartOf\":{\"@id\":\"https:\\\/\\\/barcelona.euses.cat\\\/ca\\\/#website\"},\"primaryImageOfPage\":{\"@id\":\"https:\\\/\\\/barcelona.euses.cat\\\/es\\\/celebrada-la-jornada-de-puertas-abiertas-de-physiotherapy-en-el-campus-de-bellvitge\\\/#primaryimage\"},\"image\":{\"@id\":\"https:\\\/\\\/barcelona.euses.cat\\\/es\\\/celebrada-la-jornada-de-puertas-abiertas-de-physiotherapy-en-el-campus-de-bellvitge\\\/#primaryimage\"},\"thumbnailUrl\":\"https:\\\/\\\/barcelona.euses.cat\\\/wp-content\\\/uploads\\\/2023\\\/02\\\/jpo18febrer-2.jpeg\",\"datePublished\":\"2023-02-19T10:23:38+00:00\",\"author\":{\"@id\":\"https:\\\/\\\/barcelona.euses.cat\\\/ca\\\/#\\\/schema\\\/person\\\/8ab46080dfc4814fa59383db317735bd\"},\"breadcrumb\":{\"@id\":\"https:\\\/\\\/barcelona.euses.cat\\\/es\\\/celebrada-la-jornada-de-puertas-abiertas-de-physiotherapy-en-el-campus-de-bellvitge\\\/#breadcrumb\"},\"inLanguage\":\"es\",\"potentialAction\":[{\"@type\":\"ReadAction\",\"target\":[\"https:\\\/\\\/barcelona.euses.cat\\\/es\\\/celebrada-la-jornada-de-puertas-abiertas-de-physiotherapy-en-el-campus-de-bellvitge\\\/\"]}]},{\"@type\":\"ImageObject\",\"inLanguage\":\"es\",\"@id\":\"https:\\\/\\\/barcelona.euses.cat\\\/es\\\/celebrada-la-jornada-de-puertas-abiertas-de-physiotherapy-en-el-campus-de-bellvitge\\\/#primaryimage\",\"url\":\"https:\\\/\\\/barcelona.euses.cat\\\/wp-content\\\/uploads\\\/2023\\\/02\\\/jpo18febrer-2.jpeg\",\"contentUrl\":\"https:\\\/\\\/barcelona.euses.cat\\\/wp-content\\\/uploads\\\/2023\\\/02\\\/jpo18febrer-2.jpeg\",\"width\":1600,\"height\":1200},{\"@type\":\"BreadcrumbList\",\"@id\":\"https:\\\/\\\/barcelona.euses.cat\\\/es\\\/celebrada-la-jornada-de-puertas-abiertas-de-physiotherapy-en-el-campus-de-bellvitge\\\/#breadcrumb\",\"itemListElement\":[{\"@type\":\"ListItem\",\"position\":1,\"name\":\"Portada\",\"item\":\"https:\\\/\\\/barcelona.euses.cat\\\/es\\\/\"},{\"@type\":\"ListItem\",\"position\":2,\"name\":\"Celebrada la jornada de puertas abiertas de Physiotherapy en el campus de Bellvitge\"}]},{\"@type\":\"WebSite\",\"@id\":\"https:\\\/\\\/barcelona.euses.cat\\\/ca\\\/#website\",\"url\":\"https:\\\/\\\/barcelona.euses.cat\\\/ca\\\/\",\"name\":\"EUSES - Campus de Bellvitge (Barcelona)\",\"description\":\"EUSES, Escuela Universitaria de Fisioterapia Internacional en Barcelona\",\"potentialAction\":[{\"@type\":\"SearchAction\",\"target\":{\"@type\":\"EntryPoint\",\"urlTemplate\":\"https:\\\/\\\/barcelona.euses.cat\\\/ca\\\/?s={search_term_string}\"},\"query-input\":{\"@type\":\"PropertyValueSpecification\",\"valueRequired\":true,\"valueName\":\"search_term_string\"}}],\"inLanguage\":\"es\"},{\"@type\":\"Person\",\"@id\":\"https:\\\/\\\/barcelona.euses.cat\\\/ca\\\/#\\\/schema\\\/person\\\/8ab46080dfc4814fa59383db317735bd\",\"name\":\"Jordi Danes\",\"image\":{\"@type\":\"ImageObject\",\"inLanguage\":\"es\",\"@id\":\"https:\\\/\\\/secure.gravatar.com\\\/avatar\\\/a9e4f443b594af225625ee8cfa665e41b1e0740ea34fbe0515b4ca559f8570ef?s=96&d=mm&r=g\",\"url\":\"https:\\\/\\\/secure.gravatar.com\\\/avatar\\\/a9e4f443b594af225625ee8cfa665e41b1e0740ea34fbe0515b4ca559f8570ef?s=96&d=mm&r=g\",\"contentUrl\":\"https:\\\/\\\/secure.gravatar.com\\\/avatar\\\/a9e4f443b594af225625ee8cfa665e41b1e0740ea34fbe0515b4ca559f8570ef?s=96&d=mm&r=g\",\"caption\":\"Jordi Danes\"},\"url\":\"https:\\\/\\\/barcelona.euses.cat\\\/es\\\/author\\\/jordi-danes\\\/\"}]}<\/script>\n<!-- \/ Yoast SEO plugin. -->","yoast_head_json":{"title":"Celebrada la jornada de puertas abiertas de Physiotherapy en el campus de Bellvitge | EUSES - Campus de Bellvitge (Barcelona)","robots":{"index":"index","follow":"follow","max-snippet":"max-snippet:-1","max-image-preview":"max-image-preview:large","max-video-preview":"max-video-preview:-1"},"canonical":"https:\/\/barcelona.euses.cat\/es\/celebrada-la-jornada-de-puertas-abiertas-de-physiotherapy-en-el-campus-de-bellvitge\/","og_locale":"es_ES","og_type":"article","og_title":"Celebrada la jornada de puertas abiertas de Physiotherapy en el campus de Bellvitge | EUSES - Campus de Bellvitge (Barcelona)","og_description":"Las instalaciones del Campus de Bellvitge se han abierto este s\u00e1bado coincidiendo con la jornada de puertas abiertas del Grado en Fisioterapia Internacional (Physiotherapy). La sesi\u00f3n ha servido para informar sobre todos los aspectos del Grado a los alumnos que se quieren sumar a la familia de EUSES durante el curso acad\u00e9mico 2023\/24. El director [&hellip;]","og_url":"https:\/\/barcelona.euses.cat\/es\/celebrada-la-jornada-de-puertas-abiertas-de-physiotherapy-en-el-campus-de-bellvitge\/","og_site_name":"EUSES - Campus de Bellvitge (Barcelona)","article_publisher":"https:\/\/www.facebook.com\/PhysioBCN\/","article_published_time":"2023-02-19T10:23:38+00:00","og_image":[{"width":1600,"height":1200,"url":"https:\/\/barcelona.euses.cat\/wp-content\/uploads\/2023\/02\/jpo18febrer-2.jpeg","type":"image\/jpeg"}],"author":"Jordi Danes","twitter_card":"summary_large_image","twitter_misc":{"Escrito por":"Jordi Danes","Tiempo de lectura":"1 minuto"},"schema":{"@context":"https:\/\/schema.org","@graph":[{"@type":"Article","@id":"https:\/\/barcelona.euses.cat\/es\/celebrada-la-jornada-de-puertas-abiertas-de-physiotherapy-en-el-campus-de-bellvitge\/#article","isPartOf":{"@id":"https:\/\/barcelona.euses.cat\/es\/celebrada-la-jornada-de-puertas-abiertas-de-physiotherapy-en-el-campus-de-bellvitge\/"},"author":{"name":"Jordi Danes","@id":"https:\/\/barcelona.euses.cat\/ca\/#\/schema\/person\/8ab46080dfc4814fa59383db317735bd"},"headline":"Celebrada la jornada de puertas abiertas de Physiotherapy en el campus de Bellvitge","datePublished":"2023-02-19T10:23:38+00:00","mainEntityOfPage":{"@id":"https:\/\/barcelona.euses.cat\/es\/celebrada-la-jornada-de-puertas-abiertas-de-physiotherapy-en-el-campus-de-bellvitge\/"},"wordCount":145,"commentCount":0,"image":{"@id":"https:\/\/barcelona.euses.cat\/es\/celebrada-la-jornada-de-puertas-abiertas-de-physiotherapy-en-el-campus-de-bellvitge\/#primaryimage"},"thumbnailUrl":"https:\/\/barcelona.euses.cat\/wp-content\/uploads\/2023\/02\/jpo18febrer-2.jpeg","articleSection":["Sin categorizar"],"inLanguage":"es"},{"@type":"WebPage","@id":"https:\/\/barcelona.euses.cat\/es\/celebrada-la-jornada-de-puertas-abiertas-de-physiotherapy-en-el-campus-de-bellvitge\/","url":"https:\/\/barcelona.euses.cat\/es\/celebrada-la-jornada-de-puertas-abiertas-de-physiotherapy-en-el-campus-de-bellvitge\/","name":"Celebrada la jornada de puertas abiertas de Physiotherapy en el campus de Bellvitge | EUSES - Campus de Bellvitge (Barcelona)","isPartOf":{"@id":"https:\/\/barcelona.euses.cat\/ca\/#website"},"primaryImageOfPage":{"@id":"https:\/\/barcelona.euses.cat\/es\/celebrada-la-jornada-de-puertas-abiertas-de-physiotherapy-en-el-campus-de-bellvitge\/#primaryimage"},"image":{"@id":"https:\/\/barcelona.euses.cat\/es\/celebrada-la-jornada-de-puertas-abiertas-de-physiotherapy-en-el-campus-de-bellvitge\/#primaryimage"},"thumbnailUrl":"https:\/\/barcelona.euses.cat\/wp-content\/uploads\/2023\/02\/jpo18febrer-2.jpeg","datePublished":"2023-02-19T10:23:38+00:00","author":{"@id":"https:\/\/barcelona.euses.cat\/ca\/#\/schema\/person\/8ab46080dfc4814fa59383db317735bd"},"breadcrumb":{"@id":"https:\/\/barcelona.euses.cat\/es\/celebrada-la-jornada-de-puertas-abiertas-de-physiotherapy-en-el-campus-de-bellvitge\/#breadcrumb"},"inLanguage":"es","potentialAction":[{"@type":"ReadAction","target":["https:\/\/barcelona.euses.cat\/es\/celebrada-la-jornada-de-puertas-abiertas-de-physiotherapy-en-el-campus-de-bellvitge\/"]}]},{"@type":"ImageObject","inLanguage":"es","@id":"https:\/\/barcelona.euses.cat\/es\/celebrada-la-jornada-de-puertas-abiertas-de-physiotherapy-en-el-campus-de-bellvitge\/#primaryimage","url":"https:\/\/barcelona.euses.cat\/wp-content\/uploads\/2023\/02\/jpo18febrer-2.jpeg","contentUrl":"https:\/\/barcelona.euses.cat\/wp-content\/uploads\/2023\/02\/jpo18febrer-2.jpeg","width":1600,"height":1200},{"@type":"BreadcrumbList","@id":"https:\/\/barcelona.euses.cat\/es\/celebrada-la-jornada-de-puertas-abiertas-de-physiotherapy-en-el-campus-de-bellvitge\/#breadcrumb","itemListElement":[{"@type":"ListItem","position":1,"name":"Portada","item":"https:\/\/barcelona.euses.cat\/es\/"},{"@type":"ListItem","position":2,"name":"Celebrada la jornada de puertas abiertas de Physiotherapy en el campus de Bellvitge"}]},{"@type":"WebSite","@id":"https:\/\/barcelona.euses.cat\/ca\/#website","url":"https:\/\/barcelona.euses.cat\/ca\/","name":"EUSES - Campus de Bellvitge (Barcelona)","description":"EUSES, Escuela Universitaria de Fisioterapia Internacional en Barcelona","potentialAction":[{"@type":"SearchAction","target":{"@type":"EntryPoint","urlTemplate":"https:\/\/barcelona.euses.cat\/ca\/?s={search_term_string}"},"query-input":{"@type":"PropertyValueSpecification","valueRequired":true,"valueName":"search_term_string"}}],"inLanguage":"es"},{"@type":"Person","@id":"https:\/\/barcelona.euses.cat\/ca\/#\/schema\/person\/8ab46080dfc4814fa59383db317735bd","name":"Jordi Danes","image":{"@type":"ImageObject","inLanguage":"es","@id":"https:\/\/secure.gravatar.com\/avatar\/a9e4f443b594af225625ee8cfa665e41b1e0740ea34fbe0515b4ca559f8570ef?s=96&d=mm&r=g","url":"https:\/\/secure.gravatar.com\/avatar\/a9e4f443b594af225625ee8cfa665e41b1e0740ea34fbe0515b4ca559f8570ef?s=96&d=mm&r=g","contentUrl":"https:\/\/secure.gravatar.com\/avatar\/a9e4f443b594af225625ee8cfa665e41b1e0740ea34fbe0515b4ca559f8570ef?s=96&d=mm&r=g","caption":"Jordi Danes"},"url":"https:\/\/barcelona.euses.cat\/es\/author\/jordi-danes\/"}]}},"_links":{"self":[{"href":"https:\/\/barcelona.euses.cat\/es\/wp-json\/wp\/v2\/posts\/10994","targetHints":{"allow":["GET"]}}],"collection":[{"href":"https:\/\/barcelona.euses.cat\/es\/wp-json\/wp\/v2\/posts"}],"about":[{"href":"https:\/\/barcelona.euses.cat\/es\/wp-json\/wp\/v2\/types\/post"}],"author":[{"embeddable":true,"href":"https:\/\/barcelona.euses.cat\/es\/wp-json\/wp\/v2\/users\/3"}],"replies":[{"embeddable":true,"href":"https:\/\/barcelona.euses.cat\/es\/wp-json\/wp\/v2\/comments?post=10994"}],"version-history":[{"count":1,"href":"https:\/\/barcelona.euses.cat\/es\/wp-json\/wp\/v2\/posts\/10994\/revisions"}],"predecessor-version":[{"id":10995,"href":"https:\/\/barcelona.euses.cat\/es\/wp-json\/wp\/v2\/posts\/10994\/revisions\/10995"}],"wp:featuredmedia":[{"embeddable":true,"href":"https:\/\/barcelona.euses.cat\/es\/wp-json\/wp\/v2\/media\/10980"}],"wp:attachment":[{"href":"https:\/\/barcelona.euses.cat\/es\/wp-json\/wp\/v2\/media?parent=10994"}],"wp:term":[{"taxonomy":"category","embeddable":true,"href":"https:\/\/barcelona.euses.cat\/es\/wp-json\/wp\/v2\/categories?post=10994"},{"taxonomy":"post_tag","embeddable":true,"href":"https:\/\/barcelona.euses.cat\/es\/wp-json\/wp\/v2\/tags?post=10994"}],"curies":[{"name":"wp","href":"https:\/\/api.w.org\/{rel}","templated":true}]}}