{"id":10926,"date":"2022-11-12T12:48:37","date_gmt":"2022-11-12T11:48:37","guid":{"rendered":"https:\/\/barcelona.euses.cat\/?p=10926"},"modified":"2022-11-12T12:48:37","modified_gmt":"2022-11-12T11:48:37","slug":"empieza-la-8a-edicion-de-la-encuesta-de-insercion-laboral-de-los-titulados-universitarios-y-superiores-catalanes","status":"publish","type":"post","link":"https:\/\/barcelona.euses.cat\/es\/empieza-la-8a-edicion-de-la-encuesta-de-insercion-laboral-de-los-titulados-universitarios-y-superiores-catalanes\/","title":{"rendered":"Empieza la 8a edici\u00f3n de la encuesta de inserci\u00f3n laboral de los titulados universitarios y superiores catalanes"},"content":{"rendered":"<p>La Escola Universit\u00e0ria de la Salut i l\u2019Esport, con sus campus en Salt, Bellvitge i Terres de l\u2019Ebre, as\u00ed como todos los centros propios y adscritos de las universidades catalanas y todos los centros que imparten ense\u00f1anzas art\u00edsticas superiores equivalentes a un grado inician, mediante <a href=\"https:\/\/www.aqu.cat\/es\/\">AQU Catalunya<\/a>, la octava edici\u00f3n del estudio de inserci\u00f3n laboral de la poblaci\u00f3n titulada en el sistema de educaci\u00f3n superior catal\u00e1n, estudio trienal que tiene como principal objetivo recoger informaci\u00f3n a nivel de titulaci\u00f3n para poder mejorar los planes de estudios ofrecidos.<\/p>\n<p>La encuesta pregunta por aspectos tales como el empleo (empleo\/paro, tiempo para encontrar el primer trabajo, v\u00edas para la inserci\u00f3n laboral, \u00e1mbito laboral, ramas de empleo, etc.), la calidad del empleo (si se trabaja de lo que se estudi\u00f3, funciones desempe\u00f1adas, estabilidad contractual, ganancias anuales, satisfacci\u00f3n con el trabajo, etc.) y la satisfacci\u00f3n con los estudios realizados (competencias adquiridas, utilidad en el puesto de trabajo, intenci\u00f3n de cursar otra carrera, etc.).<\/p>\n<p>Entre las siete ediciones realizadas del estudio se han generado m\u00e1s de 130.000 registros, lo que significa que Catalu\u00f1a cuenta con una de las bases de datos m\u00e1s extensa, completa y representativa de Europa.<\/p>\n<p>Esta es la edici\u00f3n en la que participa un mayor volumen de personas tituladas. Y, como novedad, destaca la iniciativa conjunta con las agencias de calidad valenciana (AVAP) y aragonesa (ACPUA) gracias a la cual se encuestar\u00e1 tambi\u00e9n a las personas tituladas en Ciencias Ambientales de estas dos comunidades, con lo que se convertir\u00e1 en un estudio interterritorial pionero en el Espa\u00f1a.<\/p>\n<p>Las promociones objeto de estudio son: el alumnado de grado que finaliz\u00f3 los estudios en los a\u00f1os 2019 y 2020 (excepto el de Medicina, que es de los a\u00f1os 2016 y 2017), el alumnado de t\u00edtulos art\u00edsticos equivalentes a un grado y el alumnado de m\u00e1ster que finaliz\u00f3 los estudios en los a\u00f1os 2018 y 2019, as\u00ed como las personas doctoras que defendieron la tesis doctoral en 2018 y 2019.<\/p>\n<p>La poblaci\u00f3n de referencia que hay que encuestar es de casi 90.000 personas y la muestra que se prev\u00e9 alcanzar es de m\u00e1s de 40.000 personas. Los resultados se presentar\u00e1n previsiblemente en julio de 2023.<\/p>\n","protected":false},"excerpt":{"rendered":"<p>La Escola Universit\u00e0ria de la Salut i l\u2019Esport, con sus campus en Salt, Bellvitge i Terres de l\u2019Ebre, as\u00ed como todos los centros propios y adscritos de las universidades catalanas y todos los centros que imparten ense\u00f1anzas art\u00edsticas superiores equivalentes a un grado inician, mediante AQU Catalunya, la octava edici\u00f3n del estudio de inserci\u00f3n laboral [&hellip;]<\/p>\n","protected":false},"author":3,"featured_media":10927,"comment_status":"open","ping_status":"closed","sticky":false,"template":"","format":"standard","meta":{"_acf_changed":false,"inline_featured_image":false,"_joinchat":[],"footnotes":""},"categories":[1],"tags":[],"class_list":["post-10926","post","type-post","status-publish","format-standard","has-post-thumbnail","hentry","category-sin-categorizar"],"acf":[],"yoast_head":"<!-- This site is optimized with the Yoast SEO plugin v27.4 - https:\/\/yoast.com\/product\/yoast-seo-wordpress\/ -->\n<title>Empieza la 8a edici\u00f3n de la encuesta de inserci\u00f3n laboral de los titulados universitarios y superiores catalanes | EUSES - Campus de Bellvitge (Barcelona)<\/title>\n<meta name=\"robots\" content=\"index, follow, max-snippet:-1, max-image-preview:large, max-video-preview:-1\" \/>\n<link rel=\"canonical\" href=\"https:\/\/barcelona.euses.cat\/es\/empieza-la-8a-edicion-de-la-encuesta-de-insercion-laboral-de-los-titulados-universitarios-y-superiores-catalanes\/\" \/>\n<meta property=\"og:locale\" content=\"es_ES\" \/>\n<meta property=\"og:type\" content=\"article\" \/>\n<meta property=\"og:title\" content=\"Empieza la 8a edici\u00f3n de la encuesta de inserci\u00f3n laboral de los titulados universitarios y superiores catalanes | EUSES - Campus de Bellvitge (Barcelona)\" \/>\n<meta property=\"og:description\" content=\"La Escola Universit\u00e0ria de la Salut i l\u2019Esport, con sus campus en Salt, Bellvitge i Terres de l\u2019Ebre, as\u00ed como todos los centros propios y adscritos de las universidades catalanas y todos los centros que imparten ense\u00f1anzas art\u00edsticas superiores equivalentes a un grado inician, mediante AQU Catalunya, la octava edici\u00f3n del estudio de inserci\u00f3n laboral [&hellip;]\" \/>\n<meta property=\"og:url\" content=\"https:\/\/barcelona.euses.cat\/es\/empieza-la-8a-edicion-de-la-encuesta-de-insercion-laboral-de-los-titulados-universitarios-y-superiores-catalanes\/\" \/>\n<meta property=\"og:site_name\" content=\"EUSES - Campus de Bellvitge (Barcelona)\" \/>\n<meta property=\"article:publisher\" content=\"https:\/\/www.facebook.com\/PhysioBCN\/\" \/>\n<meta property=\"article:published_time\" content=\"2022-11-12T11:48:37+00:00\" \/>\n<meta property=\"og:image\" content=\"https:\/\/barcelona.euses.cat\/wp-content\/uploads\/2022\/11\/1ESP_UNIVERSITAT_catalanes_TWITTER_AQU-04.jpg\" \/>\n\t<meta property=\"og:image:width\" content=\"2134\" \/>\n\t<meta property=\"og:image:height\" content=\"1068\" \/>\n\t<meta property=\"og:image:type\" content=\"image\/jpeg\" \/>\n<meta name=\"author\" content=\"Jordi Danes\" \/>\n<meta name=\"twitter:card\" content=\"summary_large_image\" \/>\n<meta name=\"twitter:label1\" content=\"Escrito por\" \/>\n\t<meta name=\"twitter:data1\" content=\"Jordi Danes\" \/>\n\t<meta name=\"twitter:label2\" content=\"Tiempo de lectura\" \/>\n\t<meta name=\"twitter:data2\" content=\"2 minutos\" \/>\n<script type=\"application\/ld+json\" class=\"yoast-schema-graph\">{\"@context\":\"https:\\\/\\\/schema.org\",\"@graph\":[{\"@type\":\"Article\",\"@id\":\"https:\\\/\\\/barcelona.euses.cat\\\/es\\\/empieza-la-8a-edicion-de-la-encuesta-de-insercion-laboral-de-los-titulados-universitarios-y-superiores-catalanes\\\/#article\",\"isPartOf\":{\"@id\":\"https:\\\/\\\/barcelona.euses.cat\\\/es\\\/empieza-la-8a-edicion-de-la-encuesta-de-insercion-laboral-de-los-titulados-universitarios-y-superiores-catalanes\\\/\"},\"author\":{\"name\":\"Jordi Danes\",\"@id\":\"https:\\\/\\\/barcelona.euses.cat\\\/ca\\\/#\\\/schema\\\/person\\\/8ab46080dfc4814fa59383db317735bd\"},\"headline\":\"Empieza la 8a edici\u00f3n de la encuesta de inserci\u00f3n laboral de los titulados universitarios y superiores catalanes\",\"datePublished\":\"2022-11-12T11:48:37+00:00\",\"mainEntityOfPage\":{\"@id\":\"https:\\\/\\\/barcelona.euses.cat\\\/es\\\/empieza-la-8a-edicion-de-la-encuesta-de-insercion-laboral-de-los-titulados-universitarios-y-superiores-catalanes\\\/\"},\"wordCount\":400,\"commentCount\":0,\"image\":{\"@id\":\"https:\\\/\\\/barcelona.euses.cat\\\/es\\\/empieza-la-8a-edicion-de-la-encuesta-de-insercion-laboral-de-los-titulados-universitarios-y-superiores-catalanes\\\/#primaryimage\"},\"thumbnailUrl\":\"https:\\\/\\\/barcelona.euses.cat\\\/wp-content\\\/uploads\\\/2022\\\/11\\\/1ESP_UNIVERSITAT_catalanes_TWITTER_AQU-04.jpg\",\"articleSection\":[\"Sin categorizar\"],\"inLanguage\":\"es\"},{\"@type\":\"WebPage\",\"@id\":\"https:\\\/\\\/barcelona.euses.cat\\\/es\\\/empieza-la-8a-edicion-de-la-encuesta-de-insercion-laboral-de-los-titulados-universitarios-y-superiores-catalanes\\\/\",\"url\":\"https:\\\/\\\/barcelona.euses.cat\\\/es\\\/empieza-la-8a-edicion-de-la-encuesta-de-insercion-laboral-de-los-titulados-universitarios-y-superiores-catalanes\\\/\",\"name\":\"Empieza la 8a edici\u00f3n de la encuesta de inserci\u00f3n laboral de los titulados universitarios y superiores catalanes | EUSES - Campus de Bellvitge (Barcelona)\",\"isPartOf\":{\"@id\":\"https:\\\/\\\/barcelona.euses.cat\\\/ca\\\/#website\"},\"primaryImageOfPage\":{\"@id\":\"https:\\\/\\\/barcelona.euses.cat\\\/es\\\/empieza-la-8a-edicion-de-la-encuesta-de-insercion-laboral-de-los-titulados-universitarios-y-superiores-catalanes\\\/#primaryimage\"},\"image\":{\"@id\":\"https:\\\/\\\/barcelona.euses.cat\\\/es\\\/empieza-la-8a-edicion-de-la-encuesta-de-insercion-laboral-de-los-titulados-universitarios-y-superiores-catalanes\\\/#primaryimage\"},\"thumbnailUrl\":\"https:\\\/\\\/barcelona.euses.cat\\\/wp-content\\\/uploads\\\/2022\\\/11\\\/1ESP_UNIVERSITAT_catalanes_TWITTER_AQU-04.jpg\",\"datePublished\":\"2022-11-12T11:48:37+00:00\",\"author\":{\"@id\":\"https:\\\/\\\/barcelona.euses.cat\\\/ca\\\/#\\\/schema\\\/person\\\/8ab46080dfc4814fa59383db317735bd\"},\"breadcrumb\":{\"@id\":\"https:\\\/\\\/barcelona.euses.cat\\\/es\\\/empieza-la-8a-edicion-de-la-encuesta-de-insercion-laboral-de-los-titulados-universitarios-y-superiores-catalanes\\\/#breadcrumb\"},\"inLanguage\":\"es\",\"potentialAction\":[{\"@type\":\"ReadAction\",\"target\":[\"https:\\\/\\\/barcelona.euses.cat\\\/es\\\/empieza-la-8a-edicion-de-la-encuesta-de-insercion-laboral-de-los-titulados-universitarios-y-superiores-catalanes\\\/\"]}]},{\"@type\":\"ImageObject\",\"inLanguage\":\"es\",\"@id\":\"https:\\\/\\\/barcelona.euses.cat\\\/es\\\/empieza-la-8a-edicion-de-la-encuesta-de-insercion-laboral-de-los-titulados-universitarios-y-superiores-catalanes\\\/#primaryimage\",\"url\":\"https:\\\/\\\/barcelona.euses.cat\\\/wp-content\\\/uploads\\\/2022\\\/11\\\/1ESP_UNIVERSITAT_catalanes_TWITTER_AQU-04.jpg\",\"contentUrl\":\"https:\\\/\\\/barcelona.euses.cat\\\/wp-content\\\/uploads\\\/2022\\\/11\\\/1ESP_UNIVERSITAT_catalanes_TWITTER_AQU-04.jpg\",\"width\":2134,\"height\":1068},{\"@type\":\"BreadcrumbList\",\"@id\":\"https:\\\/\\\/barcelona.euses.cat\\\/es\\\/empieza-la-8a-edicion-de-la-encuesta-de-insercion-laboral-de-los-titulados-universitarios-y-superiores-catalanes\\\/#breadcrumb\",\"itemListElement\":[{\"@type\":\"ListItem\",\"position\":1,\"name\":\"Portada\",\"item\":\"https:\\\/\\\/barcelona.euses.cat\\\/es\\\/\"},{\"@type\":\"ListItem\",\"position\":2,\"name\":\"Empieza la 8a edici\u00f3n de la encuesta de inserci\u00f3n laboral de los titulados universitarios y superiores catalanes\"}]},{\"@type\":\"WebSite\",\"@id\":\"https:\\\/\\\/barcelona.euses.cat\\\/ca\\\/#website\",\"url\":\"https:\\\/\\\/barcelona.euses.cat\\\/ca\\\/\",\"name\":\"EUSES - Campus de Bellvitge (Barcelona)\",\"description\":\"EUSES, Escuela Universitaria de Fisioterapia Internacional en Barcelona\",\"potentialAction\":[{\"@type\":\"SearchAction\",\"target\":{\"@type\":\"EntryPoint\",\"urlTemplate\":\"https:\\\/\\\/barcelona.euses.cat\\\/ca\\\/?s={search_term_string}\"},\"query-input\":{\"@type\":\"PropertyValueSpecification\",\"valueRequired\":true,\"valueName\":\"search_term_string\"}}],\"inLanguage\":\"es\"},{\"@type\":\"Person\",\"@id\":\"https:\\\/\\\/barcelona.euses.cat\\\/ca\\\/#\\\/schema\\\/person\\\/8ab46080dfc4814fa59383db317735bd\",\"name\":\"Jordi Danes\",\"image\":{\"@type\":\"ImageObject\",\"inLanguage\":\"es\",\"@id\":\"https:\\\/\\\/secure.gravatar.com\\\/avatar\\\/a9e4f443b594af225625ee8cfa665e41b1e0740ea34fbe0515b4ca559f8570ef?s=96&d=mm&r=g\",\"url\":\"https:\\\/\\\/secure.gravatar.com\\\/avatar\\\/a9e4f443b594af225625ee8cfa665e41b1e0740ea34fbe0515b4ca559f8570ef?s=96&d=mm&r=g\",\"contentUrl\":\"https:\\\/\\\/secure.gravatar.com\\\/avatar\\\/a9e4f443b594af225625ee8cfa665e41b1e0740ea34fbe0515b4ca559f8570ef?s=96&d=mm&r=g\",\"caption\":\"Jordi Danes\"},\"url\":\"https:\\\/\\\/barcelona.euses.cat\\\/es\\\/author\\\/jordi-danes\\\/\"}]}<\/script>\n<!-- \/ Yoast SEO plugin. -->","yoast_head_json":{"title":"Empieza la 8a edici\u00f3n de la encuesta de inserci\u00f3n laboral de los titulados universitarios y superiores catalanes | EUSES - Campus de Bellvitge (Barcelona)","robots":{"index":"index","follow":"follow","max-snippet":"max-snippet:-1","max-image-preview":"max-image-preview:large","max-video-preview":"max-video-preview:-1"},"canonical":"https:\/\/barcelona.euses.cat\/es\/empieza-la-8a-edicion-de-la-encuesta-de-insercion-laboral-de-los-titulados-universitarios-y-superiores-catalanes\/","og_locale":"es_ES","og_type":"article","og_title":"Empieza la 8a edici\u00f3n de la encuesta de inserci\u00f3n laboral de los titulados universitarios y superiores catalanes | EUSES - Campus de Bellvitge (Barcelona)","og_description":"La Escola Universit\u00e0ria de la Salut i l\u2019Esport, con sus campus en Salt, Bellvitge i Terres de l\u2019Ebre, as\u00ed como todos los centros propios y adscritos de las universidades catalanas y todos los centros que imparten ense\u00f1anzas art\u00edsticas superiores equivalentes a un grado inician, mediante AQU Catalunya, la octava edici\u00f3n del estudio de inserci\u00f3n laboral [&hellip;]","og_url":"https:\/\/barcelona.euses.cat\/es\/empieza-la-8a-edicion-de-la-encuesta-de-insercion-laboral-de-los-titulados-universitarios-y-superiores-catalanes\/","og_site_name":"EUSES - Campus de Bellvitge (Barcelona)","article_publisher":"https:\/\/www.facebook.com\/PhysioBCN\/","article_published_time":"2022-11-12T11:48:37+00:00","og_image":[{"width":2134,"height":1068,"url":"https:\/\/barcelona.euses.cat\/wp-content\/uploads\/2022\/11\/1ESP_UNIVERSITAT_catalanes_TWITTER_AQU-04.jpg","type":"image\/jpeg"}],"author":"Jordi Danes","twitter_card":"summary_large_image","twitter_misc":{"Escrito por":"Jordi Danes","Tiempo de lectura":"2 minutos"},"schema":{"@context":"https:\/\/schema.org","@graph":[{"@type":"Article","@id":"https:\/\/barcelona.euses.cat\/es\/empieza-la-8a-edicion-de-la-encuesta-de-insercion-laboral-de-los-titulados-universitarios-y-superiores-catalanes\/#article","isPartOf":{"@id":"https:\/\/barcelona.euses.cat\/es\/empieza-la-8a-edicion-de-la-encuesta-de-insercion-laboral-de-los-titulados-universitarios-y-superiores-catalanes\/"},"author":{"name":"Jordi Danes","@id":"https:\/\/barcelona.euses.cat\/ca\/#\/schema\/person\/8ab46080dfc4814fa59383db317735bd"},"headline":"Empieza la 8a edici\u00f3n de la encuesta de inserci\u00f3n laboral de los titulados universitarios y superiores catalanes","datePublished":"2022-11-12T11:48:37+00:00","mainEntityOfPage":{"@id":"https:\/\/barcelona.euses.cat\/es\/empieza-la-8a-edicion-de-la-encuesta-de-insercion-laboral-de-los-titulados-universitarios-y-superiores-catalanes\/"},"wordCount":400,"commentCount":0,"image":{"@id":"https:\/\/barcelona.euses.cat\/es\/empieza-la-8a-edicion-de-la-encuesta-de-insercion-laboral-de-los-titulados-universitarios-y-superiores-catalanes\/#primaryimage"},"thumbnailUrl":"https:\/\/barcelona.euses.cat\/wp-content\/uploads\/2022\/11\/1ESP_UNIVERSITAT_catalanes_TWITTER_AQU-04.jpg","articleSection":["Sin categorizar"],"inLanguage":"es"},{"@type":"WebPage","@id":"https:\/\/barcelona.euses.cat\/es\/empieza-la-8a-edicion-de-la-encuesta-de-insercion-laboral-de-los-titulados-universitarios-y-superiores-catalanes\/","url":"https:\/\/barcelona.euses.cat\/es\/empieza-la-8a-edicion-de-la-encuesta-de-insercion-laboral-de-los-titulados-universitarios-y-superiores-catalanes\/","name":"Empieza la 8a edici\u00f3n de la encuesta de inserci\u00f3n laboral de los titulados universitarios y superiores catalanes | EUSES - Campus de Bellvitge (Barcelona)","isPartOf":{"@id":"https:\/\/barcelona.euses.cat\/ca\/#website"},"primaryImageOfPage":{"@id":"https:\/\/barcelona.euses.cat\/es\/empieza-la-8a-edicion-de-la-encuesta-de-insercion-laboral-de-los-titulados-universitarios-y-superiores-catalanes\/#primaryimage"},"image":{"@id":"https:\/\/barcelona.euses.cat\/es\/empieza-la-8a-edicion-de-la-encuesta-de-insercion-laboral-de-los-titulados-universitarios-y-superiores-catalanes\/#primaryimage"},"thumbnailUrl":"https:\/\/barcelona.euses.cat\/wp-content\/uploads\/2022\/11\/1ESP_UNIVERSITAT_catalanes_TWITTER_AQU-04.jpg","datePublished":"2022-11-12T11:48:37+00:00","author":{"@id":"https:\/\/barcelona.euses.cat\/ca\/#\/schema\/person\/8ab46080dfc4814fa59383db317735bd"},"breadcrumb":{"@id":"https:\/\/barcelona.euses.cat\/es\/empieza-la-8a-edicion-de-la-encuesta-de-insercion-laboral-de-los-titulados-universitarios-y-superiores-catalanes\/#breadcrumb"},"inLanguage":"es","potentialAction":[{"@type":"ReadAction","target":["https:\/\/barcelona.euses.cat\/es\/empieza-la-8a-edicion-de-la-encuesta-de-insercion-laboral-de-los-titulados-universitarios-y-superiores-catalanes\/"]}]},{"@type":"ImageObject","inLanguage":"es","@id":"https:\/\/barcelona.euses.cat\/es\/empieza-la-8a-edicion-de-la-encuesta-de-insercion-laboral-de-los-titulados-universitarios-y-superiores-catalanes\/#primaryimage","url":"https:\/\/barcelona.euses.cat\/wp-content\/uploads\/2022\/11\/1ESP_UNIVERSITAT_catalanes_TWITTER_AQU-04.jpg","contentUrl":"https:\/\/barcelona.euses.cat\/wp-content\/uploads\/2022\/11\/1ESP_UNIVERSITAT_catalanes_TWITTER_AQU-04.jpg","width":2134,"height":1068},{"@type":"BreadcrumbList","@id":"https:\/\/barcelona.euses.cat\/es\/empieza-la-8a-edicion-de-la-encuesta-de-insercion-laboral-de-los-titulados-universitarios-y-superiores-catalanes\/#breadcrumb","itemListElement":[{"@type":"ListItem","position":1,"name":"Portada","item":"https:\/\/barcelona.euses.cat\/es\/"},{"@type":"ListItem","position":2,"name":"Empieza la 8a edici\u00f3n de la encuesta de inserci\u00f3n laboral de los titulados universitarios y superiores catalanes"}]},{"@type":"WebSite","@id":"https:\/\/barcelona.euses.cat\/ca\/#website","url":"https:\/\/barcelona.euses.cat\/ca\/","name":"EUSES - Campus de Bellvitge (Barcelona)","description":"EUSES, Escuela Universitaria de Fisioterapia Internacional en Barcelona","potentialAction":[{"@type":"SearchAction","target":{"@type":"EntryPoint","urlTemplate":"https:\/\/barcelona.euses.cat\/ca\/?s={search_term_string}"},"query-input":{"@type":"PropertyValueSpecification","valueRequired":true,"valueName":"search_term_string"}}],"inLanguage":"es"},{"@type":"Person","@id":"https:\/\/barcelona.euses.cat\/ca\/#\/schema\/person\/8ab46080dfc4814fa59383db317735bd","name":"Jordi Danes","image":{"@type":"ImageObject","inLanguage":"es","@id":"https:\/\/secure.gravatar.com\/avatar\/a9e4f443b594af225625ee8cfa665e41b1e0740ea34fbe0515b4ca559f8570ef?s=96&d=mm&r=g","url":"https:\/\/secure.gravatar.com\/avatar\/a9e4f443b594af225625ee8cfa665e41b1e0740ea34fbe0515b4ca559f8570ef?s=96&d=mm&r=g","contentUrl":"https:\/\/secure.gravatar.com\/avatar\/a9e4f443b594af225625ee8cfa665e41b1e0740ea34fbe0515b4ca559f8570ef?s=96&d=mm&r=g","caption":"Jordi Danes"},"url":"https:\/\/barcelona.euses.cat\/es\/author\/jordi-danes\/"}]}},"_links":{"self":[{"href":"https:\/\/barcelona.euses.cat\/es\/wp-json\/wp\/v2\/posts\/10926","targetHints":{"allow":["GET"]}}],"collection":[{"href":"https:\/\/barcelona.euses.cat\/es\/wp-json\/wp\/v2\/posts"}],"about":[{"href":"https:\/\/barcelona.euses.cat\/es\/wp-json\/wp\/v2\/types\/post"}],"author":[{"embeddable":true,"href":"https:\/\/barcelona.euses.cat\/es\/wp-json\/wp\/v2\/users\/3"}],"replies":[{"embeddable":true,"href":"https:\/\/barcelona.euses.cat\/es\/wp-json\/wp\/v2\/comments?post=10926"}],"version-history":[{"count":1,"href":"https:\/\/barcelona.euses.cat\/es\/wp-json\/wp\/v2\/posts\/10926\/revisions"}],"predecessor-version":[{"id":10931,"href":"https:\/\/barcelona.euses.cat\/es\/wp-json\/wp\/v2\/posts\/10926\/revisions\/10931"}],"wp:featuredmedia":[{"embeddable":true,"href":"https:\/\/barcelona.euses.cat\/es\/wp-json\/wp\/v2\/media\/10927"}],"wp:attachment":[{"href":"https:\/\/barcelona.euses.cat\/es\/wp-json\/wp\/v2\/media?parent=10926"}],"wp:term":[{"taxonomy":"category","embeddable":true,"href":"https:\/\/barcelona.euses.cat\/es\/wp-json\/wp\/v2\/categories?post=10926"},{"taxonomy":"post_tag","embeddable":true,"href":"https:\/\/barcelona.euses.cat\/es\/wp-json\/wp\/v2\/tags?post=10926"}],"curies":[{"name":"wp","href":"https:\/\/api.w.org\/{rel}","templated":true}]}}