{"id":10770,"date":"2022-07-15T09:35:52","date_gmt":"2022-07-15T07:35:52","guid":{"rendered":"https:\/\/barcelona.euses.cat\/?p=10770"},"modified":"2022-07-15T09:36:04","modified_gmt":"2022-07-15T07:36:04","slug":"abierto-el-periodo-de-matriculaciones-para-los-grados-universitarios-en-los-campus-de-salt-bellvitge-y-terres-de-lebre","status":"publish","type":"post","link":"https:\/\/barcelona.euses.cat\/es\/abierto-el-periodo-de-matriculaciones-para-los-grados-universitarios-en-los-campus-de-salt-bellvitge-y-terres-de-lebre\/","title":{"rendered":"Abierto el periodo de matriculaciones para los grados universitarios en los campus de Salt, Bellvitge y Terres de l\u2019Ebre"},"content":{"rendered":"<p>Este viernes se ha abierto el periodo de matriculaci\u00f3n para el curso acad\u00e9mico 2022\/23 en los campus de Salt, Bellvitge y Terrres de l\u2019Ebre. En todas las sedes de la Escola Universit\u00e0ria de la Salut i l\u2019Esport, la actividad para la inscripci\u00f3n para los alumnos que se sumar\u00e1n a partir de septiembre a la familia de EUSES ha sido muy intensa. Adem\u00e1s de este viernes, los otros d\u00edas de matriculaciones asignados son el lunes 18, el martes 19 y el mi\u00e9rcoles 20. En el Campus de Salt y de Terres de l\u2019Ebre, los grados que se ofrecen son el de Fisioterapia, Ciencias de la Actividad F\u00edsica y del Deporte y la Doble Titulaci\u00f3n (CAFyD + Fisioterapia); mientras que en Bellvitge se imparte el Grado en Fisioterapia Internacional, que se hace \u00edntegramente en lengua inglesa.<\/p>\n\n\t\t<style type=\"text\/css\">\n\t\t\t#gallery-1 {\n\t\t\t\tmargin: auto;\n\t\t\t}\n\t\t\t#gallery-1 .gallery-item {\n\t\t\t\tfloat: left;\n\t\t\t\tmargin-top: 10px;\n\t\t\t\ttext-align: center;\n\t\t\t\twidth: 33%;\n\t\t\t}\n\t\t\t#gallery-1 img {\n\t\t\t\tborder: 2px solid #cfcfcf;\n\t\t\t}\n\t\t\t#gallery-1 .gallery-caption {\n\t\t\t\tmargin-left: 0;\n\t\t\t}\n\t\t\t\/* see gallery_shortcode() in wp-includes\/media.php *\/\n\t\t<\/style>\n\t\t<div id='gallery-1' class='gallery galleryid-10770 gallery-columns-3 gallery-size-medium'><dl class='gallery-item'>\n\t\t\t<dt class='gallery-icon landscape'>\n\t\t\t\t<a href='https:\/\/barcelona.euses.cat\/es\/abierto-el-periodo-de-matriculaciones-para-los-grados-universitarios-en-los-campus-de-salt-bellvitge-y-terres-de-lebre\/matriculacions-salt-15-07-2022-15-2\/'><img fetchpriority=\"high\" decoding=\"async\" width=\"300\" height=\"169\" src=\"https:\/\/barcelona.euses.cat\/wp-content\/uploads\/2022\/07\/matriculacions-salt-15.07.2022-15-300x169.jpeg\" class=\"attachment-medium size-medium\" alt=\"\" srcset=\"https:\/\/barcelona.euses.cat\/wp-content\/uploads\/2022\/07\/matriculacions-salt-15.07.2022-15-300x169.jpeg 300w, https:\/\/barcelona.euses.cat\/wp-content\/uploads\/2022\/07\/matriculacions-salt-15.07.2022-15-1024x576.jpeg 1024w, https:\/\/barcelona.euses.cat\/wp-content\/uploads\/2022\/07\/matriculacions-salt-15.07.2022-15-768x432.jpeg 768w, https:\/\/barcelona.euses.cat\/wp-content\/uploads\/2022\/07\/matriculacions-salt-15.07.2022-15-1536x864.jpeg 1536w, https:\/\/barcelona.euses.cat\/wp-content\/uploads\/2022\/07\/matriculacions-salt-15.07.2022-15-350x197.jpeg 350w, https:\/\/barcelona.euses.cat\/wp-content\/uploads\/2022\/07\/matriculacions-salt-15.07.2022-15.jpeg 1599w\" sizes=\"(max-width: 300px) 100vw, 300px\" \/><\/a>\n\t\t\t<\/dt><\/dl><dl class='gallery-item'>\n\t\t\t<dt class='gallery-icon landscape'>\n\t\t\t\t<a href='https:\/\/barcelona.euses.cat\/es\/abierto-el-periodo-de-matriculaciones-para-los-grados-universitarios-en-los-campus-de-salt-bellvitge-y-terres-de-lebre\/matriculacions-salt-15-07-2022-14-2\/'><img decoding=\"async\" width=\"300\" height=\"169\" src=\"https:\/\/barcelona.euses.cat\/wp-content\/uploads\/2022\/07\/matriculacions-salt-15.07.2022-14-300x169.jpeg\" class=\"attachment-medium size-medium\" alt=\"\" srcset=\"https:\/\/barcelona.euses.cat\/wp-content\/uploads\/2022\/07\/matriculacions-salt-15.07.2022-14-300x169.jpeg 300w, https:\/\/barcelona.euses.cat\/wp-content\/uploads\/2022\/07\/matriculacions-salt-15.07.2022-14-1024x576.jpeg 1024w, https:\/\/barcelona.euses.cat\/wp-content\/uploads\/2022\/07\/matriculacions-salt-15.07.2022-14-768x432.jpeg 768w, https:\/\/barcelona.euses.cat\/wp-content\/uploads\/2022\/07\/matriculacions-salt-15.07.2022-14-1536x864.jpeg 1536w, https:\/\/barcelona.euses.cat\/wp-content\/uploads\/2022\/07\/matriculacions-salt-15.07.2022-14-350x197.jpeg 350w, https:\/\/barcelona.euses.cat\/wp-content\/uploads\/2022\/07\/matriculacions-salt-15.07.2022-14.jpeg 1599w\" sizes=\"(max-width: 300px) 100vw, 300px\" \/><\/a>\n\t\t\t<\/dt><\/dl><dl class='gallery-item'>\n\t\t\t<dt class='gallery-icon landscape'>\n\t\t\t\t<a href='https:\/\/barcelona.euses.cat\/es\/abierto-el-periodo-de-matriculaciones-para-los-grados-universitarios-en-los-campus-de-salt-bellvitge-y-terres-de-lebre\/matriculacions-salt-15-07-2022-13-2\/'><img decoding=\"async\" width=\"300\" height=\"225\" src=\"https:\/\/barcelona.euses.cat\/wp-content\/uploads\/2022\/07\/matriculacions-salt-15.07.2022-13-300x225.jpeg\" class=\"attachment-medium size-medium\" alt=\"\" srcset=\"https:\/\/barcelona.euses.cat\/wp-content\/uploads\/2022\/07\/matriculacions-salt-15.07.2022-13-300x225.jpeg 300w, https:\/\/barcelona.euses.cat\/wp-content\/uploads\/2022\/07\/matriculacions-salt-15.07.2022-13-1024x769.jpeg 1024w, https:\/\/barcelona.euses.cat\/wp-content\/uploads\/2022\/07\/matriculacions-salt-15.07.2022-13-768x576.jpeg 768w, https:\/\/barcelona.euses.cat\/wp-content\/uploads\/2022\/07\/matriculacions-salt-15.07.2022-13-1536x1153.jpeg 1536w, https:\/\/barcelona.euses.cat\/wp-content\/uploads\/2022\/07\/matriculacions-salt-15.07.2022-13-266x200.jpeg 266w, https:\/\/barcelona.euses.cat\/wp-content\/uploads\/2022\/07\/matriculacions-salt-15.07.2022-13-700x525.jpeg 700w, https:\/\/barcelona.euses.cat\/wp-content\/uploads\/2022\/07\/matriculacions-salt-15.07.2022-13.jpeg 1600w\" sizes=\"(max-width: 300px) 100vw, 300px\" \/><\/a>\n\t\t\t<\/dt><\/dl><br style=\"clear: both\" \/><dl class='gallery-item'>\n\t\t\t<dt class='gallery-icon landscape'>\n\t\t\t\t<a href='https:\/\/barcelona.euses.cat\/es\/abierto-el-periodo-de-matriculaciones-para-los-grados-universitarios-en-los-campus-de-salt-bellvitge-y-terres-de-lebre\/matriculacions-salt-15-07-2022-12-2\/'><img loading=\"lazy\" decoding=\"async\" width=\"300\" height=\"225\" src=\"https:\/\/barcelona.euses.cat\/wp-content\/uploads\/2022\/07\/matriculacions-salt-15.07.2022-12-300x225.jpeg\" class=\"attachment-medium size-medium\" alt=\"\" srcset=\"https:\/\/barcelona.euses.cat\/wp-content\/uploads\/2022\/07\/matriculacions-salt-15.07.2022-12-300x225.jpeg 300w, https:\/\/barcelona.euses.cat\/wp-content\/uploads\/2022\/07\/matriculacions-salt-15.07.2022-12-1024x769.jpeg 1024w, https:\/\/barcelona.euses.cat\/wp-content\/uploads\/2022\/07\/matriculacions-salt-15.07.2022-12-768x576.jpeg 768w, https:\/\/barcelona.euses.cat\/wp-content\/uploads\/2022\/07\/matriculacions-salt-15.07.2022-12-1536x1153.jpeg 1536w, https:\/\/barcelona.euses.cat\/wp-content\/uploads\/2022\/07\/matriculacions-salt-15.07.2022-12-266x200.jpeg 266w, https:\/\/barcelona.euses.cat\/wp-content\/uploads\/2022\/07\/matriculacions-salt-15.07.2022-12-700x525.jpeg 700w, https:\/\/barcelona.euses.cat\/wp-content\/uploads\/2022\/07\/matriculacions-salt-15.07.2022-12.jpeg 1600w\" sizes=\"(max-width: 300px) 100vw, 300px\" \/><\/a>\n\t\t\t<\/dt><\/dl><dl class='gallery-item'>\n\t\t\t<dt class='gallery-icon landscape'>\n\t\t\t\t<a href='https:\/\/barcelona.euses.cat\/es\/abierto-el-periodo-de-matriculaciones-para-los-grados-universitarios-en-los-campus-de-salt-bellvitge-y-terres-de-lebre\/matriculacions-salt-15-07-2022-11-2\/'><img loading=\"lazy\" decoding=\"async\" width=\"300\" height=\"225\" src=\"https:\/\/barcelona.euses.cat\/wp-content\/uploads\/2022\/07\/matriculacions-salt-15.07.2022-11-300x225.jpeg\" class=\"attachment-medium size-medium\" alt=\"\" srcset=\"https:\/\/barcelona.euses.cat\/wp-content\/uploads\/2022\/07\/matriculacions-salt-15.07.2022-11-300x225.jpeg 300w, https:\/\/barcelona.euses.cat\/wp-content\/uploads\/2022\/07\/matriculacions-salt-15.07.2022-11-1024x769.jpeg 1024w, https:\/\/barcelona.euses.cat\/wp-content\/uploads\/2022\/07\/matriculacions-salt-15.07.2022-11-768x576.jpeg 768w, https:\/\/barcelona.euses.cat\/wp-content\/uploads\/2022\/07\/matriculacions-salt-15.07.2022-11-1536x1153.jpeg 1536w, https:\/\/barcelona.euses.cat\/wp-content\/uploads\/2022\/07\/matriculacions-salt-15.07.2022-11-266x200.jpeg 266w, https:\/\/barcelona.euses.cat\/wp-content\/uploads\/2022\/07\/matriculacions-salt-15.07.2022-11-700x525.jpeg 700w, https:\/\/barcelona.euses.cat\/wp-content\/uploads\/2022\/07\/matriculacions-salt-15.07.2022-11.jpeg 1600w\" sizes=\"(max-width: 300px) 100vw, 300px\" \/><\/a>\n\t\t\t<\/dt><\/dl><dl class='gallery-item'>\n\t\t\t<dt class='gallery-icon landscape'>\n\t\t\t\t<a href='https:\/\/barcelona.euses.cat\/es\/abierto-el-periodo-de-matriculaciones-para-los-grados-universitarios-en-los-campus-de-salt-bellvitge-y-terres-de-lebre\/matriculacions-salt-15-07-2022-9-2\/'><img loading=\"lazy\" decoding=\"async\" width=\"300\" height=\"225\" src=\"https:\/\/barcelona.euses.cat\/wp-content\/uploads\/2022\/07\/matriculacions-salt-15.07.2022-9-300x225.jpeg\" class=\"attachment-medium size-medium\" alt=\"\" srcset=\"https:\/\/barcelona.euses.cat\/wp-content\/uploads\/2022\/07\/matriculacions-salt-15.07.2022-9-300x225.jpeg 300w, https:\/\/barcelona.euses.cat\/wp-content\/uploads\/2022\/07\/matriculacions-salt-15.07.2022-9-1024x769.jpeg 1024w, https:\/\/barcelona.euses.cat\/wp-content\/uploads\/2022\/07\/matriculacions-salt-15.07.2022-9-768x576.jpeg 768w, https:\/\/barcelona.euses.cat\/wp-content\/uploads\/2022\/07\/matriculacions-salt-15.07.2022-9-1536x1153.jpeg 1536w, https:\/\/barcelona.euses.cat\/wp-content\/uploads\/2022\/07\/matriculacions-salt-15.07.2022-9-266x200.jpeg 266w, https:\/\/barcelona.euses.cat\/wp-content\/uploads\/2022\/07\/matriculacions-salt-15.07.2022-9-700x525.jpeg 700w, https:\/\/barcelona.euses.cat\/wp-content\/uploads\/2022\/07\/matriculacions-salt-15.07.2022-9.jpeg 1600w\" sizes=\"(max-width: 300px) 100vw, 300px\" \/><\/a>\n\t\t\t<\/dt><\/dl><br style=\"clear: both\" \/><dl class='gallery-item'>\n\t\t\t<dt class='gallery-icon landscape'>\n\t\t\t\t<a href='https:\/\/barcelona.euses.cat\/es\/abierto-el-periodo-de-matriculaciones-para-los-grados-universitarios-en-los-campus-de-salt-bellvitge-y-terres-de-lebre\/matriculacions-salt-15-07-2022-8-2\/'><img loading=\"lazy\" decoding=\"async\" width=\"300\" height=\"225\" src=\"https:\/\/barcelona.euses.cat\/wp-content\/uploads\/2022\/07\/matriculacions-salt-15.07.2022-8-300x225.jpeg\" class=\"attachment-medium size-medium\" alt=\"\" srcset=\"https:\/\/barcelona.euses.cat\/wp-content\/uploads\/2022\/07\/matriculacions-salt-15.07.2022-8-300x225.jpeg 300w, https:\/\/barcelona.euses.cat\/wp-content\/uploads\/2022\/07\/matriculacions-salt-15.07.2022-8-1024x769.jpeg 1024w, https:\/\/barcelona.euses.cat\/wp-content\/uploads\/2022\/07\/matriculacions-salt-15.07.2022-8-768x576.jpeg 768w, https:\/\/barcelona.euses.cat\/wp-content\/uploads\/2022\/07\/matriculacions-salt-15.07.2022-8-1536x1153.jpeg 1536w, https:\/\/barcelona.euses.cat\/wp-content\/uploads\/2022\/07\/matriculacions-salt-15.07.2022-8-266x200.jpeg 266w, https:\/\/barcelona.euses.cat\/wp-content\/uploads\/2022\/07\/matriculacions-salt-15.07.2022-8-700x525.jpeg 700w, https:\/\/barcelona.euses.cat\/wp-content\/uploads\/2022\/07\/matriculacions-salt-15.07.2022-8.jpeg 1600w\" sizes=\"(max-width: 300px) 100vw, 300px\" \/><\/a>\n\t\t\t<\/dt><\/dl><dl class='gallery-item'>\n\t\t\t<dt class='gallery-icon landscape'>\n\t\t\t\t<a href='https:\/\/barcelona.euses.cat\/es\/abierto-el-periodo-de-matriculaciones-para-los-grados-universitarios-en-los-campus-de-salt-bellvitge-y-terres-de-lebre\/matriculacions-salt-15-07-2022-7-2\/'><img loading=\"lazy\" decoding=\"async\" width=\"300\" height=\"225\" src=\"https:\/\/barcelona.euses.cat\/wp-content\/uploads\/2022\/07\/matriculacions-salt-15.07.2022-7-300x225.jpeg\" class=\"attachment-medium size-medium\" alt=\"\" srcset=\"https:\/\/barcelona.euses.cat\/wp-content\/uploads\/2022\/07\/matriculacions-salt-15.07.2022-7-300x225.jpeg 300w, https:\/\/barcelona.euses.cat\/wp-content\/uploads\/2022\/07\/matriculacions-salt-15.07.2022-7-1024x769.jpeg 1024w, https:\/\/barcelona.euses.cat\/wp-content\/uploads\/2022\/07\/matriculacions-salt-15.07.2022-7-768x576.jpeg 768w, https:\/\/barcelona.euses.cat\/wp-content\/uploads\/2022\/07\/matriculacions-salt-15.07.2022-7-1536x1153.jpeg 1536w, https:\/\/barcelona.euses.cat\/wp-content\/uploads\/2022\/07\/matriculacions-salt-15.07.2022-7-266x200.jpeg 266w, https:\/\/barcelona.euses.cat\/wp-content\/uploads\/2022\/07\/matriculacions-salt-15.07.2022-7-700x525.jpeg 700w, https:\/\/barcelona.euses.cat\/wp-content\/uploads\/2022\/07\/matriculacions-salt-15.07.2022-7.jpeg 1600w\" sizes=\"(max-width: 300px) 100vw, 300px\" \/><\/a>\n\t\t\t<\/dt><\/dl><dl class='gallery-item'>\n\t\t\t<dt class='gallery-icon landscape'>\n\t\t\t\t<a href='https:\/\/barcelona.euses.cat\/es\/abierto-el-periodo-de-matriculaciones-para-los-grados-universitarios-en-los-campus-de-salt-bellvitge-y-terres-de-lebre\/matriculacions-salt-15-07-2022-1-2\/'><img loading=\"lazy\" decoding=\"async\" width=\"300\" height=\"225\" src=\"https:\/\/barcelona.euses.cat\/wp-content\/uploads\/2022\/07\/matriculacions-salt-15.07.2022-1-300x225.jpeg\" class=\"attachment-medium size-medium\" alt=\"\" srcset=\"https:\/\/barcelona.euses.cat\/wp-content\/uploads\/2022\/07\/matriculacions-salt-15.07.2022-1-300x225.jpeg 300w, https:\/\/barcelona.euses.cat\/wp-content\/uploads\/2022\/07\/matriculacions-salt-15.07.2022-1-1024x769.jpeg 1024w, https:\/\/barcelona.euses.cat\/wp-content\/uploads\/2022\/07\/matriculacions-salt-15.07.2022-1-768x576.jpeg 768w, https:\/\/barcelona.euses.cat\/wp-content\/uploads\/2022\/07\/matriculacions-salt-15.07.2022-1-1536x1153.jpeg 1536w, https:\/\/barcelona.euses.cat\/wp-content\/uploads\/2022\/07\/matriculacions-salt-15.07.2022-1-266x200.jpeg 266w, https:\/\/barcelona.euses.cat\/wp-content\/uploads\/2022\/07\/matriculacions-salt-15.07.2022-1-700x525.jpeg 700w, https:\/\/barcelona.euses.cat\/wp-content\/uploads\/2022\/07\/matriculacions-salt-15.07.2022-1.jpeg 1600w\" sizes=\"(max-width: 300px) 100vw, 300px\" \/><\/a>\n\t\t\t<\/dt><\/dl><br style=\"clear: both\" \/>\n\t\t<\/div>\n\n","protected":false},"excerpt":{"rendered":"<p>Este viernes se ha abierto el periodo de matriculaci\u00f3n para el curso acad\u00e9mico 2022\/23 en los campus de Salt, Bellvitge y Terrres de l\u2019Ebre. En todas las sedes de la Escola Universit\u00e0ria de la Salut i l\u2019Esport, la actividad para la inscripci\u00f3n para los alumnos que se sumar\u00e1n a partir de septiembre a la familia [&hellip;]<\/p>\n","protected":false},"author":3,"featured_media":10780,"comment_status":"open","ping_status":"closed","sticky":false,"template":"","format":"standard","meta":{"_acf_changed":false,"inline_featured_image":false,"_joinchat":[],"footnotes":""},"categories":[1],"tags":[],"class_list":["post-10770","post","type-post","status-publish","format-standard","has-post-thumbnail","hentry","category-sin-categorizar"],"acf":[],"yoast_head":"<!-- This site is optimized with the Yoast SEO plugin v27.4 - https:\/\/yoast.com\/product\/yoast-seo-wordpress\/ -->\n<title>Abierto el periodo de matriculaciones para los grados universitarios en los campus de Salt, Bellvitge y Terres de l\u2019Ebre | EUSES - Campus de Bellvitge (Barcelona)<\/title>\n<meta name=\"robots\" content=\"index, follow, max-snippet:-1, max-image-preview:large, max-video-preview:-1\" \/>\n<link rel=\"canonical\" href=\"https:\/\/barcelona.euses.cat\/es\/abierto-el-periodo-de-matriculaciones-para-los-grados-universitarios-en-los-campus-de-salt-bellvitge-y-terres-de-lebre\/\" \/>\n<meta property=\"og:locale\" content=\"es_ES\" \/>\n<meta property=\"og:type\" content=\"article\" \/>\n<meta property=\"og:title\" content=\"Abierto el periodo de matriculaciones para los grados universitarios en los campus de Salt, Bellvitge y Terres de l\u2019Ebre | EUSES - Campus de Bellvitge (Barcelona)\" \/>\n<meta property=\"og:description\" content=\"Este viernes se ha abierto el periodo de matriculaci\u00f3n para el curso acad\u00e9mico 2022\/23 en los campus de Salt, Bellvitge y Terrres de l\u2019Ebre. En todas las sedes de la Escola Universit\u00e0ria de la Salut i l\u2019Esport, la actividad para la inscripci\u00f3n para los alumnos que se sumar\u00e1n a partir de septiembre a la familia [&hellip;]\" \/>\n<meta property=\"og:url\" content=\"https:\/\/barcelona.euses.cat\/es\/abierto-el-periodo-de-matriculaciones-para-los-grados-universitarios-en-los-campus-de-salt-bellvitge-y-terres-de-lebre\/\" \/>\n<meta property=\"og:site_name\" content=\"EUSES - Campus de Bellvitge (Barcelona)\" \/>\n<meta property=\"article:publisher\" content=\"https:\/\/www.facebook.com\/PhysioBCN\/\" \/>\n<meta property=\"article:published_time\" content=\"2022-07-15T07:35:52+00:00\" \/>\n<meta property=\"article:modified_time\" content=\"2022-07-15T07:36:04+00:00\" \/>\n<meta property=\"og:image\" content=\"https:\/\/barcelona.euses.cat\/wp-content\/uploads\/2022\/07\/matriculacions-salt-15.07.2022-10.jpeg\" \/>\n\t<meta property=\"og:image:width\" content=\"1600\" \/>\n\t<meta property=\"og:image:height\" content=\"1201\" \/>\n\t<meta property=\"og:image:type\" content=\"image\/jpeg\" \/>\n<meta name=\"author\" content=\"Jordi Danes\" \/>\n<meta name=\"twitter:card\" content=\"summary_large_image\" \/>\n<meta name=\"twitter:label1\" content=\"Escrito por\" \/>\n\t<meta name=\"twitter:data1\" content=\"Jordi Danes\" \/>\n\t<meta name=\"twitter:label2\" content=\"Tiempo de lectura\" \/>\n\t<meta name=\"twitter:data2\" content=\"1 minuto\" \/>\n<script type=\"application\/ld+json\" class=\"yoast-schema-graph\">{\"@context\":\"https:\\\/\\\/schema.org\",\"@graph\":[{\"@type\":\"Article\",\"@id\":\"https:\\\/\\\/barcelona.euses.cat\\\/es\\\/abierto-el-periodo-de-matriculaciones-para-los-grados-universitarios-en-los-campus-de-salt-bellvitge-y-terres-de-lebre\\\/#article\",\"isPartOf\":{\"@id\":\"https:\\\/\\\/barcelona.euses.cat\\\/es\\\/abierto-el-periodo-de-matriculaciones-para-los-grados-universitarios-en-los-campus-de-salt-bellvitge-y-terres-de-lebre\\\/\"},\"author\":{\"name\":\"Jordi Danes\",\"@id\":\"https:\\\/\\\/barcelona.euses.cat\\\/ca\\\/#\\\/schema\\\/person\\\/8ab46080dfc4814fa59383db317735bd\"},\"headline\":\"Abierto el periodo de matriculaciones para los grados universitarios en los campus de Salt, Bellvitge y Terres de l\u2019Ebre\",\"datePublished\":\"2022-07-15T07:35:52+00:00\",\"dateModified\":\"2022-07-15T07:36:04+00:00\",\"mainEntityOfPage\":{\"@id\":\"https:\\\/\\\/barcelona.euses.cat\\\/es\\\/abierto-el-periodo-de-matriculaciones-para-los-grados-universitarios-en-los-campus-de-salt-bellvitge-y-terres-de-lebre\\\/\"},\"wordCount\":166,\"commentCount\":0,\"image\":{\"@id\":\"https:\\\/\\\/barcelona.euses.cat\\\/es\\\/abierto-el-periodo-de-matriculaciones-para-los-grados-universitarios-en-los-campus-de-salt-bellvitge-y-terres-de-lebre\\\/#primaryimage\"},\"thumbnailUrl\":\"https:\\\/\\\/barcelona.euses.cat\\\/wp-content\\\/uploads\\\/2022\\\/07\\\/matriculacions-salt-15.07.2022-10.jpeg\",\"articleSection\":[\"Sin categorizar\"],\"inLanguage\":\"es\"},{\"@type\":\"WebPage\",\"@id\":\"https:\\\/\\\/barcelona.euses.cat\\\/es\\\/abierto-el-periodo-de-matriculaciones-para-los-grados-universitarios-en-los-campus-de-salt-bellvitge-y-terres-de-lebre\\\/\",\"url\":\"https:\\\/\\\/barcelona.euses.cat\\\/es\\\/abierto-el-periodo-de-matriculaciones-para-los-grados-universitarios-en-los-campus-de-salt-bellvitge-y-terres-de-lebre\\\/\",\"name\":\"Abierto el periodo de matriculaciones para los grados universitarios en los campus de Salt, Bellvitge y Terres de l\u2019Ebre | EUSES - Campus de Bellvitge (Barcelona)\",\"isPartOf\":{\"@id\":\"https:\\\/\\\/barcelona.euses.cat\\\/ca\\\/#website\"},\"primaryImageOfPage\":{\"@id\":\"https:\\\/\\\/barcelona.euses.cat\\\/es\\\/abierto-el-periodo-de-matriculaciones-para-los-grados-universitarios-en-los-campus-de-salt-bellvitge-y-terres-de-lebre\\\/#primaryimage\"},\"image\":{\"@id\":\"https:\\\/\\\/barcelona.euses.cat\\\/es\\\/abierto-el-periodo-de-matriculaciones-para-los-grados-universitarios-en-los-campus-de-salt-bellvitge-y-terres-de-lebre\\\/#primaryimage\"},\"thumbnailUrl\":\"https:\\\/\\\/barcelona.euses.cat\\\/wp-content\\\/uploads\\\/2022\\\/07\\\/matriculacions-salt-15.07.2022-10.jpeg\",\"datePublished\":\"2022-07-15T07:35:52+00:00\",\"dateModified\":\"2022-07-15T07:36:04+00:00\",\"author\":{\"@id\":\"https:\\\/\\\/barcelona.euses.cat\\\/ca\\\/#\\\/schema\\\/person\\\/8ab46080dfc4814fa59383db317735bd\"},\"breadcrumb\":{\"@id\":\"https:\\\/\\\/barcelona.euses.cat\\\/es\\\/abierto-el-periodo-de-matriculaciones-para-los-grados-universitarios-en-los-campus-de-salt-bellvitge-y-terres-de-lebre\\\/#breadcrumb\"},\"inLanguage\":\"es\",\"potentialAction\":[{\"@type\":\"ReadAction\",\"target\":[\"https:\\\/\\\/barcelona.euses.cat\\\/es\\\/abierto-el-periodo-de-matriculaciones-para-los-grados-universitarios-en-los-campus-de-salt-bellvitge-y-terres-de-lebre\\\/\"]}]},{\"@type\":\"ImageObject\",\"inLanguage\":\"es\",\"@id\":\"https:\\\/\\\/barcelona.euses.cat\\\/es\\\/abierto-el-periodo-de-matriculaciones-para-los-grados-universitarios-en-los-campus-de-salt-bellvitge-y-terres-de-lebre\\\/#primaryimage\",\"url\":\"https:\\\/\\\/barcelona.euses.cat\\\/wp-content\\\/uploads\\\/2022\\\/07\\\/matriculacions-salt-15.07.2022-10.jpeg\",\"contentUrl\":\"https:\\\/\\\/barcelona.euses.cat\\\/wp-content\\\/uploads\\\/2022\\\/07\\\/matriculacions-salt-15.07.2022-10.jpeg\",\"width\":1600,\"height\":1201},{\"@type\":\"BreadcrumbList\",\"@id\":\"https:\\\/\\\/barcelona.euses.cat\\\/es\\\/abierto-el-periodo-de-matriculaciones-para-los-grados-universitarios-en-los-campus-de-salt-bellvitge-y-terres-de-lebre\\\/#breadcrumb\",\"itemListElement\":[{\"@type\":\"ListItem\",\"position\":1,\"name\":\"Portada\",\"item\":\"https:\\\/\\\/barcelona.euses.cat\\\/es\\\/\"},{\"@type\":\"ListItem\",\"position\":2,\"name\":\"Abierto el periodo de matriculaciones para los grados universitarios en los campus de Salt, Bellvitge y Terres de l\u2019Ebre\"}]},{\"@type\":\"WebSite\",\"@id\":\"https:\\\/\\\/barcelona.euses.cat\\\/ca\\\/#website\",\"url\":\"https:\\\/\\\/barcelona.euses.cat\\\/ca\\\/\",\"name\":\"EUSES - Campus de Bellvitge (Barcelona)\",\"description\":\"EUSES, Escuela Universitaria de Fisioterapia Internacional en Barcelona\",\"potentialAction\":[{\"@type\":\"SearchAction\",\"target\":{\"@type\":\"EntryPoint\",\"urlTemplate\":\"https:\\\/\\\/barcelona.euses.cat\\\/ca\\\/?s={search_term_string}\"},\"query-input\":{\"@type\":\"PropertyValueSpecification\",\"valueRequired\":true,\"valueName\":\"search_term_string\"}}],\"inLanguage\":\"es\"},{\"@type\":\"Person\",\"@id\":\"https:\\\/\\\/barcelona.euses.cat\\\/ca\\\/#\\\/schema\\\/person\\\/8ab46080dfc4814fa59383db317735bd\",\"name\":\"Jordi Danes\",\"image\":{\"@type\":\"ImageObject\",\"inLanguage\":\"es\",\"@id\":\"https:\\\/\\\/secure.gravatar.com\\\/avatar\\\/a9e4f443b594af225625ee8cfa665e41b1e0740ea34fbe0515b4ca559f8570ef?s=96&d=mm&r=g\",\"url\":\"https:\\\/\\\/secure.gravatar.com\\\/avatar\\\/a9e4f443b594af225625ee8cfa665e41b1e0740ea34fbe0515b4ca559f8570ef?s=96&d=mm&r=g\",\"contentUrl\":\"https:\\\/\\\/secure.gravatar.com\\\/avatar\\\/a9e4f443b594af225625ee8cfa665e41b1e0740ea34fbe0515b4ca559f8570ef?s=96&d=mm&r=g\",\"caption\":\"Jordi Danes\"},\"url\":\"https:\\\/\\\/barcelona.euses.cat\\\/es\\\/author\\\/jordi-danes\\\/\"}]}<\/script>\n<!-- \/ Yoast SEO plugin. -->","yoast_head_json":{"title":"Abierto el periodo de matriculaciones para los grados universitarios en los campus de Salt, Bellvitge y Terres de l\u2019Ebre | EUSES - Campus de Bellvitge (Barcelona)","robots":{"index":"index","follow":"follow","max-snippet":"max-snippet:-1","max-image-preview":"max-image-preview:large","max-video-preview":"max-video-preview:-1"},"canonical":"https:\/\/barcelona.euses.cat\/es\/abierto-el-periodo-de-matriculaciones-para-los-grados-universitarios-en-los-campus-de-salt-bellvitge-y-terres-de-lebre\/","og_locale":"es_ES","og_type":"article","og_title":"Abierto el periodo de matriculaciones para los grados universitarios en los campus de Salt, Bellvitge y Terres de l\u2019Ebre | EUSES - Campus de Bellvitge (Barcelona)","og_description":"Este viernes se ha abierto el periodo de matriculaci\u00f3n para el curso acad\u00e9mico 2022\/23 en los campus de Salt, Bellvitge y Terrres de l\u2019Ebre. En todas las sedes de la Escola Universit\u00e0ria de la Salut i l\u2019Esport, la actividad para la inscripci\u00f3n para los alumnos que se sumar\u00e1n a partir de septiembre a la familia [&hellip;]","og_url":"https:\/\/barcelona.euses.cat\/es\/abierto-el-periodo-de-matriculaciones-para-los-grados-universitarios-en-los-campus-de-salt-bellvitge-y-terres-de-lebre\/","og_site_name":"EUSES - Campus de Bellvitge (Barcelona)","article_publisher":"https:\/\/www.facebook.com\/PhysioBCN\/","article_published_time":"2022-07-15T07:35:52+00:00","article_modified_time":"2022-07-15T07:36:04+00:00","og_image":[{"width":1600,"height":1201,"url":"https:\/\/barcelona.euses.cat\/wp-content\/uploads\/2022\/07\/matriculacions-salt-15.07.2022-10.jpeg","type":"image\/jpeg"}],"author":"Jordi Danes","twitter_card":"summary_large_image","twitter_misc":{"Escrito por":"Jordi Danes","Tiempo de lectura":"1 minuto"},"schema":{"@context":"https:\/\/schema.org","@graph":[{"@type":"Article","@id":"https:\/\/barcelona.euses.cat\/es\/abierto-el-periodo-de-matriculaciones-para-los-grados-universitarios-en-los-campus-de-salt-bellvitge-y-terres-de-lebre\/#article","isPartOf":{"@id":"https:\/\/barcelona.euses.cat\/es\/abierto-el-periodo-de-matriculaciones-para-los-grados-universitarios-en-los-campus-de-salt-bellvitge-y-terres-de-lebre\/"},"author":{"name":"Jordi Danes","@id":"https:\/\/barcelona.euses.cat\/ca\/#\/schema\/person\/8ab46080dfc4814fa59383db317735bd"},"headline":"Abierto el periodo de matriculaciones para los grados universitarios en los campus de Salt, Bellvitge y Terres de l\u2019Ebre","datePublished":"2022-07-15T07:35:52+00:00","dateModified":"2022-07-15T07:36:04+00:00","mainEntityOfPage":{"@id":"https:\/\/barcelona.euses.cat\/es\/abierto-el-periodo-de-matriculaciones-para-los-grados-universitarios-en-los-campus-de-salt-bellvitge-y-terres-de-lebre\/"},"wordCount":166,"commentCount":0,"image":{"@id":"https:\/\/barcelona.euses.cat\/es\/abierto-el-periodo-de-matriculaciones-para-los-grados-universitarios-en-los-campus-de-salt-bellvitge-y-terres-de-lebre\/#primaryimage"},"thumbnailUrl":"https:\/\/barcelona.euses.cat\/wp-content\/uploads\/2022\/07\/matriculacions-salt-15.07.2022-10.jpeg","articleSection":["Sin categorizar"],"inLanguage":"es"},{"@type":"WebPage","@id":"https:\/\/barcelona.euses.cat\/es\/abierto-el-periodo-de-matriculaciones-para-los-grados-universitarios-en-los-campus-de-salt-bellvitge-y-terres-de-lebre\/","url":"https:\/\/barcelona.euses.cat\/es\/abierto-el-periodo-de-matriculaciones-para-los-grados-universitarios-en-los-campus-de-salt-bellvitge-y-terres-de-lebre\/","name":"Abierto el periodo de matriculaciones para los grados universitarios en los campus de Salt, Bellvitge y Terres de l\u2019Ebre | EUSES - Campus de Bellvitge (Barcelona)","isPartOf":{"@id":"https:\/\/barcelona.euses.cat\/ca\/#website"},"primaryImageOfPage":{"@id":"https:\/\/barcelona.euses.cat\/es\/abierto-el-periodo-de-matriculaciones-para-los-grados-universitarios-en-los-campus-de-salt-bellvitge-y-terres-de-lebre\/#primaryimage"},"image":{"@id":"https:\/\/barcelona.euses.cat\/es\/abierto-el-periodo-de-matriculaciones-para-los-grados-universitarios-en-los-campus-de-salt-bellvitge-y-terres-de-lebre\/#primaryimage"},"thumbnailUrl":"https:\/\/barcelona.euses.cat\/wp-content\/uploads\/2022\/07\/matriculacions-salt-15.07.2022-10.jpeg","datePublished":"2022-07-15T07:35:52+00:00","dateModified":"2022-07-15T07:36:04+00:00","author":{"@id":"https:\/\/barcelona.euses.cat\/ca\/#\/schema\/person\/8ab46080dfc4814fa59383db317735bd"},"breadcrumb":{"@id":"https:\/\/barcelona.euses.cat\/es\/abierto-el-periodo-de-matriculaciones-para-los-grados-universitarios-en-los-campus-de-salt-bellvitge-y-terres-de-lebre\/#breadcrumb"},"inLanguage":"es","potentialAction":[{"@type":"ReadAction","target":["https:\/\/barcelona.euses.cat\/es\/abierto-el-periodo-de-matriculaciones-para-los-grados-universitarios-en-los-campus-de-salt-bellvitge-y-terres-de-lebre\/"]}]},{"@type":"ImageObject","inLanguage":"es","@id":"https:\/\/barcelona.euses.cat\/es\/abierto-el-periodo-de-matriculaciones-para-los-grados-universitarios-en-los-campus-de-salt-bellvitge-y-terres-de-lebre\/#primaryimage","url":"https:\/\/barcelona.euses.cat\/wp-content\/uploads\/2022\/07\/matriculacions-salt-15.07.2022-10.jpeg","contentUrl":"https:\/\/barcelona.euses.cat\/wp-content\/uploads\/2022\/07\/matriculacions-salt-15.07.2022-10.jpeg","width":1600,"height":1201},{"@type":"BreadcrumbList","@id":"https:\/\/barcelona.euses.cat\/es\/abierto-el-periodo-de-matriculaciones-para-los-grados-universitarios-en-los-campus-de-salt-bellvitge-y-terres-de-lebre\/#breadcrumb","itemListElement":[{"@type":"ListItem","position":1,"name":"Portada","item":"https:\/\/barcelona.euses.cat\/es\/"},{"@type":"ListItem","position":2,"name":"Abierto el periodo de matriculaciones para los grados universitarios en los campus de Salt, Bellvitge y Terres de l\u2019Ebre"}]},{"@type":"WebSite","@id":"https:\/\/barcelona.euses.cat\/ca\/#website","url":"https:\/\/barcelona.euses.cat\/ca\/","name":"EUSES - Campus de Bellvitge (Barcelona)","description":"EUSES, Escuela Universitaria de Fisioterapia Internacional en Barcelona","potentialAction":[{"@type":"SearchAction","target":{"@type":"EntryPoint","urlTemplate":"https:\/\/barcelona.euses.cat\/ca\/?s={search_term_string}"},"query-input":{"@type":"PropertyValueSpecification","valueRequired":true,"valueName":"search_term_string"}}],"inLanguage":"es"},{"@type":"Person","@id":"https:\/\/barcelona.euses.cat\/ca\/#\/schema\/person\/8ab46080dfc4814fa59383db317735bd","name":"Jordi Danes","image":{"@type":"ImageObject","inLanguage":"es","@id":"https:\/\/secure.gravatar.com\/avatar\/a9e4f443b594af225625ee8cfa665e41b1e0740ea34fbe0515b4ca559f8570ef?s=96&d=mm&r=g","url":"https:\/\/secure.gravatar.com\/avatar\/a9e4f443b594af225625ee8cfa665e41b1e0740ea34fbe0515b4ca559f8570ef?s=96&d=mm&r=g","contentUrl":"https:\/\/secure.gravatar.com\/avatar\/a9e4f443b594af225625ee8cfa665e41b1e0740ea34fbe0515b4ca559f8570ef?s=96&d=mm&r=g","caption":"Jordi Danes"},"url":"https:\/\/barcelona.euses.cat\/es\/author\/jordi-danes\/"}]}},"_links":{"self":[{"href":"https:\/\/barcelona.euses.cat\/es\/wp-json\/wp\/v2\/posts\/10770","targetHints":{"allow":["GET"]}}],"collection":[{"href":"https:\/\/barcelona.euses.cat\/es\/wp-json\/wp\/v2\/posts"}],"about":[{"href":"https:\/\/barcelona.euses.cat\/es\/wp-json\/wp\/v2\/types\/post"}],"author":[{"embeddable":true,"href":"https:\/\/barcelona.euses.cat\/es\/wp-json\/wp\/v2\/users\/3"}],"replies":[{"embeddable":true,"href":"https:\/\/barcelona.euses.cat\/es\/wp-json\/wp\/v2\/comments?post=10770"}],"version-history":[{"count":2,"href":"https:\/\/barcelona.euses.cat\/es\/wp-json\/wp\/v2\/posts\/10770\/revisions"}],"predecessor-version":[{"id":10820,"href":"https:\/\/barcelona.euses.cat\/es\/wp-json\/wp\/v2\/posts\/10770\/revisions\/10820"}],"wp:featuredmedia":[{"embeddable":true,"href":"https:\/\/barcelona.euses.cat\/es\/wp-json\/wp\/v2\/media\/10780"}],"wp:attachment":[{"href":"https:\/\/barcelona.euses.cat\/es\/wp-json\/wp\/v2\/media?parent=10770"}],"wp:term":[{"taxonomy":"category","embeddable":true,"href":"https:\/\/barcelona.euses.cat\/es\/wp-json\/wp\/v2\/categories?post=10770"},{"taxonomy":"post_tag","embeddable":true,"href":"https:\/\/barcelona.euses.cat\/es\/wp-json\/wp\/v2\/tags?post=10770"}],"curies":[{"name":"wp","href":"https:\/\/api.w.org\/{rel}","templated":true}]}}