{"id":10748,"date":"2022-06-08T00:02:27","date_gmt":"2022-06-07T22:02:27","guid":{"rendered":"https:\/\/barcelona.euses.cat\/?p=10748"},"modified":"2022-06-13T12:25:33","modified_gmt":"2022-06-13T10:25:33","slug":"55-nuevos-graduados-en-la-4a-promocion-del-grado-en-fisioterapia-euses-udg-enti-ub-en-un-acto-celebrado-en-la-sala-paraninfo","status":"publish","type":"post","link":"https:\/\/barcelona.euses.cat\/es\/55-nuevos-graduados-en-la-4a-promocion-del-grado-en-fisioterapia-euses-udg-enti-ub-en-un-acto-celebrado-en-la-sala-paraninfo\/","title":{"rendered":"55 nuevos graduados en la 4\u00aa promoci\u00f3n del Grado en Fisioterapia (EUSES-UdG, ENTI-UB) en un acto celebrado en la sala Paraninfo"},"content":{"rendered":"<p>La sala Paraninfo de la Universitat de Barcelona ha sido este martes un marco incomparable para el acto de Graduaci\u00f3n de los estudiantes de la 4\u00aa promoci\u00f3n del Grado en Fisioterapia Internacional (EUSES-UdG, ENTI-UB). De esta hornada han salido 55 nuevos graduados de siete nacionalidades que empezaron los estudios en el Campus de Bellvitge el a\u00f1o 2018. El acto estuvo presidido por la delegada del rector para los centros adscritos de la UdG, Dra. Pilar Marqu\u00e8s; por el director acad\u00e9mico de ENTI-UB, Dr. \u00d2scar Garcia; y por el Director del Grado en Fisioterapia Internacional, Dr. Gerard Mu\u00f1oz. Todos ellos dirigieron a los graduados palabras de felicitaci\u00f3n por el trabajo hecho y de \u00e1nimo por su inminente inserci\u00f3n al mundo laboral. Los representantes de los alumnos tambi\u00e9n hicieron rec\u00edprocos los agradecimientos al equipo docente y posteriormente se hizo la entrega de diplomas que dio paso al cierre del acto con la actuaci\u00f3n musical Gaudeamus Igitur.<\/p>\n<p><a href=\"https:\/\/www.facebook.com\/media\/set\/?set=a.2070628679785119&amp;type=3\" target=\"_blank\" rel=\"noopener noreferrer\">TODAS LAS FOTOS DEL ACTO DE GRADUACI\u00d3N 2018\/2022 (Fotos: NATALIA CEDRES)<\/a><\/p>\n<p>&nbsp;<\/p>\n","protected":false},"excerpt":{"rendered":"<p>La sala Paraninfo de la Universitat de Barcelona ha sido este martes un marco incomparable para el acto de Graduaci\u00f3n de los estudiantes de la 4\u00aa promoci\u00f3n del Grado en Fisioterapia Internacional (EUSES-UdG, ENTI-UB). De esta hornada han salido 55 nuevos graduados de siete nacionalidades que empezaron los estudios en el Campus de Bellvitge el [&hellip;]<\/p>\n","protected":false},"author":3,"featured_media":10761,"comment_status":"open","ping_status":"closed","sticky":false,"template":"","format":"standard","meta":{"_acf_changed":false,"inline_featured_image":false,"_joinchat":[],"footnotes":""},"categories":[1],"tags":[],"class_list":["post-10748","post","type-post","status-publish","format-standard","has-post-thumbnail","hentry","category-sin-categorizar"],"acf":[],"yoast_head":"<!-- This site is optimized with the Yoast SEO plugin v27.4 - https:\/\/yoast.com\/product\/yoast-seo-wordpress\/ -->\n<title>55 nuevos graduados en la 4\u00aa promoci\u00f3n del Grado en Fisioterapia (EUSES-UdG, ENTI-UB) en un acto celebrado en la sala Paraninfo | EUSES - Campus de Bellvitge (Barcelona)<\/title>\n<meta name=\"robots\" content=\"index, follow, max-snippet:-1, max-image-preview:large, max-video-preview:-1\" \/>\n<link rel=\"canonical\" href=\"https:\/\/barcelona.euses.cat\/es\/55-nuevos-graduados-en-la-4a-promocion-del-grado-en-fisioterapia-euses-udg-enti-ub-en-un-acto-celebrado-en-la-sala-paraninfo\/\" \/>\n<meta property=\"og:locale\" content=\"es_ES\" \/>\n<meta property=\"og:type\" content=\"article\" \/>\n<meta property=\"og:title\" content=\"55 nuevos graduados en la 4\u00aa promoci\u00f3n del Grado en Fisioterapia (EUSES-UdG, ENTI-UB) en un acto celebrado en la sala Paraninfo | EUSES - Campus de Bellvitge (Barcelona)\" \/>\n<meta property=\"og:description\" content=\"La sala Paraninfo de la Universitat de Barcelona ha sido este martes un marco incomparable para el acto de Graduaci\u00f3n de los estudiantes de la 4\u00aa promoci\u00f3n del Grado en Fisioterapia Internacional (EUSES-UdG, ENTI-UB). De esta hornada han salido 55 nuevos graduados de siete nacionalidades que empezaron los estudios en el Campus de Bellvitge el [&hellip;]\" \/>\n<meta property=\"og:url\" content=\"https:\/\/barcelona.euses.cat\/es\/55-nuevos-graduados-en-la-4a-promocion-del-grado-en-fisioterapia-euses-udg-enti-ub-en-un-acto-celebrado-en-la-sala-paraninfo\/\" \/>\n<meta property=\"og:site_name\" content=\"EUSES - Campus de Bellvitge (Barcelona)\" \/>\n<meta property=\"article:publisher\" content=\"https:\/\/www.facebook.com\/PhysioBCN\/\" \/>\n<meta property=\"article:published_time\" content=\"2022-06-07T22:02:27+00:00\" \/>\n<meta property=\"article:modified_time\" content=\"2022-06-13T10:25:33+00:00\" \/>\n<meta property=\"og:image\" content=\"https:\/\/barcelona.euses.cat\/wp-content\/uploads\/2022\/06\/GRADFISIO.jpg\" \/>\n\t<meta property=\"og:image:width\" content=\"2048\" \/>\n\t<meta property=\"og:image:height\" content=\"1365\" \/>\n\t<meta property=\"og:image:type\" content=\"image\/jpeg\" \/>\n<meta name=\"author\" content=\"Jordi Danes\" \/>\n<meta name=\"twitter:card\" content=\"summary_large_image\" \/>\n<meta name=\"twitter:label1\" content=\"Escrito por\" \/>\n\t<meta name=\"twitter:data1\" content=\"Jordi Danes\" \/>\n\t<meta name=\"twitter:label2\" content=\"Tiempo de lectura\" \/>\n\t<meta name=\"twitter:data2\" content=\"1 minuto\" \/>\n<script type=\"application\/ld+json\" class=\"yoast-schema-graph\">{\"@context\":\"https:\\\/\\\/schema.org\",\"@graph\":[{\"@type\":\"Article\",\"@id\":\"https:\\\/\\\/barcelona.euses.cat\\\/es\\\/55-nuevos-graduados-en-la-4a-promocion-del-grado-en-fisioterapia-euses-udg-enti-ub-en-un-acto-celebrado-en-la-sala-paraninfo\\\/#article\",\"isPartOf\":{\"@id\":\"https:\\\/\\\/barcelona.euses.cat\\\/es\\\/55-nuevos-graduados-en-la-4a-promocion-del-grado-en-fisioterapia-euses-udg-enti-ub-en-un-acto-celebrado-en-la-sala-paraninfo\\\/\"},\"author\":{\"name\":\"Jordi Danes\",\"@id\":\"https:\\\/\\\/barcelona.euses.cat\\\/ca\\\/#\\\/schema\\\/person\\\/8ab46080dfc4814fa59383db317735bd\"},\"headline\":\"55 nuevos graduados en la 4\u00aa promoci\u00f3n del Grado en Fisioterapia (EUSES-UdG, ENTI-UB) en un acto celebrado en la sala Paraninfo\",\"datePublished\":\"2022-06-07T22:02:27+00:00\",\"dateModified\":\"2022-06-13T10:25:33+00:00\",\"mainEntityOfPage\":{\"@id\":\"https:\\\/\\\/barcelona.euses.cat\\\/es\\\/55-nuevos-graduados-en-la-4a-promocion-del-grado-en-fisioterapia-euses-udg-enti-ub-en-un-acto-celebrado-en-la-sala-paraninfo\\\/\"},\"wordCount\":194,\"commentCount\":0,\"image\":{\"@id\":\"https:\\\/\\\/barcelona.euses.cat\\\/es\\\/55-nuevos-graduados-en-la-4a-promocion-del-grado-en-fisioterapia-euses-udg-enti-ub-en-un-acto-celebrado-en-la-sala-paraninfo\\\/#primaryimage\"},\"thumbnailUrl\":\"https:\\\/\\\/barcelona.euses.cat\\\/wp-content\\\/uploads\\\/2022\\\/06\\\/GRADFISIO.jpg\",\"articleSection\":[\"Sin categorizar\"],\"inLanguage\":\"es\"},{\"@type\":\"WebPage\",\"@id\":\"https:\\\/\\\/barcelona.euses.cat\\\/es\\\/55-nuevos-graduados-en-la-4a-promocion-del-grado-en-fisioterapia-euses-udg-enti-ub-en-un-acto-celebrado-en-la-sala-paraninfo\\\/\",\"url\":\"https:\\\/\\\/barcelona.euses.cat\\\/es\\\/55-nuevos-graduados-en-la-4a-promocion-del-grado-en-fisioterapia-euses-udg-enti-ub-en-un-acto-celebrado-en-la-sala-paraninfo\\\/\",\"name\":\"55 nuevos graduados en la 4\u00aa promoci\u00f3n del Grado en Fisioterapia (EUSES-UdG, ENTI-UB) en un acto celebrado en la sala Paraninfo | EUSES - Campus de Bellvitge (Barcelona)\",\"isPartOf\":{\"@id\":\"https:\\\/\\\/barcelona.euses.cat\\\/ca\\\/#website\"},\"primaryImageOfPage\":{\"@id\":\"https:\\\/\\\/barcelona.euses.cat\\\/es\\\/55-nuevos-graduados-en-la-4a-promocion-del-grado-en-fisioterapia-euses-udg-enti-ub-en-un-acto-celebrado-en-la-sala-paraninfo\\\/#primaryimage\"},\"image\":{\"@id\":\"https:\\\/\\\/barcelona.euses.cat\\\/es\\\/55-nuevos-graduados-en-la-4a-promocion-del-grado-en-fisioterapia-euses-udg-enti-ub-en-un-acto-celebrado-en-la-sala-paraninfo\\\/#primaryimage\"},\"thumbnailUrl\":\"https:\\\/\\\/barcelona.euses.cat\\\/wp-content\\\/uploads\\\/2022\\\/06\\\/GRADFISIO.jpg\",\"datePublished\":\"2022-06-07T22:02:27+00:00\",\"dateModified\":\"2022-06-13T10:25:33+00:00\",\"author\":{\"@id\":\"https:\\\/\\\/barcelona.euses.cat\\\/ca\\\/#\\\/schema\\\/person\\\/8ab46080dfc4814fa59383db317735bd\"},\"breadcrumb\":{\"@id\":\"https:\\\/\\\/barcelona.euses.cat\\\/es\\\/55-nuevos-graduados-en-la-4a-promocion-del-grado-en-fisioterapia-euses-udg-enti-ub-en-un-acto-celebrado-en-la-sala-paraninfo\\\/#breadcrumb\"},\"inLanguage\":\"es\",\"potentialAction\":[{\"@type\":\"ReadAction\",\"target\":[\"https:\\\/\\\/barcelona.euses.cat\\\/es\\\/55-nuevos-graduados-en-la-4a-promocion-del-grado-en-fisioterapia-euses-udg-enti-ub-en-un-acto-celebrado-en-la-sala-paraninfo\\\/\"]}]},{\"@type\":\"ImageObject\",\"inLanguage\":\"es\",\"@id\":\"https:\\\/\\\/barcelona.euses.cat\\\/es\\\/55-nuevos-graduados-en-la-4a-promocion-del-grado-en-fisioterapia-euses-udg-enti-ub-en-un-acto-celebrado-en-la-sala-paraninfo\\\/#primaryimage\",\"url\":\"https:\\\/\\\/barcelona.euses.cat\\\/wp-content\\\/uploads\\\/2022\\\/06\\\/GRADFISIO.jpg\",\"contentUrl\":\"https:\\\/\\\/barcelona.euses.cat\\\/wp-content\\\/uploads\\\/2022\\\/06\\\/GRADFISIO.jpg\",\"width\":2048,\"height\":1365},{\"@type\":\"BreadcrumbList\",\"@id\":\"https:\\\/\\\/barcelona.euses.cat\\\/es\\\/55-nuevos-graduados-en-la-4a-promocion-del-grado-en-fisioterapia-euses-udg-enti-ub-en-un-acto-celebrado-en-la-sala-paraninfo\\\/#breadcrumb\",\"itemListElement\":[{\"@type\":\"ListItem\",\"position\":1,\"name\":\"Portada\",\"item\":\"https:\\\/\\\/barcelona.euses.cat\\\/es\\\/\"},{\"@type\":\"ListItem\",\"position\":2,\"name\":\"55 nuevos graduados en la 4\u00aa promoci\u00f3n del Grado en Fisioterapia (EUSES-UdG, ENTI-UB) en un acto celebrado en la sala Paraninfo\"}]},{\"@type\":\"WebSite\",\"@id\":\"https:\\\/\\\/barcelona.euses.cat\\\/ca\\\/#website\",\"url\":\"https:\\\/\\\/barcelona.euses.cat\\\/ca\\\/\",\"name\":\"EUSES - Campus de Bellvitge (Barcelona)\",\"description\":\"EUSES, Escuela Universitaria de Fisioterapia Internacional en Barcelona\",\"potentialAction\":[{\"@type\":\"SearchAction\",\"target\":{\"@type\":\"EntryPoint\",\"urlTemplate\":\"https:\\\/\\\/barcelona.euses.cat\\\/ca\\\/?s={search_term_string}\"},\"query-input\":{\"@type\":\"PropertyValueSpecification\",\"valueRequired\":true,\"valueName\":\"search_term_string\"}}],\"inLanguage\":\"es\"},{\"@type\":\"Person\",\"@id\":\"https:\\\/\\\/barcelona.euses.cat\\\/ca\\\/#\\\/schema\\\/person\\\/8ab46080dfc4814fa59383db317735bd\",\"name\":\"Jordi Danes\",\"image\":{\"@type\":\"ImageObject\",\"inLanguage\":\"es\",\"@id\":\"https:\\\/\\\/secure.gravatar.com\\\/avatar\\\/a9e4f443b594af225625ee8cfa665e41b1e0740ea34fbe0515b4ca559f8570ef?s=96&d=mm&r=g\",\"url\":\"https:\\\/\\\/secure.gravatar.com\\\/avatar\\\/a9e4f443b594af225625ee8cfa665e41b1e0740ea34fbe0515b4ca559f8570ef?s=96&d=mm&r=g\",\"contentUrl\":\"https:\\\/\\\/secure.gravatar.com\\\/avatar\\\/a9e4f443b594af225625ee8cfa665e41b1e0740ea34fbe0515b4ca559f8570ef?s=96&d=mm&r=g\",\"caption\":\"Jordi Danes\"},\"url\":\"https:\\\/\\\/barcelona.euses.cat\\\/es\\\/author\\\/jordi-danes\\\/\"}]}<\/script>\n<!-- \/ Yoast SEO plugin. -->","yoast_head_json":{"title":"55 nuevos graduados en la 4\u00aa promoci\u00f3n del Grado en Fisioterapia (EUSES-UdG, ENTI-UB) en un acto celebrado en la sala Paraninfo | EUSES - Campus de Bellvitge (Barcelona)","robots":{"index":"index","follow":"follow","max-snippet":"max-snippet:-1","max-image-preview":"max-image-preview:large","max-video-preview":"max-video-preview:-1"},"canonical":"https:\/\/barcelona.euses.cat\/es\/55-nuevos-graduados-en-la-4a-promocion-del-grado-en-fisioterapia-euses-udg-enti-ub-en-un-acto-celebrado-en-la-sala-paraninfo\/","og_locale":"es_ES","og_type":"article","og_title":"55 nuevos graduados en la 4\u00aa promoci\u00f3n del Grado en Fisioterapia (EUSES-UdG, ENTI-UB) en un acto celebrado en la sala Paraninfo | EUSES - Campus de Bellvitge (Barcelona)","og_description":"La sala Paraninfo de la Universitat de Barcelona ha sido este martes un marco incomparable para el acto de Graduaci\u00f3n de los estudiantes de la 4\u00aa promoci\u00f3n del Grado en Fisioterapia Internacional (EUSES-UdG, ENTI-UB). De esta hornada han salido 55 nuevos graduados de siete nacionalidades que empezaron los estudios en el Campus de Bellvitge el [&hellip;]","og_url":"https:\/\/barcelona.euses.cat\/es\/55-nuevos-graduados-en-la-4a-promocion-del-grado-en-fisioterapia-euses-udg-enti-ub-en-un-acto-celebrado-en-la-sala-paraninfo\/","og_site_name":"EUSES - Campus de Bellvitge (Barcelona)","article_publisher":"https:\/\/www.facebook.com\/PhysioBCN\/","article_published_time":"2022-06-07T22:02:27+00:00","article_modified_time":"2022-06-13T10:25:33+00:00","og_image":[{"width":2048,"height":1365,"url":"https:\/\/barcelona.euses.cat\/wp-content\/uploads\/2022\/06\/GRADFISIO.jpg","type":"image\/jpeg"}],"author":"Jordi Danes","twitter_card":"summary_large_image","twitter_misc":{"Escrito por":"Jordi Danes","Tiempo de lectura":"1 minuto"},"schema":{"@context":"https:\/\/schema.org","@graph":[{"@type":"Article","@id":"https:\/\/barcelona.euses.cat\/es\/55-nuevos-graduados-en-la-4a-promocion-del-grado-en-fisioterapia-euses-udg-enti-ub-en-un-acto-celebrado-en-la-sala-paraninfo\/#article","isPartOf":{"@id":"https:\/\/barcelona.euses.cat\/es\/55-nuevos-graduados-en-la-4a-promocion-del-grado-en-fisioterapia-euses-udg-enti-ub-en-un-acto-celebrado-en-la-sala-paraninfo\/"},"author":{"name":"Jordi Danes","@id":"https:\/\/barcelona.euses.cat\/ca\/#\/schema\/person\/8ab46080dfc4814fa59383db317735bd"},"headline":"55 nuevos graduados en la 4\u00aa promoci\u00f3n del Grado en Fisioterapia (EUSES-UdG, ENTI-UB) en un acto celebrado en la sala Paraninfo","datePublished":"2022-06-07T22:02:27+00:00","dateModified":"2022-06-13T10:25:33+00:00","mainEntityOfPage":{"@id":"https:\/\/barcelona.euses.cat\/es\/55-nuevos-graduados-en-la-4a-promocion-del-grado-en-fisioterapia-euses-udg-enti-ub-en-un-acto-celebrado-en-la-sala-paraninfo\/"},"wordCount":194,"commentCount":0,"image":{"@id":"https:\/\/barcelona.euses.cat\/es\/55-nuevos-graduados-en-la-4a-promocion-del-grado-en-fisioterapia-euses-udg-enti-ub-en-un-acto-celebrado-en-la-sala-paraninfo\/#primaryimage"},"thumbnailUrl":"https:\/\/barcelona.euses.cat\/wp-content\/uploads\/2022\/06\/GRADFISIO.jpg","articleSection":["Sin categorizar"],"inLanguage":"es"},{"@type":"WebPage","@id":"https:\/\/barcelona.euses.cat\/es\/55-nuevos-graduados-en-la-4a-promocion-del-grado-en-fisioterapia-euses-udg-enti-ub-en-un-acto-celebrado-en-la-sala-paraninfo\/","url":"https:\/\/barcelona.euses.cat\/es\/55-nuevos-graduados-en-la-4a-promocion-del-grado-en-fisioterapia-euses-udg-enti-ub-en-un-acto-celebrado-en-la-sala-paraninfo\/","name":"55 nuevos graduados en la 4\u00aa promoci\u00f3n del Grado en Fisioterapia (EUSES-UdG, ENTI-UB) en un acto celebrado en la sala Paraninfo | EUSES - Campus de Bellvitge (Barcelona)","isPartOf":{"@id":"https:\/\/barcelona.euses.cat\/ca\/#website"},"primaryImageOfPage":{"@id":"https:\/\/barcelona.euses.cat\/es\/55-nuevos-graduados-en-la-4a-promocion-del-grado-en-fisioterapia-euses-udg-enti-ub-en-un-acto-celebrado-en-la-sala-paraninfo\/#primaryimage"},"image":{"@id":"https:\/\/barcelona.euses.cat\/es\/55-nuevos-graduados-en-la-4a-promocion-del-grado-en-fisioterapia-euses-udg-enti-ub-en-un-acto-celebrado-en-la-sala-paraninfo\/#primaryimage"},"thumbnailUrl":"https:\/\/barcelona.euses.cat\/wp-content\/uploads\/2022\/06\/GRADFISIO.jpg","datePublished":"2022-06-07T22:02:27+00:00","dateModified":"2022-06-13T10:25:33+00:00","author":{"@id":"https:\/\/barcelona.euses.cat\/ca\/#\/schema\/person\/8ab46080dfc4814fa59383db317735bd"},"breadcrumb":{"@id":"https:\/\/barcelona.euses.cat\/es\/55-nuevos-graduados-en-la-4a-promocion-del-grado-en-fisioterapia-euses-udg-enti-ub-en-un-acto-celebrado-en-la-sala-paraninfo\/#breadcrumb"},"inLanguage":"es","potentialAction":[{"@type":"ReadAction","target":["https:\/\/barcelona.euses.cat\/es\/55-nuevos-graduados-en-la-4a-promocion-del-grado-en-fisioterapia-euses-udg-enti-ub-en-un-acto-celebrado-en-la-sala-paraninfo\/"]}]},{"@type":"ImageObject","inLanguage":"es","@id":"https:\/\/barcelona.euses.cat\/es\/55-nuevos-graduados-en-la-4a-promocion-del-grado-en-fisioterapia-euses-udg-enti-ub-en-un-acto-celebrado-en-la-sala-paraninfo\/#primaryimage","url":"https:\/\/barcelona.euses.cat\/wp-content\/uploads\/2022\/06\/GRADFISIO.jpg","contentUrl":"https:\/\/barcelona.euses.cat\/wp-content\/uploads\/2022\/06\/GRADFISIO.jpg","width":2048,"height":1365},{"@type":"BreadcrumbList","@id":"https:\/\/barcelona.euses.cat\/es\/55-nuevos-graduados-en-la-4a-promocion-del-grado-en-fisioterapia-euses-udg-enti-ub-en-un-acto-celebrado-en-la-sala-paraninfo\/#breadcrumb","itemListElement":[{"@type":"ListItem","position":1,"name":"Portada","item":"https:\/\/barcelona.euses.cat\/es\/"},{"@type":"ListItem","position":2,"name":"55 nuevos graduados en la 4\u00aa promoci\u00f3n del Grado en Fisioterapia (EUSES-UdG, ENTI-UB) en un acto celebrado en la sala Paraninfo"}]},{"@type":"WebSite","@id":"https:\/\/barcelona.euses.cat\/ca\/#website","url":"https:\/\/barcelona.euses.cat\/ca\/","name":"EUSES - Campus de Bellvitge (Barcelona)","description":"EUSES, Escuela Universitaria de Fisioterapia Internacional en Barcelona","potentialAction":[{"@type":"SearchAction","target":{"@type":"EntryPoint","urlTemplate":"https:\/\/barcelona.euses.cat\/ca\/?s={search_term_string}"},"query-input":{"@type":"PropertyValueSpecification","valueRequired":true,"valueName":"search_term_string"}}],"inLanguage":"es"},{"@type":"Person","@id":"https:\/\/barcelona.euses.cat\/ca\/#\/schema\/person\/8ab46080dfc4814fa59383db317735bd","name":"Jordi Danes","image":{"@type":"ImageObject","inLanguage":"es","@id":"https:\/\/secure.gravatar.com\/avatar\/a9e4f443b594af225625ee8cfa665e41b1e0740ea34fbe0515b4ca559f8570ef?s=96&d=mm&r=g","url":"https:\/\/secure.gravatar.com\/avatar\/a9e4f443b594af225625ee8cfa665e41b1e0740ea34fbe0515b4ca559f8570ef?s=96&d=mm&r=g","contentUrl":"https:\/\/secure.gravatar.com\/avatar\/a9e4f443b594af225625ee8cfa665e41b1e0740ea34fbe0515b4ca559f8570ef?s=96&d=mm&r=g","caption":"Jordi Danes"},"url":"https:\/\/barcelona.euses.cat\/es\/author\/jordi-danes\/"}]}},"_links":{"self":[{"href":"https:\/\/barcelona.euses.cat\/es\/wp-json\/wp\/v2\/posts\/10748","targetHints":{"allow":["GET"]}}],"collection":[{"href":"https:\/\/barcelona.euses.cat\/es\/wp-json\/wp\/v2\/posts"}],"about":[{"href":"https:\/\/barcelona.euses.cat\/es\/wp-json\/wp\/v2\/types\/post"}],"author":[{"embeddable":true,"href":"https:\/\/barcelona.euses.cat\/es\/wp-json\/wp\/v2\/users\/3"}],"replies":[{"embeddable":true,"href":"https:\/\/barcelona.euses.cat\/es\/wp-json\/wp\/v2\/comments?post=10748"}],"version-history":[{"count":3,"href":"https:\/\/barcelona.euses.cat\/es\/wp-json\/wp\/v2\/posts\/10748\/revisions"}],"predecessor-version":[{"id":10763,"href":"https:\/\/barcelona.euses.cat\/es\/wp-json\/wp\/v2\/posts\/10748\/revisions\/10763"}],"wp:featuredmedia":[{"embeddable":true,"href":"https:\/\/barcelona.euses.cat\/es\/wp-json\/wp\/v2\/media\/10761"}],"wp:attachment":[{"href":"https:\/\/barcelona.euses.cat\/es\/wp-json\/wp\/v2\/media?parent=10748"}],"wp:term":[{"taxonomy":"category","embeddable":true,"href":"https:\/\/barcelona.euses.cat\/es\/wp-json\/wp\/v2\/categories?post=10748"},{"taxonomy":"post_tag","embeddable":true,"href":"https:\/\/barcelona.euses.cat\/es\/wp-json\/wp\/v2\/tags?post=10748"}],"curies":[{"name":"wp","href":"https:\/\/api.w.org\/{rel}","templated":true}]}}