{"id":10723,"date":"2022-04-27T11:45:08","date_gmt":"2022-04-27T09:45:08","guid":{"rendered":"https:\/\/barcelona.euses.cat\/?p=10723"},"modified":"2022-04-27T11:45:08","modified_gmt":"2022-04-27T09:45:08","slug":"euses-alumni-consolida-el-talent-day-en-una-2a-edicion-con-un-exito-rotundo-de-participacion","status":"publish","type":"post","link":"https:\/\/barcelona.euses.cat\/es\/euses-alumni-consolida-el-talent-day-en-una-2a-edicion-con-un-exito-rotundo-de-participacion\/","title":{"rendered":"EUSES Alumni consolida el Talent Day en una 2\u00aa edici\u00f3n con un \u00e9xito rotundo de participaci\u00f3n"},"content":{"rendered":"<p>Todos los objetivos marcados por EUSES Alumni en relaci\u00f3n al Talent Day se lograron con creces en una segunda edici\u00f3n que dobl\u00f3 las prestaciones del curso del debut. La Feria Virtual de la Ocupaci\u00f3n y Orientaci\u00f3n Profesional de la Escola Universit\u00e0ria de la Salut i l&#8217;Esport, que ha durado dos d\u00edas (lunes y martes), fue todo un \u00e9xito, con participaci\u00f3n de alumnos y alumnas de 4\u00ba curso de los tres campus (Salt, Bellvitge y Terres de l&#8217;Ebre) as\u00ed como integrantes de la familia de graduados en CAFyD y en Fisioterapia de Alumni que se inscribieron. Todos ellos pudieron disfrutar de dos jornadas en las cuales se pudieron organizar para poder navegar por las diferentes conferencias y mesas redondas planteadas por la organizaci\u00f3n y tambi\u00e9n para visitar los estands donde empresas y centros, tanto del pa\u00eds como del extranjero, se dieron a conocer y presentaron ofertas de trabajo. Precisamente, el acceso a las ofertas laborales fue el destino m\u00e1s concurrido por parte de los estudiantes, que pudieron presentar curr\u00edculums y realizar entrevistas de trabajo por videoconferencia. El Talent Day tambi\u00e9n cont\u00f3 con el apoyo y colaboraci\u00f3n de los colegios oficiales (COPLEFC y Fisioterapeutas) y del EURES (European Employement Services), la red de cooperaci\u00f3n para la ocupaci\u00f3n y la libre circulaci\u00f3n de trabajadores, que es uno de los principios fundamentales de la Uni\u00f3n Europea. En total, hubo 40 estands y se realizaron hasta 13 charlas con un participaci\u00f3n de unos treinta ponentes, muchos de los cuales eran graduados por EUSES que orientaron profesionalmente los alumnos y alumnis inscritos.<\/p>\n<p>&nbsp;<\/p>\n","protected":false},"excerpt":{"rendered":"<p>Todos los objetivos marcados por EUSES Alumni en relaci\u00f3n al Talent Day se lograron con creces en una segunda edici\u00f3n que dobl\u00f3 las prestaciones del curso del debut. La Feria Virtual de la Ocupaci\u00f3n y Orientaci\u00f3n Profesional de la Escola Universit\u00e0ria de la Salut i l&#8217;Esport, que ha durado dos d\u00edas (lunes y martes), fue [&hellip;]<\/p>\n","protected":false},"author":3,"featured_media":10721,"comment_status":"open","ping_status":"closed","sticky":false,"template":"","format":"standard","meta":{"_acf_changed":false,"inline_featured_image":false,"_joinchat":[],"footnotes":""},"categories":[1],"tags":[],"class_list":["post-10723","post","type-post","status-publish","format-standard","has-post-thumbnail","hentry","category-sin-categorizar"],"acf":[],"yoast_head":"<!-- This site is optimized with the Yoast SEO plugin v27.4 - https:\/\/yoast.com\/product\/yoast-seo-wordpress\/ -->\n<title>EUSES Alumni consolida el Talent Day en una 2\u00aa edici\u00f3n con un \u00e9xito rotundo de participaci\u00f3n | EUSES - Campus de Bellvitge (Barcelona)<\/title>\n<meta name=\"robots\" content=\"index, follow, max-snippet:-1, max-image-preview:large, max-video-preview:-1\" \/>\n<link rel=\"canonical\" href=\"https:\/\/barcelona.euses.cat\/es\/euses-alumni-consolida-el-talent-day-en-una-2a-edicion-con-un-exito-rotundo-de-participacion\/\" \/>\n<meta property=\"og:locale\" content=\"es_ES\" \/>\n<meta property=\"og:type\" content=\"article\" \/>\n<meta property=\"og:title\" content=\"EUSES Alumni consolida el Talent Day en una 2\u00aa edici\u00f3n con un \u00e9xito rotundo de participaci\u00f3n | EUSES - Campus de Bellvitge (Barcelona)\" \/>\n<meta property=\"og:description\" content=\"Todos los objetivos marcados por EUSES Alumni en relaci\u00f3n al Talent Day se lograron con creces en una segunda edici\u00f3n que dobl\u00f3 las prestaciones del curso del debut. La Feria Virtual de la Ocupaci\u00f3n y Orientaci\u00f3n Profesional de la Escola Universit\u00e0ria de la Salut i l&#8217;Esport, que ha durado dos d\u00edas (lunes y martes), fue [&hellip;]\" \/>\n<meta property=\"og:url\" content=\"https:\/\/barcelona.euses.cat\/es\/euses-alumni-consolida-el-talent-day-en-una-2a-edicion-con-un-exito-rotundo-de-participacion\/\" \/>\n<meta property=\"og:site_name\" content=\"EUSES - Campus de Bellvitge (Barcelona)\" \/>\n<meta property=\"article:publisher\" content=\"https:\/\/www.facebook.com\/PhysioBCN\/\" \/>\n<meta property=\"article:published_time\" content=\"2022-04-27T09:45:08+00:00\" \/>\n<meta property=\"og:image\" content=\"https:\/\/barcelona.euses.cat\/wp-content\/uploads\/2022\/04\/talentday.jpg\" \/>\n\t<meta property=\"og:image:width\" content=\"1920\" \/>\n\t<meta property=\"og:image:height\" content=\"1080\" \/>\n\t<meta property=\"og:image:type\" content=\"image\/jpeg\" \/>\n<meta name=\"author\" content=\"Jordi Danes\" \/>\n<meta name=\"twitter:card\" content=\"summary_large_image\" \/>\n<meta name=\"twitter:label1\" content=\"Escrito por\" \/>\n\t<meta name=\"twitter:data1\" content=\"Jordi Danes\" \/>\n\t<meta name=\"twitter:label2\" content=\"Tiempo de lectura\" \/>\n\t<meta name=\"twitter:data2\" content=\"1 minuto\" \/>\n<script type=\"application\/ld+json\" class=\"yoast-schema-graph\">{\"@context\":\"https:\\\/\\\/schema.org\",\"@graph\":[{\"@type\":\"Article\",\"@id\":\"https:\\\/\\\/barcelona.euses.cat\\\/es\\\/euses-alumni-consolida-el-talent-day-en-una-2a-edicion-con-un-exito-rotundo-de-participacion\\\/#article\",\"isPartOf\":{\"@id\":\"https:\\\/\\\/barcelona.euses.cat\\\/es\\\/euses-alumni-consolida-el-talent-day-en-una-2a-edicion-con-un-exito-rotundo-de-participacion\\\/\"},\"author\":{\"name\":\"Jordi Danes\",\"@id\":\"https:\\\/\\\/barcelona.euses.cat\\\/ca\\\/#\\\/schema\\\/person\\\/8ab46080dfc4814fa59383db317735bd\"},\"headline\":\"EUSES Alumni consolida el Talent Day en una 2\u00aa edici\u00f3n con un \u00e9xito rotundo de participaci\u00f3n\",\"datePublished\":\"2022-04-27T09:45:08+00:00\",\"mainEntityOfPage\":{\"@id\":\"https:\\\/\\\/barcelona.euses.cat\\\/es\\\/euses-alumni-consolida-el-talent-day-en-una-2a-edicion-con-un-exito-rotundo-de-participacion\\\/\"},\"wordCount\":292,\"commentCount\":0,\"image\":{\"@id\":\"https:\\\/\\\/barcelona.euses.cat\\\/es\\\/euses-alumni-consolida-el-talent-day-en-una-2a-edicion-con-un-exito-rotundo-de-participacion\\\/#primaryimage\"},\"thumbnailUrl\":\"https:\\\/\\\/barcelona.euses.cat\\\/wp-content\\\/uploads\\\/2022\\\/04\\\/talentday.jpg\",\"articleSection\":[\"Sin categorizar\"],\"inLanguage\":\"es\"},{\"@type\":\"WebPage\",\"@id\":\"https:\\\/\\\/barcelona.euses.cat\\\/es\\\/euses-alumni-consolida-el-talent-day-en-una-2a-edicion-con-un-exito-rotundo-de-participacion\\\/\",\"url\":\"https:\\\/\\\/barcelona.euses.cat\\\/es\\\/euses-alumni-consolida-el-talent-day-en-una-2a-edicion-con-un-exito-rotundo-de-participacion\\\/\",\"name\":\"EUSES Alumni consolida el Talent Day en una 2\u00aa edici\u00f3n con un \u00e9xito rotundo de participaci\u00f3n | EUSES - Campus de Bellvitge (Barcelona)\",\"isPartOf\":{\"@id\":\"https:\\\/\\\/barcelona.euses.cat\\\/ca\\\/#website\"},\"primaryImageOfPage\":{\"@id\":\"https:\\\/\\\/barcelona.euses.cat\\\/es\\\/euses-alumni-consolida-el-talent-day-en-una-2a-edicion-con-un-exito-rotundo-de-participacion\\\/#primaryimage\"},\"image\":{\"@id\":\"https:\\\/\\\/barcelona.euses.cat\\\/es\\\/euses-alumni-consolida-el-talent-day-en-una-2a-edicion-con-un-exito-rotundo-de-participacion\\\/#primaryimage\"},\"thumbnailUrl\":\"https:\\\/\\\/barcelona.euses.cat\\\/wp-content\\\/uploads\\\/2022\\\/04\\\/talentday.jpg\",\"datePublished\":\"2022-04-27T09:45:08+00:00\",\"author\":{\"@id\":\"https:\\\/\\\/barcelona.euses.cat\\\/ca\\\/#\\\/schema\\\/person\\\/8ab46080dfc4814fa59383db317735bd\"},\"breadcrumb\":{\"@id\":\"https:\\\/\\\/barcelona.euses.cat\\\/es\\\/euses-alumni-consolida-el-talent-day-en-una-2a-edicion-con-un-exito-rotundo-de-participacion\\\/#breadcrumb\"},\"inLanguage\":\"es\",\"potentialAction\":[{\"@type\":\"ReadAction\",\"target\":[\"https:\\\/\\\/barcelona.euses.cat\\\/es\\\/euses-alumni-consolida-el-talent-day-en-una-2a-edicion-con-un-exito-rotundo-de-participacion\\\/\"]}]},{\"@type\":\"ImageObject\",\"inLanguage\":\"es\",\"@id\":\"https:\\\/\\\/barcelona.euses.cat\\\/es\\\/euses-alumni-consolida-el-talent-day-en-una-2a-edicion-con-un-exito-rotundo-de-participacion\\\/#primaryimage\",\"url\":\"https:\\\/\\\/barcelona.euses.cat\\\/wp-content\\\/uploads\\\/2022\\\/04\\\/talentday.jpg\",\"contentUrl\":\"https:\\\/\\\/barcelona.euses.cat\\\/wp-content\\\/uploads\\\/2022\\\/04\\\/talentday.jpg\",\"width\":1920,\"height\":1080},{\"@type\":\"BreadcrumbList\",\"@id\":\"https:\\\/\\\/barcelona.euses.cat\\\/es\\\/euses-alumni-consolida-el-talent-day-en-una-2a-edicion-con-un-exito-rotundo-de-participacion\\\/#breadcrumb\",\"itemListElement\":[{\"@type\":\"ListItem\",\"position\":1,\"name\":\"Portada\",\"item\":\"https:\\\/\\\/barcelona.euses.cat\\\/es\\\/\"},{\"@type\":\"ListItem\",\"position\":2,\"name\":\"EUSES Alumni consolida el Talent Day en una 2\u00aa edici\u00f3n con un \u00e9xito rotundo de participaci\u00f3n\"}]},{\"@type\":\"WebSite\",\"@id\":\"https:\\\/\\\/barcelona.euses.cat\\\/ca\\\/#website\",\"url\":\"https:\\\/\\\/barcelona.euses.cat\\\/ca\\\/\",\"name\":\"EUSES - Campus de Bellvitge (Barcelona)\",\"description\":\"EUSES, Escuela Universitaria de Fisioterapia Internacional en Barcelona\",\"potentialAction\":[{\"@type\":\"SearchAction\",\"target\":{\"@type\":\"EntryPoint\",\"urlTemplate\":\"https:\\\/\\\/barcelona.euses.cat\\\/ca\\\/?s={search_term_string}\"},\"query-input\":{\"@type\":\"PropertyValueSpecification\",\"valueRequired\":true,\"valueName\":\"search_term_string\"}}],\"inLanguage\":\"es\"},{\"@type\":\"Person\",\"@id\":\"https:\\\/\\\/barcelona.euses.cat\\\/ca\\\/#\\\/schema\\\/person\\\/8ab46080dfc4814fa59383db317735bd\",\"name\":\"Jordi Danes\",\"image\":{\"@type\":\"ImageObject\",\"inLanguage\":\"es\",\"@id\":\"https:\\\/\\\/secure.gravatar.com\\\/avatar\\\/a9e4f443b594af225625ee8cfa665e41b1e0740ea34fbe0515b4ca559f8570ef?s=96&d=mm&r=g\",\"url\":\"https:\\\/\\\/secure.gravatar.com\\\/avatar\\\/a9e4f443b594af225625ee8cfa665e41b1e0740ea34fbe0515b4ca559f8570ef?s=96&d=mm&r=g\",\"contentUrl\":\"https:\\\/\\\/secure.gravatar.com\\\/avatar\\\/a9e4f443b594af225625ee8cfa665e41b1e0740ea34fbe0515b4ca559f8570ef?s=96&d=mm&r=g\",\"caption\":\"Jordi Danes\"},\"url\":\"https:\\\/\\\/barcelona.euses.cat\\\/es\\\/author\\\/jordi-danes\\\/\"}]}<\/script>\n<!-- \/ Yoast SEO plugin. -->","yoast_head_json":{"title":"EUSES Alumni consolida el Talent Day en una 2\u00aa edici\u00f3n con un \u00e9xito rotundo de participaci\u00f3n | EUSES - Campus de Bellvitge (Barcelona)","robots":{"index":"index","follow":"follow","max-snippet":"max-snippet:-1","max-image-preview":"max-image-preview:large","max-video-preview":"max-video-preview:-1"},"canonical":"https:\/\/barcelona.euses.cat\/es\/euses-alumni-consolida-el-talent-day-en-una-2a-edicion-con-un-exito-rotundo-de-participacion\/","og_locale":"es_ES","og_type":"article","og_title":"EUSES Alumni consolida el Talent Day en una 2\u00aa edici\u00f3n con un \u00e9xito rotundo de participaci\u00f3n | EUSES - Campus de Bellvitge (Barcelona)","og_description":"Todos los objetivos marcados por EUSES Alumni en relaci\u00f3n al Talent Day se lograron con creces en una segunda edici\u00f3n que dobl\u00f3 las prestaciones del curso del debut. La Feria Virtual de la Ocupaci\u00f3n y Orientaci\u00f3n Profesional de la Escola Universit\u00e0ria de la Salut i l&#8217;Esport, que ha durado dos d\u00edas (lunes y martes), fue [&hellip;]","og_url":"https:\/\/barcelona.euses.cat\/es\/euses-alumni-consolida-el-talent-day-en-una-2a-edicion-con-un-exito-rotundo-de-participacion\/","og_site_name":"EUSES - Campus de Bellvitge (Barcelona)","article_publisher":"https:\/\/www.facebook.com\/PhysioBCN\/","article_published_time":"2022-04-27T09:45:08+00:00","og_image":[{"width":1920,"height":1080,"url":"https:\/\/barcelona.euses.cat\/wp-content\/uploads\/2022\/04\/talentday.jpg","type":"image\/jpeg"}],"author":"Jordi Danes","twitter_card":"summary_large_image","twitter_misc":{"Escrito por":"Jordi Danes","Tiempo de lectura":"1 minuto"},"schema":{"@context":"https:\/\/schema.org","@graph":[{"@type":"Article","@id":"https:\/\/barcelona.euses.cat\/es\/euses-alumni-consolida-el-talent-day-en-una-2a-edicion-con-un-exito-rotundo-de-participacion\/#article","isPartOf":{"@id":"https:\/\/barcelona.euses.cat\/es\/euses-alumni-consolida-el-talent-day-en-una-2a-edicion-con-un-exito-rotundo-de-participacion\/"},"author":{"name":"Jordi Danes","@id":"https:\/\/barcelona.euses.cat\/ca\/#\/schema\/person\/8ab46080dfc4814fa59383db317735bd"},"headline":"EUSES Alumni consolida el Talent Day en una 2\u00aa edici\u00f3n con un \u00e9xito rotundo de participaci\u00f3n","datePublished":"2022-04-27T09:45:08+00:00","mainEntityOfPage":{"@id":"https:\/\/barcelona.euses.cat\/es\/euses-alumni-consolida-el-talent-day-en-una-2a-edicion-con-un-exito-rotundo-de-participacion\/"},"wordCount":292,"commentCount":0,"image":{"@id":"https:\/\/barcelona.euses.cat\/es\/euses-alumni-consolida-el-talent-day-en-una-2a-edicion-con-un-exito-rotundo-de-participacion\/#primaryimage"},"thumbnailUrl":"https:\/\/barcelona.euses.cat\/wp-content\/uploads\/2022\/04\/talentday.jpg","articleSection":["Sin categorizar"],"inLanguage":"es"},{"@type":"WebPage","@id":"https:\/\/barcelona.euses.cat\/es\/euses-alumni-consolida-el-talent-day-en-una-2a-edicion-con-un-exito-rotundo-de-participacion\/","url":"https:\/\/barcelona.euses.cat\/es\/euses-alumni-consolida-el-talent-day-en-una-2a-edicion-con-un-exito-rotundo-de-participacion\/","name":"EUSES Alumni consolida el Talent Day en una 2\u00aa edici\u00f3n con un \u00e9xito rotundo de participaci\u00f3n | EUSES - Campus de Bellvitge (Barcelona)","isPartOf":{"@id":"https:\/\/barcelona.euses.cat\/ca\/#website"},"primaryImageOfPage":{"@id":"https:\/\/barcelona.euses.cat\/es\/euses-alumni-consolida-el-talent-day-en-una-2a-edicion-con-un-exito-rotundo-de-participacion\/#primaryimage"},"image":{"@id":"https:\/\/barcelona.euses.cat\/es\/euses-alumni-consolida-el-talent-day-en-una-2a-edicion-con-un-exito-rotundo-de-participacion\/#primaryimage"},"thumbnailUrl":"https:\/\/barcelona.euses.cat\/wp-content\/uploads\/2022\/04\/talentday.jpg","datePublished":"2022-04-27T09:45:08+00:00","author":{"@id":"https:\/\/barcelona.euses.cat\/ca\/#\/schema\/person\/8ab46080dfc4814fa59383db317735bd"},"breadcrumb":{"@id":"https:\/\/barcelona.euses.cat\/es\/euses-alumni-consolida-el-talent-day-en-una-2a-edicion-con-un-exito-rotundo-de-participacion\/#breadcrumb"},"inLanguage":"es","potentialAction":[{"@type":"ReadAction","target":["https:\/\/barcelona.euses.cat\/es\/euses-alumni-consolida-el-talent-day-en-una-2a-edicion-con-un-exito-rotundo-de-participacion\/"]}]},{"@type":"ImageObject","inLanguage":"es","@id":"https:\/\/barcelona.euses.cat\/es\/euses-alumni-consolida-el-talent-day-en-una-2a-edicion-con-un-exito-rotundo-de-participacion\/#primaryimage","url":"https:\/\/barcelona.euses.cat\/wp-content\/uploads\/2022\/04\/talentday.jpg","contentUrl":"https:\/\/barcelona.euses.cat\/wp-content\/uploads\/2022\/04\/talentday.jpg","width":1920,"height":1080},{"@type":"BreadcrumbList","@id":"https:\/\/barcelona.euses.cat\/es\/euses-alumni-consolida-el-talent-day-en-una-2a-edicion-con-un-exito-rotundo-de-participacion\/#breadcrumb","itemListElement":[{"@type":"ListItem","position":1,"name":"Portada","item":"https:\/\/barcelona.euses.cat\/es\/"},{"@type":"ListItem","position":2,"name":"EUSES Alumni consolida el Talent Day en una 2\u00aa edici\u00f3n con un \u00e9xito rotundo de participaci\u00f3n"}]},{"@type":"WebSite","@id":"https:\/\/barcelona.euses.cat\/ca\/#website","url":"https:\/\/barcelona.euses.cat\/ca\/","name":"EUSES - Campus de Bellvitge (Barcelona)","description":"EUSES, Escuela Universitaria de Fisioterapia Internacional en Barcelona","potentialAction":[{"@type":"SearchAction","target":{"@type":"EntryPoint","urlTemplate":"https:\/\/barcelona.euses.cat\/ca\/?s={search_term_string}"},"query-input":{"@type":"PropertyValueSpecification","valueRequired":true,"valueName":"search_term_string"}}],"inLanguage":"es"},{"@type":"Person","@id":"https:\/\/barcelona.euses.cat\/ca\/#\/schema\/person\/8ab46080dfc4814fa59383db317735bd","name":"Jordi Danes","image":{"@type":"ImageObject","inLanguage":"es","@id":"https:\/\/secure.gravatar.com\/avatar\/a9e4f443b594af225625ee8cfa665e41b1e0740ea34fbe0515b4ca559f8570ef?s=96&d=mm&r=g","url":"https:\/\/secure.gravatar.com\/avatar\/a9e4f443b594af225625ee8cfa665e41b1e0740ea34fbe0515b4ca559f8570ef?s=96&d=mm&r=g","contentUrl":"https:\/\/secure.gravatar.com\/avatar\/a9e4f443b594af225625ee8cfa665e41b1e0740ea34fbe0515b4ca559f8570ef?s=96&d=mm&r=g","caption":"Jordi Danes"},"url":"https:\/\/barcelona.euses.cat\/es\/author\/jordi-danes\/"}]}},"_links":{"self":[{"href":"https:\/\/barcelona.euses.cat\/es\/wp-json\/wp\/v2\/posts\/10723","targetHints":{"allow":["GET"]}}],"collection":[{"href":"https:\/\/barcelona.euses.cat\/es\/wp-json\/wp\/v2\/posts"}],"about":[{"href":"https:\/\/barcelona.euses.cat\/es\/wp-json\/wp\/v2\/types\/post"}],"author":[{"embeddable":true,"href":"https:\/\/barcelona.euses.cat\/es\/wp-json\/wp\/v2\/users\/3"}],"replies":[{"embeddable":true,"href":"https:\/\/barcelona.euses.cat\/es\/wp-json\/wp\/v2\/comments?post=10723"}],"version-history":[{"count":1,"href":"https:\/\/barcelona.euses.cat\/es\/wp-json\/wp\/v2\/posts\/10723\/revisions"}],"predecessor-version":[{"id":10724,"href":"https:\/\/barcelona.euses.cat\/es\/wp-json\/wp\/v2\/posts\/10723\/revisions\/10724"}],"wp:featuredmedia":[{"embeddable":true,"href":"https:\/\/barcelona.euses.cat\/es\/wp-json\/wp\/v2\/media\/10721"}],"wp:attachment":[{"href":"https:\/\/barcelona.euses.cat\/es\/wp-json\/wp\/v2\/media?parent=10723"}],"wp:term":[{"taxonomy":"category","embeddable":true,"href":"https:\/\/barcelona.euses.cat\/es\/wp-json\/wp\/v2\/categories?post=10723"},{"taxonomy":"post_tag","embeddable":true,"href":"https:\/\/barcelona.euses.cat\/es\/wp-json\/wp\/v2\/tags?post=10723"}],"curies":[{"name":"wp","href":"https:\/\/api.w.org\/{rel}","templated":true}]}}