{"id":10715,"date":"2022-04-19T23:58:41","date_gmt":"2022-04-19T21:58:41","guid":{"rendered":"https:\/\/barcelona.euses.cat\/?p=10715"},"modified":"2022-04-19T23:58:41","modified_gmt":"2022-04-19T21:58:41","slug":"euses-vuelve-a-estar-presente-en-la-edicion-del-2022-del-mic-de-futbol-con-la-implicacion-de-personal-de-sus-tres-campus","status":"publish","type":"post","link":"https:\/\/barcelona.euses.cat\/es\/euses-vuelve-a-estar-presente-en-la-edicion-del-2022-del-mic-de-futbol-con-la-implicacion-de-personal-de-sus-tres-campus\/","title":{"rendered":"EUSES vuelve a estar presente en la edici\u00f3n del 2022 del MIC de futbol con la implicaci\u00f3n de personal de sus tres Campus"},"content":{"rendered":"<p>Despu\u00e9s de dos ediciones sin poderse celebrar a causa de la pandemia, el torneo <a href=\"https:\/\/micfootball.com\/\" target=\"_blank\" rel=\"noopener noreferrer\">MIC<\/a> (Mediterranean International Cup) de f\u00fatbol ha vuelto a celebrarse con unas cifras impactantes (6.000 participantes de 24 pa\u00edses repartidos en 300 equipos de diferentes categor\u00edas). El torneo, que se ha celebrado entre el 13 y el 18 de abril, se ha disputado en 33 sedes diferentes que han acogido 720 partidos. Las finales se disputaron en Figueres i Palam\u00f3s. La Escola Univesit\u00e0ria de la Salut i l&#8217;Esport ha puesto un a\u00f1o m\u00e1s su grano de arena con la implicaci\u00f3n de diferentes alumnos del Grado en Fisioterapia (se han encargado, en diferentes campos de la demarcaci\u00f3n, de hacer valoraciones de lesiones, actuaciones fisioterap\u00e9uticas, masajes, estiramientos&#8230;) y tambi\u00e9n del Grado en CAFyD que han colaborado en aspectos m\u00e1s log\u00edsticos vinculados con la organizaci\u00f3n. La involucraci\u00f3n de EUSES ha implicado a personal de sus tres campus (Salt, Bellvitge y Terres de l&#8217;Ebre), con la par4ticipaci\u00f3n de diferentes tutores encabezados, en el caso de los fisioteapeutas, por Alejandro Revilla. Los alumnos tanto de Fisioterapia como de CAFyD mobilizados de los diferentes campus han sido:\u00a0 Florian Martin, Aina Carreres, Enric Termes, David Vi\u00f1as, Issa Zaharan, Julian Seguier, Aitor Sales, Miquel Gasulla, Cristian Adell, Marc Rivas, Llu\u00eds Mart\u00ed, Arnau Mart\u00ed i Aleix Franch.<\/p>\n","protected":false},"excerpt":{"rendered":"<p>Despu\u00e9s de dos ediciones sin poderse celebrar a causa de la pandemia, el torneo MIC (Mediterranean International Cup) de f\u00fatbol ha vuelto a celebrarse con unas cifras impactantes (6.000 participantes de 24 pa\u00edses repartidos en 300 equipos de diferentes categor\u00edas). El torneo, que se ha celebrado entre el 13 y el 18 de abril, se [&hellip;]<\/p>\n","protected":false},"author":3,"featured_media":10713,"comment_status":"open","ping_status":"closed","sticky":false,"template":"","format":"standard","meta":{"_acf_changed":false,"inline_featured_image":false,"_joinchat":[],"footnotes":""},"categories":[1],"tags":[],"class_list":["post-10715","post","type-post","status-publish","format-standard","has-post-thumbnail","hentry","category-sin-categorizar"],"acf":[],"yoast_head":"<!-- This site is optimized with the Yoast SEO plugin v27.4 - https:\/\/yoast.com\/product\/yoast-seo-wordpress\/ -->\n<title>EUSES vuelve a estar presente en la edici\u00f3n del 2022 del MIC de futbol con la implicaci\u00f3n de personal de sus tres Campus | EUSES - Campus de Bellvitge (Barcelona)<\/title>\n<meta name=\"robots\" content=\"index, follow, max-snippet:-1, max-image-preview:large, max-video-preview:-1\" \/>\n<link rel=\"canonical\" href=\"https:\/\/barcelona.euses.cat\/es\/euses-vuelve-a-estar-presente-en-la-edicion-del-2022-del-mic-de-futbol-con-la-implicacion-de-personal-de-sus-tres-campus\/\" \/>\n<meta property=\"og:locale\" content=\"es_ES\" \/>\n<meta property=\"og:type\" content=\"article\" \/>\n<meta property=\"og:title\" content=\"EUSES vuelve a estar presente en la edici\u00f3n del 2022 del MIC de futbol con la implicaci\u00f3n de personal de sus tres Campus | EUSES - Campus de Bellvitge (Barcelona)\" \/>\n<meta property=\"og:description\" content=\"Despu\u00e9s de dos ediciones sin poderse celebrar a causa de la pandemia, el torneo MIC (Mediterranean International Cup) de f\u00fatbol ha vuelto a celebrarse con unas cifras impactantes (6.000 participantes de 24 pa\u00edses repartidos en 300 equipos de diferentes categor\u00edas). El torneo, que se ha celebrado entre el 13 y el 18 de abril, se [&hellip;]\" \/>\n<meta property=\"og:url\" content=\"https:\/\/barcelona.euses.cat\/es\/euses-vuelve-a-estar-presente-en-la-edicion-del-2022-del-mic-de-futbol-con-la-implicacion-de-personal-de-sus-tres-campus\/\" \/>\n<meta property=\"og:site_name\" content=\"EUSES - Campus de Bellvitge (Barcelona)\" \/>\n<meta property=\"article:publisher\" content=\"https:\/\/www.facebook.com\/PhysioBCN\/\" \/>\n<meta property=\"article:published_time\" content=\"2022-04-19T21:58:41+00:00\" \/>\n<meta property=\"og:image\" content=\"https:\/\/barcelona.euses.cat\/wp-content\/uploads\/2022\/04\/mic.jpg\" \/>\n\t<meta property=\"og:image:width\" content=\"1600\" \/>\n\t<meta property=\"og:image:height\" content=\"1200\" \/>\n\t<meta property=\"og:image:type\" content=\"image\/jpeg\" \/>\n<meta name=\"author\" content=\"Jordi Danes\" \/>\n<meta name=\"twitter:card\" content=\"summary_large_image\" \/>\n<meta name=\"twitter:label1\" content=\"Escrito por\" \/>\n\t<meta name=\"twitter:data1\" content=\"Jordi Danes\" \/>\n\t<meta name=\"twitter:label2\" content=\"Tiempo de lectura\" \/>\n\t<meta name=\"twitter:data2\" content=\"1 minuto\" \/>\n<script type=\"application\/ld+json\" class=\"yoast-schema-graph\">{\"@context\":\"https:\\\/\\\/schema.org\",\"@graph\":[{\"@type\":\"Article\",\"@id\":\"https:\\\/\\\/barcelona.euses.cat\\\/es\\\/euses-vuelve-a-estar-presente-en-la-edicion-del-2022-del-mic-de-futbol-con-la-implicacion-de-personal-de-sus-tres-campus\\\/#article\",\"isPartOf\":{\"@id\":\"https:\\\/\\\/barcelona.euses.cat\\\/es\\\/euses-vuelve-a-estar-presente-en-la-edicion-del-2022-del-mic-de-futbol-con-la-implicacion-de-personal-de-sus-tres-campus\\\/\"},\"author\":{\"name\":\"Jordi Danes\",\"@id\":\"https:\\\/\\\/barcelona.euses.cat\\\/ca\\\/#\\\/schema\\\/person\\\/8ab46080dfc4814fa59383db317735bd\"},\"headline\":\"EUSES vuelve a estar presente en la edici\u00f3n del 2022 del MIC de futbol con la implicaci\u00f3n de personal de sus tres Campus\",\"datePublished\":\"2022-04-19T21:58:41+00:00\",\"mainEntityOfPage\":{\"@id\":\"https:\\\/\\\/barcelona.euses.cat\\\/es\\\/euses-vuelve-a-estar-presente-en-la-edicion-del-2022-del-mic-de-futbol-con-la-implicacion-de-personal-de-sus-tres-campus\\\/\"},\"wordCount\":251,\"commentCount\":0,\"image\":{\"@id\":\"https:\\\/\\\/barcelona.euses.cat\\\/es\\\/euses-vuelve-a-estar-presente-en-la-edicion-del-2022-del-mic-de-futbol-con-la-implicacion-de-personal-de-sus-tres-campus\\\/#primaryimage\"},\"thumbnailUrl\":\"https:\\\/\\\/barcelona.euses.cat\\\/wp-content\\\/uploads\\\/2022\\\/04\\\/mic.jpg\",\"articleSection\":[\"Sin categorizar\"],\"inLanguage\":\"es\"},{\"@type\":\"WebPage\",\"@id\":\"https:\\\/\\\/barcelona.euses.cat\\\/es\\\/euses-vuelve-a-estar-presente-en-la-edicion-del-2022-del-mic-de-futbol-con-la-implicacion-de-personal-de-sus-tres-campus\\\/\",\"url\":\"https:\\\/\\\/barcelona.euses.cat\\\/es\\\/euses-vuelve-a-estar-presente-en-la-edicion-del-2022-del-mic-de-futbol-con-la-implicacion-de-personal-de-sus-tres-campus\\\/\",\"name\":\"EUSES vuelve a estar presente en la edici\u00f3n del 2022 del MIC de futbol con la implicaci\u00f3n de personal de sus tres Campus | EUSES - Campus de Bellvitge (Barcelona)\",\"isPartOf\":{\"@id\":\"https:\\\/\\\/barcelona.euses.cat\\\/ca\\\/#website\"},\"primaryImageOfPage\":{\"@id\":\"https:\\\/\\\/barcelona.euses.cat\\\/es\\\/euses-vuelve-a-estar-presente-en-la-edicion-del-2022-del-mic-de-futbol-con-la-implicacion-de-personal-de-sus-tres-campus\\\/#primaryimage\"},\"image\":{\"@id\":\"https:\\\/\\\/barcelona.euses.cat\\\/es\\\/euses-vuelve-a-estar-presente-en-la-edicion-del-2022-del-mic-de-futbol-con-la-implicacion-de-personal-de-sus-tres-campus\\\/#primaryimage\"},\"thumbnailUrl\":\"https:\\\/\\\/barcelona.euses.cat\\\/wp-content\\\/uploads\\\/2022\\\/04\\\/mic.jpg\",\"datePublished\":\"2022-04-19T21:58:41+00:00\",\"author\":{\"@id\":\"https:\\\/\\\/barcelona.euses.cat\\\/ca\\\/#\\\/schema\\\/person\\\/8ab46080dfc4814fa59383db317735bd\"},\"breadcrumb\":{\"@id\":\"https:\\\/\\\/barcelona.euses.cat\\\/es\\\/euses-vuelve-a-estar-presente-en-la-edicion-del-2022-del-mic-de-futbol-con-la-implicacion-de-personal-de-sus-tres-campus\\\/#breadcrumb\"},\"inLanguage\":\"es\",\"potentialAction\":[{\"@type\":\"ReadAction\",\"target\":[\"https:\\\/\\\/barcelona.euses.cat\\\/es\\\/euses-vuelve-a-estar-presente-en-la-edicion-del-2022-del-mic-de-futbol-con-la-implicacion-de-personal-de-sus-tres-campus\\\/\"]}]},{\"@type\":\"ImageObject\",\"inLanguage\":\"es\",\"@id\":\"https:\\\/\\\/barcelona.euses.cat\\\/es\\\/euses-vuelve-a-estar-presente-en-la-edicion-del-2022-del-mic-de-futbol-con-la-implicacion-de-personal-de-sus-tres-campus\\\/#primaryimage\",\"url\":\"https:\\\/\\\/barcelona.euses.cat\\\/wp-content\\\/uploads\\\/2022\\\/04\\\/mic.jpg\",\"contentUrl\":\"https:\\\/\\\/barcelona.euses.cat\\\/wp-content\\\/uploads\\\/2022\\\/04\\\/mic.jpg\",\"width\":1600,\"height\":1200},{\"@type\":\"BreadcrumbList\",\"@id\":\"https:\\\/\\\/barcelona.euses.cat\\\/es\\\/euses-vuelve-a-estar-presente-en-la-edicion-del-2022-del-mic-de-futbol-con-la-implicacion-de-personal-de-sus-tres-campus\\\/#breadcrumb\",\"itemListElement\":[{\"@type\":\"ListItem\",\"position\":1,\"name\":\"Portada\",\"item\":\"https:\\\/\\\/barcelona.euses.cat\\\/es\\\/\"},{\"@type\":\"ListItem\",\"position\":2,\"name\":\"EUSES vuelve a estar presente en la edici\u00f3n del 2022 del MIC de futbol con la implicaci\u00f3n de personal de sus tres Campus\"}]},{\"@type\":\"WebSite\",\"@id\":\"https:\\\/\\\/barcelona.euses.cat\\\/ca\\\/#website\",\"url\":\"https:\\\/\\\/barcelona.euses.cat\\\/ca\\\/\",\"name\":\"EUSES - Campus de Bellvitge (Barcelona)\",\"description\":\"EUSES, Escuela Universitaria de Fisioterapia Internacional en Barcelona\",\"potentialAction\":[{\"@type\":\"SearchAction\",\"target\":{\"@type\":\"EntryPoint\",\"urlTemplate\":\"https:\\\/\\\/barcelona.euses.cat\\\/ca\\\/?s={search_term_string}\"},\"query-input\":{\"@type\":\"PropertyValueSpecification\",\"valueRequired\":true,\"valueName\":\"search_term_string\"}}],\"inLanguage\":\"es\"},{\"@type\":\"Person\",\"@id\":\"https:\\\/\\\/barcelona.euses.cat\\\/ca\\\/#\\\/schema\\\/person\\\/8ab46080dfc4814fa59383db317735bd\",\"name\":\"Jordi Danes\",\"image\":{\"@type\":\"ImageObject\",\"inLanguage\":\"es\",\"@id\":\"https:\\\/\\\/secure.gravatar.com\\\/avatar\\\/a9e4f443b594af225625ee8cfa665e41b1e0740ea34fbe0515b4ca559f8570ef?s=96&d=mm&r=g\",\"url\":\"https:\\\/\\\/secure.gravatar.com\\\/avatar\\\/a9e4f443b594af225625ee8cfa665e41b1e0740ea34fbe0515b4ca559f8570ef?s=96&d=mm&r=g\",\"contentUrl\":\"https:\\\/\\\/secure.gravatar.com\\\/avatar\\\/a9e4f443b594af225625ee8cfa665e41b1e0740ea34fbe0515b4ca559f8570ef?s=96&d=mm&r=g\",\"caption\":\"Jordi Danes\"},\"url\":\"https:\\\/\\\/barcelona.euses.cat\\\/es\\\/author\\\/jordi-danes\\\/\"}]}<\/script>\n<!-- \/ Yoast SEO plugin. -->","yoast_head_json":{"title":"EUSES vuelve a estar presente en la edici\u00f3n del 2022 del MIC de futbol con la implicaci\u00f3n de personal de sus tres Campus | EUSES - Campus de Bellvitge (Barcelona)","robots":{"index":"index","follow":"follow","max-snippet":"max-snippet:-1","max-image-preview":"max-image-preview:large","max-video-preview":"max-video-preview:-1"},"canonical":"https:\/\/barcelona.euses.cat\/es\/euses-vuelve-a-estar-presente-en-la-edicion-del-2022-del-mic-de-futbol-con-la-implicacion-de-personal-de-sus-tres-campus\/","og_locale":"es_ES","og_type":"article","og_title":"EUSES vuelve a estar presente en la edici\u00f3n del 2022 del MIC de futbol con la implicaci\u00f3n de personal de sus tres Campus | EUSES - Campus de Bellvitge (Barcelona)","og_description":"Despu\u00e9s de dos ediciones sin poderse celebrar a causa de la pandemia, el torneo MIC (Mediterranean International Cup) de f\u00fatbol ha vuelto a celebrarse con unas cifras impactantes (6.000 participantes de 24 pa\u00edses repartidos en 300 equipos de diferentes categor\u00edas). El torneo, que se ha celebrado entre el 13 y el 18 de abril, se [&hellip;]","og_url":"https:\/\/barcelona.euses.cat\/es\/euses-vuelve-a-estar-presente-en-la-edicion-del-2022-del-mic-de-futbol-con-la-implicacion-de-personal-de-sus-tres-campus\/","og_site_name":"EUSES - Campus de Bellvitge (Barcelona)","article_publisher":"https:\/\/www.facebook.com\/PhysioBCN\/","article_published_time":"2022-04-19T21:58:41+00:00","og_image":[{"width":1600,"height":1200,"url":"https:\/\/barcelona.euses.cat\/wp-content\/uploads\/2022\/04\/mic.jpg","type":"image\/jpeg"}],"author":"Jordi Danes","twitter_card":"summary_large_image","twitter_misc":{"Escrito por":"Jordi Danes","Tiempo de lectura":"1 minuto"},"schema":{"@context":"https:\/\/schema.org","@graph":[{"@type":"Article","@id":"https:\/\/barcelona.euses.cat\/es\/euses-vuelve-a-estar-presente-en-la-edicion-del-2022-del-mic-de-futbol-con-la-implicacion-de-personal-de-sus-tres-campus\/#article","isPartOf":{"@id":"https:\/\/barcelona.euses.cat\/es\/euses-vuelve-a-estar-presente-en-la-edicion-del-2022-del-mic-de-futbol-con-la-implicacion-de-personal-de-sus-tres-campus\/"},"author":{"name":"Jordi Danes","@id":"https:\/\/barcelona.euses.cat\/ca\/#\/schema\/person\/8ab46080dfc4814fa59383db317735bd"},"headline":"EUSES vuelve a estar presente en la edici\u00f3n del 2022 del MIC de futbol con la implicaci\u00f3n de personal de sus tres Campus","datePublished":"2022-04-19T21:58:41+00:00","mainEntityOfPage":{"@id":"https:\/\/barcelona.euses.cat\/es\/euses-vuelve-a-estar-presente-en-la-edicion-del-2022-del-mic-de-futbol-con-la-implicacion-de-personal-de-sus-tres-campus\/"},"wordCount":251,"commentCount":0,"image":{"@id":"https:\/\/barcelona.euses.cat\/es\/euses-vuelve-a-estar-presente-en-la-edicion-del-2022-del-mic-de-futbol-con-la-implicacion-de-personal-de-sus-tres-campus\/#primaryimage"},"thumbnailUrl":"https:\/\/barcelona.euses.cat\/wp-content\/uploads\/2022\/04\/mic.jpg","articleSection":["Sin categorizar"],"inLanguage":"es"},{"@type":"WebPage","@id":"https:\/\/barcelona.euses.cat\/es\/euses-vuelve-a-estar-presente-en-la-edicion-del-2022-del-mic-de-futbol-con-la-implicacion-de-personal-de-sus-tres-campus\/","url":"https:\/\/barcelona.euses.cat\/es\/euses-vuelve-a-estar-presente-en-la-edicion-del-2022-del-mic-de-futbol-con-la-implicacion-de-personal-de-sus-tres-campus\/","name":"EUSES vuelve a estar presente en la edici\u00f3n del 2022 del MIC de futbol con la implicaci\u00f3n de personal de sus tres Campus | EUSES - Campus de Bellvitge (Barcelona)","isPartOf":{"@id":"https:\/\/barcelona.euses.cat\/ca\/#website"},"primaryImageOfPage":{"@id":"https:\/\/barcelona.euses.cat\/es\/euses-vuelve-a-estar-presente-en-la-edicion-del-2022-del-mic-de-futbol-con-la-implicacion-de-personal-de-sus-tres-campus\/#primaryimage"},"image":{"@id":"https:\/\/barcelona.euses.cat\/es\/euses-vuelve-a-estar-presente-en-la-edicion-del-2022-del-mic-de-futbol-con-la-implicacion-de-personal-de-sus-tres-campus\/#primaryimage"},"thumbnailUrl":"https:\/\/barcelona.euses.cat\/wp-content\/uploads\/2022\/04\/mic.jpg","datePublished":"2022-04-19T21:58:41+00:00","author":{"@id":"https:\/\/barcelona.euses.cat\/ca\/#\/schema\/person\/8ab46080dfc4814fa59383db317735bd"},"breadcrumb":{"@id":"https:\/\/barcelona.euses.cat\/es\/euses-vuelve-a-estar-presente-en-la-edicion-del-2022-del-mic-de-futbol-con-la-implicacion-de-personal-de-sus-tres-campus\/#breadcrumb"},"inLanguage":"es","potentialAction":[{"@type":"ReadAction","target":["https:\/\/barcelona.euses.cat\/es\/euses-vuelve-a-estar-presente-en-la-edicion-del-2022-del-mic-de-futbol-con-la-implicacion-de-personal-de-sus-tres-campus\/"]}]},{"@type":"ImageObject","inLanguage":"es","@id":"https:\/\/barcelona.euses.cat\/es\/euses-vuelve-a-estar-presente-en-la-edicion-del-2022-del-mic-de-futbol-con-la-implicacion-de-personal-de-sus-tres-campus\/#primaryimage","url":"https:\/\/barcelona.euses.cat\/wp-content\/uploads\/2022\/04\/mic.jpg","contentUrl":"https:\/\/barcelona.euses.cat\/wp-content\/uploads\/2022\/04\/mic.jpg","width":1600,"height":1200},{"@type":"BreadcrumbList","@id":"https:\/\/barcelona.euses.cat\/es\/euses-vuelve-a-estar-presente-en-la-edicion-del-2022-del-mic-de-futbol-con-la-implicacion-de-personal-de-sus-tres-campus\/#breadcrumb","itemListElement":[{"@type":"ListItem","position":1,"name":"Portada","item":"https:\/\/barcelona.euses.cat\/es\/"},{"@type":"ListItem","position":2,"name":"EUSES vuelve a estar presente en la edici\u00f3n del 2022 del MIC de futbol con la implicaci\u00f3n de personal de sus tres Campus"}]},{"@type":"WebSite","@id":"https:\/\/barcelona.euses.cat\/ca\/#website","url":"https:\/\/barcelona.euses.cat\/ca\/","name":"EUSES - Campus de Bellvitge (Barcelona)","description":"EUSES, Escuela Universitaria de Fisioterapia Internacional en Barcelona","potentialAction":[{"@type":"SearchAction","target":{"@type":"EntryPoint","urlTemplate":"https:\/\/barcelona.euses.cat\/ca\/?s={search_term_string}"},"query-input":{"@type":"PropertyValueSpecification","valueRequired":true,"valueName":"search_term_string"}}],"inLanguage":"es"},{"@type":"Person","@id":"https:\/\/barcelona.euses.cat\/ca\/#\/schema\/person\/8ab46080dfc4814fa59383db317735bd","name":"Jordi Danes","image":{"@type":"ImageObject","inLanguage":"es","@id":"https:\/\/secure.gravatar.com\/avatar\/a9e4f443b594af225625ee8cfa665e41b1e0740ea34fbe0515b4ca559f8570ef?s=96&d=mm&r=g","url":"https:\/\/secure.gravatar.com\/avatar\/a9e4f443b594af225625ee8cfa665e41b1e0740ea34fbe0515b4ca559f8570ef?s=96&d=mm&r=g","contentUrl":"https:\/\/secure.gravatar.com\/avatar\/a9e4f443b594af225625ee8cfa665e41b1e0740ea34fbe0515b4ca559f8570ef?s=96&d=mm&r=g","caption":"Jordi Danes"},"url":"https:\/\/barcelona.euses.cat\/es\/author\/jordi-danes\/"}]}},"_links":{"self":[{"href":"https:\/\/barcelona.euses.cat\/es\/wp-json\/wp\/v2\/posts\/10715","targetHints":{"allow":["GET"]}}],"collection":[{"href":"https:\/\/barcelona.euses.cat\/es\/wp-json\/wp\/v2\/posts"}],"about":[{"href":"https:\/\/barcelona.euses.cat\/es\/wp-json\/wp\/v2\/types\/post"}],"author":[{"embeddable":true,"href":"https:\/\/barcelona.euses.cat\/es\/wp-json\/wp\/v2\/users\/3"}],"replies":[{"embeddable":true,"href":"https:\/\/barcelona.euses.cat\/es\/wp-json\/wp\/v2\/comments?post=10715"}],"version-history":[{"count":1,"href":"https:\/\/barcelona.euses.cat\/es\/wp-json\/wp\/v2\/posts\/10715\/revisions"}],"predecessor-version":[{"id":10716,"href":"https:\/\/barcelona.euses.cat\/es\/wp-json\/wp\/v2\/posts\/10715\/revisions\/10716"}],"wp:featuredmedia":[{"embeddable":true,"href":"https:\/\/barcelona.euses.cat\/es\/wp-json\/wp\/v2\/media\/10713"}],"wp:attachment":[{"href":"https:\/\/barcelona.euses.cat\/es\/wp-json\/wp\/v2\/media?parent=10715"}],"wp:term":[{"taxonomy":"category","embeddable":true,"href":"https:\/\/barcelona.euses.cat\/es\/wp-json\/wp\/v2\/categories?post=10715"},{"taxonomy":"post_tag","embeddable":true,"href":"https:\/\/barcelona.euses.cat\/es\/wp-json\/wp\/v2\/tags?post=10715"}],"curies":[{"name":"wp","href":"https:\/\/api.w.org\/{rel}","templated":true}]}}