{"id":10705,"date":"2022-04-01T14:20:10","date_gmt":"2022-04-01T12:20:10","guid":{"rendered":"https:\/\/barcelona.euses.cat\/?p=10705"},"modified":"2022-04-01T14:20:10","modified_gmt":"2022-04-01T12:20:10","slug":"abiertas-las-inscripciones-del-ii-euses-talent-day-del-25-y-26-de-abril-que-llega-repleta-de-ofertas-laborales-y-herramientas-de-orientacion-profesional","status":"publish","type":"post","link":"https:\/\/barcelona.euses.cat\/es\/abiertas-las-inscripciones-del-ii-euses-talent-day-del-25-y-26-de-abril-que-llega-repleta-de-ofertas-laborales-y-herramientas-de-orientacion-profesional\/","title":{"rendered":"Abiertas las inscripciones del II EUSES Talent Day del 25 y 26 de abril, que llega repleta de ofertas laborales y herramientas de orientaci\u00f3n profesional"},"content":{"rendered":"<p>La 2\u00aa edici\u00f3n del Talent Day doblar\u00e1 las prestaciones en relaci\u00f3n a la edici\u00f3n de su debut y se celebrar\u00e1 durante dos d\u00edas, el lunes 25 y el martes 26 de abril. Organizada y dise\u00f1ada por el equipo de EUSES Alumni, la Feria Virtual de la Ocupaci\u00f3n y Orientaci\u00f3n profesional de la Escola Universit\u00e0ria de la Salut i l&#8217;Esport tiene como objetivo poner al alcance todas las herramientas necesarias para los estudiantes de 4\u00ba curso de EUSES as\u00ed como para los graduados y graduadas que ya est\u00e1n asociados a Alumni (m\u00e1s de mil) para que puedan acceder al mercado laboral o para que puedan encontrar otra salida profesional que encaje plenamente con sus expectativas.<\/p>\n<p>Hoy viernes, d\u00eda 1 de abril, se han abierto las inscripciones para el Talent Day (el servicio se totalmente gratuito), que se mantendr\u00e1n abiertas incluso durante la celebraci\u00f3n del acontecimiento para que en cualquier momento los interesados se puedan conectar. La Feria se hace en formato virtual para abrirla a los estudiantes de cuarto curso de los tres campus (Salt, Bellvitge y Terres de l&#8217;Ebre) y a los miembros de la comunidad Alumni, a pesar de que el resto de alumnos, de 1\u00ba a 3\u00ba curso, tambi\u00e9n pueden asistir.<\/p>\n<p>En el Talent Day, los estudiantes podr\u00e1n acceder a una cuarentena de estands de empresas (algunas de fuera del pa\u00eds) que ya han confirmado su presencia y que colgar\u00e1n diferentes ofertas laborales a las cuales los estudiantes no solo podr\u00e1n acceder para ver las caracter\u00edsticas, sino que habr\u00e1 la posibilidad de plantear dudas, enviar el curr\u00edculum, chatear con los responsables de estas empresas e incluso realizar una entrevista de trabajo por videoconferencia. Tambi\u00e9n se han implicado (no tienen stand, pero hacen una presentaci\u00f3n en la parte de conferencias y mesas redondas) los colegios oficiales (el COPLEFC y Fisioterapeutas) de los grados que se imparten en EUSES. En el estand de EUSES Alumni estar\u00e1n colgadas el resto de ofertas de aquellas empresas que no pueden estar presentes en el Talent Day.<\/p>\n<p>Adem\u00e1s de las ofertas de trabajo, el Talent Day ofrecer\u00e1 la posibilidad de acceder a conferencias y mesas redondas (con ponentes de Alumni, cosa que permitir\u00e1 que expliquen su experiencia profesional) donde se hablar\u00e1 de las diferentes opciones profesionales que pueden tener los graduados en fisioterapia y en CAFE. La organizaci\u00f3n ha buscado tambi\u00e9n temas de rigurosa actualidad vinculados con los estudios que se hacen en EUSES. Hay programadas un total 13 charlas e intervendr\u00e1n 27 ponentes.<\/p>\n","protected":false},"excerpt":{"rendered":"<p>La 2\u00aa edici\u00f3n del Talent Day doblar\u00e1 las prestaciones en relaci\u00f3n a la edici\u00f3n de su debut y se celebrar\u00e1 durante dos d\u00edas, el lunes 25 y el martes 26 de abril. Organizada y dise\u00f1ada por el equipo de EUSES Alumni, la Feria Virtual de la Ocupaci\u00f3n y Orientaci\u00f3n profesional de la Escola Universit\u00e0ria de [&hellip;]<\/p>\n","protected":false},"author":3,"featured_media":10703,"comment_status":"open","ping_status":"closed","sticky":false,"template":"","format":"standard","meta":{"_acf_changed":false,"inline_featured_image":false,"_joinchat":[],"footnotes":""},"categories":[1],"tags":[],"class_list":["post-10705","post","type-post","status-publish","format-standard","has-post-thumbnail","hentry","category-sin-categorizar"],"acf":[],"yoast_head":"<!-- This site is optimized with the Yoast SEO plugin v27.4 - https:\/\/yoast.com\/product\/yoast-seo-wordpress\/ -->\n<title>Abiertas las inscripciones del II EUSES Talent Day del 25 y 26 de abril, que llega repleta de ofertas laborales y herramientas de orientaci\u00f3n profesional | EUSES - Campus de Bellvitge (Barcelona)<\/title>\n<meta name=\"robots\" content=\"index, follow, max-snippet:-1, max-image-preview:large, max-video-preview:-1\" \/>\n<link rel=\"canonical\" href=\"https:\/\/barcelona.euses.cat\/es\/abiertas-las-inscripciones-del-ii-euses-talent-day-del-25-y-26-de-abril-que-llega-repleta-de-ofertas-laborales-y-herramientas-de-orientacion-profesional\/\" \/>\n<meta property=\"og:locale\" content=\"es_ES\" \/>\n<meta property=\"og:type\" content=\"article\" \/>\n<meta property=\"og:title\" content=\"Abiertas las inscripciones del II EUSES Talent Day del 25 y 26 de abril, que llega repleta de ofertas laborales y herramientas de orientaci\u00f3n profesional | EUSES - Campus de Bellvitge (Barcelona)\" \/>\n<meta property=\"og:description\" content=\"La 2\u00aa edici\u00f3n del Talent Day doblar\u00e1 las prestaciones en relaci\u00f3n a la edici\u00f3n de su debut y se celebrar\u00e1 durante dos d\u00edas, el lunes 25 y el martes 26 de abril. Organizada y dise\u00f1ada por el equipo de EUSES Alumni, la Feria Virtual de la Ocupaci\u00f3n y Orientaci\u00f3n profesional de la Escola Universit\u00e0ria de [&hellip;]\" \/>\n<meta property=\"og:url\" content=\"https:\/\/barcelona.euses.cat\/es\/abiertas-las-inscripciones-del-ii-euses-talent-day-del-25-y-26-de-abril-que-llega-repleta-de-ofertas-laborales-y-herramientas-de-orientacion-profesional\/\" \/>\n<meta property=\"og:site_name\" content=\"EUSES - Campus de Bellvitge (Barcelona)\" \/>\n<meta property=\"article:publisher\" content=\"https:\/\/www.facebook.com\/PhysioBCN\/\" \/>\n<meta property=\"article:published_time\" content=\"2022-04-01T12:20:10+00:00\" \/>\n<meta property=\"og:image\" content=\"https:\/\/barcelona.euses.cat\/wp-content\/uploads\/2022\/04\/Cartell-TALENT-DAY-2022.jpg\" \/>\n\t<meta property=\"og:image:width\" content=\"875\" \/>\n\t<meta property=\"og:image:height\" content=\"1241\" \/>\n\t<meta property=\"og:image:type\" content=\"image\/jpeg\" \/>\n<meta name=\"author\" content=\"Jordi Danes\" \/>\n<meta name=\"twitter:card\" content=\"summary_large_image\" \/>\n<meta name=\"twitter:label1\" content=\"Escrito por\" \/>\n\t<meta name=\"twitter:data1\" content=\"Jordi Danes\" \/>\n\t<meta name=\"twitter:label2\" content=\"Tiempo de lectura\" \/>\n\t<meta name=\"twitter:data2\" content=\"2 minutos\" \/>\n<script type=\"application\/ld+json\" class=\"yoast-schema-graph\">{\"@context\":\"https:\\\/\\\/schema.org\",\"@graph\":[{\"@type\":\"Article\",\"@id\":\"https:\\\/\\\/barcelona.euses.cat\\\/es\\\/abiertas-las-inscripciones-del-ii-euses-talent-day-del-25-y-26-de-abril-que-llega-repleta-de-ofertas-laborales-y-herramientas-de-orientacion-profesional\\\/#article\",\"isPartOf\":{\"@id\":\"https:\\\/\\\/barcelona.euses.cat\\\/es\\\/abiertas-las-inscripciones-del-ii-euses-talent-day-del-25-y-26-de-abril-que-llega-repleta-de-ofertas-laborales-y-herramientas-de-orientacion-profesional\\\/\"},\"author\":{\"name\":\"Jordi Danes\",\"@id\":\"https:\\\/\\\/barcelona.euses.cat\\\/ca\\\/#\\\/schema\\\/person\\\/8ab46080dfc4814fa59383db317735bd\"},\"headline\":\"Abiertas las inscripciones del II EUSES Talent Day del 25 y 26 de abril, que llega repleta de ofertas laborales y herramientas de orientaci\u00f3n profesional\",\"datePublished\":\"2022-04-01T12:20:10+00:00\",\"mainEntityOfPage\":{\"@id\":\"https:\\\/\\\/barcelona.euses.cat\\\/es\\\/abiertas-las-inscripciones-del-ii-euses-talent-day-del-25-y-26-de-abril-que-llega-repleta-de-ofertas-laborales-y-herramientas-de-orientacion-profesional\\\/\"},\"wordCount\":454,\"commentCount\":0,\"image\":{\"@id\":\"https:\\\/\\\/barcelona.euses.cat\\\/es\\\/abiertas-las-inscripciones-del-ii-euses-talent-day-del-25-y-26-de-abril-que-llega-repleta-de-ofertas-laborales-y-herramientas-de-orientacion-profesional\\\/#primaryimage\"},\"thumbnailUrl\":\"https:\\\/\\\/barcelona.euses.cat\\\/wp-content\\\/uploads\\\/2022\\\/04\\\/Cartell-TALENT-DAY-2022.jpg\",\"articleSection\":[\"Sin categorizar\"],\"inLanguage\":\"es\"},{\"@type\":\"WebPage\",\"@id\":\"https:\\\/\\\/barcelona.euses.cat\\\/es\\\/abiertas-las-inscripciones-del-ii-euses-talent-day-del-25-y-26-de-abril-que-llega-repleta-de-ofertas-laborales-y-herramientas-de-orientacion-profesional\\\/\",\"url\":\"https:\\\/\\\/barcelona.euses.cat\\\/es\\\/abiertas-las-inscripciones-del-ii-euses-talent-day-del-25-y-26-de-abril-que-llega-repleta-de-ofertas-laborales-y-herramientas-de-orientacion-profesional\\\/\",\"name\":\"Abiertas las inscripciones del II EUSES Talent Day del 25 y 26 de abril, que llega repleta de ofertas laborales y herramientas de orientaci\u00f3n profesional | EUSES - Campus de Bellvitge (Barcelona)\",\"isPartOf\":{\"@id\":\"https:\\\/\\\/barcelona.euses.cat\\\/ca\\\/#website\"},\"primaryImageOfPage\":{\"@id\":\"https:\\\/\\\/barcelona.euses.cat\\\/es\\\/abiertas-las-inscripciones-del-ii-euses-talent-day-del-25-y-26-de-abril-que-llega-repleta-de-ofertas-laborales-y-herramientas-de-orientacion-profesional\\\/#primaryimage\"},\"image\":{\"@id\":\"https:\\\/\\\/barcelona.euses.cat\\\/es\\\/abiertas-las-inscripciones-del-ii-euses-talent-day-del-25-y-26-de-abril-que-llega-repleta-de-ofertas-laborales-y-herramientas-de-orientacion-profesional\\\/#primaryimage\"},\"thumbnailUrl\":\"https:\\\/\\\/barcelona.euses.cat\\\/wp-content\\\/uploads\\\/2022\\\/04\\\/Cartell-TALENT-DAY-2022.jpg\",\"datePublished\":\"2022-04-01T12:20:10+00:00\",\"author\":{\"@id\":\"https:\\\/\\\/barcelona.euses.cat\\\/ca\\\/#\\\/schema\\\/person\\\/8ab46080dfc4814fa59383db317735bd\"},\"breadcrumb\":{\"@id\":\"https:\\\/\\\/barcelona.euses.cat\\\/es\\\/abiertas-las-inscripciones-del-ii-euses-talent-day-del-25-y-26-de-abril-que-llega-repleta-de-ofertas-laborales-y-herramientas-de-orientacion-profesional\\\/#breadcrumb\"},\"inLanguage\":\"es\",\"potentialAction\":[{\"@type\":\"ReadAction\",\"target\":[\"https:\\\/\\\/barcelona.euses.cat\\\/es\\\/abiertas-las-inscripciones-del-ii-euses-talent-day-del-25-y-26-de-abril-que-llega-repleta-de-ofertas-laborales-y-herramientas-de-orientacion-profesional\\\/\"]}]},{\"@type\":\"ImageObject\",\"inLanguage\":\"es\",\"@id\":\"https:\\\/\\\/barcelona.euses.cat\\\/es\\\/abiertas-las-inscripciones-del-ii-euses-talent-day-del-25-y-26-de-abril-que-llega-repleta-de-ofertas-laborales-y-herramientas-de-orientacion-profesional\\\/#primaryimage\",\"url\":\"https:\\\/\\\/barcelona.euses.cat\\\/wp-content\\\/uploads\\\/2022\\\/04\\\/Cartell-TALENT-DAY-2022.jpg\",\"contentUrl\":\"https:\\\/\\\/barcelona.euses.cat\\\/wp-content\\\/uploads\\\/2022\\\/04\\\/Cartell-TALENT-DAY-2022.jpg\",\"width\":875,\"height\":1241},{\"@type\":\"BreadcrumbList\",\"@id\":\"https:\\\/\\\/barcelona.euses.cat\\\/es\\\/abiertas-las-inscripciones-del-ii-euses-talent-day-del-25-y-26-de-abril-que-llega-repleta-de-ofertas-laborales-y-herramientas-de-orientacion-profesional\\\/#breadcrumb\",\"itemListElement\":[{\"@type\":\"ListItem\",\"position\":1,\"name\":\"Portada\",\"item\":\"https:\\\/\\\/barcelona.euses.cat\\\/es\\\/\"},{\"@type\":\"ListItem\",\"position\":2,\"name\":\"Abiertas las inscripciones del II EUSES Talent Day del 25 y 26 de abril, que llega repleta de ofertas laborales y herramientas de orientaci\u00f3n profesional\"}]},{\"@type\":\"WebSite\",\"@id\":\"https:\\\/\\\/barcelona.euses.cat\\\/ca\\\/#website\",\"url\":\"https:\\\/\\\/barcelona.euses.cat\\\/ca\\\/\",\"name\":\"EUSES - Campus de Bellvitge (Barcelona)\",\"description\":\"EUSES, Escuela Universitaria de Fisioterapia Internacional en Barcelona\",\"potentialAction\":[{\"@type\":\"SearchAction\",\"target\":{\"@type\":\"EntryPoint\",\"urlTemplate\":\"https:\\\/\\\/barcelona.euses.cat\\\/ca\\\/?s={search_term_string}\"},\"query-input\":{\"@type\":\"PropertyValueSpecification\",\"valueRequired\":true,\"valueName\":\"search_term_string\"}}],\"inLanguage\":\"es\"},{\"@type\":\"Person\",\"@id\":\"https:\\\/\\\/barcelona.euses.cat\\\/ca\\\/#\\\/schema\\\/person\\\/8ab46080dfc4814fa59383db317735bd\",\"name\":\"Jordi Danes\",\"image\":{\"@type\":\"ImageObject\",\"inLanguage\":\"es\",\"@id\":\"https:\\\/\\\/secure.gravatar.com\\\/avatar\\\/a9e4f443b594af225625ee8cfa665e41b1e0740ea34fbe0515b4ca559f8570ef?s=96&d=mm&r=g\",\"url\":\"https:\\\/\\\/secure.gravatar.com\\\/avatar\\\/a9e4f443b594af225625ee8cfa665e41b1e0740ea34fbe0515b4ca559f8570ef?s=96&d=mm&r=g\",\"contentUrl\":\"https:\\\/\\\/secure.gravatar.com\\\/avatar\\\/a9e4f443b594af225625ee8cfa665e41b1e0740ea34fbe0515b4ca559f8570ef?s=96&d=mm&r=g\",\"caption\":\"Jordi Danes\"},\"url\":\"https:\\\/\\\/barcelona.euses.cat\\\/es\\\/author\\\/jordi-danes\\\/\"}]}<\/script>\n<!-- \/ Yoast SEO plugin. -->","yoast_head_json":{"title":"Abiertas las inscripciones del II EUSES Talent Day del 25 y 26 de abril, que llega repleta de ofertas laborales y herramientas de orientaci\u00f3n profesional | EUSES - Campus de Bellvitge (Barcelona)","robots":{"index":"index","follow":"follow","max-snippet":"max-snippet:-1","max-image-preview":"max-image-preview:large","max-video-preview":"max-video-preview:-1"},"canonical":"https:\/\/barcelona.euses.cat\/es\/abiertas-las-inscripciones-del-ii-euses-talent-day-del-25-y-26-de-abril-que-llega-repleta-de-ofertas-laborales-y-herramientas-de-orientacion-profesional\/","og_locale":"es_ES","og_type":"article","og_title":"Abiertas las inscripciones del II EUSES Talent Day del 25 y 26 de abril, que llega repleta de ofertas laborales y herramientas de orientaci\u00f3n profesional | EUSES - Campus de Bellvitge (Barcelona)","og_description":"La 2\u00aa edici\u00f3n del Talent Day doblar\u00e1 las prestaciones en relaci\u00f3n a la edici\u00f3n de su debut y se celebrar\u00e1 durante dos d\u00edas, el lunes 25 y el martes 26 de abril. Organizada y dise\u00f1ada por el equipo de EUSES Alumni, la Feria Virtual de la Ocupaci\u00f3n y Orientaci\u00f3n profesional de la Escola Universit\u00e0ria de [&hellip;]","og_url":"https:\/\/barcelona.euses.cat\/es\/abiertas-las-inscripciones-del-ii-euses-talent-day-del-25-y-26-de-abril-que-llega-repleta-de-ofertas-laborales-y-herramientas-de-orientacion-profesional\/","og_site_name":"EUSES - Campus de Bellvitge (Barcelona)","article_publisher":"https:\/\/www.facebook.com\/PhysioBCN\/","article_published_time":"2022-04-01T12:20:10+00:00","og_image":[{"width":875,"height":1241,"url":"https:\/\/barcelona.euses.cat\/wp-content\/uploads\/2022\/04\/Cartell-TALENT-DAY-2022.jpg","type":"image\/jpeg"}],"author":"Jordi Danes","twitter_card":"summary_large_image","twitter_misc":{"Escrito por":"Jordi Danes","Tiempo de lectura":"2 minutos"},"schema":{"@context":"https:\/\/schema.org","@graph":[{"@type":"Article","@id":"https:\/\/barcelona.euses.cat\/es\/abiertas-las-inscripciones-del-ii-euses-talent-day-del-25-y-26-de-abril-que-llega-repleta-de-ofertas-laborales-y-herramientas-de-orientacion-profesional\/#article","isPartOf":{"@id":"https:\/\/barcelona.euses.cat\/es\/abiertas-las-inscripciones-del-ii-euses-talent-day-del-25-y-26-de-abril-que-llega-repleta-de-ofertas-laborales-y-herramientas-de-orientacion-profesional\/"},"author":{"name":"Jordi Danes","@id":"https:\/\/barcelona.euses.cat\/ca\/#\/schema\/person\/8ab46080dfc4814fa59383db317735bd"},"headline":"Abiertas las inscripciones del II EUSES Talent Day del 25 y 26 de abril, que llega repleta de ofertas laborales y herramientas de orientaci\u00f3n profesional","datePublished":"2022-04-01T12:20:10+00:00","mainEntityOfPage":{"@id":"https:\/\/barcelona.euses.cat\/es\/abiertas-las-inscripciones-del-ii-euses-talent-day-del-25-y-26-de-abril-que-llega-repleta-de-ofertas-laborales-y-herramientas-de-orientacion-profesional\/"},"wordCount":454,"commentCount":0,"image":{"@id":"https:\/\/barcelona.euses.cat\/es\/abiertas-las-inscripciones-del-ii-euses-talent-day-del-25-y-26-de-abril-que-llega-repleta-de-ofertas-laborales-y-herramientas-de-orientacion-profesional\/#primaryimage"},"thumbnailUrl":"https:\/\/barcelona.euses.cat\/wp-content\/uploads\/2022\/04\/Cartell-TALENT-DAY-2022.jpg","articleSection":["Sin categorizar"],"inLanguage":"es"},{"@type":"WebPage","@id":"https:\/\/barcelona.euses.cat\/es\/abiertas-las-inscripciones-del-ii-euses-talent-day-del-25-y-26-de-abril-que-llega-repleta-de-ofertas-laborales-y-herramientas-de-orientacion-profesional\/","url":"https:\/\/barcelona.euses.cat\/es\/abiertas-las-inscripciones-del-ii-euses-talent-day-del-25-y-26-de-abril-que-llega-repleta-de-ofertas-laborales-y-herramientas-de-orientacion-profesional\/","name":"Abiertas las inscripciones del II EUSES Talent Day del 25 y 26 de abril, que llega repleta de ofertas laborales y herramientas de orientaci\u00f3n profesional | EUSES - Campus de Bellvitge (Barcelona)","isPartOf":{"@id":"https:\/\/barcelona.euses.cat\/ca\/#website"},"primaryImageOfPage":{"@id":"https:\/\/barcelona.euses.cat\/es\/abiertas-las-inscripciones-del-ii-euses-talent-day-del-25-y-26-de-abril-que-llega-repleta-de-ofertas-laborales-y-herramientas-de-orientacion-profesional\/#primaryimage"},"image":{"@id":"https:\/\/barcelona.euses.cat\/es\/abiertas-las-inscripciones-del-ii-euses-talent-day-del-25-y-26-de-abril-que-llega-repleta-de-ofertas-laborales-y-herramientas-de-orientacion-profesional\/#primaryimage"},"thumbnailUrl":"https:\/\/barcelona.euses.cat\/wp-content\/uploads\/2022\/04\/Cartell-TALENT-DAY-2022.jpg","datePublished":"2022-04-01T12:20:10+00:00","author":{"@id":"https:\/\/barcelona.euses.cat\/ca\/#\/schema\/person\/8ab46080dfc4814fa59383db317735bd"},"breadcrumb":{"@id":"https:\/\/barcelona.euses.cat\/es\/abiertas-las-inscripciones-del-ii-euses-talent-day-del-25-y-26-de-abril-que-llega-repleta-de-ofertas-laborales-y-herramientas-de-orientacion-profesional\/#breadcrumb"},"inLanguage":"es","potentialAction":[{"@type":"ReadAction","target":["https:\/\/barcelona.euses.cat\/es\/abiertas-las-inscripciones-del-ii-euses-talent-day-del-25-y-26-de-abril-que-llega-repleta-de-ofertas-laborales-y-herramientas-de-orientacion-profesional\/"]}]},{"@type":"ImageObject","inLanguage":"es","@id":"https:\/\/barcelona.euses.cat\/es\/abiertas-las-inscripciones-del-ii-euses-talent-day-del-25-y-26-de-abril-que-llega-repleta-de-ofertas-laborales-y-herramientas-de-orientacion-profesional\/#primaryimage","url":"https:\/\/barcelona.euses.cat\/wp-content\/uploads\/2022\/04\/Cartell-TALENT-DAY-2022.jpg","contentUrl":"https:\/\/barcelona.euses.cat\/wp-content\/uploads\/2022\/04\/Cartell-TALENT-DAY-2022.jpg","width":875,"height":1241},{"@type":"BreadcrumbList","@id":"https:\/\/barcelona.euses.cat\/es\/abiertas-las-inscripciones-del-ii-euses-talent-day-del-25-y-26-de-abril-que-llega-repleta-de-ofertas-laborales-y-herramientas-de-orientacion-profesional\/#breadcrumb","itemListElement":[{"@type":"ListItem","position":1,"name":"Portada","item":"https:\/\/barcelona.euses.cat\/es\/"},{"@type":"ListItem","position":2,"name":"Abiertas las inscripciones del II EUSES Talent Day del 25 y 26 de abril, que llega repleta de ofertas laborales y herramientas de orientaci\u00f3n profesional"}]},{"@type":"WebSite","@id":"https:\/\/barcelona.euses.cat\/ca\/#website","url":"https:\/\/barcelona.euses.cat\/ca\/","name":"EUSES - Campus de Bellvitge (Barcelona)","description":"EUSES, Escuela Universitaria de Fisioterapia Internacional en Barcelona","potentialAction":[{"@type":"SearchAction","target":{"@type":"EntryPoint","urlTemplate":"https:\/\/barcelona.euses.cat\/ca\/?s={search_term_string}"},"query-input":{"@type":"PropertyValueSpecification","valueRequired":true,"valueName":"search_term_string"}}],"inLanguage":"es"},{"@type":"Person","@id":"https:\/\/barcelona.euses.cat\/ca\/#\/schema\/person\/8ab46080dfc4814fa59383db317735bd","name":"Jordi Danes","image":{"@type":"ImageObject","inLanguage":"es","@id":"https:\/\/secure.gravatar.com\/avatar\/a9e4f443b594af225625ee8cfa665e41b1e0740ea34fbe0515b4ca559f8570ef?s=96&d=mm&r=g","url":"https:\/\/secure.gravatar.com\/avatar\/a9e4f443b594af225625ee8cfa665e41b1e0740ea34fbe0515b4ca559f8570ef?s=96&d=mm&r=g","contentUrl":"https:\/\/secure.gravatar.com\/avatar\/a9e4f443b594af225625ee8cfa665e41b1e0740ea34fbe0515b4ca559f8570ef?s=96&d=mm&r=g","caption":"Jordi Danes"},"url":"https:\/\/barcelona.euses.cat\/es\/author\/jordi-danes\/"}]}},"_links":{"self":[{"href":"https:\/\/barcelona.euses.cat\/es\/wp-json\/wp\/v2\/posts\/10705","targetHints":{"allow":["GET"]}}],"collection":[{"href":"https:\/\/barcelona.euses.cat\/es\/wp-json\/wp\/v2\/posts"}],"about":[{"href":"https:\/\/barcelona.euses.cat\/es\/wp-json\/wp\/v2\/types\/post"}],"author":[{"embeddable":true,"href":"https:\/\/barcelona.euses.cat\/es\/wp-json\/wp\/v2\/users\/3"}],"replies":[{"embeddable":true,"href":"https:\/\/barcelona.euses.cat\/es\/wp-json\/wp\/v2\/comments?post=10705"}],"version-history":[{"count":1,"href":"https:\/\/barcelona.euses.cat\/es\/wp-json\/wp\/v2\/posts\/10705\/revisions"}],"predecessor-version":[{"id":10706,"href":"https:\/\/barcelona.euses.cat\/es\/wp-json\/wp\/v2\/posts\/10705\/revisions\/10706"}],"wp:featuredmedia":[{"embeddable":true,"href":"https:\/\/barcelona.euses.cat\/es\/wp-json\/wp\/v2\/media\/10703"}],"wp:attachment":[{"href":"https:\/\/barcelona.euses.cat\/es\/wp-json\/wp\/v2\/media?parent=10705"}],"wp:term":[{"taxonomy":"category","embeddable":true,"href":"https:\/\/barcelona.euses.cat\/es\/wp-json\/wp\/v2\/categories?post=10705"},{"taxonomy":"post_tag","embeddable":true,"href":"https:\/\/barcelona.euses.cat\/es\/wp-json\/wp\/v2\/tags?post=10705"}],"curies":[{"name":"wp","href":"https:\/\/api.w.org\/{rel}","templated":true}]}}