{"id":10640,"date":"2022-03-17T00:47:18","date_gmt":"2022-03-16T23:47:18","guid":{"rendered":"https:\/\/barcelona.euses.cat\/?p=10640"},"modified":"2022-03-17T08:51:42","modified_gmt":"2022-03-17T07:51:42","slug":"la-escola-universitaria-de-la-salut-i-lesport-expone-toda-su-oferta-academica-en-el-salo-de-lensenyament-de-barcelona","status":"publish","type":"post","link":"https:\/\/barcelona.euses.cat\/es\/la-escola-universitaria-de-la-salut-i-lesport-expone-toda-su-oferta-academica-en-el-salo-de-lensenyament-de-barcelona\/","title":{"rendered":"La Escola Universit\u00e0ria de la Salut i l\u2019Esport expone toda su oferta acad\u00e9mica en el Sal\u00f3 de l\u2019Ensenyament de Barcelona"},"content":{"rendered":"<p>La <a href=\"http:\/\/euses.cat\/\">Escola Universit\u00e0ria de la Salut i l\u2019Esport<\/a>\u00a0est\u00e1 presente un a\u00f1o m\u00e1s en el <a href=\"https:\/\/www.ensenyament.com\/\">Sal\u00f3 de l\u2019Ensenyament<\/a>, que ha abierto este mi\u00e9rcoles las puertas en el recinto de Montjuic de la Fira de Barcelona despu\u00e9s de dos ediciones de ausencia por la Covid-19 (2020 y 2021). Dicho sal\u00f3n ser\u00e1, hasta el pr\u00f3ximo domingo, el centro neur\u00e1lgico de la orientaci\u00f3n en cuanto a la formaci\u00f3n acad\u00e9mica y salidas laborales.<\/p>\n<p>EUSES se encuentra ubicado en el estand 145 (Palau 1, calle A). All\u00ed los estudiantes podran encontrar toda la oferta universit\u00e0ria de los grados en <strong>Ciencias de la Actividad F\u00edsica y el Deporte<\/strong> (Campus de Salt y de Terres de l\u2019Ebre) y en <strong>Fisioterapia<\/strong> (Campus de Salt, Terres de l\u2019Ebre y Bellvitge), dos formaciones especializadas y de calidad.<\/p>\n<p>La oferta acad\u00e8mica que ofrece el estand de EUSES es la siguiente:<\/p>\n<p><strong>EUSES-UdG (Campus de Salt)<\/strong><\/p>\n<p><a href=\"https:\/\/girona.euses.cat\/es\/estudios\/grado-cafd-girona\/\">Grado en Ciencias de la Actividad F\u00edsica y del Deporte<\/a><\/p>\n<p><a href=\"https:\/\/girona.euses.cat\/es\/estudios\/grado-fisioterapia-girona\/\">Grado en Fisioterapia<\/a><\/p>\n<p><a href=\"https:\/\/girona.euses.cat\/es\/estudios\/doble-titulacion-cafd-fisioterapia\/\">Doble Titulaci\u00f3n (CAFyD + Fisioterapia)<\/a><\/p>\n<p><strong>EUSES-URV (Campus de Terres de l\u2019Ebre)<\/strong><\/p>\n<p><a href=\"https:\/\/tarragona.euses.cat\/es\/estudios\/grado-ciencias-actividad-fisica-y-deporte-cafd-tarragona\/\" target=\"_blank\" rel=\"noopener noreferrer\">Grado en Ciencias de la Actividad F\u00edsica y del Deporte<\/a> (Amposta)<\/p>\n<p><a href=\"https:\/\/tarragona.euses.cat\/es\/estudios\/grado-fisioterapia-tarragona\/\" target=\"_blank\" rel=\"noopener noreferrer\">Grado en Fisioterapia<\/a> (Tortosa)<\/p>\n<p><a href=\"https:\/\/tarragona.euses.cat\/es\/estudios\/doble-titulacion-cafd-fisioterapia\/\" target=\"_blank\" rel=\"noopener noreferrer\">Doble Titulaci\u00f3n (CAFyD + Fisioterapia)<\/a><\/p>\n<p><strong>EUSES-UdG ENTI-UB (Campus de Bellvitge)<\/strong><\/p>\n<p><a href=\"https:\/\/barcelona.euses.cat\/estudios\/international-physiotherapy-degree-barcelona\/\">Grado en Fisioterapia Internacional (Physiotherapy)<\/a><\/p>\n\n\t\t<style type=\"text\/css\">\n\t\t\t#gallery-1 {\n\t\t\t\tmargin: auto;\n\t\t\t}\n\t\t\t#gallery-1 .gallery-item {\n\t\t\t\tfloat: left;\n\t\t\t\tmargin-top: 10px;\n\t\t\t\ttext-align: center;\n\t\t\t\twidth: 33%;\n\t\t\t}\n\t\t\t#gallery-1 img {\n\t\t\t\tborder: 2px solid #cfcfcf;\n\t\t\t}\n\t\t\t#gallery-1 .gallery-caption {\n\t\t\t\tmargin-left: 0;\n\t\t\t}\n\t\t\t\/* see gallery_shortcode() in wp-includes\/media.php *\/\n\t\t<\/style>\n\t\t<div id='gallery-1' class='gallery galleryid-10640 gallery-columns-3 gallery-size-medium'><dl class='gallery-item'>\n\t\t\t<dt class='gallery-icon landscape'>\n\t\t\t\t<a href='https:\/\/barcelona.euses.cat\/es\/la-escola-universitaria-de-la-salut-i-lesport-expone-toda-su-oferta-academica-en-el-salo-de-lensenyament-de-barcelona\/salo-ensenyament-2022-1-2\/'><img fetchpriority=\"high\" decoding=\"async\" width=\"300\" height=\"225\" src=\"https:\/\/barcelona.euses.cat\/wp-content\/uploads\/2022\/03\/salo-ensenyament-2022-1-300x225.jpeg\" class=\"attachment-medium size-medium\" alt=\"\" srcset=\"https:\/\/barcelona.euses.cat\/wp-content\/uploads\/2022\/03\/salo-ensenyament-2022-1-300x225.jpeg 300w, https:\/\/barcelona.euses.cat\/wp-content\/uploads\/2022\/03\/salo-ensenyament-2022-1-1024x768.jpeg 1024w, https:\/\/barcelona.euses.cat\/wp-content\/uploads\/2022\/03\/salo-ensenyament-2022-1-768x576.jpeg 768w, https:\/\/barcelona.euses.cat\/wp-content\/uploads\/2022\/03\/salo-ensenyament-2022-1-1536x1152.jpeg 1536w, https:\/\/barcelona.euses.cat\/wp-content\/uploads\/2022\/03\/salo-ensenyament-2022-1-267x200.jpeg 267w, https:\/\/barcelona.euses.cat\/wp-content\/uploads\/2022\/03\/salo-ensenyament-2022-1-700x525.jpeg 700w, https:\/\/barcelona.euses.cat\/wp-content\/uploads\/2022\/03\/salo-ensenyament-2022-1.jpeg 1600w\" sizes=\"(max-width: 300px) 100vw, 300px\" \/><\/a>\n\t\t\t<\/dt><\/dl><dl class='gallery-item'>\n\t\t\t<dt class='gallery-icon portrait'>\n\t\t\t\t<a href='https:\/\/barcelona.euses.cat\/es\/la-escola-universitaria-de-la-salut-i-lesport-expone-toda-su-oferta-academica-en-el-salo-de-lensenyament-de-barcelona\/salo-ensenyament-2022-5-2\/'><img decoding=\"async\" width=\"225\" height=\"300\" src=\"https:\/\/barcelona.euses.cat\/wp-content\/uploads\/2022\/03\/salo-ensenyament-2022-5-225x300.jpeg\" class=\"attachment-medium size-medium\" alt=\"\" srcset=\"https:\/\/barcelona.euses.cat\/wp-content\/uploads\/2022\/03\/salo-ensenyament-2022-5-225x300.jpeg 225w, https:\/\/barcelona.euses.cat\/wp-content\/uploads\/2022\/03\/salo-ensenyament-2022-5-768x1024.jpeg 768w, https:\/\/barcelona.euses.cat\/wp-content\/uploads\/2022\/03\/salo-ensenyament-2022-5-1152x1536.jpeg 1152w, https:\/\/barcelona.euses.cat\/wp-content\/uploads\/2022\/03\/salo-ensenyament-2022-5-150x200.jpeg 150w, https:\/\/barcelona.euses.cat\/wp-content\/uploads\/2022\/03\/salo-ensenyament-2022-5-290x385.jpeg 290w, https:\/\/barcelona.euses.cat\/wp-content\/uploads\/2022\/03\/salo-ensenyament-2022-5-400x531.jpeg 400w, https:\/\/barcelona.euses.cat\/wp-content\/uploads\/2022\/03\/salo-ensenyament-2022-5.jpeg 1200w\" sizes=\"(max-width: 225px) 100vw, 225px\" \/><\/a>\n\t\t\t<\/dt><\/dl><dl class='gallery-item'>\n\t\t\t<dt class='gallery-icon landscape'>\n\t\t\t\t<a href='https:\/\/barcelona.euses.cat\/es\/la-escola-universitaria-de-la-salut-i-lesport-expone-toda-su-oferta-academica-en-el-salo-de-lensenyament-de-barcelona\/salo-ensenyament-2022-6-2\/'><img decoding=\"async\" width=\"300\" height=\"225\" src=\"https:\/\/barcelona.euses.cat\/wp-content\/uploads\/2022\/03\/salo-ensenyament-2022-6-300x225.jpeg\" class=\"attachment-medium size-medium\" alt=\"\" srcset=\"https:\/\/barcelona.euses.cat\/wp-content\/uploads\/2022\/03\/salo-ensenyament-2022-6-300x225.jpeg 300w, https:\/\/barcelona.euses.cat\/wp-content\/uploads\/2022\/03\/salo-ensenyament-2022-6-1024x768.jpeg 1024w, https:\/\/barcelona.euses.cat\/wp-content\/uploads\/2022\/03\/salo-ensenyament-2022-6-768x576.jpeg 768w, https:\/\/barcelona.euses.cat\/wp-content\/uploads\/2022\/03\/salo-ensenyament-2022-6-1536x1152.jpeg 1536w, https:\/\/barcelona.euses.cat\/wp-content\/uploads\/2022\/03\/salo-ensenyament-2022-6-267x200.jpeg 267w, https:\/\/barcelona.euses.cat\/wp-content\/uploads\/2022\/03\/salo-ensenyament-2022-6-700x525.jpeg 700w, https:\/\/barcelona.euses.cat\/wp-content\/uploads\/2022\/03\/salo-ensenyament-2022-6.jpeg 1600w\" sizes=\"(max-width: 300px) 100vw, 300px\" \/><\/a>\n\t\t\t<\/dt><\/dl><br style=\"clear: both\" \/><dl class='gallery-item'>\n\t\t\t<dt class='gallery-icon landscape'>\n\t\t\t\t<a href='https:\/\/barcelona.euses.cat\/es\/la-escola-universitaria-de-la-salut-i-lesport-expone-toda-su-oferta-academica-en-el-salo-de-lensenyament-de-barcelona\/salo-ensenyament-2022-9-2\/'><img loading=\"lazy\" decoding=\"async\" width=\"300\" height=\"225\" src=\"https:\/\/barcelona.euses.cat\/wp-content\/uploads\/2022\/03\/salo-ensenyament-2022-9-300x225.jpeg\" class=\"attachment-medium size-medium\" alt=\"\" srcset=\"https:\/\/barcelona.euses.cat\/wp-content\/uploads\/2022\/03\/salo-ensenyament-2022-9-300x225.jpeg 300w, https:\/\/barcelona.euses.cat\/wp-content\/uploads\/2022\/03\/salo-ensenyament-2022-9-1024x768.jpeg 1024w, https:\/\/barcelona.euses.cat\/wp-content\/uploads\/2022\/03\/salo-ensenyament-2022-9-768x576.jpeg 768w, https:\/\/barcelona.euses.cat\/wp-content\/uploads\/2022\/03\/salo-ensenyament-2022-9-1536x1152.jpeg 1536w, https:\/\/barcelona.euses.cat\/wp-content\/uploads\/2022\/03\/salo-ensenyament-2022-9-267x200.jpeg 267w, https:\/\/barcelona.euses.cat\/wp-content\/uploads\/2022\/03\/salo-ensenyament-2022-9-700x525.jpeg 700w, https:\/\/barcelona.euses.cat\/wp-content\/uploads\/2022\/03\/salo-ensenyament-2022-9.jpeg 1600w\" sizes=\"(max-width: 300px) 100vw, 300px\" \/><\/a>\n\t\t\t<\/dt><\/dl><dl class='gallery-item'>\n\t\t\t<dt class='gallery-icon landscape'>\n\t\t\t\t<a href='https:\/\/barcelona.euses.cat\/es\/la-escola-universitaria-de-la-salut-i-lesport-expone-toda-su-oferta-academica-en-el-salo-de-lensenyament-de-barcelona\/salo-ensenyament-2022-10-2\/'><img loading=\"lazy\" decoding=\"async\" width=\"300\" height=\"225\" src=\"https:\/\/barcelona.euses.cat\/wp-content\/uploads\/2022\/03\/salo-ensenyament-2022-10-300x225.jpeg\" class=\"attachment-medium size-medium\" alt=\"\" srcset=\"https:\/\/barcelona.euses.cat\/wp-content\/uploads\/2022\/03\/salo-ensenyament-2022-10-300x225.jpeg 300w, https:\/\/barcelona.euses.cat\/wp-content\/uploads\/2022\/03\/salo-ensenyament-2022-10-1024x768.jpeg 1024w, https:\/\/barcelona.euses.cat\/wp-content\/uploads\/2022\/03\/salo-ensenyament-2022-10-768x576.jpeg 768w, https:\/\/barcelona.euses.cat\/wp-content\/uploads\/2022\/03\/salo-ensenyament-2022-10-1536x1152.jpeg 1536w, https:\/\/barcelona.euses.cat\/wp-content\/uploads\/2022\/03\/salo-ensenyament-2022-10-267x200.jpeg 267w, https:\/\/barcelona.euses.cat\/wp-content\/uploads\/2022\/03\/salo-ensenyament-2022-10-700x525.jpeg 700w, https:\/\/barcelona.euses.cat\/wp-content\/uploads\/2022\/03\/salo-ensenyament-2022-10.jpeg 1600w\" sizes=\"(max-width: 300px) 100vw, 300px\" \/><\/a>\n\t\t\t<\/dt><\/dl>\n\t\t\t<br style='clear: both' \/>\n\t\t<\/div>\n\n","protected":false},"excerpt":{"rendered":"<p>La Escola Universit\u00e0ria de la Salut i l\u2019Esport\u00a0est\u00e1 presente un a\u00f1o m\u00e1s en el Sal\u00f3 de l\u2019Ensenyament, que ha abierto este mi\u00e9rcoles las puertas en el recinto de Montjuic de la Fira de Barcelona despu\u00e9s de dos ediciones de ausencia por la Covid-19 (2020 y 2021). Dicho sal\u00f3n ser\u00e1, hasta el pr\u00f3ximo domingo, el centro [&hellip;]<\/p>\n","protected":false},"author":3,"featured_media":10647,"comment_status":"open","ping_status":"closed","sticky":false,"template":"","format":"standard","meta":{"_acf_changed":false,"inline_featured_image":false,"_joinchat":[],"footnotes":""},"categories":[1],"tags":[],"class_list":["post-10640","post","type-post","status-publish","format-standard","has-post-thumbnail","hentry","category-sin-categorizar"],"acf":[],"yoast_head":"<!-- This site is optimized with the Yoast SEO plugin v27.4 - https:\/\/yoast.com\/product\/yoast-seo-wordpress\/ -->\n<title>La Escola Universit\u00e0ria de la Salut i l\u2019Esport expone toda su oferta acad\u00e9mica en el Sal\u00f3 de l\u2019Ensenyament de Barcelona | EUSES - Campus de Bellvitge (Barcelona)<\/title>\n<meta name=\"robots\" content=\"index, follow, max-snippet:-1, max-image-preview:large, max-video-preview:-1\" \/>\n<link rel=\"canonical\" href=\"https:\/\/barcelona.euses.cat\/es\/la-escola-universitaria-de-la-salut-i-lesport-expone-toda-su-oferta-academica-en-el-salo-de-lensenyament-de-barcelona\/\" \/>\n<meta property=\"og:locale\" content=\"es_ES\" \/>\n<meta property=\"og:type\" content=\"article\" \/>\n<meta property=\"og:title\" content=\"La Escola Universit\u00e0ria de la Salut i l\u2019Esport expone toda su oferta acad\u00e9mica en el Sal\u00f3 de l\u2019Ensenyament de Barcelona | EUSES - Campus de Bellvitge (Barcelona)\" \/>\n<meta property=\"og:description\" content=\"La Escola Universit\u00e0ria de la Salut i l\u2019Esport\u00a0est\u00e1 presente un a\u00f1o m\u00e1s en el Sal\u00f3 de l\u2019Ensenyament, que ha abierto este mi\u00e9rcoles las puertas en el recinto de Montjuic de la Fira de Barcelona despu\u00e9s de dos ediciones de ausencia por la Covid-19 (2020 y 2021). Dicho sal\u00f3n ser\u00e1, hasta el pr\u00f3ximo domingo, el centro [&hellip;]\" \/>\n<meta property=\"og:url\" content=\"https:\/\/barcelona.euses.cat\/es\/la-escola-universitaria-de-la-salut-i-lesport-expone-toda-su-oferta-academica-en-el-salo-de-lensenyament-de-barcelona\/\" \/>\n<meta property=\"og:site_name\" content=\"EUSES - Campus de Bellvitge (Barcelona)\" \/>\n<meta property=\"article:publisher\" content=\"https:\/\/www.facebook.com\/PhysioBCN\/\" \/>\n<meta property=\"article:published_time\" content=\"2022-03-16T23:47:18+00:00\" \/>\n<meta property=\"article:modified_time\" content=\"2022-03-17T07:51:42+00:00\" \/>\n<meta property=\"og:image\" content=\"https:\/\/barcelona.euses.cat\/wp-content\/uploads\/2022\/03\/a-salo-ensenyament-6.jpeg\" \/>\n\t<meta property=\"og:image:width\" content=\"1492\" \/>\n\t<meta property=\"og:image:height\" content=\"1249\" \/>\n\t<meta property=\"og:image:type\" content=\"image\/jpeg\" \/>\n<meta name=\"author\" content=\"Jordi Danes\" \/>\n<meta name=\"twitter:card\" content=\"summary_large_image\" \/>\n<meta name=\"twitter:label1\" content=\"Escrito por\" \/>\n\t<meta name=\"twitter:data1\" content=\"Jordi Danes\" \/>\n\t<meta name=\"twitter:label2\" content=\"Tiempo de lectura\" \/>\n\t<meta name=\"twitter:data2\" content=\"1 minuto\" \/>\n<script type=\"application\/ld+json\" class=\"yoast-schema-graph\">{\"@context\":\"https:\\\/\\\/schema.org\",\"@graph\":[{\"@type\":\"Article\",\"@id\":\"https:\\\/\\\/barcelona.euses.cat\\\/es\\\/la-escola-universitaria-de-la-salut-i-lesport-expone-toda-su-oferta-academica-en-el-salo-de-lensenyament-de-barcelona\\\/#article\",\"isPartOf\":{\"@id\":\"https:\\\/\\\/barcelona.euses.cat\\\/es\\\/la-escola-universitaria-de-la-salut-i-lesport-expone-toda-su-oferta-academica-en-el-salo-de-lensenyament-de-barcelona\\\/\"},\"author\":{\"name\":\"Jordi Danes\",\"@id\":\"https:\\\/\\\/barcelona.euses.cat\\\/ca\\\/#\\\/schema\\\/person\\\/8ab46080dfc4814fa59383db317735bd\"},\"headline\":\"La Escola Universit\u00e0ria de la Salut i l\u2019Esport expone toda su oferta acad\u00e9mica en el Sal\u00f3 de l\u2019Ensenyament de Barcelona\",\"datePublished\":\"2022-03-16T23:47:18+00:00\",\"dateModified\":\"2022-03-17T07:51:42+00:00\",\"mainEntityOfPage\":{\"@id\":\"https:\\\/\\\/barcelona.euses.cat\\\/es\\\/la-escola-universitaria-de-la-salut-i-lesport-expone-toda-su-oferta-academica-en-el-salo-de-lensenyament-de-barcelona\\\/\"},\"wordCount\":242,\"commentCount\":0,\"image\":{\"@id\":\"https:\\\/\\\/barcelona.euses.cat\\\/es\\\/la-escola-universitaria-de-la-salut-i-lesport-expone-toda-su-oferta-academica-en-el-salo-de-lensenyament-de-barcelona\\\/#primaryimage\"},\"thumbnailUrl\":\"https:\\\/\\\/barcelona.euses.cat\\\/wp-content\\\/uploads\\\/2022\\\/03\\\/a-salo-ensenyament-6.jpeg\",\"articleSection\":[\"Sin categorizar\"],\"inLanguage\":\"es\"},{\"@type\":\"WebPage\",\"@id\":\"https:\\\/\\\/barcelona.euses.cat\\\/es\\\/la-escola-universitaria-de-la-salut-i-lesport-expone-toda-su-oferta-academica-en-el-salo-de-lensenyament-de-barcelona\\\/\",\"url\":\"https:\\\/\\\/barcelona.euses.cat\\\/es\\\/la-escola-universitaria-de-la-salut-i-lesport-expone-toda-su-oferta-academica-en-el-salo-de-lensenyament-de-barcelona\\\/\",\"name\":\"La Escola Universit\u00e0ria de la Salut i l\u2019Esport expone toda su oferta acad\u00e9mica en el Sal\u00f3 de l\u2019Ensenyament de Barcelona | EUSES - Campus de Bellvitge (Barcelona)\",\"isPartOf\":{\"@id\":\"https:\\\/\\\/barcelona.euses.cat\\\/ca\\\/#website\"},\"primaryImageOfPage\":{\"@id\":\"https:\\\/\\\/barcelona.euses.cat\\\/es\\\/la-escola-universitaria-de-la-salut-i-lesport-expone-toda-su-oferta-academica-en-el-salo-de-lensenyament-de-barcelona\\\/#primaryimage\"},\"image\":{\"@id\":\"https:\\\/\\\/barcelona.euses.cat\\\/es\\\/la-escola-universitaria-de-la-salut-i-lesport-expone-toda-su-oferta-academica-en-el-salo-de-lensenyament-de-barcelona\\\/#primaryimage\"},\"thumbnailUrl\":\"https:\\\/\\\/barcelona.euses.cat\\\/wp-content\\\/uploads\\\/2022\\\/03\\\/a-salo-ensenyament-6.jpeg\",\"datePublished\":\"2022-03-16T23:47:18+00:00\",\"dateModified\":\"2022-03-17T07:51:42+00:00\",\"author\":{\"@id\":\"https:\\\/\\\/barcelona.euses.cat\\\/ca\\\/#\\\/schema\\\/person\\\/8ab46080dfc4814fa59383db317735bd\"},\"breadcrumb\":{\"@id\":\"https:\\\/\\\/barcelona.euses.cat\\\/es\\\/la-escola-universitaria-de-la-salut-i-lesport-expone-toda-su-oferta-academica-en-el-salo-de-lensenyament-de-barcelona\\\/#breadcrumb\"},\"inLanguage\":\"es\",\"potentialAction\":[{\"@type\":\"ReadAction\",\"target\":[\"https:\\\/\\\/barcelona.euses.cat\\\/es\\\/la-escola-universitaria-de-la-salut-i-lesport-expone-toda-su-oferta-academica-en-el-salo-de-lensenyament-de-barcelona\\\/\"]}]},{\"@type\":\"ImageObject\",\"inLanguage\":\"es\",\"@id\":\"https:\\\/\\\/barcelona.euses.cat\\\/es\\\/la-escola-universitaria-de-la-salut-i-lesport-expone-toda-su-oferta-academica-en-el-salo-de-lensenyament-de-barcelona\\\/#primaryimage\",\"url\":\"https:\\\/\\\/barcelona.euses.cat\\\/wp-content\\\/uploads\\\/2022\\\/03\\\/a-salo-ensenyament-6.jpeg\",\"contentUrl\":\"https:\\\/\\\/barcelona.euses.cat\\\/wp-content\\\/uploads\\\/2022\\\/03\\\/a-salo-ensenyament-6.jpeg\",\"width\":1492,\"height\":1249},{\"@type\":\"BreadcrumbList\",\"@id\":\"https:\\\/\\\/barcelona.euses.cat\\\/es\\\/la-escola-universitaria-de-la-salut-i-lesport-expone-toda-su-oferta-academica-en-el-salo-de-lensenyament-de-barcelona\\\/#breadcrumb\",\"itemListElement\":[{\"@type\":\"ListItem\",\"position\":1,\"name\":\"Portada\",\"item\":\"https:\\\/\\\/barcelona.euses.cat\\\/es\\\/\"},{\"@type\":\"ListItem\",\"position\":2,\"name\":\"La Escola Universit\u00e0ria de la Salut i l\u2019Esport expone toda su oferta acad\u00e9mica en el Sal\u00f3 de l\u2019Ensenyament de Barcelona\"}]},{\"@type\":\"WebSite\",\"@id\":\"https:\\\/\\\/barcelona.euses.cat\\\/ca\\\/#website\",\"url\":\"https:\\\/\\\/barcelona.euses.cat\\\/ca\\\/\",\"name\":\"EUSES - Campus de Bellvitge (Barcelona)\",\"description\":\"EUSES, Escuela Universitaria de Fisioterapia Internacional en Barcelona\",\"potentialAction\":[{\"@type\":\"SearchAction\",\"target\":{\"@type\":\"EntryPoint\",\"urlTemplate\":\"https:\\\/\\\/barcelona.euses.cat\\\/ca\\\/?s={search_term_string}\"},\"query-input\":{\"@type\":\"PropertyValueSpecification\",\"valueRequired\":true,\"valueName\":\"search_term_string\"}}],\"inLanguage\":\"es\"},{\"@type\":\"Person\",\"@id\":\"https:\\\/\\\/barcelona.euses.cat\\\/ca\\\/#\\\/schema\\\/person\\\/8ab46080dfc4814fa59383db317735bd\",\"name\":\"Jordi Danes\",\"image\":{\"@type\":\"ImageObject\",\"inLanguage\":\"es\",\"@id\":\"https:\\\/\\\/secure.gravatar.com\\\/avatar\\\/a9e4f443b594af225625ee8cfa665e41b1e0740ea34fbe0515b4ca559f8570ef?s=96&d=mm&r=g\",\"url\":\"https:\\\/\\\/secure.gravatar.com\\\/avatar\\\/a9e4f443b594af225625ee8cfa665e41b1e0740ea34fbe0515b4ca559f8570ef?s=96&d=mm&r=g\",\"contentUrl\":\"https:\\\/\\\/secure.gravatar.com\\\/avatar\\\/a9e4f443b594af225625ee8cfa665e41b1e0740ea34fbe0515b4ca559f8570ef?s=96&d=mm&r=g\",\"caption\":\"Jordi Danes\"},\"url\":\"https:\\\/\\\/barcelona.euses.cat\\\/es\\\/author\\\/jordi-danes\\\/\"}]}<\/script>\n<!-- \/ Yoast SEO plugin. -->","yoast_head_json":{"title":"La Escola Universit\u00e0ria de la Salut i l\u2019Esport expone toda su oferta acad\u00e9mica en el Sal\u00f3 de l\u2019Ensenyament de Barcelona | EUSES - Campus de Bellvitge (Barcelona)","robots":{"index":"index","follow":"follow","max-snippet":"max-snippet:-1","max-image-preview":"max-image-preview:large","max-video-preview":"max-video-preview:-1"},"canonical":"https:\/\/barcelona.euses.cat\/es\/la-escola-universitaria-de-la-salut-i-lesport-expone-toda-su-oferta-academica-en-el-salo-de-lensenyament-de-barcelona\/","og_locale":"es_ES","og_type":"article","og_title":"La Escola Universit\u00e0ria de la Salut i l\u2019Esport expone toda su oferta acad\u00e9mica en el Sal\u00f3 de l\u2019Ensenyament de Barcelona | EUSES - Campus de Bellvitge (Barcelona)","og_description":"La Escola Universit\u00e0ria de la Salut i l\u2019Esport\u00a0est\u00e1 presente un a\u00f1o m\u00e1s en el Sal\u00f3 de l\u2019Ensenyament, que ha abierto este mi\u00e9rcoles las puertas en el recinto de Montjuic de la Fira de Barcelona despu\u00e9s de dos ediciones de ausencia por la Covid-19 (2020 y 2021). Dicho sal\u00f3n ser\u00e1, hasta el pr\u00f3ximo domingo, el centro [&hellip;]","og_url":"https:\/\/barcelona.euses.cat\/es\/la-escola-universitaria-de-la-salut-i-lesport-expone-toda-su-oferta-academica-en-el-salo-de-lensenyament-de-barcelona\/","og_site_name":"EUSES - Campus de Bellvitge (Barcelona)","article_publisher":"https:\/\/www.facebook.com\/PhysioBCN\/","article_published_time":"2022-03-16T23:47:18+00:00","article_modified_time":"2022-03-17T07:51:42+00:00","og_image":[{"width":1492,"height":1249,"url":"https:\/\/barcelona.euses.cat\/wp-content\/uploads\/2022\/03\/a-salo-ensenyament-6.jpeg","type":"image\/jpeg"}],"author":"Jordi Danes","twitter_card":"summary_large_image","twitter_misc":{"Escrito por":"Jordi Danes","Tiempo de lectura":"1 minuto"},"schema":{"@context":"https:\/\/schema.org","@graph":[{"@type":"Article","@id":"https:\/\/barcelona.euses.cat\/es\/la-escola-universitaria-de-la-salut-i-lesport-expone-toda-su-oferta-academica-en-el-salo-de-lensenyament-de-barcelona\/#article","isPartOf":{"@id":"https:\/\/barcelona.euses.cat\/es\/la-escola-universitaria-de-la-salut-i-lesport-expone-toda-su-oferta-academica-en-el-salo-de-lensenyament-de-barcelona\/"},"author":{"name":"Jordi Danes","@id":"https:\/\/barcelona.euses.cat\/ca\/#\/schema\/person\/8ab46080dfc4814fa59383db317735bd"},"headline":"La Escola Universit\u00e0ria de la Salut i l\u2019Esport expone toda su oferta acad\u00e9mica en el Sal\u00f3 de l\u2019Ensenyament de Barcelona","datePublished":"2022-03-16T23:47:18+00:00","dateModified":"2022-03-17T07:51:42+00:00","mainEntityOfPage":{"@id":"https:\/\/barcelona.euses.cat\/es\/la-escola-universitaria-de-la-salut-i-lesport-expone-toda-su-oferta-academica-en-el-salo-de-lensenyament-de-barcelona\/"},"wordCount":242,"commentCount":0,"image":{"@id":"https:\/\/barcelona.euses.cat\/es\/la-escola-universitaria-de-la-salut-i-lesport-expone-toda-su-oferta-academica-en-el-salo-de-lensenyament-de-barcelona\/#primaryimage"},"thumbnailUrl":"https:\/\/barcelona.euses.cat\/wp-content\/uploads\/2022\/03\/a-salo-ensenyament-6.jpeg","articleSection":["Sin categorizar"],"inLanguage":"es"},{"@type":"WebPage","@id":"https:\/\/barcelona.euses.cat\/es\/la-escola-universitaria-de-la-salut-i-lesport-expone-toda-su-oferta-academica-en-el-salo-de-lensenyament-de-barcelona\/","url":"https:\/\/barcelona.euses.cat\/es\/la-escola-universitaria-de-la-salut-i-lesport-expone-toda-su-oferta-academica-en-el-salo-de-lensenyament-de-barcelona\/","name":"La Escola Universit\u00e0ria de la Salut i l\u2019Esport expone toda su oferta acad\u00e9mica en el Sal\u00f3 de l\u2019Ensenyament de Barcelona | EUSES - Campus de Bellvitge (Barcelona)","isPartOf":{"@id":"https:\/\/barcelona.euses.cat\/ca\/#website"},"primaryImageOfPage":{"@id":"https:\/\/barcelona.euses.cat\/es\/la-escola-universitaria-de-la-salut-i-lesport-expone-toda-su-oferta-academica-en-el-salo-de-lensenyament-de-barcelona\/#primaryimage"},"image":{"@id":"https:\/\/barcelona.euses.cat\/es\/la-escola-universitaria-de-la-salut-i-lesport-expone-toda-su-oferta-academica-en-el-salo-de-lensenyament-de-barcelona\/#primaryimage"},"thumbnailUrl":"https:\/\/barcelona.euses.cat\/wp-content\/uploads\/2022\/03\/a-salo-ensenyament-6.jpeg","datePublished":"2022-03-16T23:47:18+00:00","dateModified":"2022-03-17T07:51:42+00:00","author":{"@id":"https:\/\/barcelona.euses.cat\/ca\/#\/schema\/person\/8ab46080dfc4814fa59383db317735bd"},"breadcrumb":{"@id":"https:\/\/barcelona.euses.cat\/es\/la-escola-universitaria-de-la-salut-i-lesport-expone-toda-su-oferta-academica-en-el-salo-de-lensenyament-de-barcelona\/#breadcrumb"},"inLanguage":"es","potentialAction":[{"@type":"ReadAction","target":["https:\/\/barcelona.euses.cat\/es\/la-escola-universitaria-de-la-salut-i-lesport-expone-toda-su-oferta-academica-en-el-salo-de-lensenyament-de-barcelona\/"]}]},{"@type":"ImageObject","inLanguage":"es","@id":"https:\/\/barcelona.euses.cat\/es\/la-escola-universitaria-de-la-salut-i-lesport-expone-toda-su-oferta-academica-en-el-salo-de-lensenyament-de-barcelona\/#primaryimage","url":"https:\/\/barcelona.euses.cat\/wp-content\/uploads\/2022\/03\/a-salo-ensenyament-6.jpeg","contentUrl":"https:\/\/barcelona.euses.cat\/wp-content\/uploads\/2022\/03\/a-salo-ensenyament-6.jpeg","width":1492,"height":1249},{"@type":"BreadcrumbList","@id":"https:\/\/barcelona.euses.cat\/es\/la-escola-universitaria-de-la-salut-i-lesport-expone-toda-su-oferta-academica-en-el-salo-de-lensenyament-de-barcelona\/#breadcrumb","itemListElement":[{"@type":"ListItem","position":1,"name":"Portada","item":"https:\/\/barcelona.euses.cat\/es\/"},{"@type":"ListItem","position":2,"name":"La Escola Universit\u00e0ria de la Salut i l\u2019Esport expone toda su oferta acad\u00e9mica en el Sal\u00f3 de l\u2019Ensenyament de Barcelona"}]},{"@type":"WebSite","@id":"https:\/\/barcelona.euses.cat\/ca\/#website","url":"https:\/\/barcelona.euses.cat\/ca\/","name":"EUSES - Campus de Bellvitge (Barcelona)","description":"EUSES, Escuela Universitaria de Fisioterapia Internacional en Barcelona","potentialAction":[{"@type":"SearchAction","target":{"@type":"EntryPoint","urlTemplate":"https:\/\/barcelona.euses.cat\/ca\/?s={search_term_string}"},"query-input":{"@type":"PropertyValueSpecification","valueRequired":true,"valueName":"search_term_string"}}],"inLanguage":"es"},{"@type":"Person","@id":"https:\/\/barcelona.euses.cat\/ca\/#\/schema\/person\/8ab46080dfc4814fa59383db317735bd","name":"Jordi Danes","image":{"@type":"ImageObject","inLanguage":"es","@id":"https:\/\/secure.gravatar.com\/avatar\/a9e4f443b594af225625ee8cfa665e41b1e0740ea34fbe0515b4ca559f8570ef?s=96&d=mm&r=g","url":"https:\/\/secure.gravatar.com\/avatar\/a9e4f443b594af225625ee8cfa665e41b1e0740ea34fbe0515b4ca559f8570ef?s=96&d=mm&r=g","contentUrl":"https:\/\/secure.gravatar.com\/avatar\/a9e4f443b594af225625ee8cfa665e41b1e0740ea34fbe0515b4ca559f8570ef?s=96&d=mm&r=g","caption":"Jordi Danes"},"url":"https:\/\/barcelona.euses.cat\/es\/author\/jordi-danes\/"}]}},"_links":{"self":[{"href":"https:\/\/barcelona.euses.cat\/es\/wp-json\/wp\/v2\/posts\/10640","targetHints":{"allow":["GET"]}}],"collection":[{"href":"https:\/\/barcelona.euses.cat\/es\/wp-json\/wp\/v2\/posts"}],"about":[{"href":"https:\/\/barcelona.euses.cat\/es\/wp-json\/wp\/v2\/types\/post"}],"author":[{"embeddable":true,"href":"https:\/\/barcelona.euses.cat\/es\/wp-json\/wp\/v2\/users\/3"}],"replies":[{"embeddable":true,"href":"https:\/\/barcelona.euses.cat\/es\/wp-json\/wp\/v2\/comments?post=10640"}],"version-history":[{"count":3,"href":"https:\/\/barcelona.euses.cat\/es\/wp-json\/wp\/v2\/posts\/10640\/revisions"}],"predecessor-version":[{"id":10643,"href":"https:\/\/barcelona.euses.cat\/es\/wp-json\/wp\/v2\/posts\/10640\/revisions\/10643"}],"wp:featuredmedia":[{"embeddable":true,"href":"https:\/\/barcelona.euses.cat\/es\/wp-json\/wp\/v2\/media\/10647"}],"wp:attachment":[{"href":"https:\/\/barcelona.euses.cat\/es\/wp-json\/wp\/v2\/media?parent=10640"}],"wp:term":[{"taxonomy":"category","embeddable":true,"href":"https:\/\/barcelona.euses.cat\/es\/wp-json\/wp\/v2\/categories?post=10640"},{"taxonomy":"post_tag","embeddable":true,"href":"https:\/\/barcelona.euses.cat\/es\/wp-json\/wp\/v2\/tags?post=10640"}],"curies":[{"name":"wp","href":"https:\/\/api.w.org\/{rel}","templated":true}]}}