{"id":10606,"date":"2022-02-21T12:36:02","date_gmt":"2022-02-21T11:36:02","guid":{"rendered":"https:\/\/barcelona.euses.cat\/?p=10606"},"modified":"2022-02-21T12:36:02","modified_gmt":"2022-02-21T11:36:02","slug":"celebrada-la-jornada-de-puertas-abiertas-en-el-campus-de-bellvitge-con-una-muy-buena-afluencia-de-publico","status":"publish","type":"post","link":"https:\/\/barcelona.euses.cat\/es\/celebrada-la-jornada-de-puertas-abiertas-en-el-campus-de-bellvitge-con-una-muy-buena-afluencia-de-publico\/","title":{"rendered":"Celebrada la Jornada de Puertas Abiertas en el Campus de Bellvitge con una muy buena afluencia de p\u00fablico"},"content":{"rendered":"<p>Este pasado s\u00e1bado 19 de febrero se abrieron las puertas del Campus de Bellvitge a todas aquellas personas interesadas en realizar durante el curso 2022\/23 el Grado Internacional de Fisioterapia EUSES UdG-ENTI UB. Una muy buena afluencia de p\u00fablico asisti\u00f3 para conocer de primera mano los aspectos m\u00e1s relevantes de este Grado, como el plan de estudios, las posibles salidas laborales, los convenios que el Grupo tiene firmados con diferentes empresas para las pr\u00e1cticas y con otras universidades, as\u00ed como otras cuestiones de inter\u00e9s como el proceso de matriculaci\u00f3n y otros detalles log\u00edsticos. En primer lugar, nuestra alumna Alice Darlow realiz\u00f3 una visita guiada por las instalaciones del Campus para los asistentes. Posteriormente, el director del Grado, Dr. Gerard Mu\u00f1oz, realiz\u00f3 la presentaci\u00f3n principal y el representante de EUSES Albert Deulofeu aport\u00f3 informaci\u00f3n adicional sobre las tareas administrativas (equivalencia del bachillerato y proceso de preinscripci\u00f3n as\u00ed como otras cuestiones de inter\u00e9s). Al final de la jornada, los participantes tuvieron un turno para hacer preguntas y plantear dudas.<\/p>\n\n\t\t<style type=\"text\/css\">\n\t\t\t#gallery-1 {\n\t\t\t\tmargin: auto;\n\t\t\t}\n\t\t\t#gallery-1 .gallery-item {\n\t\t\t\tfloat: left;\n\t\t\t\tmargin-top: 10px;\n\t\t\t\ttext-align: center;\n\t\t\t\twidth: 33%;\n\t\t\t}\n\t\t\t#gallery-1 img {\n\t\t\t\tborder: 2px solid #cfcfcf;\n\t\t\t}\n\t\t\t#gallery-1 .gallery-caption {\n\t\t\t\tmargin-left: 0;\n\t\t\t}\n\t\t\t\/* see gallery_shortcode() in wp-includes\/media.php *\/\n\t\t<\/style>\n\t\t<div id='gallery-1' class='gallery galleryid-10606 gallery-columns-3 gallery-size-medium'><dl class='gallery-item'>\n\t\t\t<dt class='gallery-icon landscape'>\n\t\t\t\t<a href='https:\/\/barcelona.euses.cat\/es\/celebrada-la-jornada-de-puertas-abiertas-en-el-campus-de-bellvitge-con-una-muy-buena-afluencia-de-publico\/jpo-19-febrer-4-2\/'><img fetchpriority=\"high\" decoding=\"async\" width=\"300\" height=\"225\" src=\"https:\/\/barcelona.euses.cat\/wp-content\/uploads\/2022\/02\/jpo-19-febrer-4-300x225.jpeg\" class=\"attachment-medium size-medium\" alt=\"\" srcset=\"https:\/\/barcelona.euses.cat\/wp-content\/uploads\/2022\/02\/jpo-19-febrer-4-300x225.jpeg 300w, https:\/\/barcelona.euses.cat\/wp-content\/uploads\/2022\/02\/jpo-19-febrer-4-1024x768.jpeg 1024w, https:\/\/barcelona.euses.cat\/wp-content\/uploads\/2022\/02\/jpo-19-febrer-4-768x576.jpeg 768w, https:\/\/barcelona.euses.cat\/wp-content\/uploads\/2022\/02\/jpo-19-febrer-4-1536x1152.jpeg 1536w, https:\/\/barcelona.euses.cat\/wp-content\/uploads\/2022\/02\/jpo-19-febrer-4-267x200.jpeg 267w, https:\/\/barcelona.euses.cat\/wp-content\/uploads\/2022\/02\/jpo-19-febrer-4-700x525.jpeg 700w, https:\/\/barcelona.euses.cat\/wp-content\/uploads\/2022\/02\/jpo-19-febrer-4.jpeg 2016w\" sizes=\"(max-width: 300px) 100vw, 300px\" \/><\/a>\n\t\t\t<\/dt><\/dl><dl class='gallery-item'>\n\t\t\t<dt class='gallery-icon landscape'>\n\t\t\t\t<a href='https:\/\/barcelona.euses.cat\/es\/celebrada-la-jornada-de-puertas-abiertas-en-el-campus-de-bellvitge-con-una-muy-buena-afluencia-de-publico\/jpo-19-febrer-3-2\/'><img decoding=\"async\" width=\"300\" height=\"225\" src=\"https:\/\/barcelona.euses.cat\/wp-content\/uploads\/2022\/02\/jpo-19-febrer-3-300x225.jpeg\" class=\"attachment-medium size-medium\" alt=\"\" srcset=\"https:\/\/barcelona.euses.cat\/wp-content\/uploads\/2022\/02\/jpo-19-febrer-3-300x225.jpeg 300w, https:\/\/barcelona.euses.cat\/wp-content\/uploads\/2022\/02\/jpo-19-febrer-3-1024x768.jpeg 1024w, https:\/\/barcelona.euses.cat\/wp-content\/uploads\/2022\/02\/jpo-19-febrer-3-768x576.jpeg 768w, https:\/\/barcelona.euses.cat\/wp-content\/uploads\/2022\/02\/jpo-19-febrer-3-1536x1152.jpeg 1536w, https:\/\/barcelona.euses.cat\/wp-content\/uploads\/2022\/02\/jpo-19-febrer-3-267x200.jpeg 267w, https:\/\/barcelona.euses.cat\/wp-content\/uploads\/2022\/02\/jpo-19-febrer-3-700x525.jpeg 700w, https:\/\/barcelona.euses.cat\/wp-content\/uploads\/2022\/02\/jpo-19-febrer-3.jpeg 2016w\" sizes=\"(max-width: 300px) 100vw, 300px\" \/><\/a>\n\t\t\t<\/dt><\/dl><dl class='gallery-item'>\n\t\t\t<dt class='gallery-icon landscape'>\n\t\t\t\t<a href='https:\/\/barcelona.euses.cat\/es\/celebrada-la-jornada-de-puertas-abiertas-en-el-campus-de-bellvitge-con-una-muy-buena-afluencia-de-publico\/jpo-19-febrer-2-2\/'><img decoding=\"async\" width=\"300\" height=\"225\" src=\"https:\/\/barcelona.euses.cat\/wp-content\/uploads\/2022\/02\/jpo-19-febrer-2-300x225.jpeg\" class=\"attachment-medium size-medium\" alt=\"\" srcset=\"https:\/\/barcelona.euses.cat\/wp-content\/uploads\/2022\/02\/jpo-19-febrer-2-300x225.jpeg 300w, https:\/\/barcelona.euses.cat\/wp-content\/uploads\/2022\/02\/jpo-19-febrer-2-1024x768.jpeg 1024w, https:\/\/barcelona.euses.cat\/wp-content\/uploads\/2022\/02\/jpo-19-febrer-2-768x576.jpeg 768w, https:\/\/barcelona.euses.cat\/wp-content\/uploads\/2022\/02\/jpo-19-febrer-2-1536x1152.jpeg 1536w, https:\/\/barcelona.euses.cat\/wp-content\/uploads\/2022\/02\/jpo-19-febrer-2-267x200.jpeg 267w, https:\/\/barcelona.euses.cat\/wp-content\/uploads\/2022\/02\/jpo-19-febrer-2-700x525.jpeg 700w, https:\/\/barcelona.euses.cat\/wp-content\/uploads\/2022\/02\/jpo-19-febrer-2.jpeg 2016w\" sizes=\"(max-width: 300px) 100vw, 300px\" \/><\/a>\n\t\t\t<\/dt><\/dl><br style=\"clear: both\" \/><dl class='gallery-item'>\n\t\t\t<dt class='gallery-icon landscape'>\n\t\t\t\t<a href='https:\/\/barcelona.euses.cat\/es\/celebrada-la-jornada-de-puertas-abiertas-en-el-campus-de-bellvitge-con-una-muy-buena-afluencia-de-publico\/jpo-19-febrer-1-2\/'><img loading=\"lazy\" decoding=\"async\" width=\"300\" height=\"225\" src=\"https:\/\/barcelona.euses.cat\/wp-content\/uploads\/2022\/02\/jpo-19-febrer-1-300x225.jpeg\" class=\"attachment-medium size-medium\" alt=\"\" srcset=\"https:\/\/barcelona.euses.cat\/wp-content\/uploads\/2022\/02\/jpo-19-febrer-1-300x225.jpeg 300w, https:\/\/barcelona.euses.cat\/wp-content\/uploads\/2022\/02\/jpo-19-febrer-1-1024x768.jpeg 1024w, https:\/\/barcelona.euses.cat\/wp-content\/uploads\/2022\/02\/jpo-19-febrer-1-768x576.jpeg 768w, https:\/\/barcelona.euses.cat\/wp-content\/uploads\/2022\/02\/jpo-19-febrer-1-1536x1152.jpeg 1536w, https:\/\/barcelona.euses.cat\/wp-content\/uploads\/2022\/02\/jpo-19-febrer-1-267x200.jpeg 267w, https:\/\/barcelona.euses.cat\/wp-content\/uploads\/2022\/02\/jpo-19-febrer-1-700x525.jpeg 700w, https:\/\/barcelona.euses.cat\/wp-content\/uploads\/2022\/02\/jpo-19-febrer-1.jpeg 2016w\" sizes=\"(max-width: 300px) 100vw, 300px\" \/><\/a>\n\t\t\t<\/dt><\/dl>\n\t\t\t<br style='clear: both' \/>\n\t\t<\/div>\n\n","protected":false},"excerpt":{"rendered":"<p>Este pasado s\u00e1bado 19 de febrero se abrieron las puertas del Campus de Bellvitge a todas aquellas personas interesadas en realizar durante el curso 2022\/23 el Grado Internacional de Fisioterapia EUSES UdG-ENTI UB. Una muy buena afluencia de p\u00fablico asisti\u00f3 para conocer de primera mano los aspectos m\u00e1s relevantes de este Grado, como el plan [&hellip;]<\/p>\n","protected":false},"author":3,"featured_media":10572,"comment_status":"open","ping_status":"closed","sticky":false,"template":"","format":"standard","meta":{"_acf_changed":false,"inline_featured_image":false,"_joinchat":[],"footnotes":""},"categories":[1],"tags":[],"class_list":["post-10606","post","type-post","status-publish","format-standard","has-post-thumbnail","hentry","category-sin-categorizar"],"acf":[],"yoast_head":"<!-- This site is optimized with the Yoast SEO plugin v27.4 - https:\/\/yoast.com\/product\/yoast-seo-wordpress\/ -->\n<title>Celebrada la Jornada de Puertas Abiertas en el Campus de Bellvitge con una muy buena afluencia de p\u00fablico | EUSES - Campus de Bellvitge (Barcelona)<\/title>\n<meta name=\"robots\" content=\"index, follow, max-snippet:-1, max-image-preview:large, max-video-preview:-1\" \/>\n<link rel=\"canonical\" href=\"https:\/\/barcelona.euses.cat\/es\/celebrada-la-jornada-de-puertas-abiertas-en-el-campus-de-bellvitge-con-una-muy-buena-afluencia-de-publico\/\" \/>\n<meta property=\"og:locale\" content=\"es_ES\" \/>\n<meta property=\"og:type\" content=\"article\" \/>\n<meta property=\"og:title\" content=\"Celebrada la Jornada de Puertas Abiertas en el Campus de Bellvitge con una muy buena afluencia de p\u00fablico | EUSES - Campus de Bellvitge (Barcelona)\" \/>\n<meta property=\"og:description\" content=\"Este pasado s\u00e1bado 19 de febrero se abrieron las puertas del Campus de Bellvitge a todas aquellas personas interesadas en realizar durante el curso 2022\/23 el Grado Internacional de Fisioterapia EUSES UdG-ENTI UB. Una muy buena afluencia de p\u00fablico asisti\u00f3 para conocer de primera mano los aspectos m\u00e1s relevantes de este Grado, como el plan [&hellip;]\" \/>\n<meta property=\"og:url\" content=\"https:\/\/barcelona.euses.cat\/es\/celebrada-la-jornada-de-puertas-abiertas-en-el-campus-de-bellvitge-con-una-muy-buena-afluencia-de-publico\/\" \/>\n<meta property=\"og:site_name\" content=\"EUSES - Campus de Bellvitge (Barcelona)\" \/>\n<meta property=\"article:publisher\" content=\"https:\/\/www.facebook.com\/PhysioBCN\/\" \/>\n<meta property=\"article:published_time\" content=\"2022-02-21T11:36:02+00:00\" \/>\n<meta property=\"og:image\" content=\"https:\/\/barcelona.euses.cat\/wp-content\/uploads\/2022\/02\/jpo-19-febrer-5.jpeg\" \/>\n\t<meta property=\"og:image:width\" content=\"2016\" \/>\n\t<meta property=\"og:image:height\" content=\"1512\" \/>\n\t<meta property=\"og:image:type\" content=\"image\/jpeg\" \/>\n<meta name=\"author\" content=\"Jordi Danes\" \/>\n<meta name=\"twitter:card\" content=\"summary_large_image\" \/>\n<meta name=\"twitter:label1\" content=\"Escrito por\" \/>\n\t<meta name=\"twitter:data1\" content=\"Jordi Danes\" \/>\n\t<meta name=\"twitter:label2\" content=\"Tiempo de lectura\" \/>\n\t<meta name=\"twitter:data2\" content=\"1 minuto\" \/>\n<script type=\"application\/ld+json\" class=\"yoast-schema-graph\">{\"@context\":\"https:\\\/\\\/schema.org\",\"@graph\":[{\"@type\":\"Article\",\"@id\":\"https:\\\/\\\/barcelona.euses.cat\\\/es\\\/celebrada-la-jornada-de-puertas-abiertas-en-el-campus-de-bellvitge-con-una-muy-buena-afluencia-de-publico\\\/#article\",\"isPartOf\":{\"@id\":\"https:\\\/\\\/barcelona.euses.cat\\\/es\\\/celebrada-la-jornada-de-puertas-abiertas-en-el-campus-de-bellvitge-con-una-muy-buena-afluencia-de-publico\\\/\"},\"author\":{\"name\":\"Jordi Danes\",\"@id\":\"https:\\\/\\\/barcelona.euses.cat\\\/ca\\\/#\\\/schema\\\/person\\\/8ab46080dfc4814fa59383db317735bd\"},\"headline\":\"Celebrada la Jornada de Puertas Abiertas en el Campus de Bellvitge con una muy buena afluencia de p\u00fablico\",\"datePublished\":\"2022-02-21T11:36:02+00:00\",\"mainEntityOfPage\":{\"@id\":\"https:\\\/\\\/barcelona.euses.cat\\\/es\\\/celebrada-la-jornada-de-puertas-abiertas-en-el-campus-de-bellvitge-con-una-muy-buena-afluencia-de-publico\\\/\"},\"wordCount\":200,\"commentCount\":0,\"image\":{\"@id\":\"https:\\\/\\\/barcelona.euses.cat\\\/es\\\/celebrada-la-jornada-de-puertas-abiertas-en-el-campus-de-bellvitge-con-una-muy-buena-afluencia-de-publico\\\/#primaryimage\"},\"thumbnailUrl\":\"https:\\\/\\\/barcelona.euses.cat\\\/wp-content\\\/uploads\\\/2022\\\/02\\\/jpo-19-febrer-5.jpeg\",\"articleSection\":[\"Sin categorizar\"],\"inLanguage\":\"es\"},{\"@type\":\"WebPage\",\"@id\":\"https:\\\/\\\/barcelona.euses.cat\\\/es\\\/celebrada-la-jornada-de-puertas-abiertas-en-el-campus-de-bellvitge-con-una-muy-buena-afluencia-de-publico\\\/\",\"url\":\"https:\\\/\\\/barcelona.euses.cat\\\/es\\\/celebrada-la-jornada-de-puertas-abiertas-en-el-campus-de-bellvitge-con-una-muy-buena-afluencia-de-publico\\\/\",\"name\":\"Celebrada la Jornada de Puertas Abiertas en el Campus de Bellvitge con una muy buena afluencia de p\u00fablico | EUSES - Campus de Bellvitge (Barcelona)\",\"isPartOf\":{\"@id\":\"https:\\\/\\\/barcelona.euses.cat\\\/ca\\\/#website\"},\"primaryImageOfPage\":{\"@id\":\"https:\\\/\\\/barcelona.euses.cat\\\/es\\\/celebrada-la-jornada-de-puertas-abiertas-en-el-campus-de-bellvitge-con-una-muy-buena-afluencia-de-publico\\\/#primaryimage\"},\"image\":{\"@id\":\"https:\\\/\\\/barcelona.euses.cat\\\/es\\\/celebrada-la-jornada-de-puertas-abiertas-en-el-campus-de-bellvitge-con-una-muy-buena-afluencia-de-publico\\\/#primaryimage\"},\"thumbnailUrl\":\"https:\\\/\\\/barcelona.euses.cat\\\/wp-content\\\/uploads\\\/2022\\\/02\\\/jpo-19-febrer-5.jpeg\",\"datePublished\":\"2022-02-21T11:36:02+00:00\",\"author\":{\"@id\":\"https:\\\/\\\/barcelona.euses.cat\\\/ca\\\/#\\\/schema\\\/person\\\/8ab46080dfc4814fa59383db317735bd\"},\"breadcrumb\":{\"@id\":\"https:\\\/\\\/barcelona.euses.cat\\\/es\\\/celebrada-la-jornada-de-puertas-abiertas-en-el-campus-de-bellvitge-con-una-muy-buena-afluencia-de-publico\\\/#breadcrumb\"},\"inLanguage\":\"es\",\"potentialAction\":[{\"@type\":\"ReadAction\",\"target\":[\"https:\\\/\\\/barcelona.euses.cat\\\/es\\\/celebrada-la-jornada-de-puertas-abiertas-en-el-campus-de-bellvitge-con-una-muy-buena-afluencia-de-publico\\\/\"]}]},{\"@type\":\"ImageObject\",\"inLanguage\":\"es\",\"@id\":\"https:\\\/\\\/barcelona.euses.cat\\\/es\\\/celebrada-la-jornada-de-puertas-abiertas-en-el-campus-de-bellvitge-con-una-muy-buena-afluencia-de-publico\\\/#primaryimage\",\"url\":\"https:\\\/\\\/barcelona.euses.cat\\\/wp-content\\\/uploads\\\/2022\\\/02\\\/jpo-19-febrer-5.jpeg\",\"contentUrl\":\"https:\\\/\\\/barcelona.euses.cat\\\/wp-content\\\/uploads\\\/2022\\\/02\\\/jpo-19-febrer-5.jpeg\",\"width\":2016,\"height\":1512},{\"@type\":\"BreadcrumbList\",\"@id\":\"https:\\\/\\\/barcelona.euses.cat\\\/es\\\/celebrada-la-jornada-de-puertas-abiertas-en-el-campus-de-bellvitge-con-una-muy-buena-afluencia-de-publico\\\/#breadcrumb\",\"itemListElement\":[{\"@type\":\"ListItem\",\"position\":1,\"name\":\"Portada\",\"item\":\"https:\\\/\\\/barcelona.euses.cat\\\/es\\\/\"},{\"@type\":\"ListItem\",\"position\":2,\"name\":\"Celebrada la Jornada de Puertas Abiertas en el Campus de Bellvitge con una muy buena afluencia de p\u00fablico\"}]},{\"@type\":\"WebSite\",\"@id\":\"https:\\\/\\\/barcelona.euses.cat\\\/ca\\\/#website\",\"url\":\"https:\\\/\\\/barcelona.euses.cat\\\/ca\\\/\",\"name\":\"EUSES - Campus de Bellvitge (Barcelona)\",\"description\":\"EUSES, Escuela Universitaria de Fisioterapia Internacional en Barcelona\",\"potentialAction\":[{\"@type\":\"SearchAction\",\"target\":{\"@type\":\"EntryPoint\",\"urlTemplate\":\"https:\\\/\\\/barcelona.euses.cat\\\/ca\\\/?s={search_term_string}\"},\"query-input\":{\"@type\":\"PropertyValueSpecification\",\"valueRequired\":true,\"valueName\":\"search_term_string\"}}],\"inLanguage\":\"es\"},{\"@type\":\"Person\",\"@id\":\"https:\\\/\\\/barcelona.euses.cat\\\/ca\\\/#\\\/schema\\\/person\\\/8ab46080dfc4814fa59383db317735bd\",\"name\":\"Jordi Danes\",\"image\":{\"@type\":\"ImageObject\",\"inLanguage\":\"es\",\"@id\":\"https:\\\/\\\/secure.gravatar.com\\\/avatar\\\/a9e4f443b594af225625ee8cfa665e41b1e0740ea34fbe0515b4ca559f8570ef?s=96&d=mm&r=g\",\"url\":\"https:\\\/\\\/secure.gravatar.com\\\/avatar\\\/a9e4f443b594af225625ee8cfa665e41b1e0740ea34fbe0515b4ca559f8570ef?s=96&d=mm&r=g\",\"contentUrl\":\"https:\\\/\\\/secure.gravatar.com\\\/avatar\\\/a9e4f443b594af225625ee8cfa665e41b1e0740ea34fbe0515b4ca559f8570ef?s=96&d=mm&r=g\",\"caption\":\"Jordi Danes\"},\"url\":\"https:\\\/\\\/barcelona.euses.cat\\\/es\\\/author\\\/jordi-danes\\\/\"}]}<\/script>\n<!-- \/ Yoast SEO plugin. -->","yoast_head_json":{"title":"Celebrada la Jornada de Puertas Abiertas en el Campus de Bellvitge con una muy buena afluencia de p\u00fablico | EUSES - Campus de Bellvitge (Barcelona)","robots":{"index":"index","follow":"follow","max-snippet":"max-snippet:-1","max-image-preview":"max-image-preview:large","max-video-preview":"max-video-preview:-1"},"canonical":"https:\/\/barcelona.euses.cat\/es\/celebrada-la-jornada-de-puertas-abiertas-en-el-campus-de-bellvitge-con-una-muy-buena-afluencia-de-publico\/","og_locale":"es_ES","og_type":"article","og_title":"Celebrada la Jornada de Puertas Abiertas en el Campus de Bellvitge con una muy buena afluencia de p\u00fablico | EUSES - Campus de Bellvitge (Barcelona)","og_description":"Este pasado s\u00e1bado 19 de febrero se abrieron las puertas del Campus de Bellvitge a todas aquellas personas interesadas en realizar durante el curso 2022\/23 el Grado Internacional de Fisioterapia EUSES UdG-ENTI UB. Una muy buena afluencia de p\u00fablico asisti\u00f3 para conocer de primera mano los aspectos m\u00e1s relevantes de este Grado, como el plan [&hellip;]","og_url":"https:\/\/barcelona.euses.cat\/es\/celebrada-la-jornada-de-puertas-abiertas-en-el-campus-de-bellvitge-con-una-muy-buena-afluencia-de-publico\/","og_site_name":"EUSES - Campus de Bellvitge (Barcelona)","article_publisher":"https:\/\/www.facebook.com\/PhysioBCN\/","article_published_time":"2022-02-21T11:36:02+00:00","og_image":[{"width":2016,"height":1512,"url":"https:\/\/barcelona.euses.cat\/wp-content\/uploads\/2022\/02\/jpo-19-febrer-5.jpeg","type":"image\/jpeg"}],"author":"Jordi Danes","twitter_card":"summary_large_image","twitter_misc":{"Escrito por":"Jordi Danes","Tiempo de lectura":"1 minuto"},"schema":{"@context":"https:\/\/schema.org","@graph":[{"@type":"Article","@id":"https:\/\/barcelona.euses.cat\/es\/celebrada-la-jornada-de-puertas-abiertas-en-el-campus-de-bellvitge-con-una-muy-buena-afluencia-de-publico\/#article","isPartOf":{"@id":"https:\/\/barcelona.euses.cat\/es\/celebrada-la-jornada-de-puertas-abiertas-en-el-campus-de-bellvitge-con-una-muy-buena-afluencia-de-publico\/"},"author":{"name":"Jordi Danes","@id":"https:\/\/barcelona.euses.cat\/ca\/#\/schema\/person\/8ab46080dfc4814fa59383db317735bd"},"headline":"Celebrada la Jornada de Puertas Abiertas en el Campus de Bellvitge con una muy buena afluencia de p\u00fablico","datePublished":"2022-02-21T11:36:02+00:00","mainEntityOfPage":{"@id":"https:\/\/barcelona.euses.cat\/es\/celebrada-la-jornada-de-puertas-abiertas-en-el-campus-de-bellvitge-con-una-muy-buena-afluencia-de-publico\/"},"wordCount":200,"commentCount":0,"image":{"@id":"https:\/\/barcelona.euses.cat\/es\/celebrada-la-jornada-de-puertas-abiertas-en-el-campus-de-bellvitge-con-una-muy-buena-afluencia-de-publico\/#primaryimage"},"thumbnailUrl":"https:\/\/barcelona.euses.cat\/wp-content\/uploads\/2022\/02\/jpo-19-febrer-5.jpeg","articleSection":["Sin categorizar"],"inLanguage":"es"},{"@type":"WebPage","@id":"https:\/\/barcelona.euses.cat\/es\/celebrada-la-jornada-de-puertas-abiertas-en-el-campus-de-bellvitge-con-una-muy-buena-afluencia-de-publico\/","url":"https:\/\/barcelona.euses.cat\/es\/celebrada-la-jornada-de-puertas-abiertas-en-el-campus-de-bellvitge-con-una-muy-buena-afluencia-de-publico\/","name":"Celebrada la Jornada de Puertas Abiertas en el Campus de Bellvitge con una muy buena afluencia de p\u00fablico | EUSES - Campus de Bellvitge (Barcelona)","isPartOf":{"@id":"https:\/\/barcelona.euses.cat\/ca\/#website"},"primaryImageOfPage":{"@id":"https:\/\/barcelona.euses.cat\/es\/celebrada-la-jornada-de-puertas-abiertas-en-el-campus-de-bellvitge-con-una-muy-buena-afluencia-de-publico\/#primaryimage"},"image":{"@id":"https:\/\/barcelona.euses.cat\/es\/celebrada-la-jornada-de-puertas-abiertas-en-el-campus-de-bellvitge-con-una-muy-buena-afluencia-de-publico\/#primaryimage"},"thumbnailUrl":"https:\/\/barcelona.euses.cat\/wp-content\/uploads\/2022\/02\/jpo-19-febrer-5.jpeg","datePublished":"2022-02-21T11:36:02+00:00","author":{"@id":"https:\/\/barcelona.euses.cat\/ca\/#\/schema\/person\/8ab46080dfc4814fa59383db317735bd"},"breadcrumb":{"@id":"https:\/\/barcelona.euses.cat\/es\/celebrada-la-jornada-de-puertas-abiertas-en-el-campus-de-bellvitge-con-una-muy-buena-afluencia-de-publico\/#breadcrumb"},"inLanguage":"es","potentialAction":[{"@type":"ReadAction","target":["https:\/\/barcelona.euses.cat\/es\/celebrada-la-jornada-de-puertas-abiertas-en-el-campus-de-bellvitge-con-una-muy-buena-afluencia-de-publico\/"]}]},{"@type":"ImageObject","inLanguage":"es","@id":"https:\/\/barcelona.euses.cat\/es\/celebrada-la-jornada-de-puertas-abiertas-en-el-campus-de-bellvitge-con-una-muy-buena-afluencia-de-publico\/#primaryimage","url":"https:\/\/barcelona.euses.cat\/wp-content\/uploads\/2022\/02\/jpo-19-febrer-5.jpeg","contentUrl":"https:\/\/barcelona.euses.cat\/wp-content\/uploads\/2022\/02\/jpo-19-febrer-5.jpeg","width":2016,"height":1512},{"@type":"BreadcrumbList","@id":"https:\/\/barcelona.euses.cat\/es\/celebrada-la-jornada-de-puertas-abiertas-en-el-campus-de-bellvitge-con-una-muy-buena-afluencia-de-publico\/#breadcrumb","itemListElement":[{"@type":"ListItem","position":1,"name":"Portada","item":"https:\/\/barcelona.euses.cat\/es\/"},{"@type":"ListItem","position":2,"name":"Celebrada la Jornada de Puertas Abiertas en el Campus de Bellvitge con una muy buena afluencia de p\u00fablico"}]},{"@type":"WebSite","@id":"https:\/\/barcelona.euses.cat\/ca\/#website","url":"https:\/\/barcelona.euses.cat\/ca\/","name":"EUSES - Campus de Bellvitge (Barcelona)","description":"EUSES, Escuela Universitaria de Fisioterapia Internacional en Barcelona","potentialAction":[{"@type":"SearchAction","target":{"@type":"EntryPoint","urlTemplate":"https:\/\/barcelona.euses.cat\/ca\/?s={search_term_string}"},"query-input":{"@type":"PropertyValueSpecification","valueRequired":true,"valueName":"search_term_string"}}],"inLanguage":"es"},{"@type":"Person","@id":"https:\/\/barcelona.euses.cat\/ca\/#\/schema\/person\/8ab46080dfc4814fa59383db317735bd","name":"Jordi Danes","image":{"@type":"ImageObject","inLanguage":"es","@id":"https:\/\/secure.gravatar.com\/avatar\/a9e4f443b594af225625ee8cfa665e41b1e0740ea34fbe0515b4ca559f8570ef?s=96&d=mm&r=g","url":"https:\/\/secure.gravatar.com\/avatar\/a9e4f443b594af225625ee8cfa665e41b1e0740ea34fbe0515b4ca559f8570ef?s=96&d=mm&r=g","contentUrl":"https:\/\/secure.gravatar.com\/avatar\/a9e4f443b594af225625ee8cfa665e41b1e0740ea34fbe0515b4ca559f8570ef?s=96&d=mm&r=g","caption":"Jordi Danes"},"url":"https:\/\/barcelona.euses.cat\/es\/author\/jordi-danes\/"}]}},"_links":{"self":[{"href":"https:\/\/barcelona.euses.cat\/es\/wp-json\/wp\/v2\/posts\/10606","targetHints":{"allow":["GET"]}}],"collection":[{"href":"https:\/\/barcelona.euses.cat\/es\/wp-json\/wp\/v2\/posts"}],"about":[{"href":"https:\/\/barcelona.euses.cat\/es\/wp-json\/wp\/v2\/types\/post"}],"author":[{"embeddable":true,"href":"https:\/\/barcelona.euses.cat\/es\/wp-json\/wp\/v2\/users\/3"}],"replies":[{"embeddable":true,"href":"https:\/\/barcelona.euses.cat\/es\/wp-json\/wp\/v2\/comments?post=10606"}],"version-history":[{"count":1,"href":"https:\/\/barcelona.euses.cat\/es\/wp-json\/wp\/v2\/posts\/10606\/revisions"}],"predecessor-version":[{"id":10607,"href":"https:\/\/barcelona.euses.cat\/es\/wp-json\/wp\/v2\/posts\/10606\/revisions\/10607"}],"wp:featuredmedia":[{"embeddable":true,"href":"https:\/\/barcelona.euses.cat\/es\/wp-json\/wp\/v2\/media\/10572"}],"wp:attachment":[{"href":"https:\/\/barcelona.euses.cat\/es\/wp-json\/wp\/v2\/media?parent=10606"}],"wp:term":[{"taxonomy":"category","embeddable":true,"href":"https:\/\/barcelona.euses.cat\/es\/wp-json\/wp\/v2\/categories?post=10606"},{"taxonomy":"post_tag","embeddable":true,"href":"https:\/\/barcelona.euses.cat\/es\/wp-json\/wp\/v2\/tags?post=10606"}],"curies":[{"name":"wp","href":"https:\/\/api.w.org\/{rel}","templated":true}]}}