{"id":10499,"date":"2021-12-23T09:17:51","date_gmt":"2021-12-23T08:17:51","guid":{"rendered":"https:\/\/barcelona.euses.cat\/?p=10499"},"modified":"2021-12-23T09:17:51","modified_gmt":"2021-12-23T08:17:51","slug":"celebrado-el-acto-de-graduacion-de-la-promocion-2016-20-del-grado-en-fisioterapia-udg-ub","status":"publish","type":"post","link":"https:\/\/barcelona.euses.cat\/es\/celebrado-el-acto-de-graduacion-de-la-promocion-2016-20-del-grado-en-fisioterapia-udg-ub\/","title":{"rendered":"Celebrado el acto de Graduaci\u00f3n de la promoci\u00f3n 2016\/20 del Grado en Fisioterapia (UdG-UB)"},"content":{"rendered":"<p>Este pasado viernes d\u00eda 17 de diciembre se celebr\u00f3 en el sal\u00f3n de actos del Campus de Salud de Bellvitge, el acto de Graduaci\u00f3n del Grado en Fisioterapia (t\u00edtulo de la Universitad de Girona y la Universitad de Barcelona) de la promoci\u00f3n 2016\/2020 que en su d\u00eda se tuvo que aplazar a ra\u00edz de las restricciones impuestas por la Covid-19. La ceremonia permiti\u00f3 a aquellos graduados que pudieron assistir, recoger presencialmente los diplomas acreditativos despu\u00e9s de haber completado, hace ya dos veranos, su ciclo acad\u00e9mico en el campus de Bellvitge.<\/p>\n<p>El acto fue presentado por el director del Grado, Gerard Mu\u00f1oz, que dirigi\u00f3 unas palabras a los integrantes de la promoci\u00f3n 2016\/20 y a continuaci\u00f3n fue el graduado Robin Amel, qui\u00e9n subi\u00f3 al atril para hablar en representaci\u00f3n de los graduados de aquella hornada. El acto se cerr\u00f3 con la actuaci\u00f3n musical Gaudeamus Igitur.<\/p>\n\n\t\t<style type=\"text\/css\">\n\t\t\t#gallery-1 {\n\t\t\t\tmargin: auto;\n\t\t\t}\n\t\t\t#gallery-1 .gallery-item {\n\t\t\t\tfloat: left;\n\t\t\t\tmargin-top: 10px;\n\t\t\t\ttext-align: center;\n\t\t\t\twidth: 33%;\n\t\t\t}\n\t\t\t#gallery-1 img {\n\t\t\t\tborder: 2px solid #cfcfcf;\n\t\t\t}\n\t\t\t#gallery-1 .gallery-caption {\n\t\t\t\tmargin-left: 0;\n\t\t\t}\n\t\t\t\/* see gallery_shortcode() in wp-includes\/media.php *\/\n\t\t<\/style>\n\t\t<div id='gallery-1' class='gallery galleryid-10499 gallery-columns-3 gallery-size-medium'><dl class='gallery-item'>\n\t\t\t<dt class='gallery-icon landscape'>\n\t\t\t\t<a href='https:\/\/barcelona.euses.cat\/es\/celebrado-el-acto-de-graduacion-de-la-promocion-2016-20-del-grado-en-fisioterapia-udg-ub\/22017-002-2\/'><img fetchpriority=\"high\" decoding=\"async\" width=\"300\" height=\"200\" src=\"https:\/\/barcelona.euses.cat\/wp-content\/uploads\/2021\/12\/22017-002-300x200.jpg\" class=\"attachment-medium size-medium\" alt=\"\" srcset=\"https:\/\/barcelona.euses.cat\/wp-content\/uploads\/2021\/12\/22017-002-300x200.jpg 300w, https:\/\/barcelona.euses.cat\/wp-content\/uploads\/2021\/12\/22017-002-1024x683.jpg 1024w, https:\/\/barcelona.euses.cat\/wp-content\/uploads\/2021\/12\/22017-002-768x512.jpg 768w, https:\/\/barcelona.euses.cat\/wp-content\/uploads\/2021\/12\/22017-002-1536x1024.jpg 1536w, https:\/\/barcelona.euses.cat\/wp-content\/uploads\/2021\/12\/22017-002-2048x1365.jpg 2048w, https:\/\/barcelona.euses.cat\/wp-content\/uploads\/2021\/12\/22017-002-400x267.jpg 400w\" sizes=\"(max-width: 300px) 100vw, 300px\" \/><\/a>\n\t\t\t<\/dt><\/dl><dl class='gallery-item'>\n\t\t\t<dt class='gallery-icon landscape'>\n\t\t\t\t<a href='https:\/\/barcelona.euses.cat\/es\/celebrado-el-acto-de-graduacion-de-la-promocion-2016-20-del-grado-en-fisioterapia-udg-ub\/22017-004-2\/'><img decoding=\"async\" width=\"300\" height=\"200\" src=\"https:\/\/barcelona.euses.cat\/wp-content\/uploads\/2021\/12\/22017-004-300x200.jpg\" class=\"attachment-medium size-medium\" alt=\"\" srcset=\"https:\/\/barcelona.euses.cat\/wp-content\/uploads\/2021\/12\/22017-004-300x200.jpg 300w, https:\/\/barcelona.euses.cat\/wp-content\/uploads\/2021\/12\/22017-004-1024x683.jpg 1024w, https:\/\/barcelona.euses.cat\/wp-content\/uploads\/2021\/12\/22017-004-768x512.jpg 768w, https:\/\/barcelona.euses.cat\/wp-content\/uploads\/2021\/12\/22017-004-1536x1024.jpg 1536w, https:\/\/barcelona.euses.cat\/wp-content\/uploads\/2021\/12\/22017-004-2048x1365.jpg 2048w, https:\/\/barcelona.euses.cat\/wp-content\/uploads\/2021\/12\/22017-004-400x267.jpg 400w\" sizes=\"(max-width: 300px) 100vw, 300px\" \/><\/a>\n\t\t\t<\/dt><\/dl><dl class='gallery-item'>\n\t\t\t<dt class='gallery-icon landscape'>\n\t\t\t\t<a href='https:\/\/barcelona.euses.cat\/es\/celebrado-el-acto-de-graduacion-de-la-promocion-2016-20-del-grado-en-fisioterapia-udg-ub\/22017-005-2\/'><img decoding=\"async\" width=\"300\" height=\"200\" src=\"https:\/\/barcelona.euses.cat\/wp-content\/uploads\/2021\/12\/22017-005-300x200.jpg\" class=\"attachment-medium size-medium\" alt=\"\" srcset=\"https:\/\/barcelona.euses.cat\/wp-content\/uploads\/2021\/12\/22017-005-300x200.jpg 300w, https:\/\/barcelona.euses.cat\/wp-content\/uploads\/2021\/12\/22017-005-1024x683.jpg 1024w, https:\/\/barcelona.euses.cat\/wp-content\/uploads\/2021\/12\/22017-005-768x512.jpg 768w, https:\/\/barcelona.euses.cat\/wp-content\/uploads\/2021\/12\/22017-005-1536x1024.jpg 1536w, https:\/\/barcelona.euses.cat\/wp-content\/uploads\/2021\/12\/22017-005-2048x1365.jpg 2048w, https:\/\/barcelona.euses.cat\/wp-content\/uploads\/2021\/12\/22017-005-400x267.jpg 400w\" sizes=\"(max-width: 300px) 100vw, 300px\" \/><\/a>\n\t\t\t<\/dt><\/dl><br style=\"clear: both\" \/><dl class='gallery-item'>\n\t\t\t<dt class='gallery-icon landscape'>\n\t\t\t\t<a href='https:\/\/barcelona.euses.cat\/es\/celebrado-el-acto-de-graduacion-de-la-promocion-2016-20-del-grado-en-fisioterapia-udg-ub\/22017-006-2\/'><img loading=\"lazy\" decoding=\"async\" width=\"300\" height=\"200\" src=\"https:\/\/barcelona.euses.cat\/wp-content\/uploads\/2021\/12\/22017-006-300x200.jpg\" class=\"attachment-medium size-medium\" alt=\"\" srcset=\"https:\/\/barcelona.euses.cat\/wp-content\/uploads\/2021\/12\/22017-006-300x200.jpg 300w, https:\/\/barcelona.euses.cat\/wp-content\/uploads\/2021\/12\/22017-006-1024x683.jpg 1024w, https:\/\/barcelona.euses.cat\/wp-content\/uploads\/2021\/12\/22017-006-768x512.jpg 768w, https:\/\/barcelona.euses.cat\/wp-content\/uploads\/2021\/12\/22017-006-1536x1024.jpg 1536w, https:\/\/barcelona.euses.cat\/wp-content\/uploads\/2021\/12\/22017-006-2048x1365.jpg 2048w, https:\/\/barcelona.euses.cat\/wp-content\/uploads\/2021\/12\/22017-006-400x267.jpg 400w\" sizes=\"(max-width: 300px) 100vw, 300px\" \/><\/a>\n\t\t\t<\/dt><\/dl><dl class='gallery-item'>\n\t\t\t<dt class='gallery-icon landscape'>\n\t\t\t\t<a href='https:\/\/barcelona.euses.cat\/es\/celebrado-el-acto-de-graduacion-de-la-promocion-2016-20-del-grado-en-fisioterapia-udg-ub\/22017-009-2\/'><img loading=\"lazy\" decoding=\"async\" width=\"300\" height=\"200\" src=\"https:\/\/barcelona.euses.cat\/wp-content\/uploads\/2021\/12\/22017-009-300x200.jpg\" class=\"attachment-medium size-medium\" alt=\"\" srcset=\"https:\/\/barcelona.euses.cat\/wp-content\/uploads\/2021\/12\/22017-009-300x200.jpg 300w, https:\/\/barcelona.euses.cat\/wp-content\/uploads\/2021\/12\/22017-009-1024x683.jpg 1024w, https:\/\/barcelona.euses.cat\/wp-content\/uploads\/2021\/12\/22017-009-768x512.jpg 768w, https:\/\/barcelona.euses.cat\/wp-content\/uploads\/2021\/12\/22017-009-1536x1024.jpg 1536w, https:\/\/barcelona.euses.cat\/wp-content\/uploads\/2021\/12\/22017-009-2048x1365.jpg 2048w, https:\/\/barcelona.euses.cat\/wp-content\/uploads\/2021\/12\/22017-009-400x267.jpg 400w\" sizes=\"(max-width: 300px) 100vw, 300px\" \/><\/a>\n\t\t\t<\/dt><\/dl><dl class='gallery-item'>\n\t\t\t<dt class='gallery-icon landscape'>\n\t\t\t\t<a href='https:\/\/barcelona.euses.cat\/es\/celebrado-el-acto-de-graduacion-de-la-promocion-2016-20-del-grado-en-fisioterapia-udg-ub\/22017-010-2\/'><img loading=\"lazy\" decoding=\"async\" width=\"300\" height=\"200\" src=\"https:\/\/barcelona.euses.cat\/wp-content\/uploads\/2021\/12\/22017-010-300x200.jpg\" class=\"attachment-medium size-medium\" alt=\"\" srcset=\"https:\/\/barcelona.euses.cat\/wp-content\/uploads\/2021\/12\/22017-010-300x200.jpg 300w, https:\/\/barcelona.euses.cat\/wp-content\/uploads\/2021\/12\/22017-010-1024x683.jpg 1024w, https:\/\/barcelona.euses.cat\/wp-content\/uploads\/2021\/12\/22017-010-768x512.jpg 768w, https:\/\/barcelona.euses.cat\/wp-content\/uploads\/2021\/12\/22017-010-1536x1024.jpg 1536w, https:\/\/barcelona.euses.cat\/wp-content\/uploads\/2021\/12\/22017-010-2048x1365.jpg 2048w, https:\/\/barcelona.euses.cat\/wp-content\/uploads\/2021\/12\/22017-010-400x267.jpg 400w\" sizes=\"(max-width: 300px) 100vw, 300px\" \/><\/a>\n\t\t\t<\/dt><\/dl><br style=\"clear: both\" \/><dl class='gallery-item'>\n\t\t\t<dt class='gallery-icon landscape'>\n\t\t\t\t<a href='https:\/\/barcelona.euses.cat\/es\/celebrado-el-acto-de-graduacion-de-la-promocion-2016-20-del-grado-en-fisioterapia-udg-ub\/22017-011-2\/'><img loading=\"lazy\" decoding=\"async\" width=\"300\" height=\"200\" src=\"https:\/\/barcelona.euses.cat\/wp-content\/uploads\/2021\/12\/22017-011-300x200.jpg\" class=\"attachment-medium size-medium\" alt=\"\" srcset=\"https:\/\/barcelona.euses.cat\/wp-content\/uploads\/2021\/12\/22017-011-300x200.jpg 300w, https:\/\/barcelona.euses.cat\/wp-content\/uploads\/2021\/12\/22017-011-1024x683.jpg 1024w, https:\/\/barcelona.euses.cat\/wp-content\/uploads\/2021\/12\/22017-011-768x512.jpg 768w, https:\/\/barcelona.euses.cat\/wp-content\/uploads\/2021\/12\/22017-011-1536x1024.jpg 1536w, https:\/\/barcelona.euses.cat\/wp-content\/uploads\/2021\/12\/22017-011-2048x1365.jpg 2048w, https:\/\/barcelona.euses.cat\/wp-content\/uploads\/2021\/12\/22017-011-400x267.jpg 400w\" sizes=\"(max-width: 300px) 100vw, 300px\" \/><\/a>\n\t\t\t<\/dt><\/dl><dl class='gallery-item'>\n\t\t\t<dt class='gallery-icon landscape'>\n\t\t\t\t<a href='https:\/\/barcelona.euses.cat\/es\/celebrado-el-acto-de-graduacion-de-la-promocion-2016-20-del-grado-en-fisioterapia-udg-ub\/22017-012-2\/'><img loading=\"lazy\" decoding=\"async\" width=\"300\" height=\"200\" src=\"https:\/\/barcelona.euses.cat\/wp-content\/uploads\/2021\/12\/22017-012-300x200.jpg\" class=\"attachment-medium size-medium\" alt=\"\" srcset=\"https:\/\/barcelona.euses.cat\/wp-content\/uploads\/2021\/12\/22017-012-300x200.jpg 300w, https:\/\/barcelona.euses.cat\/wp-content\/uploads\/2021\/12\/22017-012-1024x683.jpg 1024w, https:\/\/barcelona.euses.cat\/wp-content\/uploads\/2021\/12\/22017-012-768x512.jpg 768w, https:\/\/barcelona.euses.cat\/wp-content\/uploads\/2021\/12\/22017-012-1536x1024.jpg 1536w, https:\/\/barcelona.euses.cat\/wp-content\/uploads\/2021\/12\/22017-012-2048x1365.jpg 2048w, https:\/\/barcelona.euses.cat\/wp-content\/uploads\/2021\/12\/22017-012-400x267.jpg 400w\" sizes=\"(max-width: 300px) 100vw, 300px\" \/><\/a>\n\t\t\t<\/dt><\/dl><dl class='gallery-item'>\n\t\t\t<dt class='gallery-icon landscape'>\n\t\t\t\t<a href='https:\/\/barcelona.euses.cat\/es\/celebrado-el-acto-de-graduacion-de-la-promocion-2016-20-del-grado-en-fisioterapia-udg-ub\/22017-013-2\/'><img loading=\"lazy\" decoding=\"async\" width=\"300\" height=\"200\" src=\"https:\/\/barcelona.euses.cat\/wp-content\/uploads\/2021\/12\/22017-013-300x200.jpg\" class=\"attachment-medium size-medium\" alt=\"\" srcset=\"https:\/\/barcelona.euses.cat\/wp-content\/uploads\/2021\/12\/22017-013-300x200.jpg 300w, https:\/\/barcelona.euses.cat\/wp-content\/uploads\/2021\/12\/22017-013-1024x683.jpg 1024w, https:\/\/barcelona.euses.cat\/wp-content\/uploads\/2021\/12\/22017-013-768x512.jpg 768w, https:\/\/barcelona.euses.cat\/wp-content\/uploads\/2021\/12\/22017-013-1536x1024.jpg 1536w, https:\/\/barcelona.euses.cat\/wp-content\/uploads\/2021\/12\/22017-013-2048x1365.jpg 2048w, https:\/\/barcelona.euses.cat\/wp-content\/uploads\/2021\/12\/22017-013-400x267.jpg 400w\" sizes=\"(max-width: 300px) 100vw, 300px\" \/><\/a>\n\t\t\t<\/dt><\/dl><br style=\"clear: both\" \/><dl class='gallery-item'>\n\t\t\t<dt class='gallery-icon landscape'>\n\t\t\t\t<a href='https:\/\/barcelona.euses.cat\/es\/celebrado-el-acto-de-graduacion-de-la-promocion-2016-20-del-grado-en-fisioterapia-udg-ub\/22017-015-2\/'><img loading=\"lazy\" decoding=\"async\" width=\"300\" height=\"200\" src=\"https:\/\/barcelona.euses.cat\/wp-content\/uploads\/2021\/12\/22017-015-300x200.jpg\" class=\"attachment-medium size-medium\" alt=\"\" srcset=\"https:\/\/barcelona.euses.cat\/wp-content\/uploads\/2021\/12\/22017-015-300x200.jpg 300w, https:\/\/barcelona.euses.cat\/wp-content\/uploads\/2021\/12\/22017-015-1024x683.jpg 1024w, https:\/\/barcelona.euses.cat\/wp-content\/uploads\/2021\/12\/22017-015-768x512.jpg 768w, https:\/\/barcelona.euses.cat\/wp-content\/uploads\/2021\/12\/22017-015-1536x1024.jpg 1536w, https:\/\/barcelona.euses.cat\/wp-content\/uploads\/2021\/12\/22017-015-2048x1365.jpg 2048w, https:\/\/barcelona.euses.cat\/wp-content\/uploads\/2021\/12\/22017-015-400x267.jpg 400w\" sizes=\"(max-width: 300px) 100vw, 300px\" \/><\/a>\n\t\t\t<\/dt><\/dl><dl class='gallery-item'>\n\t\t\t<dt class='gallery-icon landscape'>\n\t\t\t\t<a href='https:\/\/barcelona.euses.cat\/es\/celebrado-el-acto-de-graduacion-de-la-promocion-2016-20-del-grado-en-fisioterapia-udg-ub\/22017-017-2\/'><img loading=\"lazy\" decoding=\"async\" width=\"300\" height=\"200\" src=\"https:\/\/barcelona.euses.cat\/wp-content\/uploads\/2021\/12\/22017-017-300x200.jpg\" class=\"attachment-medium size-medium\" alt=\"\" srcset=\"https:\/\/barcelona.euses.cat\/wp-content\/uploads\/2021\/12\/22017-017-300x200.jpg 300w, https:\/\/barcelona.euses.cat\/wp-content\/uploads\/2021\/12\/22017-017-1024x683.jpg 1024w, https:\/\/barcelona.euses.cat\/wp-content\/uploads\/2021\/12\/22017-017-768x512.jpg 768w, https:\/\/barcelona.euses.cat\/wp-content\/uploads\/2021\/12\/22017-017-1536x1024.jpg 1536w, https:\/\/barcelona.euses.cat\/wp-content\/uploads\/2021\/12\/22017-017-2048x1365.jpg 2048w, https:\/\/barcelona.euses.cat\/wp-content\/uploads\/2021\/12\/22017-017-400x267.jpg 400w\" sizes=\"(max-width: 300px) 100vw, 300px\" \/><\/a>\n\t\t\t<\/dt><\/dl><dl class='gallery-item'>\n\t\t\t<dt class='gallery-icon landscape'>\n\t\t\t\t<a href='https:\/\/barcelona.euses.cat\/es\/celebrado-el-acto-de-graduacion-de-la-promocion-2016-20-del-grado-en-fisioterapia-udg-ub\/22017-018-2\/'><img loading=\"lazy\" decoding=\"async\" width=\"300\" height=\"200\" src=\"https:\/\/barcelona.euses.cat\/wp-content\/uploads\/2021\/12\/22017-018-300x200.jpg\" class=\"attachment-medium size-medium\" alt=\"\" srcset=\"https:\/\/barcelona.euses.cat\/wp-content\/uploads\/2021\/12\/22017-018-300x200.jpg 300w, https:\/\/barcelona.euses.cat\/wp-content\/uploads\/2021\/12\/22017-018-1024x683.jpg 1024w, https:\/\/barcelona.euses.cat\/wp-content\/uploads\/2021\/12\/22017-018-768x512.jpg 768w, https:\/\/barcelona.euses.cat\/wp-content\/uploads\/2021\/12\/22017-018-1536x1024.jpg 1536w, https:\/\/barcelona.euses.cat\/wp-content\/uploads\/2021\/12\/22017-018-2048x1365.jpg 2048w, https:\/\/barcelona.euses.cat\/wp-content\/uploads\/2021\/12\/22017-018-400x267.jpg 400w\" sizes=\"(max-width: 300px) 100vw, 300px\" \/><\/a>\n\t\t\t<\/dt><\/dl><br style=\"clear: both\" \/><dl class='gallery-item'>\n\t\t\t<dt class='gallery-icon landscape'>\n\t\t\t\t<a href='https:\/\/barcelona.euses.cat\/es\/celebrado-el-acto-de-graduacion-de-la-promocion-2016-20-del-grado-en-fisioterapia-udg-ub\/22017-019-2\/'><img loading=\"lazy\" decoding=\"async\" width=\"300\" height=\"200\" src=\"https:\/\/barcelona.euses.cat\/wp-content\/uploads\/2021\/12\/22017-019-300x200.jpg\" class=\"attachment-medium size-medium\" alt=\"\" srcset=\"https:\/\/barcelona.euses.cat\/wp-content\/uploads\/2021\/12\/22017-019-300x200.jpg 300w, https:\/\/barcelona.euses.cat\/wp-content\/uploads\/2021\/12\/22017-019-1024x683.jpg 1024w, https:\/\/barcelona.euses.cat\/wp-content\/uploads\/2021\/12\/22017-019-768x512.jpg 768w, https:\/\/barcelona.euses.cat\/wp-content\/uploads\/2021\/12\/22017-019-1536x1024.jpg 1536w, https:\/\/barcelona.euses.cat\/wp-content\/uploads\/2021\/12\/22017-019-2048x1365.jpg 2048w, https:\/\/barcelona.euses.cat\/wp-content\/uploads\/2021\/12\/22017-019-400x267.jpg 400w\" sizes=\"(max-width: 300px) 100vw, 300px\" \/><\/a>\n\t\t\t<\/dt><\/dl><dl class='gallery-item'>\n\t\t\t<dt class='gallery-icon landscape'>\n\t\t\t\t<a href='https:\/\/barcelona.euses.cat\/es\/celebrado-el-acto-de-graduacion-de-la-promocion-2016-20-del-grado-en-fisioterapia-udg-ub\/22017-020-2\/'><img loading=\"lazy\" decoding=\"async\" width=\"300\" height=\"200\" src=\"https:\/\/barcelona.euses.cat\/wp-content\/uploads\/2021\/12\/22017-020-300x200.jpg\" class=\"attachment-medium size-medium\" alt=\"\" srcset=\"https:\/\/barcelona.euses.cat\/wp-content\/uploads\/2021\/12\/22017-020-300x200.jpg 300w, https:\/\/barcelona.euses.cat\/wp-content\/uploads\/2021\/12\/22017-020-1024x683.jpg 1024w, https:\/\/barcelona.euses.cat\/wp-content\/uploads\/2021\/12\/22017-020-768x512.jpg 768w, https:\/\/barcelona.euses.cat\/wp-content\/uploads\/2021\/12\/22017-020-1536x1024.jpg 1536w, https:\/\/barcelona.euses.cat\/wp-content\/uploads\/2021\/12\/22017-020-2048x1365.jpg 2048w, https:\/\/barcelona.euses.cat\/wp-content\/uploads\/2021\/12\/22017-020-400x267.jpg 400w\" sizes=\"(max-width: 300px) 100vw, 300px\" \/><\/a>\n\t\t\t<\/dt><\/dl><dl class='gallery-item'>\n\t\t\t<dt class='gallery-icon landscape'>\n\t\t\t\t<a href='https:\/\/barcelona.euses.cat\/es\/celebrado-el-acto-de-graduacion-de-la-promocion-2016-20-del-grado-en-fisioterapia-udg-ub\/22017-021-2\/'><img loading=\"lazy\" decoding=\"async\" width=\"300\" height=\"200\" src=\"https:\/\/barcelona.euses.cat\/wp-content\/uploads\/2021\/12\/22017-021-300x200.jpg\" class=\"attachment-medium size-medium\" alt=\"\" srcset=\"https:\/\/barcelona.euses.cat\/wp-content\/uploads\/2021\/12\/22017-021-300x200.jpg 300w, https:\/\/barcelona.euses.cat\/wp-content\/uploads\/2021\/12\/22017-021-1024x683.jpg 1024w, https:\/\/barcelona.euses.cat\/wp-content\/uploads\/2021\/12\/22017-021-768x512.jpg 768w, https:\/\/barcelona.euses.cat\/wp-content\/uploads\/2021\/12\/22017-021-1536x1024.jpg 1536w, https:\/\/barcelona.euses.cat\/wp-content\/uploads\/2021\/12\/22017-021-2048x1365.jpg 2048w, https:\/\/barcelona.euses.cat\/wp-content\/uploads\/2021\/12\/22017-021-400x267.jpg 400w\" sizes=\"(max-width: 300px) 100vw, 300px\" \/><\/a>\n\t\t\t<\/dt><\/dl><br style=\"clear: both\" \/><dl class='gallery-item'>\n\t\t\t<dt class='gallery-icon landscape'>\n\t\t\t\t<a href='https:\/\/barcelona.euses.cat\/es\/celebrado-el-acto-de-graduacion-de-la-promocion-2016-20-del-grado-en-fisioterapia-udg-ub\/22017-022-2\/'><img loading=\"lazy\" decoding=\"async\" width=\"300\" height=\"200\" src=\"https:\/\/barcelona.euses.cat\/wp-content\/uploads\/2021\/12\/22017-022-300x200.jpg\" class=\"attachment-medium size-medium\" alt=\"\" srcset=\"https:\/\/barcelona.euses.cat\/wp-content\/uploads\/2021\/12\/22017-022-300x200.jpg 300w, https:\/\/barcelona.euses.cat\/wp-content\/uploads\/2021\/12\/22017-022-1024x683.jpg 1024w, https:\/\/barcelona.euses.cat\/wp-content\/uploads\/2021\/12\/22017-022-768x512.jpg 768w, https:\/\/barcelona.euses.cat\/wp-content\/uploads\/2021\/12\/22017-022-1536x1024.jpg 1536w, https:\/\/barcelona.euses.cat\/wp-content\/uploads\/2021\/12\/22017-022-2048x1365.jpg 2048w, https:\/\/barcelona.euses.cat\/wp-content\/uploads\/2021\/12\/22017-022-400x267.jpg 400w\" sizes=\"(max-width: 300px) 100vw, 300px\" \/><\/a>\n\t\t\t<\/dt><\/dl><dl class='gallery-item'>\n\t\t\t<dt class='gallery-icon landscape'>\n\t\t\t\t<a href='https:\/\/barcelona.euses.cat\/es\/celebrado-el-acto-de-graduacion-de-la-promocion-2016-20-del-grado-en-fisioterapia-udg-ub\/22017-023-2\/'><img loading=\"lazy\" decoding=\"async\" width=\"300\" height=\"200\" src=\"https:\/\/barcelona.euses.cat\/wp-content\/uploads\/2021\/12\/22017-023-300x200.jpg\" class=\"attachment-medium size-medium\" alt=\"\" srcset=\"https:\/\/barcelona.euses.cat\/wp-content\/uploads\/2021\/12\/22017-023-300x200.jpg 300w, https:\/\/barcelona.euses.cat\/wp-content\/uploads\/2021\/12\/22017-023-1024x683.jpg 1024w, https:\/\/barcelona.euses.cat\/wp-content\/uploads\/2021\/12\/22017-023-768x512.jpg 768w, https:\/\/barcelona.euses.cat\/wp-content\/uploads\/2021\/12\/22017-023-1536x1024.jpg 1536w, https:\/\/barcelona.euses.cat\/wp-content\/uploads\/2021\/12\/22017-023-2048x1365.jpg 2048w, https:\/\/barcelona.euses.cat\/wp-content\/uploads\/2021\/12\/22017-023-400x267.jpg 400w\" sizes=\"(max-width: 300px) 100vw, 300px\" \/><\/a>\n\t\t\t<\/dt><\/dl><dl class='gallery-item'>\n\t\t\t<dt class='gallery-icon landscape'>\n\t\t\t\t<a href='https:\/\/barcelona.euses.cat\/es\/celebrado-el-acto-de-graduacion-de-la-promocion-2016-20-del-grado-en-fisioterapia-udg-ub\/22017-024-2\/'><img loading=\"lazy\" decoding=\"async\" width=\"300\" height=\"200\" src=\"https:\/\/barcelona.euses.cat\/wp-content\/uploads\/2021\/12\/22017-024-300x200.jpg\" class=\"attachment-medium size-medium\" alt=\"\" srcset=\"https:\/\/barcelona.euses.cat\/wp-content\/uploads\/2021\/12\/22017-024-300x200.jpg 300w, https:\/\/barcelona.euses.cat\/wp-content\/uploads\/2021\/12\/22017-024-1024x683.jpg 1024w, https:\/\/barcelona.euses.cat\/wp-content\/uploads\/2021\/12\/22017-024-768x512.jpg 768w, https:\/\/barcelona.euses.cat\/wp-content\/uploads\/2021\/12\/22017-024-1536x1024.jpg 1536w, https:\/\/barcelona.euses.cat\/wp-content\/uploads\/2021\/12\/22017-024-2048x1365.jpg 2048w, https:\/\/barcelona.euses.cat\/wp-content\/uploads\/2021\/12\/22017-024-400x267.jpg 400w\" sizes=\"(max-width: 300px) 100vw, 300px\" \/><\/a>\n\t\t\t<\/dt><\/dl><br style=\"clear: both\" \/><dl class='gallery-item'>\n\t\t\t<dt class='gallery-icon landscape'>\n\t\t\t\t<a href='https:\/\/barcelona.euses.cat\/es\/celebrado-el-acto-de-graduacion-de-la-promocion-2016-20-del-grado-en-fisioterapia-udg-ub\/22017-025-2\/'><img loading=\"lazy\" decoding=\"async\" width=\"300\" height=\"200\" src=\"https:\/\/barcelona.euses.cat\/wp-content\/uploads\/2021\/12\/22017-025-300x200.jpg\" class=\"attachment-medium size-medium\" alt=\"\" srcset=\"https:\/\/barcelona.euses.cat\/wp-content\/uploads\/2021\/12\/22017-025-300x200.jpg 300w, https:\/\/barcelona.euses.cat\/wp-content\/uploads\/2021\/12\/22017-025-1024x683.jpg 1024w, https:\/\/barcelona.euses.cat\/wp-content\/uploads\/2021\/12\/22017-025-768x512.jpg 768w, https:\/\/barcelona.euses.cat\/wp-content\/uploads\/2021\/12\/22017-025-1536x1024.jpg 1536w, https:\/\/barcelona.euses.cat\/wp-content\/uploads\/2021\/12\/22017-025-2048x1365.jpg 2048w, https:\/\/barcelona.euses.cat\/wp-content\/uploads\/2021\/12\/22017-025-400x267.jpg 400w\" sizes=\"(max-width: 300px) 100vw, 300px\" \/><\/a>\n\t\t\t<\/dt><\/dl><dl class='gallery-item'>\n\t\t\t<dt class='gallery-icon portrait'>\n\t\t\t\t<a href='https:\/\/barcelona.euses.cat\/es\/celebrado-el-acto-de-graduacion-de-la-promocion-2016-20-del-grado-en-fisioterapia-udg-ub\/22017-026-2\/'><img loading=\"lazy\" decoding=\"async\" width=\"200\" height=\"300\" src=\"https:\/\/barcelona.euses.cat\/wp-content\/uploads\/2021\/12\/22017-026-200x300.jpg\" class=\"attachment-medium size-medium\" alt=\"\" srcset=\"https:\/\/barcelona.euses.cat\/wp-content\/uploads\/2021\/12\/22017-026-200x300.jpg 200w, https:\/\/barcelona.euses.cat\/wp-content\/uploads\/2021\/12\/22017-026-683x1024.jpg 683w, https:\/\/barcelona.euses.cat\/wp-content\/uploads\/2021\/12\/22017-026-768x1152.jpg 768w, https:\/\/barcelona.euses.cat\/wp-content\/uploads\/2021\/12\/22017-026-1024x1536.jpg 1024w, https:\/\/barcelona.euses.cat\/wp-content\/uploads\/2021\/12\/22017-026-1365x2048.jpg 1365w, https:\/\/barcelona.euses.cat\/wp-content\/uploads\/2021\/12\/22017-026-133x200.jpg 133w, https:\/\/barcelona.euses.cat\/wp-content\/uploads\/2021\/12\/22017-026-scaled.jpg 1707w\" sizes=\"(max-width: 200px) 100vw, 200px\" \/><\/a>\n\t\t\t<\/dt><\/dl><dl class='gallery-item'>\n\t\t\t<dt class='gallery-icon landscape'>\n\t\t\t\t<a href='https:\/\/barcelona.euses.cat\/es\/celebrado-el-acto-de-graduacion-de-la-promocion-2016-20-del-grado-en-fisioterapia-udg-ub\/22017-029-2\/'><img loading=\"lazy\" decoding=\"async\" width=\"300\" height=\"200\" src=\"https:\/\/barcelona.euses.cat\/wp-content\/uploads\/2021\/12\/22017-029-300x200.jpg\" class=\"attachment-medium size-medium\" alt=\"\" srcset=\"https:\/\/barcelona.euses.cat\/wp-content\/uploads\/2021\/12\/22017-029-300x200.jpg 300w, https:\/\/barcelona.euses.cat\/wp-content\/uploads\/2021\/12\/22017-029-1024x683.jpg 1024w, https:\/\/barcelona.euses.cat\/wp-content\/uploads\/2021\/12\/22017-029-768x512.jpg 768w, https:\/\/barcelona.euses.cat\/wp-content\/uploads\/2021\/12\/22017-029-1536x1024.jpg 1536w, https:\/\/barcelona.euses.cat\/wp-content\/uploads\/2021\/12\/22017-029-2048x1365.jpg 2048w, https:\/\/barcelona.euses.cat\/wp-content\/uploads\/2021\/12\/22017-029-400x267.jpg 400w\" sizes=\"(max-width: 300px) 100vw, 300px\" \/><\/a>\n\t\t\t<\/dt><\/dl><br style=\"clear: both\" \/><dl class='gallery-item'>\n\t\t\t<dt class='gallery-icon landscape'>\n\t\t\t\t<a href='https:\/\/barcelona.euses.cat\/es\/celebrado-el-acto-de-graduacion-de-la-promocion-2016-20-del-grado-en-fisioterapia-udg-ub\/22017-032-2\/'><img loading=\"lazy\" decoding=\"async\" width=\"300\" height=\"200\" src=\"https:\/\/barcelona.euses.cat\/wp-content\/uploads\/2021\/12\/22017-032-300x200.jpg\" class=\"attachment-medium size-medium\" alt=\"\" srcset=\"https:\/\/barcelona.euses.cat\/wp-content\/uploads\/2021\/12\/22017-032-300x200.jpg 300w, https:\/\/barcelona.euses.cat\/wp-content\/uploads\/2021\/12\/22017-032-1024x683.jpg 1024w, https:\/\/barcelona.euses.cat\/wp-content\/uploads\/2021\/12\/22017-032-768x512.jpg 768w, https:\/\/barcelona.euses.cat\/wp-content\/uploads\/2021\/12\/22017-032-1536x1024.jpg 1536w, https:\/\/barcelona.euses.cat\/wp-content\/uploads\/2021\/12\/22017-032-2048x1365.jpg 2048w, https:\/\/barcelona.euses.cat\/wp-content\/uploads\/2021\/12\/22017-032-400x267.jpg 400w\" sizes=\"(max-width: 300px) 100vw, 300px\" \/><\/a>\n\t\t\t<\/dt><\/dl><dl class='gallery-item'>\n\t\t\t<dt class='gallery-icon landscape'>\n\t\t\t\t<a href='https:\/\/barcelona.euses.cat\/es\/celebrado-el-acto-de-graduacion-de-la-promocion-2016-20-del-grado-en-fisioterapia-udg-ub\/22017-033-2\/'><img loading=\"lazy\" decoding=\"async\" width=\"300\" height=\"200\" src=\"https:\/\/barcelona.euses.cat\/wp-content\/uploads\/2021\/12\/22017-033-300x200.jpg\" class=\"attachment-medium size-medium\" alt=\"\" srcset=\"https:\/\/barcelona.euses.cat\/wp-content\/uploads\/2021\/12\/22017-033-300x200.jpg 300w, https:\/\/barcelona.euses.cat\/wp-content\/uploads\/2021\/12\/22017-033-1024x683.jpg 1024w, https:\/\/barcelona.euses.cat\/wp-content\/uploads\/2021\/12\/22017-033-768x512.jpg 768w, https:\/\/barcelona.euses.cat\/wp-content\/uploads\/2021\/12\/22017-033-1536x1024.jpg 1536w, https:\/\/barcelona.euses.cat\/wp-content\/uploads\/2021\/12\/22017-033-2048x1365.jpg 2048w, https:\/\/barcelona.euses.cat\/wp-content\/uploads\/2021\/12\/22017-033-400x267.jpg 400w\" sizes=\"(max-width: 300px) 100vw, 300px\" \/><\/a>\n\t\t\t<\/dt><\/dl><dl class='gallery-item'>\n\t\t\t<dt class='gallery-icon landscape'>\n\t\t\t\t<a href='https:\/\/barcelona.euses.cat\/es\/celebrado-el-acto-de-graduacion-de-la-promocion-2016-20-del-grado-en-fisioterapia-udg-ub\/22017-034-2\/'><img loading=\"lazy\" decoding=\"async\" width=\"300\" height=\"200\" src=\"https:\/\/barcelona.euses.cat\/wp-content\/uploads\/2021\/12\/22017-034-300x200.jpg\" class=\"attachment-medium size-medium\" alt=\"\" srcset=\"https:\/\/barcelona.euses.cat\/wp-content\/uploads\/2021\/12\/22017-034-300x200.jpg 300w, https:\/\/barcelona.euses.cat\/wp-content\/uploads\/2021\/12\/22017-034-1024x683.jpg 1024w, https:\/\/barcelona.euses.cat\/wp-content\/uploads\/2021\/12\/22017-034-768x512.jpg 768w, https:\/\/barcelona.euses.cat\/wp-content\/uploads\/2021\/12\/22017-034-1536x1024.jpg 1536w, https:\/\/barcelona.euses.cat\/wp-content\/uploads\/2021\/12\/22017-034-2048x1365.jpg 2048w, https:\/\/barcelona.euses.cat\/wp-content\/uploads\/2021\/12\/22017-034-400x267.jpg 400w\" sizes=\"(max-width: 300px) 100vw, 300px\" \/><\/a>\n\t\t\t<\/dt><\/dl><br style=\"clear: both\" \/><dl class='gallery-item'>\n\t\t\t<dt class='gallery-icon landscape'>\n\t\t\t\t<a href='https:\/\/barcelona.euses.cat\/es\/celebrado-el-acto-de-graduacion-de-la-promocion-2016-20-del-grado-en-fisioterapia-udg-ub\/22017-036-2\/'><img loading=\"lazy\" decoding=\"async\" width=\"300\" height=\"200\" src=\"https:\/\/barcelona.euses.cat\/wp-content\/uploads\/2021\/12\/22017-036-300x200.jpg\" class=\"attachment-medium size-medium\" alt=\"\" srcset=\"https:\/\/barcelona.euses.cat\/wp-content\/uploads\/2021\/12\/22017-036-300x200.jpg 300w, https:\/\/barcelona.euses.cat\/wp-content\/uploads\/2021\/12\/22017-036-1024x683.jpg 1024w, https:\/\/barcelona.euses.cat\/wp-content\/uploads\/2021\/12\/22017-036-768x512.jpg 768w, https:\/\/barcelona.euses.cat\/wp-content\/uploads\/2021\/12\/22017-036-1536x1024.jpg 1536w, https:\/\/barcelona.euses.cat\/wp-content\/uploads\/2021\/12\/22017-036-2048x1365.jpg 2048w, https:\/\/barcelona.euses.cat\/wp-content\/uploads\/2021\/12\/22017-036-400x267.jpg 400w\" sizes=\"(max-width: 300px) 100vw, 300px\" \/><\/a>\n\t\t\t<\/dt><\/dl><dl class='gallery-item'>\n\t\t\t<dt class='gallery-icon landscape'>\n\t\t\t\t<a href='https:\/\/barcelona.euses.cat\/es\/celebrado-el-acto-de-graduacion-de-la-promocion-2016-20-del-grado-en-fisioterapia-udg-ub\/22017-037-2\/'><img loading=\"lazy\" decoding=\"async\" width=\"300\" height=\"200\" src=\"https:\/\/barcelona.euses.cat\/wp-content\/uploads\/2021\/12\/22017-037-300x200.jpg\" class=\"attachment-medium size-medium\" alt=\"\" srcset=\"https:\/\/barcelona.euses.cat\/wp-content\/uploads\/2021\/12\/22017-037-300x200.jpg 300w, https:\/\/barcelona.euses.cat\/wp-content\/uploads\/2021\/12\/22017-037-1024x683.jpg 1024w, https:\/\/barcelona.euses.cat\/wp-content\/uploads\/2021\/12\/22017-037-768x512.jpg 768w, https:\/\/barcelona.euses.cat\/wp-content\/uploads\/2021\/12\/22017-037-1536x1024.jpg 1536w, https:\/\/barcelona.euses.cat\/wp-content\/uploads\/2021\/12\/22017-037-2048x1365.jpg 2048w, https:\/\/barcelona.euses.cat\/wp-content\/uploads\/2021\/12\/22017-037-400x267.jpg 400w\" sizes=\"(max-width: 300px) 100vw, 300px\" \/><\/a>\n\t\t\t<\/dt><\/dl><dl class='gallery-item'>\n\t\t\t<dt class='gallery-icon landscape'>\n\t\t\t\t<a href='https:\/\/barcelona.euses.cat\/es\/celebrado-el-acto-de-graduacion-de-la-promocion-2016-20-del-grado-en-fisioterapia-udg-ub\/22017-039-2\/'><img loading=\"lazy\" decoding=\"async\" width=\"300\" height=\"200\" src=\"https:\/\/barcelona.euses.cat\/wp-content\/uploads\/2021\/12\/22017-039-300x200.jpg\" class=\"attachment-medium size-medium\" alt=\"\" srcset=\"https:\/\/barcelona.euses.cat\/wp-content\/uploads\/2021\/12\/22017-039-300x200.jpg 300w, https:\/\/barcelona.euses.cat\/wp-content\/uploads\/2021\/12\/22017-039-1024x683.jpg 1024w, https:\/\/barcelona.euses.cat\/wp-content\/uploads\/2021\/12\/22017-039-768x512.jpg 768w, https:\/\/barcelona.euses.cat\/wp-content\/uploads\/2021\/12\/22017-039-1536x1024.jpg 1536w, https:\/\/barcelona.euses.cat\/wp-content\/uploads\/2021\/12\/22017-039-2048x1365.jpg 2048w, https:\/\/barcelona.euses.cat\/wp-content\/uploads\/2021\/12\/22017-039-400x267.jpg 400w\" sizes=\"(max-width: 300px) 100vw, 300px\" \/><\/a>\n\t\t\t<\/dt><\/dl><br style=\"clear: both\" \/><dl class='gallery-item'>\n\t\t\t<dt class='gallery-icon landscape'>\n\t\t\t\t<a href='https:\/\/barcelona.euses.cat\/es\/celebrado-el-acto-de-graduacion-de-la-promocion-2016-20-del-grado-en-fisioterapia-udg-ub\/22017-041-2\/'><img loading=\"lazy\" decoding=\"async\" width=\"300\" height=\"200\" src=\"https:\/\/barcelona.euses.cat\/wp-content\/uploads\/2021\/12\/22017-041-300x200.jpg\" class=\"attachment-medium size-medium\" alt=\"\" srcset=\"https:\/\/barcelona.euses.cat\/wp-content\/uploads\/2021\/12\/22017-041-300x200.jpg 300w, https:\/\/barcelona.euses.cat\/wp-content\/uploads\/2021\/12\/22017-041-1024x683.jpg 1024w, https:\/\/barcelona.euses.cat\/wp-content\/uploads\/2021\/12\/22017-041-768x512.jpg 768w, https:\/\/barcelona.euses.cat\/wp-content\/uploads\/2021\/12\/22017-041-1536x1024.jpg 1536w, https:\/\/barcelona.euses.cat\/wp-content\/uploads\/2021\/12\/22017-041-2048x1365.jpg 2048w, https:\/\/barcelona.euses.cat\/wp-content\/uploads\/2021\/12\/22017-041-400x267.jpg 400w\" sizes=\"(max-width: 300px) 100vw, 300px\" \/><\/a>\n\t\t\t<\/dt><\/dl><dl class='gallery-item'>\n\t\t\t<dt class='gallery-icon landscape'>\n\t\t\t\t<a href='https:\/\/barcelona.euses.cat\/es\/celebrado-el-acto-de-graduacion-de-la-promocion-2016-20-del-grado-en-fisioterapia-udg-ub\/22017-042-2\/'><img loading=\"lazy\" decoding=\"async\" width=\"300\" height=\"200\" src=\"https:\/\/barcelona.euses.cat\/wp-content\/uploads\/2021\/12\/22017-042-300x200.jpg\" class=\"attachment-medium size-medium\" alt=\"\" srcset=\"https:\/\/barcelona.euses.cat\/wp-content\/uploads\/2021\/12\/22017-042-300x200.jpg 300w, https:\/\/barcelona.euses.cat\/wp-content\/uploads\/2021\/12\/22017-042-1024x683.jpg 1024w, https:\/\/barcelona.euses.cat\/wp-content\/uploads\/2021\/12\/22017-042-768x512.jpg 768w, https:\/\/barcelona.euses.cat\/wp-content\/uploads\/2021\/12\/22017-042-1536x1024.jpg 1536w, https:\/\/barcelona.euses.cat\/wp-content\/uploads\/2021\/12\/22017-042-2048x1365.jpg 2048w, https:\/\/barcelona.euses.cat\/wp-content\/uploads\/2021\/12\/22017-042-400x267.jpg 400w\" sizes=\"(max-width: 300px) 100vw, 300px\" \/><\/a>\n\t\t\t<\/dt><\/dl><dl class='gallery-item'>\n\t\t\t<dt class='gallery-icon landscape'>\n\t\t\t\t<a href='https:\/\/barcelona.euses.cat\/es\/celebrado-el-acto-de-graduacion-de-la-promocion-2016-20-del-grado-en-fisioterapia-udg-ub\/22017-045-2\/'><img loading=\"lazy\" decoding=\"async\" width=\"300\" height=\"200\" src=\"https:\/\/barcelona.euses.cat\/wp-content\/uploads\/2021\/12\/22017-045-300x200.jpg\" class=\"attachment-medium size-medium\" alt=\"\" srcset=\"https:\/\/barcelona.euses.cat\/wp-content\/uploads\/2021\/12\/22017-045-300x200.jpg 300w, https:\/\/barcelona.euses.cat\/wp-content\/uploads\/2021\/12\/22017-045-1024x683.jpg 1024w, https:\/\/barcelona.euses.cat\/wp-content\/uploads\/2021\/12\/22017-045-768x512.jpg 768w, https:\/\/barcelona.euses.cat\/wp-content\/uploads\/2021\/12\/22017-045-1536x1024.jpg 1536w, https:\/\/barcelona.euses.cat\/wp-content\/uploads\/2021\/12\/22017-045-2048x1365.jpg 2048w, https:\/\/barcelona.euses.cat\/wp-content\/uploads\/2021\/12\/22017-045-400x267.jpg 400w\" sizes=\"(max-width: 300px) 100vw, 300px\" \/><\/a>\n\t\t\t<\/dt><\/dl><br style=\"clear: both\" \/><dl class='gallery-item'>\n\t\t\t<dt class='gallery-icon landscape'>\n\t\t\t\t<a href='https:\/\/barcelona.euses.cat\/es\/celebrado-el-acto-de-graduacion-de-la-promocion-2016-20-del-grado-en-fisioterapia-udg-ub\/22017-046-2\/'><img loading=\"lazy\" decoding=\"async\" width=\"300\" height=\"200\" src=\"https:\/\/barcelona.euses.cat\/wp-content\/uploads\/2021\/12\/22017-046-300x200.jpg\" class=\"attachment-medium size-medium\" alt=\"\" srcset=\"https:\/\/barcelona.euses.cat\/wp-content\/uploads\/2021\/12\/22017-046-300x200.jpg 300w, https:\/\/barcelona.euses.cat\/wp-content\/uploads\/2021\/12\/22017-046-1024x683.jpg 1024w, https:\/\/barcelona.euses.cat\/wp-content\/uploads\/2021\/12\/22017-046-768x512.jpg 768w, https:\/\/barcelona.euses.cat\/wp-content\/uploads\/2021\/12\/22017-046-1536x1024.jpg 1536w, https:\/\/barcelona.euses.cat\/wp-content\/uploads\/2021\/12\/22017-046-2048x1365.jpg 2048w, https:\/\/barcelona.euses.cat\/wp-content\/uploads\/2021\/12\/22017-046-400x267.jpg 400w\" sizes=\"(max-width: 300px) 100vw, 300px\" \/><\/a>\n\t\t\t<\/dt><\/dl><dl class='gallery-item'>\n\t\t\t<dt class='gallery-icon landscape'>\n\t\t\t\t<a href='https:\/\/barcelona.euses.cat\/es\/celebrado-el-acto-de-graduacion-de-la-promocion-2016-20-del-grado-en-fisioterapia-udg-ub\/22017-047-2\/'><img loading=\"lazy\" decoding=\"async\" width=\"300\" height=\"200\" src=\"https:\/\/barcelona.euses.cat\/wp-content\/uploads\/2021\/12\/22017-047-300x200.jpg\" class=\"attachment-medium size-medium\" alt=\"\" srcset=\"https:\/\/barcelona.euses.cat\/wp-content\/uploads\/2021\/12\/22017-047-300x200.jpg 300w, https:\/\/barcelona.euses.cat\/wp-content\/uploads\/2021\/12\/22017-047-1024x683.jpg 1024w, https:\/\/barcelona.euses.cat\/wp-content\/uploads\/2021\/12\/22017-047-768x512.jpg 768w, https:\/\/barcelona.euses.cat\/wp-content\/uploads\/2021\/12\/22017-047-1536x1024.jpg 1536w, https:\/\/barcelona.euses.cat\/wp-content\/uploads\/2021\/12\/22017-047-2048x1365.jpg 2048w, https:\/\/barcelona.euses.cat\/wp-content\/uploads\/2021\/12\/22017-047-400x267.jpg 400w\" sizes=\"(max-width: 300px) 100vw, 300px\" \/><\/a>\n\t\t\t<\/dt><\/dl><dl class='gallery-item'>\n\t\t\t<dt class='gallery-icon landscape'>\n\t\t\t\t<a href='https:\/\/barcelona.euses.cat\/es\/celebrado-el-acto-de-graduacion-de-la-promocion-2016-20-del-grado-en-fisioterapia-udg-ub\/22017-048-2\/'><img loading=\"lazy\" decoding=\"async\" width=\"300\" height=\"200\" src=\"https:\/\/barcelona.euses.cat\/wp-content\/uploads\/2021\/12\/22017-048-300x200.jpg\" class=\"attachment-medium size-medium\" alt=\"\" srcset=\"https:\/\/barcelona.euses.cat\/wp-content\/uploads\/2021\/12\/22017-048-300x200.jpg 300w, https:\/\/barcelona.euses.cat\/wp-content\/uploads\/2021\/12\/22017-048-1024x683.jpg 1024w, https:\/\/barcelona.euses.cat\/wp-content\/uploads\/2021\/12\/22017-048-768x512.jpg 768w, https:\/\/barcelona.euses.cat\/wp-content\/uploads\/2021\/12\/22017-048-1536x1024.jpg 1536w, https:\/\/barcelona.euses.cat\/wp-content\/uploads\/2021\/12\/22017-048-2048x1365.jpg 2048w, https:\/\/barcelona.euses.cat\/wp-content\/uploads\/2021\/12\/22017-048-400x267.jpg 400w\" sizes=\"(max-width: 300px) 100vw, 300px\" \/><\/a>\n\t\t\t<\/dt><\/dl><br style=\"clear: both\" \/><dl class='gallery-item'>\n\t\t\t<dt class='gallery-icon landscape'>\n\t\t\t\t<a href='https:\/\/barcelona.euses.cat\/es\/celebrado-el-acto-de-graduacion-de-la-promocion-2016-20-del-grado-en-fisioterapia-udg-ub\/22017-049-2\/'><img loading=\"lazy\" decoding=\"async\" width=\"300\" height=\"200\" src=\"https:\/\/barcelona.euses.cat\/wp-content\/uploads\/2021\/12\/22017-049-300x200.jpg\" class=\"attachment-medium size-medium\" alt=\"\" srcset=\"https:\/\/barcelona.euses.cat\/wp-content\/uploads\/2021\/12\/22017-049-300x200.jpg 300w, https:\/\/barcelona.euses.cat\/wp-content\/uploads\/2021\/12\/22017-049-1024x683.jpg 1024w, https:\/\/barcelona.euses.cat\/wp-content\/uploads\/2021\/12\/22017-049-768x512.jpg 768w, https:\/\/barcelona.euses.cat\/wp-content\/uploads\/2021\/12\/22017-049-1536x1024.jpg 1536w, https:\/\/barcelona.euses.cat\/wp-content\/uploads\/2021\/12\/22017-049-2048x1365.jpg 2048w, https:\/\/barcelona.euses.cat\/wp-content\/uploads\/2021\/12\/22017-049-400x267.jpg 400w\" sizes=\"(max-width: 300px) 100vw, 300px\" \/><\/a>\n\t\t\t<\/dt><\/dl><dl class='gallery-item'>\n\t\t\t<dt class='gallery-icon landscape'>\n\t\t\t\t<a href='https:\/\/barcelona.euses.cat\/es\/celebrado-el-acto-de-graduacion-de-la-promocion-2016-20-del-grado-en-fisioterapia-udg-ub\/22017-050-2\/'><img loading=\"lazy\" decoding=\"async\" width=\"300\" height=\"200\" src=\"https:\/\/barcelona.euses.cat\/wp-content\/uploads\/2021\/12\/22017-050-300x200.jpg\" class=\"attachment-medium size-medium\" alt=\"\" srcset=\"https:\/\/barcelona.euses.cat\/wp-content\/uploads\/2021\/12\/22017-050-300x200.jpg 300w, https:\/\/barcelona.euses.cat\/wp-content\/uploads\/2021\/12\/22017-050-1024x683.jpg 1024w, https:\/\/barcelona.euses.cat\/wp-content\/uploads\/2021\/12\/22017-050-768x512.jpg 768w, https:\/\/barcelona.euses.cat\/wp-content\/uploads\/2021\/12\/22017-050-1536x1024.jpg 1536w, https:\/\/barcelona.euses.cat\/wp-content\/uploads\/2021\/12\/22017-050-2048x1365.jpg 2048w, https:\/\/barcelona.euses.cat\/wp-content\/uploads\/2021\/12\/22017-050-400x267.jpg 400w\" sizes=\"(max-width: 300px) 100vw, 300px\" \/><\/a>\n\t\t\t<\/dt><\/dl><dl class='gallery-item'>\n\t\t\t<dt class='gallery-icon landscape'>\n\t\t\t\t<a href='https:\/\/barcelona.euses.cat\/es\/celebrado-el-acto-de-graduacion-de-la-promocion-2016-20-del-grado-en-fisioterapia-udg-ub\/22017-051-2\/'><img loading=\"lazy\" decoding=\"async\" width=\"300\" height=\"200\" src=\"https:\/\/barcelona.euses.cat\/wp-content\/uploads\/2021\/12\/22017-051-300x200.jpg\" class=\"attachment-medium size-medium\" alt=\"\" srcset=\"https:\/\/barcelona.euses.cat\/wp-content\/uploads\/2021\/12\/22017-051-300x200.jpg 300w, https:\/\/barcelona.euses.cat\/wp-content\/uploads\/2021\/12\/22017-051-1024x683.jpg 1024w, https:\/\/barcelona.euses.cat\/wp-content\/uploads\/2021\/12\/22017-051-768x512.jpg 768w, https:\/\/barcelona.euses.cat\/wp-content\/uploads\/2021\/12\/22017-051-1536x1024.jpg 1536w, https:\/\/barcelona.euses.cat\/wp-content\/uploads\/2021\/12\/22017-051-2048x1365.jpg 2048w, https:\/\/barcelona.euses.cat\/wp-content\/uploads\/2021\/12\/22017-051-400x267.jpg 400w\" sizes=\"(max-width: 300px) 100vw, 300px\" \/><\/a>\n\t\t\t<\/dt><\/dl><br style=\"clear: both\" \/><dl class='gallery-item'>\n\t\t\t<dt class='gallery-icon landscape'>\n\t\t\t\t<a href='https:\/\/barcelona.euses.cat\/es\/celebrado-el-acto-de-graduacion-de-la-promocion-2016-20-del-grado-en-fisioterapia-udg-ub\/22017-052-2\/'><img loading=\"lazy\" decoding=\"async\" width=\"300\" height=\"200\" src=\"https:\/\/barcelona.euses.cat\/wp-content\/uploads\/2021\/12\/22017-052-300x200.jpg\" class=\"attachment-medium size-medium\" alt=\"\" srcset=\"https:\/\/barcelona.euses.cat\/wp-content\/uploads\/2021\/12\/22017-052-300x200.jpg 300w, https:\/\/barcelona.euses.cat\/wp-content\/uploads\/2021\/12\/22017-052-1024x683.jpg 1024w, https:\/\/barcelona.euses.cat\/wp-content\/uploads\/2021\/12\/22017-052-768x512.jpg 768w, https:\/\/barcelona.euses.cat\/wp-content\/uploads\/2021\/12\/22017-052-1536x1024.jpg 1536w, https:\/\/barcelona.euses.cat\/wp-content\/uploads\/2021\/12\/22017-052-2048x1365.jpg 2048w, https:\/\/barcelona.euses.cat\/wp-content\/uploads\/2021\/12\/22017-052-400x267.jpg 400w\" sizes=\"(max-width: 300px) 100vw, 300px\" \/><\/a>\n\t\t\t<\/dt><\/dl><dl class='gallery-item'>\n\t\t\t<dt class='gallery-icon landscape'>\n\t\t\t\t<a href='https:\/\/barcelona.euses.cat\/es\/celebrado-el-acto-de-graduacion-de-la-promocion-2016-20-del-grado-en-fisioterapia-udg-ub\/22017-053-2\/'><img loading=\"lazy\" decoding=\"async\" width=\"300\" height=\"200\" src=\"https:\/\/barcelona.euses.cat\/wp-content\/uploads\/2021\/12\/22017-053-300x200.jpg\" class=\"attachment-medium size-medium\" alt=\"\" srcset=\"https:\/\/barcelona.euses.cat\/wp-content\/uploads\/2021\/12\/22017-053-300x200.jpg 300w, https:\/\/barcelona.euses.cat\/wp-content\/uploads\/2021\/12\/22017-053-1024x683.jpg 1024w, https:\/\/barcelona.euses.cat\/wp-content\/uploads\/2021\/12\/22017-053-768x512.jpg 768w, https:\/\/barcelona.euses.cat\/wp-content\/uploads\/2021\/12\/22017-053-1536x1024.jpg 1536w, https:\/\/barcelona.euses.cat\/wp-content\/uploads\/2021\/12\/22017-053-2048x1365.jpg 2048w, https:\/\/barcelona.euses.cat\/wp-content\/uploads\/2021\/12\/22017-053-400x267.jpg 400w\" sizes=\"(max-width: 300px) 100vw, 300px\" \/><\/a>\n\t\t\t<\/dt><\/dl><dl class='gallery-item'>\n\t\t\t<dt class='gallery-icon landscape'>\n\t\t\t\t<a href='https:\/\/barcelona.euses.cat\/es\/celebrado-el-acto-de-graduacion-de-la-promocion-2016-20-del-grado-en-fisioterapia-udg-ub\/22017-054-2\/'><img loading=\"lazy\" decoding=\"async\" width=\"300\" height=\"200\" src=\"https:\/\/barcelona.euses.cat\/wp-content\/uploads\/2021\/12\/22017-054-300x200.jpg\" class=\"attachment-medium size-medium\" alt=\"\" srcset=\"https:\/\/barcelona.euses.cat\/wp-content\/uploads\/2021\/12\/22017-054-300x200.jpg 300w, https:\/\/barcelona.euses.cat\/wp-content\/uploads\/2021\/12\/22017-054-1024x683.jpg 1024w, https:\/\/barcelona.euses.cat\/wp-content\/uploads\/2021\/12\/22017-054-768x512.jpg 768w, https:\/\/barcelona.euses.cat\/wp-content\/uploads\/2021\/12\/22017-054-1536x1024.jpg 1536w, https:\/\/barcelona.euses.cat\/wp-content\/uploads\/2021\/12\/22017-054-2048x1365.jpg 2048w, https:\/\/barcelona.euses.cat\/wp-content\/uploads\/2021\/12\/22017-054-400x267.jpg 400w\" sizes=\"(max-width: 300px) 100vw, 300px\" \/><\/a>\n\t\t\t<\/dt><\/dl><br style=\"clear: both\" \/><dl class='gallery-item'>\n\t\t\t<dt class='gallery-icon landscape'>\n\t\t\t\t<a href='https:\/\/barcelona.euses.cat\/es\/celebrado-el-acto-de-graduacion-de-la-promocion-2016-20-del-grado-en-fisioterapia-udg-ub\/22017-055-2\/'><img loading=\"lazy\" decoding=\"async\" width=\"300\" height=\"200\" src=\"https:\/\/barcelona.euses.cat\/wp-content\/uploads\/2021\/12\/22017-055-300x200.jpg\" class=\"attachment-medium size-medium\" alt=\"\" srcset=\"https:\/\/barcelona.euses.cat\/wp-content\/uploads\/2021\/12\/22017-055-300x200.jpg 300w, https:\/\/barcelona.euses.cat\/wp-content\/uploads\/2021\/12\/22017-055-1024x683.jpg 1024w, https:\/\/barcelona.euses.cat\/wp-content\/uploads\/2021\/12\/22017-055-768x512.jpg 768w, https:\/\/barcelona.euses.cat\/wp-content\/uploads\/2021\/12\/22017-055-1536x1024.jpg 1536w, https:\/\/barcelona.euses.cat\/wp-content\/uploads\/2021\/12\/22017-055-2048x1365.jpg 2048w, https:\/\/barcelona.euses.cat\/wp-content\/uploads\/2021\/12\/22017-055-400x267.jpg 400w\" sizes=\"(max-width: 300px) 100vw, 300px\" \/><\/a>\n\t\t\t<\/dt><\/dl><dl class='gallery-item'>\n\t\t\t<dt class='gallery-icon landscape'>\n\t\t\t\t<a href='https:\/\/barcelona.euses.cat\/es\/celebrado-el-acto-de-graduacion-de-la-promocion-2016-20-del-grado-en-fisioterapia-udg-ub\/22017-056-2\/'><img loading=\"lazy\" decoding=\"async\" width=\"300\" height=\"200\" src=\"https:\/\/barcelona.euses.cat\/wp-content\/uploads\/2021\/12\/22017-056-300x200.jpg\" class=\"attachment-medium size-medium\" alt=\"\" srcset=\"https:\/\/barcelona.euses.cat\/wp-content\/uploads\/2021\/12\/22017-056-300x200.jpg 300w, https:\/\/barcelona.euses.cat\/wp-content\/uploads\/2021\/12\/22017-056-1024x683.jpg 1024w, https:\/\/barcelona.euses.cat\/wp-content\/uploads\/2021\/12\/22017-056-768x512.jpg 768w, https:\/\/barcelona.euses.cat\/wp-content\/uploads\/2021\/12\/22017-056-1536x1024.jpg 1536w, https:\/\/barcelona.euses.cat\/wp-content\/uploads\/2021\/12\/22017-056-2048x1365.jpg 2048w, https:\/\/barcelona.euses.cat\/wp-content\/uploads\/2021\/12\/22017-056-400x267.jpg 400w\" sizes=\"(max-width: 300px) 100vw, 300px\" \/><\/a>\n\t\t\t<\/dt><\/dl><dl class='gallery-item'>\n\t\t\t<dt class='gallery-icon landscape'>\n\t\t\t\t<a href='https:\/\/barcelona.euses.cat\/es\/celebrado-el-acto-de-graduacion-de-la-promocion-2016-20-del-grado-en-fisioterapia-udg-ub\/22017-057-2\/'><img loading=\"lazy\" decoding=\"async\" width=\"300\" height=\"200\" src=\"https:\/\/barcelona.euses.cat\/wp-content\/uploads\/2021\/12\/22017-057-300x200.jpg\" class=\"attachment-medium size-medium\" alt=\"\" srcset=\"https:\/\/barcelona.euses.cat\/wp-content\/uploads\/2021\/12\/22017-057-300x200.jpg 300w, https:\/\/barcelona.euses.cat\/wp-content\/uploads\/2021\/12\/22017-057-1024x683.jpg 1024w, https:\/\/barcelona.euses.cat\/wp-content\/uploads\/2021\/12\/22017-057-768x512.jpg 768w, https:\/\/barcelona.euses.cat\/wp-content\/uploads\/2021\/12\/22017-057-1536x1024.jpg 1536w, https:\/\/barcelona.euses.cat\/wp-content\/uploads\/2021\/12\/22017-057-2048x1365.jpg 2048w, https:\/\/barcelona.euses.cat\/wp-content\/uploads\/2021\/12\/22017-057-400x267.jpg 400w\" sizes=\"(max-width: 300px) 100vw, 300px\" \/><\/a>\n\t\t\t<\/dt><\/dl><br style=\"clear: both\" \/><dl class='gallery-item'>\n\t\t\t<dt class='gallery-icon landscape'>\n\t\t\t\t<a href='https:\/\/barcelona.euses.cat\/es\/celebrado-el-acto-de-graduacion-de-la-promocion-2016-20-del-grado-en-fisioterapia-udg-ub\/22017-060-2\/'><img loading=\"lazy\" decoding=\"async\" width=\"300\" height=\"200\" src=\"https:\/\/barcelona.euses.cat\/wp-content\/uploads\/2021\/12\/22017-060-300x200.jpg\" class=\"attachment-medium size-medium\" alt=\"\" srcset=\"https:\/\/barcelona.euses.cat\/wp-content\/uploads\/2021\/12\/22017-060-300x200.jpg 300w, https:\/\/barcelona.euses.cat\/wp-content\/uploads\/2021\/12\/22017-060-1024x683.jpg 1024w, https:\/\/barcelona.euses.cat\/wp-content\/uploads\/2021\/12\/22017-060-768x512.jpg 768w, https:\/\/barcelona.euses.cat\/wp-content\/uploads\/2021\/12\/22017-060-1536x1024.jpg 1536w, https:\/\/barcelona.euses.cat\/wp-content\/uploads\/2021\/12\/22017-060-2048x1365.jpg 2048w, https:\/\/barcelona.euses.cat\/wp-content\/uploads\/2021\/12\/22017-060-400x267.jpg 400w\" sizes=\"(max-width: 300px) 100vw, 300px\" \/><\/a>\n\t\t\t<\/dt><\/dl><dl class='gallery-item'>\n\t\t\t<dt class='gallery-icon landscape'>\n\t\t\t\t<a href='https:\/\/barcelona.euses.cat\/es\/celebrado-el-acto-de-graduacion-de-la-promocion-2016-20-del-grado-en-fisioterapia-udg-ub\/22017-061-2\/'><img loading=\"lazy\" decoding=\"async\" width=\"300\" height=\"200\" src=\"https:\/\/barcelona.euses.cat\/wp-content\/uploads\/2021\/12\/22017-061-300x200.jpg\" class=\"attachment-medium size-medium\" alt=\"\" srcset=\"https:\/\/barcelona.euses.cat\/wp-content\/uploads\/2021\/12\/22017-061-300x200.jpg 300w, https:\/\/barcelona.euses.cat\/wp-content\/uploads\/2021\/12\/22017-061-1024x683.jpg 1024w, https:\/\/barcelona.euses.cat\/wp-content\/uploads\/2021\/12\/22017-061-768x512.jpg 768w, https:\/\/barcelona.euses.cat\/wp-content\/uploads\/2021\/12\/22017-061-1536x1024.jpg 1536w, https:\/\/barcelona.euses.cat\/wp-content\/uploads\/2021\/12\/22017-061-2048x1365.jpg 2048w, https:\/\/barcelona.euses.cat\/wp-content\/uploads\/2021\/12\/22017-061-400x267.jpg 400w\" sizes=\"(max-width: 300px) 100vw, 300px\" \/><\/a>\n\t\t\t<\/dt><\/dl><dl class='gallery-item'>\n\t\t\t<dt class='gallery-icon landscape'>\n\t\t\t\t<a href='https:\/\/barcelona.euses.cat\/es\/celebrado-el-acto-de-graduacion-de-la-promocion-2016-20-del-grado-en-fisioterapia-udg-ub\/22017-062-2\/'><img loading=\"lazy\" decoding=\"async\" width=\"300\" height=\"200\" src=\"https:\/\/barcelona.euses.cat\/wp-content\/uploads\/2021\/12\/22017-062-300x200.jpg\" class=\"attachment-medium size-medium\" alt=\"\" srcset=\"https:\/\/barcelona.euses.cat\/wp-content\/uploads\/2021\/12\/22017-062-300x200.jpg 300w, https:\/\/barcelona.euses.cat\/wp-content\/uploads\/2021\/12\/22017-062-1024x683.jpg 1024w, https:\/\/barcelona.euses.cat\/wp-content\/uploads\/2021\/12\/22017-062-768x512.jpg 768w, https:\/\/barcelona.euses.cat\/wp-content\/uploads\/2021\/12\/22017-062-1536x1024.jpg 1536w, https:\/\/barcelona.euses.cat\/wp-content\/uploads\/2021\/12\/22017-062-2048x1365.jpg 2048w, https:\/\/barcelona.euses.cat\/wp-content\/uploads\/2021\/12\/22017-062-400x267.jpg 400w\" sizes=\"(max-width: 300px) 100vw, 300px\" \/><\/a>\n\t\t\t<\/dt><\/dl><br style=\"clear: both\" \/><dl class='gallery-item'>\n\t\t\t<dt class='gallery-icon landscape'>\n\t\t\t\t<a href='https:\/\/barcelona.euses.cat\/es\/celebrado-el-acto-de-graduacion-de-la-promocion-2016-20-del-grado-en-fisioterapia-udg-ub\/22017-064-2\/'><img loading=\"lazy\" decoding=\"async\" width=\"300\" height=\"200\" src=\"https:\/\/barcelona.euses.cat\/wp-content\/uploads\/2021\/12\/22017-064-300x200.jpg\" class=\"attachment-medium size-medium\" alt=\"\" srcset=\"https:\/\/barcelona.euses.cat\/wp-content\/uploads\/2021\/12\/22017-064-300x200.jpg 300w, https:\/\/barcelona.euses.cat\/wp-content\/uploads\/2021\/12\/22017-064-1024x683.jpg 1024w, https:\/\/barcelona.euses.cat\/wp-content\/uploads\/2021\/12\/22017-064-768x512.jpg 768w, https:\/\/barcelona.euses.cat\/wp-content\/uploads\/2021\/12\/22017-064-1536x1024.jpg 1536w, https:\/\/barcelona.euses.cat\/wp-content\/uploads\/2021\/12\/22017-064-2048x1365.jpg 2048w, https:\/\/barcelona.euses.cat\/wp-content\/uploads\/2021\/12\/22017-064-400x267.jpg 400w\" sizes=\"(max-width: 300px) 100vw, 300px\" \/><\/a>\n\t\t\t<\/dt><\/dl><dl class='gallery-item'>\n\t\t\t<dt class='gallery-icon landscape'>\n\t\t\t\t<a href='https:\/\/barcelona.euses.cat\/es\/celebrado-el-acto-de-graduacion-de-la-promocion-2016-20-del-grado-en-fisioterapia-udg-ub\/22017-065-2\/'><img loading=\"lazy\" decoding=\"async\" width=\"300\" height=\"200\" src=\"https:\/\/barcelona.euses.cat\/wp-content\/uploads\/2021\/12\/22017-065-300x200.jpg\" class=\"attachment-medium size-medium\" alt=\"\" srcset=\"https:\/\/barcelona.euses.cat\/wp-content\/uploads\/2021\/12\/22017-065-300x200.jpg 300w, https:\/\/barcelona.euses.cat\/wp-content\/uploads\/2021\/12\/22017-065-1024x683.jpg 1024w, https:\/\/barcelona.euses.cat\/wp-content\/uploads\/2021\/12\/22017-065-768x512.jpg 768w, https:\/\/barcelona.euses.cat\/wp-content\/uploads\/2021\/12\/22017-065-1536x1024.jpg 1536w, https:\/\/barcelona.euses.cat\/wp-content\/uploads\/2021\/12\/22017-065-2048x1365.jpg 2048w, https:\/\/barcelona.euses.cat\/wp-content\/uploads\/2021\/12\/22017-065-400x267.jpg 400w\" sizes=\"(max-width: 300px) 100vw, 300px\" \/><\/a>\n\t\t\t<\/dt><\/dl><dl class='gallery-item'>\n\t\t\t<dt class='gallery-icon landscape'>\n\t\t\t\t<a href='https:\/\/barcelona.euses.cat\/es\/celebrado-el-acto-de-graduacion-de-la-promocion-2016-20-del-grado-en-fisioterapia-udg-ub\/22017-066-2\/'><img loading=\"lazy\" decoding=\"async\" width=\"300\" height=\"200\" src=\"https:\/\/barcelona.euses.cat\/wp-content\/uploads\/2021\/12\/22017-066-300x200.jpg\" class=\"attachment-medium size-medium\" alt=\"\" srcset=\"https:\/\/barcelona.euses.cat\/wp-content\/uploads\/2021\/12\/22017-066-300x200.jpg 300w, https:\/\/barcelona.euses.cat\/wp-content\/uploads\/2021\/12\/22017-066-1024x683.jpg 1024w, https:\/\/barcelona.euses.cat\/wp-content\/uploads\/2021\/12\/22017-066-768x512.jpg 768w, https:\/\/barcelona.euses.cat\/wp-content\/uploads\/2021\/12\/22017-066-1536x1024.jpg 1536w, https:\/\/barcelona.euses.cat\/wp-content\/uploads\/2021\/12\/22017-066-2048x1365.jpg 2048w, https:\/\/barcelona.euses.cat\/wp-content\/uploads\/2021\/12\/22017-066-400x267.jpg 400w\" sizes=\"(max-width: 300px) 100vw, 300px\" \/><\/a>\n\t\t\t<\/dt><\/dl><br style=\"clear: both\" \/><dl class='gallery-item'>\n\t\t\t<dt class='gallery-icon landscape'>\n\t\t\t\t<a href='https:\/\/barcelona.euses.cat\/es\/celebrado-el-acto-de-graduacion-de-la-promocion-2016-20-del-grado-en-fisioterapia-udg-ub\/22017-068-2\/'><img loading=\"lazy\" decoding=\"async\" width=\"300\" height=\"200\" src=\"https:\/\/barcelona.euses.cat\/wp-content\/uploads\/2021\/12\/22017-068-300x200.jpg\" class=\"attachment-medium size-medium\" alt=\"\" srcset=\"https:\/\/barcelona.euses.cat\/wp-content\/uploads\/2021\/12\/22017-068-300x200.jpg 300w, https:\/\/barcelona.euses.cat\/wp-content\/uploads\/2021\/12\/22017-068-1024x683.jpg 1024w, https:\/\/barcelona.euses.cat\/wp-content\/uploads\/2021\/12\/22017-068-768x512.jpg 768w, https:\/\/barcelona.euses.cat\/wp-content\/uploads\/2021\/12\/22017-068-1536x1024.jpg 1536w, https:\/\/barcelona.euses.cat\/wp-content\/uploads\/2021\/12\/22017-068-2048x1365.jpg 2048w, https:\/\/barcelona.euses.cat\/wp-content\/uploads\/2021\/12\/22017-068-400x267.jpg 400w\" sizes=\"(max-width: 300px) 100vw, 300px\" \/><\/a>\n\t\t\t<\/dt><\/dl><dl class='gallery-item'>\n\t\t\t<dt class='gallery-icon landscape'>\n\t\t\t\t<a href='https:\/\/barcelona.euses.cat\/es\/celebrado-el-acto-de-graduacion-de-la-promocion-2016-20-del-grado-en-fisioterapia-udg-ub\/22017-069-2\/'><img loading=\"lazy\" decoding=\"async\" width=\"300\" height=\"200\" src=\"https:\/\/barcelona.euses.cat\/wp-content\/uploads\/2021\/12\/22017-069-300x200.jpg\" class=\"attachment-medium size-medium\" alt=\"\" srcset=\"https:\/\/barcelona.euses.cat\/wp-content\/uploads\/2021\/12\/22017-069-300x200.jpg 300w, https:\/\/barcelona.euses.cat\/wp-content\/uploads\/2021\/12\/22017-069-1024x683.jpg 1024w, https:\/\/barcelona.euses.cat\/wp-content\/uploads\/2021\/12\/22017-069-768x512.jpg 768w, https:\/\/barcelona.euses.cat\/wp-content\/uploads\/2021\/12\/22017-069-1536x1024.jpg 1536w, https:\/\/barcelona.euses.cat\/wp-content\/uploads\/2021\/12\/22017-069-2048x1365.jpg 2048w, https:\/\/barcelona.euses.cat\/wp-content\/uploads\/2021\/12\/22017-069-400x267.jpg 400w\" sizes=\"(max-width: 300px) 100vw, 300px\" \/><\/a>\n\t\t\t<\/dt><\/dl><dl class='gallery-item'>\n\t\t\t<dt class='gallery-icon landscape'>\n\t\t\t\t<a href='https:\/\/barcelona.euses.cat\/es\/celebrado-el-acto-de-graduacion-de-la-promocion-2016-20-del-grado-en-fisioterapia-udg-ub\/22017-070-2\/'><img loading=\"lazy\" decoding=\"async\" width=\"300\" height=\"200\" src=\"https:\/\/barcelona.euses.cat\/wp-content\/uploads\/2021\/12\/22017-070-300x200.jpg\" class=\"attachment-medium size-medium\" alt=\"\" srcset=\"https:\/\/barcelona.euses.cat\/wp-content\/uploads\/2021\/12\/22017-070-300x200.jpg 300w, https:\/\/barcelona.euses.cat\/wp-content\/uploads\/2021\/12\/22017-070-1024x683.jpg 1024w, https:\/\/barcelona.euses.cat\/wp-content\/uploads\/2021\/12\/22017-070-768x512.jpg 768w, https:\/\/barcelona.euses.cat\/wp-content\/uploads\/2021\/12\/22017-070-1536x1024.jpg 1536w, https:\/\/barcelona.euses.cat\/wp-content\/uploads\/2021\/12\/22017-070-2048x1365.jpg 2048w, https:\/\/barcelona.euses.cat\/wp-content\/uploads\/2021\/12\/22017-070-400x267.jpg 400w\" sizes=\"(max-width: 300px) 100vw, 300px\" \/><\/a>\n\t\t\t<\/dt><\/dl><br style=\"clear: both\" \/><dl class='gallery-item'>\n\t\t\t<dt class='gallery-icon landscape'>\n\t\t\t\t<a href='https:\/\/barcelona.euses.cat\/es\/celebrado-el-acto-de-graduacion-de-la-promocion-2016-20-del-grado-en-fisioterapia-udg-ub\/22017-071-2\/'><img loading=\"lazy\" decoding=\"async\" width=\"300\" height=\"200\" src=\"https:\/\/barcelona.euses.cat\/wp-content\/uploads\/2021\/12\/22017-071-300x200.jpg\" class=\"attachment-medium size-medium\" alt=\"\" srcset=\"https:\/\/barcelona.euses.cat\/wp-content\/uploads\/2021\/12\/22017-071-300x200.jpg 300w, https:\/\/barcelona.euses.cat\/wp-content\/uploads\/2021\/12\/22017-071-1024x683.jpg 1024w, https:\/\/barcelona.euses.cat\/wp-content\/uploads\/2021\/12\/22017-071-768x512.jpg 768w, https:\/\/barcelona.euses.cat\/wp-content\/uploads\/2021\/12\/22017-071-1536x1024.jpg 1536w, https:\/\/barcelona.euses.cat\/wp-content\/uploads\/2021\/12\/22017-071-2048x1365.jpg 2048w, https:\/\/barcelona.euses.cat\/wp-content\/uploads\/2021\/12\/22017-071-400x267.jpg 400w\" sizes=\"(max-width: 300px) 100vw, 300px\" \/><\/a>\n\t\t\t<\/dt><\/dl><dl class='gallery-item'>\n\t\t\t<dt class='gallery-icon landscape'>\n\t\t\t\t<a href='https:\/\/barcelona.euses.cat\/es\/celebrado-el-acto-de-graduacion-de-la-promocion-2016-20-del-grado-en-fisioterapia-udg-ub\/22017-072-2\/'><img loading=\"lazy\" decoding=\"async\" width=\"300\" height=\"200\" src=\"https:\/\/barcelona.euses.cat\/wp-content\/uploads\/2021\/12\/22017-072-300x200.jpg\" class=\"attachment-medium size-medium\" alt=\"\" srcset=\"https:\/\/barcelona.euses.cat\/wp-content\/uploads\/2021\/12\/22017-072-300x200.jpg 300w, https:\/\/barcelona.euses.cat\/wp-content\/uploads\/2021\/12\/22017-072-1024x683.jpg 1024w, https:\/\/barcelona.euses.cat\/wp-content\/uploads\/2021\/12\/22017-072-768x512.jpg 768w, https:\/\/barcelona.euses.cat\/wp-content\/uploads\/2021\/12\/22017-072-1536x1024.jpg 1536w, https:\/\/barcelona.euses.cat\/wp-content\/uploads\/2021\/12\/22017-072-2048x1365.jpg 2048w, https:\/\/barcelona.euses.cat\/wp-content\/uploads\/2021\/12\/22017-072-400x267.jpg 400w\" sizes=\"(max-width: 300px) 100vw, 300px\" \/><\/a>\n\t\t\t<\/dt><\/dl><dl class='gallery-item'>\n\t\t\t<dt class='gallery-icon landscape'>\n\t\t\t\t<a href='https:\/\/barcelona.euses.cat\/es\/celebrado-el-acto-de-graduacion-de-la-promocion-2016-20-del-grado-en-fisioterapia-udg-ub\/22017-073-2\/'><img loading=\"lazy\" decoding=\"async\" width=\"300\" height=\"200\" src=\"https:\/\/barcelona.euses.cat\/wp-content\/uploads\/2021\/12\/22017-073-300x200.jpg\" class=\"attachment-medium size-medium\" alt=\"\" srcset=\"https:\/\/barcelona.euses.cat\/wp-content\/uploads\/2021\/12\/22017-073-300x200.jpg 300w, https:\/\/barcelona.euses.cat\/wp-content\/uploads\/2021\/12\/22017-073-1024x683.jpg 1024w, https:\/\/barcelona.euses.cat\/wp-content\/uploads\/2021\/12\/22017-073-768x512.jpg 768w, https:\/\/barcelona.euses.cat\/wp-content\/uploads\/2021\/12\/22017-073-1536x1024.jpg 1536w, https:\/\/barcelona.euses.cat\/wp-content\/uploads\/2021\/12\/22017-073-2048x1365.jpg 2048w, https:\/\/barcelona.euses.cat\/wp-content\/uploads\/2021\/12\/22017-073-400x267.jpg 400w\" sizes=\"(max-width: 300px) 100vw, 300px\" \/><\/a>\n\t\t\t<\/dt><\/dl><br style=\"clear: both\" \/>\n\t\t<\/div>\n\n","protected":false},"excerpt":{"rendered":"<p>Este pasado viernes d\u00eda 17 de diciembre se celebr\u00f3 en el sal\u00f3n de actos del Campus de Salud de Bellvitge, el acto de Graduaci\u00f3n del Grado en Fisioterapia (t\u00edtulo de la Universitad de Girona y la Universitad de Barcelona) de la promoci\u00f3n 2016\/2020 que en su d\u00eda se tuvo que aplazar a ra\u00edz de las [&hellip;]<\/p>\n","protected":false},"author":3,"featured_media":10281,"comment_status":"open","ping_status":"closed","sticky":false,"template":"","format":"standard","meta":{"_acf_changed":false,"inline_featured_image":false,"_joinchat":[],"footnotes":""},"categories":[1],"tags":[],"class_list":["post-10499","post","type-post","status-publish","format-standard","has-post-thumbnail","hentry","category-sin-categorizar"],"acf":[],"yoast_head":"<!-- This site is optimized with the Yoast SEO plugin v27.4 - https:\/\/yoast.com\/product\/yoast-seo-wordpress\/ -->\n<title>Celebrado el acto de Graduaci\u00f3n de la promoci\u00f3n 2016\/20 del Grado en Fisioterapia (UdG-UB) | EUSES - Campus de Bellvitge (Barcelona)<\/title>\n<meta name=\"robots\" content=\"index, follow, max-snippet:-1, max-image-preview:large, max-video-preview:-1\" \/>\n<link rel=\"canonical\" href=\"https:\/\/barcelona.euses.cat\/es\/celebrado-el-acto-de-graduacion-de-la-promocion-2016-20-del-grado-en-fisioterapia-udg-ub\/\" \/>\n<meta property=\"og:locale\" content=\"es_ES\" \/>\n<meta property=\"og:type\" content=\"article\" \/>\n<meta property=\"og:title\" content=\"Celebrado el acto de Graduaci\u00f3n de la promoci\u00f3n 2016\/20 del Grado en Fisioterapia (UdG-UB) | EUSES - Campus de Bellvitge (Barcelona)\" \/>\n<meta property=\"og:description\" content=\"Este pasado viernes d\u00eda 17 de diciembre se celebr\u00f3 en el sal\u00f3n de actos del Campus de Salud de Bellvitge, el acto de Graduaci\u00f3n del Grado en Fisioterapia (t\u00edtulo de la Universitad de Girona y la Universitad de Barcelona) de la promoci\u00f3n 2016\/2020 que en su d\u00eda se tuvo que aplazar a ra\u00edz de las [&hellip;]\" \/>\n<meta property=\"og:url\" content=\"https:\/\/barcelona.euses.cat\/es\/celebrado-el-acto-de-graduacion-de-la-promocion-2016-20-del-grado-en-fisioterapia-udg-ub\/\" \/>\n<meta property=\"og:site_name\" content=\"EUSES - Campus de Bellvitge (Barcelona)\" \/>\n<meta property=\"article:publisher\" content=\"https:\/\/www.facebook.com\/PhysioBCN\/\" \/>\n<meta property=\"article:published_time\" content=\"2021-12-23T08:17:51+00:00\" \/>\n<meta property=\"og:image\" content=\"https:\/\/barcelona.euses.cat\/wp-content\/uploads\/2021\/12\/22017-074-1024x683.jpg\" \/>\n\t<meta property=\"og:image:width\" content=\"1024\" \/>\n\t<meta property=\"og:image:height\" content=\"683\" \/>\n\t<meta property=\"og:image:type\" content=\"image\/jpeg\" \/>\n<meta name=\"author\" content=\"Jordi Danes\" \/>\n<meta name=\"twitter:card\" content=\"summary_large_image\" \/>\n<meta name=\"twitter:label1\" content=\"Escrito por\" \/>\n\t<meta name=\"twitter:data1\" content=\"Jordi Danes\" \/>\n\t<meta name=\"twitter:label2\" content=\"Tiempo de lectura\" \/>\n\t<meta name=\"twitter:data2\" content=\"1 minuto\" \/>\n<script type=\"application\/ld+json\" class=\"yoast-schema-graph\">{\"@context\":\"https:\\\/\\\/schema.org\",\"@graph\":[{\"@type\":\"Article\",\"@id\":\"https:\\\/\\\/barcelona.euses.cat\\\/es\\\/celebrado-el-acto-de-graduacion-de-la-promocion-2016-20-del-grado-en-fisioterapia-udg-ub\\\/#article\",\"isPartOf\":{\"@id\":\"https:\\\/\\\/barcelona.euses.cat\\\/es\\\/celebrado-el-acto-de-graduacion-de-la-promocion-2016-20-del-grado-en-fisioterapia-udg-ub\\\/\"},\"author\":{\"name\":\"Jordi Danes\",\"@id\":\"https:\\\/\\\/barcelona.euses.cat\\\/ca\\\/#\\\/schema\\\/person\\\/8ab46080dfc4814fa59383db317735bd\"},\"headline\":\"Celebrado el acto de Graduaci\u00f3n de la promoci\u00f3n 2016\\\/20 del Grado en Fisioterapia (UdG-UB)\",\"datePublished\":\"2021-12-23T08:17:51+00:00\",\"mainEntityOfPage\":{\"@id\":\"https:\\\/\\\/barcelona.euses.cat\\\/es\\\/celebrado-el-acto-de-graduacion-de-la-promocion-2016-20-del-grado-en-fisioterapia-udg-ub\\\/\"},\"wordCount\":175,\"commentCount\":0,\"image\":{\"@id\":\"https:\\\/\\\/barcelona.euses.cat\\\/es\\\/celebrado-el-acto-de-graduacion-de-la-promocion-2016-20-del-grado-en-fisioterapia-udg-ub\\\/#primaryimage\"},\"thumbnailUrl\":\"https:\\\/\\\/barcelona.euses.cat\\\/wp-content\\\/uploads\\\/2021\\\/12\\\/22017-074.jpg\",\"articleSection\":[\"Sin categorizar\"],\"inLanguage\":\"es\"},{\"@type\":\"WebPage\",\"@id\":\"https:\\\/\\\/barcelona.euses.cat\\\/es\\\/celebrado-el-acto-de-graduacion-de-la-promocion-2016-20-del-grado-en-fisioterapia-udg-ub\\\/\",\"url\":\"https:\\\/\\\/barcelona.euses.cat\\\/es\\\/celebrado-el-acto-de-graduacion-de-la-promocion-2016-20-del-grado-en-fisioterapia-udg-ub\\\/\",\"name\":\"Celebrado el acto de Graduaci\u00f3n de la promoci\u00f3n 2016\\\/20 del Grado en Fisioterapia (UdG-UB) | EUSES - Campus de Bellvitge (Barcelona)\",\"isPartOf\":{\"@id\":\"https:\\\/\\\/barcelona.euses.cat\\\/ca\\\/#website\"},\"primaryImageOfPage\":{\"@id\":\"https:\\\/\\\/barcelona.euses.cat\\\/es\\\/celebrado-el-acto-de-graduacion-de-la-promocion-2016-20-del-grado-en-fisioterapia-udg-ub\\\/#primaryimage\"},\"image\":{\"@id\":\"https:\\\/\\\/barcelona.euses.cat\\\/es\\\/celebrado-el-acto-de-graduacion-de-la-promocion-2016-20-del-grado-en-fisioterapia-udg-ub\\\/#primaryimage\"},\"thumbnailUrl\":\"https:\\\/\\\/barcelona.euses.cat\\\/wp-content\\\/uploads\\\/2021\\\/12\\\/22017-074.jpg\",\"datePublished\":\"2021-12-23T08:17:51+00:00\",\"author\":{\"@id\":\"https:\\\/\\\/barcelona.euses.cat\\\/ca\\\/#\\\/schema\\\/person\\\/8ab46080dfc4814fa59383db317735bd\"},\"breadcrumb\":{\"@id\":\"https:\\\/\\\/barcelona.euses.cat\\\/es\\\/celebrado-el-acto-de-graduacion-de-la-promocion-2016-20-del-grado-en-fisioterapia-udg-ub\\\/#breadcrumb\"},\"inLanguage\":\"es\",\"potentialAction\":[{\"@type\":\"ReadAction\",\"target\":[\"https:\\\/\\\/barcelona.euses.cat\\\/es\\\/celebrado-el-acto-de-graduacion-de-la-promocion-2016-20-del-grado-en-fisioterapia-udg-ub\\\/\"]}]},{\"@type\":\"ImageObject\",\"inLanguage\":\"es\",\"@id\":\"https:\\\/\\\/barcelona.euses.cat\\\/es\\\/celebrado-el-acto-de-graduacion-de-la-promocion-2016-20-del-grado-en-fisioterapia-udg-ub\\\/#primaryimage\",\"url\":\"https:\\\/\\\/barcelona.euses.cat\\\/wp-content\\\/uploads\\\/2021\\\/12\\\/22017-074.jpg\",\"contentUrl\":\"https:\\\/\\\/barcelona.euses.cat\\\/wp-content\\\/uploads\\\/2021\\\/12\\\/22017-074.jpg\",\"width\":2304,\"height\":1536},{\"@type\":\"BreadcrumbList\",\"@id\":\"https:\\\/\\\/barcelona.euses.cat\\\/es\\\/celebrado-el-acto-de-graduacion-de-la-promocion-2016-20-del-grado-en-fisioterapia-udg-ub\\\/#breadcrumb\",\"itemListElement\":[{\"@type\":\"ListItem\",\"position\":1,\"name\":\"Portada\",\"item\":\"https:\\\/\\\/barcelona.euses.cat\\\/es\\\/\"},{\"@type\":\"ListItem\",\"position\":2,\"name\":\"Celebrado el acto de Graduaci\u00f3n de la promoci\u00f3n 2016\\\/20 del Grado en Fisioterapia (UdG-UB)\"}]},{\"@type\":\"WebSite\",\"@id\":\"https:\\\/\\\/barcelona.euses.cat\\\/ca\\\/#website\",\"url\":\"https:\\\/\\\/barcelona.euses.cat\\\/ca\\\/\",\"name\":\"EUSES - Campus de Bellvitge (Barcelona)\",\"description\":\"EUSES, Escuela Universitaria de Fisioterapia Internacional en Barcelona\",\"potentialAction\":[{\"@type\":\"SearchAction\",\"target\":{\"@type\":\"EntryPoint\",\"urlTemplate\":\"https:\\\/\\\/barcelona.euses.cat\\\/ca\\\/?s={search_term_string}\"},\"query-input\":{\"@type\":\"PropertyValueSpecification\",\"valueRequired\":true,\"valueName\":\"search_term_string\"}}],\"inLanguage\":\"es\"},{\"@type\":\"Person\",\"@id\":\"https:\\\/\\\/barcelona.euses.cat\\\/ca\\\/#\\\/schema\\\/person\\\/8ab46080dfc4814fa59383db317735bd\",\"name\":\"Jordi Danes\",\"image\":{\"@type\":\"ImageObject\",\"inLanguage\":\"es\",\"@id\":\"https:\\\/\\\/secure.gravatar.com\\\/avatar\\\/a9e4f443b594af225625ee8cfa665e41b1e0740ea34fbe0515b4ca559f8570ef?s=96&d=mm&r=g\",\"url\":\"https:\\\/\\\/secure.gravatar.com\\\/avatar\\\/a9e4f443b594af225625ee8cfa665e41b1e0740ea34fbe0515b4ca559f8570ef?s=96&d=mm&r=g\",\"contentUrl\":\"https:\\\/\\\/secure.gravatar.com\\\/avatar\\\/a9e4f443b594af225625ee8cfa665e41b1e0740ea34fbe0515b4ca559f8570ef?s=96&d=mm&r=g\",\"caption\":\"Jordi Danes\"},\"url\":\"https:\\\/\\\/barcelona.euses.cat\\\/es\\\/author\\\/jordi-danes\\\/\"}]}<\/script>\n<!-- \/ Yoast SEO plugin. -->","yoast_head_json":{"title":"Celebrado el acto de Graduaci\u00f3n de la promoci\u00f3n 2016\/20 del Grado en Fisioterapia (UdG-UB) | EUSES - Campus de Bellvitge (Barcelona)","robots":{"index":"index","follow":"follow","max-snippet":"max-snippet:-1","max-image-preview":"max-image-preview:large","max-video-preview":"max-video-preview:-1"},"canonical":"https:\/\/barcelona.euses.cat\/es\/celebrado-el-acto-de-graduacion-de-la-promocion-2016-20-del-grado-en-fisioterapia-udg-ub\/","og_locale":"es_ES","og_type":"article","og_title":"Celebrado el acto de Graduaci\u00f3n de la promoci\u00f3n 2016\/20 del Grado en Fisioterapia (UdG-UB) | EUSES - Campus de Bellvitge (Barcelona)","og_description":"Este pasado viernes d\u00eda 17 de diciembre se celebr\u00f3 en el sal\u00f3n de actos del Campus de Salud de Bellvitge, el acto de Graduaci\u00f3n del Grado en Fisioterapia (t\u00edtulo de la Universitad de Girona y la Universitad de Barcelona) de la promoci\u00f3n 2016\/2020 que en su d\u00eda se tuvo que aplazar a ra\u00edz de las [&hellip;]","og_url":"https:\/\/barcelona.euses.cat\/es\/celebrado-el-acto-de-graduacion-de-la-promocion-2016-20-del-grado-en-fisioterapia-udg-ub\/","og_site_name":"EUSES - Campus de Bellvitge (Barcelona)","article_publisher":"https:\/\/www.facebook.com\/PhysioBCN\/","article_published_time":"2021-12-23T08:17:51+00:00","og_image":[{"width":1024,"height":683,"url":"https:\/\/barcelona.euses.cat\/wp-content\/uploads\/2021\/12\/22017-074-1024x683.jpg","type":"image\/jpeg"}],"author":"Jordi Danes","twitter_card":"summary_large_image","twitter_misc":{"Escrito por":"Jordi Danes","Tiempo de lectura":"1 minuto"},"schema":{"@context":"https:\/\/schema.org","@graph":[{"@type":"Article","@id":"https:\/\/barcelona.euses.cat\/es\/celebrado-el-acto-de-graduacion-de-la-promocion-2016-20-del-grado-en-fisioterapia-udg-ub\/#article","isPartOf":{"@id":"https:\/\/barcelona.euses.cat\/es\/celebrado-el-acto-de-graduacion-de-la-promocion-2016-20-del-grado-en-fisioterapia-udg-ub\/"},"author":{"name":"Jordi Danes","@id":"https:\/\/barcelona.euses.cat\/ca\/#\/schema\/person\/8ab46080dfc4814fa59383db317735bd"},"headline":"Celebrado el acto de Graduaci\u00f3n de la promoci\u00f3n 2016\/20 del Grado en Fisioterapia (UdG-UB)","datePublished":"2021-12-23T08:17:51+00:00","mainEntityOfPage":{"@id":"https:\/\/barcelona.euses.cat\/es\/celebrado-el-acto-de-graduacion-de-la-promocion-2016-20-del-grado-en-fisioterapia-udg-ub\/"},"wordCount":175,"commentCount":0,"image":{"@id":"https:\/\/barcelona.euses.cat\/es\/celebrado-el-acto-de-graduacion-de-la-promocion-2016-20-del-grado-en-fisioterapia-udg-ub\/#primaryimage"},"thumbnailUrl":"https:\/\/barcelona.euses.cat\/wp-content\/uploads\/2021\/12\/22017-074.jpg","articleSection":["Sin categorizar"],"inLanguage":"es"},{"@type":"WebPage","@id":"https:\/\/barcelona.euses.cat\/es\/celebrado-el-acto-de-graduacion-de-la-promocion-2016-20-del-grado-en-fisioterapia-udg-ub\/","url":"https:\/\/barcelona.euses.cat\/es\/celebrado-el-acto-de-graduacion-de-la-promocion-2016-20-del-grado-en-fisioterapia-udg-ub\/","name":"Celebrado el acto de Graduaci\u00f3n de la promoci\u00f3n 2016\/20 del Grado en Fisioterapia (UdG-UB) | EUSES - Campus de Bellvitge (Barcelona)","isPartOf":{"@id":"https:\/\/barcelona.euses.cat\/ca\/#website"},"primaryImageOfPage":{"@id":"https:\/\/barcelona.euses.cat\/es\/celebrado-el-acto-de-graduacion-de-la-promocion-2016-20-del-grado-en-fisioterapia-udg-ub\/#primaryimage"},"image":{"@id":"https:\/\/barcelona.euses.cat\/es\/celebrado-el-acto-de-graduacion-de-la-promocion-2016-20-del-grado-en-fisioterapia-udg-ub\/#primaryimage"},"thumbnailUrl":"https:\/\/barcelona.euses.cat\/wp-content\/uploads\/2021\/12\/22017-074.jpg","datePublished":"2021-12-23T08:17:51+00:00","author":{"@id":"https:\/\/barcelona.euses.cat\/ca\/#\/schema\/person\/8ab46080dfc4814fa59383db317735bd"},"breadcrumb":{"@id":"https:\/\/barcelona.euses.cat\/es\/celebrado-el-acto-de-graduacion-de-la-promocion-2016-20-del-grado-en-fisioterapia-udg-ub\/#breadcrumb"},"inLanguage":"es","potentialAction":[{"@type":"ReadAction","target":["https:\/\/barcelona.euses.cat\/es\/celebrado-el-acto-de-graduacion-de-la-promocion-2016-20-del-grado-en-fisioterapia-udg-ub\/"]}]},{"@type":"ImageObject","inLanguage":"es","@id":"https:\/\/barcelona.euses.cat\/es\/celebrado-el-acto-de-graduacion-de-la-promocion-2016-20-del-grado-en-fisioterapia-udg-ub\/#primaryimage","url":"https:\/\/barcelona.euses.cat\/wp-content\/uploads\/2021\/12\/22017-074.jpg","contentUrl":"https:\/\/barcelona.euses.cat\/wp-content\/uploads\/2021\/12\/22017-074.jpg","width":2304,"height":1536},{"@type":"BreadcrumbList","@id":"https:\/\/barcelona.euses.cat\/es\/celebrado-el-acto-de-graduacion-de-la-promocion-2016-20-del-grado-en-fisioterapia-udg-ub\/#breadcrumb","itemListElement":[{"@type":"ListItem","position":1,"name":"Portada","item":"https:\/\/barcelona.euses.cat\/es\/"},{"@type":"ListItem","position":2,"name":"Celebrado el acto de Graduaci\u00f3n de la promoci\u00f3n 2016\/20 del Grado en Fisioterapia (UdG-UB)"}]},{"@type":"WebSite","@id":"https:\/\/barcelona.euses.cat\/ca\/#website","url":"https:\/\/barcelona.euses.cat\/ca\/","name":"EUSES - Campus de Bellvitge (Barcelona)","description":"EUSES, Escuela Universitaria de Fisioterapia Internacional en Barcelona","potentialAction":[{"@type":"SearchAction","target":{"@type":"EntryPoint","urlTemplate":"https:\/\/barcelona.euses.cat\/ca\/?s={search_term_string}"},"query-input":{"@type":"PropertyValueSpecification","valueRequired":true,"valueName":"search_term_string"}}],"inLanguage":"es"},{"@type":"Person","@id":"https:\/\/barcelona.euses.cat\/ca\/#\/schema\/person\/8ab46080dfc4814fa59383db317735bd","name":"Jordi Danes","image":{"@type":"ImageObject","inLanguage":"es","@id":"https:\/\/secure.gravatar.com\/avatar\/a9e4f443b594af225625ee8cfa665e41b1e0740ea34fbe0515b4ca559f8570ef?s=96&d=mm&r=g","url":"https:\/\/secure.gravatar.com\/avatar\/a9e4f443b594af225625ee8cfa665e41b1e0740ea34fbe0515b4ca559f8570ef?s=96&d=mm&r=g","contentUrl":"https:\/\/secure.gravatar.com\/avatar\/a9e4f443b594af225625ee8cfa665e41b1e0740ea34fbe0515b4ca559f8570ef?s=96&d=mm&r=g","caption":"Jordi Danes"},"url":"https:\/\/barcelona.euses.cat\/es\/author\/jordi-danes\/"}]}},"_links":{"self":[{"href":"https:\/\/barcelona.euses.cat\/es\/wp-json\/wp\/v2\/posts\/10499","targetHints":{"allow":["GET"]}}],"collection":[{"href":"https:\/\/barcelona.euses.cat\/es\/wp-json\/wp\/v2\/posts"}],"about":[{"href":"https:\/\/barcelona.euses.cat\/es\/wp-json\/wp\/v2\/types\/post"}],"author":[{"embeddable":true,"href":"https:\/\/barcelona.euses.cat\/es\/wp-json\/wp\/v2\/users\/3"}],"replies":[{"embeddable":true,"href":"https:\/\/barcelona.euses.cat\/es\/wp-json\/wp\/v2\/comments?post=10499"}],"version-history":[{"count":1,"href":"https:\/\/barcelona.euses.cat\/es\/wp-json\/wp\/v2\/posts\/10499\/revisions"}],"predecessor-version":[{"id":10500,"href":"https:\/\/barcelona.euses.cat\/es\/wp-json\/wp\/v2\/posts\/10499\/revisions\/10500"}],"wp:featuredmedia":[{"embeddable":true,"href":"https:\/\/barcelona.euses.cat\/es\/wp-json\/wp\/v2\/media\/10281"}],"wp:attachment":[{"href":"https:\/\/barcelona.euses.cat\/es\/wp-json\/wp\/v2\/media?parent=10499"}],"wp:term":[{"taxonomy":"category","embeddable":true,"href":"https:\/\/barcelona.euses.cat\/es\/wp-json\/wp\/v2\/categories?post=10499"},{"taxonomy":"post_tag","embeddable":true,"href":"https:\/\/barcelona.euses.cat\/es\/wp-json\/wp\/v2\/tags?post=10499"}],"curies":[{"name":"wp","href":"https:\/\/api.w.org\/{rel}","templated":true}]}}