{"id":10115,"date":"2021-09-13T08:49:33","date_gmt":"2021-09-13T06:49:33","guid":{"rendered":"https:\/\/barcelona.euses.cat\/?p=10115"},"modified":"2021-09-13T08:49:33","modified_gmt":"2021-09-13T06:49:33","slug":"arranca-en-el-campus-de-bellvitge-el-curso-academico-2021-22-de-physiotherapy","status":"publish","type":"post","link":"https:\/\/barcelona.euses.cat\/es\/arranca-en-el-campus-de-bellvitge-el-curso-academico-2021-22-de-physiotherapy\/","title":{"rendered":"Arranca en el Campus de Bellvitge el curso acad\u00e9mico 2021\/22 de Physiotherapy"},"content":{"rendered":"<p>El Campus de Bellvitge ha dado esta ma\u00f1ana el pistoletazo de salida al curso acad\u00e9mico 2021\/22 para los estudiantes de 1\u00ba, 2\u00ba, 3\u00ba y 4\u00ba curso del Grado Internacional en Fisioterapia. Cuando se acabe el curso el pr\u00f3ximo mes de junio, saldr\u00e1 la cuarta promoci\u00f3n de graduados en Physiotherapy de este campus. Desde EUSES queremos dar la bienvenida a todos los estudiantes, especialmente a los que se han incorporado a la familia durante este curso y desearles a todos un a\u00f1o muy bueno y provechoso.<\/p>\n<p>&nbsp;<\/p>\n","protected":false},"excerpt":{"rendered":"<p>El Campus de Bellvitge ha dado esta ma\u00f1ana el pistoletazo de salida al curso acad\u00e9mico 2021\/22 para los estudiantes de 1\u00ba, 2\u00ba, 3\u00ba y 4\u00ba curso del Grado Internacional en Fisioterapia. Cuando se acabe el curso el pr\u00f3ximo mes de junio, saldr\u00e1 la cuarta promoci\u00f3n de graduados en Physiotherapy de este campus. Desde EUSES queremos [&hellip;]<\/p>\n","protected":false},"author":3,"featured_media":10110,"comment_status":"open","ping_status":"closed","sticky":false,"template":"","format":"standard","meta":{"_acf_changed":false,"inline_featured_image":false,"_joinchat":[],"footnotes":""},"categories":[1],"tags":[],"class_list":["post-10115","post","type-post","status-publish","format-standard","has-post-thumbnail","hentry","category-sin-categorizar"],"acf":[],"yoast_head":"<!-- This site is optimized with the Yoast SEO plugin v27.4 - https:\/\/yoast.com\/product\/yoast-seo-wordpress\/ -->\n<title>Arranca en el Campus de Bellvitge el curso acad\u00e9mico 2021\/22 de Physiotherapy | EUSES - Campus de Bellvitge (Barcelona)<\/title>\n<meta name=\"robots\" content=\"index, follow, max-snippet:-1, max-image-preview:large, max-video-preview:-1\" \/>\n<link rel=\"canonical\" href=\"https:\/\/barcelona.euses.cat\/es\/arranca-en-el-campus-de-bellvitge-el-curso-academico-2021-22-de-physiotherapy\/\" \/>\n<meta property=\"og:locale\" content=\"es_ES\" \/>\n<meta property=\"og:type\" content=\"article\" \/>\n<meta property=\"og:title\" content=\"Arranca en el Campus de Bellvitge el curso acad\u00e9mico 2021\/22 de Physiotherapy | EUSES - Campus de Bellvitge (Barcelona)\" \/>\n<meta property=\"og:description\" content=\"El Campus de Bellvitge ha dado esta ma\u00f1ana el pistoletazo de salida al curso acad\u00e9mico 2021\/22 para los estudiantes de 1\u00ba, 2\u00ba, 3\u00ba y 4\u00ba curso del Grado Internacional en Fisioterapia. Cuando se acabe el curso el pr\u00f3ximo mes de junio, saldr\u00e1 la cuarta promoci\u00f3n de graduados en Physiotherapy de este campus. Desde EUSES queremos [&hellip;]\" \/>\n<meta property=\"og:url\" content=\"https:\/\/barcelona.euses.cat\/es\/arranca-en-el-campus-de-bellvitge-el-curso-academico-2021-22-de-physiotherapy\/\" \/>\n<meta property=\"og:site_name\" content=\"EUSES - Campus de Bellvitge (Barcelona)\" \/>\n<meta property=\"article:publisher\" content=\"https:\/\/www.facebook.com\/PhysioBCN\/\" \/>\n<meta property=\"article:published_time\" content=\"2021-09-13T06:49:33+00:00\" \/>\n<meta property=\"og:image\" content=\"https:\/\/barcelona.euses.cat\/wp-content\/uploads\/2021\/09\/inici-curs-5.jpeg\" \/>\n\t<meta property=\"og:image:width\" content=\"1856\" \/>\n\t<meta property=\"og:image:height\" content=\"1325\" \/>\n\t<meta property=\"og:image:type\" content=\"image\/jpeg\" \/>\n<meta name=\"author\" content=\"Jordi Danes\" \/>\n<meta name=\"twitter:card\" content=\"summary_large_image\" \/>\n<meta name=\"twitter:label1\" content=\"Escrito por\" \/>\n\t<meta name=\"twitter:data1\" content=\"Jordi Danes\" \/>\n<script type=\"application\/ld+json\" class=\"yoast-schema-graph\">{\"@context\":\"https:\\\/\\\/schema.org\",\"@graph\":[{\"@type\":\"Article\",\"@id\":\"https:\\\/\\\/barcelona.euses.cat\\\/es\\\/arranca-en-el-campus-de-bellvitge-el-curso-academico-2021-22-de-physiotherapy\\\/#article\",\"isPartOf\":{\"@id\":\"https:\\\/\\\/barcelona.euses.cat\\\/es\\\/arranca-en-el-campus-de-bellvitge-el-curso-academico-2021-22-de-physiotherapy\\\/\"},\"author\":{\"name\":\"Jordi Danes\",\"@id\":\"https:\\\/\\\/barcelona.euses.cat\\\/ca\\\/#\\\/schema\\\/person\\\/8ab46080dfc4814fa59383db317735bd\"},\"headline\":\"Arranca en el Campus de Bellvitge el curso acad\u00e9mico 2021\\\/22 de Physiotherapy\",\"datePublished\":\"2021-09-13T06:49:33+00:00\",\"mainEntityOfPage\":{\"@id\":\"https:\\\/\\\/barcelona.euses.cat\\\/es\\\/arranca-en-el-campus-de-bellvitge-el-curso-academico-2021-22-de-physiotherapy\\\/\"},\"wordCount\":98,\"commentCount\":0,\"image\":{\"@id\":\"https:\\\/\\\/barcelona.euses.cat\\\/es\\\/arranca-en-el-campus-de-bellvitge-el-curso-academico-2021-22-de-physiotherapy\\\/#primaryimage\"},\"thumbnailUrl\":\"https:\\\/\\\/barcelona.euses.cat\\\/wp-content\\\/uploads\\\/2021\\\/09\\\/inici-curs-5.jpeg\",\"articleSection\":[\"Sin categorizar\"],\"inLanguage\":\"es\"},{\"@type\":\"WebPage\",\"@id\":\"https:\\\/\\\/barcelona.euses.cat\\\/es\\\/arranca-en-el-campus-de-bellvitge-el-curso-academico-2021-22-de-physiotherapy\\\/\",\"url\":\"https:\\\/\\\/barcelona.euses.cat\\\/es\\\/arranca-en-el-campus-de-bellvitge-el-curso-academico-2021-22-de-physiotherapy\\\/\",\"name\":\"Arranca en el Campus de Bellvitge el curso acad\u00e9mico 2021\\\/22 de Physiotherapy | EUSES - Campus de Bellvitge (Barcelona)\",\"isPartOf\":{\"@id\":\"https:\\\/\\\/barcelona.euses.cat\\\/ca\\\/#website\"},\"primaryImageOfPage\":{\"@id\":\"https:\\\/\\\/barcelona.euses.cat\\\/es\\\/arranca-en-el-campus-de-bellvitge-el-curso-academico-2021-22-de-physiotherapy\\\/#primaryimage\"},\"image\":{\"@id\":\"https:\\\/\\\/barcelona.euses.cat\\\/es\\\/arranca-en-el-campus-de-bellvitge-el-curso-academico-2021-22-de-physiotherapy\\\/#primaryimage\"},\"thumbnailUrl\":\"https:\\\/\\\/barcelona.euses.cat\\\/wp-content\\\/uploads\\\/2021\\\/09\\\/inici-curs-5.jpeg\",\"datePublished\":\"2021-09-13T06:49:33+00:00\",\"author\":{\"@id\":\"https:\\\/\\\/barcelona.euses.cat\\\/ca\\\/#\\\/schema\\\/person\\\/8ab46080dfc4814fa59383db317735bd\"},\"breadcrumb\":{\"@id\":\"https:\\\/\\\/barcelona.euses.cat\\\/es\\\/arranca-en-el-campus-de-bellvitge-el-curso-academico-2021-22-de-physiotherapy\\\/#breadcrumb\"},\"inLanguage\":\"es\",\"potentialAction\":[{\"@type\":\"ReadAction\",\"target\":[\"https:\\\/\\\/barcelona.euses.cat\\\/es\\\/arranca-en-el-campus-de-bellvitge-el-curso-academico-2021-22-de-physiotherapy\\\/\"]}]},{\"@type\":\"ImageObject\",\"inLanguage\":\"es\",\"@id\":\"https:\\\/\\\/barcelona.euses.cat\\\/es\\\/arranca-en-el-campus-de-bellvitge-el-curso-academico-2021-22-de-physiotherapy\\\/#primaryimage\",\"url\":\"https:\\\/\\\/barcelona.euses.cat\\\/wp-content\\\/uploads\\\/2021\\\/09\\\/inici-curs-5.jpeg\",\"contentUrl\":\"https:\\\/\\\/barcelona.euses.cat\\\/wp-content\\\/uploads\\\/2021\\\/09\\\/inici-curs-5.jpeg\",\"width\":1856,\"height\":1325},{\"@type\":\"BreadcrumbList\",\"@id\":\"https:\\\/\\\/barcelona.euses.cat\\\/es\\\/arranca-en-el-campus-de-bellvitge-el-curso-academico-2021-22-de-physiotherapy\\\/#breadcrumb\",\"itemListElement\":[{\"@type\":\"ListItem\",\"position\":1,\"name\":\"Portada\",\"item\":\"https:\\\/\\\/barcelona.euses.cat\\\/es\\\/\"},{\"@type\":\"ListItem\",\"position\":2,\"name\":\"Arranca en el Campus de Bellvitge el curso acad\u00e9mico 2021\\\/22 de Physiotherapy\"}]},{\"@type\":\"WebSite\",\"@id\":\"https:\\\/\\\/barcelona.euses.cat\\\/ca\\\/#website\",\"url\":\"https:\\\/\\\/barcelona.euses.cat\\\/ca\\\/\",\"name\":\"EUSES - Campus de Bellvitge (Barcelona)\",\"description\":\"EUSES, Escuela Universitaria de Fisioterapia Internacional en Barcelona\",\"potentialAction\":[{\"@type\":\"SearchAction\",\"target\":{\"@type\":\"EntryPoint\",\"urlTemplate\":\"https:\\\/\\\/barcelona.euses.cat\\\/ca\\\/?s={search_term_string}\"},\"query-input\":{\"@type\":\"PropertyValueSpecification\",\"valueRequired\":true,\"valueName\":\"search_term_string\"}}],\"inLanguage\":\"es\"},{\"@type\":\"Person\",\"@id\":\"https:\\\/\\\/barcelona.euses.cat\\\/ca\\\/#\\\/schema\\\/person\\\/8ab46080dfc4814fa59383db317735bd\",\"name\":\"Jordi Danes\",\"image\":{\"@type\":\"ImageObject\",\"inLanguage\":\"es\",\"@id\":\"https:\\\/\\\/secure.gravatar.com\\\/avatar\\\/a9e4f443b594af225625ee8cfa665e41b1e0740ea34fbe0515b4ca559f8570ef?s=96&d=mm&r=g\",\"url\":\"https:\\\/\\\/secure.gravatar.com\\\/avatar\\\/a9e4f443b594af225625ee8cfa665e41b1e0740ea34fbe0515b4ca559f8570ef?s=96&d=mm&r=g\",\"contentUrl\":\"https:\\\/\\\/secure.gravatar.com\\\/avatar\\\/a9e4f443b594af225625ee8cfa665e41b1e0740ea34fbe0515b4ca559f8570ef?s=96&d=mm&r=g\",\"caption\":\"Jordi Danes\"},\"url\":\"https:\\\/\\\/barcelona.euses.cat\\\/es\\\/author\\\/jordi-danes\\\/\"}]}<\/script>\n<!-- \/ Yoast SEO plugin. -->","yoast_head_json":{"title":"Arranca en el Campus de Bellvitge el curso acad\u00e9mico 2021\/22 de Physiotherapy | EUSES - Campus de Bellvitge (Barcelona)","robots":{"index":"index","follow":"follow","max-snippet":"max-snippet:-1","max-image-preview":"max-image-preview:large","max-video-preview":"max-video-preview:-1"},"canonical":"https:\/\/barcelona.euses.cat\/es\/arranca-en-el-campus-de-bellvitge-el-curso-academico-2021-22-de-physiotherapy\/","og_locale":"es_ES","og_type":"article","og_title":"Arranca en el Campus de Bellvitge el curso acad\u00e9mico 2021\/22 de Physiotherapy | EUSES - Campus de Bellvitge (Barcelona)","og_description":"El Campus de Bellvitge ha dado esta ma\u00f1ana el pistoletazo de salida al curso acad\u00e9mico 2021\/22 para los estudiantes de 1\u00ba, 2\u00ba, 3\u00ba y 4\u00ba curso del Grado Internacional en Fisioterapia. Cuando se acabe el curso el pr\u00f3ximo mes de junio, saldr\u00e1 la cuarta promoci\u00f3n de graduados en Physiotherapy de este campus. Desde EUSES queremos [&hellip;]","og_url":"https:\/\/barcelona.euses.cat\/es\/arranca-en-el-campus-de-bellvitge-el-curso-academico-2021-22-de-physiotherapy\/","og_site_name":"EUSES - Campus de Bellvitge (Barcelona)","article_publisher":"https:\/\/www.facebook.com\/PhysioBCN\/","article_published_time":"2021-09-13T06:49:33+00:00","og_image":[{"width":1856,"height":1325,"url":"https:\/\/barcelona.euses.cat\/wp-content\/uploads\/2021\/09\/inici-curs-5.jpeg","type":"image\/jpeg"}],"author":"Jordi Danes","twitter_card":"summary_large_image","twitter_misc":{"Escrito por":"Jordi Danes"},"schema":{"@context":"https:\/\/schema.org","@graph":[{"@type":"Article","@id":"https:\/\/barcelona.euses.cat\/es\/arranca-en-el-campus-de-bellvitge-el-curso-academico-2021-22-de-physiotherapy\/#article","isPartOf":{"@id":"https:\/\/barcelona.euses.cat\/es\/arranca-en-el-campus-de-bellvitge-el-curso-academico-2021-22-de-physiotherapy\/"},"author":{"name":"Jordi Danes","@id":"https:\/\/barcelona.euses.cat\/ca\/#\/schema\/person\/8ab46080dfc4814fa59383db317735bd"},"headline":"Arranca en el Campus de Bellvitge el curso acad\u00e9mico 2021\/22 de Physiotherapy","datePublished":"2021-09-13T06:49:33+00:00","mainEntityOfPage":{"@id":"https:\/\/barcelona.euses.cat\/es\/arranca-en-el-campus-de-bellvitge-el-curso-academico-2021-22-de-physiotherapy\/"},"wordCount":98,"commentCount":0,"image":{"@id":"https:\/\/barcelona.euses.cat\/es\/arranca-en-el-campus-de-bellvitge-el-curso-academico-2021-22-de-physiotherapy\/#primaryimage"},"thumbnailUrl":"https:\/\/barcelona.euses.cat\/wp-content\/uploads\/2021\/09\/inici-curs-5.jpeg","articleSection":["Sin categorizar"],"inLanguage":"es"},{"@type":"WebPage","@id":"https:\/\/barcelona.euses.cat\/es\/arranca-en-el-campus-de-bellvitge-el-curso-academico-2021-22-de-physiotherapy\/","url":"https:\/\/barcelona.euses.cat\/es\/arranca-en-el-campus-de-bellvitge-el-curso-academico-2021-22-de-physiotherapy\/","name":"Arranca en el Campus de Bellvitge el curso acad\u00e9mico 2021\/22 de Physiotherapy | EUSES - Campus de Bellvitge (Barcelona)","isPartOf":{"@id":"https:\/\/barcelona.euses.cat\/ca\/#website"},"primaryImageOfPage":{"@id":"https:\/\/barcelona.euses.cat\/es\/arranca-en-el-campus-de-bellvitge-el-curso-academico-2021-22-de-physiotherapy\/#primaryimage"},"image":{"@id":"https:\/\/barcelona.euses.cat\/es\/arranca-en-el-campus-de-bellvitge-el-curso-academico-2021-22-de-physiotherapy\/#primaryimage"},"thumbnailUrl":"https:\/\/barcelona.euses.cat\/wp-content\/uploads\/2021\/09\/inici-curs-5.jpeg","datePublished":"2021-09-13T06:49:33+00:00","author":{"@id":"https:\/\/barcelona.euses.cat\/ca\/#\/schema\/person\/8ab46080dfc4814fa59383db317735bd"},"breadcrumb":{"@id":"https:\/\/barcelona.euses.cat\/es\/arranca-en-el-campus-de-bellvitge-el-curso-academico-2021-22-de-physiotherapy\/#breadcrumb"},"inLanguage":"es","potentialAction":[{"@type":"ReadAction","target":["https:\/\/barcelona.euses.cat\/es\/arranca-en-el-campus-de-bellvitge-el-curso-academico-2021-22-de-physiotherapy\/"]}]},{"@type":"ImageObject","inLanguage":"es","@id":"https:\/\/barcelona.euses.cat\/es\/arranca-en-el-campus-de-bellvitge-el-curso-academico-2021-22-de-physiotherapy\/#primaryimage","url":"https:\/\/barcelona.euses.cat\/wp-content\/uploads\/2021\/09\/inici-curs-5.jpeg","contentUrl":"https:\/\/barcelona.euses.cat\/wp-content\/uploads\/2021\/09\/inici-curs-5.jpeg","width":1856,"height":1325},{"@type":"BreadcrumbList","@id":"https:\/\/barcelona.euses.cat\/es\/arranca-en-el-campus-de-bellvitge-el-curso-academico-2021-22-de-physiotherapy\/#breadcrumb","itemListElement":[{"@type":"ListItem","position":1,"name":"Portada","item":"https:\/\/barcelona.euses.cat\/es\/"},{"@type":"ListItem","position":2,"name":"Arranca en el Campus de Bellvitge el curso acad\u00e9mico 2021\/22 de Physiotherapy"}]},{"@type":"WebSite","@id":"https:\/\/barcelona.euses.cat\/ca\/#website","url":"https:\/\/barcelona.euses.cat\/ca\/","name":"EUSES - Campus de Bellvitge (Barcelona)","description":"EUSES, Escuela Universitaria de Fisioterapia Internacional en Barcelona","potentialAction":[{"@type":"SearchAction","target":{"@type":"EntryPoint","urlTemplate":"https:\/\/barcelona.euses.cat\/ca\/?s={search_term_string}"},"query-input":{"@type":"PropertyValueSpecification","valueRequired":true,"valueName":"search_term_string"}}],"inLanguage":"es"},{"@type":"Person","@id":"https:\/\/barcelona.euses.cat\/ca\/#\/schema\/person\/8ab46080dfc4814fa59383db317735bd","name":"Jordi Danes","image":{"@type":"ImageObject","inLanguage":"es","@id":"https:\/\/secure.gravatar.com\/avatar\/a9e4f443b594af225625ee8cfa665e41b1e0740ea34fbe0515b4ca559f8570ef?s=96&d=mm&r=g","url":"https:\/\/secure.gravatar.com\/avatar\/a9e4f443b594af225625ee8cfa665e41b1e0740ea34fbe0515b4ca559f8570ef?s=96&d=mm&r=g","contentUrl":"https:\/\/secure.gravatar.com\/avatar\/a9e4f443b594af225625ee8cfa665e41b1e0740ea34fbe0515b4ca559f8570ef?s=96&d=mm&r=g","caption":"Jordi Danes"},"url":"https:\/\/barcelona.euses.cat\/es\/author\/jordi-danes\/"}]}},"_links":{"self":[{"href":"https:\/\/barcelona.euses.cat\/es\/wp-json\/wp\/v2\/posts\/10115","targetHints":{"allow":["GET"]}}],"collection":[{"href":"https:\/\/barcelona.euses.cat\/es\/wp-json\/wp\/v2\/posts"}],"about":[{"href":"https:\/\/barcelona.euses.cat\/es\/wp-json\/wp\/v2\/types\/post"}],"author":[{"embeddable":true,"href":"https:\/\/barcelona.euses.cat\/es\/wp-json\/wp\/v2\/users\/3"}],"replies":[{"embeddable":true,"href":"https:\/\/barcelona.euses.cat\/es\/wp-json\/wp\/v2\/comments?post=10115"}],"version-history":[{"count":1,"href":"https:\/\/barcelona.euses.cat\/es\/wp-json\/wp\/v2\/posts\/10115\/revisions"}],"predecessor-version":[{"id":10116,"href":"https:\/\/barcelona.euses.cat\/es\/wp-json\/wp\/v2\/posts\/10115\/revisions\/10116"}],"wp:featuredmedia":[{"embeddable":true,"href":"https:\/\/barcelona.euses.cat\/es\/wp-json\/wp\/v2\/media\/10110"}],"wp:attachment":[{"href":"https:\/\/barcelona.euses.cat\/es\/wp-json\/wp\/v2\/media?parent=10115"}],"wp:term":[{"taxonomy":"category","embeddable":true,"href":"https:\/\/barcelona.euses.cat\/es\/wp-json\/wp\/v2\/categories?post=10115"},{"taxonomy":"post_tag","embeddable":true,"href":"https:\/\/barcelona.euses.cat\/es\/wp-json\/wp\/v2\/tags?post=10115"}],"curies":[{"name":"wp","href":"https:\/\/api.w.org\/{rel}","templated":true}]}}