{"id":10005,"date":"2021-06-24T12:42:57","date_gmt":"2021-06-24T10:42:57","guid":{"rendered":"https:\/\/barcelona.euses.cat\/?p=10005"},"modified":"2021-06-30T11:34:53","modified_gmt":"2021-06-30T09:34:53","slug":"celebrado-el-acto-de-graduacion-de-la-promocion-2017-2021","status":"publish","type":"post","link":"https:\/\/barcelona.euses.cat\/es\/celebrado-el-acto-de-graduacion-de-la-promocion-2017-2021\/","title":{"rendered":"Celebrado el acto de Graduaci\u00f3n de la promoci\u00f3n 2017\/2021"},"content":{"rendered":"<p>Este pasado lunes se ha celebrado el acto de Graduaci\u00f3n de la tercera promoci\u00f3n del Grado en Fisioterapia Internacional (UdG-UB) con la presencia de 25 estudiantes que han completado el ciclo de estudios de cuatro a\u00f1os en el Campus de Bellvitge. La ceremonia de Graduaci\u00f3n tuvo lugar al Sal\u00f3n de actos del Pabell\u00f3n de Gobierno de la Universitat de Barcelona, en el Campus de Bellvitge. El Director Acad\u00e9mico de EUSES-UdG y Director de Calidad de ENTI-UB, Sr. Rafel Magriny\u00e0, abri\u00f3 y cerr\u00f3 un acto que tambi\u00e9n cont\u00f3 con la participaci\u00f3n del Director Acad\u00e9mico de ENTI-UB, el Dr. \u00d2scar Garcia; y el Director del Grado en Fisioterapia, el Dr. Gerard Mu\u00f1oz. Despu\u00e9s de la entrega de diplomas a los nuevos graduados, el Sr. Victor Choux y el Sr. \u00d2scar Roig se dirigieron a los asistentes como representantes de los alumnos de la promoci\u00f3n 2017\/21. El acto se cerr\u00f3 con la tradicional cantada del himno universitario Gaudeamus Igitur.<\/p>\n<p><a href=\"https:\/\/www.facebook.com\/media\/set\/?vanity=EUSESoficial&amp;set=a.1807255026122487\" target=\"_blank\" rel=\"noopener noreferrer\">TODAS LAS FOTOS DEL ACTO DE GRADUACI\u00d3N<\/a><\/p>\n\n\t\t<style type=\"text\/css\">\n\t\t\t#gallery-1 {\n\t\t\t\tmargin: auto;\n\t\t\t}\n\t\t\t#gallery-1 .gallery-item {\n\t\t\t\tfloat: left;\n\t\t\t\tmargin-top: 10px;\n\t\t\t\ttext-align: center;\n\t\t\t\twidth: 33%;\n\t\t\t}\n\t\t\t#gallery-1 img {\n\t\t\t\tborder: 2px solid #cfcfcf;\n\t\t\t}\n\t\t\t#gallery-1 .gallery-caption {\n\t\t\t\tmargin-left: 0;\n\t\t\t}\n\t\t\t\/* see gallery_shortcode() in wp-includes\/media.php *\/\n\t\t<\/style>\n\t\t<div id='gallery-1' class='gallery galleryid-10005 gallery-columns-3 gallery-size-medium'><dl class='gallery-item'>\n\t\t\t<dt class='gallery-icon landscape'>\n\t\t\t\t<a href='https:\/\/barcelona.euses.cat\/es\/celebrado-el-acto-de-graduacion-de-la-promocion-2017-2021\/21023-019-2\/'><img fetchpriority=\"high\" decoding=\"async\" width=\"300\" height=\"200\" src=\"https:\/\/barcelona.euses.cat\/wp-content\/uploads\/2021\/06\/21023-019-300x200.jpg\" class=\"attachment-medium size-medium\" alt=\"\" srcset=\"https:\/\/barcelona.euses.cat\/wp-content\/uploads\/2021\/06\/21023-019-300x200.jpg 300w, https:\/\/barcelona.euses.cat\/wp-content\/uploads\/2021\/06\/21023-019-1024x684.jpg 1024w, https:\/\/barcelona.euses.cat\/wp-content\/uploads\/2021\/06\/21023-019-768x513.jpg 768w, https:\/\/barcelona.euses.cat\/wp-content\/uploads\/2021\/06\/21023-019-1536x1025.jpg 1536w, https:\/\/barcelona.euses.cat\/wp-content\/uploads\/2021\/06\/21023-019-2048x1367.jpg 2048w, https:\/\/barcelona.euses.cat\/wp-content\/uploads\/2021\/06\/21023-019-400x267.jpg 400w\" sizes=\"(max-width: 300px) 100vw, 300px\" \/><\/a>\n\t\t\t<\/dt><\/dl><dl class='gallery-item'>\n\t\t\t<dt class='gallery-icon landscape'>\n\t\t\t\t<a href='https:\/\/barcelona.euses.cat\/es\/celebrado-el-acto-de-graduacion-de-la-promocion-2017-2021\/21023-023-2\/'><img decoding=\"async\" width=\"300\" height=\"200\" src=\"https:\/\/barcelona.euses.cat\/wp-content\/uploads\/2021\/06\/21023-023-300x200.jpg\" class=\"attachment-medium size-medium\" alt=\"\" srcset=\"https:\/\/barcelona.euses.cat\/wp-content\/uploads\/2021\/06\/21023-023-300x200.jpg 300w, https:\/\/barcelona.euses.cat\/wp-content\/uploads\/2021\/06\/21023-023-1024x684.jpg 1024w, https:\/\/barcelona.euses.cat\/wp-content\/uploads\/2021\/06\/21023-023-768x513.jpg 768w, https:\/\/barcelona.euses.cat\/wp-content\/uploads\/2021\/06\/21023-023-1536x1025.jpg 1536w, https:\/\/barcelona.euses.cat\/wp-content\/uploads\/2021\/06\/21023-023-2048x1367.jpg 2048w, https:\/\/barcelona.euses.cat\/wp-content\/uploads\/2021\/06\/21023-023-400x267.jpg 400w\" sizes=\"(max-width: 300px) 100vw, 300px\" \/><\/a>\n\t\t\t<\/dt><\/dl><dl class='gallery-item'>\n\t\t\t<dt class='gallery-icon landscape'>\n\t\t\t\t<a href='https:\/\/barcelona.euses.cat\/es\/celebrado-el-acto-de-graduacion-de-la-promocion-2017-2021\/21023-027-2\/'><img decoding=\"async\" width=\"300\" height=\"200\" src=\"https:\/\/barcelona.euses.cat\/wp-content\/uploads\/2021\/06\/21023-027-300x200.jpg\" class=\"attachment-medium size-medium\" alt=\"\" srcset=\"https:\/\/barcelona.euses.cat\/wp-content\/uploads\/2021\/06\/21023-027-300x200.jpg 300w, https:\/\/barcelona.euses.cat\/wp-content\/uploads\/2021\/06\/21023-027-1024x684.jpg 1024w, https:\/\/barcelona.euses.cat\/wp-content\/uploads\/2021\/06\/21023-027-768x513.jpg 768w, https:\/\/barcelona.euses.cat\/wp-content\/uploads\/2021\/06\/21023-027-1536x1025.jpg 1536w, https:\/\/barcelona.euses.cat\/wp-content\/uploads\/2021\/06\/21023-027-2048x1367.jpg 2048w, https:\/\/barcelona.euses.cat\/wp-content\/uploads\/2021\/06\/21023-027-400x267.jpg 400w\" sizes=\"(max-width: 300px) 100vw, 300px\" \/><\/a>\n\t\t\t<\/dt><\/dl><br style=\"clear: both\" \/><dl class='gallery-item'>\n\t\t\t<dt class='gallery-icon landscape'>\n\t\t\t\t<a href='https:\/\/barcelona.euses.cat\/es\/celebrado-el-acto-de-graduacion-de-la-promocion-2017-2021\/21023-056-2\/'><img loading=\"lazy\" decoding=\"async\" width=\"300\" height=\"200\" src=\"https:\/\/barcelona.euses.cat\/wp-content\/uploads\/2021\/06\/21023-056-300x200.jpg\" class=\"attachment-medium size-medium\" alt=\"\" srcset=\"https:\/\/barcelona.euses.cat\/wp-content\/uploads\/2021\/06\/21023-056-300x200.jpg 300w, https:\/\/barcelona.euses.cat\/wp-content\/uploads\/2021\/06\/21023-056-1024x684.jpg 1024w, https:\/\/barcelona.euses.cat\/wp-content\/uploads\/2021\/06\/21023-056-768x513.jpg 768w, https:\/\/barcelona.euses.cat\/wp-content\/uploads\/2021\/06\/21023-056-1536x1025.jpg 1536w, https:\/\/barcelona.euses.cat\/wp-content\/uploads\/2021\/06\/21023-056-2048x1367.jpg 2048w, https:\/\/barcelona.euses.cat\/wp-content\/uploads\/2021\/06\/21023-056-400x267.jpg 400w\" sizes=\"(max-width: 300px) 100vw, 300px\" \/><\/a>\n\t\t\t<\/dt><\/dl><dl class='gallery-item'>\n\t\t\t<dt class='gallery-icon landscape'>\n\t\t\t\t<a href='https:\/\/barcelona.euses.cat\/es\/celebrado-el-acto-de-graduacion-de-la-promocion-2017-2021\/21023-060-2\/'><img loading=\"lazy\" decoding=\"async\" width=\"300\" height=\"200\" src=\"https:\/\/barcelona.euses.cat\/wp-content\/uploads\/2021\/06\/21023-060-300x200.jpg\" class=\"attachment-medium size-medium\" alt=\"\" srcset=\"https:\/\/barcelona.euses.cat\/wp-content\/uploads\/2021\/06\/21023-060-300x200.jpg 300w, https:\/\/barcelona.euses.cat\/wp-content\/uploads\/2021\/06\/21023-060-1024x684.jpg 1024w, https:\/\/barcelona.euses.cat\/wp-content\/uploads\/2021\/06\/21023-060-768x513.jpg 768w, https:\/\/barcelona.euses.cat\/wp-content\/uploads\/2021\/06\/21023-060-1536x1025.jpg 1536w, https:\/\/barcelona.euses.cat\/wp-content\/uploads\/2021\/06\/21023-060-2048x1367.jpg 2048w, https:\/\/barcelona.euses.cat\/wp-content\/uploads\/2021\/06\/21023-060-400x267.jpg 400w\" sizes=\"(max-width: 300px) 100vw, 300px\" \/><\/a>\n\t\t\t<\/dt><\/dl><dl class='gallery-item'>\n\t\t\t<dt class='gallery-icon landscape'>\n\t\t\t\t<a href='https:\/\/barcelona.euses.cat\/es\/celebrado-el-acto-de-graduacion-de-la-promocion-2017-2021\/21023-062-2\/'><img loading=\"lazy\" decoding=\"async\" width=\"300\" height=\"200\" src=\"https:\/\/barcelona.euses.cat\/wp-content\/uploads\/2021\/06\/21023-062-300x200.jpg\" class=\"attachment-medium size-medium\" alt=\"\" srcset=\"https:\/\/barcelona.euses.cat\/wp-content\/uploads\/2021\/06\/21023-062-300x200.jpg 300w, https:\/\/barcelona.euses.cat\/wp-content\/uploads\/2021\/06\/21023-062-1024x684.jpg 1024w, https:\/\/barcelona.euses.cat\/wp-content\/uploads\/2021\/06\/21023-062-768x513.jpg 768w, https:\/\/barcelona.euses.cat\/wp-content\/uploads\/2021\/06\/21023-062-1536x1025.jpg 1536w, https:\/\/barcelona.euses.cat\/wp-content\/uploads\/2021\/06\/21023-062-2048x1367.jpg 2048w, https:\/\/barcelona.euses.cat\/wp-content\/uploads\/2021\/06\/21023-062-400x267.jpg 400w\" sizes=\"(max-width: 300px) 100vw, 300px\" \/><\/a>\n\t\t\t<\/dt><\/dl><br style=\"clear: both\" \/><dl class='gallery-item'>\n\t\t\t<dt class='gallery-icon landscape'>\n\t\t\t\t<a href='https:\/\/barcelona.euses.cat\/es\/celebrado-el-acto-de-graduacion-de-la-promocion-2017-2021\/21023-094-2\/'><img loading=\"lazy\" decoding=\"async\" width=\"300\" height=\"200\" src=\"https:\/\/barcelona.euses.cat\/wp-content\/uploads\/2021\/06\/21023-094-300x200.jpg\" class=\"attachment-medium size-medium\" alt=\"\" srcset=\"https:\/\/barcelona.euses.cat\/wp-content\/uploads\/2021\/06\/21023-094-300x200.jpg 300w, https:\/\/barcelona.euses.cat\/wp-content\/uploads\/2021\/06\/21023-094-1024x684.jpg 1024w, https:\/\/barcelona.euses.cat\/wp-content\/uploads\/2021\/06\/21023-094-768x513.jpg 768w, https:\/\/barcelona.euses.cat\/wp-content\/uploads\/2021\/06\/21023-094-1536x1025.jpg 1536w, https:\/\/barcelona.euses.cat\/wp-content\/uploads\/2021\/06\/21023-094-2048x1367.jpg 2048w, https:\/\/barcelona.euses.cat\/wp-content\/uploads\/2021\/06\/21023-094-400x267.jpg 400w\" sizes=\"(max-width: 300px) 100vw, 300px\" \/><\/a>\n\t\t\t<\/dt><\/dl>\n\t\t\t<br style='clear: both' \/>\n\t\t<\/div>\n\n","protected":false},"excerpt":{"rendered":"<p>Este pasado lunes se ha celebrado el acto de Graduaci\u00f3n de la tercera promoci\u00f3n del Grado en Fisioterapia Internacional (UdG-UB) con la presencia de 25 estudiantes que han completado el ciclo de estudios de cuatro a\u00f1os en el Campus de Bellvitge. La ceremonia de Graduaci\u00f3n tuvo lugar al Sal\u00f3n de actos del Pabell\u00f3n de Gobierno [&hellip;]<\/p>\n","protected":false},"author":3,"featured_media":10016,"comment_status":"open","ping_status":"closed","sticky":false,"template":"","format":"standard","meta":{"_acf_changed":false,"inline_featured_image":false,"_joinchat":[],"footnotes":""},"categories":[1],"tags":[],"class_list":["post-10005","post","type-post","status-publish","format-standard","has-post-thumbnail","hentry","category-sin-categorizar"],"acf":[],"yoast_head":"<!-- This site is optimized with the Yoast SEO plugin v27.4 - https:\/\/yoast.com\/product\/yoast-seo-wordpress\/ -->\n<title>Celebrado el acto de Graduaci\u00f3n de la promoci\u00f3n 2017\/2021 | EUSES - Campus de Bellvitge (Barcelona)<\/title>\n<meta name=\"robots\" content=\"index, follow, max-snippet:-1, max-image-preview:large, max-video-preview:-1\" \/>\n<link rel=\"canonical\" href=\"https:\/\/barcelona.euses.cat\/es\/celebrado-el-acto-de-graduacion-de-la-promocion-2017-2021\/\" \/>\n<meta property=\"og:locale\" content=\"es_ES\" \/>\n<meta property=\"og:type\" content=\"article\" \/>\n<meta property=\"og:title\" content=\"Celebrado el acto de Graduaci\u00f3n de la promoci\u00f3n 2017\/2021 | EUSES - Campus de Bellvitge (Barcelona)\" \/>\n<meta property=\"og:description\" content=\"Este pasado lunes se ha celebrado el acto de Graduaci\u00f3n de la tercera promoci\u00f3n del Grado en Fisioterapia Internacional (UdG-UB) con la presencia de 25 estudiantes que han completado el ciclo de estudios de cuatro a\u00f1os en el Campus de Bellvitge. La ceremonia de Graduaci\u00f3n tuvo lugar al Sal\u00f3n de actos del Pabell\u00f3n de Gobierno [&hellip;]\" \/>\n<meta property=\"og:url\" content=\"https:\/\/barcelona.euses.cat\/es\/celebrado-el-acto-de-graduacion-de-la-promocion-2017-2021\/\" \/>\n<meta property=\"og:site_name\" content=\"EUSES - Campus de Bellvitge (Barcelona)\" \/>\n<meta property=\"article:publisher\" content=\"https:\/\/www.facebook.com\/PhysioBCN\/\" \/>\n<meta property=\"article:published_time\" content=\"2021-06-24T10:42:57+00:00\" \/>\n<meta property=\"article:modified_time\" content=\"2021-06-30T09:34:53+00:00\" \/>\n<meta property=\"og:image\" content=\"https:\/\/barcelona.euses.cat\/wp-content\/uploads\/2021\/06\/21023-093-1024x684.jpg\" \/>\n\t<meta property=\"og:image:width\" content=\"1024\" \/>\n\t<meta property=\"og:image:height\" content=\"684\" \/>\n\t<meta property=\"og:image:type\" content=\"image\/jpeg\" \/>\n<meta name=\"author\" content=\"Jordi Danes\" \/>\n<meta name=\"twitter:card\" content=\"summary_large_image\" \/>\n<meta name=\"twitter:label1\" content=\"Escrito por\" \/>\n\t<meta name=\"twitter:data1\" content=\"Jordi Danes\" \/>\n\t<meta name=\"twitter:label2\" content=\"Tiempo de lectura\" \/>\n\t<meta name=\"twitter:data2\" content=\"1 minuto\" \/>\n<script type=\"application\/ld+json\" class=\"yoast-schema-graph\">{\"@context\":\"https:\\\/\\\/schema.org\",\"@graph\":[{\"@type\":\"Article\",\"@id\":\"https:\\\/\\\/barcelona.euses.cat\\\/es\\\/celebrado-el-acto-de-graduacion-de-la-promocion-2017-2021\\\/#article\",\"isPartOf\":{\"@id\":\"https:\\\/\\\/barcelona.euses.cat\\\/es\\\/celebrado-el-acto-de-graduacion-de-la-promocion-2017-2021\\\/\"},\"author\":{\"name\":\"Jordi Danes\",\"@id\":\"https:\\\/\\\/barcelona.euses.cat\\\/ca\\\/#\\\/schema\\\/person\\\/8ab46080dfc4814fa59383db317735bd\"},\"headline\":\"Celebrado el acto de Graduaci\u00f3n de la promoci\u00f3n 2017\\\/2021\",\"datePublished\":\"2021-06-24T10:42:57+00:00\",\"dateModified\":\"2021-06-30T09:34:53+00:00\",\"mainEntityOfPage\":{\"@id\":\"https:\\\/\\\/barcelona.euses.cat\\\/es\\\/celebrado-el-acto-de-graduacion-de-la-promocion-2017-2021\\\/\"},\"wordCount\":189,\"commentCount\":0,\"image\":{\"@id\":\"https:\\\/\\\/barcelona.euses.cat\\\/es\\\/celebrado-el-acto-de-graduacion-de-la-promocion-2017-2021\\\/#primaryimage\"},\"thumbnailUrl\":\"https:\\\/\\\/barcelona.euses.cat\\\/wp-content\\\/uploads\\\/2021\\\/06\\\/21023-093.jpg\",\"articleSection\":[\"Sin categorizar\"],\"inLanguage\":\"es\"},{\"@type\":\"WebPage\",\"@id\":\"https:\\\/\\\/barcelona.euses.cat\\\/es\\\/celebrado-el-acto-de-graduacion-de-la-promocion-2017-2021\\\/\",\"url\":\"https:\\\/\\\/barcelona.euses.cat\\\/es\\\/celebrado-el-acto-de-graduacion-de-la-promocion-2017-2021\\\/\",\"name\":\"Celebrado el acto de Graduaci\u00f3n de la promoci\u00f3n 2017\\\/2021 | EUSES - Campus de Bellvitge (Barcelona)\",\"isPartOf\":{\"@id\":\"https:\\\/\\\/barcelona.euses.cat\\\/ca\\\/#website\"},\"primaryImageOfPage\":{\"@id\":\"https:\\\/\\\/barcelona.euses.cat\\\/es\\\/celebrado-el-acto-de-graduacion-de-la-promocion-2017-2021\\\/#primaryimage\"},\"image\":{\"@id\":\"https:\\\/\\\/barcelona.euses.cat\\\/es\\\/celebrado-el-acto-de-graduacion-de-la-promocion-2017-2021\\\/#primaryimage\"},\"thumbnailUrl\":\"https:\\\/\\\/barcelona.euses.cat\\\/wp-content\\\/uploads\\\/2021\\\/06\\\/21023-093.jpg\",\"datePublished\":\"2021-06-24T10:42:57+00:00\",\"dateModified\":\"2021-06-30T09:34:53+00:00\",\"author\":{\"@id\":\"https:\\\/\\\/barcelona.euses.cat\\\/ca\\\/#\\\/schema\\\/person\\\/8ab46080dfc4814fa59383db317735bd\"},\"breadcrumb\":{\"@id\":\"https:\\\/\\\/barcelona.euses.cat\\\/es\\\/celebrado-el-acto-de-graduacion-de-la-promocion-2017-2021\\\/#breadcrumb\"},\"inLanguage\":\"es\",\"potentialAction\":[{\"@type\":\"ReadAction\",\"target\":[\"https:\\\/\\\/barcelona.euses.cat\\\/es\\\/celebrado-el-acto-de-graduacion-de-la-promocion-2017-2021\\\/\"]}]},{\"@type\":\"ImageObject\",\"inLanguage\":\"es\",\"@id\":\"https:\\\/\\\/barcelona.euses.cat\\\/es\\\/celebrado-el-acto-de-graduacion-de-la-promocion-2017-2021\\\/#primaryimage\",\"url\":\"https:\\\/\\\/barcelona.euses.cat\\\/wp-content\\\/uploads\\\/2021\\\/06\\\/21023-093.jpg\",\"contentUrl\":\"https:\\\/\\\/barcelona.euses.cat\\\/wp-content\\\/uploads\\\/2021\\\/06\\\/21023-093.jpg\",\"width\":2304,\"height\":1538},{\"@type\":\"BreadcrumbList\",\"@id\":\"https:\\\/\\\/barcelona.euses.cat\\\/es\\\/celebrado-el-acto-de-graduacion-de-la-promocion-2017-2021\\\/#breadcrumb\",\"itemListElement\":[{\"@type\":\"ListItem\",\"position\":1,\"name\":\"Portada\",\"item\":\"https:\\\/\\\/barcelona.euses.cat\\\/es\\\/\"},{\"@type\":\"ListItem\",\"position\":2,\"name\":\"Celebrado el acto de Graduaci\u00f3n de la promoci\u00f3n 2017\\\/2021\"}]},{\"@type\":\"WebSite\",\"@id\":\"https:\\\/\\\/barcelona.euses.cat\\\/ca\\\/#website\",\"url\":\"https:\\\/\\\/barcelona.euses.cat\\\/ca\\\/\",\"name\":\"EUSES - Campus de Bellvitge (Barcelona)\",\"description\":\"EUSES, Escuela Universitaria de Fisioterapia Internacional en Barcelona\",\"potentialAction\":[{\"@type\":\"SearchAction\",\"target\":{\"@type\":\"EntryPoint\",\"urlTemplate\":\"https:\\\/\\\/barcelona.euses.cat\\\/ca\\\/?s={search_term_string}\"},\"query-input\":{\"@type\":\"PropertyValueSpecification\",\"valueRequired\":true,\"valueName\":\"search_term_string\"}}],\"inLanguage\":\"es\"},{\"@type\":\"Person\",\"@id\":\"https:\\\/\\\/barcelona.euses.cat\\\/ca\\\/#\\\/schema\\\/person\\\/8ab46080dfc4814fa59383db317735bd\",\"name\":\"Jordi Danes\",\"image\":{\"@type\":\"ImageObject\",\"inLanguage\":\"es\",\"@id\":\"https:\\\/\\\/secure.gravatar.com\\\/avatar\\\/a9e4f443b594af225625ee8cfa665e41b1e0740ea34fbe0515b4ca559f8570ef?s=96&d=mm&r=g\",\"url\":\"https:\\\/\\\/secure.gravatar.com\\\/avatar\\\/a9e4f443b594af225625ee8cfa665e41b1e0740ea34fbe0515b4ca559f8570ef?s=96&d=mm&r=g\",\"contentUrl\":\"https:\\\/\\\/secure.gravatar.com\\\/avatar\\\/a9e4f443b594af225625ee8cfa665e41b1e0740ea34fbe0515b4ca559f8570ef?s=96&d=mm&r=g\",\"caption\":\"Jordi Danes\"},\"url\":\"https:\\\/\\\/barcelona.euses.cat\\\/es\\\/author\\\/jordi-danes\\\/\"}]}<\/script>\n<!-- \/ Yoast SEO plugin. -->","yoast_head_json":{"title":"Celebrado el acto de Graduaci\u00f3n de la promoci\u00f3n 2017\/2021 | EUSES - Campus de Bellvitge (Barcelona)","robots":{"index":"index","follow":"follow","max-snippet":"max-snippet:-1","max-image-preview":"max-image-preview:large","max-video-preview":"max-video-preview:-1"},"canonical":"https:\/\/barcelona.euses.cat\/es\/celebrado-el-acto-de-graduacion-de-la-promocion-2017-2021\/","og_locale":"es_ES","og_type":"article","og_title":"Celebrado el acto de Graduaci\u00f3n de la promoci\u00f3n 2017\/2021 | EUSES - Campus de Bellvitge (Barcelona)","og_description":"Este pasado lunes se ha celebrado el acto de Graduaci\u00f3n de la tercera promoci\u00f3n del Grado en Fisioterapia Internacional (UdG-UB) con la presencia de 25 estudiantes que han completado el ciclo de estudios de cuatro a\u00f1os en el Campus de Bellvitge. La ceremonia de Graduaci\u00f3n tuvo lugar al Sal\u00f3n de actos del Pabell\u00f3n de Gobierno [&hellip;]","og_url":"https:\/\/barcelona.euses.cat\/es\/celebrado-el-acto-de-graduacion-de-la-promocion-2017-2021\/","og_site_name":"EUSES - Campus de Bellvitge (Barcelona)","article_publisher":"https:\/\/www.facebook.com\/PhysioBCN\/","article_published_time":"2021-06-24T10:42:57+00:00","article_modified_time":"2021-06-30T09:34:53+00:00","og_image":[{"width":1024,"height":684,"url":"https:\/\/barcelona.euses.cat\/wp-content\/uploads\/2021\/06\/21023-093-1024x684.jpg","type":"image\/jpeg"}],"author":"Jordi Danes","twitter_card":"summary_large_image","twitter_misc":{"Escrito por":"Jordi Danes","Tiempo de lectura":"1 minuto"},"schema":{"@context":"https:\/\/schema.org","@graph":[{"@type":"Article","@id":"https:\/\/barcelona.euses.cat\/es\/celebrado-el-acto-de-graduacion-de-la-promocion-2017-2021\/#article","isPartOf":{"@id":"https:\/\/barcelona.euses.cat\/es\/celebrado-el-acto-de-graduacion-de-la-promocion-2017-2021\/"},"author":{"name":"Jordi Danes","@id":"https:\/\/barcelona.euses.cat\/ca\/#\/schema\/person\/8ab46080dfc4814fa59383db317735bd"},"headline":"Celebrado el acto de Graduaci\u00f3n de la promoci\u00f3n 2017\/2021","datePublished":"2021-06-24T10:42:57+00:00","dateModified":"2021-06-30T09:34:53+00:00","mainEntityOfPage":{"@id":"https:\/\/barcelona.euses.cat\/es\/celebrado-el-acto-de-graduacion-de-la-promocion-2017-2021\/"},"wordCount":189,"commentCount":0,"image":{"@id":"https:\/\/barcelona.euses.cat\/es\/celebrado-el-acto-de-graduacion-de-la-promocion-2017-2021\/#primaryimage"},"thumbnailUrl":"https:\/\/barcelona.euses.cat\/wp-content\/uploads\/2021\/06\/21023-093.jpg","articleSection":["Sin categorizar"],"inLanguage":"es"},{"@type":"WebPage","@id":"https:\/\/barcelona.euses.cat\/es\/celebrado-el-acto-de-graduacion-de-la-promocion-2017-2021\/","url":"https:\/\/barcelona.euses.cat\/es\/celebrado-el-acto-de-graduacion-de-la-promocion-2017-2021\/","name":"Celebrado el acto de Graduaci\u00f3n de la promoci\u00f3n 2017\/2021 | EUSES - Campus de Bellvitge (Barcelona)","isPartOf":{"@id":"https:\/\/barcelona.euses.cat\/ca\/#website"},"primaryImageOfPage":{"@id":"https:\/\/barcelona.euses.cat\/es\/celebrado-el-acto-de-graduacion-de-la-promocion-2017-2021\/#primaryimage"},"image":{"@id":"https:\/\/barcelona.euses.cat\/es\/celebrado-el-acto-de-graduacion-de-la-promocion-2017-2021\/#primaryimage"},"thumbnailUrl":"https:\/\/barcelona.euses.cat\/wp-content\/uploads\/2021\/06\/21023-093.jpg","datePublished":"2021-06-24T10:42:57+00:00","dateModified":"2021-06-30T09:34:53+00:00","author":{"@id":"https:\/\/barcelona.euses.cat\/ca\/#\/schema\/person\/8ab46080dfc4814fa59383db317735bd"},"breadcrumb":{"@id":"https:\/\/barcelona.euses.cat\/es\/celebrado-el-acto-de-graduacion-de-la-promocion-2017-2021\/#breadcrumb"},"inLanguage":"es","potentialAction":[{"@type":"ReadAction","target":["https:\/\/barcelona.euses.cat\/es\/celebrado-el-acto-de-graduacion-de-la-promocion-2017-2021\/"]}]},{"@type":"ImageObject","inLanguage":"es","@id":"https:\/\/barcelona.euses.cat\/es\/celebrado-el-acto-de-graduacion-de-la-promocion-2017-2021\/#primaryimage","url":"https:\/\/barcelona.euses.cat\/wp-content\/uploads\/2021\/06\/21023-093.jpg","contentUrl":"https:\/\/barcelona.euses.cat\/wp-content\/uploads\/2021\/06\/21023-093.jpg","width":2304,"height":1538},{"@type":"BreadcrumbList","@id":"https:\/\/barcelona.euses.cat\/es\/celebrado-el-acto-de-graduacion-de-la-promocion-2017-2021\/#breadcrumb","itemListElement":[{"@type":"ListItem","position":1,"name":"Portada","item":"https:\/\/barcelona.euses.cat\/es\/"},{"@type":"ListItem","position":2,"name":"Celebrado el acto de Graduaci\u00f3n de la promoci\u00f3n 2017\/2021"}]},{"@type":"WebSite","@id":"https:\/\/barcelona.euses.cat\/ca\/#website","url":"https:\/\/barcelona.euses.cat\/ca\/","name":"EUSES - Campus de Bellvitge (Barcelona)","description":"EUSES, Escuela Universitaria de Fisioterapia Internacional en Barcelona","potentialAction":[{"@type":"SearchAction","target":{"@type":"EntryPoint","urlTemplate":"https:\/\/barcelona.euses.cat\/ca\/?s={search_term_string}"},"query-input":{"@type":"PropertyValueSpecification","valueRequired":true,"valueName":"search_term_string"}}],"inLanguage":"es"},{"@type":"Person","@id":"https:\/\/barcelona.euses.cat\/ca\/#\/schema\/person\/8ab46080dfc4814fa59383db317735bd","name":"Jordi Danes","image":{"@type":"ImageObject","inLanguage":"es","@id":"https:\/\/secure.gravatar.com\/avatar\/a9e4f443b594af225625ee8cfa665e41b1e0740ea34fbe0515b4ca559f8570ef?s=96&d=mm&r=g","url":"https:\/\/secure.gravatar.com\/avatar\/a9e4f443b594af225625ee8cfa665e41b1e0740ea34fbe0515b4ca559f8570ef?s=96&d=mm&r=g","contentUrl":"https:\/\/secure.gravatar.com\/avatar\/a9e4f443b594af225625ee8cfa665e41b1e0740ea34fbe0515b4ca559f8570ef?s=96&d=mm&r=g","caption":"Jordi Danes"},"url":"https:\/\/barcelona.euses.cat\/es\/author\/jordi-danes\/"}]}},"_links":{"self":[{"href":"https:\/\/barcelona.euses.cat\/es\/wp-json\/wp\/v2\/posts\/10005","targetHints":{"allow":["GET"]}}],"collection":[{"href":"https:\/\/barcelona.euses.cat\/es\/wp-json\/wp\/v2\/posts"}],"about":[{"href":"https:\/\/barcelona.euses.cat\/es\/wp-json\/wp\/v2\/types\/post"}],"author":[{"embeddable":true,"href":"https:\/\/barcelona.euses.cat\/es\/wp-json\/wp\/v2\/users\/3"}],"replies":[{"embeddable":true,"href":"https:\/\/barcelona.euses.cat\/es\/wp-json\/wp\/v2\/comments?post=10005"}],"version-history":[{"count":3,"href":"https:\/\/barcelona.euses.cat\/es\/wp-json\/wp\/v2\/posts\/10005\/revisions"}],"predecessor-version":[{"id":10019,"href":"https:\/\/barcelona.euses.cat\/es\/wp-json\/wp\/v2\/posts\/10005\/revisions\/10019"}],"wp:featuredmedia":[{"embeddable":true,"href":"https:\/\/barcelona.euses.cat\/es\/wp-json\/wp\/v2\/media\/10016"}],"wp:attachment":[{"href":"https:\/\/barcelona.euses.cat\/es\/wp-json\/wp\/v2\/media?parent=10005"}],"wp:term":[{"taxonomy":"category","embeddable":true,"href":"https:\/\/barcelona.euses.cat\/es\/wp-json\/wp\/v2\/categories?post=10005"},{"taxonomy":"post_tag","embeddable":true,"href":"https:\/\/barcelona.euses.cat\/es\/wp-json\/wp\/v2\/tags?post=10005"}],"curies":[{"name":"wp","href":"https:\/\/api.w.org\/{rel}","templated":true}]}}