{"id":9841,"date":"2021-05-19T01:19:15","date_gmt":"2021-05-18T23:19:15","guid":{"rendered":"https:\/\/barcelona.euses.cat\/?p=9841"},"modified":"2021-05-19T01:19:15","modified_gmt":"2021-05-18T23:19:15","slug":"el-dr-gerard-munoz-dirigeix-la-cinquena-i-ultima-jornada-de-portes-obertes-de-physiotherapy","status":"publish","type":"post","link":"https:\/\/barcelona.euses.cat\/ca\/el-dr-gerard-munoz-dirigeix-la-cinquena-i-ultima-jornada-de-portes-obertes-de-physiotherapy\/","title":{"rendered":"El Dr. Gerard Mu\u00f1oz dirigeix la cinquena i \u00faltima Jornada de Portes Obertes de Physiotherapy"},"content":{"rendered":"<p>Physiotherapy Barcelona ha realitzat la cinquena i \u00faltima Jornada de Portes Obertes virtual que estava planificada en el calendari amb una exposici\u00f3 que ha anat a c\u00e0rrec del seu director, el Dr. Gerard Mu\u00f1oz. En la xerrada informativa, durant la qual tamb\u00e9 ha intervingut la coordinadora, Maria J\u00fadez, els representants de Physiotherapy Barcelona han parlat als assistents d&#8217;aspectes com el pla d&#8217;estudis, les sortides laborals, la mobilitat, els convenis amb centres de pr\u00e0ctiques i altres universitats\u2026<\/p>\n<p>Els inscrits a la Jornada de Portes Obertes tamb\u00e9 han pogut realitzar un visita virtual per les instal\u00b7lacions gr\u00e0cies a un v\u00eddeo que fa un complet recorregut pel Campus i s&#8217;han pogut informar, gr\u00e0cies a la intervenci\u00f3 del representant de la secretaria acad\u00e8mica, Albert Deulofeu, d&#8217;aspectes m\u00e9s administratius i log\u00edstics com poden ser la matriculaci\u00f3, els terminis d&#8217;inscripci\u00f3, els preus.. Tamb\u00e9 han pogut escoltar la experi\u00e8ncia d&#8217;un exalumne com Alejandro Revilla. Al final de les diferents exposicions, els interessats han pogut fer preguntes i resoldre tots els dubtes.<\/p>\n\n\t\t<style type=\"text\/css\">\n\t\t\t#gallery-1 {\n\t\t\t\tmargin: auto;\n\t\t\t}\n\t\t\t#gallery-1 .gallery-item {\n\t\t\t\tfloat: left;\n\t\t\t\tmargin-top: 10px;\n\t\t\t\ttext-align: center;\n\t\t\t\twidth: 33%;\n\t\t\t}\n\t\t\t#gallery-1 img {\n\t\t\t\tborder: 2px solid #cfcfcf;\n\t\t\t}\n\t\t\t#gallery-1 .gallery-caption {\n\t\t\t\tmargin-left: 0;\n\t\t\t}\n\t\t\t\/* see gallery_shortcode() in wp-includes\/media.php *\/\n\t\t<\/style>\n\t\t<div id='gallery-1' class='gallery galleryid-9841 gallery-columns-3 gallery-size-medium'><dl class='gallery-item'>\n\t\t\t<dt class='gallery-icon landscape'>\n\t\t\t\t<a href='https:\/\/barcelona.euses.cat\/ca\/el-dr-gerard-munoz-dirigeix-la-cinquena-i-ultima-jornada-de-portes-obertes-de-physiotherapy\/jpo-bellvitge-1\/'><img fetchpriority=\"high\" decoding=\"async\" width=\"300\" height=\"169\" src=\"https:\/\/barcelona.euses.cat\/wp-content\/uploads\/2021\/05\/jpo-bellvitge-1-300x169.png\" class=\"attachment-medium size-medium\" alt=\"\" srcset=\"https:\/\/barcelona.euses.cat\/wp-content\/uploads\/2021\/05\/jpo-bellvitge-1-300x169.png 300w, https:\/\/barcelona.euses.cat\/wp-content\/uploads\/2021\/05\/jpo-bellvitge-1-1024x576.png 1024w, https:\/\/barcelona.euses.cat\/wp-content\/uploads\/2021\/05\/jpo-bellvitge-1-768x432.png 768w, https:\/\/barcelona.euses.cat\/wp-content\/uploads\/2021\/05\/jpo-bellvitge-1-1536x864.png 1536w, https:\/\/barcelona.euses.cat\/wp-content\/uploads\/2021\/05\/jpo-bellvitge-1-350x197.png 350w, https:\/\/barcelona.euses.cat\/wp-content\/uploads\/2021\/05\/jpo-bellvitge-1.png 1920w\" sizes=\"(max-width: 300px) 100vw, 300px\" \/><\/a>\n\t\t\t<\/dt><\/dl><dl class='gallery-item'>\n\t\t\t<dt class='gallery-icon landscape'>\n\t\t\t\t<a href='https:\/\/barcelona.euses.cat\/ca\/el-dr-gerard-munoz-dirigeix-la-cinquena-i-ultima-jornada-de-portes-obertes-de-physiotherapy\/jpo-bellvitge-2\/'><img decoding=\"async\" width=\"300\" height=\"169\" src=\"https:\/\/barcelona.euses.cat\/wp-content\/uploads\/2021\/05\/jpo-bellvitge-2-300x169.png\" class=\"attachment-medium size-medium\" alt=\"\" srcset=\"https:\/\/barcelona.euses.cat\/wp-content\/uploads\/2021\/05\/jpo-bellvitge-2-300x169.png 300w, https:\/\/barcelona.euses.cat\/wp-content\/uploads\/2021\/05\/jpo-bellvitge-2-1024x576.png 1024w, https:\/\/barcelona.euses.cat\/wp-content\/uploads\/2021\/05\/jpo-bellvitge-2-768x432.png 768w, https:\/\/barcelona.euses.cat\/wp-content\/uploads\/2021\/05\/jpo-bellvitge-2-1536x864.png 1536w, https:\/\/barcelona.euses.cat\/wp-content\/uploads\/2021\/05\/jpo-bellvitge-2-350x197.png 350w, https:\/\/barcelona.euses.cat\/wp-content\/uploads\/2021\/05\/jpo-bellvitge-2.png 1920w\" sizes=\"(max-width: 300px) 100vw, 300px\" \/><\/a>\n\t\t\t<\/dt><\/dl><dl class='gallery-item'>\n\t\t\t<dt class='gallery-icon landscape'>\n\t\t\t\t<a href='https:\/\/barcelona.euses.cat\/ca\/el-dr-gerard-munoz-dirigeix-la-cinquena-i-ultima-jornada-de-portes-obertes-de-physiotherapy\/jpo-bellvitge-3\/'><img decoding=\"async\" width=\"300\" height=\"169\" src=\"https:\/\/barcelona.euses.cat\/wp-content\/uploads\/2021\/05\/jpo-bellvitge-3-300x169.png\" class=\"attachment-medium size-medium\" alt=\"\" srcset=\"https:\/\/barcelona.euses.cat\/wp-content\/uploads\/2021\/05\/jpo-bellvitge-3-300x169.png 300w, https:\/\/barcelona.euses.cat\/wp-content\/uploads\/2021\/05\/jpo-bellvitge-3-1024x576.png 1024w, https:\/\/barcelona.euses.cat\/wp-content\/uploads\/2021\/05\/jpo-bellvitge-3-768x432.png 768w, https:\/\/barcelona.euses.cat\/wp-content\/uploads\/2021\/05\/jpo-bellvitge-3-1536x864.png 1536w, https:\/\/barcelona.euses.cat\/wp-content\/uploads\/2021\/05\/jpo-bellvitge-3-350x197.png 350w, https:\/\/barcelona.euses.cat\/wp-content\/uploads\/2021\/05\/jpo-bellvitge-3.png 1920w\" sizes=\"(max-width: 300px) 100vw, 300px\" \/><\/a>\n\t\t\t<\/dt><\/dl><br style=\"clear: both\" \/>\n\t\t<\/div>\n\n","protected":false},"excerpt":{"rendered":"<p>Physiotherapy Barcelona ha realitzat la cinquena i \u00faltima Jornada de Portes Obertes virtual que estava planificada en el calendari amb una exposici\u00f3 que ha anat a c\u00e0rrec del seu director, el Dr. Gerard Mu\u00f1oz. En la xerrada informativa, durant la qual tamb\u00e9 ha intervingut la coordinadora, Maria J\u00fadez, els representants de Physiotherapy Barcelona han parlat [&hellip;]<\/p>\n","protected":false},"author":3,"featured_media":9842,"comment_status":"open","ping_status":"closed","sticky":false,"template":"","format":"standard","meta":{"_acf_changed":false,"inline_featured_image":false,"_joinchat":[],"footnotes":""},"categories":[46],"tags":[],"class_list":["post-9841","post","type-post","status-publish","format-standard","has-post-thumbnail","hentry","category-sense-categoria"],"acf":[],"yoast_head":"<!-- This site is optimized with the Yoast SEO plugin v27.4 - https:\/\/yoast.com\/product\/yoast-seo-wordpress\/ -->\n<title>El Dr. Gerard Mu\u00f1oz dirigeix la cinquena i \u00faltima Jornada de Portes Obertes de Physiotherapy | EUSES- Campus de Bellvitge (Barcelona)<\/title>\n<meta name=\"robots\" content=\"index, follow, max-snippet:-1, max-image-preview:large, max-video-preview:-1\" \/>\n<link rel=\"canonical\" href=\"https:\/\/barcelona.euses.cat\/ca\/el-dr-gerard-munoz-dirigeix-la-cinquena-i-ultima-jornada-de-portes-obertes-de-physiotherapy\/\" \/>\n<meta property=\"og:locale\" content=\"ca_ES\" \/>\n<meta property=\"og:type\" content=\"article\" \/>\n<meta property=\"og:title\" content=\"El Dr. Gerard Mu\u00f1oz dirigeix la cinquena i \u00faltima Jornada de Portes Obertes de Physiotherapy | EUSES- Campus de Bellvitge (Barcelona)\" \/>\n<meta property=\"og:description\" content=\"Physiotherapy Barcelona ha realitzat la cinquena i \u00faltima Jornada de Portes Obertes virtual que estava planificada en el calendari amb una exposici\u00f3 que ha anat a c\u00e0rrec del seu director, el Dr. Gerard Mu\u00f1oz. En la xerrada informativa, durant la qual tamb\u00e9 ha intervingut la coordinadora, Maria J\u00fadez, els representants de Physiotherapy Barcelona han parlat [&hellip;]\" \/>\n<meta property=\"og:url\" content=\"https:\/\/barcelona.euses.cat\/ca\/el-dr-gerard-munoz-dirigeix-la-cinquena-i-ultima-jornada-de-portes-obertes-de-physiotherapy\/\" \/>\n<meta property=\"og:site_name\" content=\"EUSES- Campus de Bellvitge (Barcelona)\" \/>\n<meta property=\"article:publisher\" content=\"https:\/\/www.facebook.com\/PhysioBCN\/\" \/>\n<meta property=\"article:published_time\" content=\"2021-05-18T23:19:15+00:00\" \/>\n<meta property=\"og:image\" content=\"https:\/\/barcelona.euses.cat\/wp-content\/uploads\/2021\/05\/jpo-bellvitge-4.png\" \/>\n\t<meta property=\"og:image:width\" content=\"1920\" \/>\n\t<meta property=\"og:image:height\" content=\"1080\" \/>\n\t<meta property=\"og:image:type\" content=\"image\/png\" \/>\n<meta name=\"author\" content=\"Jordi Danes\" \/>\n<meta name=\"twitter:card\" content=\"summary_large_image\" \/>\n<meta name=\"twitter:label1\" content=\"Escrit per\" \/>\n\t<meta name=\"twitter:data1\" content=\"Jordi Danes\" \/>\n\t<meta name=\"twitter:label2\" content=\"Temps estimat de lectura\" \/>\n\t<meta name=\"twitter:data2\" content=\"1 minut\" \/>\n<script type=\"application\/ld+json\" class=\"yoast-schema-graph\">{\"@context\":\"https:\\\/\\\/schema.org\",\"@graph\":[{\"@type\":\"Article\",\"@id\":\"https:\\\/\\\/barcelona.euses.cat\\\/ca\\\/el-dr-gerard-munoz-dirigeix-la-cinquena-i-ultima-jornada-de-portes-obertes-de-physiotherapy\\\/#article\",\"isPartOf\":{\"@id\":\"https:\\\/\\\/barcelona.euses.cat\\\/ca\\\/el-dr-gerard-munoz-dirigeix-la-cinquena-i-ultima-jornada-de-portes-obertes-de-physiotherapy\\\/\"},\"author\":{\"name\":\"Jordi Danes\",\"@id\":\"https:\\\/\\\/barcelona.euses.cat\\\/ca\\\/#\\\/schema\\\/person\\\/8ab46080dfc4814fa59383db317735bd\"},\"headline\":\"El Dr. Gerard Mu\u00f1oz dirigeix la cinquena i \u00faltima Jornada de Portes Obertes de Physiotherapy\",\"datePublished\":\"2021-05-18T23:19:15+00:00\",\"mainEntityOfPage\":{\"@id\":\"https:\\\/\\\/barcelona.euses.cat\\\/ca\\\/el-dr-gerard-munoz-dirigeix-la-cinquena-i-ultima-jornada-de-portes-obertes-de-physiotherapy\\\/\"},\"wordCount\":202,\"commentCount\":0,\"image\":{\"@id\":\"https:\\\/\\\/barcelona.euses.cat\\\/ca\\\/el-dr-gerard-munoz-dirigeix-la-cinquena-i-ultima-jornada-de-portes-obertes-de-physiotherapy\\\/#primaryimage\"},\"thumbnailUrl\":\"https:\\\/\\\/barcelona.euses.cat\\\/wp-content\\\/uploads\\\/2021\\\/05\\\/jpo-bellvitge-4.png\",\"articleSection\":[\"sense categoria\"],\"inLanguage\":\"ca\"},{\"@type\":\"WebPage\",\"@id\":\"https:\\\/\\\/barcelona.euses.cat\\\/ca\\\/el-dr-gerard-munoz-dirigeix-la-cinquena-i-ultima-jornada-de-portes-obertes-de-physiotherapy\\\/\",\"url\":\"https:\\\/\\\/barcelona.euses.cat\\\/ca\\\/el-dr-gerard-munoz-dirigeix-la-cinquena-i-ultima-jornada-de-portes-obertes-de-physiotherapy\\\/\",\"name\":\"El Dr. Gerard Mu\u00f1oz dirigeix la cinquena i \u00faltima Jornada de Portes Obertes de Physiotherapy | EUSES- Campus de Bellvitge (Barcelona)\",\"isPartOf\":{\"@id\":\"https:\\\/\\\/barcelona.euses.cat\\\/ca\\\/#website\"},\"primaryImageOfPage\":{\"@id\":\"https:\\\/\\\/barcelona.euses.cat\\\/ca\\\/el-dr-gerard-munoz-dirigeix-la-cinquena-i-ultima-jornada-de-portes-obertes-de-physiotherapy\\\/#primaryimage\"},\"image\":{\"@id\":\"https:\\\/\\\/barcelona.euses.cat\\\/ca\\\/el-dr-gerard-munoz-dirigeix-la-cinquena-i-ultima-jornada-de-portes-obertes-de-physiotherapy\\\/#primaryimage\"},\"thumbnailUrl\":\"https:\\\/\\\/barcelona.euses.cat\\\/wp-content\\\/uploads\\\/2021\\\/05\\\/jpo-bellvitge-4.png\",\"datePublished\":\"2021-05-18T23:19:15+00:00\",\"author\":{\"@id\":\"https:\\\/\\\/barcelona.euses.cat\\\/ca\\\/#\\\/schema\\\/person\\\/8ab46080dfc4814fa59383db317735bd\"},\"breadcrumb\":{\"@id\":\"https:\\\/\\\/barcelona.euses.cat\\\/ca\\\/el-dr-gerard-munoz-dirigeix-la-cinquena-i-ultima-jornada-de-portes-obertes-de-physiotherapy\\\/#breadcrumb\"},\"inLanguage\":\"ca\",\"potentialAction\":[{\"@type\":\"ReadAction\",\"target\":[\"https:\\\/\\\/barcelona.euses.cat\\\/ca\\\/el-dr-gerard-munoz-dirigeix-la-cinquena-i-ultima-jornada-de-portes-obertes-de-physiotherapy\\\/\"]}]},{\"@type\":\"ImageObject\",\"inLanguage\":\"ca\",\"@id\":\"https:\\\/\\\/barcelona.euses.cat\\\/ca\\\/el-dr-gerard-munoz-dirigeix-la-cinquena-i-ultima-jornada-de-portes-obertes-de-physiotherapy\\\/#primaryimage\",\"url\":\"https:\\\/\\\/barcelona.euses.cat\\\/wp-content\\\/uploads\\\/2021\\\/05\\\/jpo-bellvitge-4.png\",\"contentUrl\":\"https:\\\/\\\/barcelona.euses.cat\\\/wp-content\\\/uploads\\\/2021\\\/05\\\/jpo-bellvitge-4.png\",\"width\":1920,\"height\":1080},{\"@type\":\"BreadcrumbList\",\"@id\":\"https:\\\/\\\/barcelona.euses.cat\\\/ca\\\/el-dr-gerard-munoz-dirigeix-la-cinquena-i-ultima-jornada-de-portes-obertes-de-physiotherapy\\\/#breadcrumb\",\"itemListElement\":[{\"@type\":\"ListItem\",\"position\":1,\"name\":\"Portada\",\"item\":\"https:\\\/\\\/barcelona.euses.cat\\\/ca\\\/\"},{\"@type\":\"ListItem\",\"position\":2,\"name\":\"El Dr. Gerard Mu\u00f1oz dirigeix la cinquena i \u00faltima Jornada de Portes Obertes de Physiotherapy\"}]},{\"@type\":\"WebSite\",\"@id\":\"https:\\\/\\\/barcelona.euses.cat\\\/ca\\\/#website\",\"url\":\"https:\\\/\\\/barcelona.euses.cat\\\/ca\\\/\",\"name\":\"EUSES - Campus de Bellvitge (Barcelona)\",\"description\":\"EUSES, Escola Universit\u00e0ria de Fisioter\u00e0pia Internacional a Barcelona\",\"potentialAction\":[{\"@type\":\"SearchAction\",\"target\":{\"@type\":\"EntryPoint\",\"urlTemplate\":\"https:\\\/\\\/barcelona.euses.cat\\\/ca\\\/?s={search_term_string}\"},\"query-input\":{\"@type\":\"PropertyValueSpecification\",\"valueRequired\":true,\"valueName\":\"search_term_string\"}}],\"inLanguage\":\"ca\"},{\"@type\":\"Person\",\"@id\":\"https:\\\/\\\/barcelona.euses.cat\\\/ca\\\/#\\\/schema\\\/person\\\/8ab46080dfc4814fa59383db317735bd\",\"name\":\"Jordi Danes\",\"image\":{\"@type\":\"ImageObject\",\"inLanguage\":\"ca\",\"@id\":\"https:\\\/\\\/secure.gravatar.com\\\/avatar\\\/a9e4f443b594af225625ee8cfa665e41b1e0740ea34fbe0515b4ca559f8570ef?s=96&d=mm&r=g\",\"url\":\"https:\\\/\\\/secure.gravatar.com\\\/avatar\\\/a9e4f443b594af225625ee8cfa665e41b1e0740ea34fbe0515b4ca559f8570ef?s=96&d=mm&r=g\",\"contentUrl\":\"https:\\\/\\\/secure.gravatar.com\\\/avatar\\\/a9e4f443b594af225625ee8cfa665e41b1e0740ea34fbe0515b4ca559f8570ef?s=96&d=mm&r=g\",\"caption\":\"Jordi Danes\"},\"url\":\"https:\\\/\\\/barcelona.euses.cat\\\/ca\\\/author\\\/jordi-danes\\\/\"}]}<\/script>\n<!-- \/ Yoast SEO plugin. -->","yoast_head_json":{"title":"El Dr. Gerard Mu\u00f1oz dirigeix la cinquena i \u00faltima Jornada de Portes Obertes de Physiotherapy | EUSES- Campus de Bellvitge (Barcelona)","robots":{"index":"index","follow":"follow","max-snippet":"max-snippet:-1","max-image-preview":"max-image-preview:large","max-video-preview":"max-video-preview:-1"},"canonical":"https:\/\/barcelona.euses.cat\/ca\/el-dr-gerard-munoz-dirigeix-la-cinquena-i-ultima-jornada-de-portes-obertes-de-physiotherapy\/","og_locale":"ca_ES","og_type":"article","og_title":"El Dr. Gerard Mu\u00f1oz dirigeix la cinquena i \u00faltima Jornada de Portes Obertes de Physiotherapy | EUSES- Campus de Bellvitge (Barcelona)","og_description":"Physiotherapy Barcelona ha realitzat la cinquena i \u00faltima Jornada de Portes Obertes virtual que estava planificada en el calendari amb una exposici\u00f3 que ha anat a c\u00e0rrec del seu director, el Dr. Gerard Mu\u00f1oz. En la xerrada informativa, durant la qual tamb\u00e9 ha intervingut la coordinadora, Maria J\u00fadez, els representants de Physiotherapy Barcelona han parlat [&hellip;]","og_url":"https:\/\/barcelona.euses.cat\/ca\/el-dr-gerard-munoz-dirigeix-la-cinquena-i-ultima-jornada-de-portes-obertes-de-physiotherapy\/","og_site_name":"EUSES- Campus de Bellvitge (Barcelona)","article_publisher":"https:\/\/www.facebook.com\/PhysioBCN\/","article_published_time":"2021-05-18T23:19:15+00:00","og_image":[{"width":1920,"height":1080,"url":"https:\/\/barcelona.euses.cat\/wp-content\/uploads\/2021\/05\/jpo-bellvitge-4.png","type":"image\/png"}],"author":"Jordi Danes","twitter_card":"summary_large_image","twitter_misc":{"Escrit per":"Jordi Danes","Temps estimat de lectura":"1 minut"},"schema":{"@context":"https:\/\/schema.org","@graph":[{"@type":"Article","@id":"https:\/\/barcelona.euses.cat\/ca\/el-dr-gerard-munoz-dirigeix-la-cinquena-i-ultima-jornada-de-portes-obertes-de-physiotherapy\/#article","isPartOf":{"@id":"https:\/\/barcelona.euses.cat\/ca\/el-dr-gerard-munoz-dirigeix-la-cinquena-i-ultima-jornada-de-portes-obertes-de-physiotherapy\/"},"author":{"name":"Jordi Danes","@id":"https:\/\/barcelona.euses.cat\/ca\/#\/schema\/person\/8ab46080dfc4814fa59383db317735bd"},"headline":"El Dr. Gerard Mu\u00f1oz dirigeix la cinquena i \u00faltima Jornada de Portes Obertes de Physiotherapy","datePublished":"2021-05-18T23:19:15+00:00","mainEntityOfPage":{"@id":"https:\/\/barcelona.euses.cat\/ca\/el-dr-gerard-munoz-dirigeix-la-cinquena-i-ultima-jornada-de-portes-obertes-de-physiotherapy\/"},"wordCount":202,"commentCount":0,"image":{"@id":"https:\/\/barcelona.euses.cat\/ca\/el-dr-gerard-munoz-dirigeix-la-cinquena-i-ultima-jornada-de-portes-obertes-de-physiotherapy\/#primaryimage"},"thumbnailUrl":"https:\/\/barcelona.euses.cat\/wp-content\/uploads\/2021\/05\/jpo-bellvitge-4.png","articleSection":["sense categoria"],"inLanguage":"ca"},{"@type":"WebPage","@id":"https:\/\/barcelona.euses.cat\/ca\/el-dr-gerard-munoz-dirigeix-la-cinquena-i-ultima-jornada-de-portes-obertes-de-physiotherapy\/","url":"https:\/\/barcelona.euses.cat\/ca\/el-dr-gerard-munoz-dirigeix-la-cinquena-i-ultima-jornada-de-portes-obertes-de-physiotherapy\/","name":"El Dr. Gerard Mu\u00f1oz dirigeix la cinquena i \u00faltima Jornada de Portes Obertes de Physiotherapy | EUSES- Campus de Bellvitge (Barcelona)","isPartOf":{"@id":"https:\/\/barcelona.euses.cat\/ca\/#website"},"primaryImageOfPage":{"@id":"https:\/\/barcelona.euses.cat\/ca\/el-dr-gerard-munoz-dirigeix-la-cinquena-i-ultima-jornada-de-portes-obertes-de-physiotherapy\/#primaryimage"},"image":{"@id":"https:\/\/barcelona.euses.cat\/ca\/el-dr-gerard-munoz-dirigeix-la-cinquena-i-ultima-jornada-de-portes-obertes-de-physiotherapy\/#primaryimage"},"thumbnailUrl":"https:\/\/barcelona.euses.cat\/wp-content\/uploads\/2021\/05\/jpo-bellvitge-4.png","datePublished":"2021-05-18T23:19:15+00:00","author":{"@id":"https:\/\/barcelona.euses.cat\/ca\/#\/schema\/person\/8ab46080dfc4814fa59383db317735bd"},"breadcrumb":{"@id":"https:\/\/barcelona.euses.cat\/ca\/el-dr-gerard-munoz-dirigeix-la-cinquena-i-ultima-jornada-de-portes-obertes-de-physiotherapy\/#breadcrumb"},"inLanguage":"ca","potentialAction":[{"@type":"ReadAction","target":["https:\/\/barcelona.euses.cat\/ca\/el-dr-gerard-munoz-dirigeix-la-cinquena-i-ultima-jornada-de-portes-obertes-de-physiotherapy\/"]}]},{"@type":"ImageObject","inLanguage":"ca","@id":"https:\/\/barcelona.euses.cat\/ca\/el-dr-gerard-munoz-dirigeix-la-cinquena-i-ultima-jornada-de-portes-obertes-de-physiotherapy\/#primaryimage","url":"https:\/\/barcelona.euses.cat\/wp-content\/uploads\/2021\/05\/jpo-bellvitge-4.png","contentUrl":"https:\/\/barcelona.euses.cat\/wp-content\/uploads\/2021\/05\/jpo-bellvitge-4.png","width":1920,"height":1080},{"@type":"BreadcrumbList","@id":"https:\/\/barcelona.euses.cat\/ca\/el-dr-gerard-munoz-dirigeix-la-cinquena-i-ultima-jornada-de-portes-obertes-de-physiotherapy\/#breadcrumb","itemListElement":[{"@type":"ListItem","position":1,"name":"Portada","item":"https:\/\/barcelona.euses.cat\/ca\/"},{"@type":"ListItem","position":2,"name":"El Dr. Gerard Mu\u00f1oz dirigeix la cinquena i \u00faltima Jornada de Portes Obertes de Physiotherapy"}]},{"@type":"WebSite","@id":"https:\/\/barcelona.euses.cat\/ca\/#website","url":"https:\/\/barcelona.euses.cat\/ca\/","name":"EUSES - Campus de Bellvitge (Barcelona)","description":"EUSES, Escola Universit\u00e0ria de Fisioter\u00e0pia Internacional a Barcelona","potentialAction":[{"@type":"SearchAction","target":{"@type":"EntryPoint","urlTemplate":"https:\/\/barcelona.euses.cat\/ca\/?s={search_term_string}"},"query-input":{"@type":"PropertyValueSpecification","valueRequired":true,"valueName":"search_term_string"}}],"inLanguage":"ca"},{"@type":"Person","@id":"https:\/\/barcelona.euses.cat\/ca\/#\/schema\/person\/8ab46080dfc4814fa59383db317735bd","name":"Jordi Danes","image":{"@type":"ImageObject","inLanguage":"ca","@id":"https:\/\/secure.gravatar.com\/avatar\/a9e4f443b594af225625ee8cfa665e41b1e0740ea34fbe0515b4ca559f8570ef?s=96&d=mm&r=g","url":"https:\/\/secure.gravatar.com\/avatar\/a9e4f443b594af225625ee8cfa665e41b1e0740ea34fbe0515b4ca559f8570ef?s=96&d=mm&r=g","contentUrl":"https:\/\/secure.gravatar.com\/avatar\/a9e4f443b594af225625ee8cfa665e41b1e0740ea34fbe0515b4ca559f8570ef?s=96&d=mm&r=g","caption":"Jordi Danes"},"url":"https:\/\/barcelona.euses.cat\/ca\/author\/jordi-danes\/"}]}},"_links":{"self":[{"href":"https:\/\/barcelona.euses.cat\/ca\/wp-json\/wp\/v2\/posts\/9841","targetHints":{"allow":["GET"]}}],"collection":[{"href":"https:\/\/barcelona.euses.cat\/ca\/wp-json\/wp\/v2\/posts"}],"about":[{"href":"https:\/\/barcelona.euses.cat\/ca\/wp-json\/wp\/v2\/types\/post"}],"author":[{"embeddable":true,"href":"https:\/\/barcelona.euses.cat\/ca\/wp-json\/wp\/v2\/users\/3"}],"replies":[{"embeddable":true,"href":"https:\/\/barcelona.euses.cat\/ca\/wp-json\/wp\/v2\/comments?post=9841"}],"version-history":[{"count":1,"href":"https:\/\/barcelona.euses.cat\/ca\/wp-json\/wp\/v2\/posts\/9841\/revisions"}],"predecessor-version":[{"id":9858,"href":"https:\/\/barcelona.euses.cat\/ca\/wp-json\/wp\/v2\/posts\/9841\/revisions\/9858"}],"wp:featuredmedia":[{"embeddable":true,"href":"https:\/\/barcelona.euses.cat\/ca\/wp-json\/wp\/v2\/media\/9842"}],"wp:attachment":[{"href":"https:\/\/barcelona.euses.cat\/ca\/wp-json\/wp\/v2\/media?parent=9841"}],"wp:term":[{"taxonomy":"category","embeddable":true,"href":"https:\/\/barcelona.euses.cat\/ca\/wp-json\/wp\/v2\/categories?post=9841"},{"taxonomy":"post_tag","embeddable":true,"href":"https:\/\/barcelona.euses.cat\/ca\/wp-json\/wp\/v2\/tags?post=9841"}],"curies":[{"name":"wp","href":"https:\/\/api.w.org\/{rel}","templated":true}]}}