{"id":9755,"date":"2021-04-13T23:37:44","date_gmt":"2021-04-13T21:37:44","guid":{"rendered":"https:\/\/barcelona.euses.cat\/?p=9755"},"modified":"2021-04-13T23:37:44","modified_gmt":"2021-04-13T21:37:44","slug":"compte-enrere-per-a-la-celebracio-de-la-primera-edicio-de-leuses-talent-day-el-dimarts-27-dabril","status":"publish","type":"post","link":"https:\/\/barcelona.euses.cat\/ca\/compte-enrere-per-a-la-celebracio-de-la-primera-edicio-de-leuses-talent-day-el-dimarts-27-dabril\/","title":{"rendered":"Compte enrere per a la celebraci\u00f3 de la primera edici\u00f3 de l\u2019EUSES Talent Day, el dimarts 27 d\u2019abril"},"content":{"rendered":"<p>Dissenyat i organitzat per l\u2019equip de l\u2019EUSES Alumni, el proper dia 27 d\u2019abril veur\u00e0 la llum la primera edici\u00f3 de l\u2019EUSES Talent Day, la Fira Virtual de l\u2019Ocupaci\u00f3 i Orientaci\u00f3 professional de l\u2019Escola Universit\u00e0ria de la Salut i l\u2019Esport. El\u00a0 gran objectiu de l\u2019EUSES Talenty Day \u00e9s posar a l\u2019abast totes les eines necess\u00e0ries als estudiants que s\u2019estan a punt de graduar perqu\u00e8 puguin accedir al mercat laboral i, al mateix temps, ajudar als graduats i graduades que ja formen part de la fam\u00edlia Alumni a trobar una sortida professional.<\/p>\n<p>Les inscripcions per a l\u2019EUSES Taleny Day s\u2019han obert aquesta setmana i hi podran participar tots els alumnes de l\u2019EUSES dels tres campus (Salt, Bellvitge i Terres de l\u2019Ebre), aix\u00ed com els graduats que formen part de l\u2019associaci\u00f3 Alumni. La Fira Virtual de l\u2019Ocupaci\u00f3 i l\u2019Orientaci\u00f3 professional de l\u2019EUSES comen\u00e7ar\u00e0 a les 10 del mat\u00ed ,es perllongar\u00e0 fins a les 6 de la tarda i constar\u00e0 de dues parts:<\/p>\n<p><strong>&#8211; <\/strong>Confer\u00e8ncies i taules rodones\u00a0a on es parlar\u00e0 de les\u00a0diferents opcions professionals\u00a0que poden tenir els graduats en fisioter\u00e0pia i en CAFE i a on tamb\u00e9 es podr\u00e0 escoltar el testimoni de graduats de l&#8217;EUSES que\u00a0ens explicaran la seva experi\u00e8ncia professional\u00a0aqu\u00ed i a l&#8217;estranger.<\/p>\n<p>&#8211;\u00a0Stands virtuals on empreses i centres, d&#8217;aqu\u00ed i d&#8217;altres pa\u00efsos del nostre entorn, podran publicar la seva informaci\u00f3 corporativa, les seves\u00a0ofertes de treball\u00a0per als graduats de l&#8217;EUSES, i contactar amb els interessats en les seves ofertes a trav\u00e9s del xat. Al mateix temps, els alumnes podran trobar-hi ofertes de pr\u00e0ctiques remunerades durant l\u2019estiu.<\/p>\n<p>Per a inscriure\u2019t a <strong>l\u2019EUSES Talent Day<\/strong>, clica en <a href=\"https:\/\/eusestalentday.easyvirtualfair.com\/\">aquest enlla\u00e7<\/a> i omple el formulari.<\/p>\n<p>Per a inscriure\u2019t a l\u2019<strong>EUSES Alumni<\/strong>, clica en <a href=\"https:\/\/www.alumni.euses.cat\/ca\/accedir?view=registration\">aquest enlla\u00e7<\/a> i omple el formulari.<\/p>\n","protected":false},"excerpt":{"rendered":"<p>Dissenyat i organitzat per l\u2019equip de l\u2019EUSES Alumni, el proper dia 27 d\u2019abril veur\u00e0 la llum la primera edici\u00f3 de l\u2019EUSES Talent Day, la Fira Virtual de l\u2019Ocupaci\u00f3 i Orientaci\u00f3 professional de l\u2019Escola Universit\u00e0ria de la Salut i l\u2019Esport. El\u00a0 gran objectiu de l\u2019EUSES Talenty Day \u00e9s posar a l\u2019abast totes les eines necess\u00e0ries als [&hellip;]<\/p>\n","protected":false},"author":3,"featured_media":9748,"comment_status":"open","ping_status":"closed","sticky":false,"template":"","format":"standard","meta":{"_acf_changed":false,"inline_featured_image":false,"_joinchat":[],"footnotes":""},"categories":[46],"tags":[],"class_list":["post-9755","post","type-post","status-publish","format-standard","has-post-thumbnail","hentry","category-sense-categoria"],"acf":[],"yoast_head":"<!-- This site is optimized with the Yoast SEO plugin v27.4 - https:\/\/yoast.com\/product\/yoast-seo-wordpress\/ -->\n<title>Compte enrere per a la celebraci\u00f3 de la primera edici\u00f3 de l\u2019EUSES Talent Day, el dimarts 27 d\u2019abril | EUSES- Campus de Bellvitge (Barcelona)<\/title>\n<meta name=\"robots\" content=\"index, follow, max-snippet:-1, max-image-preview:large, max-video-preview:-1\" \/>\n<link rel=\"canonical\" href=\"https:\/\/barcelona.euses.cat\/ca\/compte-enrere-per-a-la-celebracio-de-la-primera-edicio-de-leuses-talent-day-el-dimarts-27-dabril\/\" \/>\n<meta property=\"og:locale\" content=\"ca_ES\" \/>\n<meta property=\"og:type\" content=\"article\" \/>\n<meta property=\"og:title\" content=\"Compte enrere per a la celebraci\u00f3 de la primera edici\u00f3 de l\u2019EUSES Talent Day, el dimarts 27 d\u2019abril | EUSES- Campus de Bellvitge (Barcelona)\" \/>\n<meta property=\"og:description\" content=\"Dissenyat i organitzat per l\u2019equip de l\u2019EUSES Alumni, el proper dia 27 d\u2019abril veur\u00e0 la llum la primera edici\u00f3 de l\u2019EUSES Talent Day, la Fira Virtual de l\u2019Ocupaci\u00f3 i Orientaci\u00f3 professional de l\u2019Escola Universit\u00e0ria de la Salut i l\u2019Esport. El\u00a0 gran objectiu de l\u2019EUSES Talenty Day \u00e9s posar a l\u2019abast totes les eines necess\u00e0ries als [&hellip;]\" \/>\n<meta property=\"og:url\" content=\"https:\/\/barcelona.euses.cat\/ca\/compte-enrere-per-a-la-celebracio-de-la-primera-edicio-de-leuses-talent-day-el-dimarts-27-dabril\/\" \/>\n<meta property=\"og:site_name\" content=\"EUSES- Campus de Bellvitge (Barcelona)\" \/>\n<meta property=\"article:publisher\" content=\"https:\/\/www.facebook.com\/PhysioBCN\/\" \/>\n<meta property=\"article:published_time\" content=\"2021-04-13T21:37:44+00:00\" \/>\n<meta property=\"og:image\" content=\"https:\/\/barcelona.euses.cat\/wp-content\/uploads\/2021\/04\/slide_TALENT_DAY_1920x650.jpg\" \/>\n\t<meta property=\"og:image:width\" content=\"1920\" \/>\n\t<meta property=\"og:image:height\" content=\"650\" \/>\n\t<meta property=\"og:image:type\" content=\"image\/jpeg\" \/>\n<meta name=\"author\" content=\"Jordi Danes\" \/>\n<meta name=\"twitter:card\" content=\"summary_large_image\" \/>\n<meta name=\"twitter:label1\" content=\"Escrit per\" \/>\n\t<meta name=\"twitter:data1\" content=\"Jordi Danes\" \/>\n\t<meta name=\"twitter:label2\" content=\"Temps estimat de lectura\" \/>\n\t<meta name=\"twitter:data2\" content=\"2 minuts\" \/>\n<script type=\"application\/ld+json\" class=\"yoast-schema-graph\">{\"@context\":\"https:\\\/\\\/schema.org\",\"@graph\":[{\"@type\":\"Article\",\"@id\":\"https:\\\/\\\/barcelona.euses.cat\\\/ca\\\/compte-enrere-per-a-la-celebracio-de-la-primera-edicio-de-leuses-talent-day-el-dimarts-27-dabril\\\/#article\",\"isPartOf\":{\"@id\":\"https:\\\/\\\/barcelona.euses.cat\\\/ca\\\/compte-enrere-per-a-la-celebracio-de-la-primera-edicio-de-leuses-talent-day-el-dimarts-27-dabril\\\/\"},\"author\":{\"name\":\"Jordi Danes\",\"@id\":\"https:\\\/\\\/barcelona.euses.cat\\\/ca\\\/#\\\/schema\\\/person\\\/8ab46080dfc4814fa59383db317735bd\"},\"headline\":\"Compte enrere per a la celebraci\u00f3 de la primera edici\u00f3 de l\u2019EUSES Talent Day, el dimarts 27 d\u2019abril\",\"datePublished\":\"2021-04-13T21:37:44+00:00\",\"mainEntityOfPage\":{\"@id\":\"https:\\\/\\\/barcelona.euses.cat\\\/ca\\\/compte-enrere-per-a-la-celebracio-de-la-primera-edicio-de-leuses-talent-day-el-dimarts-27-dabril\\\/\"},\"wordCount\":346,\"commentCount\":0,\"image\":{\"@id\":\"https:\\\/\\\/barcelona.euses.cat\\\/ca\\\/compte-enrere-per-a-la-celebracio-de-la-primera-edicio-de-leuses-talent-day-el-dimarts-27-dabril\\\/#primaryimage\"},\"thumbnailUrl\":\"https:\\\/\\\/barcelona.euses.cat\\\/wp-content\\\/uploads\\\/2021\\\/04\\\/slide_TALENT_DAY_1920x650.jpg\",\"articleSection\":[\"sense categoria\"],\"inLanguage\":\"ca\"},{\"@type\":\"WebPage\",\"@id\":\"https:\\\/\\\/barcelona.euses.cat\\\/ca\\\/compte-enrere-per-a-la-celebracio-de-la-primera-edicio-de-leuses-talent-day-el-dimarts-27-dabril\\\/\",\"url\":\"https:\\\/\\\/barcelona.euses.cat\\\/ca\\\/compte-enrere-per-a-la-celebracio-de-la-primera-edicio-de-leuses-talent-day-el-dimarts-27-dabril\\\/\",\"name\":\"Compte enrere per a la celebraci\u00f3 de la primera edici\u00f3 de l\u2019EUSES Talent Day, el dimarts 27 d\u2019abril | EUSES- Campus de Bellvitge (Barcelona)\",\"isPartOf\":{\"@id\":\"https:\\\/\\\/barcelona.euses.cat\\\/ca\\\/#website\"},\"primaryImageOfPage\":{\"@id\":\"https:\\\/\\\/barcelona.euses.cat\\\/ca\\\/compte-enrere-per-a-la-celebracio-de-la-primera-edicio-de-leuses-talent-day-el-dimarts-27-dabril\\\/#primaryimage\"},\"image\":{\"@id\":\"https:\\\/\\\/barcelona.euses.cat\\\/ca\\\/compte-enrere-per-a-la-celebracio-de-la-primera-edicio-de-leuses-talent-day-el-dimarts-27-dabril\\\/#primaryimage\"},\"thumbnailUrl\":\"https:\\\/\\\/barcelona.euses.cat\\\/wp-content\\\/uploads\\\/2021\\\/04\\\/slide_TALENT_DAY_1920x650.jpg\",\"datePublished\":\"2021-04-13T21:37:44+00:00\",\"author\":{\"@id\":\"https:\\\/\\\/barcelona.euses.cat\\\/ca\\\/#\\\/schema\\\/person\\\/8ab46080dfc4814fa59383db317735bd\"},\"breadcrumb\":{\"@id\":\"https:\\\/\\\/barcelona.euses.cat\\\/ca\\\/compte-enrere-per-a-la-celebracio-de-la-primera-edicio-de-leuses-talent-day-el-dimarts-27-dabril\\\/#breadcrumb\"},\"inLanguage\":\"ca\",\"potentialAction\":[{\"@type\":\"ReadAction\",\"target\":[\"https:\\\/\\\/barcelona.euses.cat\\\/ca\\\/compte-enrere-per-a-la-celebracio-de-la-primera-edicio-de-leuses-talent-day-el-dimarts-27-dabril\\\/\"]}]},{\"@type\":\"ImageObject\",\"inLanguage\":\"ca\",\"@id\":\"https:\\\/\\\/barcelona.euses.cat\\\/ca\\\/compte-enrere-per-a-la-celebracio-de-la-primera-edicio-de-leuses-talent-day-el-dimarts-27-dabril\\\/#primaryimage\",\"url\":\"https:\\\/\\\/barcelona.euses.cat\\\/wp-content\\\/uploads\\\/2021\\\/04\\\/slide_TALENT_DAY_1920x650.jpg\",\"contentUrl\":\"https:\\\/\\\/barcelona.euses.cat\\\/wp-content\\\/uploads\\\/2021\\\/04\\\/slide_TALENT_DAY_1920x650.jpg\",\"width\":1920,\"height\":650},{\"@type\":\"BreadcrumbList\",\"@id\":\"https:\\\/\\\/barcelona.euses.cat\\\/ca\\\/compte-enrere-per-a-la-celebracio-de-la-primera-edicio-de-leuses-talent-day-el-dimarts-27-dabril\\\/#breadcrumb\",\"itemListElement\":[{\"@type\":\"ListItem\",\"position\":1,\"name\":\"Portada\",\"item\":\"https:\\\/\\\/barcelona.euses.cat\\\/ca\\\/\"},{\"@type\":\"ListItem\",\"position\":2,\"name\":\"Compte enrere per a la celebraci\u00f3 de la primera edici\u00f3 de l\u2019EUSES Talent Day, el dimarts 27 d\u2019abril\"}]},{\"@type\":\"WebSite\",\"@id\":\"https:\\\/\\\/barcelona.euses.cat\\\/ca\\\/#website\",\"url\":\"https:\\\/\\\/barcelona.euses.cat\\\/ca\\\/\",\"name\":\"EUSES - Campus de Bellvitge (Barcelona)\",\"description\":\"EUSES, Escola Universit\u00e0ria de Fisioter\u00e0pia Internacional a Barcelona\",\"potentialAction\":[{\"@type\":\"SearchAction\",\"target\":{\"@type\":\"EntryPoint\",\"urlTemplate\":\"https:\\\/\\\/barcelona.euses.cat\\\/ca\\\/?s={search_term_string}\"},\"query-input\":{\"@type\":\"PropertyValueSpecification\",\"valueRequired\":true,\"valueName\":\"search_term_string\"}}],\"inLanguage\":\"ca\"},{\"@type\":\"Person\",\"@id\":\"https:\\\/\\\/barcelona.euses.cat\\\/ca\\\/#\\\/schema\\\/person\\\/8ab46080dfc4814fa59383db317735bd\",\"name\":\"Jordi Danes\",\"image\":{\"@type\":\"ImageObject\",\"inLanguage\":\"ca\",\"@id\":\"https:\\\/\\\/secure.gravatar.com\\\/avatar\\\/a9e4f443b594af225625ee8cfa665e41b1e0740ea34fbe0515b4ca559f8570ef?s=96&d=mm&r=g\",\"url\":\"https:\\\/\\\/secure.gravatar.com\\\/avatar\\\/a9e4f443b594af225625ee8cfa665e41b1e0740ea34fbe0515b4ca559f8570ef?s=96&d=mm&r=g\",\"contentUrl\":\"https:\\\/\\\/secure.gravatar.com\\\/avatar\\\/a9e4f443b594af225625ee8cfa665e41b1e0740ea34fbe0515b4ca559f8570ef?s=96&d=mm&r=g\",\"caption\":\"Jordi Danes\"},\"url\":\"https:\\\/\\\/barcelona.euses.cat\\\/ca\\\/author\\\/jordi-danes\\\/\"}]}<\/script>\n<!-- \/ Yoast SEO plugin. -->","yoast_head_json":{"title":"Compte enrere per a la celebraci\u00f3 de la primera edici\u00f3 de l\u2019EUSES Talent Day, el dimarts 27 d\u2019abril | EUSES- Campus de Bellvitge (Barcelona)","robots":{"index":"index","follow":"follow","max-snippet":"max-snippet:-1","max-image-preview":"max-image-preview:large","max-video-preview":"max-video-preview:-1"},"canonical":"https:\/\/barcelona.euses.cat\/ca\/compte-enrere-per-a-la-celebracio-de-la-primera-edicio-de-leuses-talent-day-el-dimarts-27-dabril\/","og_locale":"ca_ES","og_type":"article","og_title":"Compte enrere per a la celebraci\u00f3 de la primera edici\u00f3 de l\u2019EUSES Talent Day, el dimarts 27 d\u2019abril | EUSES- Campus de Bellvitge (Barcelona)","og_description":"Dissenyat i organitzat per l\u2019equip de l\u2019EUSES Alumni, el proper dia 27 d\u2019abril veur\u00e0 la llum la primera edici\u00f3 de l\u2019EUSES Talent Day, la Fira Virtual de l\u2019Ocupaci\u00f3 i Orientaci\u00f3 professional de l\u2019Escola Universit\u00e0ria de la Salut i l\u2019Esport. El\u00a0 gran objectiu de l\u2019EUSES Talenty Day \u00e9s posar a l\u2019abast totes les eines necess\u00e0ries als [&hellip;]","og_url":"https:\/\/barcelona.euses.cat\/ca\/compte-enrere-per-a-la-celebracio-de-la-primera-edicio-de-leuses-talent-day-el-dimarts-27-dabril\/","og_site_name":"EUSES- Campus de Bellvitge (Barcelona)","article_publisher":"https:\/\/www.facebook.com\/PhysioBCN\/","article_published_time":"2021-04-13T21:37:44+00:00","og_image":[{"width":1920,"height":650,"url":"https:\/\/barcelona.euses.cat\/wp-content\/uploads\/2021\/04\/slide_TALENT_DAY_1920x650.jpg","type":"image\/jpeg"}],"author":"Jordi Danes","twitter_card":"summary_large_image","twitter_misc":{"Escrit per":"Jordi Danes","Temps estimat de lectura":"2 minuts"},"schema":{"@context":"https:\/\/schema.org","@graph":[{"@type":"Article","@id":"https:\/\/barcelona.euses.cat\/ca\/compte-enrere-per-a-la-celebracio-de-la-primera-edicio-de-leuses-talent-day-el-dimarts-27-dabril\/#article","isPartOf":{"@id":"https:\/\/barcelona.euses.cat\/ca\/compte-enrere-per-a-la-celebracio-de-la-primera-edicio-de-leuses-talent-day-el-dimarts-27-dabril\/"},"author":{"name":"Jordi Danes","@id":"https:\/\/barcelona.euses.cat\/ca\/#\/schema\/person\/8ab46080dfc4814fa59383db317735bd"},"headline":"Compte enrere per a la celebraci\u00f3 de la primera edici\u00f3 de l\u2019EUSES Talent Day, el dimarts 27 d\u2019abril","datePublished":"2021-04-13T21:37:44+00:00","mainEntityOfPage":{"@id":"https:\/\/barcelona.euses.cat\/ca\/compte-enrere-per-a-la-celebracio-de-la-primera-edicio-de-leuses-talent-day-el-dimarts-27-dabril\/"},"wordCount":346,"commentCount":0,"image":{"@id":"https:\/\/barcelona.euses.cat\/ca\/compte-enrere-per-a-la-celebracio-de-la-primera-edicio-de-leuses-talent-day-el-dimarts-27-dabril\/#primaryimage"},"thumbnailUrl":"https:\/\/barcelona.euses.cat\/wp-content\/uploads\/2021\/04\/slide_TALENT_DAY_1920x650.jpg","articleSection":["sense categoria"],"inLanguage":"ca"},{"@type":"WebPage","@id":"https:\/\/barcelona.euses.cat\/ca\/compte-enrere-per-a-la-celebracio-de-la-primera-edicio-de-leuses-talent-day-el-dimarts-27-dabril\/","url":"https:\/\/barcelona.euses.cat\/ca\/compte-enrere-per-a-la-celebracio-de-la-primera-edicio-de-leuses-talent-day-el-dimarts-27-dabril\/","name":"Compte enrere per a la celebraci\u00f3 de la primera edici\u00f3 de l\u2019EUSES Talent Day, el dimarts 27 d\u2019abril | EUSES- Campus de Bellvitge (Barcelona)","isPartOf":{"@id":"https:\/\/barcelona.euses.cat\/ca\/#website"},"primaryImageOfPage":{"@id":"https:\/\/barcelona.euses.cat\/ca\/compte-enrere-per-a-la-celebracio-de-la-primera-edicio-de-leuses-talent-day-el-dimarts-27-dabril\/#primaryimage"},"image":{"@id":"https:\/\/barcelona.euses.cat\/ca\/compte-enrere-per-a-la-celebracio-de-la-primera-edicio-de-leuses-talent-day-el-dimarts-27-dabril\/#primaryimage"},"thumbnailUrl":"https:\/\/barcelona.euses.cat\/wp-content\/uploads\/2021\/04\/slide_TALENT_DAY_1920x650.jpg","datePublished":"2021-04-13T21:37:44+00:00","author":{"@id":"https:\/\/barcelona.euses.cat\/ca\/#\/schema\/person\/8ab46080dfc4814fa59383db317735bd"},"breadcrumb":{"@id":"https:\/\/barcelona.euses.cat\/ca\/compte-enrere-per-a-la-celebracio-de-la-primera-edicio-de-leuses-talent-day-el-dimarts-27-dabril\/#breadcrumb"},"inLanguage":"ca","potentialAction":[{"@type":"ReadAction","target":["https:\/\/barcelona.euses.cat\/ca\/compte-enrere-per-a-la-celebracio-de-la-primera-edicio-de-leuses-talent-day-el-dimarts-27-dabril\/"]}]},{"@type":"ImageObject","inLanguage":"ca","@id":"https:\/\/barcelona.euses.cat\/ca\/compte-enrere-per-a-la-celebracio-de-la-primera-edicio-de-leuses-talent-day-el-dimarts-27-dabril\/#primaryimage","url":"https:\/\/barcelona.euses.cat\/wp-content\/uploads\/2021\/04\/slide_TALENT_DAY_1920x650.jpg","contentUrl":"https:\/\/barcelona.euses.cat\/wp-content\/uploads\/2021\/04\/slide_TALENT_DAY_1920x650.jpg","width":1920,"height":650},{"@type":"BreadcrumbList","@id":"https:\/\/barcelona.euses.cat\/ca\/compte-enrere-per-a-la-celebracio-de-la-primera-edicio-de-leuses-talent-day-el-dimarts-27-dabril\/#breadcrumb","itemListElement":[{"@type":"ListItem","position":1,"name":"Portada","item":"https:\/\/barcelona.euses.cat\/ca\/"},{"@type":"ListItem","position":2,"name":"Compte enrere per a la celebraci\u00f3 de la primera edici\u00f3 de l\u2019EUSES Talent Day, el dimarts 27 d\u2019abril"}]},{"@type":"WebSite","@id":"https:\/\/barcelona.euses.cat\/ca\/#website","url":"https:\/\/barcelona.euses.cat\/ca\/","name":"EUSES - Campus de Bellvitge (Barcelona)","description":"EUSES, Escola Universit\u00e0ria de Fisioter\u00e0pia Internacional a Barcelona","potentialAction":[{"@type":"SearchAction","target":{"@type":"EntryPoint","urlTemplate":"https:\/\/barcelona.euses.cat\/ca\/?s={search_term_string}"},"query-input":{"@type":"PropertyValueSpecification","valueRequired":true,"valueName":"search_term_string"}}],"inLanguage":"ca"},{"@type":"Person","@id":"https:\/\/barcelona.euses.cat\/ca\/#\/schema\/person\/8ab46080dfc4814fa59383db317735bd","name":"Jordi Danes","image":{"@type":"ImageObject","inLanguage":"ca","@id":"https:\/\/secure.gravatar.com\/avatar\/a9e4f443b594af225625ee8cfa665e41b1e0740ea34fbe0515b4ca559f8570ef?s=96&d=mm&r=g","url":"https:\/\/secure.gravatar.com\/avatar\/a9e4f443b594af225625ee8cfa665e41b1e0740ea34fbe0515b4ca559f8570ef?s=96&d=mm&r=g","contentUrl":"https:\/\/secure.gravatar.com\/avatar\/a9e4f443b594af225625ee8cfa665e41b1e0740ea34fbe0515b4ca559f8570ef?s=96&d=mm&r=g","caption":"Jordi Danes"},"url":"https:\/\/barcelona.euses.cat\/ca\/author\/jordi-danes\/"}]}},"_links":{"self":[{"href":"https:\/\/barcelona.euses.cat\/ca\/wp-json\/wp\/v2\/posts\/9755","targetHints":{"allow":["GET"]}}],"collection":[{"href":"https:\/\/barcelona.euses.cat\/ca\/wp-json\/wp\/v2\/posts"}],"about":[{"href":"https:\/\/barcelona.euses.cat\/ca\/wp-json\/wp\/v2\/types\/post"}],"author":[{"embeddable":true,"href":"https:\/\/barcelona.euses.cat\/ca\/wp-json\/wp\/v2\/users\/3"}],"replies":[{"embeddable":true,"href":"https:\/\/barcelona.euses.cat\/ca\/wp-json\/wp\/v2\/comments?post=9755"}],"version-history":[{"count":1,"href":"https:\/\/barcelona.euses.cat\/ca\/wp-json\/wp\/v2\/posts\/9755\/revisions"}],"predecessor-version":[{"id":9756,"href":"https:\/\/barcelona.euses.cat\/ca\/wp-json\/wp\/v2\/posts\/9755\/revisions\/9756"}],"wp:featuredmedia":[{"embeddable":true,"href":"https:\/\/barcelona.euses.cat\/ca\/wp-json\/wp\/v2\/media\/9748"}],"wp:attachment":[{"href":"https:\/\/barcelona.euses.cat\/ca\/wp-json\/wp\/v2\/media?parent=9755"}],"wp:term":[{"taxonomy":"category","embeddable":true,"href":"https:\/\/barcelona.euses.cat\/ca\/wp-json\/wp\/v2\/categories?post=9755"},{"taxonomy":"post_tag","embeddable":true,"href":"https:\/\/barcelona.euses.cat\/ca\/wp-json\/wp\/v2\/tags?post=9755"}],"curies":[{"name":"wp","href":"https:\/\/api.w.org\/{rel}","templated":true}]}}