{"id":9725,"date":"2021-04-11T13:11:11","date_gmt":"2021-04-11T11:11:11","guid":{"rendered":"https:\/\/barcelona.euses.cat\/?p=9725"},"modified":"2021-04-11T19:53:24","modified_gmt":"2021-04-11T17:53:24","slug":"publiquen-una-investigacio-de-la-professora-andrea-fuente-sobre-els-factors-determinants-per-a-leleccio-del-grau-en-fisioterapia","status":"publish","type":"post","link":"https:\/\/barcelona.euses.cat\/ca\/publiquen-una-investigacio-de-la-professora-andrea-fuente-sobre-els-factors-determinants-per-a-leleccio-del-grau-en-fisioterapia\/","title":{"rendered":"Publiquen una investigaci\u00f3 de la professora Andrea Fuente sobre els factors determinants per a l\u2019elecci\u00f3 del Grau en Fisioter\u00e0pia"},"content":{"rendered":"<p>La professora de Physiotherapy Andrea Fuente, que imparteix les assignatures de Fonaments de Fisioter\u00e0pia (1r), Valoraci\u00f3 en Fisioter\u00e0pia (1r), Atenci\u00f3 Sanit\u00e0ria B\u00e0sica (2n), Cinesiter\u00e0pia (2n), Treball Final de Grau (4t) en el Campus de Bellvitge, ha vist publicada una investigaci\u00f3 que origin\u00e0riament va formar part del seu Treball Final de M\u00e0ster sobre els \u201cFactors que influeixen en l\u2019elecci\u00f3 del Grau en Fisioter\u00e0pia a Catalunya per part dels Estudiants\u201d. El treball es va realitzar sobre una \u00e0mplia mostra d\u2019alumnes (es van enquestar 941 estudiants de primer curs de 10 dels 12 centres universitaris que imparteixen aquest grau a Catalunya i entre els quals hi havia representants dels campus de Salt i de Terres de l\u2019Ebre de l\u2019EUSES) i tamb\u00e9 va permetre avaluar les difer\u00e8ncies entre estudiants francesos i espanyols i entre homes i dones.<\/p>\n<p>L\u2019<a href=\"https:\/\/peerj.com\/articles\/10991\/\" target=\"_blank\" rel=\"noopener noreferrer\">article d\u2019investigaci\u00f3 s\u2019ha publicat a la revista Peer J<\/a> i algunes de les conclusions han estat que els factors m\u00e9s determinants a l\u2019hora d\u2019estudiar Fisioter\u00e0pia varen ser: la voluntat d\u2019ajudar els altres; la relaci\u00f3 de la professi\u00f3 amb l\u2019esport i la pr\u00e0ctica manual; i tamb\u00e9 la flexibilitat laboral pel que fa a les m\u00faltiples possibilitats de feina.<\/p>\n<p>Tamb\u00e9 es va concloure que les dones prioritzen ajudar els altres i l\u2019inter\u00e8s per a les ci\u00e8ncies, mentre que per als estudiants masculins, les raons de m\u00e9s pes s\u00f3n la relaci\u00f3 de la Fisioter\u00e0pia amb l\u2019esport, el fet de complementar estudis de grau previs, aix\u00ed com factors de tipus social (admiraci\u00f3, recomanacions, amistat, reconeixement social) i socioecon\u00f2mic com l\u2019ocupabilitat o els bons ingressos.<\/p>\n<p>En comparaci\u00f3 amb els estudiants espanyols, els alumnes francesos es mostren m\u00e9s motivats per la relaci\u00f3 amb factors esportius, socials i socioecon\u00f2mics (expectativa de bons salaris i ocupabilitat, m\u00faltiples oportunitats laborals) i alguns de vocacionals, l&#8217;inter\u00e8s en una professi\u00f3 manual o un desig de la inf\u00e0ncia en realitzar aquest grau.<\/p>\n","protected":false},"excerpt":{"rendered":"<p>La professora de Physiotherapy Andrea Fuente, que imparteix les assignatures de Fonaments de Fisioter\u00e0pia (1r), Valoraci\u00f3 en Fisioter\u00e0pia (1r), Atenci\u00f3 Sanit\u00e0ria B\u00e0sica (2n), Cinesiter\u00e0pia (2n), Treball Final de Grau (4t) en el Campus de Bellvitge, ha vist publicada una investigaci\u00f3 que origin\u00e0riament va formar part del seu Treball Final de M\u00e0ster sobre els \u201cFactors que [&hellip;]<\/p>\n","protected":false},"author":3,"featured_media":9673,"comment_status":"open","ping_status":"closed","sticky":false,"template":"","format":"standard","meta":{"_acf_changed":false,"inline_featured_image":false,"_joinchat":[],"footnotes":""},"categories":[46],"tags":[],"class_list":["post-9725","post","type-post","status-publish","format-standard","has-post-thumbnail","hentry","category-sense-categoria"],"acf":[],"yoast_head":"<!-- This site is optimized with the Yoast SEO plugin v27.4 - https:\/\/yoast.com\/product\/yoast-seo-wordpress\/ -->\n<title>Publiquen una investigaci\u00f3 de la professora Andrea Fuente sobre els factors determinants per a l\u2019elecci\u00f3 del Grau en Fisioter\u00e0pia | EUSES- Campus de Bellvitge (Barcelona)<\/title>\n<meta name=\"robots\" content=\"index, follow, max-snippet:-1, max-image-preview:large, max-video-preview:-1\" \/>\n<link rel=\"canonical\" href=\"https:\/\/barcelona.euses.cat\/ca\/publiquen-una-investigacio-de-la-professora-andrea-fuente-sobre-els-factors-determinants-per-a-leleccio-del-grau-en-fisioterapia\/\" \/>\n<meta property=\"og:locale\" content=\"ca_ES\" \/>\n<meta property=\"og:type\" content=\"article\" \/>\n<meta property=\"og:title\" content=\"Publiquen una investigaci\u00f3 de la professora Andrea Fuente sobre els factors determinants per a l\u2019elecci\u00f3 del Grau en Fisioter\u00e0pia | EUSES- Campus de Bellvitge (Barcelona)\" \/>\n<meta property=\"og:description\" content=\"La professora de Physiotherapy Andrea Fuente, que imparteix les assignatures de Fonaments de Fisioter\u00e0pia (1r), Valoraci\u00f3 en Fisioter\u00e0pia (1r), Atenci\u00f3 Sanit\u00e0ria B\u00e0sica (2n), Cinesiter\u00e0pia (2n), Treball Final de Grau (4t) en el Campus de Bellvitge, ha vist publicada una investigaci\u00f3 que origin\u00e0riament va formar part del seu Treball Final de M\u00e0ster sobre els \u201cFactors que [&hellip;]\" \/>\n<meta property=\"og:url\" content=\"https:\/\/barcelona.euses.cat\/ca\/publiquen-una-investigacio-de-la-professora-andrea-fuente-sobre-els-factors-determinants-per-a-leleccio-del-grau-en-fisioterapia\/\" \/>\n<meta property=\"og:site_name\" content=\"EUSES- Campus de Bellvitge (Barcelona)\" \/>\n<meta property=\"article:publisher\" content=\"https:\/\/www.facebook.com\/PhysioBCN\/\" \/>\n<meta property=\"article:published_time\" content=\"2021-04-11T11:11:11+00:00\" \/>\n<meta property=\"article:modified_time\" content=\"2021-04-11T17:53:24+00:00\" \/>\n<meta property=\"og:image\" content=\"https:\/\/barcelona.euses.cat\/wp-content\/uploads\/2019\/01\/Andrea-Fuente_Foto_BCN-3.jpg\" \/>\n\t<meta property=\"og:image:width\" content=\"1795\" \/>\n\t<meta property=\"og:image:height\" content=\"1699\" \/>\n\t<meta property=\"og:image:type\" content=\"image\/jpeg\" \/>\n<meta name=\"author\" content=\"Jordi Danes\" \/>\n<meta name=\"twitter:card\" content=\"summary_large_image\" \/>\n<meta name=\"twitter:label1\" content=\"Escrit per\" \/>\n\t<meta name=\"twitter:data1\" content=\"Jordi Danes\" \/>\n\t<meta name=\"twitter:label2\" content=\"Temps estimat de lectura\" \/>\n\t<meta name=\"twitter:data2\" content=\"2 minuts\" \/>\n<script type=\"application\/ld+json\" class=\"yoast-schema-graph\">{\"@context\":\"https:\\\/\\\/schema.org\",\"@graph\":[{\"@type\":\"Article\",\"@id\":\"https:\\\/\\\/barcelona.euses.cat\\\/ca\\\/publiquen-una-investigacio-de-la-professora-andrea-fuente-sobre-els-factors-determinants-per-a-leleccio-del-grau-en-fisioterapia\\\/#article\",\"isPartOf\":{\"@id\":\"https:\\\/\\\/barcelona.euses.cat\\\/ca\\\/publiquen-una-investigacio-de-la-professora-andrea-fuente-sobre-els-factors-determinants-per-a-leleccio-del-grau-en-fisioterapia\\\/\"},\"author\":{\"name\":\"Jordi Danes\",\"@id\":\"https:\\\/\\\/barcelona.euses.cat\\\/ca\\\/#\\\/schema\\\/person\\\/8ab46080dfc4814fa59383db317735bd\"},\"headline\":\"Publiquen una investigaci\u00f3 de la professora Andrea Fuente sobre els factors determinants per a l\u2019elecci\u00f3 del Grau en Fisioter\u00e0pia\",\"datePublished\":\"2021-04-11T11:11:11+00:00\",\"dateModified\":\"2021-04-11T17:53:24+00:00\",\"mainEntityOfPage\":{\"@id\":\"https:\\\/\\\/barcelona.euses.cat\\\/ca\\\/publiquen-una-investigacio-de-la-professora-andrea-fuente-sobre-els-factors-determinants-per-a-leleccio-del-grau-en-fisioterapia\\\/\"},\"wordCount\":360,\"commentCount\":0,\"image\":{\"@id\":\"https:\\\/\\\/barcelona.euses.cat\\\/ca\\\/publiquen-una-investigacio-de-la-professora-andrea-fuente-sobre-els-factors-determinants-per-a-leleccio-del-grau-en-fisioterapia\\\/#primaryimage\"},\"thumbnailUrl\":\"https:\\\/\\\/barcelona.euses.cat\\\/wp-content\\\/uploads\\\/2019\\\/01\\\/Andrea-Fuente_Foto_BCN-3.jpg\",\"articleSection\":[\"sense categoria\"],\"inLanguage\":\"ca\"},{\"@type\":\"WebPage\",\"@id\":\"https:\\\/\\\/barcelona.euses.cat\\\/ca\\\/publiquen-una-investigacio-de-la-professora-andrea-fuente-sobre-els-factors-determinants-per-a-leleccio-del-grau-en-fisioterapia\\\/\",\"url\":\"https:\\\/\\\/barcelona.euses.cat\\\/ca\\\/publiquen-una-investigacio-de-la-professora-andrea-fuente-sobre-els-factors-determinants-per-a-leleccio-del-grau-en-fisioterapia\\\/\",\"name\":\"Publiquen una investigaci\u00f3 de la professora Andrea Fuente sobre els factors determinants per a l\u2019elecci\u00f3 del Grau en Fisioter\u00e0pia | EUSES- Campus de Bellvitge (Barcelona)\",\"isPartOf\":{\"@id\":\"https:\\\/\\\/barcelona.euses.cat\\\/ca\\\/#website\"},\"primaryImageOfPage\":{\"@id\":\"https:\\\/\\\/barcelona.euses.cat\\\/ca\\\/publiquen-una-investigacio-de-la-professora-andrea-fuente-sobre-els-factors-determinants-per-a-leleccio-del-grau-en-fisioterapia\\\/#primaryimage\"},\"image\":{\"@id\":\"https:\\\/\\\/barcelona.euses.cat\\\/ca\\\/publiquen-una-investigacio-de-la-professora-andrea-fuente-sobre-els-factors-determinants-per-a-leleccio-del-grau-en-fisioterapia\\\/#primaryimage\"},\"thumbnailUrl\":\"https:\\\/\\\/barcelona.euses.cat\\\/wp-content\\\/uploads\\\/2019\\\/01\\\/Andrea-Fuente_Foto_BCN-3.jpg\",\"datePublished\":\"2021-04-11T11:11:11+00:00\",\"dateModified\":\"2021-04-11T17:53:24+00:00\",\"author\":{\"@id\":\"https:\\\/\\\/barcelona.euses.cat\\\/ca\\\/#\\\/schema\\\/person\\\/8ab46080dfc4814fa59383db317735bd\"},\"breadcrumb\":{\"@id\":\"https:\\\/\\\/barcelona.euses.cat\\\/ca\\\/publiquen-una-investigacio-de-la-professora-andrea-fuente-sobre-els-factors-determinants-per-a-leleccio-del-grau-en-fisioterapia\\\/#breadcrumb\"},\"inLanguage\":\"ca\",\"potentialAction\":[{\"@type\":\"ReadAction\",\"target\":[\"https:\\\/\\\/barcelona.euses.cat\\\/ca\\\/publiquen-una-investigacio-de-la-professora-andrea-fuente-sobre-els-factors-determinants-per-a-leleccio-del-grau-en-fisioterapia\\\/\"]}]},{\"@type\":\"ImageObject\",\"inLanguage\":\"ca\",\"@id\":\"https:\\\/\\\/barcelona.euses.cat\\\/ca\\\/publiquen-una-investigacio-de-la-professora-andrea-fuente-sobre-els-factors-determinants-per-a-leleccio-del-grau-en-fisioterapia\\\/#primaryimage\",\"url\":\"https:\\\/\\\/barcelona.euses.cat\\\/wp-content\\\/uploads\\\/2019\\\/01\\\/Andrea-Fuente_Foto_BCN-3.jpg\",\"contentUrl\":\"https:\\\/\\\/barcelona.euses.cat\\\/wp-content\\\/uploads\\\/2019\\\/01\\\/Andrea-Fuente_Foto_BCN-3.jpg\",\"width\":1795,\"height\":1699},{\"@type\":\"BreadcrumbList\",\"@id\":\"https:\\\/\\\/barcelona.euses.cat\\\/ca\\\/publiquen-una-investigacio-de-la-professora-andrea-fuente-sobre-els-factors-determinants-per-a-leleccio-del-grau-en-fisioterapia\\\/#breadcrumb\",\"itemListElement\":[{\"@type\":\"ListItem\",\"position\":1,\"name\":\"Portada\",\"item\":\"https:\\\/\\\/barcelona.euses.cat\\\/ca\\\/\"},{\"@type\":\"ListItem\",\"position\":2,\"name\":\"Publiquen una investigaci\u00f3 de la professora Andrea Fuente sobre els factors determinants per a l\u2019elecci\u00f3 del Grau en Fisioter\u00e0pia\"}]},{\"@type\":\"WebSite\",\"@id\":\"https:\\\/\\\/barcelona.euses.cat\\\/ca\\\/#website\",\"url\":\"https:\\\/\\\/barcelona.euses.cat\\\/ca\\\/\",\"name\":\"EUSES - Campus de Bellvitge (Barcelona)\",\"description\":\"EUSES, Escola Universit\u00e0ria de Fisioter\u00e0pia Internacional a Barcelona\",\"potentialAction\":[{\"@type\":\"SearchAction\",\"target\":{\"@type\":\"EntryPoint\",\"urlTemplate\":\"https:\\\/\\\/barcelona.euses.cat\\\/ca\\\/?s={search_term_string}\"},\"query-input\":{\"@type\":\"PropertyValueSpecification\",\"valueRequired\":true,\"valueName\":\"search_term_string\"}}],\"inLanguage\":\"ca\"},{\"@type\":\"Person\",\"@id\":\"https:\\\/\\\/barcelona.euses.cat\\\/ca\\\/#\\\/schema\\\/person\\\/8ab46080dfc4814fa59383db317735bd\",\"name\":\"Jordi Danes\",\"image\":{\"@type\":\"ImageObject\",\"inLanguage\":\"ca\",\"@id\":\"https:\\\/\\\/secure.gravatar.com\\\/avatar\\\/a9e4f443b594af225625ee8cfa665e41b1e0740ea34fbe0515b4ca559f8570ef?s=96&d=mm&r=g\",\"url\":\"https:\\\/\\\/secure.gravatar.com\\\/avatar\\\/a9e4f443b594af225625ee8cfa665e41b1e0740ea34fbe0515b4ca559f8570ef?s=96&d=mm&r=g\",\"contentUrl\":\"https:\\\/\\\/secure.gravatar.com\\\/avatar\\\/a9e4f443b594af225625ee8cfa665e41b1e0740ea34fbe0515b4ca559f8570ef?s=96&d=mm&r=g\",\"caption\":\"Jordi Danes\"},\"url\":\"https:\\\/\\\/barcelona.euses.cat\\\/ca\\\/author\\\/jordi-danes\\\/\"}]}<\/script>\n<!-- \/ Yoast SEO plugin. -->","yoast_head_json":{"title":"Publiquen una investigaci\u00f3 de la professora Andrea Fuente sobre els factors determinants per a l\u2019elecci\u00f3 del Grau en Fisioter\u00e0pia | EUSES- Campus de Bellvitge (Barcelona)","robots":{"index":"index","follow":"follow","max-snippet":"max-snippet:-1","max-image-preview":"max-image-preview:large","max-video-preview":"max-video-preview:-1"},"canonical":"https:\/\/barcelona.euses.cat\/ca\/publiquen-una-investigacio-de-la-professora-andrea-fuente-sobre-els-factors-determinants-per-a-leleccio-del-grau-en-fisioterapia\/","og_locale":"ca_ES","og_type":"article","og_title":"Publiquen una investigaci\u00f3 de la professora Andrea Fuente sobre els factors determinants per a l\u2019elecci\u00f3 del Grau en Fisioter\u00e0pia | EUSES- Campus de Bellvitge (Barcelona)","og_description":"La professora de Physiotherapy Andrea Fuente, que imparteix les assignatures de Fonaments de Fisioter\u00e0pia (1r), Valoraci\u00f3 en Fisioter\u00e0pia (1r), Atenci\u00f3 Sanit\u00e0ria B\u00e0sica (2n), Cinesiter\u00e0pia (2n), Treball Final de Grau (4t) en el Campus de Bellvitge, ha vist publicada una investigaci\u00f3 que origin\u00e0riament va formar part del seu Treball Final de M\u00e0ster sobre els \u201cFactors que [&hellip;]","og_url":"https:\/\/barcelona.euses.cat\/ca\/publiquen-una-investigacio-de-la-professora-andrea-fuente-sobre-els-factors-determinants-per-a-leleccio-del-grau-en-fisioterapia\/","og_site_name":"EUSES- Campus de Bellvitge (Barcelona)","article_publisher":"https:\/\/www.facebook.com\/PhysioBCN\/","article_published_time":"2021-04-11T11:11:11+00:00","article_modified_time":"2021-04-11T17:53:24+00:00","og_image":[{"width":1795,"height":1699,"url":"https:\/\/barcelona.euses.cat\/wp-content\/uploads\/2019\/01\/Andrea-Fuente_Foto_BCN-3.jpg","type":"image\/jpeg"}],"author":"Jordi Danes","twitter_card":"summary_large_image","twitter_misc":{"Escrit per":"Jordi Danes","Temps estimat de lectura":"2 minuts"},"schema":{"@context":"https:\/\/schema.org","@graph":[{"@type":"Article","@id":"https:\/\/barcelona.euses.cat\/ca\/publiquen-una-investigacio-de-la-professora-andrea-fuente-sobre-els-factors-determinants-per-a-leleccio-del-grau-en-fisioterapia\/#article","isPartOf":{"@id":"https:\/\/barcelona.euses.cat\/ca\/publiquen-una-investigacio-de-la-professora-andrea-fuente-sobre-els-factors-determinants-per-a-leleccio-del-grau-en-fisioterapia\/"},"author":{"name":"Jordi Danes","@id":"https:\/\/barcelona.euses.cat\/ca\/#\/schema\/person\/8ab46080dfc4814fa59383db317735bd"},"headline":"Publiquen una investigaci\u00f3 de la professora Andrea Fuente sobre els factors determinants per a l\u2019elecci\u00f3 del Grau en Fisioter\u00e0pia","datePublished":"2021-04-11T11:11:11+00:00","dateModified":"2021-04-11T17:53:24+00:00","mainEntityOfPage":{"@id":"https:\/\/barcelona.euses.cat\/ca\/publiquen-una-investigacio-de-la-professora-andrea-fuente-sobre-els-factors-determinants-per-a-leleccio-del-grau-en-fisioterapia\/"},"wordCount":360,"commentCount":0,"image":{"@id":"https:\/\/barcelona.euses.cat\/ca\/publiquen-una-investigacio-de-la-professora-andrea-fuente-sobre-els-factors-determinants-per-a-leleccio-del-grau-en-fisioterapia\/#primaryimage"},"thumbnailUrl":"https:\/\/barcelona.euses.cat\/wp-content\/uploads\/2019\/01\/Andrea-Fuente_Foto_BCN-3.jpg","articleSection":["sense categoria"],"inLanguage":"ca"},{"@type":"WebPage","@id":"https:\/\/barcelona.euses.cat\/ca\/publiquen-una-investigacio-de-la-professora-andrea-fuente-sobre-els-factors-determinants-per-a-leleccio-del-grau-en-fisioterapia\/","url":"https:\/\/barcelona.euses.cat\/ca\/publiquen-una-investigacio-de-la-professora-andrea-fuente-sobre-els-factors-determinants-per-a-leleccio-del-grau-en-fisioterapia\/","name":"Publiquen una investigaci\u00f3 de la professora Andrea Fuente sobre els factors determinants per a l\u2019elecci\u00f3 del Grau en Fisioter\u00e0pia | EUSES- Campus de Bellvitge (Barcelona)","isPartOf":{"@id":"https:\/\/barcelona.euses.cat\/ca\/#website"},"primaryImageOfPage":{"@id":"https:\/\/barcelona.euses.cat\/ca\/publiquen-una-investigacio-de-la-professora-andrea-fuente-sobre-els-factors-determinants-per-a-leleccio-del-grau-en-fisioterapia\/#primaryimage"},"image":{"@id":"https:\/\/barcelona.euses.cat\/ca\/publiquen-una-investigacio-de-la-professora-andrea-fuente-sobre-els-factors-determinants-per-a-leleccio-del-grau-en-fisioterapia\/#primaryimage"},"thumbnailUrl":"https:\/\/barcelona.euses.cat\/wp-content\/uploads\/2019\/01\/Andrea-Fuente_Foto_BCN-3.jpg","datePublished":"2021-04-11T11:11:11+00:00","dateModified":"2021-04-11T17:53:24+00:00","author":{"@id":"https:\/\/barcelona.euses.cat\/ca\/#\/schema\/person\/8ab46080dfc4814fa59383db317735bd"},"breadcrumb":{"@id":"https:\/\/barcelona.euses.cat\/ca\/publiquen-una-investigacio-de-la-professora-andrea-fuente-sobre-els-factors-determinants-per-a-leleccio-del-grau-en-fisioterapia\/#breadcrumb"},"inLanguage":"ca","potentialAction":[{"@type":"ReadAction","target":["https:\/\/barcelona.euses.cat\/ca\/publiquen-una-investigacio-de-la-professora-andrea-fuente-sobre-els-factors-determinants-per-a-leleccio-del-grau-en-fisioterapia\/"]}]},{"@type":"ImageObject","inLanguage":"ca","@id":"https:\/\/barcelona.euses.cat\/ca\/publiquen-una-investigacio-de-la-professora-andrea-fuente-sobre-els-factors-determinants-per-a-leleccio-del-grau-en-fisioterapia\/#primaryimage","url":"https:\/\/barcelona.euses.cat\/wp-content\/uploads\/2019\/01\/Andrea-Fuente_Foto_BCN-3.jpg","contentUrl":"https:\/\/barcelona.euses.cat\/wp-content\/uploads\/2019\/01\/Andrea-Fuente_Foto_BCN-3.jpg","width":1795,"height":1699},{"@type":"BreadcrumbList","@id":"https:\/\/barcelona.euses.cat\/ca\/publiquen-una-investigacio-de-la-professora-andrea-fuente-sobre-els-factors-determinants-per-a-leleccio-del-grau-en-fisioterapia\/#breadcrumb","itemListElement":[{"@type":"ListItem","position":1,"name":"Portada","item":"https:\/\/barcelona.euses.cat\/ca\/"},{"@type":"ListItem","position":2,"name":"Publiquen una investigaci\u00f3 de la professora Andrea Fuente sobre els factors determinants per a l\u2019elecci\u00f3 del Grau en Fisioter\u00e0pia"}]},{"@type":"WebSite","@id":"https:\/\/barcelona.euses.cat\/ca\/#website","url":"https:\/\/barcelona.euses.cat\/ca\/","name":"EUSES - Campus de Bellvitge (Barcelona)","description":"EUSES, Escola Universit\u00e0ria de Fisioter\u00e0pia Internacional a Barcelona","potentialAction":[{"@type":"SearchAction","target":{"@type":"EntryPoint","urlTemplate":"https:\/\/barcelona.euses.cat\/ca\/?s={search_term_string}"},"query-input":{"@type":"PropertyValueSpecification","valueRequired":true,"valueName":"search_term_string"}}],"inLanguage":"ca"},{"@type":"Person","@id":"https:\/\/barcelona.euses.cat\/ca\/#\/schema\/person\/8ab46080dfc4814fa59383db317735bd","name":"Jordi Danes","image":{"@type":"ImageObject","inLanguage":"ca","@id":"https:\/\/secure.gravatar.com\/avatar\/a9e4f443b594af225625ee8cfa665e41b1e0740ea34fbe0515b4ca559f8570ef?s=96&d=mm&r=g","url":"https:\/\/secure.gravatar.com\/avatar\/a9e4f443b594af225625ee8cfa665e41b1e0740ea34fbe0515b4ca559f8570ef?s=96&d=mm&r=g","contentUrl":"https:\/\/secure.gravatar.com\/avatar\/a9e4f443b594af225625ee8cfa665e41b1e0740ea34fbe0515b4ca559f8570ef?s=96&d=mm&r=g","caption":"Jordi Danes"},"url":"https:\/\/barcelona.euses.cat\/ca\/author\/jordi-danes\/"}]}},"_links":{"self":[{"href":"https:\/\/barcelona.euses.cat\/ca\/wp-json\/wp\/v2\/posts\/9725","targetHints":{"allow":["GET"]}}],"collection":[{"href":"https:\/\/barcelona.euses.cat\/ca\/wp-json\/wp\/v2\/posts"}],"about":[{"href":"https:\/\/barcelona.euses.cat\/ca\/wp-json\/wp\/v2\/types\/post"}],"author":[{"embeddable":true,"href":"https:\/\/barcelona.euses.cat\/ca\/wp-json\/wp\/v2\/users\/3"}],"replies":[{"embeddable":true,"href":"https:\/\/barcelona.euses.cat\/ca\/wp-json\/wp\/v2\/comments?post=9725"}],"version-history":[{"count":2,"href":"https:\/\/barcelona.euses.cat\/ca\/wp-json\/wp\/v2\/posts\/9725\/revisions"}],"predecessor-version":[{"id":9733,"href":"https:\/\/barcelona.euses.cat\/ca\/wp-json\/wp\/v2\/posts\/9725\/revisions\/9733"}],"wp:featuredmedia":[{"embeddable":true,"href":"https:\/\/barcelona.euses.cat\/ca\/wp-json\/wp\/v2\/media\/9673"}],"wp:attachment":[{"href":"https:\/\/barcelona.euses.cat\/ca\/wp-json\/wp\/v2\/media?parent=9725"}],"wp:term":[{"taxonomy":"category","embeddable":true,"href":"https:\/\/barcelona.euses.cat\/ca\/wp-json\/wp\/v2\/categories?post=9725"},{"taxonomy":"post_tag","embeddable":true,"href":"https:\/\/barcelona.euses.cat\/ca\/wp-json\/wp\/v2\/tags?post=9725"}],"curies":[{"name":"wp","href":"https:\/\/api.w.org\/{rel}","templated":true}]}}