{"id":9005,"date":"2021-01-30T17:37:57","date_gmt":"2021-01-30T16:37:57","guid":{"rendered":"https:\/\/barcelona.euses.cat\/?p=9005"},"modified":"2021-01-30T17:37:57","modified_gmt":"2021-01-30T16:37:57","slug":"celebrades-dues-jornades-portes-obertes-virtuals-als-campus-de-salt-i-de-bellvitge","status":"publish","type":"post","link":"https:\/\/barcelona.euses.cat\/ca\/celebrades-dues-jornades-portes-obertes-virtuals-als-campus-de-salt-i-de-bellvitge\/","title":{"rendered":"Celebrades dues jornades portes obertes virtuals als campus de Salt i de Bellvitge"},"content":{"rendered":"<p>Aquest divendres, l\u2019Escola Universit\u00e0ria de la Salut i l\u2019Esport ha celebrat una jornada de portes obertes que ha servit per exposar l\u2019oferta acad\u00e8mica als estudiants que estan interessats a realitzar el Grau en Fisioter\u00e0pia a EUSES durant el curs 2021\/22 tant en el \u00a0campus de Salt com en el de Bellvitge. La jornada, que s\u2019ha celebrat online i a trav\u00e9s de la plataforma zoom, ha aplegat nombrosos interessats que han estat informats d\u2019aspectes com el pla d\u2019estudis, les sortides professionals, els convenis internacionals que EUSES t\u00e9 signats amb altres universitats, els acords amb diferents entitats per a les practiques, el procediment d\u2019inscripci\u00f3&#8230; Tamb\u00e9 s\u2019ha projectat un v\u00eddeo en qu\u00e8 s\u2019han mostrat les instal\u00b7lacions, activitats i projectes.<\/p>\n<p>Al Campus de Salt, l\u2019exposici\u00f3 ha anat a c\u00e0rrec del coordinador del Grau en Fisioter\u00e0pia Eduardo Dom\u00ednguez; del membre del departament de promoci\u00f3, Pau Vila; i de l\u2019estudiant Alexandre Houdelat. Al Campus de Bellvitge, on el grau s\u2019imparteix \u00edntegrament en llengua anglesa, els ponents han estat el director de Physiotherapy, Gerard Mu\u00f1oz; el membre del departament de promoci\u00f3 d\u2019EUSES Albert Deulofeu; i l\u2019exestudiant Alejandro Revilla.<\/p>\n<p>En la part final de la sessi\u00f3 s\u2019ha obert un torn de preguntes a trav\u00e9s del xat perqu\u00e8 els estudiants interessats poguessin plantejar qualsevol q\u00fcesti\u00f3 o resoldre qualsevol dubte.<\/p>\n<p>Les properes jornades de portes obertes virtuals que hi ha previstes a EUSES s\u00f3n les seg\u00fcents:<\/p>\n<p><strong>Campus de Salt (26 de febrer de 2021):<\/strong><\/p>\n<p>16h: Ci\u00e8ncies de l\u2019Activitat F\u00edsica i de l\u2019Esport (CAFE)<br \/>\n16h: Doble titulaci\u00f3 en Ci\u00e8ncies de l\u2019Activitat F\u00edsica i de l\u2019Esport (CAFE) i Fisioter\u00e0pia<br \/>\n16h: Fisioter\u00e0pia<\/p>\n<p><strong>Campus de Terres de l\u2019Ebre (26 de febrer de 2021):<\/strong><br \/>\n17h: Ci\u00e8ncies de l\u2019Activitat F\u00edsica i de l\u2019Esport (CAFE)<br \/>\n17h: Doble titulaci\u00f3 en Ci\u00e8ncies de l\u2019Activitat F\u00edsica i de l\u2019Esport (CAFE) i Fisioter\u00e0pia<br \/>\n18h: Fisioter\u00e0pia<\/p>\n","protected":false},"excerpt":{"rendered":"<p>Aquest divendres, l\u2019Escola Universit\u00e0ria de la Salut i l\u2019Esport ha celebrat una jornada de portes obertes que ha servit per exposar l\u2019oferta acad\u00e8mica als estudiants que estan interessats a realitzar el Grau en Fisioter\u00e0pia a EUSES durant el curs 2021\/22 tant en el \u00a0campus de Salt com en el de Bellvitge. La jornada, que s\u2019ha [&hellip;]<\/p>\n","protected":false},"author":3,"featured_media":9006,"comment_status":"open","ping_status":"closed","sticky":false,"template":"","format":"standard","meta":{"_acf_changed":false,"inline_featured_image":false,"_joinchat":[],"footnotes":""},"categories":[46],"tags":[],"class_list":["post-9005","post","type-post","status-publish","format-standard","has-post-thumbnail","hentry","category-sense-categoria"],"acf":[],"yoast_head":"<!-- This site is optimized with the Yoast SEO plugin v27.4 - https:\/\/yoast.com\/product\/yoast-seo-wordpress\/ -->\n<title>Celebrades dues jornades portes obertes virtuals als campus de Salt i de Bellvitge | EUSES- Campus de Bellvitge (Barcelona)<\/title>\n<meta name=\"robots\" content=\"index, follow, max-snippet:-1, max-image-preview:large, max-video-preview:-1\" \/>\n<link rel=\"canonical\" href=\"https:\/\/barcelona.euses.cat\/ca\/celebrades-dues-jornades-portes-obertes-virtuals-als-campus-de-salt-i-de-bellvitge\/\" \/>\n<meta property=\"og:locale\" content=\"ca_ES\" \/>\n<meta property=\"og:type\" content=\"article\" \/>\n<meta property=\"og:title\" content=\"Celebrades dues jornades portes obertes virtuals als campus de Salt i de Bellvitge | EUSES- Campus de Bellvitge (Barcelona)\" \/>\n<meta property=\"og:description\" content=\"Aquest divendres, l\u2019Escola Universit\u00e0ria de la Salut i l\u2019Esport ha celebrat una jornada de portes obertes que ha servit per exposar l\u2019oferta acad\u00e8mica als estudiants que estan interessats a realitzar el Grau en Fisioter\u00e0pia a EUSES durant el curs 2021\/22 tant en el \u00a0campus de Salt com en el de Bellvitge. La jornada, que s\u2019ha [&hellip;]\" \/>\n<meta property=\"og:url\" content=\"https:\/\/barcelona.euses.cat\/ca\/celebrades-dues-jornades-portes-obertes-virtuals-als-campus-de-salt-i-de-bellvitge\/\" \/>\n<meta property=\"og:site_name\" content=\"EUSES- Campus de Bellvitge (Barcelona)\" \/>\n<meta property=\"article:publisher\" content=\"https:\/\/www.facebook.com\/PhysioBCN\/\" \/>\n<meta property=\"article:published_time\" content=\"2021-01-30T16:37:57+00:00\" \/>\n<meta property=\"og:image\" content=\"https:\/\/barcelona.euses.cat\/wp-content\/uploads\/2021\/01\/jpo-virtual-salt-29.01.jpg\" \/>\n\t<meta property=\"og:image:width\" content=\"1366\" \/>\n\t<meta property=\"og:image:height\" content=\"768\" \/>\n\t<meta property=\"og:image:type\" content=\"image\/jpeg\" \/>\n<meta name=\"author\" content=\"Jordi Danes\" \/>\n<meta name=\"twitter:card\" content=\"summary_large_image\" \/>\n<meta name=\"twitter:label1\" content=\"Escrit per\" \/>\n\t<meta name=\"twitter:data1\" content=\"Jordi Danes\" \/>\n\t<meta name=\"twitter:label2\" content=\"Temps estimat de lectura\" \/>\n\t<meta name=\"twitter:data2\" content=\"2 minuts\" \/>\n<script type=\"application\/ld+json\" class=\"yoast-schema-graph\">{\"@context\":\"https:\\\/\\\/schema.org\",\"@graph\":[{\"@type\":\"Article\",\"@id\":\"https:\\\/\\\/barcelona.euses.cat\\\/ca\\\/celebrades-dues-jornades-portes-obertes-virtuals-als-campus-de-salt-i-de-bellvitge\\\/#article\",\"isPartOf\":{\"@id\":\"https:\\\/\\\/barcelona.euses.cat\\\/ca\\\/celebrades-dues-jornades-portes-obertes-virtuals-als-campus-de-salt-i-de-bellvitge\\\/\"},\"author\":{\"name\":\"Jordi Danes\",\"@id\":\"https:\\\/\\\/barcelona.euses.cat\\\/ca\\\/#\\\/schema\\\/person\\\/8ab46080dfc4814fa59383db317735bd\"},\"headline\":\"Celebrades dues jornades portes obertes virtuals als campus de Salt i de Bellvitge\",\"datePublished\":\"2021-01-30T16:37:57+00:00\",\"mainEntityOfPage\":{\"@id\":\"https:\\\/\\\/barcelona.euses.cat\\\/ca\\\/celebrades-dues-jornades-portes-obertes-virtuals-als-campus-de-salt-i-de-bellvitge\\\/\"},\"wordCount\":352,\"commentCount\":0,\"image\":{\"@id\":\"https:\\\/\\\/barcelona.euses.cat\\\/ca\\\/celebrades-dues-jornades-portes-obertes-virtuals-als-campus-de-salt-i-de-bellvitge\\\/#primaryimage\"},\"thumbnailUrl\":\"https:\\\/\\\/barcelona.euses.cat\\\/wp-content\\\/uploads\\\/2021\\\/01\\\/jpo-virtual-salt-29.01.jpg\",\"articleSection\":[\"sense categoria\"],\"inLanguage\":\"ca\"},{\"@type\":\"WebPage\",\"@id\":\"https:\\\/\\\/barcelona.euses.cat\\\/ca\\\/celebrades-dues-jornades-portes-obertes-virtuals-als-campus-de-salt-i-de-bellvitge\\\/\",\"url\":\"https:\\\/\\\/barcelona.euses.cat\\\/ca\\\/celebrades-dues-jornades-portes-obertes-virtuals-als-campus-de-salt-i-de-bellvitge\\\/\",\"name\":\"Celebrades dues jornades portes obertes virtuals als campus de Salt i de Bellvitge | EUSES- Campus de Bellvitge (Barcelona)\",\"isPartOf\":{\"@id\":\"https:\\\/\\\/barcelona.euses.cat\\\/ca\\\/#website\"},\"primaryImageOfPage\":{\"@id\":\"https:\\\/\\\/barcelona.euses.cat\\\/ca\\\/celebrades-dues-jornades-portes-obertes-virtuals-als-campus-de-salt-i-de-bellvitge\\\/#primaryimage\"},\"image\":{\"@id\":\"https:\\\/\\\/barcelona.euses.cat\\\/ca\\\/celebrades-dues-jornades-portes-obertes-virtuals-als-campus-de-salt-i-de-bellvitge\\\/#primaryimage\"},\"thumbnailUrl\":\"https:\\\/\\\/barcelona.euses.cat\\\/wp-content\\\/uploads\\\/2021\\\/01\\\/jpo-virtual-salt-29.01.jpg\",\"datePublished\":\"2021-01-30T16:37:57+00:00\",\"author\":{\"@id\":\"https:\\\/\\\/barcelona.euses.cat\\\/ca\\\/#\\\/schema\\\/person\\\/8ab46080dfc4814fa59383db317735bd\"},\"breadcrumb\":{\"@id\":\"https:\\\/\\\/barcelona.euses.cat\\\/ca\\\/celebrades-dues-jornades-portes-obertes-virtuals-als-campus-de-salt-i-de-bellvitge\\\/#breadcrumb\"},\"inLanguage\":\"ca\",\"potentialAction\":[{\"@type\":\"ReadAction\",\"target\":[\"https:\\\/\\\/barcelona.euses.cat\\\/ca\\\/celebrades-dues-jornades-portes-obertes-virtuals-als-campus-de-salt-i-de-bellvitge\\\/\"]}]},{\"@type\":\"ImageObject\",\"inLanguage\":\"ca\",\"@id\":\"https:\\\/\\\/barcelona.euses.cat\\\/ca\\\/celebrades-dues-jornades-portes-obertes-virtuals-als-campus-de-salt-i-de-bellvitge\\\/#primaryimage\",\"url\":\"https:\\\/\\\/barcelona.euses.cat\\\/wp-content\\\/uploads\\\/2021\\\/01\\\/jpo-virtual-salt-29.01.jpg\",\"contentUrl\":\"https:\\\/\\\/barcelona.euses.cat\\\/wp-content\\\/uploads\\\/2021\\\/01\\\/jpo-virtual-salt-29.01.jpg\",\"width\":1366,\"height\":768},{\"@type\":\"BreadcrumbList\",\"@id\":\"https:\\\/\\\/barcelona.euses.cat\\\/ca\\\/celebrades-dues-jornades-portes-obertes-virtuals-als-campus-de-salt-i-de-bellvitge\\\/#breadcrumb\",\"itemListElement\":[{\"@type\":\"ListItem\",\"position\":1,\"name\":\"Portada\",\"item\":\"https:\\\/\\\/barcelona.euses.cat\\\/ca\\\/\"},{\"@type\":\"ListItem\",\"position\":2,\"name\":\"Celebrades dues jornades portes obertes virtuals als campus de Salt i de Bellvitge\"}]},{\"@type\":\"WebSite\",\"@id\":\"https:\\\/\\\/barcelona.euses.cat\\\/ca\\\/#website\",\"url\":\"https:\\\/\\\/barcelona.euses.cat\\\/ca\\\/\",\"name\":\"EUSES - Campus de Bellvitge (Barcelona)\",\"description\":\"EUSES, Escola Universit\u00e0ria de Fisioter\u00e0pia Internacional a Barcelona\",\"potentialAction\":[{\"@type\":\"SearchAction\",\"target\":{\"@type\":\"EntryPoint\",\"urlTemplate\":\"https:\\\/\\\/barcelona.euses.cat\\\/ca\\\/?s={search_term_string}\"},\"query-input\":{\"@type\":\"PropertyValueSpecification\",\"valueRequired\":true,\"valueName\":\"search_term_string\"}}],\"inLanguage\":\"ca\"},{\"@type\":\"Person\",\"@id\":\"https:\\\/\\\/barcelona.euses.cat\\\/ca\\\/#\\\/schema\\\/person\\\/8ab46080dfc4814fa59383db317735bd\",\"name\":\"Jordi Danes\",\"image\":{\"@type\":\"ImageObject\",\"inLanguage\":\"ca\",\"@id\":\"https:\\\/\\\/secure.gravatar.com\\\/avatar\\\/a9e4f443b594af225625ee8cfa665e41b1e0740ea34fbe0515b4ca559f8570ef?s=96&d=mm&r=g\",\"url\":\"https:\\\/\\\/secure.gravatar.com\\\/avatar\\\/a9e4f443b594af225625ee8cfa665e41b1e0740ea34fbe0515b4ca559f8570ef?s=96&d=mm&r=g\",\"contentUrl\":\"https:\\\/\\\/secure.gravatar.com\\\/avatar\\\/a9e4f443b594af225625ee8cfa665e41b1e0740ea34fbe0515b4ca559f8570ef?s=96&d=mm&r=g\",\"caption\":\"Jordi Danes\"},\"url\":\"https:\\\/\\\/barcelona.euses.cat\\\/ca\\\/author\\\/jordi-danes\\\/\"}]}<\/script>\n<!-- \/ Yoast SEO plugin. -->","yoast_head_json":{"title":"Celebrades dues jornades portes obertes virtuals als campus de Salt i de Bellvitge | EUSES- Campus de Bellvitge (Barcelona)","robots":{"index":"index","follow":"follow","max-snippet":"max-snippet:-1","max-image-preview":"max-image-preview:large","max-video-preview":"max-video-preview:-1"},"canonical":"https:\/\/barcelona.euses.cat\/ca\/celebrades-dues-jornades-portes-obertes-virtuals-als-campus-de-salt-i-de-bellvitge\/","og_locale":"ca_ES","og_type":"article","og_title":"Celebrades dues jornades portes obertes virtuals als campus de Salt i de Bellvitge | EUSES- Campus de Bellvitge (Barcelona)","og_description":"Aquest divendres, l\u2019Escola Universit\u00e0ria de la Salut i l\u2019Esport ha celebrat una jornada de portes obertes que ha servit per exposar l\u2019oferta acad\u00e8mica als estudiants que estan interessats a realitzar el Grau en Fisioter\u00e0pia a EUSES durant el curs 2021\/22 tant en el \u00a0campus de Salt com en el de Bellvitge. La jornada, que s\u2019ha [&hellip;]","og_url":"https:\/\/barcelona.euses.cat\/ca\/celebrades-dues-jornades-portes-obertes-virtuals-als-campus-de-salt-i-de-bellvitge\/","og_site_name":"EUSES- Campus de Bellvitge (Barcelona)","article_publisher":"https:\/\/www.facebook.com\/PhysioBCN\/","article_published_time":"2021-01-30T16:37:57+00:00","og_image":[{"width":1366,"height":768,"url":"https:\/\/barcelona.euses.cat\/wp-content\/uploads\/2021\/01\/jpo-virtual-salt-29.01.jpg","type":"image\/jpeg"}],"author":"Jordi Danes","twitter_card":"summary_large_image","twitter_misc":{"Escrit per":"Jordi Danes","Temps estimat de lectura":"2 minuts"},"schema":{"@context":"https:\/\/schema.org","@graph":[{"@type":"Article","@id":"https:\/\/barcelona.euses.cat\/ca\/celebrades-dues-jornades-portes-obertes-virtuals-als-campus-de-salt-i-de-bellvitge\/#article","isPartOf":{"@id":"https:\/\/barcelona.euses.cat\/ca\/celebrades-dues-jornades-portes-obertes-virtuals-als-campus-de-salt-i-de-bellvitge\/"},"author":{"name":"Jordi Danes","@id":"https:\/\/barcelona.euses.cat\/ca\/#\/schema\/person\/8ab46080dfc4814fa59383db317735bd"},"headline":"Celebrades dues jornades portes obertes virtuals als campus de Salt i de Bellvitge","datePublished":"2021-01-30T16:37:57+00:00","mainEntityOfPage":{"@id":"https:\/\/barcelona.euses.cat\/ca\/celebrades-dues-jornades-portes-obertes-virtuals-als-campus-de-salt-i-de-bellvitge\/"},"wordCount":352,"commentCount":0,"image":{"@id":"https:\/\/barcelona.euses.cat\/ca\/celebrades-dues-jornades-portes-obertes-virtuals-als-campus-de-salt-i-de-bellvitge\/#primaryimage"},"thumbnailUrl":"https:\/\/barcelona.euses.cat\/wp-content\/uploads\/2021\/01\/jpo-virtual-salt-29.01.jpg","articleSection":["sense categoria"],"inLanguage":"ca"},{"@type":"WebPage","@id":"https:\/\/barcelona.euses.cat\/ca\/celebrades-dues-jornades-portes-obertes-virtuals-als-campus-de-salt-i-de-bellvitge\/","url":"https:\/\/barcelona.euses.cat\/ca\/celebrades-dues-jornades-portes-obertes-virtuals-als-campus-de-salt-i-de-bellvitge\/","name":"Celebrades dues jornades portes obertes virtuals als campus de Salt i de Bellvitge | EUSES- Campus de Bellvitge (Barcelona)","isPartOf":{"@id":"https:\/\/barcelona.euses.cat\/ca\/#website"},"primaryImageOfPage":{"@id":"https:\/\/barcelona.euses.cat\/ca\/celebrades-dues-jornades-portes-obertes-virtuals-als-campus-de-salt-i-de-bellvitge\/#primaryimage"},"image":{"@id":"https:\/\/barcelona.euses.cat\/ca\/celebrades-dues-jornades-portes-obertes-virtuals-als-campus-de-salt-i-de-bellvitge\/#primaryimage"},"thumbnailUrl":"https:\/\/barcelona.euses.cat\/wp-content\/uploads\/2021\/01\/jpo-virtual-salt-29.01.jpg","datePublished":"2021-01-30T16:37:57+00:00","author":{"@id":"https:\/\/barcelona.euses.cat\/ca\/#\/schema\/person\/8ab46080dfc4814fa59383db317735bd"},"breadcrumb":{"@id":"https:\/\/barcelona.euses.cat\/ca\/celebrades-dues-jornades-portes-obertes-virtuals-als-campus-de-salt-i-de-bellvitge\/#breadcrumb"},"inLanguage":"ca","potentialAction":[{"@type":"ReadAction","target":["https:\/\/barcelona.euses.cat\/ca\/celebrades-dues-jornades-portes-obertes-virtuals-als-campus-de-salt-i-de-bellvitge\/"]}]},{"@type":"ImageObject","inLanguage":"ca","@id":"https:\/\/barcelona.euses.cat\/ca\/celebrades-dues-jornades-portes-obertes-virtuals-als-campus-de-salt-i-de-bellvitge\/#primaryimage","url":"https:\/\/barcelona.euses.cat\/wp-content\/uploads\/2021\/01\/jpo-virtual-salt-29.01.jpg","contentUrl":"https:\/\/barcelona.euses.cat\/wp-content\/uploads\/2021\/01\/jpo-virtual-salt-29.01.jpg","width":1366,"height":768},{"@type":"BreadcrumbList","@id":"https:\/\/barcelona.euses.cat\/ca\/celebrades-dues-jornades-portes-obertes-virtuals-als-campus-de-salt-i-de-bellvitge\/#breadcrumb","itemListElement":[{"@type":"ListItem","position":1,"name":"Portada","item":"https:\/\/barcelona.euses.cat\/ca\/"},{"@type":"ListItem","position":2,"name":"Celebrades dues jornades portes obertes virtuals als campus de Salt i de Bellvitge"}]},{"@type":"WebSite","@id":"https:\/\/barcelona.euses.cat\/ca\/#website","url":"https:\/\/barcelona.euses.cat\/ca\/","name":"EUSES - Campus de Bellvitge (Barcelona)","description":"EUSES, Escola Universit\u00e0ria de Fisioter\u00e0pia Internacional a Barcelona","potentialAction":[{"@type":"SearchAction","target":{"@type":"EntryPoint","urlTemplate":"https:\/\/barcelona.euses.cat\/ca\/?s={search_term_string}"},"query-input":{"@type":"PropertyValueSpecification","valueRequired":true,"valueName":"search_term_string"}}],"inLanguage":"ca"},{"@type":"Person","@id":"https:\/\/barcelona.euses.cat\/ca\/#\/schema\/person\/8ab46080dfc4814fa59383db317735bd","name":"Jordi Danes","image":{"@type":"ImageObject","inLanguage":"ca","@id":"https:\/\/secure.gravatar.com\/avatar\/a9e4f443b594af225625ee8cfa665e41b1e0740ea34fbe0515b4ca559f8570ef?s=96&d=mm&r=g","url":"https:\/\/secure.gravatar.com\/avatar\/a9e4f443b594af225625ee8cfa665e41b1e0740ea34fbe0515b4ca559f8570ef?s=96&d=mm&r=g","contentUrl":"https:\/\/secure.gravatar.com\/avatar\/a9e4f443b594af225625ee8cfa665e41b1e0740ea34fbe0515b4ca559f8570ef?s=96&d=mm&r=g","caption":"Jordi Danes"},"url":"https:\/\/barcelona.euses.cat\/ca\/author\/jordi-danes\/"}]}},"_links":{"self":[{"href":"https:\/\/barcelona.euses.cat\/ca\/wp-json\/wp\/v2\/posts\/9005","targetHints":{"allow":["GET"]}}],"collection":[{"href":"https:\/\/barcelona.euses.cat\/ca\/wp-json\/wp\/v2\/posts"}],"about":[{"href":"https:\/\/barcelona.euses.cat\/ca\/wp-json\/wp\/v2\/types\/post"}],"author":[{"embeddable":true,"href":"https:\/\/barcelona.euses.cat\/ca\/wp-json\/wp\/v2\/users\/3"}],"replies":[{"embeddable":true,"href":"https:\/\/barcelona.euses.cat\/ca\/wp-json\/wp\/v2\/comments?post=9005"}],"version-history":[{"count":1,"href":"https:\/\/barcelona.euses.cat\/ca\/wp-json\/wp\/v2\/posts\/9005\/revisions"}],"predecessor-version":[{"id":9010,"href":"https:\/\/barcelona.euses.cat\/ca\/wp-json\/wp\/v2\/posts\/9005\/revisions\/9010"}],"wp:featuredmedia":[{"embeddable":true,"href":"https:\/\/barcelona.euses.cat\/ca\/wp-json\/wp\/v2\/media\/9006"}],"wp:attachment":[{"href":"https:\/\/barcelona.euses.cat\/ca\/wp-json\/wp\/v2\/media?parent=9005"}],"wp:term":[{"taxonomy":"category","embeddable":true,"href":"https:\/\/barcelona.euses.cat\/ca\/wp-json\/wp\/v2\/categories?post=9005"},{"taxonomy":"post_tag","embeddable":true,"href":"https:\/\/barcelona.euses.cat\/ca\/wp-json\/wp\/v2\/tags?post=9005"}],"curies":[{"name":"wp","href":"https:\/\/api.w.org\/{rel}","templated":true}]}}