{"id":8911,"date":"2020-12-23T00:14:14","date_gmt":"2020-12-22T23:14:14","guid":{"rendered":"https:\/\/barcelona.euses.cat\/?p=8911"},"modified":"2020-12-23T00:14:14","modified_gmt":"2020-12-22T23:14:14","slug":"el-dr-gerard-munoz-nou-director-de-physiotherapy-barcelona","status":"publish","type":"post","link":"https:\/\/barcelona.euses.cat\/ca\/el-dr-gerard-munoz-nou-director-de-physiotherapy-barcelona\/","title":{"rendered":"El Dr. Gerard Mu\u00f1oz, nou director de Physiotherapy Barcelona"},"content":{"rendered":"<p>El Dr. Gerard Mu\u00f1oz ha estat nomenat nou director del Grau en Fisioter\u00e0pia Internacional com a relleu del Dr. Mariano Gacto, que deixa un c\u00e0rrec que ocupava des de la creaci\u00f3 de Physiotherapy, l&#8217;any 2015, per emprendre nous reptes professionals. El nou director compaginar\u00e0 la direcci\u00f3 del grau que s&#8217;imparteix en el Campus de Bellvitge amb la doc\u00e8ncia al Grau en Fisioter\u00e0pia del Campus de Salt.<\/p>\n<p>A banda del Doctorat per la Universitat Aut\u00f2noma de Barcelona, Gerard Mu\u00f1oz t\u00e9 un Postgrau en Fisioter\u00e0pia del T\u00f2rax i un M\u00e0ster en Medicina Respirat\u00f2ria. Abans d\u2019incorporar-se fa uns anys a EUSES havia treballat a l\u2019Hospital Henry Mondor (Paris), Fundazione Slavatora Maugeri (Pavia), UZ Brussel (Brussel\u00b7les) i l\u2019Hospital del Mar (Barcelona) i actualment tamb\u00e9 ho fa a l\u2019Institut d\u2019Investigaci\u00f3 Biom\u00e8dica de Girona (IDIBGI) en l\u2019\u00e0mbit respiratori.<\/p>\n<p>Es membre de la Sociedad Espa\u00f1ola de Neumolog\u00eda y Cirug\u00eda Tor\u00e1cica (SEPAR), de la Societat Catalana de Pneumologia (SOCAP), de l\u2019Acad\u00e8mia de les Ci\u00e8ncies M\u00e8diques de Catalunya i Balears (ACMCB) i de la Societat Europea Respirat\u00f2ria (ERS). El Dr. Gerard Mu\u00f1oz tamb\u00e9 t\u00e9 pres\u00e8ncia activa en congressos nacionals i internacionals des del 2007, ja sigui com a ponent o com a moderador.<\/p>\n<p>&nbsp;<\/p>\n","protected":false},"excerpt":{"rendered":"<p>El Dr. Gerard Mu\u00f1oz ha estat nomenat nou director del Grau en Fisioter\u00e0pia Internacional com a relleu del Dr. Mariano Gacto, que deixa un c\u00e0rrec que ocupava des de la creaci\u00f3 de Physiotherapy, l&#8217;any 2015, per emprendre nous reptes professionals. El nou director compaginar\u00e0 la direcci\u00f3 del grau que s&#8217;imparteix en el Campus de Bellvitge [&hellip;]<\/p>\n","protected":false},"author":3,"featured_media":8929,"comment_status":"open","ping_status":"closed","sticky":false,"template":"","format":"standard","meta":{"_acf_changed":false,"inline_featured_image":false,"_joinchat":[],"footnotes":""},"categories":[46],"tags":[],"class_list":["post-8911","post","type-post","status-publish","format-standard","has-post-thumbnail","hentry","category-sense-categoria"],"acf":[],"yoast_head":"<!-- This site is optimized with the Yoast SEO plugin v27.4 - https:\/\/yoast.com\/product\/yoast-seo-wordpress\/ -->\n<title>El Dr. Gerard Mu\u00f1oz, nou director de Physiotherapy Barcelona | EUSES- Campus de Bellvitge (Barcelona)<\/title>\n<meta name=\"robots\" content=\"index, follow, max-snippet:-1, max-image-preview:large, max-video-preview:-1\" \/>\n<link rel=\"canonical\" href=\"https:\/\/barcelona.euses.cat\/ca\/el-dr-gerard-munoz-nou-director-de-physiotherapy-barcelona\/\" \/>\n<meta property=\"og:locale\" content=\"ca_ES\" \/>\n<meta property=\"og:type\" content=\"article\" \/>\n<meta property=\"og:title\" content=\"El Dr. Gerard Mu\u00f1oz, nou director de Physiotherapy Barcelona | EUSES- Campus de Bellvitge (Barcelona)\" \/>\n<meta property=\"og:description\" content=\"El Dr. Gerard Mu\u00f1oz ha estat nomenat nou director del Grau en Fisioter\u00e0pia Internacional com a relleu del Dr. Mariano Gacto, que deixa un c\u00e0rrec que ocupava des de la creaci\u00f3 de Physiotherapy, l&#8217;any 2015, per emprendre nous reptes professionals. El nou director compaginar\u00e0 la direcci\u00f3 del grau que s&#8217;imparteix en el Campus de Bellvitge [&hellip;]\" \/>\n<meta property=\"og:url\" content=\"https:\/\/barcelona.euses.cat\/ca\/el-dr-gerard-munoz-nou-director-de-physiotherapy-barcelona\/\" \/>\n<meta property=\"og:site_name\" content=\"EUSES- Campus de Bellvitge (Barcelona)\" \/>\n<meta property=\"article:publisher\" content=\"https:\/\/www.facebook.com\/PhysioBCN\/\" \/>\n<meta property=\"article:published_time\" content=\"2020-12-22T23:14:14+00:00\" \/>\n<meta property=\"og:image\" content=\"https:\/\/barcelona.euses.cat\/wp-content\/uploads\/2020\/12\/gerardmunoz.jpg\" \/>\n\t<meta property=\"og:image:width\" content=\"1104\" \/>\n\t<meta property=\"og:image:height\" content=\"1104\" \/>\n\t<meta property=\"og:image:type\" content=\"image\/jpeg\" \/>\n<meta name=\"author\" content=\"Jordi Danes\" \/>\n<meta name=\"twitter:card\" content=\"summary_large_image\" \/>\n<meta name=\"twitter:label1\" content=\"Escrit per\" \/>\n\t<meta name=\"twitter:data1\" content=\"Jordi Danes\" \/>\n\t<meta name=\"twitter:label2\" content=\"Temps estimat de lectura\" \/>\n\t<meta name=\"twitter:data2\" content=\"1 minut\" \/>\n<script type=\"application\/ld+json\" class=\"yoast-schema-graph\">{\"@context\":\"https:\\\/\\\/schema.org\",\"@graph\":[{\"@type\":\"Article\",\"@id\":\"https:\\\/\\\/barcelona.euses.cat\\\/ca\\\/el-dr-gerard-munoz-nou-director-de-physiotherapy-barcelona\\\/#article\",\"isPartOf\":{\"@id\":\"https:\\\/\\\/barcelona.euses.cat\\\/ca\\\/el-dr-gerard-munoz-nou-director-de-physiotherapy-barcelona\\\/\"},\"author\":{\"name\":\"Jordi Danes\",\"@id\":\"https:\\\/\\\/barcelona.euses.cat\\\/ca\\\/#\\\/schema\\\/person\\\/8ab46080dfc4814fa59383db317735bd\"},\"headline\":\"El Dr. Gerard Mu\u00f1oz, nou director de Physiotherapy Barcelona\",\"datePublished\":\"2020-12-22T23:14:14+00:00\",\"mainEntityOfPage\":{\"@id\":\"https:\\\/\\\/barcelona.euses.cat\\\/ca\\\/el-dr-gerard-munoz-nou-director-de-physiotherapy-barcelona\\\/\"},\"wordCount\":235,\"commentCount\":0,\"image\":{\"@id\":\"https:\\\/\\\/barcelona.euses.cat\\\/ca\\\/el-dr-gerard-munoz-nou-director-de-physiotherapy-barcelona\\\/#primaryimage\"},\"thumbnailUrl\":\"https:\\\/\\\/barcelona.euses.cat\\\/wp-content\\\/uploads\\\/2020\\\/12\\\/gerardmunoz.jpg\",\"articleSection\":[\"sense categoria\"],\"inLanguage\":\"ca\"},{\"@type\":\"WebPage\",\"@id\":\"https:\\\/\\\/barcelona.euses.cat\\\/ca\\\/el-dr-gerard-munoz-nou-director-de-physiotherapy-barcelona\\\/\",\"url\":\"https:\\\/\\\/barcelona.euses.cat\\\/ca\\\/el-dr-gerard-munoz-nou-director-de-physiotherapy-barcelona\\\/\",\"name\":\"El Dr. Gerard Mu\u00f1oz, nou director de Physiotherapy Barcelona | EUSES- Campus de Bellvitge (Barcelona)\",\"isPartOf\":{\"@id\":\"https:\\\/\\\/barcelona.euses.cat\\\/ca\\\/#website\"},\"primaryImageOfPage\":{\"@id\":\"https:\\\/\\\/barcelona.euses.cat\\\/ca\\\/el-dr-gerard-munoz-nou-director-de-physiotherapy-barcelona\\\/#primaryimage\"},\"image\":{\"@id\":\"https:\\\/\\\/barcelona.euses.cat\\\/ca\\\/el-dr-gerard-munoz-nou-director-de-physiotherapy-barcelona\\\/#primaryimage\"},\"thumbnailUrl\":\"https:\\\/\\\/barcelona.euses.cat\\\/wp-content\\\/uploads\\\/2020\\\/12\\\/gerardmunoz.jpg\",\"datePublished\":\"2020-12-22T23:14:14+00:00\",\"author\":{\"@id\":\"https:\\\/\\\/barcelona.euses.cat\\\/ca\\\/#\\\/schema\\\/person\\\/8ab46080dfc4814fa59383db317735bd\"},\"breadcrumb\":{\"@id\":\"https:\\\/\\\/barcelona.euses.cat\\\/ca\\\/el-dr-gerard-munoz-nou-director-de-physiotherapy-barcelona\\\/#breadcrumb\"},\"inLanguage\":\"ca\",\"potentialAction\":[{\"@type\":\"ReadAction\",\"target\":[\"https:\\\/\\\/barcelona.euses.cat\\\/ca\\\/el-dr-gerard-munoz-nou-director-de-physiotherapy-barcelona\\\/\"]}]},{\"@type\":\"ImageObject\",\"inLanguage\":\"ca\",\"@id\":\"https:\\\/\\\/barcelona.euses.cat\\\/ca\\\/el-dr-gerard-munoz-nou-director-de-physiotherapy-barcelona\\\/#primaryimage\",\"url\":\"https:\\\/\\\/barcelona.euses.cat\\\/wp-content\\\/uploads\\\/2020\\\/12\\\/gerardmunoz.jpg\",\"contentUrl\":\"https:\\\/\\\/barcelona.euses.cat\\\/wp-content\\\/uploads\\\/2020\\\/12\\\/gerardmunoz.jpg\",\"width\":1104,\"height\":1104},{\"@type\":\"BreadcrumbList\",\"@id\":\"https:\\\/\\\/barcelona.euses.cat\\\/ca\\\/el-dr-gerard-munoz-nou-director-de-physiotherapy-barcelona\\\/#breadcrumb\",\"itemListElement\":[{\"@type\":\"ListItem\",\"position\":1,\"name\":\"Portada\",\"item\":\"https:\\\/\\\/barcelona.euses.cat\\\/ca\\\/\"},{\"@type\":\"ListItem\",\"position\":2,\"name\":\"El Dr. Gerard Mu\u00f1oz, nou director de Physiotherapy Barcelona\"}]},{\"@type\":\"WebSite\",\"@id\":\"https:\\\/\\\/barcelona.euses.cat\\\/ca\\\/#website\",\"url\":\"https:\\\/\\\/barcelona.euses.cat\\\/ca\\\/\",\"name\":\"EUSES - Campus de Bellvitge (Barcelona)\",\"description\":\"EUSES, Escola Universit\u00e0ria de Fisioter\u00e0pia Internacional a Barcelona\",\"potentialAction\":[{\"@type\":\"SearchAction\",\"target\":{\"@type\":\"EntryPoint\",\"urlTemplate\":\"https:\\\/\\\/barcelona.euses.cat\\\/ca\\\/?s={search_term_string}\"},\"query-input\":{\"@type\":\"PropertyValueSpecification\",\"valueRequired\":true,\"valueName\":\"search_term_string\"}}],\"inLanguage\":\"ca\"},{\"@type\":\"Person\",\"@id\":\"https:\\\/\\\/barcelona.euses.cat\\\/ca\\\/#\\\/schema\\\/person\\\/8ab46080dfc4814fa59383db317735bd\",\"name\":\"Jordi Danes\",\"image\":{\"@type\":\"ImageObject\",\"inLanguage\":\"ca\",\"@id\":\"https:\\\/\\\/secure.gravatar.com\\\/avatar\\\/a9e4f443b594af225625ee8cfa665e41b1e0740ea34fbe0515b4ca559f8570ef?s=96&d=mm&r=g\",\"url\":\"https:\\\/\\\/secure.gravatar.com\\\/avatar\\\/a9e4f443b594af225625ee8cfa665e41b1e0740ea34fbe0515b4ca559f8570ef?s=96&d=mm&r=g\",\"contentUrl\":\"https:\\\/\\\/secure.gravatar.com\\\/avatar\\\/a9e4f443b594af225625ee8cfa665e41b1e0740ea34fbe0515b4ca559f8570ef?s=96&d=mm&r=g\",\"caption\":\"Jordi Danes\"},\"url\":\"https:\\\/\\\/barcelona.euses.cat\\\/ca\\\/author\\\/jordi-danes\\\/\"}]}<\/script>\n<!-- \/ Yoast SEO plugin. -->","yoast_head_json":{"title":"El Dr. Gerard Mu\u00f1oz, nou director de Physiotherapy Barcelona | EUSES- Campus de Bellvitge (Barcelona)","robots":{"index":"index","follow":"follow","max-snippet":"max-snippet:-1","max-image-preview":"max-image-preview:large","max-video-preview":"max-video-preview:-1"},"canonical":"https:\/\/barcelona.euses.cat\/ca\/el-dr-gerard-munoz-nou-director-de-physiotherapy-barcelona\/","og_locale":"ca_ES","og_type":"article","og_title":"El Dr. Gerard Mu\u00f1oz, nou director de Physiotherapy Barcelona | EUSES- Campus de Bellvitge (Barcelona)","og_description":"El Dr. Gerard Mu\u00f1oz ha estat nomenat nou director del Grau en Fisioter\u00e0pia Internacional com a relleu del Dr. Mariano Gacto, que deixa un c\u00e0rrec que ocupava des de la creaci\u00f3 de Physiotherapy, l&#8217;any 2015, per emprendre nous reptes professionals. El nou director compaginar\u00e0 la direcci\u00f3 del grau que s&#8217;imparteix en el Campus de Bellvitge [&hellip;]","og_url":"https:\/\/barcelona.euses.cat\/ca\/el-dr-gerard-munoz-nou-director-de-physiotherapy-barcelona\/","og_site_name":"EUSES- Campus de Bellvitge (Barcelona)","article_publisher":"https:\/\/www.facebook.com\/PhysioBCN\/","article_published_time":"2020-12-22T23:14:14+00:00","og_image":[{"width":1104,"height":1104,"url":"https:\/\/barcelona.euses.cat\/wp-content\/uploads\/2020\/12\/gerardmunoz.jpg","type":"image\/jpeg"}],"author":"Jordi Danes","twitter_card":"summary_large_image","twitter_misc":{"Escrit per":"Jordi Danes","Temps estimat de lectura":"1 minut"},"schema":{"@context":"https:\/\/schema.org","@graph":[{"@type":"Article","@id":"https:\/\/barcelona.euses.cat\/ca\/el-dr-gerard-munoz-nou-director-de-physiotherapy-barcelona\/#article","isPartOf":{"@id":"https:\/\/barcelona.euses.cat\/ca\/el-dr-gerard-munoz-nou-director-de-physiotherapy-barcelona\/"},"author":{"name":"Jordi Danes","@id":"https:\/\/barcelona.euses.cat\/ca\/#\/schema\/person\/8ab46080dfc4814fa59383db317735bd"},"headline":"El Dr. Gerard Mu\u00f1oz, nou director de Physiotherapy Barcelona","datePublished":"2020-12-22T23:14:14+00:00","mainEntityOfPage":{"@id":"https:\/\/barcelona.euses.cat\/ca\/el-dr-gerard-munoz-nou-director-de-physiotherapy-barcelona\/"},"wordCount":235,"commentCount":0,"image":{"@id":"https:\/\/barcelona.euses.cat\/ca\/el-dr-gerard-munoz-nou-director-de-physiotherapy-barcelona\/#primaryimage"},"thumbnailUrl":"https:\/\/barcelona.euses.cat\/wp-content\/uploads\/2020\/12\/gerardmunoz.jpg","articleSection":["sense categoria"],"inLanguage":"ca"},{"@type":"WebPage","@id":"https:\/\/barcelona.euses.cat\/ca\/el-dr-gerard-munoz-nou-director-de-physiotherapy-barcelona\/","url":"https:\/\/barcelona.euses.cat\/ca\/el-dr-gerard-munoz-nou-director-de-physiotherapy-barcelona\/","name":"El Dr. Gerard Mu\u00f1oz, nou director de Physiotherapy Barcelona | EUSES- Campus de Bellvitge (Barcelona)","isPartOf":{"@id":"https:\/\/barcelona.euses.cat\/ca\/#website"},"primaryImageOfPage":{"@id":"https:\/\/barcelona.euses.cat\/ca\/el-dr-gerard-munoz-nou-director-de-physiotherapy-barcelona\/#primaryimage"},"image":{"@id":"https:\/\/barcelona.euses.cat\/ca\/el-dr-gerard-munoz-nou-director-de-physiotherapy-barcelona\/#primaryimage"},"thumbnailUrl":"https:\/\/barcelona.euses.cat\/wp-content\/uploads\/2020\/12\/gerardmunoz.jpg","datePublished":"2020-12-22T23:14:14+00:00","author":{"@id":"https:\/\/barcelona.euses.cat\/ca\/#\/schema\/person\/8ab46080dfc4814fa59383db317735bd"},"breadcrumb":{"@id":"https:\/\/barcelona.euses.cat\/ca\/el-dr-gerard-munoz-nou-director-de-physiotherapy-barcelona\/#breadcrumb"},"inLanguage":"ca","potentialAction":[{"@type":"ReadAction","target":["https:\/\/barcelona.euses.cat\/ca\/el-dr-gerard-munoz-nou-director-de-physiotherapy-barcelona\/"]}]},{"@type":"ImageObject","inLanguage":"ca","@id":"https:\/\/barcelona.euses.cat\/ca\/el-dr-gerard-munoz-nou-director-de-physiotherapy-barcelona\/#primaryimage","url":"https:\/\/barcelona.euses.cat\/wp-content\/uploads\/2020\/12\/gerardmunoz.jpg","contentUrl":"https:\/\/barcelona.euses.cat\/wp-content\/uploads\/2020\/12\/gerardmunoz.jpg","width":1104,"height":1104},{"@type":"BreadcrumbList","@id":"https:\/\/barcelona.euses.cat\/ca\/el-dr-gerard-munoz-nou-director-de-physiotherapy-barcelona\/#breadcrumb","itemListElement":[{"@type":"ListItem","position":1,"name":"Portada","item":"https:\/\/barcelona.euses.cat\/ca\/"},{"@type":"ListItem","position":2,"name":"El Dr. Gerard Mu\u00f1oz, nou director de Physiotherapy Barcelona"}]},{"@type":"WebSite","@id":"https:\/\/barcelona.euses.cat\/ca\/#website","url":"https:\/\/barcelona.euses.cat\/ca\/","name":"EUSES - Campus de Bellvitge (Barcelona)","description":"EUSES, Escola Universit\u00e0ria de Fisioter\u00e0pia Internacional a Barcelona","potentialAction":[{"@type":"SearchAction","target":{"@type":"EntryPoint","urlTemplate":"https:\/\/barcelona.euses.cat\/ca\/?s={search_term_string}"},"query-input":{"@type":"PropertyValueSpecification","valueRequired":true,"valueName":"search_term_string"}}],"inLanguage":"ca"},{"@type":"Person","@id":"https:\/\/barcelona.euses.cat\/ca\/#\/schema\/person\/8ab46080dfc4814fa59383db317735bd","name":"Jordi Danes","image":{"@type":"ImageObject","inLanguage":"ca","@id":"https:\/\/secure.gravatar.com\/avatar\/a9e4f443b594af225625ee8cfa665e41b1e0740ea34fbe0515b4ca559f8570ef?s=96&d=mm&r=g","url":"https:\/\/secure.gravatar.com\/avatar\/a9e4f443b594af225625ee8cfa665e41b1e0740ea34fbe0515b4ca559f8570ef?s=96&d=mm&r=g","contentUrl":"https:\/\/secure.gravatar.com\/avatar\/a9e4f443b594af225625ee8cfa665e41b1e0740ea34fbe0515b4ca559f8570ef?s=96&d=mm&r=g","caption":"Jordi Danes"},"url":"https:\/\/barcelona.euses.cat\/ca\/author\/jordi-danes\/"}]}},"_links":{"self":[{"href":"https:\/\/barcelona.euses.cat\/ca\/wp-json\/wp\/v2\/posts\/8911","targetHints":{"allow":["GET"]}}],"collection":[{"href":"https:\/\/barcelona.euses.cat\/ca\/wp-json\/wp\/v2\/posts"}],"about":[{"href":"https:\/\/barcelona.euses.cat\/ca\/wp-json\/wp\/v2\/types\/post"}],"author":[{"embeddable":true,"href":"https:\/\/barcelona.euses.cat\/ca\/wp-json\/wp\/v2\/users\/3"}],"replies":[{"embeddable":true,"href":"https:\/\/barcelona.euses.cat\/ca\/wp-json\/wp\/v2\/comments?post=8911"}],"version-history":[{"count":2,"href":"https:\/\/barcelona.euses.cat\/ca\/wp-json\/wp\/v2\/posts\/8911\/revisions"}],"predecessor-version":[{"id":8933,"href":"https:\/\/barcelona.euses.cat\/ca\/wp-json\/wp\/v2\/posts\/8911\/revisions\/8933"}],"wp:featuredmedia":[{"embeddable":true,"href":"https:\/\/barcelona.euses.cat\/ca\/wp-json\/wp\/v2\/media\/8929"}],"wp:attachment":[{"href":"https:\/\/barcelona.euses.cat\/ca\/wp-json\/wp\/v2\/media?parent=8911"}],"wp:term":[{"taxonomy":"category","embeddable":true,"href":"https:\/\/barcelona.euses.cat\/ca\/wp-json\/wp\/v2\/categories?post=8911"},{"taxonomy":"post_tag","embeddable":true,"href":"https:\/\/barcelona.euses.cat\/ca\/wp-json\/wp\/v2\/tags?post=8911"}],"curies":[{"name":"wp","href":"https:\/\/api.w.org\/{rel}","templated":true}]}}