{"id":8794,"date":"2020-10-19T17:46:18","date_gmt":"2020-10-19T15:46:18","guid":{"rendered":"https:\/\/barcelona.euses.cat\/?p=8794"},"modified":"2020-10-19T17:46:18","modified_gmt":"2020-10-19T15:46:18","slug":"la-setena-jornada-de-tutors-en-format-on-line-reuneix-una-quarantena-de-participants","status":"publish","type":"post","link":"https:\/\/barcelona.euses.cat\/ca\/la-setena-jornada-de-tutors-en-format-on-line-reuneix-una-quarantena-de-participants\/","title":{"rendered":"La setena Jornada de Tutors, en format \u201con line\u201d, reuneix una quarantena de participants"},"content":{"rendered":"<p>EUSES Alumni, conjuntament amb l\u2019assignatura de Pr\u00e0cticum del Grau en Fisioter\u00e0pia, va organitzar per set\u00e8 any consecutiu la Jornada de Tutors, que aquesta vegada va tenir format \u201con line\u201d a causa de la pand\u00e8mia del C\u00f2vid 19. La formaci\u00f3, que es va realitzar a trav\u00e9s de la plataforma Zoom, va comptar amb una quarantena d\u2019assistents entre membres d\u2019Alumni i estudiants de quart curs dels campus de Salt, Bellvitge i Terres de l\u2019Ebre. La xerrada la van impartir responsables d\u2019EUSES Alumni, com la directora S\u00edlvia Roche i Prudence Morgan-Wood; i la professora i coordinadora de Pr\u00e0cticum, N\u00faria Puigti\u00f3. Durant la xerrada es van exposar temes com els detalls necessaris per poder formar part del grup de tutors, el protocol de tractament unificat i les funcions que han d&#8217;exercir els tutors en els voluntariats aix\u00ed com altres aspectes m\u00e9s generals relacionats amb Alumni.<\/p>\n\n\t\t<style type=\"text\/css\">\n\t\t\t#gallery-1 {\n\t\t\t\tmargin: auto;\n\t\t\t}\n\t\t\t#gallery-1 .gallery-item {\n\t\t\t\tfloat: left;\n\t\t\t\tmargin-top: 10px;\n\t\t\t\ttext-align: center;\n\t\t\t\twidth: 33%;\n\t\t\t}\n\t\t\t#gallery-1 img {\n\t\t\t\tborder: 2px solid #cfcfcf;\n\t\t\t}\n\t\t\t#gallery-1 .gallery-caption {\n\t\t\t\tmargin-left: 0;\n\t\t\t}\n\t\t\t\/* see gallery_shortcode() in wp-includes\/media.php *\/\n\t\t<\/style>\n\t\t<div id='gallery-1' class='gallery galleryid-8794 gallery-columns-3 gallery-size-medium'><dl class='gallery-item'>\n\t\t\t<dt class='gallery-icon landscape'>\n\t\t\t\t<a href='https:\/\/barcelona.euses.cat\/ca\/la-setena-jornada-de-tutors-en-format-on-line-reuneix-una-quarantena-de-participants\/jornada-i\/'><img fetchpriority=\"high\" decoding=\"async\" width=\"300\" height=\"169\" src=\"https:\/\/barcelona.euses.cat\/wp-content\/uploads\/2020\/10\/Jornada-I-300x169.jpg\" class=\"attachment-medium size-medium\" alt=\"\" srcset=\"https:\/\/barcelona.euses.cat\/wp-content\/uploads\/2020\/10\/Jornada-I-300x169.jpg 300w, https:\/\/barcelona.euses.cat\/wp-content\/uploads\/2020\/10\/Jornada-I-768x432.jpg 768w, https:\/\/barcelona.euses.cat\/wp-content\/uploads\/2020\/10\/Jornada-I-350x197.jpg 350w, https:\/\/barcelona.euses.cat\/wp-content\/uploads\/2020\/10\/Jornada-I.jpg 967w\" sizes=\"(max-width: 300px) 100vw, 300px\" \/><\/a>\n\t\t\t<\/dt><\/dl><dl class='gallery-item'>\n\t\t\t<dt class='gallery-icon landscape'>\n\t\t\t\t<a href='https:\/\/barcelona.euses.cat\/ca\/la-setena-jornada-de-tutors-en-format-on-line-reuneix-una-quarantena-de-participants\/jornada-ii\/'><img decoding=\"async\" width=\"300\" height=\"169\" src=\"https:\/\/barcelona.euses.cat\/wp-content\/uploads\/2020\/10\/Jornada-II-300x169.jpg\" class=\"attachment-medium size-medium\" alt=\"\" srcset=\"https:\/\/barcelona.euses.cat\/wp-content\/uploads\/2020\/10\/Jornada-II-300x169.jpg 300w, https:\/\/barcelona.euses.cat\/wp-content\/uploads\/2020\/10\/Jornada-II-1024x576.jpg 1024w, https:\/\/barcelona.euses.cat\/wp-content\/uploads\/2020\/10\/Jornada-II-768x432.jpg 768w, https:\/\/barcelona.euses.cat\/wp-content\/uploads\/2020\/10\/Jornada-II-350x197.jpg 350w, https:\/\/barcelona.euses.cat\/wp-content\/uploads\/2020\/10\/Jornada-II.jpg 1027w\" sizes=\"(max-width: 300px) 100vw, 300px\" \/><\/a>\n\t\t\t<\/dt><\/dl><dl class='gallery-item'>\n\t\t\t<dt class='gallery-icon landscape'>\n\t\t\t\t<a href='https:\/\/barcelona.euses.cat\/ca\/la-setena-jornada-de-tutors-en-format-on-line-reuneix-una-quarantena-de-participants\/jornada-iv\/'><img decoding=\"async\" width=\"300\" height=\"169\" src=\"https:\/\/barcelona.euses.cat\/wp-content\/uploads\/2020\/10\/Jornada-IV-300x169.jpg\" class=\"attachment-medium size-medium\" alt=\"\" srcset=\"https:\/\/barcelona.euses.cat\/wp-content\/uploads\/2020\/10\/Jornada-IV-300x169.jpg 300w, https:\/\/barcelona.euses.cat\/wp-content\/uploads\/2020\/10\/Jornada-IV-1024x576.jpg 1024w, https:\/\/barcelona.euses.cat\/wp-content\/uploads\/2020\/10\/Jornada-IV-768x432.jpg 768w, https:\/\/barcelona.euses.cat\/wp-content\/uploads\/2020\/10\/Jornada-IV-350x197.jpg 350w, https:\/\/barcelona.euses.cat\/wp-content\/uploads\/2020\/10\/Jornada-IV.jpg 1222w\" sizes=\"(max-width: 300px) 100vw, 300px\" \/><\/a>\n\t\t\t<\/dt><\/dl><br style=\"clear: both\" \/><dl class='gallery-item'>\n\t\t\t<dt class='gallery-icon landscape'>\n\t\t\t\t<a href='https:\/\/barcelona.euses.cat\/ca\/la-setena-jornada-de-tutors-en-format-on-line-reuneix-una-quarantena-de-participants\/jornada-v\/'><img loading=\"lazy\" decoding=\"async\" width=\"300\" height=\"169\" src=\"https:\/\/barcelona.euses.cat\/wp-content\/uploads\/2020\/10\/Jornada-V-300x169.jpg\" class=\"attachment-medium size-medium\" alt=\"\" srcset=\"https:\/\/barcelona.euses.cat\/wp-content\/uploads\/2020\/10\/Jornada-V-300x169.jpg 300w, https:\/\/barcelona.euses.cat\/wp-content\/uploads\/2020\/10\/Jornada-V-768x431.jpg 768w, https:\/\/barcelona.euses.cat\/wp-content\/uploads\/2020\/10\/Jornada-V-350x197.jpg 350w, https:\/\/barcelona.euses.cat\/wp-content\/uploads\/2020\/10\/Jornada-V.jpg 981w\" sizes=\"(max-width: 300px) 100vw, 300px\" \/><\/a>\n\t\t\t<\/dt><\/dl>\n\t\t\t<br style='clear: both' \/>\n\t\t<\/div>\n\n","protected":false},"excerpt":{"rendered":"<p>EUSES Alumni, conjuntament amb l\u2019assignatura de Pr\u00e0cticum del Grau en Fisioter\u00e0pia, va organitzar per set\u00e8 any consecutiu la Jornada de Tutors, que aquesta vegada va tenir format \u201con line\u201d a causa de la pand\u00e8mia del C\u00f2vid 19. La formaci\u00f3, que es va realitzar a trav\u00e9s de la plataforma Zoom, va comptar amb una quarantena d\u2019assistents [&hellip;]<\/p>\n","protected":false},"author":3,"featured_media":8795,"comment_status":"open","ping_status":"closed","sticky":false,"template":"","format":"standard","meta":{"_acf_changed":false,"inline_featured_image":false,"_joinchat":[],"footnotes":""},"categories":[46],"tags":[],"class_list":["post-8794","post","type-post","status-publish","format-standard","has-post-thumbnail","hentry","category-sense-categoria"],"acf":[],"yoast_head":"<!-- This site is optimized with the Yoast SEO plugin v27.4 - https:\/\/yoast.com\/product\/yoast-seo-wordpress\/ -->\n<title>La setena Jornada de Tutors, en format \u201con line\u201d, reuneix una quarantena de participants | EUSES- Campus de Bellvitge (Barcelona)<\/title>\n<meta name=\"robots\" content=\"index, follow, max-snippet:-1, max-image-preview:large, max-video-preview:-1\" \/>\n<link rel=\"canonical\" href=\"https:\/\/barcelona.euses.cat\/ca\/la-setena-jornada-de-tutors-en-format-on-line-reuneix-una-quarantena-de-participants\/\" \/>\n<meta property=\"og:locale\" content=\"ca_ES\" \/>\n<meta property=\"og:type\" content=\"article\" \/>\n<meta property=\"og:title\" content=\"La setena Jornada de Tutors, en format \u201con line\u201d, reuneix una quarantena de participants | EUSES- Campus de Bellvitge (Barcelona)\" \/>\n<meta property=\"og:description\" content=\"EUSES Alumni, conjuntament amb l\u2019assignatura de Pr\u00e0cticum del Grau en Fisioter\u00e0pia, va organitzar per set\u00e8 any consecutiu la Jornada de Tutors, que aquesta vegada va tenir format \u201con line\u201d a causa de la pand\u00e8mia del C\u00f2vid 19. La formaci\u00f3, que es va realitzar a trav\u00e9s de la plataforma Zoom, va comptar amb una quarantena d\u2019assistents [&hellip;]\" \/>\n<meta property=\"og:url\" content=\"https:\/\/barcelona.euses.cat\/ca\/la-setena-jornada-de-tutors-en-format-on-line-reuneix-una-quarantena-de-participants\/\" \/>\n<meta property=\"og:site_name\" content=\"EUSES- Campus de Bellvitge (Barcelona)\" \/>\n<meta property=\"article:publisher\" content=\"https:\/\/www.facebook.com\/PhysioBCN\/\" \/>\n<meta property=\"article:published_time\" content=\"2020-10-19T15:46:18+00:00\" \/>\n<meta property=\"og:image\" content=\"https:\/\/barcelona.euses.cat\/wp-content\/uploads\/2020\/10\/Jornada-III.jpg\" \/>\n\t<meta property=\"og:image:width\" content=\"1098\" \/>\n\t<meta property=\"og:image:height\" content=\"617\" \/>\n\t<meta property=\"og:image:type\" content=\"image\/jpeg\" \/>\n<meta name=\"author\" content=\"Jordi Danes\" \/>\n<meta name=\"twitter:card\" content=\"summary_large_image\" \/>\n<meta name=\"twitter:label1\" content=\"Escrit per\" \/>\n\t<meta name=\"twitter:data1\" content=\"Jordi Danes\" \/>\n\t<meta name=\"twitter:label2\" content=\"Temps estimat de lectura\" \/>\n\t<meta name=\"twitter:data2\" content=\"1 minut\" \/>\n<script type=\"application\/ld+json\" class=\"yoast-schema-graph\">{\"@context\":\"https:\\\/\\\/schema.org\",\"@graph\":[{\"@type\":\"Article\",\"@id\":\"https:\\\/\\\/barcelona.euses.cat\\\/ca\\\/la-setena-jornada-de-tutors-en-format-on-line-reuneix-una-quarantena-de-participants\\\/#article\",\"isPartOf\":{\"@id\":\"https:\\\/\\\/barcelona.euses.cat\\\/ca\\\/la-setena-jornada-de-tutors-en-format-on-line-reuneix-una-quarantena-de-participants\\\/\"},\"author\":{\"name\":\"Jordi Danes\",\"@id\":\"https:\\\/\\\/barcelona.euses.cat\\\/ca\\\/#\\\/schema\\\/person\\\/8ab46080dfc4814fa59383db317735bd\"},\"headline\":\"La setena Jornada de Tutors, en format \u201con line\u201d, reuneix una quarantena de participants\",\"datePublished\":\"2020-10-19T15:46:18+00:00\",\"mainEntityOfPage\":{\"@id\":\"https:\\\/\\\/barcelona.euses.cat\\\/ca\\\/la-setena-jornada-de-tutors-en-format-on-line-reuneix-una-quarantena-de-participants\\\/\"},\"wordCount\":173,\"commentCount\":0,\"image\":{\"@id\":\"https:\\\/\\\/barcelona.euses.cat\\\/ca\\\/la-setena-jornada-de-tutors-en-format-on-line-reuneix-una-quarantena-de-participants\\\/#primaryimage\"},\"thumbnailUrl\":\"https:\\\/\\\/barcelona.euses.cat\\\/wp-content\\\/uploads\\\/2020\\\/10\\\/Jornada-III.jpg\",\"articleSection\":[\"sense categoria\"],\"inLanguage\":\"ca\"},{\"@type\":\"WebPage\",\"@id\":\"https:\\\/\\\/barcelona.euses.cat\\\/ca\\\/la-setena-jornada-de-tutors-en-format-on-line-reuneix-una-quarantena-de-participants\\\/\",\"url\":\"https:\\\/\\\/barcelona.euses.cat\\\/ca\\\/la-setena-jornada-de-tutors-en-format-on-line-reuneix-una-quarantena-de-participants\\\/\",\"name\":\"La setena Jornada de Tutors, en format \u201con line\u201d, reuneix una quarantena de participants | EUSES- Campus de Bellvitge (Barcelona)\",\"isPartOf\":{\"@id\":\"https:\\\/\\\/barcelona.euses.cat\\\/ca\\\/#website\"},\"primaryImageOfPage\":{\"@id\":\"https:\\\/\\\/barcelona.euses.cat\\\/ca\\\/la-setena-jornada-de-tutors-en-format-on-line-reuneix-una-quarantena-de-participants\\\/#primaryimage\"},\"image\":{\"@id\":\"https:\\\/\\\/barcelona.euses.cat\\\/ca\\\/la-setena-jornada-de-tutors-en-format-on-line-reuneix-una-quarantena-de-participants\\\/#primaryimage\"},\"thumbnailUrl\":\"https:\\\/\\\/barcelona.euses.cat\\\/wp-content\\\/uploads\\\/2020\\\/10\\\/Jornada-III.jpg\",\"datePublished\":\"2020-10-19T15:46:18+00:00\",\"author\":{\"@id\":\"https:\\\/\\\/barcelona.euses.cat\\\/ca\\\/#\\\/schema\\\/person\\\/8ab46080dfc4814fa59383db317735bd\"},\"breadcrumb\":{\"@id\":\"https:\\\/\\\/barcelona.euses.cat\\\/ca\\\/la-setena-jornada-de-tutors-en-format-on-line-reuneix-una-quarantena-de-participants\\\/#breadcrumb\"},\"inLanguage\":\"ca\",\"potentialAction\":[{\"@type\":\"ReadAction\",\"target\":[\"https:\\\/\\\/barcelona.euses.cat\\\/ca\\\/la-setena-jornada-de-tutors-en-format-on-line-reuneix-una-quarantena-de-participants\\\/\"]}]},{\"@type\":\"ImageObject\",\"inLanguage\":\"ca\",\"@id\":\"https:\\\/\\\/barcelona.euses.cat\\\/ca\\\/la-setena-jornada-de-tutors-en-format-on-line-reuneix-una-quarantena-de-participants\\\/#primaryimage\",\"url\":\"https:\\\/\\\/barcelona.euses.cat\\\/wp-content\\\/uploads\\\/2020\\\/10\\\/Jornada-III.jpg\",\"contentUrl\":\"https:\\\/\\\/barcelona.euses.cat\\\/wp-content\\\/uploads\\\/2020\\\/10\\\/Jornada-III.jpg\",\"width\":1098,\"height\":617},{\"@type\":\"BreadcrumbList\",\"@id\":\"https:\\\/\\\/barcelona.euses.cat\\\/ca\\\/la-setena-jornada-de-tutors-en-format-on-line-reuneix-una-quarantena-de-participants\\\/#breadcrumb\",\"itemListElement\":[{\"@type\":\"ListItem\",\"position\":1,\"name\":\"Portada\",\"item\":\"https:\\\/\\\/barcelona.euses.cat\\\/ca\\\/\"},{\"@type\":\"ListItem\",\"position\":2,\"name\":\"La setena Jornada de Tutors, en format \u201con line\u201d, reuneix una quarantena de participants\"}]},{\"@type\":\"WebSite\",\"@id\":\"https:\\\/\\\/barcelona.euses.cat\\\/ca\\\/#website\",\"url\":\"https:\\\/\\\/barcelona.euses.cat\\\/ca\\\/\",\"name\":\"EUSES - Campus de Bellvitge (Barcelona)\",\"description\":\"EUSES, Escola Universit\u00e0ria de Fisioter\u00e0pia Internacional a Barcelona\",\"potentialAction\":[{\"@type\":\"SearchAction\",\"target\":{\"@type\":\"EntryPoint\",\"urlTemplate\":\"https:\\\/\\\/barcelona.euses.cat\\\/ca\\\/?s={search_term_string}\"},\"query-input\":{\"@type\":\"PropertyValueSpecification\",\"valueRequired\":true,\"valueName\":\"search_term_string\"}}],\"inLanguage\":\"ca\"},{\"@type\":\"Person\",\"@id\":\"https:\\\/\\\/barcelona.euses.cat\\\/ca\\\/#\\\/schema\\\/person\\\/8ab46080dfc4814fa59383db317735bd\",\"name\":\"Jordi Danes\",\"image\":{\"@type\":\"ImageObject\",\"inLanguage\":\"ca\",\"@id\":\"https:\\\/\\\/secure.gravatar.com\\\/avatar\\\/a9e4f443b594af225625ee8cfa665e41b1e0740ea34fbe0515b4ca559f8570ef?s=96&d=mm&r=g\",\"url\":\"https:\\\/\\\/secure.gravatar.com\\\/avatar\\\/a9e4f443b594af225625ee8cfa665e41b1e0740ea34fbe0515b4ca559f8570ef?s=96&d=mm&r=g\",\"contentUrl\":\"https:\\\/\\\/secure.gravatar.com\\\/avatar\\\/a9e4f443b594af225625ee8cfa665e41b1e0740ea34fbe0515b4ca559f8570ef?s=96&d=mm&r=g\",\"caption\":\"Jordi Danes\"},\"url\":\"https:\\\/\\\/barcelona.euses.cat\\\/ca\\\/author\\\/jordi-danes\\\/\"}]}<\/script>\n<!-- \/ Yoast SEO plugin. -->","yoast_head_json":{"title":"La setena Jornada de Tutors, en format \u201con line\u201d, reuneix una quarantena de participants | EUSES- Campus de Bellvitge (Barcelona)","robots":{"index":"index","follow":"follow","max-snippet":"max-snippet:-1","max-image-preview":"max-image-preview:large","max-video-preview":"max-video-preview:-1"},"canonical":"https:\/\/barcelona.euses.cat\/ca\/la-setena-jornada-de-tutors-en-format-on-line-reuneix-una-quarantena-de-participants\/","og_locale":"ca_ES","og_type":"article","og_title":"La setena Jornada de Tutors, en format \u201con line\u201d, reuneix una quarantena de participants | EUSES- Campus de Bellvitge (Barcelona)","og_description":"EUSES Alumni, conjuntament amb l\u2019assignatura de Pr\u00e0cticum del Grau en Fisioter\u00e0pia, va organitzar per set\u00e8 any consecutiu la Jornada de Tutors, que aquesta vegada va tenir format \u201con line\u201d a causa de la pand\u00e8mia del C\u00f2vid 19. La formaci\u00f3, que es va realitzar a trav\u00e9s de la plataforma Zoom, va comptar amb una quarantena d\u2019assistents [&hellip;]","og_url":"https:\/\/barcelona.euses.cat\/ca\/la-setena-jornada-de-tutors-en-format-on-line-reuneix-una-quarantena-de-participants\/","og_site_name":"EUSES- Campus de Bellvitge (Barcelona)","article_publisher":"https:\/\/www.facebook.com\/PhysioBCN\/","article_published_time":"2020-10-19T15:46:18+00:00","og_image":[{"width":1098,"height":617,"url":"https:\/\/barcelona.euses.cat\/wp-content\/uploads\/2020\/10\/Jornada-III.jpg","type":"image\/jpeg"}],"author":"Jordi Danes","twitter_card":"summary_large_image","twitter_misc":{"Escrit per":"Jordi Danes","Temps estimat de lectura":"1 minut"},"schema":{"@context":"https:\/\/schema.org","@graph":[{"@type":"Article","@id":"https:\/\/barcelona.euses.cat\/ca\/la-setena-jornada-de-tutors-en-format-on-line-reuneix-una-quarantena-de-participants\/#article","isPartOf":{"@id":"https:\/\/barcelona.euses.cat\/ca\/la-setena-jornada-de-tutors-en-format-on-line-reuneix-una-quarantena-de-participants\/"},"author":{"name":"Jordi Danes","@id":"https:\/\/barcelona.euses.cat\/ca\/#\/schema\/person\/8ab46080dfc4814fa59383db317735bd"},"headline":"La setena Jornada de Tutors, en format \u201con line\u201d, reuneix una quarantena de participants","datePublished":"2020-10-19T15:46:18+00:00","mainEntityOfPage":{"@id":"https:\/\/barcelona.euses.cat\/ca\/la-setena-jornada-de-tutors-en-format-on-line-reuneix-una-quarantena-de-participants\/"},"wordCount":173,"commentCount":0,"image":{"@id":"https:\/\/barcelona.euses.cat\/ca\/la-setena-jornada-de-tutors-en-format-on-line-reuneix-una-quarantena-de-participants\/#primaryimage"},"thumbnailUrl":"https:\/\/barcelona.euses.cat\/wp-content\/uploads\/2020\/10\/Jornada-III.jpg","articleSection":["sense categoria"],"inLanguage":"ca"},{"@type":"WebPage","@id":"https:\/\/barcelona.euses.cat\/ca\/la-setena-jornada-de-tutors-en-format-on-line-reuneix-una-quarantena-de-participants\/","url":"https:\/\/barcelona.euses.cat\/ca\/la-setena-jornada-de-tutors-en-format-on-line-reuneix-una-quarantena-de-participants\/","name":"La setena Jornada de Tutors, en format \u201con line\u201d, reuneix una quarantena de participants | EUSES- Campus de Bellvitge (Barcelona)","isPartOf":{"@id":"https:\/\/barcelona.euses.cat\/ca\/#website"},"primaryImageOfPage":{"@id":"https:\/\/barcelona.euses.cat\/ca\/la-setena-jornada-de-tutors-en-format-on-line-reuneix-una-quarantena-de-participants\/#primaryimage"},"image":{"@id":"https:\/\/barcelona.euses.cat\/ca\/la-setena-jornada-de-tutors-en-format-on-line-reuneix-una-quarantena-de-participants\/#primaryimage"},"thumbnailUrl":"https:\/\/barcelona.euses.cat\/wp-content\/uploads\/2020\/10\/Jornada-III.jpg","datePublished":"2020-10-19T15:46:18+00:00","author":{"@id":"https:\/\/barcelona.euses.cat\/ca\/#\/schema\/person\/8ab46080dfc4814fa59383db317735bd"},"breadcrumb":{"@id":"https:\/\/barcelona.euses.cat\/ca\/la-setena-jornada-de-tutors-en-format-on-line-reuneix-una-quarantena-de-participants\/#breadcrumb"},"inLanguage":"ca","potentialAction":[{"@type":"ReadAction","target":["https:\/\/barcelona.euses.cat\/ca\/la-setena-jornada-de-tutors-en-format-on-line-reuneix-una-quarantena-de-participants\/"]}]},{"@type":"ImageObject","inLanguage":"ca","@id":"https:\/\/barcelona.euses.cat\/ca\/la-setena-jornada-de-tutors-en-format-on-line-reuneix-una-quarantena-de-participants\/#primaryimage","url":"https:\/\/barcelona.euses.cat\/wp-content\/uploads\/2020\/10\/Jornada-III.jpg","contentUrl":"https:\/\/barcelona.euses.cat\/wp-content\/uploads\/2020\/10\/Jornada-III.jpg","width":1098,"height":617},{"@type":"BreadcrumbList","@id":"https:\/\/barcelona.euses.cat\/ca\/la-setena-jornada-de-tutors-en-format-on-line-reuneix-una-quarantena-de-participants\/#breadcrumb","itemListElement":[{"@type":"ListItem","position":1,"name":"Portada","item":"https:\/\/barcelona.euses.cat\/ca\/"},{"@type":"ListItem","position":2,"name":"La setena Jornada de Tutors, en format \u201con line\u201d, reuneix una quarantena de participants"}]},{"@type":"WebSite","@id":"https:\/\/barcelona.euses.cat\/ca\/#website","url":"https:\/\/barcelona.euses.cat\/ca\/","name":"EUSES - Campus de Bellvitge (Barcelona)","description":"EUSES, Escola Universit\u00e0ria de Fisioter\u00e0pia Internacional a Barcelona","potentialAction":[{"@type":"SearchAction","target":{"@type":"EntryPoint","urlTemplate":"https:\/\/barcelona.euses.cat\/ca\/?s={search_term_string}"},"query-input":{"@type":"PropertyValueSpecification","valueRequired":true,"valueName":"search_term_string"}}],"inLanguage":"ca"},{"@type":"Person","@id":"https:\/\/barcelona.euses.cat\/ca\/#\/schema\/person\/8ab46080dfc4814fa59383db317735bd","name":"Jordi Danes","image":{"@type":"ImageObject","inLanguage":"ca","@id":"https:\/\/secure.gravatar.com\/avatar\/a9e4f443b594af225625ee8cfa665e41b1e0740ea34fbe0515b4ca559f8570ef?s=96&d=mm&r=g","url":"https:\/\/secure.gravatar.com\/avatar\/a9e4f443b594af225625ee8cfa665e41b1e0740ea34fbe0515b4ca559f8570ef?s=96&d=mm&r=g","contentUrl":"https:\/\/secure.gravatar.com\/avatar\/a9e4f443b594af225625ee8cfa665e41b1e0740ea34fbe0515b4ca559f8570ef?s=96&d=mm&r=g","caption":"Jordi Danes"},"url":"https:\/\/barcelona.euses.cat\/ca\/author\/jordi-danes\/"}]}},"_links":{"self":[{"href":"https:\/\/barcelona.euses.cat\/ca\/wp-json\/wp\/v2\/posts\/8794","targetHints":{"allow":["GET"]}}],"collection":[{"href":"https:\/\/barcelona.euses.cat\/ca\/wp-json\/wp\/v2\/posts"}],"about":[{"href":"https:\/\/barcelona.euses.cat\/ca\/wp-json\/wp\/v2\/types\/post"}],"author":[{"embeddable":true,"href":"https:\/\/barcelona.euses.cat\/ca\/wp-json\/wp\/v2\/users\/3"}],"replies":[{"embeddable":true,"href":"https:\/\/barcelona.euses.cat\/ca\/wp-json\/wp\/v2\/comments?post=8794"}],"version-history":[{"count":1,"href":"https:\/\/barcelona.euses.cat\/ca\/wp-json\/wp\/v2\/posts\/8794\/revisions"}],"predecessor-version":[{"id":8815,"href":"https:\/\/barcelona.euses.cat\/ca\/wp-json\/wp\/v2\/posts\/8794\/revisions\/8815"}],"wp:featuredmedia":[{"embeddable":true,"href":"https:\/\/barcelona.euses.cat\/ca\/wp-json\/wp\/v2\/media\/8795"}],"wp:attachment":[{"href":"https:\/\/barcelona.euses.cat\/ca\/wp-json\/wp\/v2\/media?parent=8794"}],"wp:term":[{"taxonomy":"category","embeddable":true,"href":"https:\/\/barcelona.euses.cat\/ca\/wp-json\/wp\/v2\/categories?post=8794"},{"taxonomy":"post_tag","embeddable":true,"href":"https:\/\/barcelona.euses.cat\/ca\/wp-json\/wp\/v2\/tags?post=8794"}],"curies":[{"name":"wp","href":"https:\/\/api.w.org\/{rel}","templated":true}]}}