{"id":8461,"date":"2020-05-04T10:25:26","date_gmt":"2020-05-04T08:25:26","guid":{"rendered":"https:\/\/barcelona.euses.cat\/?p=8461"},"modified":"2020-05-04T10:25:26","modified_gmt":"2020-05-04T08:25:26","slug":"el-fc-barcelona-sintegra-com-a-partner-del-master-en-readaptacio-per-a-lactivitat-i-la-competicio-esportiva-deuses-fundacio-udg","status":"publish","type":"post","link":"https:\/\/barcelona.euses.cat\/ca\/el-fc-barcelona-sintegra-com-a-partner-del-master-en-readaptacio-per-a-lactivitat-i-la-competicio-esportiva-deuses-fundacio-udg\/","title":{"rendered":"El FC Barcelona s\u2019integra com a partner del M\u00e0ster en Readaptaci\u00f3 per a l\u2019Activitat i la Competici\u00f3 Esportiva d\u2019EUSES-Fundaci\u00f3 UdG"},"content":{"rendered":"<p>El <a href=\"https:\/\/girona.euses.cat\/estudis\/master-readaptacio-activitat-fisica-i-competicio-esportiva\/\" target=\"_blank\" rel=\"noopener noreferrer\">M\u00e0ster en Readaptaci\u00f3 a l\u2019Activitat F\u00edsica i la Competici\u00f3 Esportiva<\/a> arribar\u00e0 el curs 2020\/21 a la vuitena edici\u00f3 a les instal\u00b7lacions del campus de Salt amb la principal novetat de la col\u00b7laboraci\u00f3 del FC Barcelona a trav\u00e9s del seu laboratori de coneixement <a href=\"https:\/\/barcainnovationhub.com\/ca\/\">Barcelona Innovation Hub<\/a>, que s\u2019ha integrat a aquest projecte acad\u00e8mic com a partner per donar un nou impuls formatiu i professionalitzador al M\u00e0ster. El conveni inclou, entre altres acords, la celebraci\u00f3 d\u2019algunes sessions formatives a les instal\u00b7lacions del club i la participaci\u00f3 de professionals especialitzats del club i altres convidats d\u2019excepci\u00f3.<\/p>\n<p>L\u2019altra gran novetat del M\u00e0ster \u00e9s que tindr\u00e0 una edici\u00f3 que es realitzar\u00e0 \u00edntegrament en angl\u00e8s en el campus d\u2019<a href=\"https:\/\/enti.cat\/contacto\/\">ENTI<\/a> de Barcelona (Carrer Baldiri Reixac, 7) en les mateixes dates: del 16 d\u2019octubre de 2020 fins al 4 de novembre del 2021.<\/p>\n<p>El per\u00edode de preinscripci\u00f3 per al M\u00e0ster (en qualsevol de les dues seus) s\u2019obrir\u00e0 l\u20191 de mar\u00e7 i es tancar\u00e0 el 14 de juny i s\u2019ha de realitzar omplint el full d\u2019inscripci\u00f3 dins la web <a href=\"http:\/\/www.fundacioudg.org\">www.fundacioudg.org<\/a>. Les places estan limitades a 48 inscrits en el campus de Salt i 30 places per l\u2019edici\u00f3 que es desenvolupa a Barcelona. Els criteris d\u2019assignaci\u00f3 seran la nota de l\u2018expedient acad\u00e8mic dels estudis d&#8217;acc\u00e9s al M\u00e0ster i la valoraci\u00f3 de l\u2019experi\u00e8ncia professional i de la formaci\u00f3 continuada af\u00ed al m\u00e0ster. Si hi haguessin places lliures, s\u2019obriria un segon per\u00edode d\u2019inscripci\u00f3 entre el 3 de juliol i el 10 de setembre.<\/p>\n<p>Aquest m\u00e0ster, que est\u00e0 dirigit a Llicenciats o graduats en Ci\u00e8ncies de l\u2019Activitat F\u00edsica i de l\u2019Esport, fisioterapeutes, metges i graduats universitaris que vulguin especialitzar-se en una \u00e0rea emergent com \u00e9s la readaptaci\u00f3 a la competici\u00f3 esportiva o l\u2019activitat f\u00edsica relacionada amb la salut, t\u00e9 60 ECTS (180 hores presencials) i t\u00e9 com a titulaci\u00f3: M\u00e0ster en Readaptaci\u00f3 a l\u2019Activitat F\u00edsica i la Competici\u00f3 Esportiva per la Universitat de Girona.<\/p>\n<p>Alguns dels principals objectius que persegueix aquest m\u00e0ster s\u00f3n formar l\u2019estudiant en les ci\u00e8ncies de l\u2019esport orientades a entendre el proc\u00e9s de readaptaci\u00f3 d\u2019un esportista lesionat; proporcionar les diferents vessants del coneixement te\u00f2ric i pr\u00e0ctic per poder desenvolupar de manera completa el proc\u00e9s de readaptaci\u00f3 d\u2019un esportista; formar l\u2019estudiant en la capacitat de cerca i an\u00e0lisi de les bases de dades vinculades a les ci\u00e8ncies de l\u2019esport; reflexionar cr\u00edticament sobre el coneixement relacionat amb la readaptaci\u00f3 a la competici\u00f3 d\u2019un esportista.<\/p>\n<p>Per tot plegat, s\u2019ha tornat a reunir un extraordinari equip docent amb professionals de primer ordre en les seves respectives mat\u00e8ries que est\u00e0 encap\u00e7alat per director Daniel Romero (Doctor en Ci\u00e8ncies de l\u2019Activitat F\u00edsica i de l\u2019Esport i Fisioterapeuta). L\u2019equip de professors est\u00e0 integrat per Joaqu\u00edn Acedo, Eduard Alentorn, Albert Altarriba, Juanjo Brau, Jaime Fern\u00e1ndez, Joan Forcades, Eduard Garcia, Oliver Gonzalo, Gabriel Gual, Javier Jorge, \u00c0lex Latinjak, Maurici L\u00f3pez, Marc Madruga, V\u00edctor Moreno, Jaume Munill, David Rodr\u00edguez, Llu\u00eds Sala i Julio Tous.<\/p>\n","protected":false},"excerpt":{"rendered":"<p>El M\u00e0ster en Readaptaci\u00f3 a l\u2019Activitat F\u00edsica i la Competici\u00f3 Esportiva arribar\u00e0 el curs 2020\/21 a la vuitena edici\u00f3 a les instal\u00b7lacions del campus de Salt amb la principal novetat de la col\u00b7laboraci\u00f3 del FC Barcelona a trav\u00e9s del seu laboratori de coneixement Barcelona Innovation Hub, que s\u2019ha integrat a aquest projecte acad\u00e8mic com a [&hellip;]<\/p>\n","protected":false},"author":3,"featured_media":8468,"comment_status":"open","ping_status":"closed","sticky":false,"template":"","format":"standard","meta":{"_acf_changed":false,"inline_featured_image":false,"_joinchat":[],"footnotes":""},"categories":[46],"tags":[],"class_list":["post-8461","post","type-post","status-publish","format-standard","has-post-thumbnail","hentry","category-sense-categoria"],"acf":[],"yoast_head":"<!-- This site is optimized with the Yoast SEO plugin v27.4 - https:\/\/yoast.com\/product\/yoast-seo-wordpress\/ -->\n<title>El FC Barcelona s\u2019integra com a partner del M\u00e0ster en Readaptaci\u00f3 per a l\u2019Activitat i la Competici\u00f3 Esportiva d\u2019EUSES-Fundaci\u00f3 UdG | EUSES- Campus de Bellvitge (Barcelona)<\/title>\n<meta name=\"robots\" content=\"index, follow, max-snippet:-1, max-image-preview:large, max-video-preview:-1\" \/>\n<link rel=\"canonical\" href=\"https:\/\/barcelona.euses.cat\/ca\/el-fc-barcelona-sintegra-com-a-partner-del-master-en-readaptacio-per-a-lactivitat-i-la-competicio-esportiva-deuses-fundacio-udg\/\" \/>\n<meta property=\"og:locale\" content=\"ca_ES\" \/>\n<meta property=\"og:type\" content=\"article\" \/>\n<meta property=\"og:title\" content=\"El FC Barcelona s\u2019integra com a partner del M\u00e0ster en Readaptaci\u00f3 per a l\u2019Activitat i la Competici\u00f3 Esportiva d\u2019EUSES-Fundaci\u00f3 UdG | EUSES- Campus de Bellvitge (Barcelona)\" \/>\n<meta property=\"og:description\" content=\"El M\u00e0ster en Readaptaci\u00f3 a l\u2019Activitat F\u00edsica i la Competici\u00f3 Esportiva arribar\u00e0 el curs 2020\/21 a la vuitena edici\u00f3 a les instal\u00b7lacions del campus de Salt amb la principal novetat de la col\u00b7laboraci\u00f3 del FC Barcelona a trav\u00e9s del seu laboratori de coneixement Barcelona Innovation Hub, que s\u2019ha integrat a aquest projecte acad\u00e8mic com a [&hellip;]\" \/>\n<meta property=\"og:url\" content=\"https:\/\/barcelona.euses.cat\/ca\/el-fc-barcelona-sintegra-com-a-partner-del-master-en-readaptacio-per-a-lactivitat-i-la-competicio-esportiva-deuses-fundacio-udg\/\" \/>\n<meta property=\"og:site_name\" content=\"EUSES- Campus de Bellvitge (Barcelona)\" \/>\n<meta property=\"article:publisher\" content=\"https:\/\/www.facebook.com\/PhysioBCN\/\" \/>\n<meta property=\"article:published_time\" content=\"2020-05-04T08:25:26+00:00\" \/>\n<meta property=\"og:image\" content=\"https:\/\/barcelona.euses.cat\/wp-content\/uploads\/2020\/05\/master-readaptacio-3-1024x658.jpg\" \/>\n\t<meta property=\"og:image:width\" content=\"1024\" \/>\n\t<meta property=\"og:image:height\" content=\"658\" \/>\n\t<meta property=\"og:image:type\" content=\"image\/jpeg\" \/>\n<meta name=\"author\" content=\"Jordi Danes\" \/>\n<meta name=\"twitter:card\" content=\"summary_large_image\" \/>\n<meta name=\"twitter:label1\" content=\"Escrit per\" \/>\n\t<meta name=\"twitter:data1\" content=\"Jordi Danes\" \/>\n\t<meta name=\"twitter:label2\" content=\"Temps estimat de lectura\" \/>\n\t<meta name=\"twitter:data2\" content=\"3 minuts\" \/>\n<script type=\"application\/ld+json\" class=\"yoast-schema-graph\">{\"@context\":\"https:\\\/\\\/schema.org\",\"@graph\":[{\"@type\":\"Article\",\"@id\":\"https:\\\/\\\/barcelona.euses.cat\\\/ca\\\/el-fc-barcelona-sintegra-com-a-partner-del-master-en-readaptacio-per-a-lactivitat-i-la-competicio-esportiva-deuses-fundacio-udg\\\/#article\",\"isPartOf\":{\"@id\":\"https:\\\/\\\/barcelona.euses.cat\\\/ca\\\/el-fc-barcelona-sintegra-com-a-partner-del-master-en-readaptacio-per-a-lactivitat-i-la-competicio-esportiva-deuses-fundacio-udg\\\/\"},\"author\":{\"name\":\"Jordi Danes\",\"@id\":\"https:\\\/\\\/barcelona.euses.cat\\\/ca\\\/#\\\/schema\\\/person\\\/8ab46080dfc4814fa59383db317735bd\"},\"headline\":\"El FC Barcelona s\u2019integra com a partner del M\u00e0ster en Readaptaci\u00f3 per a l\u2019Activitat i la Competici\u00f3 Esportiva d\u2019EUSES-Fundaci\u00f3 UdG\",\"datePublished\":\"2020-05-04T08:25:26+00:00\",\"mainEntityOfPage\":{\"@id\":\"https:\\\/\\\/barcelona.euses.cat\\\/ca\\\/el-fc-barcelona-sintegra-com-a-partner-del-master-en-readaptacio-per-a-lactivitat-i-la-competicio-esportiva-deuses-fundacio-udg\\\/\"},\"wordCount\":564,\"commentCount\":0,\"image\":{\"@id\":\"https:\\\/\\\/barcelona.euses.cat\\\/ca\\\/el-fc-barcelona-sintegra-com-a-partner-del-master-en-readaptacio-per-a-lactivitat-i-la-competicio-esportiva-deuses-fundacio-udg\\\/#primaryimage\"},\"thumbnailUrl\":\"https:\\\/\\\/barcelona.euses.cat\\\/wp-content\\\/uploads\\\/2020\\\/05\\\/master-readaptacio-3.jpg\",\"articleSection\":[\"sense categoria\"],\"inLanguage\":\"ca\"},{\"@type\":\"WebPage\",\"@id\":\"https:\\\/\\\/barcelona.euses.cat\\\/ca\\\/el-fc-barcelona-sintegra-com-a-partner-del-master-en-readaptacio-per-a-lactivitat-i-la-competicio-esportiva-deuses-fundacio-udg\\\/\",\"url\":\"https:\\\/\\\/barcelona.euses.cat\\\/ca\\\/el-fc-barcelona-sintegra-com-a-partner-del-master-en-readaptacio-per-a-lactivitat-i-la-competicio-esportiva-deuses-fundacio-udg\\\/\",\"name\":\"El FC Barcelona s\u2019integra com a partner del M\u00e0ster en Readaptaci\u00f3 per a l\u2019Activitat i la Competici\u00f3 Esportiva d\u2019EUSES-Fundaci\u00f3 UdG | EUSES- Campus de Bellvitge (Barcelona)\",\"isPartOf\":{\"@id\":\"https:\\\/\\\/barcelona.euses.cat\\\/ca\\\/#website\"},\"primaryImageOfPage\":{\"@id\":\"https:\\\/\\\/barcelona.euses.cat\\\/ca\\\/el-fc-barcelona-sintegra-com-a-partner-del-master-en-readaptacio-per-a-lactivitat-i-la-competicio-esportiva-deuses-fundacio-udg\\\/#primaryimage\"},\"image\":{\"@id\":\"https:\\\/\\\/barcelona.euses.cat\\\/ca\\\/el-fc-barcelona-sintegra-com-a-partner-del-master-en-readaptacio-per-a-lactivitat-i-la-competicio-esportiva-deuses-fundacio-udg\\\/#primaryimage\"},\"thumbnailUrl\":\"https:\\\/\\\/barcelona.euses.cat\\\/wp-content\\\/uploads\\\/2020\\\/05\\\/master-readaptacio-3.jpg\",\"datePublished\":\"2020-05-04T08:25:26+00:00\",\"author\":{\"@id\":\"https:\\\/\\\/barcelona.euses.cat\\\/ca\\\/#\\\/schema\\\/person\\\/8ab46080dfc4814fa59383db317735bd\"},\"breadcrumb\":{\"@id\":\"https:\\\/\\\/barcelona.euses.cat\\\/ca\\\/el-fc-barcelona-sintegra-com-a-partner-del-master-en-readaptacio-per-a-lactivitat-i-la-competicio-esportiva-deuses-fundacio-udg\\\/#breadcrumb\"},\"inLanguage\":\"ca\",\"potentialAction\":[{\"@type\":\"ReadAction\",\"target\":[\"https:\\\/\\\/barcelona.euses.cat\\\/ca\\\/el-fc-barcelona-sintegra-com-a-partner-del-master-en-readaptacio-per-a-lactivitat-i-la-competicio-esportiva-deuses-fundacio-udg\\\/\"]}]},{\"@type\":\"ImageObject\",\"inLanguage\":\"ca\",\"@id\":\"https:\\\/\\\/barcelona.euses.cat\\\/ca\\\/el-fc-barcelona-sintegra-com-a-partner-del-master-en-readaptacio-per-a-lactivitat-i-la-competicio-esportiva-deuses-fundacio-udg\\\/#primaryimage\",\"url\":\"https:\\\/\\\/barcelona.euses.cat\\\/wp-content\\\/uploads\\\/2020\\\/05\\\/master-readaptacio-3.jpg\",\"contentUrl\":\"https:\\\/\\\/barcelona.euses.cat\\\/wp-content\\\/uploads\\\/2020\\\/05\\\/master-readaptacio-3.jpg\",\"width\":4904,\"height\":3153,\"caption\":\"20192020_Entrenament_Futbol_1r_equip_20190808_11\"},{\"@type\":\"BreadcrumbList\",\"@id\":\"https:\\\/\\\/barcelona.euses.cat\\\/ca\\\/el-fc-barcelona-sintegra-com-a-partner-del-master-en-readaptacio-per-a-lactivitat-i-la-competicio-esportiva-deuses-fundacio-udg\\\/#breadcrumb\",\"itemListElement\":[{\"@type\":\"ListItem\",\"position\":1,\"name\":\"Portada\",\"item\":\"https:\\\/\\\/barcelona.euses.cat\\\/ca\\\/\"},{\"@type\":\"ListItem\",\"position\":2,\"name\":\"El FC Barcelona s\u2019integra com a partner del M\u00e0ster en Readaptaci\u00f3 per a l\u2019Activitat i la Competici\u00f3 Esportiva d\u2019EUSES-Fundaci\u00f3 UdG\"}]},{\"@type\":\"WebSite\",\"@id\":\"https:\\\/\\\/barcelona.euses.cat\\\/ca\\\/#website\",\"url\":\"https:\\\/\\\/barcelona.euses.cat\\\/ca\\\/\",\"name\":\"EUSES - Campus de Bellvitge (Barcelona)\",\"description\":\"EUSES, Escola Universit\u00e0ria de Fisioter\u00e0pia Internacional a Barcelona\",\"potentialAction\":[{\"@type\":\"SearchAction\",\"target\":{\"@type\":\"EntryPoint\",\"urlTemplate\":\"https:\\\/\\\/barcelona.euses.cat\\\/ca\\\/?s={search_term_string}\"},\"query-input\":{\"@type\":\"PropertyValueSpecification\",\"valueRequired\":true,\"valueName\":\"search_term_string\"}}],\"inLanguage\":\"ca\"},{\"@type\":\"Person\",\"@id\":\"https:\\\/\\\/barcelona.euses.cat\\\/ca\\\/#\\\/schema\\\/person\\\/8ab46080dfc4814fa59383db317735bd\",\"name\":\"Jordi Danes\",\"image\":{\"@type\":\"ImageObject\",\"inLanguage\":\"ca\",\"@id\":\"https:\\\/\\\/secure.gravatar.com\\\/avatar\\\/a9e4f443b594af225625ee8cfa665e41b1e0740ea34fbe0515b4ca559f8570ef?s=96&d=mm&r=g\",\"url\":\"https:\\\/\\\/secure.gravatar.com\\\/avatar\\\/a9e4f443b594af225625ee8cfa665e41b1e0740ea34fbe0515b4ca559f8570ef?s=96&d=mm&r=g\",\"contentUrl\":\"https:\\\/\\\/secure.gravatar.com\\\/avatar\\\/a9e4f443b594af225625ee8cfa665e41b1e0740ea34fbe0515b4ca559f8570ef?s=96&d=mm&r=g\",\"caption\":\"Jordi Danes\"},\"url\":\"https:\\\/\\\/barcelona.euses.cat\\\/ca\\\/author\\\/jordi-danes\\\/\"}]}<\/script>\n<!-- \/ Yoast SEO plugin. -->","yoast_head_json":{"title":"El FC Barcelona s\u2019integra com a partner del M\u00e0ster en Readaptaci\u00f3 per a l\u2019Activitat i la Competici\u00f3 Esportiva d\u2019EUSES-Fundaci\u00f3 UdG | EUSES- Campus de Bellvitge (Barcelona)","robots":{"index":"index","follow":"follow","max-snippet":"max-snippet:-1","max-image-preview":"max-image-preview:large","max-video-preview":"max-video-preview:-1"},"canonical":"https:\/\/barcelona.euses.cat\/ca\/el-fc-barcelona-sintegra-com-a-partner-del-master-en-readaptacio-per-a-lactivitat-i-la-competicio-esportiva-deuses-fundacio-udg\/","og_locale":"ca_ES","og_type":"article","og_title":"El FC Barcelona s\u2019integra com a partner del M\u00e0ster en Readaptaci\u00f3 per a l\u2019Activitat i la Competici\u00f3 Esportiva d\u2019EUSES-Fundaci\u00f3 UdG | EUSES- Campus de Bellvitge (Barcelona)","og_description":"El M\u00e0ster en Readaptaci\u00f3 a l\u2019Activitat F\u00edsica i la Competici\u00f3 Esportiva arribar\u00e0 el curs 2020\/21 a la vuitena edici\u00f3 a les instal\u00b7lacions del campus de Salt amb la principal novetat de la col\u00b7laboraci\u00f3 del FC Barcelona a trav\u00e9s del seu laboratori de coneixement Barcelona Innovation Hub, que s\u2019ha integrat a aquest projecte acad\u00e8mic com a [&hellip;]","og_url":"https:\/\/barcelona.euses.cat\/ca\/el-fc-barcelona-sintegra-com-a-partner-del-master-en-readaptacio-per-a-lactivitat-i-la-competicio-esportiva-deuses-fundacio-udg\/","og_site_name":"EUSES- Campus de Bellvitge (Barcelona)","article_publisher":"https:\/\/www.facebook.com\/PhysioBCN\/","article_published_time":"2020-05-04T08:25:26+00:00","og_image":[{"width":1024,"height":658,"url":"https:\/\/barcelona.euses.cat\/wp-content\/uploads\/2020\/05\/master-readaptacio-3-1024x658.jpg","type":"image\/jpeg"}],"author":"Jordi Danes","twitter_card":"summary_large_image","twitter_misc":{"Escrit per":"Jordi Danes","Temps estimat de lectura":"3 minuts"},"schema":{"@context":"https:\/\/schema.org","@graph":[{"@type":"Article","@id":"https:\/\/barcelona.euses.cat\/ca\/el-fc-barcelona-sintegra-com-a-partner-del-master-en-readaptacio-per-a-lactivitat-i-la-competicio-esportiva-deuses-fundacio-udg\/#article","isPartOf":{"@id":"https:\/\/barcelona.euses.cat\/ca\/el-fc-barcelona-sintegra-com-a-partner-del-master-en-readaptacio-per-a-lactivitat-i-la-competicio-esportiva-deuses-fundacio-udg\/"},"author":{"name":"Jordi Danes","@id":"https:\/\/barcelona.euses.cat\/ca\/#\/schema\/person\/8ab46080dfc4814fa59383db317735bd"},"headline":"El FC Barcelona s\u2019integra com a partner del M\u00e0ster en Readaptaci\u00f3 per a l\u2019Activitat i la Competici\u00f3 Esportiva d\u2019EUSES-Fundaci\u00f3 UdG","datePublished":"2020-05-04T08:25:26+00:00","mainEntityOfPage":{"@id":"https:\/\/barcelona.euses.cat\/ca\/el-fc-barcelona-sintegra-com-a-partner-del-master-en-readaptacio-per-a-lactivitat-i-la-competicio-esportiva-deuses-fundacio-udg\/"},"wordCount":564,"commentCount":0,"image":{"@id":"https:\/\/barcelona.euses.cat\/ca\/el-fc-barcelona-sintegra-com-a-partner-del-master-en-readaptacio-per-a-lactivitat-i-la-competicio-esportiva-deuses-fundacio-udg\/#primaryimage"},"thumbnailUrl":"https:\/\/barcelona.euses.cat\/wp-content\/uploads\/2020\/05\/master-readaptacio-3.jpg","articleSection":["sense categoria"],"inLanguage":"ca"},{"@type":"WebPage","@id":"https:\/\/barcelona.euses.cat\/ca\/el-fc-barcelona-sintegra-com-a-partner-del-master-en-readaptacio-per-a-lactivitat-i-la-competicio-esportiva-deuses-fundacio-udg\/","url":"https:\/\/barcelona.euses.cat\/ca\/el-fc-barcelona-sintegra-com-a-partner-del-master-en-readaptacio-per-a-lactivitat-i-la-competicio-esportiva-deuses-fundacio-udg\/","name":"El FC Barcelona s\u2019integra com a partner del M\u00e0ster en Readaptaci\u00f3 per a l\u2019Activitat i la Competici\u00f3 Esportiva d\u2019EUSES-Fundaci\u00f3 UdG | EUSES- Campus de Bellvitge (Barcelona)","isPartOf":{"@id":"https:\/\/barcelona.euses.cat\/ca\/#website"},"primaryImageOfPage":{"@id":"https:\/\/barcelona.euses.cat\/ca\/el-fc-barcelona-sintegra-com-a-partner-del-master-en-readaptacio-per-a-lactivitat-i-la-competicio-esportiva-deuses-fundacio-udg\/#primaryimage"},"image":{"@id":"https:\/\/barcelona.euses.cat\/ca\/el-fc-barcelona-sintegra-com-a-partner-del-master-en-readaptacio-per-a-lactivitat-i-la-competicio-esportiva-deuses-fundacio-udg\/#primaryimage"},"thumbnailUrl":"https:\/\/barcelona.euses.cat\/wp-content\/uploads\/2020\/05\/master-readaptacio-3.jpg","datePublished":"2020-05-04T08:25:26+00:00","author":{"@id":"https:\/\/barcelona.euses.cat\/ca\/#\/schema\/person\/8ab46080dfc4814fa59383db317735bd"},"breadcrumb":{"@id":"https:\/\/barcelona.euses.cat\/ca\/el-fc-barcelona-sintegra-com-a-partner-del-master-en-readaptacio-per-a-lactivitat-i-la-competicio-esportiva-deuses-fundacio-udg\/#breadcrumb"},"inLanguage":"ca","potentialAction":[{"@type":"ReadAction","target":["https:\/\/barcelona.euses.cat\/ca\/el-fc-barcelona-sintegra-com-a-partner-del-master-en-readaptacio-per-a-lactivitat-i-la-competicio-esportiva-deuses-fundacio-udg\/"]}]},{"@type":"ImageObject","inLanguage":"ca","@id":"https:\/\/barcelona.euses.cat\/ca\/el-fc-barcelona-sintegra-com-a-partner-del-master-en-readaptacio-per-a-lactivitat-i-la-competicio-esportiva-deuses-fundacio-udg\/#primaryimage","url":"https:\/\/barcelona.euses.cat\/wp-content\/uploads\/2020\/05\/master-readaptacio-3.jpg","contentUrl":"https:\/\/barcelona.euses.cat\/wp-content\/uploads\/2020\/05\/master-readaptacio-3.jpg","width":4904,"height":3153,"caption":"20192020_Entrenament_Futbol_1r_equip_20190808_11"},{"@type":"BreadcrumbList","@id":"https:\/\/barcelona.euses.cat\/ca\/el-fc-barcelona-sintegra-com-a-partner-del-master-en-readaptacio-per-a-lactivitat-i-la-competicio-esportiva-deuses-fundacio-udg\/#breadcrumb","itemListElement":[{"@type":"ListItem","position":1,"name":"Portada","item":"https:\/\/barcelona.euses.cat\/ca\/"},{"@type":"ListItem","position":2,"name":"El FC Barcelona s\u2019integra com a partner del M\u00e0ster en Readaptaci\u00f3 per a l\u2019Activitat i la Competici\u00f3 Esportiva d\u2019EUSES-Fundaci\u00f3 UdG"}]},{"@type":"WebSite","@id":"https:\/\/barcelona.euses.cat\/ca\/#website","url":"https:\/\/barcelona.euses.cat\/ca\/","name":"EUSES - Campus de Bellvitge (Barcelona)","description":"EUSES, Escola Universit\u00e0ria de Fisioter\u00e0pia Internacional a Barcelona","potentialAction":[{"@type":"SearchAction","target":{"@type":"EntryPoint","urlTemplate":"https:\/\/barcelona.euses.cat\/ca\/?s={search_term_string}"},"query-input":{"@type":"PropertyValueSpecification","valueRequired":true,"valueName":"search_term_string"}}],"inLanguage":"ca"},{"@type":"Person","@id":"https:\/\/barcelona.euses.cat\/ca\/#\/schema\/person\/8ab46080dfc4814fa59383db317735bd","name":"Jordi Danes","image":{"@type":"ImageObject","inLanguage":"ca","@id":"https:\/\/secure.gravatar.com\/avatar\/a9e4f443b594af225625ee8cfa665e41b1e0740ea34fbe0515b4ca559f8570ef?s=96&d=mm&r=g","url":"https:\/\/secure.gravatar.com\/avatar\/a9e4f443b594af225625ee8cfa665e41b1e0740ea34fbe0515b4ca559f8570ef?s=96&d=mm&r=g","contentUrl":"https:\/\/secure.gravatar.com\/avatar\/a9e4f443b594af225625ee8cfa665e41b1e0740ea34fbe0515b4ca559f8570ef?s=96&d=mm&r=g","caption":"Jordi Danes"},"url":"https:\/\/barcelona.euses.cat\/ca\/author\/jordi-danes\/"}]}},"_links":{"self":[{"href":"https:\/\/barcelona.euses.cat\/ca\/wp-json\/wp\/v2\/posts\/8461","targetHints":{"allow":["GET"]}}],"collection":[{"href":"https:\/\/barcelona.euses.cat\/ca\/wp-json\/wp\/v2\/posts"}],"about":[{"href":"https:\/\/barcelona.euses.cat\/ca\/wp-json\/wp\/v2\/types\/post"}],"author":[{"embeddable":true,"href":"https:\/\/barcelona.euses.cat\/ca\/wp-json\/wp\/v2\/users\/3"}],"replies":[{"embeddable":true,"href":"https:\/\/barcelona.euses.cat\/ca\/wp-json\/wp\/v2\/comments?post=8461"}],"version-history":[{"count":1,"href":"https:\/\/barcelona.euses.cat\/ca\/wp-json\/wp\/v2\/posts\/8461\/revisions"}],"predecessor-version":[{"id":8462,"href":"https:\/\/barcelona.euses.cat\/ca\/wp-json\/wp\/v2\/posts\/8461\/revisions\/8462"}],"wp:featuredmedia":[{"embeddable":true,"href":"https:\/\/barcelona.euses.cat\/ca\/wp-json\/wp\/v2\/media\/8468"}],"wp:attachment":[{"href":"https:\/\/barcelona.euses.cat\/ca\/wp-json\/wp\/v2\/media?parent=8461"}],"wp:term":[{"taxonomy":"category","embeddable":true,"href":"https:\/\/barcelona.euses.cat\/ca\/wp-json\/wp\/v2\/categories?post=8461"},{"taxonomy":"post_tag","embeddable":true,"href":"https:\/\/barcelona.euses.cat\/ca\/wp-json\/wp\/v2\/tags?post=8461"}],"curies":[{"name":"wp","href":"https:\/\/api.w.org\/{rel}","templated":true}]}}