{"id":8350,"date":"2020-04-24T17:37:52","date_gmt":"2020-04-24T15:37:52","guid":{"rendered":"https:\/\/barcelona.euses.cat\/?p=8350"},"modified":"2020-04-24T17:37:52","modified_gmt":"2020-04-24T15:37:52","slug":"celebrada-la-primera-jornada-de-portes-obertes-virtual-del-grau-de-fisioterapia-internacional","status":"publish","type":"post","link":"https:\/\/barcelona.euses.cat\/ca\/celebrada-la-primera-jornada-de-portes-obertes-virtual-del-grau-de-fisioterapia-internacional\/","title":{"rendered":"Celebrada la primera jornada de portes obertes virtual del Grau de Fisioter\u00e0pia Internacional"},"content":{"rendered":"<p>Els interessats a realitzar el Grau en Fisioter\u00e0pia Internacional en el campus de Bellvitge el curs acad\u00e8mic 2020\/21 han pogut rebre aquesta tarda tota la informaci\u00f3 durant la jornada de portes obertes virtual que els inscrits han pogut seguir a trav\u00e9s de la plataforma Zoom. El director de Physiotherapy, Mariano Gacto, ha realitzat una exhaustiva exposici\u00f3 del Grau durant la qual ha incidit en el pla d\u2019estudis i en el ventall de sortides professionals que tindran els graduats. Tamb\u00e9 ha explicat els convenis internacionals que t\u00e9 signats la universitat i els convenis de pr\u00e0ctiques amb altres entitats i s\u2019ha adre\u00e7at als interessats per comentar-los el proc\u00e9s d\u2019inscripci\u00f3 aix\u00ed com altres aspectes m\u00e9s log\u00edstics. Durant la sessi\u00f3 virtual tamb\u00e9 ha intervingut la graduada Maria J\u00fadez per exposar la seva experi\u00e8ncia des del punt de vista d\u2019una exalumna. Els assistents ha pogut veure imatges del Campus de Bellvitge i despr\u00e9s de tota l\u2019exposici\u00f3 hi ha hagut un torn de preguntes on els futurs estudiants de Physiotheraphy han pogut intervenir pel xat per plantejar qualsevol q\u00fcesti\u00f3 i resoldre qualsevol dubte.<\/p>\n<p>.<\/p>\n<p>.<a href=\"https:\/\/barcelona.euses.cat\/wp-content\/uploads\/2020\/04\/ajpobcn1_LI-2.jpg\"><img fetchpriority=\"high\" decoding=\"async\" class=\"alignnone wp-image-8355 size-medium\" src=\"https:\/\/barcelona.euses.cat\/wp-content\/uploads\/2020\/04\/ajpobcn1_LI-2-300x169.jpg\" alt=\"\" width=\"300\" height=\"169\" srcset=\"https:\/\/barcelona.euses.cat\/wp-content\/uploads\/2020\/04\/ajpobcn1_LI-2-300x169.jpg 300w, https:\/\/barcelona.euses.cat\/wp-content\/uploads\/2020\/04\/ajpobcn1_LI-2-768x432.jpg 768w, https:\/\/barcelona.euses.cat\/wp-content\/uploads\/2020\/04\/ajpobcn1_LI-2-1024x576.jpg 1024w, https:\/\/barcelona.euses.cat\/wp-content\/uploads\/2020\/04\/ajpobcn1_LI-2-350x197.jpg 350w, https:\/\/barcelona.euses.cat\/wp-content\/uploads\/2020\/04\/ajpobcn1_LI-2.jpg 1366w\" sizes=\"(max-width: 300px) 100vw, 300px\" \/><\/a><\/p>\n<p>&nbsp;<\/p>\n<p>&nbsp;<\/p>\n","protected":false},"excerpt":{"rendered":"<p>Els interessats a realitzar el Grau en Fisioter\u00e0pia Internacional en el campus de Bellvitge el curs acad\u00e8mic 2020\/21 han pogut rebre aquesta tarda tota la informaci\u00f3 durant la jornada de portes obertes virtual que els inscrits han pogut seguir a trav\u00e9s de la plataforma Zoom. El director de Physiotherapy, Mariano Gacto, ha realitzat una exhaustiva [&hellip;]<\/p>\n","protected":false},"author":3,"featured_media":8351,"comment_status":"open","ping_status":"closed","sticky":false,"template":"","format":"standard","meta":{"_acf_changed":false,"inline_featured_image":false,"_joinchat":[],"footnotes":""},"categories":[46],"tags":[],"class_list":["post-8350","post","type-post","status-publish","format-standard","has-post-thumbnail","hentry","category-sense-categoria"],"acf":[],"yoast_head":"<!-- This site is optimized with the Yoast SEO plugin v27.4 - https:\/\/yoast.com\/product\/yoast-seo-wordpress\/ -->\n<title>Celebrada la primera jornada de portes obertes virtual del Grau de Fisioter\u00e0pia Internacional | EUSES- Campus de Bellvitge (Barcelona)<\/title>\n<meta name=\"robots\" content=\"index, follow, max-snippet:-1, max-image-preview:large, max-video-preview:-1\" \/>\n<link rel=\"canonical\" href=\"https:\/\/barcelona.euses.cat\/ca\/celebrada-la-primera-jornada-de-portes-obertes-virtual-del-grau-de-fisioterapia-internacional\/\" \/>\n<meta property=\"og:locale\" content=\"ca_ES\" \/>\n<meta property=\"og:type\" content=\"article\" \/>\n<meta property=\"og:title\" content=\"Celebrada la primera jornada de portes obertes virtual del Grau de Fisioter\u00e0pia Internacional | EUSES- Campus de Bellvitge (Barcelona)\" \/>\n<meta property=\"og:description\" content=\"Els interessats a realitzar el Grau en Fisioter\u00e0pia Internacional en el campus de Bellvitge el curs acad\u00e8mic 2020\/21 han pogut rebre aquesta tarda tota la informaci\u00f3 durant la jornada de portes obertes virtual que els inscrits han pogut seguir a trav\u00e9s de la plataforma Zoom. El director de Physiotherapy, Mariano Gacto, ha realitzat una exhaustiva [&hellip;]\" \/>\n<meta property=\"og:url\" content=\"https:\/\/barcelona.euses.cat\/ca\/celebrada-la-primera-jornada-de-portes-obertes-virtual-del-grau-de-fisioterapia-internacional\/\" \/>\n<meta property=\"og:site_name\" content=\"EUSES- Campus de Bellvitge (Barcelona)\" \/>\n<meta property=\"article:publisher\" content=\"https:\/\/www.facebook.com\/PhysioBCN\/\" \/>\n<meta property=\"article:published_time\" content=\"2020-04-24T15:37:52+00:00\" \/>\n<meta property=\"og:image\" content=\"https:\/\/barcelona.euses.cat\/wp-content\/uploads\/2020\/04\/ajpo-4_LI.jpg\" \/>\n\t<meta property=\"og:image:width\" content=\"1360\" \/>\n\t<meta property=\"og:image:height\" content=\"730\" \/>\n\t<meta property=\"og:image:type\" content=\"image\/jpeg\" \/>\n<meta name=\"author\" content=\"Jordi Danes\" \/>\n<meta name=\"twitter:card\" content=\"summary_large_image\" \/>\n<meta name=\"twitter:label1\" content=\"Escrit per\" \/>\n\t<meta name=\"twitter:data1\" content=\"Jordi Danes\" \/>\n\t<meta name=\"twitter:label2\" content=\"Temps estimat de lectura\" \/>\n\t<meta name=\"twitter:data2\" content=\"1 minut\" \/>\n<script type=\"application\/ld+json\" class=\"yoast-schema-graph\">{\"@context\":\"https:\\\/\\\/schema.org\",\"@graph\":[{\"@type\":\"Article\",\"@id\":\"https:\\\/\\\/barcelona.euses.cat\\\/ca\\\/celebrada-la-primera-jornada-de-portes-obertes-virtual-del-grau-de-fisioterapia-internacional\\\/#article\",\"isPartOf\":{\"@id\":\"https:\\\/\\\/barcelona.euses.cat\\\/ca\\\/celebrada-la-primera-jornada-de-portes-obertes-virtual-del-grau-de-fisioterapia-internacional\\\/\"},\"author\":{\"name\":\"Jordi Danes\",\"@id\":\"https:\\\/\\\/barcelona.euses.cat\\\/ca\\\/#\\\/schema\\\/person\\\/8ab46080dfc4814fa59383db317735bd\"},\"headline\":\"Celebrada la primera jornada de portes obertes virtual del Grau de Fisioter\u00e0pia Internacional\",\"datePublished\":\"2020-04-24T15:37:52+00:00\",\"mainEntityOfPage\":{\"@id\":\"https:\\\/\\\/barcelona.euses.cat\\\/ca\\\/celebrada-la-primera-jornada-de-portes-obertes-virtual-del-grau-de-fisioterapia-internacional\\\/\"},\"wordCount\":209,\"commentCount\":0,\"image\":{\"@id\":\"https:\\\/\\\/barcelona.euses.cat\\\/ca\\\/celebrada-la-primera-jornada-de-portes-obertes-virtual-del-grau-de-fisioterapia-internacional\\\/#primaryimage\"},\"thumbnailUrl\":\"https:\\\/\\\/barcelona.euses.cat\\\/wp-content\\\/uploads\\\/2020\\\/04\\\/ajpo-4_LI.jpg\",\"articleSection\":[\"sense categoria\"],\"inLanguage\":\"ca\"},{\"@type\":\"WebPage\",\"@id\":\"https:\\\/\\\/barcelona.euses.cat\\\/ca\\\/celebrada-la-primera-jornada-de-portes-obertes-virtual-del-grau-de-fisioterapia-internacional\\\/\",\"url\":\"https:\\\/\\\/barcelona.euses.cat\\\/ca\\\/celebrada-la-primera-jornada-de-portes-obertes-virtual-del-grau-de-fisioterapia-internacional\\\/\",\"name\":\"Celebrada la primera jornada de portes obertes virtual del Grau de Fisioter\u00e0pia Internacional | EUSES- Campus de Bellvitge (Barcelona)\",\"isPartOf\":{\"@id\":\"https:\\\/\\\/barcelona.euses.cat\\\/ca\\\/#website\"},\"primaryImageOfPage\":{\"@id\":\"https:\\\/\\\/barcelona.euses.cat\\\/ca\\\/celebrada-la-primera-jornada-de-portes-obertes-virtual-del-grau-de-fisioterapia-internacional\\\/#primaryimage\"},\"image\":{\"@id\":\"https:\\\/\\\/barcelona.euses.cat\\\/ca\\\/celebrada-la-primera-jornada-de-portes-obertes-virtual-del-grau-de-fisioterapia-internacional\\\/#primaryimage\"},\"thumbnailUrl\":\"https:\\\/\\\/barcelona.euses.cat\\\/wp-content\\\/uploads\\\/2020\\\/04\\\/ajpo-4_LI.jpg\",\"datePublished\":\"2020-04-24T15:37:52+00:00\",\"author\":{\"@id\":\"https:\\\/\\\/barcelona.euses.cat\\\/ca\\\/#\\\/schema\\\/person\\\/8ab46080dfc4814fa59383db317735bd\"},\"breadcrumb\":{\"@id\":\"https:\\\/\\\/barcelona.euses.cat\\\/ca\\\/celebrada-la-primera-jornada-de-portes-obertes-virtual-del-grau-de-fisioterapia-internacional\\\/#breadcrumb\"},\"inLanguage\":\"ca\",\"potentialAction\":[{\"@type\":\"ReadAction\",\"target\":[\"https:\\\/\\\/barcelona.euses.cat\\\/ca\\\/celebrada-la-primera-jornada-de-portes-obertes-virtual-del-grau-de-fisioterapia-internacional\\\/\"]}]},{\"@type\":\"ImageObject\",\"inLanguage\":\"ca\",\"@id\":\"https:\\\/\\\/barcelona.euses.cat\\\/ca\\\/celebrada-la-primera-jornada-de-portes-obertes-virtual-del-grau-de-fisioterapia-internacional\\\/#primaryimage\",\"url\":\"https:\\\/\\\/barcelona.euses.cat\\\/wp-content\\\/uploads\\\/2020\\\/04\\\/ajpo-4_LI.jpg\",\"contentUrl\":\"https:\\\/\\\/barcelona.euses.cat\\\/wp-content\\\/uploads\\\/2020\\\/04\\\/ajpo-4_LI.jpg\",\"width\":1360,\"height\":730},{\"@type\":\"BreadcrumbList\",\"@id\":\"https:\\\/\\\/barcelona.euses.cat\\\/ca\\\/celebrada-la-primera-jornada-de-portes-obertes-virtual-del-grau-de-fisioterapia-internacional\\\/#breadcrumb\",\"itemListElement\":[{\"@type\":\"ListItem\",\"position\":1,\"name\":\"Portada\",\"item\":\"https:\\\/\\\/barcelona.euses.cat\\\/ca\\\/\"},{\"@type\":\"ListItem\",\"position\":2,\"name\":\"Celebrada la primera jornada de portes obertes virtual del Grau de Fisioter\u00e0pia Internacional\"}]},{\"@type\":\"WebSite\",\"@id\":\"https:\\\/\\\/barcelona.euses.cat\\\/ca\\\/#website\",\"url\":\"https:\\\/\\\/barcelona.euses.cat\\\/ca\\\/\",\"name\":\"EUSES - Campus de Bellvitge (Barcelona)\",\"description\":\"EUSES, Escola Universit\u00e0ria de Fisioter\u00e0pia Internacional a Barcelona\",\"potentialAction\":[{\"@type\":\"SearchAction\",\"target\":{\"@type\":\"EntryPoint\",\"urlTemplate\":\"https:\\\/\\\/barcelona.euses.cat\\\/ca\\\/?s={search_term_string}\"},\"query-input\":{\"@type\":\"PropertyValueSpecification\",\"valueRequired\":true,\"valueName\":\"search_term_string\"}}],\"inLanguage\":\"ca\"},{\"@type\":\"Person\",\"@id\":\"https:\\\/\\\/barcelona.euses.cat\\\/ca\\\/#\\\/schema\\\/person\\\/8ab46080dfc4814fa59383db317735bd\",\"name\":\"Jordi Danes\",\"image\":{\"@type\":\"ImageObject\",\"inLanguage\":\"ca\",\"@id\":\"https:\\\/\\\/secure.gravatar.com\\\/avatar\\\/a9e4f443b594af225625ee8cfa665e41b1e0740ea34fbe0515b4ca559f8570ef?s=96&d=mm&r=g\",\"url\":\"https:\\\/\\\/secure.gravatar.com\\\/avatar\\\/a9e4f443b594af225625ee8cfa665e41b1e0740ea34fbe0515b4ca559f8570ef?s=96&d=mm&r=g\",\"contentUrl\":\"https:\\\/\\\/secure.gravatar.com\\\/avatar\\\/a9e4f443b594af225625ee8cfa665e41b1e0740ea34fbe0515b4ca559f8570ef?s=96&d=mm&r=g\",\"caption\":\"Jordi Danes\"},\"url\":\"https:\\\/\\\/barcelona.euses.cat\\\/ca\\\/author\\\/jordi-danes\\\/\"}]}<\/script>\n<!-- \/ Yoast SEO plugin. -->","yoast_head_json":{"title":"Celebrada la primera jornada de portes obertes virtual del Grau de Fisioter\u00e0pia Internacional | EUSES- Campus de Bellvitge (Barcelona)","robots":{"index":"index","follow":"follow","max-snippet":"max-snippet:-1","max-image-preview":"max-image-preview:large","max-video-preview":"max-video-preview:-1"},"canonical":"https:\/\/barcelona.euses.cat\/ca\/celebrada-la-primera-jornada-de-portes-obertes-virtual-del-grau-de-fisioterapia-internacional\/","og_locale":"ca_ES","og_type":"article","og_title":"Celebrada la primera jornada de portes obertes virtual del Grau de Fisioter\u00e0pia Internacional | EUSES- Campus de Bellvitge (Barcelona)","og_description":"Els interessats a realitzar el Grau en Fisioter\u00e0pia Internacional en el campus de Bellvitge el curs acad\u00e8mic 2020\/21 han pogut rebre aquesta tarda tota la informaci\u00f3 durant la jornada de portes obertes virtual que els inscrits han pogut seguir a trav\u00e9s de la plataforma Zoom. El director de Physiotherapy, Mariano Gacto, ha realitzat una exhaustiva [&hellip;]","og_url":"https:\/\/barcelona.euses.cat\/ca\/celebrada-la-primera-jornada-de-portes-obertes-virtual-del-grau-de-fisioterapia-internacional\/","og_site_name":"EUSES- Campus de Bellvitge (Barcelona)","article_publisher":"https:\/\/www.facebook.com\/PhysioBCN\/","article_published_time":"2020-04-24T15:37:52+00:00","og_image":[{"width":1360,"height":730,"url":"https:\/\/barcelona.euses.cat\/wp-content\/uploads\/2020\/04\/ajpo-4_LI.jpg","type":"image\/jpeg"}],"author":"Jordi Danes","twitter_card":"summary_large_image","twitter_misc":{"Escrit per":"Jordi Danes","Temps estimat de lectura":"1 minut"},"schema":{"@context":"https:\/\/schema.org","@graph":[{"@type":"Article","@id":"https:\/\/barcelona.euses.cat\/ca\/celebrada-la-primera-jornada-de-portes-obertes-virtual-del-grau-de-fisioterapia-internacional\/#article","isPartOf":{"@id":"https:\/\/barcelona.euses.cat\/ca\/celebrada-la-primera-jornada-de-portes-obertes-virtual-del-grau-de-fisioterapia-internacional\/"},"author":{"name":"Jordi Danes","@id":"https:\/\/barcelona.euses.cat\/ca\/#\/schema\/person\/8ab46080dfc4814fa59383db317735bd"},"headline":"Celebrada la primera jornada de portes obertes virtual del Grau de Fisioter\u00e0pia Internacional","datePublished":"2020-04-24T15:37:52+00:00","mainEntityOfPage":{"@id":"https:\/\/barcelona.euses.cat\/ca\/celebrada-la-primera-jornada-de-portes-obertes-virtual-del-grau-de-fisioterapia-internacional\/"},"wordCount":209,"commentCount":0,"image":{"@id":"https:\/\/barcelona.euses.cat\/ca\/celebrada-la-primera-jornada-de-portes-obertes-virtual-del-grau-de-fisioterapia-internacional\/#primaryimage"},"thumbnailUrl":"https:\/\/barcelona.euses.cat\/wp-content\/uploads\/2020\/04\/ajpo-4_LI.jpg","articleSection":["sense categoria"],"inLanguage":"ca"},{"@type":"WebPage","@id":"https:\/\/barcelona.euses.cat\/ca\/celebrada-la-primera-jornada-de-portes-obertes-virtual-del-grau-de-fisioterapia-internacional\/","url":"https:\/\/barcelona.euses.cat\/ca\/celebrada-la-primera-jornada-de-portes-obertes-virtual-del-grau-de-fisioterapia-internacional\/","name":"Celebrada la primera jornada de portes obertes virtual del Grau de Fisioter\u00e0pia Internacional | EUSES- Campus de Bellvitge (Barcelona)","isPartOf":{"@id":"https:\/\/barcelona.euses.cat\/ca\/#website"},"primaryImageOfPage":{"@id":"https:\/\/barcelona.euses.cat\/ca\/celebrada-la-primera-jornada-de-portes-obertes-virtual-del-grau-de-fisioterapia-internacional\/#primaryimage"},"image":{"@id":"https:\/\/barcelona.euses.cat\/ca\/celebrada-la-primera-jornada-de-portes-obertes-virtual-del-grau-de-fisioterapia-internacional\/#primaryimage"},"thumbnailUrl":"https:\/\/barcelona.euses.cat\/wp-content\/uploads\/2020\/04\/ajpo-4_LI.jpg","datePublished":"2020-04-24T15:37:52+00:00","author":{"@id":"https:\/\/barcelona.euses.cat\/ca\/#\/schema\/person\/8ab46080dfc4814fa59383db317735bd"},"breadcrumb":{"@id":"https:\/\/barcelona.euses.cat\/ca\/celebrada-la-primera-jornada-de-portes-obertes-virtual-del-grau-de-fisioterapia-internacional\/#breadcrumb"},"inLanguage":"ca","potentialAction":[{"@type":"ReadAction","target":["https:\/\/barcelona.euses.cat\/ca\/celebrada-la-primera-jornada-de-portes-obertes-virtual-del-grau-de-fisioterapia-internacional\/"]}]},{"@type":"ImageObject","inLanguage":"ca","@id":"https:\/\/barcelona.euses.cat\/ca\/celebrada-la-primera-jornada-de-portes-obertes-virtual-del-grau-de-fisioterapia-internacional\/#primaryimage","url":"https:\/\/barcelona.euses.cat\/wp-content\/uploads\/2020\/04\/ajpo-4_LI.jpg","contentUrl":"https:\/\/barcelona.euses.cat\/wp-content\/uploads\/2020\/04\/ajpo-4_LI.jpg","width":1360,"height":730},{"@type":"BreadcrumbList","@id":"https:\/\/barcelona.euses.cat\/ca\/celebrada-la-primera-jornada-de-portes-obertes-virtual-del-grau-de-fisioterapia-internacional\/#breadcrumb","itemListElement":[{"@type":"ListItem","position":1,"name":"Portada","item":"https:\/\/barcelona.euses.cat\/ca\/"},{"@type":"ListItem","position":2,"name":"Celebrada la primera jornada de portes obertes virtual del Grau de Fisioter\u00e0pia Internacional"}]},{"@type":"WebSite","@id":"https:\/\/barcelona.euses.cat\/ca\/#website","url":"https:\/\/barcelona.euses.cat\/ca\/","name":"EUSES - Campus de Bellvitge (Barcelona)","description":"EUSES, Escola Universit\u00e0ria de Fisioter\u00e0pia Internacional a Barcelona","potentialAction":[{"@type":"SearchAction","target":{"@type":"EntryPoint","urlTemplate":"https:\/\/barcelona.euses.cat\/ca\/?s={search_term_string}"},"query-input":{"@type":"PropertyValueSpecification","valueRequired":true,"valueName":"search_term_string"}}],"inLanguage":"ca"},{"@type":"Person","@id":"https:\/\/barcelona.euses.cat\/ca\/#\/schema\/person\/8ab46080dfc4814fa59383db317735bd","name":"Jordi Danes","image":{"@type":"ImageObject","inLanguage":"ca","@id":"https:\/\/secure.gravatar.com\/avatar\/a9e4f443b594af225625ee8cfa665e41b1e0740ea34fbe0515b4ca559f8570ef?s=96&d=mm&r=g","url":"https:\/\/secure.gravatar.com\/avatar\/a9e4f443b594af225625ee8cfa665e41b1e0740ea34fbe0515b4ca559f8570ef?s=96&d=mm&r=g","contentUrl":"https:\/\/secure.gravatar.com\/avatar\/a9e4f443b594af225625ee8cfa665e41b1e0740ea34fbe0515b4ca559f8570ef?s=96&d=mm&r=g","caption":"Jordi Danes"},"url":"https:\/\/barcelona.euses.cat\/ca\/author\/jordi-danes\/"}]}},"_links":{"self":[{"href":"https:\/\/barcelona.euses.cat\/ca\/wp-json\/wp\/v2\/posts\/8350","targetHints":{"allow":["GET"]}}],"collection":[{"href":"https:\/\/barcelona.euses.cat\/ca\/wp-json\/wp\/v2\/posts"}],"about":[{"href":"https:\/\/barcelona.euses.cat\/ca\/wp-json\/wp\/v2\/types\/post"}],"author":[{"embeddable":true,"href":"https:\/\/barcelona.euses.cat\/ca\/wp-json\/wp\/v2\/users\/3"}],"replies":[{"embeddable":true,"href":"https:\/\/barcelona.euses.cat\/ca\/wp-json\/wp\/v2\/comments?post=8350"}],"version-history":[{"count":1,"href":"https:\/\/barcelona.euses.cat\/ca\/wp-json\/wp\/v2\/posts\/8350\/revisions"}],"predecessor-version":[{"id":8359,"href":"https:\/\/barcelona.euses.cat\/ca\/wp-json\/wp\/v2\/posts\/8350\/revisions\/8359"}],"wp:featuredmedia":[{"embeddable":true,"href":"https:\/\/barcelona.euses.cat\/ca\/wp-json\/wp\/v2\/media\/8351"}],"wp:attachment":[{"href":"https:\/\/barcelona.euses.cat\/ca\/wp-json\/wp\/v2\/media?parent=8350"}],"wp:term":[{"taxonomy":"category","embeddable":true,"href":"https:\/\/barcelona.euses.cat\/ca\/wp-json\/wp\/v2\/categories?post=8350"},{"taxonomy":"post_tag","embeddable":true,"href":"https:\/\/barcelona.euses.cat\/ca\/wp-json\/wp\/v2\/tags?post=8350"}],"curies":[{"name":"wp","href":"https:\/\/api.w.org\/{rel}","templated":true}]}}