{"id":8341,"date":"2020-04-24T11:30:28","date_gmt":"2020-04-24T09:30:28","guid":{"rendered":"https:\/\/barcelona.euses.cat\/?p=8341"},"modified":"2020-04-24T11:30:28","modified_gmt":"2020-04-24T09:30:28","slug":"euses-torna-a-col%c2%b7laborar-en-el-llibre-de-relats-solidaris-apadrinat-enguany-per-quique-setien","status":"publish","type":"post","link":"https:\/\/barcelona.euses.cat\/ca\/euses-torna-a-col%c2%b7laborar-en-el-llibre-de-relats-solidaris-apadrinat-enguany-per-quique-setien\/","title":{"rendered":"EUSES torna a col\u00b7laborar en el llibre de Relats Solidaris, apadrinat enguany per Quique Seti\u00e9n"},"content":{"rendered":"<p>L\u2019Escola Univesit\u00e0ria de la Salut i l\u2019Esport continuar\u00e0 posant el seu gra de sorra en el projecte de <a href=\"https:\/\/www.relatssolidaris.com\/\" target=\"_blank\" rel=\"noopener noreferrer\">Relats Solidaris<\/a> de l\u2019Esport, que ja t\u00e9 a punt l\u2019edici\u00f3 del 2020 (la setzena) i que aquesta vegada canviar\u00e0 el contingut i es prioritzar\u00e0 el disseny gr\u00e0fic ja que estar\u00e0 dedicat a la fotografia en record a quatre professionals (Carlos P\u00e9rez de Rojas, Ferran Zueras, Miguel Moreno i Francesc Casals) que han mort en el darrer any. L\u2019edici\u00f3 de 2020, que no es va poder presentar per Setmana Santa ni posar-se a la venda com \u00e9s tradicional aquest Sant Jordi arran de l\u2019Aplicaci\u00f3 de l\u2019Estat d\u2019Alarma pel Covid-19, t\u00e9 com a padr\u00ed i autor del pr\u00f2leg l\u2019entrenador del FC Barcelona, Quique Seti\u00e9n, i com a motiu solidari l\u2019entitat Pallapupas (pallassos que treballen als hospitals amb l\u2019objectiu de millorar la qualitat de vida dels infants hi estan ingressats). Els Relats Solidaris de l\u2019Esport 2020 \u00e9s un llibre de recull de fotografies cedides pels amics dels fot\u00f2grafs homenatjats.<\/p>\n<p>El Coronavirus ha endarrerit tot el calendari i el llibre, que s\u2019est\u00e0 imprimint, no arribar\u00e0 al Corte Ingl\u00e9s per posar-se a la venda fins a la segona quinzena de maig, que \u00e9s quan es podr\u00e0 comen\u00e7ar a adquirir online fins que es presenti oficialment el dia 23 de juliol, la data escollida per celebrar el Sant Jordi que enguany s\u2019ha hagut de posposar. Quan l\u2019edici\u00f3 del 2020 vegi la llum tamb\u00e9 es tancar\u00e0 la del 2019, que va ser apadrinada pel porter del Bar\u00e7a Marc-Andr\u00e9 Ter Stegen (autor del pr\u00f2leg) i va tenir com a motiu solidari la Fundaci\u00f3 Pare Manel. Un dels relats de l\u2019edici\u00f3 del 2019, \u201cL\u2019aprenent del Ter\u201d, va ser escrit conjuntament pel director de comunicaci\u00f3 d\u2019EUSES, Marcos Garc\u00eda, i pel graduat en CAFE per EUSES, Quim Fontan\u00e9, precisament el protagonista de la hist\u00f2ria.<\/p>\n","protected":false},"excerpt":{"rendered":"<p>L\u2019Escola Univesit\u00e0ria de la Salut i l\u2019Esport continuar\u00e0 posant el seu gra de sorra en el projecte de Relats Solidaris de l\u2019Esport, que ja t\u00e9 a punt l\u2019edici\u00f3 del 2020 (la setzena) i que aquesta vegada canviar\u00e0 el contingut i es prioritzar\u00e0 el disseny gr\u00e0fic ja que estar\u00e0 dedicat a la fotografia en record a [&hellip;]<\/p>\n","protected":false},"author":3,"featured_media":8342,"comment_status":"open","ping_status":"closed","sticky":false,"template":"","format":"standard","meta":{"_acf_changed":false,"inline_featured_image":false,"_joinchat":[],"footnotes":""},"categories":[46],"tags":[],"class_list":["post-8341","post","type-post","status-publish","format-standard","has-post-thumbnail","hentry","category-sense-categoria"],"acf":[],"yoast_head":"<!-- This site is optimized with the Yoast SEO plugin v27.4 - https:\/\/yoast.com\/product\/yoast-seo-wordpress\/ -->\n<title>EUSES torna a col\u00b7laborar en el llibre de Relats Solidaris, apadrinat enguany per Quique Seti\u00e9n | EUSES- Campus de Bellvitge (Barcelona)<\/title>\n<meta name=\"robots\" content=\"index, follow, max-snippet:-1, max-image-preview:large, max-video-preview:-1\" \/>\n<link rel=\"canonical\" href=\"https:\/\/barcelona.euses.cat\/ca\/euses-torna-a-col\u00b7laborar-en-el-llibre-de-relats-solidaris-apadrinat-enguany-per-quique-setien\/\" \/>\n<meta property=\"og:locale\" content=\"ca_ES\" \/>\n<meta property=\"og:type\" content=\"article\" \/>\n<meta property=\"og:title\" content=\"EUSES torna a col\u00b7laborar en el llibre de Relats Solidaris, apadrinat enguany per Quique Seti\u00e9n | EUSES- Campus de Bellvitge (Barcelona)\" \/>\n<meta property=\"og:description\" content=\"L\u2019Escola Univesit\u00e0ria de la Salut i l\u2019Esport continuar\u00e0 posant el seu gra de sorra en el projecte de Relats Solidaris de l\u2019Esport, que ja t\u00e9 a punt l\u2019edici\u00f3 del 2020 (la setzena) i que aquesta vegada canviar\u00e0 el contingut i es prioritzar\u00e0 el disseny gr\u00e0fic ja que estar\u00e0 dedicat a la fotografia en record a [&hellip;]\" \/>\n<meta property=\"og:url\" content=\"https:\/\/barcelona.euses.cat\/ca\/euses-torna-a-col\u00b7laborar-en-el-llibre-de-relats-solidaris-apadrinat-enguany-per-quique-setien\/\" \/>\n<meta property=\"og:site_name\" content=\"EUSES- Campus de Bellvitge (Barcelona)\" \/>\n<meta property=\"article:publisher\" content=\"https:\/\/www.facebook.com\/PhysioBCN\/\" \/>\n<meta property=\"article:published_time\" content=\"2020-04-24T09:30:28+00:00\" \/>\n<meta property=\"og:image\" content=\"https:\/\/barcelona.euses.cat\/wp-content\/uploads\/2020\/04\/Portada-2020.jpeg\" \/>\n\t<meta property=\"og:image:width\" content=\"1600\" \/>\n\t<meta property=\"og:image:height\" content=\"1463\" \/>\n\t<meta property=\"og:image:type\" content=\"image\/jpeg\" \/>\n<meta name=\"author\" content=\"Jordi Danes\" \/>\n<meta name=\"twitter:card\" content=\"summary_large_image\" \/>\n<meta name=\"twitter:label1\" content=\"Escrit per\" \/>\n\t<meta name=\"twitter:data1\" content=\"Jordi Danes\" \/>\n\t<meta name=\"twitter:label2\" content=\"Temps estimat de lectura\" \/>\n\t<meta name=\"twitter:data2\" content=\"2 minuts\" \/>\n<script type=\"application\/ld+json\" class=\"yoast-schema-graph\">{\"@context\":\"https:\\\/\\\/schema.org\",\"@graph\":[{\"@type\":\"Article\",\"@id\":\"https:\\\/\\\/barcelona.euses.cat\\\/ca\\\/euses-torna-a-col%c2%b7laborar-en-el-llibre-de-relats-solidaris-apadrinat-enguany-per-quique-setien\\\/#article\",\"isPartOf\":{\"@id\":\"https:\\\/\\\/barcelona.euses.cat\\\/ca\\\/euses-torna-a-col%c2%b7laborar-en-el-llibre-de-relats-solidaris-apadrinat-enguany-per-quique-setien\\\/\"},\"author\":{\"name\":\"Jordi Danes\",\"@id\":\"https:\\\/\\\/barcelona.euses.cat\\\/ca\\\/#\\\/schema\\\/person\\\/8ab46080dfc4814fa59383db317735bd\"},\"headline\":\"EUSES torna a col\u00b7laborar en el llibre de Relats Solidaris, apadrinat enguany per Quique Seti\u00e9n\",\"datePublished\":\"2020-04-24T09:30:28+00:00\",\"mainEntityOfPage\":{\"@id\":\"https:\\\/\\\/barcelona.euses.cat\\\/ca\\\/euses-torna-a-col%c2%b7laborar-en-el-llibre-de-relats-solidaris-apadrinat-enguany-per-quique-setien\\\/\"},\"wordCount\":341,\"commentCount\":0,\"image\":{\"@id\":\"https:\\\/\\\/barcelona.euses.cat\\\/ca\\\/euses-torna-a-col%c2%b7laborar-en-el-llibre-de-relats-solidaris-apadrinat-enguany-per-quique-setien\\\/#primaryimage\"},\"thumbnailUrl\":\"https:\\\/\\\/barcelona.euses.cat\\\/wp-content\\\/uploads\\\/2020\\\/04\\\/Portada-2020.jpeg\",\"articleSection\":[\"sense categoria\"],\"inLanguage\":\"ca\"},{\"@type\":\"WebPage\",\"@id\":\"https:\\\/\\\/barcelona.euses.cat\\\/ca\\\/euses-torna-a-col%c2%b7laborar-en-el-llibre-de-relats-solidaris-apadrinat-enguany-per-quique-setien\\\/\",\"url\":\"https:\\\/\\\/barcelona.euses.cat\\\/ca\\\/euses-torna-a-col%c2%b7laborar-en-el-llibre-de-relats-solidaris-apadrinat-enguany-per-quique-setien\\\/\",\"name\":\"EUSES torna a col\u00b7laborar en el llibre de Relats Solidaris, apadrinat enguany per Quique Seti\u00e9n | EUSES- Campus de Bellvitge (Barcelona)\",\"isPartOf\":{\"@id\":\"https:\\\/\\\/barcelona.euses.cat\\\/ca\\\/#website\"},\"primaryImageOfPage\":{\"@id\":\"https:\\\/\\\/barcelona.euses.cat\\\/ca\\\/euses-torna-a-col%c2%b7laborar-en-el-llibre-de-relats-solidaris-apadrinat-enguany-per-quique-setien\\\/#primaryimage\"},\"image\":{\"@id\":\"https:\\\/\\\/barcelona.euses.cat\\\/ca\\\/euses-torna-a-col%c2%b7laborar-en-el-llibre-de-relats-solidaris-apadrinat-enguany-per-quique-setien\\\/#primaryimage\"},\"thumbnailUrl\":\"https:\\\/\\\/barcelona.euses.cat\\\/wp-content\\\/uploads\\\/2020\\\/04\\\/Portada-2020.jpeg\",\"datePublished\":\"2020-04-24T09:30:28+00:00\",\"author\":{\"@id\":\"https:\\\/\\\/barcelona.euses.cat\\\/ca\\\/#\\\/schema\\\/person\\\/8ab46080dfc4814fa59383db317735bd\"},\"breadcrumb\":{\"@id\":\"https:\\\/\\\/barcelona.euses.cat\\\/ca\\\/euses-torna-a-col%c2%b7laborar-en-el-llibre-de-relats-solidaris-apadrinat-enguany-per-quique-setien\\\/#breadcrumb\"},\"inLanguage\":\"ca\",\"potentialAction\":[{\"@type\":\"ReadAction\",\"target\":[\"https:\\\/\\\/barcelona.euses.cat\\\/ca\\\/euses-torna-a-col%c2%b7laborar-en-el-llibre-de-relats-solidaris-apadrinat-enguany-per-quique-setien\\\/\"]}]},{\"@type\":\"ImageObject\",\"inLanguage\":\"ca\",\"@id\":\"https:\\\/\\\/barcelona.euses.cat\\\/ca\\\/euses-torna-a-col%c2%b7laborar-en-el-llibre-de-relats-solidaris-apadrinat-enguany-per-quique-setien\\\/#primaryimage\",\"url\":\"https:\\\/\\\/barcelona.euses.cat\\\/wp-content\\\/uploads\\\/2020\\\/04\\\/Portada-2020.jpeg\",\"contentUrl\":\"https:\\\/\\\/barcelona.euses.cat\\\/wp-content\\\/uploads\\\/2020\\\/04\\\/Portada-2020.jpeg\",\"width\":1600,\"height\":1463},{\"@type\":\"BreadcrumbList\",\"@id\":\"https:\\\/\\\/barcelona.euses.cat\\\/ca\\\/euses-torna-a-col%c2%b7laborar-en-el-llibre-de-relats-solidaris-apadrinat-enguany-per-quique-setien\\\/#breadcrumb\",\"itemListElement\":[{\"@type\":\"ListItem\",\"position\":1,\"name\":\"Portada\",\"item\":\"https:\\\/\\\/barcelona.euses.cat\\\/ca\\\/\"},{\"@type\":\"ListItem\",\"position\":2,\"name\":\"EUSES torna a col\u00b7laborar en el llibre de Relats Solidaris, apadrinat enguany per Quique Seti\u00e9n\"}]},{\"@type\":\"WebSite\",\"@id\":\"https:\\\/\\\/barcelona.euses.cat\\\/ca\\\/#website\",\"url\":\"https:\\\/\\\/barcelona.euses.cat\\\/ca\\\/\",\"name\":\"EUSES - Campus de Bellvitge (Barcelona)\",\"description\":\"EUSES, Escola Universit\u00e0ria de Fisioter\u00e0pia Internacional a Barcelona\",\"potentialAction\":[{\"@type\":\"SearchAction\",\"target\":{\"@type\":\"EntryPoint\",\"urlTemplate\":\"https:\\\/\\\/barcelona.euses.cat\\\/ca\\\/?s={search_term_string}\"},\"query-input\":{\"@type\":\"PropertyValueSpecification\",\"valueRequired\":true,\"valueName\":\"search_term_string\"}}],\"inLanguage\":\"ca\"},{\"@type\":\"Person\",\"@id\":\"https:\\\/\\\/barcelona.euses.cat\\\/ca\\\/#\\\/schema\\\/person\\\/8ab46080dfc4814fa59383db317735bd\",\"name\":\"Jordi Danes\",\"image\":{\"@type\":\"ImageObject\",\"inLanguage\":\"ca\",\"@id\":\"https:\\\/\\\/secure.gravatar.com\\\/avatar\\\/a9e4f443b594af225625ee8cfa665e41b1e0740ea34fbe0515b4ca559f8570ef?s=96&d=mm&r=g\",\"url\":\"https:\\\/\\\/secure.gravatar.com\\\/avatar\\\/a9e4f443b594af225625ee8cfa665e41b1e0740ea34fbe0515b4ca559f8570ef?s=96&d=mm&r=g\",\"contentUrl\":\"https:\\\/\\\/secure.gravatar.com\\\/avatar\\\/a9e4f443b594af225625ee8cfa665e41b1e0740ea34fbe0515b4ca559f8570ef?s=96&d=mm&r=g\",\"caption\":\"Jordi Danes\"},\"url\":\"https:\\\/\\\/barcelona.euses.cat\\\/ca\\\/author\\\/jordi-danes\\\/\"}]}<\/script>\n<!-- \/ Yoast SEO plugin. -->","yoast_head_json":{"title":"EUSES torna a col\u00b7laborar en el llibre de Relats Solidaris, apadrinat enguany per Quique Seti\u00e9n | EUSES- Campus de Bellvitge (Barcelona)","robots":{"index":"index","follow":"follow","max-snippet":"max-snippet:-1","max-image-preview":"max-image-preview:large","max-video-preview":"max-video-preview:-1"},"canonical":"https:\/\/barcelona.euses.cat\/ca\/euses-torna-a-col\u00b7laborar-en-el-llibre-de-relats-solidaris-apadrinat-enguany-per-quique-setien\/","og_locale":"ca_ES","og_type":"article","og_title":"EUSES torna a col\u00b7laborar en el llibre de Relats Solidaris, apadrinat enguany per Quique Seti\u00e9n | EUSES- Campus de Bellvitge (Barcelona)","og_description":"L\u2019Escola Univesit\u00e0ria de la Salut i l\u2019Esport continuar\u00e0 posant el seu gra de sorra en el projecte de Relats Solidaris de l\u2019Esport, que ja t\u00e9 a punt l\u2019edici\u00f3 del 2020 (la setzena) i que aquesta vegada canviar\u00e0 el contingut i es prioritzar\u00e0 el disseny gr\u00e0fic ja que estar\u00e0 dedicat a la fotografia en record a [&hellip;]","og_url":"https:\/\/barcelona.euses.cat\/ca\/euses-torna-a-col\u00b7laborar-en-el-llibre-de-relats-solidaris-apadrinat-enguany-per-quique-setien\/","og_site_name":"EUSES- Campus de Bellvitge (Barcelona)","article_publisher":"https:\/\/www.facebook.com\/PhysioBCN\/","article_published_time":"2020-04-24T09:30:28+00:00","og_image":[{"width":1600,"height":1463,"url":"https:\/\/barcelona.euses.cat\/wp-content\/uploads\/2020\/04\/Portada-2020.jpeg","type":"image\/jpeg"}],"author":"Jordi Danes","twitter_card":"summary_large_image","twitter_misc":{"Escrit per":"Jordi Danes","Temps estimat de lectura":"2 minuts"},"schema":{"@context":"https:\/\/schema.org","@graph":[{"@type":"Article","@id":"https:\/\/barcelona.euses.cat\/ca\/euses-torna-a-col%c2%b7laborar-en-el-llibre-de-relats-solidaris-apadrinat-enguany-per-quique-setien\/#article","isPartOf":{"@id":"https:\/\/barcelona.euses.cat\/ca\/euses-torna-a-col%c2%b7laborar-en-el-llibre-de-relats-solidaris-apadrinat-enguany-per-quique-setien\/"},"author":{"name":"Jordi Danes","@id":"https:\/\/barcelona.euses.cat\/ca\/#\/schema\/person\/8ab46080dfc4814fa59383db317735bd"},"headline":"EUSES torna a col\u00b7laborar en el llibre de Relats Solidaris, apadrinat enguany per Quique Seti\u00e9n","datePublished":"2020-04-24T09:30:28+00:00","mainEntityOfPage":{"@id":"https:\/\/barcelona.euses.cat\/ca\/euses-torna-a-col%c2%b7laborar-en-el-llibre-de-relats-solidaris-apadrinat-enguany-per-quique-setien\/"},"wordCount":341,"commentCount":0,"image":{"@id":"https:\/\/barcelona.euses.cat\/ca\/euses-torna-a-col%c2%b7laborar-en-el-llibre-de-relats-solidaris-apadrinat-enguany-per-quique-setien\/#primaryimage"},"thumbnailUrl":"https:\/\/barcelona.euses.cat\/wp-content\/uploads\/2020\/04\/Portada-2020.jpeg","articleSection":["sense categoria"],"inLanguage":"ca"},{"@type":"WebPage","@id":"https:\/\/barcelona.euses.cat\/ca\/euses-torna-a-col%c2%b7laborar-en-el-llibre-de-relats-solidaris-apadrinat-enguany-per-quique-setien\/","url":"https:\/\/barcelona.euses.cat\/ca\/euses-torna-a-col%c2%b7laborar-en-el-llibre-de-relats-solidaris-apadrinat-enguany-per-quique-setien\/","name":"EUSES torna a col\u00b7laborar en el llibre de Relats Solidaris, apadrinat enguany per Quique Seti\u00e9n | EUSES- Campus de Bellvitge (Barcelona)","isPartOf":{"@id":"https:\/\/barcelona.euses.cat\/ca\/#website"},"primaryImageOfPage":{"@id":"https:\/\/barcelona.euses.cat\/ca\/euses-torna-a-col%c2%b7laborar-en-el-llibre-de-relats-solidaris-apadrinat-enguany-per-quique-setien\/#primaryimage"},"image":{"@id":"https:\/\/barcelona.euses.cat\/ca\/euses-torna-a-col%c2%b7laborar-en-el-llibre-de-relats-solidaris-apadrinat-enguany-per-quique-setien\/#primaryimage"},"thumbnailUrl":"https:\/\/barcelona.euses.cat\/wp-content\/uploads\/2020\/04\/Portada-2020.jpeg","datePublished":"2020-04-24T09:30:28+00:00","author":{"@id":"https:\/\/barcelona.euses.cat\/ca\/#\/schema\/person\/8ab46080dfc4814fa59383db317735bd"},"breadcrumb":{"@id":"https:\/\/barcelona.euses.cat\/ca\/euses-torna-a-col%c2%b7laborar-en-el-llibre-de-relats-solidaris-apadrinat-enguany-per-quique-setien\/#breadcrumb"},"inLanguage":"ca","potentialAction":[{"@type":"ReadAction","target":["https:\/\/barcelona.euses.cat\/ca\/euses-torna-a-col%c2%b7laborar-en-el-llibre-de-relats-solidaris-apadrinat-enguany-per-quique-setien\/"]}]},{"@type":"ImageObject","inLanguage":"ca","@id":"https:\/\/barcelona.euses.cat\/ca\/euses-torna-a-col%c2%b7laborar-en-el-llibre-de-relats-solidaris-apadrinat-enguany-per-quique-setien\/#primaryimage","url":"https:\/\/barcelona.euses.cat\/wp-content\/uploads\/2020\/04\/Portada-2020.jpeg","contentUrl":"https:\/\/barcelona.euses.cat\/wp-content\/uploads\/2020\/04\/Portada-2020.jpeg","width":1600,"height":1463},{"@type":"BreadcrumbList","@id":"https:\/\/barcelona.euses.cat\/ca\/euses-torna-a-col%c2%b7laborar-en-el-llibre-de-relats-solidaris-apadrinat-enguany-per-quique-setien\/#breadcrumb","itemListElement":[{"@type":"ListItem","position":1,"name":"Portada","item":"https:\/\/barcelona.euses.cat\/ca\/"},{"@type":"ListItem","position":2,"name":"EUSES torna a col\u00b7laborar en el llibre de Relats Solidaris, apadrinat enguany per Quique Seti\u00e9n"}]},{"@type":"WebSite","@id":"https:\/\/barcelona.euses.cat\/ca\/#website","url":"https:\/\/barcelona.euses.cat\/ca\/","name":"EUSES - Campus de Bellvitge (Barcelona)","description":"EUSES, Escola Universit\u00e0ria de Fisioter\u00e0pia Internacional a Barcelona","potentialAction":[{"@type":"SearchAction","target":{"@type":"EntryPoint","urlTemplate":"https:\/\/barcelona.euses.cat\/ca\/?s={search_term_string}"},"query-input":{"@type":"PropertyValueSpecification","valueRequired":true,"valueName":"search_term_string"}}],"inLanguage":"ca"},{"@type":"Person","@id":"https:\/\/barcelona.euses.cat\/ca\/#\/schema\/person\/8ab46080dfc4814fa59383db317735bd","name":"Jordi Danes","image":{"@type":"ImageObject","inLanguage":"ca","@id":"https:\/\/secure.gravatar.com\/avatar\/a9e4f443b594af225625ee8cfa665e41b1e0740ea34fbe0515b4ca559f8570ef?s=96&d=mm&r=g","url":"https:\/\/secure.gravatar.com\/avatar\/a9e4f443b594af225625ee8cfa665e41b1e0740ea34fbe0515b4ca559f8570ef?s=96&d=mm&r=g","contentUrl":"https:\/\/secure.gravatar.com\/avatar\/a9e4f443b594af225625ee8cfa665e41b1e0740ea34fbe0515b4ca559f8570ef?s=96&d=mm&r=g","caption":"Jordi Danes"},"url":"https:\/\/barcelona.euses.cat\/ca\/author\/jordi-danes\/"}]}},"_links":{"self":[{"href":"https:\/\/barcelona.euses.cat\/ca\/wp-json\/wp\/v2\/posts\/8341","targetHints":{"allow":["GET"]}}],"collection":[{"href":"https:\/\/barcelona.euses.cat\/ca\/wp-json\/wp\/v2\/posts"}],"about":[{"href":"https:\/\/barcelona.euses.cat\/ca\/wp-json\/wp\/v2\/types\/post"}],"author":[{"embeddable":true,"href":"https:\/\/barcelona.euses.cat\/ca\/wp-json\/wp\/v2\/users\/3"}],"replies":[{"embeddable":true,"href":"https:\/\/barcelona.euses.cat\/ca\/wp-json\/wp\/v2\/comments?post=8341"}],"version-history":[{"count":1,"href":"https:\/\/barcelona.euses.cat\/ca\/wp-json\/wp\/v2\/posts\/8341\/revisions"}],"predecessor-version":[{"id":8346,"href":"https:\/\/barcelona.euses.cat\/ca\/wp-json\/wp\/v2\/posts\/8341\/revisions\/8346"}],"wp:featuredmedia":[{"embeddable":true,"href":"https:\/\/barcelona.euses.cat\/ca\/wp-json\/wp\/v2\/media\/8342"}],"wp:attachment":[{"href":"https:\/\/barcelona.euses.cat\/ca\/wp-json\/wp\/v2\/media?parent=8341"}],"wp:term":[{"taxonomy":"category","embeddable":true,"href":"https:\/\/barcelona.euses.cat\/ca\/wp-json\/wp\/v2\/categories?post=8341"},{"taxonomy":"post_tag","embeddable":true,"href":"https:\/\/barcelona.euses.cat\/ca\/wp-json\/wp\/v2\/tags?post=8341"}],"curies":[{"name":"wp","href":"https:\/\/api.w.org\/{rel}","templated":true}]}}