{"id":8260,"date":"2020-04-02T11:36:55","date_gmt":"2020-04-02T09:36:55","guid":{"rendered":"https:\/\/barcelona.euses.cat\/?p=8260"},"modified":"2020-04-02T11:36:55","modified_gmt":"2020-04-02T09:36:55","slug":"mariano-gacto-estem-en-un-context-dificil-pero-al-mateix-temps-es-un-context-de-noves-oportunitats","status":"publish","type":"post","link":"https:\/\/barcelona.euses.cat\/ca\/mariano-gacto-estem-en-un-context-dificil-pero-al-mateix-temps-es-un-context-de-noves-oportunitats\/","title":{"rendered":"Mariano Gacto: \u201cEstem en un context dif\u00edcil, per\u00f2 al mateix temps \u00e9s un context de noves oportunitats\u201d"},"content":{"rendered":"<p>El Dr. Mariano Gacto, director del Grau en Fisioter\u00e0pia del Campus de Salt i del Grau en Fisioter\u00e0pia Internacional al Campus de Bellvitge, ens explica com s\u2019est\u00e0 desenvolupant la doc\u00e8ncia a EUSES des de la dist\u00e0ncia i de manera virtual a causa de l\u2019alarma sanit\u00e0ria pel Covid-19. Diplomat en Fisioter\u00e0pia per la Universitat de M\u00farcia, el Dr. Mariano Gacto tamb\u00e9 \u00e9s M\u00e0ster en Fisioter\u00e0pia i Evid\u00e8ncia Cient\u00edfica per la Universitat Internacional de Catalunya; i Especialista Universitari en Reeducaci\u00f3 de la M\u00e0 per la Universitat Claude Bernard de Lyon. Va realitzar la Recerca Doctoral en Gesti\u00f3 de la Qualitat en Serveis de Salut per a la Universitat de M\u00farcia i forma part d\u2019un grup de treball de l\u2019Organitzaci\u00f3 Mundial de la Salut (OMS) com a consultor extern en l\u2019\u00e0mbit de la rehabilitaci\u00f3 i la discapacitat.<\/p>\n<p><strong>Com estan anant les classes online?<\/strong><\/p>\n<p>Doncs la veritat \u00e9s que estan essent una experi\u00e8ncia molt positiva. Tant el professorat com l\u2019alumnat s\u2019han adaptat molt r\u00e0pidament a aquest gran canvi de la doc\u00e8ncia presencial al paradigma de la doc\u00e8ncia online.<\/p>\n<p><strong>Quines sensacions tenen per part del professorat? <\/strong><\/p>\n<p>Els docents han respost i estan responent de manera molt professional. I amb una adaptaci\u00f3 extraordin\u00e0ria a les noves necessitats, com la utilitzaci\u00f3 dels recursos telem\u00e0tics i audiovisuals.<\/p>\n<p><strong>I per part de l\u2019alumnat?<\/strong><\/p>\n<p>Sense cap dubte, ha estat una resposta immediata i \u00f2ptima<\/p>\n<p><strong>En qu\u00e8 li ha canviat a vost\u00e8 el dia a dia com a director de grau? <\/strong><\/p>\n<p>Quant a la gesti\u00f3 els graus, segueix essent m\u00e9s o menys el mateix, amb la particularitat de la dist\u00e0ncia i les eines que utilitzem ara per comunicar-nos. S\u00ed que es veritat que hem de ser conscients que estem en un context dif\u00edcil, per\u00f2 al mateix temps tamb\u00e9 \u00e9s un context d\u2019oportunitats de desenvolupament de noves metodologies did\u00e0ctiques i tamb\u00e9 d\u2019un nou paradigma pedag\u00f2gic.<\/p>\n<p><strong>Quin consell donaria actualment als estudiants del grau? <\/strong><\/p>\n<p>Als alumnes els diria que continu\u00efn treballant amb autonomia, amb voluntat i amb adher\u00e8ncia acad\u00e8mica perqu\u00e8 en tots els contexts, el treball, el sacrifici i l\u2019esfor\u00e7 s\u00f3n els valors que portaran a qualsevol estudiant a bon port acad\u00e8mic.<\/p>\n","protected":false},"excerpt":{"rendered":"<p>El Dr. Mariano Gacto, director del Grau en Fisioter\u00e0pia del Campus de Salt i del Grau en Fisioter\u00e0pia Internacional al Campus de Bellvitge, ens explica com s\u2019est\u00e0 desenvolupant la doc\u00e8ncia a EUSES des de la dist\u00e0ncia i de manera virtual a causa de l\u2019alarma sanit\u00e0ria pel Covid-19. Diplomat en Fisioter\u00e0pia per la Universitat de M\u00farcia, [&hellip;]<\/p>\n","protected":false},"author":3,"featured_media":368,"comment_status":"open","ping_status":"closed","sticky":false,"template":"","format":"standard","meta":{"_acf_changed":false,"inline_featured_image":false,"_joinchat":[],"footnotes":""},"categories":[46],"tags":[],"class_list":["post-8260","post","type-post","status-publish","format-standard","has-post-thumbnail","hentry","category-sense-categoria"],"acf":[],"yoast_head":"<!-- This site is optimized with the Yoast SEO plugin v27.4 - https:\/\/yoast.com\/product\/yoast-seo-wordpress\/ -->\n<title>Mariano Gacto: \u201cEstem en un context dif\u00edcil, per\u00f2 al mateix temps \u00e9s un context de noves oportunitats\u201d | EUSES- Campus de Bellvitge (Barcelona)<\/title>\n<meta name=\"robots\" content=\"index, follow, max-snippet:-1, max-image-preview:large, max-video-preview:-1\" \/>\n<link rel=\"canonical\" href=\"https:\/\/barcelona.euses.cat\/ca\/mariano-gacto-estem-en-un-context-dificil-pero-al-mateix-temps-es-un-context-de-noves-oportunitats\/\" \/>\n<meta property=\"og:locale\" content=\"ca_ES\" \/>\n<meta property=\"og:type\" content=\"article\" \/>\n<meta property=\"og:title\" content=\"Mariano Gacto: \u201cEstem en un context dif\u00edcil, per\u00f2 al mateix temps \u00e9s un context de noves oportunitats\u201d | EUSES- Campus de Bellvitge (Barcelona)\" \/>\n<meta property=\"og:description\" content=\"El Dr. Mariano Gacto, director del Grau en Fisioter\u00e0pia del Campus de Salt i del Grau en Fisioter\u00e0pia Internacional al Campus de Bellvitge, ens explica com s\u2019est\u00e0 desenvolupant la doc\u00e8ncia a EUSES des de la dist\u00e0ncia i de manera virtual a causa de l\u2019alarma sanit\u00e0ria pel Covid-19. Diplomat en Fisioter\u00e0pia per la Universitat de M\u00farcia, [&hellip;]\" \/>\n<meta property=\"og:url\" content=\"https:\/\/barcelona.euses.cat\/ca\/mariano-gacto-estem-en-un-context-dificil-pero-al-mateix-temps-es-un-context-de-noves-oportunitats\/\" \/>\n<meta property=\"og:site_name\" content=\"EUSES- Campus de Bellvitge (Barcelona)\" \/>\n<meta property=\"article:publisher\" content=\"https:\/\/www.facebook.com\/PhysioBCN\/\" \/>\n<meta property=\"article:published_time\" content=\"2020-04-02T09:36:55+00:00\" \/>\n<meta property=\"og:image\" content=\"https:\/\/barcelona.euses.cat\/wp-content\/uploads\/2019\/01\/marianogacto01-e1459324185713.jpg\" \/>\n\t<meta property=\"og:image:width\" content=\"1532\" \/>\n\t<meta property=\"og:image:height\" content=\"1532\" \/>\n\t<meta property=\"og:image:type\" content=\"image\/jpeg\" \/>\n<meta name=\"author\" content=\"Jordi Danes\" \/>\n<meta name=\"twitter:card\" content=\"summary_large_image\" \/>\n<meta name=\"twitter:label1\" content=\"Escrit per\" \/>\n\t<meta name=\"twitter:data1\" content=\"Jordi Danes\" \/>\n\t<meta name=\"twitter:label2\" content=\"Temps estimat de lectura\" \/>\n\t<meta name=\"twitter:data2\" content=\"2 minuts\" \/>\n<script type=\"application\/ld+json\" class=\"yoast-schema-graph\">{\"@context\":\"https:\\\/\\\/schema.org\",\"@graph\":[{\"@type\":\"Article\",\"@id\":\"https:\\\/\\\/barcelona.euses.cat\\\/ca\\\/mariano-gacto-estem-en-un-context-dificil-pero-al-mateix-temps-es-un-context-de-noves-oportunitats\\\/#article\",\"isPartOf\":{\"@id\":\"https:\\\/\\\/barcelona.euses.cat\\\/ca\\\/mariano-gacto-estem-en-un-context-dificil-pero-al-mateix-temps-es-un-context-de-noves-oportunitats\\\/\"},\"author\":{\"name\":\"Jordi Danes\",\"@id\":\"https:\\\/\\\/barcelona.euses.cat\\\/ca\\\/#\\\/schema\\\/person\\\/8ab46080dfc4814fa59383db317735bd\"},\"headline\":\"Mariano Gacto: \u201cEstem en un context dif\u00edcil, per\u00f2 al mateix temps \u00e9s un context de noves oportunitats\u201d\",\"datePublished\":\"2020-04-02T09:36:55+00:00\",\"mainEntityOfPage\":{\"@id\":\"https:\\\/\\\/barcelona.euses.cat\\\/ca\\\/mariano-gacto-estem-en-un-context-dificil-pero-al-mateix-temps-es-un-context-de-noves-oportunitats\\\/\"},\"wordCount\":406,\"commentCount\":0,\"image\":{\"@id\":\"https:\\\/\\\/barcelona.euses.cat\\\/ca\\\/mariano-gacto-estem-en-un-context-dificil-pero-al-mateix-temps-es-un-context-de-noves-oportunitats\\\/#primaryimage\"},\"thumbnailUrl\":\"https:\\\/\\\/barcelona.euses.cat\\\/wp-content\\\/uploads\\\/2019\\\/01\\\/marianogacto01-e1459324185713.jpg\",\"articleSection\":[\"sense categoria\"],\"inLanguage\":\"ca\"},{\"@type\":\"WebPage\",\"@id\":\"https:\\\/\\\/barcelona.euses.cat\\\/ca\\\/mariano-gacto-estem-en-un-context-dificil-pero-al-mateix-temps-es-un-context-de-noves-oportunitats\\\/\",\"url\":\"https:\\\/\\\/barcelona.euses.cat\\\/ca\\\/mariano-gacto-estem-en-un-context-dificil-pero-al-mateix-temps-es-un-context-de-noves-oportunitats\\\/\",\"name\":\"Mariano Gacto: \u201cEstem en un context dif\u00edcil, per\u00f2 al mateix temps \u00e9s un context de noves oportunitats\u201d | EUSES- Campus de Bellvitge (Barcelona)\",\"isPartOf\":{\"@id\":\"https:\\\/\\\/barcelona.euses.cat\\\/ca\\\/#website\"},\"primaryImageOfPage\":{\"@id\":\"https:\\\/\\\/barcelona.euses.cat\\\/ca\\\/mariano-gacto-estem-en-un-context-dificil-pero-al-mateix-temps-es-un-context-de-noves-oportunitats\\\/#primaryimage\"},\"image\":{\"@id\":\"https:\\\/\\\/barcelona.euses.cat\\\/ca\\\/mariano-gacto-estem-en-un-context-dificil-pero-al-mateix-temps-es-un-context-de-noves-oportunitats\\\/#primaryimage\"},\"thumbnailUrl\":\"https:\\\/\\\/barcelona.euses.cat\\\/wp-content\\\/uploads\\\/2019\\\/01\\\/marianogacto01-e1459324185713.jpg\",\"datePublished\":\"2020-04-02T09:36:55+00:00\",\"author\":{\"@id\":\"https:\\\/\\\/barcelona.euses.cat\\\/ca\\\/#\\\/schema\\\/person\\\/8ab46080dfc4814fa59383db317735bd\"},\"breadcrumb\":{\"@id\":\"https:\\\/\\\/barcelona.euses.cat\\\/ca\\\/mariano-gacto-estem-en-un-context-dificil-pero-al-mateix-temps-es-un-context-de-noves-oportunitats\\\/#breadcrumb\"},\"inLanguage\":\"ca\",\"potentialAction\":[{\"@type\":\"ReadAction\",\"target\":[\"https:\\\/\\\/barcelona.euses.cat\\\/ca\\\/mariano-gacto-estem-en-un-context-dificil-pero-al-mateix-temps-es-un-context-de-noves-oportunitats\\\/\"]}]},{\"@type\":\"ImageObject\",\"inLanguage\":\"ca\",\"@id\":\"https:\\\/\\\/barcelona.euses.cat\\\/ca\\\/mariano-gacto-estem-en-un-context-dificil-pero-al-mateix-temps-es-un-context-de-noves-oportunitats\\\/#primaryimage\",\"url\":\"https:\\\/\\\/barcelona.euses.cat\\\/wp-content\\\/uploads\\\/2019\\\/01\\\/marianogacto01-e1459324185713.jpg\",\"contentUrl\":\"https:\\\/\\\/barcelona.euses.cat\\\/wp-content\\\/uploads\\\/2019\\\/01\\\/marianogacto01-e1459324185713.jpg\",\"width\":1532,\"height\":1532},{\"@type\":\"BreadcrumbList\",\"@id\":\"https:\\\/\\\/barcelona.euses.cat\\\/ca\\\/mariano-gacto-estem-en-un-context-dificil-pero-al-mateix-temps-es-un-context-de-noves-oportunitats\\\/#breadcrumb\",\"itemListElement\":[{\"@type\":\"ListItem\",\"position\":1,\"name\":\"Portada\",\"item\":\"https:\\\/\\\/barcelona.euses.cat\\\/ca\\\/\"},{\"@type\":\"ListItem\",\"position\":2,\"name\":\"Mariano Gacto: \u201cEstem en un context dif\u00edcil, per\u00f2 al mateix temps \u00e9s un context de noves oportunitats\u201d\"}]},{\"@type\":\"WebSite\",\"@id\":\"https:\\\/\\\/barcelona.euses.cat\\\/ca\\\/#website\",\"url\":\"https:\\\/\\\/barcelona.euses.cat\\\/ca\\\/\",\"name\":\"EUSES - Campus de Bellvitge (Barcelona)\",\"description\":\"EUSES, Escola Universit\u00e0ria de Fisioter\u00e0pia Internacional a Barcelona\",\"potentialAction\":[{\"@type\":\"SearchAction\",\"target\":{\"@type\":\"EntryPoint\",\"urlTemplate\":\"https:\\\/\\\/barcelona.euses.cat\\\/ca\\\/?s={search_term_string}\"},\"query-input\":{\"@type\":\"PropertyValueSpecification\",\"valueRequired\":true,\"valueName\":\"search_term_string\"}}],\"inLanguage\":\"ca\"},{\"@type\":\"Person\",\"@id\":\"https:\\\/\\\/barcelona.euses.cat\\\/ca\\\/#\\\/schema\\\/person\\\/8ab46080dfc4814fa59383db317735bd\",\"name\":\"Jordi Danes\",\"image\":{\"@type\":\"ImageObject\",\"inLanguage\":\"ca\",\"@id\":\"https:\\\/\\\/secure.gravatar.com\\\/avatar\\\/a9e4f443b594af225625ee8cfa665e41b1e0740ea34fbe0515b4ca559f8570ef?s=96&d=mm&r=g\",\"url\":\"https:\\\/\\\/secure.gravatar.com\\\/avatar\\\/a9e4f443b594af225625ee8cfa665e41b1e0740ea34fbe0515b4ca559f8570ef?s=96&d=mm&r=g\",\"contentUrl\":\"https:\\\/\\\/secure.gravatar.com\\\/avatar\\\/a9e4f443b594af225625ee8cfa665e41b1e0740ea34fbe0515b4ca559f8570ef?s=96&d=mm&r=g\",\"caption\":\"Jordi Danes\"},\"url\":\"https:\\\/\\\/barcelona.euses.cat\\\/ca\\\/author\\\/jordi-danes\\\/\"}]}<\/script>\n<!-- \/ Yoast SEO plugin. -->","yoast_head_json":{"title":"Mariano Gacto: \u201cEstem en un context dif\u00edcil, per\u00f2 al mateix temps \u00e9s un context de noves oportunitats\u201d | EUSES- Campus de Bellvitge (Barcelona)","robots":{"index":"index","follow":"follow","max-snippet":"max-snippet:-1","max-image-preview":"max-image-preview:large","max-video-preview":"max-video-preview:-1"},"canonical":"https:\/\/barcelona.euses.cat\/ca\/mariano-gacto-estem-en-un-context-dificil-pero-al-mateix-temps-es-un-context-de-noves-oportunitats\/","og_locale":"ca_ES","og_type":"article","og_title":"Mariano Gacto: \u201cEstem en un context dif\u00edcil, per\u00f2 al mateix temps \u00e9s un context de noves oportunitats\u201d | EUSES- Campus de Bellvitge (Barcelona)","og_description":"El Dr. Mariano Gacto, director del Grau en Fisioter\u00e0pia del Campus de Salt i del Grau en Fisioter\u00e0pia Internacional al Campus de Bellvitge, ens explica com s\u2019est\u00e0 desenvolupant la doc\u00e8ncia a EUSES des de la dist\u00e0ncia i de manera virtual a causa de l\u2019alarma sanit\u00e0ria pel Covid-19. Diplomat en Fisioter\u00e0pia per la Universitat de M\u00farcia, [&hellip;]","og_url":"https:\/\/barcelona.euses.cat\/ca\/mariano-gacto-estem-en-un-context-dificil-pero-al-mateix-temps-es-un-context-de-noves-oportunitats\/","og_site_name":"EUSES- Campus de Bellvitge (Barcelona)","article_publisher":"https:\/\/www.facebook.com\/PhysioBCN\/","article_published_time":"2020-04-02T09:36:55+00:00","og_image":[{"width":1532,"height":1532,"url":"https:\/\/barcelona.euses.cat\/wp-content\/uploads\/2019\/01\/marianogacto01-e1459324185713.jpg","type":"image\/jpeg"}],"author":"Jordi Danes","twitter_card":"summary_large_image","twitter_misc":{"Escrit per":"Jordi Danes","Temps estimat de lectura":"2 minuts"},"schema":{"@context":"https:\/\/schema.org","@graph":[{"@type":"Article","@id":"https:\/\/barcelona.euses.cat\/ca\/mariano-gacto-estem-en-un-context-dificil-pero-al-mateix-temps-es-un-context-de-noves-oportunitats\/#article","isPartOf":{"@id":"https:\/\/barcelona.euses.cat\/ca\/mariano-gacto-estem-en-un-context-dificil-pero-al-mateix-temps-es-un-context-de-noves-oportunitats\/"},"author":{"name":"Jordi Danes","@id":"https:\/\/barcelona.euses.cat\/ca\/#\/schema\/person\/8ab46080dfc4814fa59383db317735bd"},"headline":"Mariano Gacto: \u201cEstem en un context dif\u00edcil, per\u00f2 al mateix temps \u00e9s un context de noves oportunitats\u201d","datePublished":"2020-04-02T09:36:55+00:00","mainEntityOfPage":{"@id":"https:\/\/barcelona.euses.cat\/ca\/mariano-gacto-estem-en-un-context-dificil-pero-al-mateix-temps-es-un-context-de-noves-oportunitats\/"},"wordCount":406,"commentCount":0,"image":{"@id":"https:\/\/barcelona.euses.cat\/ca\/mariano-gacto-estem-en-un-context-dificil-pero-al-mateix-temps-es-un-context-de-noves-oportunitats\/#primaryimage"},"thumbnailUrl":"https:\/\/barcelona.euses.cat\/wp-content\/uploads\/2019\/01\/marianogacto01-e1459324185713.jpg","articleSection":["sense categoria"],"inLanguage":"ca"},{"@type":"WebPage","@id":"https:\/\/barcelona.euses.cat\/ca\/mariano-gacto-estem-en-un-context-dificil-pero-al-mateix-temps-es-un-context-de-noves-oportunitats\/","url":"https:\/\/barcelona.euses.cat\/ca\/mariano-gacto-estem-en-un-context-dificil-pero-al-mateix-temps-es-un-context-de-noves-oportunitats\/","name":"Mariano Gacto: \u201cEstem en un context dif\u00edcil, per\u00f2 al mateix temps \u00e9s un context de noves oportunitats\u201d | EUSES- Campus de Bellvitge (Barcelona)","isPartOf":{"@id":"https:\/\/barcelona.euses.cat\/ca\/#website"},"primaryImageOfPage":{"@id":"https:\/\/barcelona.euses.cat\/ca\/mariano-gacto-estem-en-un-context-dificil-pero-al-mateix-temps-es-un-context-de-noves-oportunitats\/#primaryimage"},"image":{"@id":"https:\/\/barcelona.euses.cat\/ca\/mariano-gacto-estem-en-un-context-dificil-pero-al-mateix-temps-es-un-context-de-noves-oportunitats\/#primaryimage"},"thumbnailUrl":"https:\/\/barcelona.euses.cat\/wp-content\/uploads\/2019\/01\/marianogacto01-e1459324185713.jpg","datePublished":"2020-04-02T09:36:55+00:00","author":{"@id":"https:\/\/barcelona.euses.cat\/ca\/#\/schema\/person\/8ab46080dfc4814fa59383db317735bd"},"breadcrumb":{"@id":"https:\/\/barcelona.euses.cat\/ca\/mariano-gacto-estem-en-un-context-dificil-pero-al-mateix-temps-es-un-context-de-noves-oportunitats\/#breadcrumb"},"inLanguage":"ca","potentialAction":[{"@type":"ReadAction","target":["https:\/\/barcelona.euses.cat\/ca\/mariano-gacto-estem-en-un-context-dificil-pero-al-mateix-temps-es-un-context-de-noves-oportunitats\/"]}]},{"@type":"ImageObject","inLanguage":"ca","@id":"https:\/\/barcelona.euses.cat\/ca\/mariano-gacto-estem-en-un-context-dificil-pero-al-mateix-temps-es-un-context-de-noves-oportunitats\/#primaryimage","url":"https:\/\/barcelona.euses.cat\/wp-content\/uploads\/2019\/01\/marianogacto01-e1459324185713.jpg","contentUrl":"https:\/\/barcelona.euses.cat\/wp-content\/uploads\/2019\/01\/marianogacto01-e1459324185713.jpg","width":1532,"height":1532},{"@type":"BreadcrumbList","@id":"https:\/\/barcelona.euses.cat\/ca\/mariano-gacto-estem-en-un-context-dificil-pero-al-mateix-temps-es-un-context-de-noves-oportunitats\/#breadcrumb","itemListElement":[{"@type":"ListItem","position":1,"name":"Portada","item":"https:\/\/barcelona.euses.cat\/ca\/"},{"@type":"ListItem","position":2,"name":"Mariano Gacto: \u201cEstem en un context dif\u00edcil, per\u00f2 al mateix temps \u00e9s un context de noves oportunitats\u201d"}]},{"@type":"WebSite","@id":"https:\/\/barcelona.euses.cat\/ca\/#website","url":"https:\/\/barcelona.euses.cat\/ca\/","name":"EUSES - Campus de Bellvitge (Barcelona)","description":"EUSES, Escola Universit\u00e0ria de Fisioter\u00e0pia Internacional a Barcelona","potentialAction":[{"@type":"SearchAction","target":{"@type":"EntryPoint","urlTemplate":"https:\/\/barcelona.euses.cat\/ca\/?s={search_term_string}"},"query-input":{"@type":"PropertyValueSpecification","valueRequired":true,"valueName":"search_term_string"}}],"inLanguage":"ca"},{"@type":"Person","@id":"https:\/\/barcelona.euses.cat\/ca\/#\/schema\/person\/8ab46080dfc4814fa59383db317735bd","name":"Jordi Danes","image":{"@type":"ImageObject","inLanguage":"ca","@id":"https:\/\/secure.gravatar.com\/avatar\/a9e4f443b594af225625ee8cfa665e41b1e0740ea34fbe0515b4ca559f8570ef?s=96&d=mm&r=g","url":"https:\/\/secure.gravatar.com\/avatar\/a9e4f443b594af225625ee8cfa665e41b1e0740ea34fbe0515b4ca559f8570ef?s=96&d=mm&r=g","contentUrl":"https:\/\/secure.gravatar.com\/avatar\/a9e4f443b594af225625ee8cfa665e41b1e0740ea34fbe0515b4ca559f8570ef?s=96&d=mm&r=g","caption":"Jordi Danes"},"url":"https:\/\/barcelona.euses.cat\/ca\/author\/jordi-danes\/"}]}},"_links":{"self":[{"href":"https:\/\/barcelona.euses.cat\/ca\/wp-json\/wp\/v2\/posts\/8260","targetHints":{"allow":["GET"]}}],"collection":[{"href":"https:\/\/barcelona.euses.cat\/ca\/wp-json\/wp\/v2\/posts"}],"about":[{"href":"https:\/\/barcelona.euses.cat\/ca\/wp-json\/wp\/v2\/types\/post"}],"author":[{"embeddable":true,"href":"https:\/\/barcelona.euses.cat\/ca\/wp-json\/wp\/v2\/users\/3"}],"replies":[{"embeddable":true,"href":"https:\/\/barcelona.euses.cat\/ca\/wp-json\/wp\/v2\/comments?post=8260"}],"version-history":[{"count":1,"href":"https:\/\/barcelona.euses.cat\/ca\/wp-json\/wp\/v2\/posts\/8260\/revisions"}],"predecessor-version":[{"id":8261,"href":"https:\/\/barcelona.euses.cat\/ca\/wp-json\/wp\/v2\/posts\/8260\/revisions\/8261"}],"wp:featuredmedia":[{"embeddable":true,"href":"https:\/\/barcelona.euses.cat\/ca\/wp-json\/wp\/v2\/media\/368"}],"wp:attachment":[{"href":"https:\/\/barcelona.euses.cat\/ca\/wp-json\/wp\/v2\/media?parent=8260"}],"wp:term":[{"taxonomy":"category","embeddable":true,"href":"https:\/\/barcelona.euses.cat\/ca\/wp-json\/wp\/v2\/categories?post=8260"},{"taxonomy":"post_tag","embeddable":true,"href":"https:\/\/barcelona.euses.cat\/ca\/wp-json\/wp\/v2\/tags?post=8260"}],"curies":[{"name":"wp","href":"https:\/\/api.w.org\/{rel}","templated":true}]}}