{"id":8143,"date":"2020-07-20T12:00:06","date_gmt":"2020-07-20T10:00:06","guid":{"rendered":"https:\/\/barcelona.euses.cat\/?p=8143"},"modified":"2022-09-16T21:53:40","modified_gmt":"2022-09-16T19:53:40","slug":"euses-prepara-linici-del-nou-curs-amb-totes-les-mesures-de-seguretat","status":"publish","type":"post","link":"https:\/\/barcelona.euses.cat\/ca\/euses-prepara-linici-del-nou-curs-amb-totes-les-mesures-de-seguretat\/","title":{"rendered":"EUSES prepara l&#8217;inici del nou curs amb totes les mesures de seguretat"},"content":{"rendered":"<p>De cara a l\u2019inici del curs 2020-2021, EUSES seguir\u00e0 les directrius que es marquin des de la Generalitat i la Conselleria d\u2019Ensenyament i de Salut, aix\u00ed com les ordres ministerials al respecte de les precaucions necess\u00e0ries sobre contagis, mesures sanit\u00e0ries de precauci\u00f3 i prevenci\u00f3. En base a l\u2019experi\u00e8ncia adquirida durant el confinament de mar\u00e7 de 2020 s\u2019han planificat les estrat\u00e8gies d\u2019ensenyament a dist\u00e0ncia i els recursos necessaris perqu\u00e8 en el cas d\u2019un nou confinament l\u2019impacte sobre l\u2019activitat acad\u00e8mica de l\u2019escola i dels estudiants sigui el m\u00e9s petit possible, i s\u2019est\u00e0 treballant en preparar escenaris amb diferents graus de presencialitat.<\/p>\n<p>Durant els mesos previs a l\u2019inici del curs, anirem informant i actualitzant aquesta p\u00e0gina amb les dades disponibles per a informar sobre com es desenvolupar\u00e0 l\u2019activitat docent, quines directives estaran vigents a cada moment i sobre els canvis que puguin produir-se.<\/p>\n<p><strong>Curs 2020\/21<\/strong><\/p>\n<ul>\n<li><a href=\"https:\/\/girona.euses.cat\/wp-content\/uploads\/2020\/07\/Desenvolupament-de-les-classes-2020_2021.pdf\" target=\"_blank\" rel=\"noopener noreferrer\">Procediments de les classes 2020\/21 a EUSES Salt i EUSES Bellvitge<\/a><\/li>\n<li><a href=\"https:\/\/girona.euses.cat\/wp-content\/uploads\/2020\/07\/Procediments-i-mesures-EUSES-Terres-de-lEbre-20-21.pdf\" target=\"_blank\" rel=\"noopener noreferrer\">Procediments de les classes 2020\/21 a EUSES Terres de l&#8217;Ebre<\/a><\/li>\n<li><a href=\"https:\/\/girona.euses.cat\/wp-content\/uploads\/2020\/07\/Pla-dOrganitzacio-Basic-del-Centre-Garbi-Campus-EUSES-Salt-20-07-2020.pdf\" target=\"_blank\" rel=\"noopener noreferrer\">Pla d&#8217;Organitzaci\u00f3 B\u00e0sic del Centre Garb\u00ed (EUSES Campus de Salt)<\/a><\/li>\n<\/ul>\n<p><strong>Pl<\/strong><strong>ans de Conting\u00e8ncia<\/strong><\/p>\n<ul>\n<li><a href=\"https:\/\/girona.euses.cat\/wp-content\/uploads\/2020\/03\/15-07-20-Pla-de-Contingencia-EUSES-Salt.pdf\" target=\"_blank\" rel=\"noopener noreferrer\">Pla de Conting\u00e8ncia d&#8217;EUSES Salt<\/a><\/li>\n<li><a href=\"https:\/\/girona.euses.cat\/wp-content\/uploads\/2020\/03\/15-07-20-Pla-de-Contingencia-EUSES-Bellvitge.pdf\" target=\"_blank\" rel=\"noopener noreferrer\">Pla de Conting\u00e8ncia d&#8217;EUSES Bellvitge<\/a><\/li>\n<li><a href=\"https:\/\/barcelona.euses.cat\/wp-content\/uploads\/2020\/07\/Pla_de_Contingecia_d_EUSES_URV.pdf\" target=\"_blank\" rel=\"noopener noreferrer\">Pla de Conting\u00e8ncia d&#8217;EUSES Terres de l&#8217;Ebre<\/a><\/li>\n<\/ul>\n<p><strong>PREGUNTES FREQ\u00dcENTS<\/strong><\/p>\n<p><strong>Quins s\u00f3n els canals oficials d\u2019informaci\u00f3?<\/strong><\/p>\n<p>Per contactar amb l\u2019EUSES podeu fer-ho a trav\u00e9s de WhatsApp i trucades (699 90 28 89 \u2013 972 405 130) o b\u00e9 per correu electr\u00f2nic: <a href=\"mailto:euses@euses.cat\">euses@euses.cat<\/a><\/p>\n<p><strong>Qu\u00e8 he de fer si crec que he agafat el Covid-19?<\/strong><\/p>\n<p>En cas de contagi, la malaltia COVID-19 molt probablement ser\u00e0 lleu (malestar general, febre i tos). Com passa amb la grip, en el cas d\u2019emmalaltir per coronavirus SARS-CoV-2, la majoria de les persones la passen a casa, sense cap complicaci\u00f3. Si tens alguna urg\u00e8ncia pel coronavirus, recorda trucar al\u00a0 061; o al 012 per consultes generals.\u00a0<a href=\"http:\/\/canalsalut.gencat.cat\/ca\/salut-a-z\/c\/coronavirus-2019-ncov\/material-divulgatiu\/\">Enlla\u00e7 Canal Salut<\/a><\/p>\n<p>Et demanem que envi\u00efs un correu a euses@euses.cat per avisar, aix\u00ed es podr\u00e0 fer un seguiment i facilitar-te informaci\u00f3 sobre aquells aspectes que puguin afectar la teva progressi\u00f3 acad\u00e8mica<\/p>\n<p><strong>Qu\u00e8 puc fer per protegir-me de la COVID-19?<\/strong><\/p>\n<p>Cal quedar-se a casa amb confinament.<\/p>\n<p>Estem en fase d\u2019alerta s\u2019ha demanat confinament i evitar sortir si no \u00e9s estrictament necessari. Amb tot, i per si ho has hagut de fer, et recordem les mesures higi\u00e8niques b\u00e0siques, \u00fatils per prevenir la infecci\u00f3 pel coronavirus SARS-CoV-2 i per evitar la grip o qualsevol altra infecci\u00f3 respirat\u00f2ria aguda similar:<\/p>\n<ul>\n<li>Renta\u2019t\u00a0les mans freq\u00fcentment amb aigua i sab\u00f3 (m\u00ednim durant 20 segons) o amb solucions alcoh\u00f2liques, especialment despr\u00e9s del contacte directe amb persones malaltes o el seu entorn.<\/li>\n<li>Evita\u00a0tocar-te\u00a0els ulls, el nas i la boca amb les mans brutes.<\/li>\n<li>Evita\u00a0el contacte estret amb persones que mostrin signes d\u2019afecci\u00f3 respirat\u00f2ria, com ara tos o esternuts.<\/li>\n<li>Evita\u00a0compartir menjar ni estris (coberts, gots, tovallons, mocadors, etc.) i altres objectes sense netejar-los degudament.<\/li>\n<li>Mantingues\u00a0una dist\u00e0ncia de dos metres aproximadament amb les persones amb s\u00edmptomes d\u2019infecci\u00f3 respirat\u00f2ria aguda.<\/li>\n<li>Tapa\u2019t\u00a0la boca i el nas amb mocadors d\u2019un sol \u00fas o amb la cara interna del colze en el moment de tossir o esternudar i renta\u2019t\u00a0les mans seguidament.<\/li>\n<li>Renta\u00a0i desinfecta\u00a0freq\u00fcentment els objectes i les superf\u00edcies.<\/li>\n<\/ul>\n<p>Aquestes mesures tamb\u00e9 protegeixen enfront de malalties respirat\u00f2ries freq\u00fcents com la grip. Per evitar la infecci\u00f3, a Catalunya no cal prendre mesures especials amb els animals ni amb els aliments.<\/p>\n<p><strong>Qu\u00e8 he de fer si he tornat d\u2019una zona de risc?<\/strong><\/p>\n<p>Actualment la classificaci\u00f3 de l&#8217;OMS de la situaci\u00f3 ha activat el nivell de pand\u00e8mia, progressivament s&#8217;han anat activant zones\u00a0amb casos i de transmissi\u00f3 comunit\u00e0ria han augmentat progressivament.<\/p>\n<p>Si el teu estat general \u00e9s bo, segueix les indicacions de les autoritats sanit\u00e0ries.<\/p>\n<p>Tot i aix\u00ed, observa el teu estat de salut durant els 14 dies posteriors al viatge i si presentes s\u00edmptomes com febre, dificultat per respirar, tos o malestar general, queda\u2019t a casa i comunica per tel\u00e8fon als serveis sanitaris l\u2019antecedent de l\u2019estada a una zona de risc. Utilitza\u00a0el seg\u00fcent enlla\u00e7 per fer una\u00a0<a href=\"http:\/\/canalsalut.gencat.cat\/ca\/salut-a-z\/c\/coronavirus-2019-ncov\/stop-covid19-cat\/\">autovaloraci\u00f3<\/a> o truqueu al\u00a0<strong>061<\/strong>.<\/p>\n<p><strong>Recursos d\u2019\u00e0mbit nacional<\/strong><\/p>\n<ul>\n<li><a href=\"http:\/\/canalsalut.gencat.cat\/coronavirus-test\/\">Test facilitat<\/a> pel Canal Salut de la Generalitat de Catalunya per saber si pots tenir el Coronavirus<\/li>\n<li>Qu\u00e8 \u00e9s el Coronavirus?\u2013\u00a0<a href=\"https:\/\/youtu.be\/PGli_Y9G9UU\">V\u00eddeo Canal Salut<\/a> de la Generalitat de Catalunya<\/li>\n<li>Informaci\u00f3 sobre el COVID-19 del\u00a0<a href=\"http:\/\/canalsalut.gencat.cat\/ca\/salut-a-z\/c\/coronavirus-2019-ncov\/\">Canal Salut\u00a0<\/a>de la Generalitat de Catalunya<\/li>\n<li><a href=\"http:\/\/salutpublica.gencat.cat\/ca\/detalls\/Article\/Situacio-del-nou-coronavirus-2019-nCov-a-Xina\">Situaci\u00f3 de la malaltia\u00a0<\/a>COVID-19 per l\u2019Ag\u00e8ncia de Salut P\u00fablica de Catalunya (ASPCAT)<\/li>\n<li><a href=\"http:\/\/salutpublica.gencat.cat\/ca\/detalls\/Article\/nota-premsa-coronavirus\">Protocols d\u2019actuaci\u00f3\u00a0<\/a>per l\u2019Ag\u00e8ncia de Salut P\u00fablica de Catalunya (ASPCAT)<\/li>\n<li><a href=\"http:\/\/www.mscbs.gob.es\/profesionales\/saludPublica\/ccayes\/alertasActual\/nCov-China\/home.htm\">P\u00e0gina informativa<\/a> del Ministeri de Sanitat Espanyol<\/li>\n<\/ul>\n<p><strong>Recursos d\u2019\u00e0mbit global<\/strong><\/p>\n<ul>\n<li><a href=\"https:\/\/www.cdc.gov\/coronavirus\/index.html\">Centers for Disease Control and Prevention<\/a>\u2013 CDC<\/li>\n<li><a href=\"https:\/\/www.ecdc.europa.eu\/en\/novel-coronavirus-china\">European Centre for Disease Prevention and Control<\/a><\/li>\n<li><a href=\"http:\/\/www.who.int\/es\/emergencies\/diseases\/novel-coronavirus-2019\">Organitzaci\u00f3 Mundial de la Salut<\/a><\/li>\n<li><a href=\"https:\/\/www.who.int\/es\/emergencies\/diseases\/novel-coronavirus-2019\/advice-for-public\">OMS \u2013 Orientacions per al p\u00fablic<\/a><\/li>\n<li style=\"list-style-type: none;\"><\/li>\n<\/ul>\n","protected":false},"excerpt":{"rendered":"<p>De cara a l\u2019inici del curs 2020-2021, EUSES seguir\u00e0 les directrius que es marquin des de la Generalitat i la Conselleria d\u2019Ensenyament i de Salut, aix\u00ed com les ordres ministerials al respecte de les precaucions necess\u00e0ries sobre contagis, mesures sanit\u00e0ries de precauci\u00f3 i prevenci\u00f3. En base a l\u2019experi\u00e8ncia adquirida durant el confinament de mar\u00e7 de [&hellip;]<\/p>\n","protected":false},"author":3,"featured_media":7081,"comment_status":"open","ping_status":"closed","sticky":false,"template":"","format":"standard","meta":{"_acf_changed":false,"inline_featured_image":false,"_joinchat":[],"footnotes":""},"categories":[46],"tags":[],"class_list":["post-8143","post","type-post","status-publish","format-standard","has-post-thumbnail","hentry","category-sense-categoria"],"acf":[],"yoast_head":"<!-- This site is optimized with the Yoast SEO plugin v27.4 - https:\/\/yoast.com\/product\/yoast-seo-wordpress\/ -->\n<title>EUSES prepara l&#039;inici del nou curs amb totes les mesures de seguretat | EUSES- Campus de Bellvitge (Barcelona)<\/title>\n<meta name=\"robots\" content=\"index, follow, max-snippet:-1, max-image-preview:large, max-video-preview:-1\" \/>\n<link rel=\"canonical\" href=\"https:\/\/barcelona.euses.cat\/ca\/euses-prepara-linici-del-nou-curs-amb-totes-les-mesures-de-seguretat\/\" \/>\n<meta property=\"og:locale\" content=\"ca_ES\" \/>\n<meta property=\"og:type\" content=\"article\" \/>\n<meta property=\"og:title\" content=\"EUSES prepara l&#039;inici del nou curs amb totes les mesures de seguretat | EUSES- Campus de Bellvitge (Barcelona)\" \/>\n<meta property=\"og:description\" content=\"De cara a l\u2019inici del curs 2020-2021, EUSES seguir\u00e0 les directrius que es marquin des de la Generalitat i la Conselleria d\u2019Ensenyament i de Salut, aix\u00ed com les ordres ministerials al respecte de les precaucions necess\u00e0ries sobre contagis, mesures sanit\u00e0ries de precauci\u00f3 i prevenci\u00f3. En base a l\u2019experi\u00e8ncia adquirida durant el confinament de mar\u00e7 de [&hellip;]\" \/>\n<meta property=\"og:url\" content=\"https:\/\/barcelona.euses.cat\/ca\/euses-prepara-linici-del-nou-curs-amb-totes-les-mesures-de-seguretat\/\" \/>\n<meta property=\"og:site_name\" content=\"EUSES- Campus de Bellvitge (Barcelona)\" \/>\n<meta property=\"article:publisher\" content=\"https:\/\/www.facebook.com\/PhysioBCN\/\" \/>\n<meta property=\"article:published_time\" content=\"2020-07-20T10:00:06+00:00\" \/>\n<meta property=\"article:modified_time\" content=\"2022-09-16T19:53:40+00:00\" \/>\n<meta property=\"og:image\" content=\"https:\/\/barcelona.euses.cat\/wp-content\/uploads\/2015\/06\/20150114-brullet-ballbe-bellvitge-corian.jpg\" \/>\n\t<meta property=\"og:image:width\" content=\"728\" \/>\n\t<meta property=\"og:image:height\" content=\"479\" \/>\n\t<meta property=\"og:image:type\" content=\"image\/jpeg\" \/>\n<meta name=\"author\" content=\"Jordi Danes\" \/>\n<meta name=\"twitter:card\" content=\"summary_large_image\" \/>\n<meta name=\"twitter:label1\" content=\"Escrit per\" \/>\n\t<meta name=\"twitter:data1\" content=\"Jordi Danes\" \/>\n\t<meta name=\"twitter:label2\" content=\"Temps estimat de lectura\" \/>\n\t<meta name=\"twitter:data2\" content=\"4 minuts\" \/>\n<script type=\"application\/ld+json\" class=\"yoast-schema-graph\">{\"@context\":\"https:\\\/\\\/schema.org\",\"@graph\":[{\"@type\":\"Article\",\"@id\":\"https:\\\/\\\/barcelona.euses.cat\\\/ca\\\/euses-prepara-linici-del-nou-curs-amb-totes-les-mesures-de-seguretat\\\/#article\",\"isPartOf\":{\"@id\":\"https:\\\/\\\/barcelona.euses.cat\\\/ca\\\/euses-prepara-linici-del-nou-curs-amb-totes-les-mesures-de-seguretat\\\/\"},\"author\":{\"name\":\"Jordi Danes\",\"@id\":\"https:\\\/\\\/barcelona.euses.cat\\\/ca\\\/#\\\/schema\\\/person\\\/8ab46080dfc4814fa59383db317735bd\"},\"headline\":\"EUSES prepara l&#8217;inici del nou curs amb totes les mesures de seguretat\",\"datePublished\":\"2020-07-20T10:00:06+00:00\",\"dateModified\":\"2022-09-16T19:53:40+00:00\",\"mainEntityOfPage\":{\"@id\":\"https:\\\/\\\/barcelona.euses.cat\\\/ca\\\/euses-prepara-linici-del-nou-curs-amb-totes-les-mesures-de-seguretat\\\/\"},\"wordCount\":850,\"commentCount\":0,\"image\":{\"@id\":\"https:\\\/\\\/barcelona.euses.cat\\\/ca\\\/euses-prepara-linici-del-nou-curs-amb-totes-les-mesures-de-seguretat\\\/#primaryimage\"},\"thumbnailUrl\":\"https:\\\/\\\/barcelona.euses.cat\\\/wp-content\\\/uploads\\\/2015\\\/06\\\/20150114-brullet-ballbe-bellvitge-corian.jpg\",\"articleSection\":[\"sense categoria\"],\"inLanguage\":\"ca\"},{\"@type\":\"WebPage\",\"@id\":\"https:\\\/\\\/barcelona.euses.cat\\\/ca\\\/euses-prepara-linici-del-nou-curs-amb-totes-les-mesures-de-seguretat\\\/\",\"url\":\"https:\\\/\\\/barcelona.euses.cat\\\/ca\\\/euses-prepara-linici-del-nou-curs-amb-totes-les-mesures-de-seguretat\\\/\",\"name\":\"EUSES prepara l'inici del nou curs amb totes les mesures de seguretat | EUSES- Campus de Bellvitge (Barcelona)\",\"isPartOf\":{\"@id\":\"https:\\\/\\\/barcelona.euses.cat\\\/ca\\\/#website\"},\"primaryImageOfPage\":{\"@id\":\"https:\\\/\\\/barcelona.euses.cat\\\/ca\\\/euses-prepara-linici-del-nou-curs-amb-totes-les-mesures-de-seguretat\\\/#primaryimage\"},\"image\":{\"@id\":\"https:\\\/\\\/barcelona.euses.cat\\\/ca\\\/euses-prepara-linici-del-nou-curs-amb-totes-les-mesures-de-seguretat\\\/#primaryimage\"},\"thumbnailUrl\":\"https:\\\/\\\/barcelona.euses.cat\\\/wp-content\\\/uploads\\\/2015\\\/06\\\/20150114-brullet-ballbe-bellvitge-corian.jpg\",\"datePublished\":\"2020-07-20T10:00:06+00:00\",\"dateModified\":\"2022-09-16T19:53:40+00:00\",\"author\":{\"@id\":\"https:\\\/\\\/barcelona.euses.cat\\\/ca\\\/#\\\/schema\\\/person\\\/8ab46080dfc4814fa59383db317735bd\"},\"breadcrumb\":{\"@id\":\"https:\\\/\\\/barcelona.euses.cat\\\/ca\\\/euses-prepara-linici-del-nou-curs-amb-totes-les-mesures-de-seguretat\\\/#breadcrumb\"},\"inLanguage\":\"ca\",\"potentialAction\":[{\"@type\":\"ReadAction\",\"target\":[\"https:\\\/\\\/barcelona.euses.cat\\\/ca\\\/euses-prepara-linici-del-nou-curs-amb-totes-les-mesures-de-seguretat\\\/\"]}]},{\"@type\":\"ImageObject\",\"inLanguage\":\"ca\",\"@id\":\"https:\\\/\\\/barcelona.euses.cat\\\/ca\\\/euses-prepara-linici-del-nou-curs-amb-totes-les-mesures-de-seguretat\\\/#primaryimage\",\"url\":\"https:\\\/\\\/barcelona.euses.cat\\\/wp-content\\\/uploads\\\/2015\\\/06\\\/20150114-brullet-ballbe-bellvitge-corian.jpg\",\"contentUrl\":\"https:\\\/\\\/barcelona.euses.cat\\\/wp-content\\\/uploads\\\/2015\\\/06\\\/20150114-brullet-ballbe-bellvitge-corian.jpg\",\"width\":728,\"height\":479},{\"@type\":\"BreadcrumbList\",\"@id\":\"https:\\\/\\\/barcelona.euses.cat\\\/ca\\\/euses-prepara-linici-del-nou-curs-amb-totes-les-mesures-de-seguretat\\\/#breadcrumb\",\"itemListElement\":[{\"@type\":\"ListItem\",\"position\":1,\"name\":\"Portada\",\"item\":\"https:\\\/\\\/barcelona.euses.cat\\\/ca\\\/\"},{\"@type\":\"ListItem\",\"position\":2,\"name\":\"EUSES prepara l&#8217;inici del nou curs amb totes les mesures de seguretat\"}]},{\"@type\":\"WebSite\",\"@id\":\"https:\\\/\\\/barcelona.euses.cat\\\/ca\\\/#website\",\"url\":\"https:\\\/\\\/barcelona.euses.cat\\\/ca\\\/\",\"name\":\"EUSES - Campus de Bellvitge (Barcelona)\",\"description\":\"EUSES, Escola Universit\u00e0ria de Fisioter\u00e0pia Internacional a Barcelona\",\"potentialAction\":[{\"@type\":\"SearchAction\",\"target\":{\"@type\":\"EntryPoint\",\"urlTemplate\":\"https:\\\/\\\/barcelona.euses.cat\\\/ca\\\/?s={search_term_string}\"},\"query-input\":{\"@type\":\"PropertyValueSpecification\",\"valueRequired\":true,\"valueName\":\"search_term_string\"}}],\"inLanguage\":\"ca\"},{\"@type\":\"Person\",\"@id\":\"https:\\\/\\\/barcelona.euses.cat\\\/ca\\\/#\\\/schema\\\/person\\\/8ab46080dfc4814fa59383db317735bd\",\"name\":\"Jordi Danes\",\"image\":{\"@type\":\"ImageObject\",\"inLanguage\":\"ca\",\"@id\":\"https:\\\/\\\/secure.gravatar.com\\\/avatar\\\/a9e4f443b594af225625ee8cfa665e41b1e0740ea34fbe0515b4ca559f8570ef?s=96&d=mm&r=g\",\"url\":\"https:\\\/\\\/secure.gravatar.com\\\/avatar\\\/a9e4f443b594af225625ee8cfa665e41b1e0740ea34fbe0515b4ca559f8570ef?s=96&d=mm&r=g\",\"contentUrl\":\"https:\\\/\\\/secure.gravatar.com\\\/avatar\\\/a9e4f443b594af225625ee8cfa665e41b1e0740ea34fbe0515b4ca559f8570ef?s=96&d=mm&r=g\",\"caption\":\"Jordi Danes\"},\"url\":\"https:\\\/\\\/barcelona.euses.cat\\\/ca\\\/author\\\/jordi-danes\\\/\"}]}<\/script>\n<!-- \/ Yoast SEO plugin. -->","yoast_head_json":{"title":"EUSES prepara l'inici del nou curs amb totes les mesures de seguretat | EUSES- Campus de Bellvitge (Barcelona)","robots":{"index":"index","follow":"follow","max-snippet":"max-snippet:-1","max-image-preview":"max-image-preview:large","max-video-preview":"max-video-preview:-1"},"canonical":"https:\/\/barcelona.euses.cat\/ca\/euses-prepara-linici-del-nou-curs-amb-totes-les-mesures-de-seguretat\/","og_locale":"ca_ES","og_type":"article","og_title":"EUSES prepara l'inici del nou curs amb totes les mesures de seguretat | EUSES- Campus de Bellvitge (Barcelona)","og_description":"De cara a l\u2019inici del curs 2020-2021, EUSES seguir\u00e0 les directrius que es marquin des de la Generalitat i la Conselleria d\u2019Ensenyament i de Salut, aix\u00ed com les ordres ministerials al respecte de les precaucions necess\u00e0ries sobre contagis, mesures sanit\u00e0ries de precauci\u00f3 i prevenci\u00f3. En base a l\u2019experi\u00e8ncia adquirida durant el confinament de mar\u00e7 de [&hellip;]","og_url":"https:\/\/barcelona.euses.cat\/ca\/euses-prepara-linici-del-nou-curs-amb-totes-les-mesures-de-seguretat\/","og_site_name":"EUSES- Campus de Bellvitge (Barcelona)","article_publisher":"https:\/\/www.facebook.com\/PhysioBCN\/","article_published_time":"2020-07-20T10:00:06+00:00","article_modified_time":"2022-09-16T19:53:40+00:00","og_image":[{"width":728,"height":479,"url":"https:\/\/barcelona.euses.cat\/wp-content\/uploads\/2015\/06\/20150114-brullet-ballbe-bellvitge-corian.jpg","type":"image\/jpeg"}],"author":"Jordi Danes","twitter_card":"summary_large_image","twitter_misc":{"Escrit per":"Jordi Danes","Temps estimat de lectura":"4 minuts"},"schema":{"@context":"https:\/\/schema.org","@graph":[{"@type":"Article","@id":"https:\/\/barcelona.euses.cat\/ca\/euses-prepara-linici-del-nou-curs-amb-totes-les-mesures-de-seguretat\/#article","isPartOf":{"@id":"https:\/\/barcelona.euses.cat\/ca\/euses-prepara-linici-del-nou-curs-amb-totes-les-mesures-de-seguretat\/"},"author":{"name":"Jordi Danes","@id":"https:\/\/barcelona.euses.cat\/ca\/#\/schema\/person\/8ab46080dfc4814fa59383db317735bd"},"headline":"EUSES prepara l&#8217;inici del nou curs amb totes les mesures de seguretat","datePublished":"2020-07-20T10:00:06+00:00","dateModified":"2022-09-16T19:53:40+00:00","mainEntityOfPage":{"@id":"https:\/\/barcelona.euses.cat\/ca\/euses-prepara-linici-del-nou-curs-amb-totes-les-mesures-de-seguretat\/"},"wordCount":850,"commentCount":0,"image":{"@id":"https:\/\/barcelona.euses.cat\/ca\/euses-prepara-linici-del-nou-curs-amb-totes-les-mesures-de-seguretat\/#primaryimage"},"thumbnailUrl":"https:\/\/barcelona.euses.cat\/wp-content\/uploads\/2015\/06\/20150114-brullet-ballbe-bellvitge-corian.jpg","articleSection":["sense categoria"],"inLanguage":"ca"},{"@type":"WebPage","@id":"https:\/\/barcelona.euses.cat\/ca\/euses-prepara-linici-del-nou-curs-amb-totes-les-mesures-de-seguretat\/","url":"https:\/\/barcelona.euses.cat\/ca\/euses-prepara-linici-del-nou-curs-amb-totes-les-mesures-de-seguretat\/","name":"EUSES prepara l'inici del nou curs amb totes les mesures de seguretat | EUSES- Campus de Bellvitge (Barcelona)","isPartOf":{"@id":"https:\/\/barcelona.euses.cat\/ca\/#website"},"primaryImageOfPage":{"@id":"https:\/\/barcelona.euses.cat\/ca\/euses-prepara-linici-del-nou-curs-amb-totes-les-mesures-de-seguretat\/#primaryimage"},"image":{"@id":"https:\/\/barcelona.euses.cat\/ca\/euses-prepara-linici-del-nou-curs-amb-totes-les-mesures-de-seguretat\/#primaryimage"},"thumbnailUrl":"https:\/\/barcelona.euses.cat\/wp-content\/uploads\/2015\/06\/20150114-brullet-ballbe-bellvitge-corian.jpg","datePublished":"2020-07-20T10:00:06+00:00","dateModified":"2022-09-16T19:53:40+00:00","author":{"@id":"https:\/\/barcelona.euses.cat\/ca\/#\/schema\/person\/8ab46080dfc4814fa59383db317735bd"},"breadcrumb":{"@id":"https:\/\/barcelona.euses.cat\/ca\/euses-prepara-linici-del-nou-curs-amb-totes-les-mesures-de-seguretat\/#breadcrumb"},"inLanguage":"ca","potentialAction":[{"@type":"ReadAction","target":["https:\/\/barcelona.euses.cat\/ca\/euses-prepara-linici-del-nou-curs-amb-totes-les-mesures-de-seguretat\/"]}]},{"@type":"ImageObject","inLanguage":"ca","@id":"https:\/\/barcelona.euses.cat\/ca\/euses-prepara-linici-del-nou-curs-amb-totes-les-mesures-de-seguretat\/#primaryimage","url":"https:\/\/barcelona.euses.cat\/wp-content\/uploads\/2015\/06\/20150114-brullet-ballbe-bellvitge-corian.jpg","contentUrl":"https:\/\/barcelona.euses.cat\/wp-content\/uploads\/2015\/06\/20150114-brullet-ballbe-bellvitge-corian.jpg","width":728,"height":479},{"@type":"BreadcrumbList","@id":"https:\/\/barcelona.euses.cat\/ca\/euses-prepara-linici-del-nou-curs-amb-totes-les-mesures-de-seguretat\/#breadcrumb","itemListElement":[{"@type":"ListItem","position":1,"name":"Portada","item":"https:\/\/barcelona.euses.cat\/ca\/"},{"@type":"ListItem","position":2,"name":"EUSES prepara l&#8217;inici del nou curs amb totes les mesures de seguretat"}]},{"@type":"WebSite","@id":"https:\/\/barcelona.euses.cat\/ca\/#website","url":"https:\/\/barcelona.euses.cat\/ca\/","name":"EUSES - Campus de Bellvitge (Barcelona)","description":"EUSES, Escola Universit\u00e0ria de Fisioter\u00e0pia Internacional a Barcelona","potentialAction":[{"@type":"SearchAction","target":{"@type":"EntryPoint","urlTemplate":"https:\/\/barcelona.euses.cat\/ca\/?s={search_term_string}"},"query-input":{"@type":"PropertyValueSpecification","valueRequired":true,"valueName":"search_term_string"}}],"inLanguage":"ca"},{"@type":"Person","@id":"https:\/\/barcelona.euses.cat\/ca\/#\/schema\/person\/8ab46080dfc4814fa59383db317735bd","name":"Jordi Danes","image":{"@type":"ImageObject","inLanguage":"ca","@id":"https:\/\/secure.gravatar.com\/avatar\/a9e4f443b594af225625ee8cfa665e41b1e0740ea34fbe0515b4ca559f8570ef?s=96&d=mm&r=g","url":"https:\/\/secure.gravatar.com\/avatar\/a9e4f443b594af225625ee8cfa665e41b1e0740ea34fbe0515b4ca559f8570ef?s=96&d=mm&r=g","contentUrl":"https:\/\/secure.gravatar.com\/avatar\/a9e4f443b594af225625ee8cfa665e41b1e0740ea34fbe0515b4ca559f8570ef?s=96&d=mm&r=g","caption":"Jordi Danes"},"url":"https:\/\/barcelona.euses.cat\/ca\/author\/jordi-danes\/"}]}},"_links":{"self":[{"href":"https:\/\/barcelona.euses.cat\/ca\/wp-json\/wp\/v2\/posts\/8143","targetHints":{"allow":["GET"]}}],"collection":[{"href":"https:\/\/barcelona.euses.cat\/ca\/wp-json\/wp\/v2\/posts"}],"about":[{"href":"https:\/\/barcelona.euses.cat\/ca\/wp-json\/wp\/v2\/types\/post"}],"author":[{"embeddable":true,"href":"https:\/\/barcelona.euses.cat\/ca\/wp-json\/wp\/v2\/users\/3"}],"replies":[{"embeddable":true,"href":"https:\/\/barcelona.euses.cat\/ca\/wp-json\/wp\/v2\/comments?post=8143"}],"version-history":[{"count":14,"href":"https:\/\/barcelona.euses.cat\/ca\/wp-json\/wp\/v2\/posts\/8143\/revisions"}],"predecessor-version":[{"id":10861,"href":"https:\/\/barcelona.euses.cat\/ca\/wp-json\/wp\/v2\/posts\/8143\/revisions\/10861"}],"wp:featuredmedia":[{"embeddable":true,"href":"https:\/\/barcelona.euses.cat\/ca\/wp-json\/wp\/v2\/media\/7081"}],"wp:attachment":[{"href":"https:\/\/barcelona.euses.cat\/ca\/wp-json\/wp\/v2\/media?parent=8143"}],"wp:term":[{"taxonomy":"category","embeddable":true,"href":"https:\/\/barcelona.euses.cat\/ca\/wp-json\/wp\/v2\/categories?post=8143"},{"taxonomy":"post_tag","embeddable":true,"href":"https:\/\/barcelona.euses.cat\/ca\/wp-json\/wp\/v2\/tags?post=8143"}],"curies":[{"name":"wp","href":"https:\/\/api.w.org\/{rel}","templated":true}]}}