{"id":8132,"date":"2020-03-12T19:22:29","date_gmt":"2020-03-12T18:22:29","guid":{"rendered":"https:\/\/barcelona.euses.cat\/?p=8132"},"modified":"2020-03-12T19:23:01","modified_gmt":"2020-03-12T18:23:01","slug":"cessament-de-lactivitat-presencial-lectiva-i-docent-en-els-nostres-centres-fins-a-nou-avis-a-causa-de-lalerta-sanitaria-pel-coronavirus","status":"publish","type":"post","link":"https:\/\/barcelona.euses.cat\/ca\/cessament-de-lactivitat-presencial-lectiva-i-docent-en-els-nostres-centres-fins-a-nou-avis-a-causa-de-lalerta-sanitaria-pel-coronavirus\/","title":{"rendered":"Cessament de l\u2019activitat presencial, lectiva i docent, en els nostres centres fins a nou av\u00eds a causa de l\u2019alerta sanit\u00e0ria pel coronavirus"},"content":{"rendered":"<p>D\u2019acord amb les mesures decretades pel <a href=\"http:\/\/web.gencat.cat\/ca\/coronavirus\/\" target=\"_blank\" rel=\"noopener noreferrer\">Govern de la Generalitat de Catalunya en\u00a0relaci\u00f3 amb el coronavirus<\/a>, i d&#8217;acord amb el Pla de resposta de la incid\u00e8ncia del COVID-19 a la comunitat universit\u00e0ria per reduir-ne l&#8217;impacte, comuniquem que els nostres centres de Salt, Bellvitge i Terres de l\u2019Ebre cessaran l\u2019activitat presencial docent i lectiva a partir del divendres 13 de mar\u00e7. Aquest cessament de les classes presencials es preveu que duri 14 dies com a m\u00ednim.<\/p>\n<p>La suspensi\u00f3 de les activitats inclou el tancament dels serveis i les instal\u00b7lacions com: aules i laboratoris on es realitzin activitats docents, incloses les sortides programades; biblioteques,\u00a0sales d&#8217;estudi i cafeteria.<\/p>\n<p>En els propers dies anirem actualitzant aquesta informaci\u00f3, en funci\u00f3 de les novetats que es produeixin en relaci\u00f3 a l\u2019alerta sanit\u00e0ria pel coronavirus.<\/p>\n<p>&nbsp;<\/p>\n","protected":false},"excerpt":{"rendered":"<p>D\u2019acord amb les mesures decretades pel Govern de la Generalitat de Catalunya en\u00a0relaci\u00f3 amb el coronavirus, i d&#8217;acord amb el Pla de resposta de la incid\u00e8ncia del COVID-19 a la comunitat universit\u00e0ria per reduir-ne l&#8217;impacte, comuniquem que els nostres centres de Salt, Bellvitge i Terres de l\u2019Ebre cessaran l\u2019activitat presencial docent i lectiva a partir [&hellip;]<\/p>\n","protected":false},"author":3,"featured_media":7081,"comment_status":"open","ping_status":"closed","sticky":false,"template":"","format":"standard","meta":{"_acf_changed":false,"inline_featured_image":false,"_joinchat":[],"footnotes":""},"categories":[46],"tags":[],"class_list":["post-8132","post","type-post","status-publish","format-standard","has-post-thumbnail","hentry","category-sense-categoria"],"acf":[],"yoast_head":"<!-- This site is optimized with the Yoast SEO plugin v27.4 - https:\/\/yoast.com\/product\/yoast-seo-wordpress\/ -->\n<title>Cessament de l\u2019activitat presencial, lectiva i docent, en els nostres centres fins a nou av\u00eds a causa de l\u2019alerta sanit\u00e0ria pel coronavirus | EUSES- Campus de Bellvitge (Barcelona)<\/title>\n<meta name=\"robots\" content=\"index, follow, max-snippet:-1, max-image-preview:large, max-video-preview:-1\" \/>\n<link rel=\"canonical\" href=\"https:\/\/barcelona.euses.cat\/ca\/cessament-de-lactivitat-presencial-lectiva-i-docent-en-els-nostres-centres-fins-a-nou-avis-a-causa-de-lalerta-sanitaria-pel-coronavirus\/\" \/>\n<meta property=\"og:locale\" content=\"ca_ES\" \/>\n<meta property=\"og:type\" content=\"article\" \/>\n<meta property=\"og:title\" content=\"Cessament de l\u2019activitat presencial, lectiva i docent, en els nostres centres fins a nou av\u00eds a causa de l\u2019alerta sanit\u00e0ria pel coronavirus | EUSES- Campus de Bellvitge (Barcelona)\" \/>\n<meta property=\"og:description\" content=\"D\u2019acord amb les mesures decretades pel Govern de la Generalitat de Catalunya en\u00a0relaci\u00f3 amb el coronavirus, i d&#8217;acord amb el Pla de resposta de la incid\u00e8ncia del COVID-19 a la comunitat universit\u00e0ria per reduir-ne l&#8217;impacte, comuniquem que els nostres centres de Salt, Bellvitge i Terres de l\u2019Ebre cessaran l\u2019activitat presencial docent i lectiva a partir [&hellip;]\" \/>\n<meta property=\"og:url\" content=\"https:\/\/barcelona.euses.cat\/ca\/cessament-de-lactivitat-presencial-lectiva-i-docent-en-els-nostres-centres-fins-a-nou-avis-a-causa-de-lalerta-sanitaria-pel-coronavirus\/\" \/>\n<meta property=\"og:site_name\" content=\"EUSES- Campus de Bellvitge (Barcelona)\" \/>\n<meta property=\"article:publisher\" content=\"https:\/\/www.facebook.com\/PhysioBCN\/\" \/>\n<meta property=\"article:published_time\" content=\"2020-03-12T18:22:29+00:00\" \/>\n<meta property=\"article:modified_time\" content=\"2020-03-12T18:23:01+00:00\" \/>\n<meta property=\"og:image\" content=\"https:\/\/barcelona.euses.cat\/wp-content\/uploads\/2015\/06\/20150114-brullet-ballbe-bellvitge-corian.jpg\" \/>\n\t<meta property=\"og:image:width\" content=\"728\" \/>\n\t<meta property=\"og:image:height\" content=\"479\" \/>\n\t<meta property=\"og:image:type\" content=\"image\/jpeg\" \/>\n<meta name=\"author\" content=\"Jordi Danes\" \/>\n<meta name=\"twitter:card\" content=\"summary_large_image\" \/>\n<meta name=\"twitter:label1\" content=\"Escrit per\" \/>\n\t<meta name=\"twitter:data1\" content=\"Jordi Danes\" \/>\n\t<meta name=\"twitter:label2\" content=\"Temps estimat de lectura\" \/>\n\t<meta name=\"twitter:data2\" content=\"1 minut\" \/>\n<script type=\"application\/ld+json\" class=\"yoast-schema-graph\">{\"@context\":\"https:\\\/\\\/schema.org\",\"@graph\":[{\"@type\":\"Article\",\"@id\":\"https:\\\/\\\/barcelona.euses.cat\\\/ca\\\/cessament-de-lactivitat-presencial-lectiva-i-docent-en-els-nostres-centres-fins-a-nou-avis-a-causa-de-lalerta-sanitaria-pel-coronavirus\\\/#article\",\"isPartOf\":{\"@id\":\"https:\\\/\\\/barcelona.euses.cat\\\/ca\\\/cessament-de-lactivitat-presencial-lectiva-i-docent-en-els-nostres-centres-fins-a-nou-avis-a-causa-de-lalerta-sanitaria-pel-coronavirus\\\/\"},\"author\":{\"name\":\"Jordi Danes\",\"@id\":\"https:\\\/\\\/barcelona.euses.cat\\\/ca\\\/#\\\/schema\\\/person\\\/8ab46080dfc4814fa59383db317735bd\"},\"headline\":\"Cessament de l\u2019activitat presencial, lectiva i docent, en els nostres centres fins a nou av\u00eds a causa de l\u2019alerta sanit\u00e0ria pel coronavirus\",\"datePublished\":\"2020-03-12T18:22:29+00:00\",\"dateModified\":\"2020-03-12T18:23:01+00:00\",\"mainEntityOfPage\":{\"@id\":\"https:\\\/\\\/barcelona.euses.cat\\\/ca\\\/cessament-de-lactivitat-presencial-lectiva-i-docent-en-els-nostres-centres-fins-a-nou-avis-a-causa-de-lalerta-sanitaria-pel-coronavirus\\\/\"},\"wordCount\":167,\"commentCount\":0,\"image\":{\"@id\":\"https:\\\/\\\/barcelona.euses.cat\\\/ca\\\/cessament-de-lactivitat-presencial-lectiva-i-docent-en-els-nostres-centres-fins-a-nou-avis-a-causa-de-lalerta-sanitaria-pel-coronavirus\\\/#primaryimage\"},\"thumbnailUrl\":\"https:\\\/\\\/barcelona.euses.cat\\\/wp-content\\\/uploads\\\/2015\\\/06\\\/20150114-brullet-ballbe-bellvitge-corian.jpg\",\"articleSection\":[\"sense categoria\"],\"inLanguage\":\"ca\"},{\"@type\":\"WebPage\",\"@id\":\"https:\\\/\\\/barcelona.euses.cat\\\/ca\\\/cessament-de-lactivitat-presencial-lectiva-i-docent-en-els-nostres-centres-fins-a-nou-avis-a-causa-de-lalerta-sanitaria-pel-coronavirus\\\/\",\"url\":\"https:\\\/\\\/barcelona.euses.cat\\\/ca\\\/cessament-de-lactivitat-presencial-lectiva-i-docent-en-els-nostres-centres-fins-a-nou-avis-a-causa-de-lalerta-sanitaria-pel-coronavirus\\\/\",\"name\":\"Cessament de l\u2019activitat presencial, lectiva i docent, en els nostres centres fins a nou av\u00eds a causa de l\u2019alerta sanit\u00e0ria pel coronavirus | EUSES- Campus de Bellvitge (Barcelona)\",\"isPartOf\":{\"@id\":\"https:\\\/\\\/barcelona.euses.cat\\\/ca\\\/#website\"},\"primaryImageOfPage\":{\"@id\":\"https:\\\/\\\/barcelona.euses.cat\\\/ca\\\/cessament-de-lactivitat-presencial-lectiva-i-docent-en-els-nostres-centres-fins-a-nou-avis-a-causa-de-lalerta-sanitaria-pel-coronavirus\\\/#primaryimage\"},\"image\":{\"@id\":\"https:\\\/\\\/barcelona.euses.cat\\\/ca\\\/cessament-de-lactivitat-presencial-lectiva-i-docent-en-els-nostres-centres-fins-a-nou-avis-a-causa-de-lalerta-sanitaria-pel-coronavirus\\\/#primaryimage\"},\"thumbnailUrl\":\"https:\\\/\\\/barcelona.euses.cat\\\/wp-content\\\/uploads\\\/2015\\\/06\\\/20150114-brullet-ballbe-bellvitge-corian.jpg\",\"datePublished\":\"2020-03-12T18:22:29+00:00\",\"dateModified\":\"2020-03-12T18:23:01+00:00\",\"author\":{\"@id\":\"https:\\\/\\\/barcelona.euses.cat\\\/ca\\\/#\\\/schema\\\/person\\\/8ab46080dfc4814fa59383db317735bd\"},\"breadcrumb\":{\"@id\":\"https:\\\/\\\/barcelona.euses.cat\\\/ca\\\/cessament-de-lactivitat-presencial-lectiva-i-docent-en-els-nostres-centres-fins-a-nou-avis-a-causa-de-lalerta-sanitaria-pel-coronavirus\\\/#breadcrumb\"},\"inLanguage\":\"ca\",\"potentialAction\":[{\"@type\":\"ReadAction\",\"target\":[\"https:\\\/\\\/barcelona.euses.cat\\\/ca\\\/cessament-de-lactivitat-presencial-lectiva-i-docent-en-els-nostres-centres-fins-a-nou-avis-a-causa-de-lalerta-sanitaria-pel-coronavirus\\\/\"]}]},{\"@type\":\"ImageObject\",\"inLanguage\":\"ca\",\"@id\":\"https:\\\/\\\/barcelona.euses.cat\\\/ca\\\/cessament-de-lactivitat-presencial-lectiva-i-docent-en-els-nostres-centres-fins-a-nou-avis-a-causa-de-lalerta-sanitaria-pel-coronavirus\\\/#primaryimage\",\"url\":\"https:\\\/\\\/barcelona.euses.cat\\\/wp-content\\\/uploads\\\/2015\\\/06\\\/20150114-brullet-ballbe-bellvitge-corian.jpg\",\"contentUrl\":\"https:\\\/\\\/barcelona.euses.cat\\\/wp-content\\\/uploads\\\/2015\\\/06\\\/20150114-brullet-ballbe-bellvitge-corian.jpg\",\"width\":728,\"height\":479},{\"@type\":\"BreadcrumbList\",\"@id\":\"https:\\\/\\\/barcelona.euses.cat\\\/ca\\\/cessament-de-lactivitat-presencial-lectiva-i-docent-en-els-nostres-centres-fins-a-nou-avis-a-causa-de-lalerta-sanitaria-pel-coronavirus\\\/#breadcrumb\",\"itemListElement\":[{\"@type\":\"ListItem\",\"position\":1,\"name\":\"Portada\",\"item\":\"https:\\\/\\\/barcelona.euses.cat\\\/ca\\\/\"},{\"@type\":\"ListItem\",\"position\":2,\"name\":\"Cessament de l\u2019activitat presencial, lectiva i docent, en els nostres centres fins a nou av\u00eds a causa de l\u2019alerta sanit\u00e0ria pel coronavirus\"}]},{\"@type\":\"WebSite\",\"@id\":\"https:\\\/\\\/barcelona.euses.cat\\\/ca\\\/#website\",\"url\":\"https:\\\/\\\/barcelona.euses.cat\\\/ca\\\/\",\"name\":\"EUSES - Campus de Bellvitge (Barcelona)\",\"description\":\"EUSES, Escola Universit\u00e0ria de Fisioter\u00e0pia Internacional a Barcelona\",\"potentialAction\":[{\"@type\":\"SearchAction\",\"target\":{\"@type\":\"EntryPoint\",\"urlTemplate\":\"https:\\\/\\\/barcelona.euses.cat\\\/ca\\\/?s={search_term_string}\"},\"query-input\":{\"@type\":\"PropertyValueSpecification\",\"valueRequired\":true,\"valueName\":\"search_term_string\"}}],\"inLanguage\":\"ca\"},{\"@type\":\"Person\",\"@id\":\"https:\\\/\\\/barcelona.euses.cat\\\/ca\\\/#\\\/schema\\\/person\\\/8ab46080dfc4814fa59383db317735bd\",\"name\":\"Jordi Danes\",\"image\":{\"@type\":\"ImageObject\",\"inLanguage\":\"ca\",\"@id\":\"https:\\\/\\\/secure.gravatar.com\\\/avatar\\\/a9e4f443b594af225625ee8cfa665e41b1e0740ea34fbe0515b4ca559f8570ef?s=96&d=mm&r=g\",\"url\":\"https:\\\/\\\/secure.gravatar.com\\\/avatar\\\/a9e4f443b594af225625ee8cfa665e41b1e0740ea34fbe0515b4ca559f8570ef?s=96&d=mm&r=g\",\"contentUrl\":\"https:\\\/\\\/secure.gravatar.com\\\/avatar\\\/a9e4f443b594af225625ee8cfa665e41b1e0740ea34fbe0515b4ca559f8570ef?s=96&d=mm&r=g\",\"caption\":\"Jordi Danes\"},\"url\":\"https:\\\/\\\/barcelona.euses.cat\\\/ca\\\/author\\\/jordi-danes\\\/\"}]}<\/script>\n<!-- \/ Yoast SEO plugin. -->","yoast_head_json":{"title":"Cessament de l\u2019activitat presencial, lectiva i docent, en els nostres centres fins a nou av\u00eds a causa de l\u2019alerta sanit\u00e0ria pel coronavirus | EUSES- Campus de Bellvitge (Barcelona)","robots":{"index":"index","follow":"follow","max-snippet":"max-snippet:-1","max-image-preview":"max-image-preview:large","max-video-preview":"max-video-preview:-1"},"canonical":"https:\/\/barcelona.euses.cat\/ca\/cessament-de-lactivitat-presencial-lectiva-i-docent-en-els-nostres-centres-fins-a-nou-avis-a-causa-de-lalerta-sanitaria-pel-coronavirus\/","og_locale":"ca_ES","og_type":"article","og_title":"Cessament de l\u2019activitat presencial, lectiva i docent, en els nostres centres fins a nou av\u00eds a causa de l\u2019alerta sanit\u00e0ria pel coronavirus | EUSES- Campus de Bellvitge (Barcelona)","og_description":"D\u2019acord amb les mesures decretades pel Govern de la Generalitat de Catalunya en\u00a0relaci\u00f3 amb el coronavirus, i d&#8217;acord amb el Pla de resposta de la incid\u00e8ncia del COVID-19 a la comunitat universit\u00e0ria per reduir-ne l&#8217;impacte, comuniquem que els nostres centres de Salt, Bellvitge i Terres de l\u2019Ebre cessaran l\u2019activitat presencial docent i lectiva a partir [&hellip;]","og_url":"https:\/\/barcelona.euses.cat\/ca\/cessament-de-lactivitat-presencial-lectiva-i-docent-en-els-nostres-centres-fins-a-nou-avis-a-causa-de-lalerta-sanitaria-pel-coronavirus\/","og_site_name":"EUSES- Campus de Bellvitge (Barcelona)","article_publisher":"https:\/\/www.facebook.com\/PhysioBCN\/","article_published_time":"2020-03-12T18:22:29+00:00","article_modified_time":"2020-03-12T18:23:01+00:00","og_image":[{"width":728,"height":479,"url":"https:\/\/barcelona.euses.cat\/wp-content\/uploads\/2015\/06\/20150114-brullet-ballbe-bellvitge-corian.jpg","type":"image\/jpeg"}],"author":"Jordi Danes","twitter_card":"summary_large_image","twitter_misc":{"Escrit per":"Jordi Danes","Temps estimat de lectura":"1 minut"},"schema":{"@context":"https:\/\/schema.org","@graph":[{"@type":"Article","@id":"https:\/\/barcelona.euses.cat\/ca\/cessament-de-lactivitat-presencial-lectiva-i-docent-en-els-nostres-centres-fins-a-nou-avis-a-causa-de-lalerta-sanitaria-pel-coronavirus\/#article","isPartOf":{"@id":"https:\/\/barcelona.euses.cat\/ca\/cessament-de-lactivitat-presencial-lectiva-i-docent-en-els-nostres-centres-fins-a-nou-avis-a-causa-de-lalerta-sanitaria-pel-coronavirus\/"},"author":{"name":"Jordi Danes","@id":"https:\/\/barcelona.euses.cat\/ca\/#\/schema\/person\/8ab46080dfc4814fa59383db317735bd"},"headline":"Cessament de l\u2019activitat presencial, lectiva i docent, en els nostres centres fins a nou av\u00eds a causa de l\u2019alerta sanit\u00e0ria pel coronavirus","datePublished":"2020-03-12T18:22:29+00:00","dateModified":"2020-03-12T18:23:01+00:00","mainEntityOfPage":{"@id":"https:\/\/barcelona.euses.cat\/ca\/cessament-de-lactivitat-presencial-lectiva-i-docent-en-els-nostres-centres-fins-a-nou-avis-a-causa-de-lalerta-sanitaria-pel-coronavirus\/"},"wordCount":167,"commentCount":0,"image":{"@id":"https:\/\/barcelona.euses.cat\/ca\/cessament-de-lactivitat-presencial-lectiva-i-docent-en-els-nostres-centres-fins-a-nou-avis-a-causa-de-lalerta-sanitaria-pel-coronavirus\/#primaryimage"},"thumbnailUrl":"https:\/\/barcelona.euses.cat\/wp-content\/uploads\/2015\/06\/20150114-brullet-ballbe-bellvitge-corian.jpg","articleSection":["sense categoria"],"inLanguage":"ca"},{"@type":"WebPage","@id":"https:\/\/barcelona.euses.cat\/ca\/cessament-de-lactivitat-presencial-lectiva-i-docent-en-els-nostres-centres-fins-a-nou-avis-a-causa-de-lalerta-sanitaria-pel-coronavirus\/","url":"https:\/\/barcelona.euses.cat\/ca\/cessament-de-lactivitat-presencial-lectiva-i-docent-en-els-nostres-centres-fins-a-nou-avis-a-causa-de-lalerta-sanitaria-pel-coronavirus\/","name":"Cessament de l\u2019activitat presencial, lectiva i docent, en els nostres centres fins a nou av\u00eds a causa de l\u2019alerta sanit\u00e0ria pel coronavirus | EUSES- Campus de Bellvitge (Barcelona)","isPartOf":{"@id":"https:\/\/barcelona.euses.cat\/ca\/#website"},"primaryImageOfPage":{"@id":"https:\/\/barcelona.euses.cat\/ca\/cessament-de-lactivitat-presencial-lectiva-i-docent-en-els-nostres-centres-fins-a-nou-avis-a-causa-de-lalerta-sanitaria-pel-coronavirus\/#primaryimage"},"image":{"@id":"https:\/\/barcelona.euses.cat\/ca\/cessament-de-lactivitat-presencial-lectiva-i-docent-en-els-nostres-centres-fins-a-nou-avis-a-causa-de-lalerta-sanitaria-pel-coronavirus\/#primaryimage"},"thumbnailUrl":"https:\/\/barcelona.euses.cat\/wp-content\/uploads\/2015\/06\/20150114-brullet-ballbe-bellvitge-corian.jpg","datePublished":"2020-03-12T18:22:29+00:00","dateModified":"2020-03-12T18:23:01+00:00","author":{"@id":"https:\/\/barcelona.euses.cat\/ca\/#\/schema\/person\/8ab46080dfc4814fa59383db317735bd"},"breadcrumb":{"@id":"https:\/\/barcelona.euses.cat\/ca\/cessament-de-lactivitat-presencial-lectiva-i-docent-en-els-nostres-centres-fins-a-nou-avis-a-causa-de-lalerta-sanitaria-pel-coronavirus\/#breadcrumb"},"inLanguage":"ca","potentialAction":[{"@type":"ReadAction","target":["https:\/\/barcelona.euses.cat\/ca\/cessament-de-lactivitat-presencial-lectiva-i-docent-en-els-nostres-centres-fins-a-nou-avis-a-causa-de-lalerta-sanitaria-pel-coronavirus\/"]}]},{"@type":"ImageObject","inLanguage":"ca","@id":"https:\/\/barcelona.euses.cat\/ca\/cessament-de-lactivitat-presencial-lectiva-i-docent-en-els-nostres-centres-fins-a-nou-avis-a-causa-de-lalerta-sanitaria-pel-coronavirus\/#primaryimage","url":"https:\/\/barcelona.euses.cat\/wp-content\/uploads\/2015\/06\/20150114-brullet-ballbe-bellvitge-corian.jpg","contentUrl":"https:\/\/barcelona.euses.cat\/wp-content\/uploads\/2015\/06\/20150114-brullet-ballbe-bellvitge-corian.jpg","width":728,"height":479},{"@type":"BreadcrumbList","@id":"https:\/\/barcelona.euses.cat\/ca\/cessament-de-lactivitat-presencial-lectiva-i-docent-en-els-nostres-centres-fins-a-nou-avis-a-causa-de-lalerta-sanitaria-pel-coronavirus\/#breadcrumb","itemListElement":[{"@type":"ListItem","position":1,"name":"Portada","item":"https:\/\/barcelona.euses.cat\/ca\/"},{"@type":"ListItem","position":2,"name":"Cessament de l\u2019activitat presencial, lectiva i docent, en els nostres centres fins a nou av\u00eds a causa de l\u2019alerta sanit\u00e0ria pel coronavirus"}]},{"@type":"WebSite","@id":"https:\/\/barcelona.euses.cat\/ca\/#website","url":"https:\/\/barcelona.euses.cat\/ca\/","name":"EUSES - Campus de Bellvitge (Barcelona)","description":"EUSES, Escola Universit\u00e0ria de Fisioter\u00e0pia Internacional a Barcelona","potentialAction":[{"@type":"SearchAction","target":{"@type":"EntryPoint","urlTemplate":"https:\/\/barcelona.euses.cat\/ca\/?s={search_term_string}"},"query-input":{"@type":"PropertyValueSpecification","valueRequired":true,"valueName":"search_term_string"}}],"inLanguage":"ca"},{"@type":"Person","@id":"https:\/\/barcelona.euses.cat\/ca\/#\/schema\/person\/8ab46080dfc4814fa59383db317735bd","name":"Jordi Danes","image":{"@type":"ImageObject","inLanguage":"ca","@id":"https:\/\/secure.gravatar.com\/avatar\/a9e4f443b594af225625ee8cfa665e41b1e0740ea34fbe0515b4ca559f8570ef?s=96&d=mm&r=g","url":"https:\/\/secure.gravatar.com\/avatar\/a9e4f443b594af225625ee8cfa665e41b1e0740ea34fbe0515b4ca559f8570ef?s=96&d=mm&r=g","contentUrl":"https:\/\/secure.gravatar.com\/avatar\/a9e4f443b594af225625ee8cfa665e41b1e0740ea34fbe0515b4ca559f8570ef?s=96&d=mm&r=g","caption":"Jordi Danes"},"url":"https:\/\/barcelona.euses.cat\/ca\/author\/jordi-danes\/"}]}},"_links":{"self":[{"href":"https:\/\/barcelona.euses.cat\/ca\/wp-json\/wp\/v2\/posts\/8132","targetHints":{"allow":["GET"]}}],"collection":[{"href":"https:\/\/barcelona.euses.cat\/ca\/wp-json\/wp\/v2\/posts"}],"about":[{"href":"https:\/\/barcelona.euses.cat\/ca\/wp-json\/wp\/v2\/types\/post"}],"author":[{"embeddable":true,"href":"https:\/\/barcelona.euses.cat\/ca\/wp-json\/wp\/v2\/users\/3"}],"replies":[{"embeddable":true,"href":"https:\/\/barcelona.euses.cat\/ca\/wp-json\/wp\/v2\/comments?post=8132"}],"version-history":[{"count":3,"href":"https:\/\/barcelona.euses.cat\/ca\/wp-json\/wp\/v2\/posts\/8132\/revisions"}],"predecessor-version":[{"id":8141,"href":"https:\/\/barcelona.euses.cat\/ca\/wp-json\/wp\/v2\/posts\/8132\/revisions\/8141"}],"wp:featuredmedia":[{"embeddable":true,"href":"https:\/\/barcelona.euses.cat\/ca\/wp-json\/wp\/v2\/media\/7081"}],"wp:attachment":[{"href":"https:\/\/barcelona.euses.cat\/ca\/wp-json\/wp\/v2\/media?parent=8132"}],"wp:term":[{"taxonomy":"category","embeddable":true,"href":"https:\/\/barcelona.euses.cat\/ca\/wp-json\/wp\/v2\/categories?post=8132"},{"taxonomy":"post_tag","embeddable":true,"href":"https:\/\/barcelona.euses.cat\/ca\/wp-json\/wp\/v2\/tags?post=8132"}],"curies":[{"name":"wp","href":"https:\/\/api.w.org\/{rel}","templated":true}]}}