{"id":7954,"date":"2020-02-20T12:33:58","date_gmt":"2020-02-20T11:33:58","guid":{"rendered":"https:\/\/barcelona.euses.cat\/?p=7954"},"modified":"2020-02-20T12:33:58","modified_gmt":"2020-02-20T11:33:58","slug":"activitat-practica-dels-estudiants-de-1r-curs-danatomia-dels-sistemes-cardiovascular-i-respiratori","status":"publish","type":"post","link":"https:\/\/barcelona.euses.cat\/ca\/activitat-practica-dels-estudiants-de-1r-curs-danatomia-dels-sistemes-cardiovascular-i-respiratori\/","title":{"rendered":"Activitat pr\u00e0ctica dels estudiants de 1r curs d\u2019Anatomia dels sistemes cardiovascular i respiratori"},"content":{"rendered":"<p lang=\"zxx\"><span style=\"color: #000000;\"><span style=\"font-family: Calibri, sans-serif;\"><span style=\"font-size: large;\"><span lang=\"es-ES\">Els estudiants de 1r curs han realitzat una classe pr\u00e0ctica en l\u2019assignatura d\u2019Anatomia que imparteix<\/span><\/span><\/span><\/span><span style=\"color: #000000;\"><span style=\"font-family: Calibri, sans-serif;\"><span style=\"font-size: large;\"><span lang=\"es-ES\"> el <\/span><\/span><\/span><\/span><span style=\"color: #000000;\"><span style=\"font-family: Calibri, sans-serif;\"><span style=\"font-size: large;\"><span lang=\"es-ES\">professor<\/span><\/span><\/span><\/span><span style=\"color: #000000;\"><span style=\"font-family: Calibri, sans-serif;\"><span style=\"font-size: large;\"><span lang=\"es-ES\">\u00a0Vinicius Rosa. L\u2019objectiu de la sessi\u00f3 ha consistit en identificar estructures <\/span><\/span><\/span><\/span><span style=\"font-family: Calibri, sans-serif;\"><span style=\"font-size: large;\">anat\u00f2miques <\/span><\/span><span style=\"font-family: Calibri, sans-serif;\"><span style=\"font-size: large;\">dels sistemes cardiovascular i respiratori <\/span><\/span><span style=\"font-family: Calibri, sans-serif;\"><span style=\"font-size: large;\">en <\/span><\/span><span style=\"font-family: Calibri, sans-serif;\"><span style=\"font-size: large;\"><span lang=\"zxx\">un<\/span><\/span><\/span><span style=\"font-family: Calibri, sans-serif;\"><span style=\"font-size: large;\"> maniqu\u00ed i, <\/span><\/span><span style=\"font-family: Calibri, sans-serif;\"><span style=\"font-size: large;\">posteriorment, traslladar-les a un cos real dibuixant els <\/span><\/span><span style=\"font-family: Calibri, sans-serif;\"><span style=\"font-size: large;\">contorns del cor i pulmons sobre la pell mitjan\u00e7ant la palpaci\u00f3 d&#8217;estructures \u00f2ssies. <\/span><\/span><span style=\"font-family: Calibri, sans-serif;\"><span style=\"font-size: large;\">D&#8217;aquesta manera, els alumnes es familiaritzen amb la seva localitzaci\u00f3 real.<\/span><\/span><\/p>\n\n\t\t<style type=\"text\/css\">\n\t\t\t#gallery-1 {\n\t\t\t\tmargin: auto;\n\t\t\t}\n\t\t\t#gallery-1 .gallery-item {\n\t\t\t\tfloat: left;\n\t\t\t\tmargin-top: 10px;\n\t\t\t\ttext-align: center;\n\t\t\t\twidth: 33%;\n\t\t\t}\n\t\t\t#gallery-1 img {\n\t\t\t\tborder: 2px solid #cfcfcf;\n\t\t\t}\n\t\t\t#gallery-1 .gallery-caption {\n\t\t\t\tmargin-left: 0;\n\t\t\t}\n\t\t\t\/* see gallery_shortcode() in wp-includes\/media.php *\/\n\t\t<\/style>\n\t\t<div id='gallery-1' class='gallery galleryid-7954 gallery-columns-3 gallery-size-medium'><dl class='gallery-item'>\n\t\t\t<dt class='gallery-icon portrait'>\n\t\t\t\t<a href='https:\/\/barcelona.euses.cat\/ca\/activitat-practica-dels-estudiants-de-1r-curs-danatomia-dels-sistemes-cardiovascular-i-respiratori\/anatomia-1\/'><img fetchpriority=\"high\" decoding=\"async\" width=\"225\" height=\"300\" src=\"https:\/\/barcelona.euses.cat\/wp-content\/uploads\/2020\/02\/anatomia-1-225x300.jpg\" class=\"attachment-medium size-medium\" alt=\"\" srcset=\"https:\/\/barcelona.euses.cat\/wp-content\/uploads\/2020\/02\/anatomia-1-225x300.jpg 225w, https:\/\/barcelona.euses.cat\/wp-content\/uploads\/2020\/02\/anatomia-1-768x1024.jpg 768w, https:\/\/barcelona.euses.cat\/wp-content\/uploads\/2020\/02\/anatomia-1-150x200.jpg 150w, https:\/\/barcelona.euses.cat\/wp-content\/uploads\/2020\/02\/anatomia-1-290x385.jpg 290w, https:\/\/barcelona.euses.cat\/wp-content\/uploads\/2020\/02\/anatomia-1-400x531.jpg 400w\" sizes=\"(max-width: 225px) 100vw, 225px\" \/><\/a>\n\t\t\t<\/dt><\/dl><dl class='gallery-item'>\n\t\t\t<dt class='gallery-icon portrait'>\n\t\t\t\t<a href='https:\/\/barcelona.euses.cat\/ca\/activitat-practica-dels-estudiants-de-1r-curs-danatomia-dels-sistemes-cardiovascular-i-respiratori\/anatomia-2\/'><img decoding=\"async\" width=\"225\" height=\"300\" src=\"https:\/\/barcelona.euses.cat\/wp-content\/uploads\/2020\/02\/anatomia-2-225x300.jpg\" class=\"attachment-medium size-medium\" alt=\"\" srcset=\"https:\/\/barcelona.euses.cat\/wp-content\/uploads\/2020\/02\/anatomia-2-225x300.jpg 225w, https:\/\/barcelona.euses.cat\/wp-content\/uploads\/2020\/02\/anatomia-2-768x1024.jpg 768w, https:\/\/barcelona.euses.cat\/wp-content\/uploads\/2020\/02\/anatomia-2-150x200.jpg 150w, https:\/\/barcelona.euses.cat\/wp-content\/uploads\/2020\/02\/anatomia-2-290x385.jpg 290w, https:\/\/barcelona.euses.cat\/wp-content\/uploads\/2020\/02\/anatomia-2-400x531.jpg 400w\" sizes=\"(max-width: 225px) 100vw, 225px\" \/><\/a>\n\t\t\t<\/dt><\/dl>\n\t\t\t<br style='clear: both' \/>\n\t\t<\/div>\n\n<p lang=\"zxx\">\n","protected":false},"excerpt":{"rendered":"<p>Els estudiants de 1r curs han realitzat una classe pr\u00e0ctica en l\u2019assignatura d\u2019Anatomia que imparteix el professor\u00a0Vinicius Rosa. L\u2019objectiu de la sessi\u00f3 ha consistit en identificar estructures anat\u00f2miques dels sistemes cardiovascular i respiratori en un maniqu\u00ed i, posteriorment, traslladar-les a un cos real dibuixant els contorns del cor i pulmons sobre la pell mitjan\u00e7ant la [&hellip;]<\/p>\n","protected":false},"author":3,"featured_media":7956,"comment_status":"open","ping_status":"closed","sticky":false,"template":"","format":"standard","meta":{"_acf_changed":false,"inline_featured_image":false,"_joinchat":[],"footnotes":""},"categories":[46],"tags":[],"class_list":["post-7954","post","type-post","status-publish","format-standard","has-post-thumbnail","hentry","category-sense-categoria"],"acf":[],"yoast_head":"<!-- This site is optimized with the Yoast SEO plugin v27.4 - https:\/\/yoast.com\/product\/yoast-seo-wordpress\/ -->\n<title>Activitat pr\u00e0ctica dels estudiants de 1r curs d\u2019Anatomia dels sistemes cardiovascular i respiratori | EUSES- Campus de Bellvitge (Barcelona)<\/title>\n<meta name=\"robots\" content=\"index, follow, max-snippet:-1, max-image-preview:large, max-video-preview:-1\" \/>\n<link rel=\"canonical\" href=\"https:\/\/barcelona.euses.cat\/ca\/activitat-practica-dels-estudiants-de-1r-curs-danatomia-dels-sistemes-cardiovascular-i-respiratori\/\" \/>\n<meta property=\"og:locale\" content=\"ca_ES\" \/>\n<meta property=\"og:type\" content=\"article\" \/>\n<meta property=\"og:title\" content=\"Activitat pr\u00e0ctica dels estudiants de 1r curs d\u2019Anatomia dels sistemes cardiovascular i respiratori | EUSES- Campus de Bellvitge (Barcelona)\" \/>\n<meta property=\"og:description\" content=\"Els estudiants de 1r curs han realitzat una classe pr\u00e0ctica en l\u2019assignatura d\u2019Anatomia que imparteix el professor\u00a0Vinicius Rosa. L\u2019objectiu de la sessi\u00f3 ha consistit en identificar estructures anat\u00f2miques dels sistemes cardiovascular i respiratori en un maniqu\u00ed i, posteriorment, traslladar-les a un cos real dibuixant els contorns del cor i pulmons sobre la pell mitjan\u00e7ant la [&hellip;]\" \/>\n<meta property=\"og:url\" content=\"https:\/\/barcelona.euses.cat\/ca\/activitat-practica-dels-estudiants-de-1r-curs-danatomia-dels-sistemes-cardiovascular-i-respiratori\/\" \/>\n<meta property=\"og:site_name\" content=\"EUSES- Campus de Bellvitge (Barcelona)\" \/>\n<meta property=\"article:publisher\" content=\"https:\/\/www.facebook.com\/PhysioBCN\/\" \/>\n<meta property=\"article:published_time\" content=\"2020-02-20T11:33:58+00:00\" \/>\n<meta property=\"og:image\" content=\"https:\/\/barcelona.euses.cat\/wp-content\/uploads\/2020\/02\/anatomia-3-1024x768.jpg\" \/>\n\t<meta property=\"og:image:width\" content=\"1024\" \/>\n\t<meta property=\"og:image:height\" content=\"768\" \/>\n\t<meta property=\"og:image:type\" content=\"image\/jpeg\" \/>\n<meta name=\"author\" content=\"Jordi Danes\" \/>\n<meta name=\"twitter:card\" content=\"summary_large_image\" \/>\n<meta name=\"twitter:label1\" content=\"Escrit per\" \/>\n\t<meta name=\"twitter:data1\" content=\"Jordi Danes\" \/>\n<script type=\"application\/ld+json\" class=\"yoast-schema-graph\">{\"@context\":\"https:\\\/\\\/schema.org\",\"@graph\":[{\"@type\":\"Article\",\"@id\":\"https:\\\/\\\/barcelona.euses.cat\\\/ca\\\/activitat-practica-dels-estudiants-de-1r-curs-danatomia-dels-sistemes-cardiovascular-i-respiratori\\\/#article\",\"isPartOf\":{\"@id\":\"https:\\\/\\\/barcelona.euses.cat\\\/ca\\\/activitat-practica-dels-estudiants-de-1r-curs-danatomia-dels-sistemes-cardiovascular-i-respiratori\\\/\"},\"author\":{\"name\":\"Jordi Danes\",\"@id\":\"https:\\\/\\\/barcelona.euses.cat\\\/ca\\\/#\\\/schema\\\/person\\\/8ab46080dfc4814fa59383db317735bd\"},\"headline\":\"Activitat pr\u00e0ctica dels estudiants de 1r curs d\u2019Anatomia dels sistemes cardiovascular i respiratori\",\"datePublished\":\"2020-02-20T11:33:58+00:00\",\"mainEntityOfPage\":{\"@id\":\"https:\\\/\\\/barcelona.euses.cat\\\/ca\\\/activitat-practica-dels-estudiants-de-1r-curs-danatomia-dels-sistemes-cardiovascular-i-respiratori\\\/\"},\"wordCount\":97,\"commentCount\":0,\"image\":{\"@id\":\"https:\\\/\\\/barcelona.euses.cat\\\/ca\\\/activitat-practica-dels-estudiants-de-1r-curs-danatomia-dels-sistemes-cardiovascular-i-respiratori\\\/#primaryimage\"},\"thumbnailUrl\":\"https:\\\/\\\/barcelona.euses.cat\\\/wp-content\\\/uploads\\\/2020\\\/02\\\/anatomia-3.jpg\",\"articleSection\":[\"sense categoria\"],\"inLanguage\":\"ca\"},{\"@type\":\"WebPage\",\"@id\":\"https:\\\/\\\/barcelona.euses.cat\\\/ca\\\/activitat-practica-dels-estudiants-de-1r-curs-danatomia-dels-sistemes-cardiovascular-i-respiratori\\\/\",\"url\":\"https:\\\/\\\/barcelona.euses.cat\\\/ca\\\/activitat-practica-dels-estudiants-de-1r-curs-danatomia-dels-sistemes-cardiovascular-i-respiratori\\\/\",\"name\":\"Activitat pr\u00e0ctica dels estudiants de 1r curs d\u2019Anatomia dels sistemes cardiovascular i respiratori | EUSES- Campus de Bellvitge (Barcelona)\",\"isPartOf\":{\"@id\":\"https:\\\/\\\/barcelona.euses.cat\\\/ca\\\/#website\"},\"primaryImageOfPage\":{\"@id\":\"https:\\\/\\\/barcelona.euses.cat\\\/ca\\\/activitat-practica-dels-estudiants-de-1r-curs-danatomia-dels-sistemes-cardiovascular-i-respiratori\\\/#primaryimage\"},\"image\":{\"@id\":\"https:\\\/\\\/barcelona.euses.cat\\\/ca\\\/activitat-practica-dels-estudiants-de-1r-curs-danatomia-dels-sistemes-cardiovascular-i-respiratori\\\/#primaryimage\"},\"thumbnailUrl\":\"https:\\\/\\\/barcelona.euses.cat\\\/wp-content\\\/uploads\\\/2020\\\/02\\\/anatomia-3.jpg\",\"datePublished\":\"2020-02-20T11:33:58+00:00\",\"author\":{\"@id\":\"https:\\\/\\\/barcelona.euses.cat\\\/ca\\\/#\\\/schema\\\/person\\\/8ab46080dfc4814fa59383db317735bd\"},\"breadcrumb\":{\"@id\":\"https:\\\/\\\/barcelona.euses.cat\\\/ca\\\/activitat-practica-dels-estudiants-de-1r-curs-danatomia-dels-sistemes-cardiovascular-i-respiratori\\\/#breadcrumb\"},\"inLanguage\":\"ca\",\"potentialAction\":[{\"@type\":\"ReadAction\",\"target\":[\"https:\\\/\\\/barcelona.euses.cat\\\/ca\\\/activitat-practica-dels-estudiants-de-1r-curs-danatomia-dels-sistemes-cardiovascular-i-respiratori\\\/\"]}]},{\"@type\":\"ImageObject\",\"inLanguage\":\"ca\",\"@id\":\"https:\\\/\\\/barcelona.euses.cat\\\/ca\\\/activitat-practica-dels-estudiants-de-1r-curs-danatomia-dels-sistemes-cardiovascular-i-respiratori\\\/#primaryimage\",\"url\":\"https:\\\/\\\/barcelona.euses.cat\\\/wp-content\\\/uploads\\\/2020\\\/02\\\/anatomia-3.jpg\",\"contentUrl\":\"https:\\\/\\\/barcelona.euses.cat\\\/wp-content\\\/uploads\\\/2020\\\/02\\\/anatomia-3.jpg\",\"width\":4608,\"height\":3456},{\"@type\":\"BreadcrumbList\",\"@id\":\"https:\\\/\\\/barcelona.euses.cat\\\/ca\\\/activitat-practica-dels-estudiants-de-1r-curs-danatomia-dels-sistemes-cardiovascular-i-respiratori\\\/#breadcrumb\",\"itemListElement\":[{\"@type\":\"ListItem\",\"position\":1,\"name\":\"Portada\",\"item\":\"https:\\\/\\\/barcelona.euses.cat\\\/ca\\\/\"},{\"@type\":\"ListItem\",\"position\":2,\"name\":\"Activitat pr\u00e0ctica dels estudiants de 1r curs d\u2019Anatomia dels sistemes cardiovascular i respiratori\"}]},{\"@type\":\"WebSite\",\"@id\":\"https:\\\/\\\/barcelona.euses.cat\\\/ca\\\/#website\",\"url\":\"https:\\\/\\\/barcelona.euses.cat\\\/ca\\\/\",\"name\":\"EUSES - Campus de Bellvitge (Barcelona)\",\"description\":\"EUSES, Escola Universit\u00e0ria de Fisioter\u00e0pia Internacional a Barcelona\",\"potentialAction\":[{\"@type\":\"SearchAction\",\"target\":{\"@type\":\"EntryPoint\",\"urlTemplate\":\"https:\\\/\\\/barcelona.euses.cat\\\/ca\\\/?s={search_term_string}\"},\"query-input\":{\"@type\":\"PropertyValueSpecification\",\"valueRequired\":true,\"valueName\":\"search_term_string\"}}],\"inLanguage\":\"ca\"},{\"@type\":\"Person\",\"@id\":\"https:\\\/\\\/barcelona.euses.cat\\\/ca\\\/#\\\/schema\\\/person\\\/8ab46080dfc4814fa59383db317735bd\",\"name\":\"Jordi Danes\",\"image\":{\"@type\":\"ImageObject\",\"inLanguage\":\"ca\",\"@id\":\"https:\\\/\\\/secure.gravatar.com\\\/avatar\\\/a9e4f443b594af225625ee8cfa665e41b1e0740ea34fbe0515b4ca559f8570ef?s=96&d=mm&r=g\",\"url\":\"https:\\\/\\\/secure.gravatar.com\\\/avatar\\\/a9e4f443b594af225625ee8cfa665e41b1e0740ea34fbe0515b4ca559f8570ef?s=96&d=mm&r=g\",\"contentUrl\":\"https:\\\/\\\/secure.gravatar.com\\\/avatar\\\/a9e4f443b594af225625ee8cfa665e41b1e0740ea34fbe0515b4ca559f8570ef?s=96&d=mm&r=g\",\"caption\":\"Jordi Danes\"},\"url\":\"https:\\\/\\\/barcelona.euses.cat\\\/ca\\\/author\\\/jordi-danes\\\/\"}]}<\/script>\n<!-- \/ Yoast SEO plugin. -->","yoast_head_json":{"title":"Activitat pr\u00e0ctica dels estudiants de 1r curs d\u2019Anatomia dels sistemes cardiovascular i respiratori | EUSES- Campus de Bellvitge (Barcelona)","robots":{"index":"index","follow":"follow","max-snippet":"max-snippet:-1","max-image-preview":"max-image-preview:large","max-video-preview":"max-video-preview:-1"},"canonical":"https:\/\/barcelona.euses.cat\/ca\/activitat-practica-dels-estudiants-de-1r-curs-danatomia-dels-sistemes-cardiovascular-i-respiratori\/","og_locale":"ca_ES","og_type":"article","og_title":"Activitat pr\u00e0ctica dels estudiants de 1r curs d\u2019Anatomia dels sistemes cardiovascular i respiratori | EUSES- Campus de Bellvitge (Barcelona)","og_description":"Els estudiants de 1r curs han realitzat una classe pr\u00e0ctica en l\u2019assignatura d\u2019Anatomia que imparteix el professor\u00a0Vinicius Rosa. L\u2019objectiu de la sessi\u00f3 ha consistit en identificar estructures anat\u00f2miques dels sistemes cardiovascular i respiratori en un maniqu\u00ed i, posteriorment, traslladar-les a un cos real dibuixant els contorns del cor i pulmons sobre la pell mitjan\u00e7ant la [&hellip;]","og_url":"https:\/\/barcelona.euses.cat\/ca\/activitat-practica-dels-estudiants-de-1r-curs-danatomia-dels-sistemes-cardiovascular-i-respiratori\/","og_site_name":"EUSES- Campus de Bellvitge (Barcelona)","article_publisher":"https:\/\/www.facebook.com\/PhysioBCN\/","article_published_time":"2020-02-20T11:33:58+00:00","og_image":[{"width":1024,"height":768,"url":"https:\/\/barcelona.euses.cat\/wp-content\/uploads\/2020\/02\/anatomia-3-1024x768.jpg","type":"image\/jpeg"}],"author":"Jordi Danes","twitter_card":"summary_large_image","twitter_misc":{"Escrit per":"Jordi Danes"},"schema":{"@context":"https:\/\/schema.org","@graph":[{"@type":"Article","@id":"https:\/\/barcelona.euses.cat\/ca\/activitat-practica-dels-estudiants-de-1r-curs-danatomia-dels-sistemes-cardiovascular-i-respiratori\/#article","isPartOf":{"@id":"https:\/\/barcelona.euses.cat\/ca\/activitat-practica-dels-estudiants-de-1r-curs-danatomia-dels-sistemes-cardiovascular-i-respiratori\/"},"author":{"name":"Jordi Danes","@id":"https:\/\/barcelona.euses.cat\/ca\/#\/schema\/person\/8ab46080dfc4814fa59383db317735bd"},"headline":"Activitat pr\u00e0ctica dels estudiants de 1r curs d\u2019Anatomia dels sistemes cardiovascular i respiratori","datePublished":"2020-02-20T11:33:58+00:00","mainEntityOfPage":{"@id":"https:\/\/barcelona.euses.cat\/ca\/activitat-practica-dels-estudiants-de-1r-curs-danatomia-dels-sistemes-cardiovascular-i-respiratori\/"},"wordCount":97,"commentCount":0,"image":{"@id":"https:\/\/barcelona.euses.cat\/ca\/activitat-practica-dels-estudiants-de-1r-curs-danatomia-dels-sistemes-cardiovascular-i-respiratori\/#primaryimage"},"thumbnailUrl":"https:\/\/barcelona.euses.cat\/wp-content\/uploads\/2020\/02\/anatomia-3.jpg","articleSection":["sense categoria"],"inLanguage":"ca"},{"@type":"WebPage","@id":"https:\/\/barcelona.euses.cat\/ca\/activitat-practica-dels-estudiants-de-1r-curs-danatomia-dels-sistemes-cardiovascular-i-respiratori\/","url":"https:\/\/barcelona.euses.cat\/ca\/activitat-practica-dels-estudiants-de-1r-curs-danatomia-dels-sistemes-cardiovascular-i-respiratori\/","name":"Activitat pr\u00e0ctica dels estudiants de 1r curs d\u2019Anatomia dels sistemes cardiovascular i respiratori | EUSES- Campus de Bellvitge (Barcelona)","isPartOf":{"@id":"https:\/\/barcelona.euses.cat\/ca\/#website"},"primaryImageOfPage":{"@id":"https:\/\/barcelona.euses.cat\/ca\/activitat-practica-dels-estudiants-de-1r-curs-danatomia-dels-sistemes-cardiovascular-i-respiratori\/#primaryimage"},"image":{"@id":"https:\/\/barcelona.euses.cat\/ca\/activitat-practica-dels-estudiants-de-1r-curs-danatomia-dels-sistemes-cardiovascular-i-respiratori\/#primaryimage"},"thumbnailUrl":"https:\/\/barcelona.euses.cat\/wp-content\/uploads\/2020\/02\/anatomia-3.jpg","datePublished":"2020-02-20T11:33:58+00:00","author":{"@id":"https:\/\/barcelona.euses.cat\/ca\/#\/schema\/person\/8ab46080dfc4814fa59383db317735bd"},"breadcrumb":{"@id":"https:\/\/barcelona.euses.cat\/ca\/activitat-practica-dels-estudiants-de-1r-curs-danatomia-dels-sistemes-cardiovascular-i-respiratori\/#breadcrumb"},"inLanguage":"ca","potentialAction":[{"@type":"ReadAction","target":["https:\/\/barcelona.euses.cat\/ca\/activitat-practica-dels-estudiants-de-1r-curs-danatomia-dels-sistemes-cardiovascular-i-respiratori\/"]}]},{"@type":"ImageObject","inLanguage":"ca","@id":"https:\/\/barcelona.euses.cat\/ca\/activitat-practica-dels-estudiants-de-1r-curs-danatomia-dels-sistemes-cardiovascular-i-respiratori\/#primaryimage","url":"https:\/\/barcelona.euses.cat\/wp-content\/uploads\/2020\/02\/anatomia-3.jpg","contentUrl":"https:\/\/barcelona.euses.cat\/wp-content\/uploads\/2020\/02\/anatomia-3.jpg","width":4608,"height":3456},{"@type":"BreadcrumbList","@id":"https:\/\/barcelona.euses.cat\/ca\/activitat-practica-dels-estudiants-de-1r-curs-danatomia-dels-sistemes-cardiovascular-i-respiratori\/#breadcrumb","itemListElement":[{"@type":"ListItem","position":1,"name":"Portada","item":"https:\/\/barcelona.euses.cat\/ca\/"},{"@type":"ListItem","position":2,"name":"Activitat pr\u00e0ctica dels estudiants de 1r curs d\u2019Anatomia dels sistemes cardiovascular i respiratori"}]},{"@type":"WebSite","@id":"https:\/\/barcelona.euses.cat\/ca\/#website","url":"https:\/\/barcelona.euses.cat\/ca\/","name":"EUSES - Campus de Bellvitge (Barcelona)","description":"EUSES, Escola Universit\u00e0ria de Fisioter\u00e0pia Internacional a Barcelona","potentialAction":[{"@type":"SearchAction","target":{"@type":"EntryPoint","urlTemplate":"https:\/\/barcelona.euses.cat\/ca\/?s={search_term_string}"},"query-input":{"@type":"PropertyValueSpecification","valueRequired":true,"valueName":"search_term_string"}}],"inLanguage":"ca"},{"@type":"Person","@id":"https:\/\/barcelona.euses.cat\/ca\/#\/schema\/person\/8ab46080dfc4814fa59383db317735bd","name":"Jordi Danes","image":{"@type":"ImageObject","inLanguage":"ca","@id":"https:\/\/secure.gravatar.com\/avatar\/a9e4f443b594af225625ee8cfa665e41b1e0740ea34fbe0515b4ca559f8570ef?s=96&d=mm&r=g","url":"https:\/\/secure.gravatar.com\/avatar\/a9e4f443b594af225625ee8cfa665e41b1e0740ea34fbe0515b4ca559f8570ef?s=96&d=mm&r=g","contentUrl":"https:\/\/secure.gravatar.com\/avatar\/a9e4f443b594af225625ee8cfa665e41b1e0740ea34fbe0515b4ca559f8570ef?s=96&d=mm&r=g","caption":"Jordi Danes"},"url":"https:\/\/barcelona.euses.cat\/ca\/author\/jordi-danes\/"}]}},"_links":{"self":[{"href":"https:\/\/barcelona.euses.cat\/ca\/wp-json\/wp\/v2\/posts\/7954","targetHints":{"allow":["GET"]}}],"collection":[{"href":"https:\/\/barcelona.euses.cat\/ca\/wp-json\/wp\/v2\/posts"}],"about":[{"href":"https:\/\/barcelona.euses.cat\/ca\/wp-json\/wp\/v2\/types\/post"}],"author":[{"embeddable":true,"href":"https:\/\/barcelona.euses.cat\/ca\/wp-json\/wp\/v2\/users\/3"}],"replies":[{"embeddable":true,"href":"https:\/\/barcelona.euses.cat\/ca\/wp-json\/wp\/v2\/comments?post=7954"}],"version-history":[{"count":3,"href":"https:\/\/barcelona.euses.cat\/ca\/wp-json\/wp\/v2\/posts\/7954\/revisions"}],"predecessor-version":[{"id":7983,"href":"https:\/\/barcelona.euses.cat\/ca\/wp-json\/wp\/v2\/posts\/7954\/revisions\/7983"}],"wp:featuredmedia":[{"embeddable":true,"href":"https:\/\/barcelona.euses.cat\/ca\/wp-json\/wp\/v2\/media\/7956"}],"wp:attachment":[{"href":"https:\/\/barcelona.euses.cat\/ca\/wp-json\/wp\/v2\/media?parent=7954"}],"wp:term":[{"taxonomy":"category","embeddable":true,"href":"https:\/\/barcelona.euses.cat\/ca\/wp-json\/wp\/v2\/categories?post=7954"},{"taxonomy":"post_tag","embeddable":true,"href":"https:\/\/barcelona.euses.cat\/ca\/wp-json\/wp\/v2\/tags?post=7954"}],"curies":[{"name":"wp","href":"https:\/\/api.w.org\/{rel}","templated":true}]}}