{"id":7213,"date":"2019-07-05T13:29:19","date_gmt":"2019-07-05T11:29:19","guid":{"rendered":"https:\/\/barcelona.euses.cat\/?p=7213"},"modified":"2019-07-17T10:08:34","modified_gmt":"2019-07-17T08:08:34","slug":"celebrat-a-la-sala-paranimf-lacte-de-graduacio-de-la-primera-promocio-del-grau-en-fisioterapia-internacional-udg-ub","status":"publish","type":"post","link":"https:\/\/barcelona.euses.cat\/ca\/celebrat-a-la-sala-paranimf-lacte-de-graduacio-de-la-primera-promocio-del-grau-en-fisioterapia-internacional-udg-ub\/","title":{"rendered":"Celebrat a la Sala Paranimf l&#8217;acte de graduaci\u00f3 de la primera promoci\u00f3 del Grau en Fisioter\u00e0pia Internacional UdG-UB"},"content":{"rendered":"<p><span style=\"font-size: large;\">La primera promoci\u00f3 del Grau en Fisioter\u00e0pia Internacional EUSES-UdG i ENTI-UB ha vist la llum aquest migdia a la Sala Paranimf de la Universitat de Barcelona amb l\u2019acte de graduaci\u00f3 dels 22 nous fisioterapeutes, que han completat la formaci\u00f3 que van iniciar el 2015 i estan preparats per entrar en el mercat laboral. Tamb\u00e9 formaran part de la primera fornada de graduats en Physiotherapy que podran entrar a formar part de la fam\u00edlia d&#8217;EUSES Alumni i es beneficiaran dels m\u00faltiples avantatges d&#8217;aquesta associaci\u00f3.<\/span><\/p>\n<p><span style=\"font-size: large;\">L\u2019acte ha comptat amb la pres\u00e8ncia del Dr. Gaspar Rosell\u00f3 (Director de l\u2019Ag\u00e8ncia de Pol\u00edtiques i de Qualitat de la Universitat de Barcelona); del Dr. Josep Antoni Donaire (Vicerector de Comunicaci\u00f3 i Relacions Exteriors de la Universitat de Girona); del Sr. Rafel Magriny\u00e0 (Director Acad\u00e8mic d\u2019EUSES-UdG i Director de Qualitat d\u2019ENTI-UB); el Dr. Carles Vilella (Cap d\u2019Estudis d\u2019ENTI-UB) i el Dr. Mariano Gacto (Director del Grau en Fisioter\u00e0pia). Tots ells han felicitat a la vintena de nous graduats en fisioter\u00e0pia, els han encoratjat a no deixar mai de formar-se i a mantenir la passi\u00f3 i l\u2019estima que han demostrat per aquesta professi\u00f3. Alguns dels punts culminants de l\u2019acte, que ha estat amenitzat per les peces musicals del pianista Llu\u00eds Guerra, han estat el lliurament de diplomes i orles, aix\u00ed com les paraules que els representants dels alumnes, Julie Grondin i Maria J\u00fadez, han dirigit als assistents. La graduaci\u00f3 s\u2019ha tancat amb el cant de l\u2019himne universitari, el Gaudeamus Igitur.<\/span><\/p>\n<p><a href=\"https:\/\/business.facebook.com\/pg\/EUSESoficial\/photos\/?business_id=884012834978732&amp;tab=album&amp;album_id=1222685951246067\" target=\"_blank\" rel=\"noopener noreferrer\">US PODEU DESCARREGAR EN AQUEST ENLLA\u00c7 LES IMATGES DE LA GRADUACI\u00d3<\/a><\/p>\n<p><a href=\"https:\/\/barcelona.euses.cat\/wp-content\/uploads\/2019\/07\/graduacio-physio-2.jpeg\"><img fetchpriority=\"high\" decoding=\"async\" class=\"alignnone wp-image-7219 size-medium\" src=\"https:\/\/barcelona.euses.cat\/wp-content\/uploads\/2019\/07\/graduacio-physio-2-300x169.jpeg\" alt=\"\" width=\"300\" height=\"169\" srcset=\"https:\/\/barcelona.euses.cat\/wp-content\/uploads\/2019\/07\/graduacio-physio-2-300x169.jpeg 300w, https:\/\/barcelona.euses.cat\/wp-content\/uploads\/2019\/07\/graduacio-physio-2-768x432.jpeg 768w, https:\/\/barcelona.euses.cat\/wp-content\/uploads\/2019\/07\/graduacio-physio-2-1024x576.jpeg 1024w, https:\/\/barcelona.euses.cat\/wp-content\/uploads\/2019\/07\/graduacio-physio-2-350x197.jpeg 350w, https:\/\/barcelona.euses.cat\/wp-content\/uploads\/2019\/07\/graduacio-physio-2.jpeg 1600w\" sizes=\"(max-width: 300px) 100vw, 300px\" \/><\/a> <a href=\"https:\/\/barcelona.euses.cat\/wp-content\/uploads\/2019\/07\/graduacio-physio-3.jpeg\"><img decoding=\"async\" class=\"alignnone wp-image-7223 size-medium\" src=\"https:\/\/barcelona.euses.cat\/wp-content\/uploads\/2019\/07\/graduacio-physio-3-300x169.jpeg\" alt=\"\" width=\"300\" height=\"169\" srcset=\"https:\/\/barcelona.euses.cat\/wp-content\/uploads\/2019\/07\/graduacio-physio-3-300x169.jpeg 300w, https:\/\/barcelona.euses.cat\/wp-content\/uploads\/2019\/07\/graduacio-physio-3-768x432.jpeg 768w, https:\/\/barcelona.euses.cat\/wp-content\/uploads\/2019\/07\/graduacio-physio-3-1024x576.jpeg 1024w, https:\/\/barcelona.euses.cat\/wp-content\/uploads\/2019\/07\/graduacio-physio-3-350x197.jpeg 350w, https:\/\/barcelona.euses.cat\/wp-content\/uploads\/2019\/07\/graduacio-physio-3.jpeg 1600w\" sizes=\"(max-width: 300px) 100vw, 300px\" \/><\/a><\/p>\n","protected":false},"excerpt":{"rendered":"<p>La primera promoci\u00f3 del Grau en Fisioter\u00e0pia Internacional EUSES-UdG i ENTI-UB ha vist la llum aquest migdia a la Sala Paranimf de la Universitat de Barcelona amb l\u2019acte de graduaci\u00f3 dels 22 nous fisioterapeutes, que han completat la formaci\u00f3 que van iniciar el 2015 i estan preparats per entrar en el mercat laboral. Tamb\u00e9 formaran [&hellip;]<\/p>\n","protected":false},"author":3,"featured_media":7215,"comment_status":"open","ping_status":"closed","sticky":false,"template":"","format":"standard","meta":{"_acf_changed":false,"inline_featured_image":false,"_joinchat":[],"footnotes":""},"categories":[46],"tags":[],"class_list":["post-7213","post","type-post","status-publish","format-standard","has-post-thumbnail","hentry","category-sense-categoria"],"acf":[],"yoast_head":"<!-- This site is optimized with the Yoast SEO plugin v27.4 - https:\/\/yoast.com\/product\/yoast-seo-wordpress\/ -->\n<title>Celebrat a la Sala Paranimf l&#039;acte de graduaci\u00f3 de la primera promoci\u00f3 del Grau en Fisioter\u00e0pia Internacional UdG-UB | EUSES- Campus de Bellvitge (Barcelona)<\/title>\n<meta name=\"robots\" content=\"index, follow, max-snippet:-1, max-image-preview:large, max-video-preview:-1\" \/>\n<link rel=\"canonical\" href=\"https:\/\/barcelona.euses.cat\/ca\/celebrat-a-la-sala-paranimf-lacte-de-graduacio-de-la-primera-promocio-del-grau-en-fisioterapia-internacional-udg-ub\/\" \/>\n<meta property=\"og:locale\" content=\"ca_ES\" \/>\n<meta property=\"og:type\" content=\"article\" \/>\n<meta property=\"og:title\" content=\"Celebrat a la Sala Paranimf l&#039;acte de graduaci\u00f3 de la primera promoci\u00f3 del Grau en Fisioter\u00e0pia Internacional UdG-UB | EUSES- Campus de Bellvitge (Barcelona)\" \/>\n<meta property=\"og:description\" content=\"La primera promoci\u00f3 del Grau en Fisioter\u00e0pia Internacional EUSES-UdG i ENTI-UB ha vist la llum aquest migdia a la Sala Paranimf de la Universitat de Barcelona amb l\u2019acte de graduaci\u00f3 dels 22 nous fisioterapeutes, que han completat la formaci\u00f3 que van iniciar el 2015 i estan preparats per entrar en el mercat laboral. Tamb\u00e9 formaran [&hellip;]\" \/>\n<meta property=\"og:url\" content=\"https:\/\/barcelona.euses.cat\/ca\/celebrat-a-la-sala-paranimf-lacte-de-graduacio-de-la-primera-promocio-del-grau-en-fisioterapia-internacional-udg-ub\/\" \/>\n<meta property=\"og:site_name\" content=\"EUSES- Campus de Bellvitge (Barcelona)\" \/>\n<meta property=\"article:publisher\" content=\"https:\/\/www.facebook.com\/PhysioBCN\/\" \/>\n<meta property=\"article:published_time\" content=\"2019-07-05T11:29:19+00:00\" \/>\n<meta property=\"article:modified_time\" content=\"2019-07-17T08:08:34+00:00\" \/>\n<meta property=\"og:image\" content=\"https:\/\/barcelona.euses.cat\/wp-content\/uploads\/2019\/07\/graduacio-physio-1.jpeg\" \/>\n\t<meta property=\"og:image:width\" content=\"1600\" \/>\n\t<meta property=\"og:image:height\" content=\"900\" \/>\n\t<meta property=\"og:image:type\" content=\"image\/jpeg\" \/>\n<meta name=\"author\" content=\"Jordi Danes\" \/>\n<meta name=\"twitter:card\" content=\"summary_large_image\" \/>\n<meta name=\"twitter:label1\" content=\"Escrit per\" \/>\n\t<meta name=\"twitter:data1\" content=\"Jordi Danes\" \/>\n\t<meta name=\"twitter:label2\" content=\"Temps estimat de lectura\" \/>\n\t<meta name=\"twitter:data2\" content=\"1 minut\" \/>\n<script type=\"application\/ld+json\" class=\"yoast-schema-graph\">{\"@context\":\"https:\\\/\\\/schema.org\",\"@graph\":[{\"@type\":\"Article\",\"@id\":\"https:\\\/\\\/barcelona.euses.cat\\\/ca\\\/celebrat-a-la-sala-paranimf-lacte-de-graduacio-de-la-primera-promocio-del-grau-en-fisioterapia-internacional-udg-ub\\\/#article\",\"isPartOf\":{\"@id\":\"https:\\\/\\\/barcelona.euses.cat\\\/ca\\\/celebrat-a-la-sala-paranimf-lacte-de-graduacio-de-la-primera-promocio-del-grau-en-fisioterapia-internacional-udg-ub\\\/\"},\"author\":{\"name\":\"Jordi Danes\",\"@id\":\"https:\\\/\\\/barcelona.euses.cat\\\/ca\\\/#\\\/schema\\\/person\\\/8ab46080dfc4814fa59383db317735bd\"},\"headline\":\"Celebrat a la Sala Paranimf l&#8217;acte de graduaci\u00f3 de la primera promoci\u00f3 del Grau en Fisioter\u00e0pia Internacional UdG-UB\",\"datePublished\":\"2019-07-05T11:29:19+00:00\",\"dateModified\":\"2019-07-17T08:08:34+00:00\",\"mainEntityOfPage\":{\"@id\":\"https:\\\/\\\/barcelona.euses.cat\\\/ca\\\/celebrat-a-la-sala-paranimf-lacte-de-graduacio-de-la-primera-promocio-del-grau-en-fisioterapia-internacional-udg-ub\\\/\"},\"wordCount\":295,\"commentCount\":0,\"image\":{\"@id\":\"https:\\\/\\\/barcelona.euses.cat\\\/ca\\\/celebrat-a-la-sala-paranimf-lacte-de-graduacio-de-la-primera-promocio-del-grau-en-fisioterapia-internacional-udg-ub\\\/#primaryimage\"},\"thumbnailUrl\":\"https:\\\/\\\/barcelona.euses.cat\\\/wp-content\\\/uploads\\\/2019\\\/07\\\/graduacio-physio-1.jpeg\",\"articleSection\":[\"sense categoria\"],\"inLanguage\":\"ca\"},{\"@type\":\"WebPage\",\"@id\":\"https:\\\/\\\/barcelona.euses.cat\\\/ca\\\/celebrat-a-la-sala-paranimf-lacte-de-graduacio-de-la-primera-promocio-del-grau-en-fisioterapia-internacional-udg-ub\\\/\",\"url\":\"https:\\\/\\\/barcelona.euses.cat\\\/ca\\\/celebrat-a-la-sala-paranimf-lacte-de-graduacio-de-la-primera-promocio-del-grau-en-fisioterapia-internacional-udg-ub\\\/\",\"name\":\"Celebrat a la Sala Paranimf l'acte de graduaci\u00f3 de la primera promoci\u00f3 del Grau en Fisioter\u00e0pia Internacional UdG-UB | EUSES- Campus de Bellvitge (Barcelona)\",\"isPartOf\":{\"@id\":\"https:\\\/\\\/barcelona.euses.cat\\\/ca\\\/#website\"},\"primaryImageOfPage\":{\"@id\":\"https:\\\/\\\/barcelona.euses.cat\\\/ca\\\/celebrat-a-la-sala-paranimf-lacte-de-graduacio-de-la-primera-promocio-del-grau-en-fisioterapia-internacional-udg-ub\\\/#primaryimage\"},\"image\":{\"@id\":\"https:\\\/\\\/barcelona.euses.cat\\\/ca\\\/celebrat-a-la-sala-paranimf-lacte-de-graduacio-de-la-primera-promocio-del-grau-en-fisioterapia-internacional-udg-ub\\\/#primaryimage\"},\"thumbnailUrl\":\"https:\\\/\\\/barcelona.euses.cat\\\/wp-content\\\/uploads\\\/2019\\\/07\\\/graduacio-physio-1.jpeg\",\"datePublished\":\"2019-07-05T11:29:19+00:00\",\"dateModified\":\"2019-07-17T08:08:34+00:00\",\"author\":{\"@id\":\"https:\\\/\\\/barcelona.euses.cat\\\/ca\\\/#\\\/schema\\\/person\\\/8ab46080dfc4814fa59383db317735bd\"},\"breadcrumb\":{\"@id\":\"https:\\\/\\\/barcelona.euses.cat\\\/ca\\\/celebrat-a-la-sala-paranimf-lacte-de-graduacio-de-la-primera-promocio-del-grau-en-fisioterapia-internacional-udg-ub\\\/#breadcrumb\"},\"inLanguage\":\"ca\",\"potentialAction\":[{\"@type\":\"ReadAction\",\"target\":[\"https:\\\/\\\/barcelona.euses.cat\\\/ca\\\/celebrat-a-la-sala-paranimf-lacte-de-graduacio-de-la-primera-promocio-del-grau-en-fisioterapia-internacional-udg-ub\\\/\"]}]},{\"@type\":\"ImageObject\",\"inLanguage\":\"ca\",\"@id\":\"https:\\\/\\\/barcelona.euses.cat\\\/ca\\\/celebrat-a-la-sala-paranimf-lacte-de-graduacio-de-la-primera-promocio-del-grau-en-fisioterapia-internacional-udg-ub\\\/#primaryimage\",\"url\":\"https:\\\/\\\/barcelona.euses.cat\\\/wp-content\\\/uploads\\\/2019\\\/07\\\/graduacio-physio-1.jpeg\",\"contentUrl\":\"https:\\\/\\\/barcelona.euses.cat\\\/wp-content\\\/uploads\\\/2019\\\/07\\\/graduacio-physio-1.jpeg\",\"width\":1600,\"height\":900},{\"@type\":\"BreadcrumbList\",\"@id\":\"https:\\\/\\\/barcelona.euses.cat\\\/ca\\\/celebrat-a-la-sala-paranimf-lacte-de-graduacio-de-la-primera-promocio-del-grau-en-fisioterapia-internacional-udg-ub\\\/#breadcrumb\",\"itemListElement\":[{\"@type\":\"ListItem\",\"position\":1,\"name\":\"Portada\",\"item\":\"https:\\\/\\\/barcelona.euses.cat\\\/ca\\\/\"},{\"@type\":\"ListItem\",\"position\":2,\"name\":\"Celebrat a la Sala Paranimf l&#8217;acte de graduaci\u00f3 de la primera promoci\u00f3 del Grau en Fisioter\u00e0pia Internacional UdG-UB\"}]},{\"@type\":\"WebSite\",\"@id\":\"https:\\\/\\\/barcelona.euses.cat\\\/ca\\\/#website\",\"url\":\"https:\\\/\\\/barcelona.euses.cat\\\/ca\\\/\",\"name\":\"EUSES - Campus de Bellvitge (Barcelona)\",\"description\":\"EUSES, Escola Universit\u00e0ria de Fisioter\u00e0pia Internacional a Barcelona\",\"potentialAction\":[{\"@type\":\"SearchAction\",\"target\":{\"@type\":\"EntryPoint\",\"urlTemplate\":\"https:\\\/\\\/barcelona.euses.cat\\\/ca\\\/?s={search_term_string}\"},\"query-input\":{\"@type\":\"PropertyValueSpecification\",\"valueRequired\":true,\"valueName\":\"search_term_string\"}}],\"inLanguage\":\"ca\"},{\"@type\":\"Person\",\"@id\":\"https:\\\/\\\/barcelona.euses.cat\\\/ca\\\/#\\\/schema\\\/person\\\/8ab46080dfc4814fa59383db317735bd\",\"name\":\"Jordi Danes\",\"image\":{\"@type\":\"ImageObject\",\"inLanguage\":\"ca\",\"@id\":\"https:\\\/\\\/secure.gravatar.com\\\/avatar\\\/a9e4f443b594af225625ee8cfa665e41b1e0740ea34fbe0515b4ca559f8570ef?s=96&d=mm&r=g\",\"url\":\"https:\\\/\\\/secure.gravatar.com\\\/avatar\\\/a9e4f443b594af225625ee8cfa665e41b1e0740ea34fbe0515b4ca559f8570ef?s=96&d=mm&r=g\",\"contentUrl\":\"https:\\\/\\\/secure.gravatar.com\\\/avatar\\\/a9e4f443b594af225625ee8cfa665e41b1e0740ea34fbe0515b4ca559f8570ef?s=96&d=mm&r=g\",\"caption\":\"Jordi Danes\"},\"url\":\"https:\\\/\\\/barcelona.euses.cat\\\/ca\\\/author\\\/jordi-danes\\\/\"}]}<\/script>\n<!-- \/ Yoast SEO plugin. -->","yoast_head_json":{"title":"Celebrat a la Sala Paranimf l'acte de graduaci\u00f3 de la primera promoci\u00f3 del Grau en Fisioter\u00e0pia Internacional UdG-UB | EUSES- Campus de Bellvitge (Barcelona)","robots":{"index":"index","follow":"follow","max-snippet":"max-snippet:-1","max-image-preview":"max-image-preview:large","max-video-preview":"max-video-preview:-1"},"canonical":"https:\/\/barcelona.euses.cat\/ca\/celebrat-a-la-sala-paranimf-lacte-de-graduacio-de-la-primera-promocio-del-grau-en-fisioterapia-internacional-udg-ub\/","og_locale":"ca_ES","og_type":"article","og_title":"Celebrat a la Sala Paranimf l'acte de graduaci\u00f3 de la primera promoci\u00f3 del Grau en Fisioter\u00e0pia Internacional UdG-UB | EUSES- Campus de Bellvitge (Barcelona)","og_description":"La primera promoci\u00f3 del Grau en Fisioter\u00e0pia Internacional EUSES-UdG i ENTI-UB ha vist la llum aquest migdia a la Sala Paranimf de la Universitat de Barcelona amb l\u2019acte de graduaci\u00f3 dels 22 nous fisioterapeutes, que han completat la formaci\u00f3 que van iniciar el 2015 i estan preparats per entrar en el mercat laboral. Tamb\u00e9 formaran [&hellip;]","og_url":"https:\/\/barcelona.euses.cat\/ca\/celebrat-a-la-sala-paranimf-lacte-de-graduacio-de-la-primera-promocio-del-grau-en-fisioterapia-internacional-udg-ub\/","og_site_name":"EUSES- Campus de Bellvitge (Barcelona)","article_publisher":"https:\/\/www.facebook.com\/PhysioBCN\/","article_published_time":"2019-07-05T11:29:19+00:00","article_modified_time":"2019-07-17T08:08:34+00:00","og_image":[{"width":1600,"height":900,"url":"https:\/\/barcelona.euses.cat\/wp-content\/uploads\/2019\/07\/graduacio-physio-1.jpeg","type":"image\/jpeg"}],"author":"Jordi Danes","twitter_card":"summary_large_image","twitter_misc":{"Escrit per":"Jordi Danes","Temps estimat de lectura":"1 minut"},"schema":{"@context":"https:\/\/schema.org","@graph":[{"@type":"Article","@id":"https:\/\/barcelona.euses.cat\/ca\/celebrat-a-la-sala-paranimf-lacte-de-graduacio-de-la-primera-promocio-del-grau-en-fisioterapia-internacional-udg-ub\/#article","isPartOf":{"@id":"https:\/\/barcelona.euses.cat\/ca\/celebrat-a-la-sala-paranimf-lacte-de-graduacio-de-la-primera-promocio-del-grau-en-fisioterapia-internacional-udg-ub\/"},"author":{"name":"Jordi Danes","@id":"https:\/\/barcelona.euses.cat\/ca\/#\/schema\/person\/8ab46080dfc4814fa59383db317735bd"},"headline":"Celebrat a la Sala Paranimf l&#8217;acte de graduaci\u00f3 de la primera promoci\u00f3 del Grau en Fisioter\u00e0pia Internacional UdG-UB","datePublished":"2019-07-05T11:29:19+00:00","dateModified":"2019-07-17T08:08:34+00:00","mainEntityOfPage":{"@id":"https:\/\/barcelona.euses.cat\/ca\/celebrat-a-la-sala-paranimf-lacte-de-graduacio-de-la-primera-promocio-del-grau-en-fisioterapia-internacional-udg-ub\/"},"wordCount":295,"commentCount":0,"image":{"@id":"https:\/\/barcelona.euses.cat\/ca\/celebrat-a-la-sala-paranimf-lacte-de-graduacio-de-la-primera-promocio-del-grau-en-fisioterapia-internacional-udg-ub\/#primaryimage"},"thumbnailUrl":"https:\/\/barcelona.euses.cat\/wp-content\/uploads\/2019\/07\/graduacio-physio-1.jpeg","articleSection":["sense categoria"],"inLanguage":"ca"},{"@type":"WebPage","@id":"https:\/\/barcelona.euses.cat\/ca\/celebrat-a-la-sala-paranimf-lacte-de-graduacio-de-la-primera-promocio-del-grau-en-fisioterapia-internacional-udg-ub\/","url":"https:\/\/barcelona.euses.cat\/ca\/celebrat-a-la-sala-paranimf-lacte-de-graduacio-de-la-primera-promocio-del-grau-en-fisioterapia-internacional-udg-ub\/","name":"Celebrat a la Sala Paranimf l'acte de graduaci\u00f3 de la primera promoci\u00f3 del Grau en Fisioter\u00e0pia Internacional UdG-UB | EUSES- Campus de Bellvitge (Barcelona)","isPartOf":{"@id":"https:\/\/barcelona.euses.cat\/ca\/#website"},"primaryImageOfPage":{"@id":"https:\/\/barcelona.euses.cat\/ca\/celebrat-a-la-sala-paranimf-lacte-de-graduacio-de-la-primera-promocio-del-grau-en-fisioterapia-internacional-udg-ub\/#primaryimage"},"image":{"@id":"https:\/\/barcelona.euses.cat\/ca\/celebrat-a-la-sala-paranimf-lacte-de-graduacio-de-la-primera-promocio-del-grau-en-fisioterapia-internacional-udg-ub\/#primaryimage"},"thumbnailUrl":"https:\/\/barcelona.euses.cat\/wp-content\/uploads\/2019\/07\/graduacio-physio-1.jpeg","datePublished":"2019-07-05T11:29:19+00:00","dateModified":"2019-07-17T08:08:34+00:00","author":{"@id":"https:\/\/barcelona.euses.cat\/ca\/#\/schema\/person\/8ab46080dfc4814fa59383db317735bd"},"breadcrumb":{"@id":"https:\/\/barcelona.euses.cat\/ca\/celebrat-a-la-sala-paranimf-lacte-de-graduacio-de-la-primera-promocio-del-grau-en-fisioterapia-internacional-udg-ub\/#breadcrumb"},"inLanguage":"ca","potentialAction":[{"@type":"ReadAction","target":["https:\/\/barcelona.euses.cat\/ca\/celebrat-a-la-sala-paranimf-lacte-de-graduacio-de-la-primera-promocio-del-grau-en-fisioterapia-internacional-udg-ub\/"]}]},{"@type":"ImageObject","inLanguage":"ca","@id":"https:\/\/barcelona.euses.cat\/ca\/celebrat-a-la-sala-paranimf-lacte-de-graduacio-de-la-primera-promocio-del-grau-en-fisioterapia-internacional-udg-ub\/#primaryimage","url":"https:\/\/barcelona.euses.cat\/wp-content\/uploads\/2019\/07\/graduacio-physio-1.jpeg","contentUrl":"https:\/\/barcelona.euses.cat\/wp-content\/uploads\/2019\/07\/graduacio-physio-1.jpeg","width":1600,"height":900},{"@type":"BreadcrumbList","@id":"https:\/\/barcelona.euses.cat\/ca\/celebrat-a-la-sala-paranimf-lacte-de-graduacio-de-la-primera-promocio-del-grau-en-fisioterapia-internacional-udg-ub\/#breadcrumb","itemListElement":[{"@type":"ListItem","position":1,"name":"Portada","item":"https:\/\/barcelona.euses.cat\/ca\/"},{"@type":"ListItem","position":2,"name":"Celebrat a la Sala Paranimf l&#8217;acte de graduaci\u00f3 de la primera promoci\u00f3 del Grau en Fisioter\u00e0pia Internacional UdG-UB"}]},{"@type":"WebSite","@id":"https:\/\/barcelona.euses.cat\/ca\/#website","url":"https:\/\/barcelona.euses.cat\/ca\/","name":"EUSES - Campus de Bellvitge (Barcelona)","description":"EUSES, Escola Universit\u00e0ria de Fisioter\u00e0pia Internacional a Barcelona","potentialAction":[{"@type":"SearchAction","target":{"@type":"EntryPoint","urlTemplate":"https:\/\/barcelona.euses.cat\/ca\/?s={search_term_string}"},"query-input":{"@type":"PropertyValueSpecification","valueRequired":true,"valueName":"search_term_string"}}],"inLanguage":"ca"},{"@type":"Person","@id":"https:\/\/barcelona.euses.cat\/ca\/#\/schema\/person\/8ab46080dfc4814fa59383db317735bd","name":"Jordi Danes","image":{"@type":"ImageObject","inLanguage":"ca","@id":"https:\/\/secure.gravatar.com\/avatar\/a9e4f443b594af225625ee8cfa665e41b1e0740ea34fbe0515b4ca559f8570ef?s=96&d=mm&r=g","url":"https:\/\/secure.gravatar.com\/avatar\/a9e4f443b594af225625ee8cfa665e41b1e0740ea34fbe0515b4ca559f8570ef?s=96&d=mm&r=g","contentUrl":"https:\/\/secure.gravatar.com\/avatar\/a9e4f443b594af225625ee8cfa665e41b1e0740ea34fbe0515b4ca559f8570ef?s=96&d=mm&r=g","caption":"Jordi Danes"},"url":"https:\/\/barcelona.euses.cat\/ca\/author\/jordi-danes\/"}]}},"_links":{"self":[{"href":"https:\/\/barcelona.euses.cat\/ca\/wp-json\/wp\/v2\/posts\/7213","targetHints":{"allow":["GET"]}}],"collection":[{"href":"https:\/\/barcelona.euses.cat\/ca\/wp-json\/wp\/v2\/posts"}],"about":[{"href":"https:\/\/barcelona.euses.cat\/ca\/wp-json\/wp\/v2\/types\/post"}],"author":[{"embeddable":true,"href":"https:\/\/barcelona.euses.cat\/ca\/wp-json\/wp\/v2\/users\/3"}],"replies":[{"embeddable":true,"href":"https:\/\/barcelona.euses.cat\/ca\/wp-json\/wp\/v2\/comments?post=7213"}],"version-history":[{"count":6,"href":"https:\/\/barcelona.euses.cat\/ca\/wp-json\/wp\/v2\/posts\/7213\/revisions"}],"predecessor-version":[{"id":7256,"href":"https:\/\/barcelona.euses.cat\/ca\/wp-json\/wp\/v2\/posts\/7213\/revisions\/7256"}],"wp:featuredmedia":[{"embeddable":true,"href":"https:\/\/barcelona.euses.cat\/ca\/wp-json\/wp\/v2\/media\/7215"}],"wp:attachment":[{"href":"https:\/\/barcelona.euses.cat\/ca\/wp-json\/wp\/v2\/media?parent=7213"}],"wp:term":[{"taxonomy":"category","embeddable":true,"href":"https:\/\/barcelona.euses.cat\/ca\/wp-json\/wp\/v2\/categories?post=7213"},{"taxonomy":"post_tag","embeddable":true,"href":"https:\/\/barcelona.euses.cat\/ca\/wp-json\/wp\/v2\/tags?post=7213"}],"curies":[{"name":"wp","href":"https:\/\/api.w.org\/{rel}","templated":true}]}}