{"id":5690,"date":"2015-03-15T00:00:00","date_gmt":"2015-03-14T23:00:00","guid":{"rendered":"http:\/\/physiotherapybarcelona.net\/fisioterapia-internacional-que-es-i-a-qui-va-dirigit\/"},"modified":"2015-03-15T00:00:00","modified_gmt":"2015-03-14T23:00:00","slug":"fisioterapia-internacional-que-es-i-a-qui-va-dirigit","status":"publish","type":"post","link":"https:\/\/barcelona.euses.cat\/ca\/fisioterapia-internacional-que-es-i-a-qui-va-dirigit\/","title":{"rendered":"Fisioter\u00e0pia Internacional: qu\u00e8 \u00e9s i a qui va dirigit?"},"content":{"rendered":"<p class=\"p1\"><span class=\"s1\">Es tracta d&#8217;una formaci\u00f3 orientada a l&#8217;aprenentatge dels diferents aspectes de la Fisioter\u00e0pia (valoraci\u00f3, diagn\u00f2stic, disseny i desenvolupament de tractaments) treballant amb una tercera llengua, aprofitant la sinergia entre l&#8217;Escola Universit\u00e0ria de la Salut i l&#8217;Esport &#8211; centre adscrit a la Universitat de Girona (d&#8217;ara endavant denominada EUSES-UdG) i l&#8217;Escola de Noves Tecnologies Interactives &#8211; centre adscrit a la Universitat de Barcelona (anomenada d&#8217;ara en endavant sota l&#8217;acr\u00f2nim ENTI-UB) per treballar compet\u00e8ncies transversals d&#8217;excel\u00b7l\u00e8ncia acad\u00e8mica i integraci\u00f3 curricular de les noves tecnologies aplicades al m\u00f3n de la Fisioter\u00e0pia.<\/span><\/p>\n<p class=\"p2\"><span class=\"s1\">La pres\u00e8ncia d\u2019ENTI-UB al Grau en Fisioter\u00e0pia permetr\u00e0 a l&#8217;alumnat nodrir-se de l&#8217;experi\u00e8ncia que una <b>formaci\u00f3 universit\u00e0ria pionera en noves tecnologies<\/b> pot aportar: desenvolupament d&#8217;eines de valoraci\u00f3 des de la fisioter\u00e0pia; aplicaci\u00f3 de nous avan\u00e7os tecnol\u00f2gics en el camp de la Fisioter\u00e0pia; i fins i tot la possibilitat de treballar en la creaci\u00f3 de noves aplicacions tecnol\u00f2giques (<i>apps<\/i> m\u00f2bils, programari inform\u00e0tic o modelatge tridimensional) en l&#8217;\u00e0mbit de la Fisioter\u00e0pia.<\/span><\/p>\n<p class=\"p2\"><span class=\"s1\">Actualment, les noves tecnologies s\u00f3n cada vegada m\u00e9s presents en tots els \u00e0mbits de la societat i especialment auge en el m\u00f3n de la Fisioter\u00e0pia.<\/span><\/p>\n<p class=\"p2\"><span class=\"s1\">El fisioterapeuta ha passat de realitzar tractaments purament manuals a proveir-se de tots aquells recursos tecnol\u00f2gics que ha tingut al seu voltant, aconseguint augmentar tant l&#8217;efic\u00e0cia dels diagn\u00f2stics en Fisioter\u00e0pia, com els resultats terap\u00e8utics dels mateixos i l&#8217;adher\u00e8ncia per part del pacient al tractament .<\/span><\/p>\n<p class=\"p2\"><span class=\"s1\">Habitualment trobem, en centres de Fisioter\u00e0pia, diversos dispositius com aparells d&#8217;electromiografia, sensors biomec\u00e0nics, plataformes de for\u00e7a, cintes rodants instrumentades, plataformes de pressi\u00f3, plantilles de pressi\u00f3, captures de moviment, sistemes d&#8217;an\u00e0lisi cardiopulmonar, captura del moviment basat en tecnologia \u00f2ptica, termografia, etc.<\/span><\/p>\n<p class=\"p2\"><span class=\"s1\">Per\u00f2 no nom\u00e9s s&#8217;ha incl\u00f2s tecnologia purament m\u00e8dica, sin\u00f3 que s&#8217;ha fet una sinergia entre diferents \u00e0mbits de les noves tecnologies, com ara compartint recursos amb arquitectura (estudis de reconstrucci\u00f3 en tres dimensions mitjan\u00e7ant la tecnologia l\u00e0ser que ens han facilitat el tractament de patologies de la deformitat de la columna vertebral com les escoliosis), jocs virtuals (la utilitzaci\u00f3 de la Plataforma Wii Fit &#8220;plataforma del joc de la videoconsola Wii&#8221; la qual ha canviat la percepci\u00f3 del treball de la propiocepci\u00f3 en les lesions de les articulacions del turmell o genoll, fent tractaments m\u00e9s confortables per als pacients i al seu torn creant m\u00e9s adher\u00e8ncia i per tant m\u00e9s assidu\u00eftat i millor resultat), i un llarg etc\u00e8tera.<\/span><\/p>\n<p class=\"p2\"><span class=\"s1\">Per aix\u00f2, la simbiosi entre EUSES i ENTI \u00e9s una uni\u00f3 natural i l\u00f2gica, at\u00e8s que la suma de les dues branques de coneixement atorga a l&#8217;estudiant un plus no merament en la seva experi\u00e8ncia docent, sin\u00f3 en la utilitzaci\u00f3 i creaci\u00f3 de nous recursos per a la Fisioter\u00e0pia, obrint les perspectives del seu m\u00f3n professional a no nom\u00e9s una visi\u00f3 centrada en l&#8217;\u00e0mbit de la sanitat, sin\u00f3 en la formaci\u00f3 i pensament de la globalitat dins de la seva formaci\u00f3 i el seu futur, aprenent que tot all\u00f2 que \u00e9s concebut pot millorar en pensar d&#8217;una manera pluridisciplinar.<\/span><\/p>\n<p class=\"p2\"><span class=\"s1\">L&#8217;alumne d\u2019EUSES &#8211; ENTI no ser\u00e0 un mer usuari de les noves tecnologies, sin\u00f3 que ser\u00e0 un coneixedor en profunditat de les mateixes i tindr\u00e0 la capacitat de saber on rec\u00f3rrer per crear aquells elements tecnol\u00f2gics necessaris per al seu desenvolupament i especialitzaci\u00f3 professional.<\/span><\/p>\n<p class=\"p2\"><span class=\"s1\">Si entenem al futur diplomat d\u2019EUSES &#8211; ENTI com a un professional de car\u00e0cter internacional i a aix\u00f2 li afegim el coneixement, dins dels seus estudis, de les noves tecnologies (que a dia d&#8217;avui no es contemplen en cap escola universit\u00e0ria de Fisioter\u00e0pia des del punt de vista que nosaltres oferim), estem davant d&#8217;un nou professional, que afegir\u00e0 qualitat al servei assistencial per\u00f2 que pot, al seu torn, ser un creador de nous recursos.<\/span><\/p>\n<p class=\"p2\"><span class=\"s1\"><b>Les classes s\u00f3n \u00edntegrament en llengua anglesa,<\/b> una llengua el domini de la qual suposa, no ja una necessitat en la societat actual, sin\u00f3 una compet\u00e8ncia b\u00e0sica per al coneixement de la producci\u00f3 cient\u00edfica i l&#8217;adquisici\u00f3 d&#8217;un \u00f2ptim nivell professional.<\/span><\/p>\n","protected":false},"excerpt":{"rendered":"<p>Es tracta d&#8217;una formaci\u00f3 orientada a l&#8217;aprenentatge dels diferents aspectes de la Fisioter\u00e0pia (valoraci\u00f3, diagn\u00f2stic, disseny i desenvolupament de tractaments) treballant amb una tercera llengua, aprofitant la sinergia entre l&#8217;Escola Universit\u00e0ria de la Salut i l&#8217;Esport &#8211; centre adscrit a la Universitat de Girona (d&#8217;ara endavant denominada EUSES-UdG) i l&#8217;Escola de Noves Tecnologies Interactives &#8211; [&hellip;]<\/p>\n","protected":false},"author":1,"featured_media":5691,"comment_status":"closed","ping_status":"closed","sticky":false,"template":"","format":"standard","meta":{"_acf_changed":false,"inline_featured_image":false,"_joinchat":[],"footnotes":""},"categories":[54],"tags":[45],"class_list":["post-5690","post","type-post","status-publish","format-standard","has-post-thumbnail","hentry","category-uncategorized-ca","tag-catala"],"acf":[],"yoast_head":"<!-- This site is optimized with the Yoast SEO plugin v27.4 - https:\/\/yoast.com\/product\/yoast-seo-wordpress\/ -->\n<title>Fisioter\u00e0pia Internacional: qu\u00e8 \u00e9s i a qui va dirigit? | EUSES- Campus de Bellvitge (Barcelona)<\/title>\n<meta name=\"robots\" content=\"index, follow, max-snippet:-1, max-image-preview:large, max-video-preview:-1\" \/>\n<link rel=\"canonical\" href=\"https:\/\/barcelona.euses.cat\/ca\/fisioterapia-internacional-que-es-i-a-qui-va-dirigit\/\" \/>\n<meta property=\"og:locale\" content=\"ca_ES\" \/>\n<meta property=\"og:type\" content=\"article\" \/>\n<meta property=\"og:title\" content=\"Fisioter\u00e0pia Internacional: qu\u00e8 \u00e9s i a qui va dirigit? | EUSES- Campus de Bellvitge (Barcelona)\" \/>\n<meta property=\"og:description\" content=\"Es tracta d&#8217;una formaci\u00f3 orientada a l&#8217;aprenentatge dels diferents aspectes de la Fisioter\u00e0pia (valoraci\u00f3, diagn\u00f2stic, disseny i desenvolupament de tractaments) treballant amb una tercera llengua, aprofitant la sinergia entre l&#8217;Escola Universit\u00e0ria de la Salut i l&#8217;Esport &#8211; centre adscrit a la Universitat de Girona (d&#8217;ara endavant denominada EUSES-UdG) i l&#8217;Escola de Noves Tecnologies Interactives &#8211; [&hellip;]\" \/>\n<meta property=\"og:url\" content=\"https:\/\/barcelona.euses.cat\/ca\/fisioterapia-internacional-que-es-i-a-qui-va-dirigit\/\" \/>\n<meta property=\"og:site_name\" content=\"EUSES- Campus de Bellvitge (Barcelona)\" \/>\n<meta property=\"article:publisher\" content=\"https:\/\/www.facebook.com\/PhysioBCN\/\" \/>\n<meta property=\"article:published_time\" content=\"2015-03-14T23:00:00+00:00\" \/>\n<meta property=\"og:image\" content=\"https:\/\/barcelona.euses.cat\/wp-content\/uploads\/2018\/02\/slider1.jpg\" \/>\n\t<meta property=\"og:image:width\" content=\"1368\" \/>\n\t<meta property=\"og:image:height\" content=\"756\" \/>\n\t<meta property=\"og:image:type\" content=\"image\/jpeg\" \/>\n<meta name=\"author\" content=\"neorg\" \/>\n<meta name=\"twitter:card\" content=\"summary_large_image\" \/>\n<meta name=\"twitter:label1\" content=\"Escrit per\" \/>\n\t<meta name=\"twitter:data1\" content=\"neorg\" \/>\n\t<meta name=\"twitter:label2\" content=\"Temps estimat de lectura\" \/>\n\t<meta name=\"twitter:data2\" content=\"4 minuts\" \/>\n<script type=\"application\/ld+json\" class=\"yoast-schema-graph\">{\"@context\":\"https:\\\/\\\/schema.org\",\"@graph\":[{\"@type\":\"Article\",\"@id\":\"https:\\\/\\\/barcelona.euses.cat\\\/ca\\\/fisioterapia-internacional-que-es-i-a-qui-va-dirigit\\\/#article\",\"isPartOf\":{\"@id\":\"https:\\\/\\\/barcelona.euses.cat\\\/ca\\\/fisioterapia-internacional-que-es-i-a-qui-va-dirigit\\\/\"},\"author\":{\"name\":\"neorg\",\"@id\":\"https:\\\/\\\/barcelona.euses.cat\\\/ca\\\/#\\\/schema\\\/person\\\/c3074ca9d956eacf02e41e2ff78e53ab\"},\"headline\":\"Fisioter\u00e0pia Internacional: qu\u00e8 \u00e9s i a qui va dirigit?\",\"datePublished\":\"2015-03-14T23:00:00+00:00\",\"mainEntityOfPage\":{\"@id\":\"https:\\\/\\\/barcelona.euses.cat\\\/ca\\\/fisioterapia-internacional-que-es-i-a-qui-va-dirigit\\\/\"},\"wordCount\":743,\"image\":{\"@id\":\"https:\\\/\\\/barcelona.euses.cat\\\/ca\\\/fisioterapia-internacional-que-es-i-a-qui-va-dirigit\\\/#primaryimage\"},\"thumbnailUrl\":\"https:\\\/\\\/barcelona.euses.cat\\\/wp-content\\\/uploads\\\/2018\\\/02\\\/slider1.jpg\",\"keywords\":[\"Catal\u00e0\"],\"articleSection\":[\"Uncategorized @ca\"],\"inLanguage\":\"ca\"},{\"@type\":\"WebPage\",\"@id\":\"https:\\\/\\\/barcelona.euses.cat\\\/ca\\\/fisioterapia-internacional-que-es-i-a-qui-va-dirigit\\\/\",\"url\":\"https:\\\/\\\/barcelona.euses.cat\\\/ca\\\/fisioterapia-internacional-que-es-i-a-qui-va-dirigit\\\/\",\"name\":\"Fisioter\u00e0pia Internacional: qu\u00e8 \u00e9s i a qui va dirigit? | EUSES- Campus de Bellvitge (Barcelona)\",\"isPartOf\":{\"@id\":\"https:\\\/\\\/barcelona.euses.cat\\\/ca\\\/#website\"},\"primaryImageOfPage\":{\"@id\":\"https:\\\/\\\/barcelona.euses.cat\\\/ca\\\/fisioterapia-internacional-que-es-i-a-qui-va-dirigit\\\/#primaryimage\"},\"image\":{\"@id\":\"https:\\\/\\\/barcelona.euses.cat\\\/ca\\\/fisioterapia-internacional-que-es-i-a-qui-va-dirigit\\\/#primaryimage\"},\"thumbnailUrl\":\"https:\\\/\\\/barcelona.euses.cat\\\/wp-content\\\/uploads\\\/2018\\\/02\\\/slider1.jpg\",\"datePublished\":\"2015-03-14T23:00:00+00:00\",\"author\":{\"@id\":\"https:\\\/\\\/barcelona.euses.cat\\\/ca\\\/#\\\/schema\\\/person\\\/c3074ca9d956eacf02e41e2ff78e53ab\"},\"breadcrumb\":{\"@id\":\"https:\\\/\\\/barcelona.euses.cat\\\/ca\\\/fisioterapia-internacional-que-es-i-a-qui-va-dirigit\\\/#breadcrumb\"},\"inLanguage\":\"ca\",\"potentialAction\":[{\"@type\":\"ReadAction\",\"target\":[\"https:\\\/\\\/barcelona.euses.cat\\\/ca\\\/fisioterapia-internacional-que-es-i-a-qui-va-dirigit\\\/\"]}]},{\"@type\":\"ImageObject\",\"inLanguage\":\"ca\",\"@id\":\"https:\\\/\\\/barcelona.euses.cat\\\/ca\\\/fisioterapia-internacional-que-es-i-a-qui-va-dirigit\\\/#primaryimage\",\"url\":\"https:\\\/\\\/barcelona.euses.cat\\\/wp-content\\\/uploads\\\/2018\\\/02\\\/slider1.jpg\",\"contentUrl\":\"https:\\\/\\\/barcelona.euses.cat\\\/wp-content\\\/uploads\\\/2018\\\/02\\\/slider1.jpg\",\"width\":1368,\"height\":756},{\"@type\":\"BreadcrumbList\",\"@id\":\"https:\\\/\\\/barcelona.euses.cat\\\/ca\\\/fisioterapia-internacional-que-es-i-a-qui-va-dirigit\\\/#breadcrumb\",\"itemListElement\":[{\"@type\":\"ListItem\",\"position\":1,\"name\":\"Portada\",\"item\":\"https:\\\/\\\/barcelona.euses.cat\\\/ca\\\/\"},{\"@type\":\"ListItem\",\"position\":2,\"name\":\"Fisioter\u00e0pia Internacional: qu\u00e8 \u00e9s i a qui va dirigit?\"}]},{\"@type\":\"WebSite\",\"@id\":\"https:\\\/\\\/barcelona.euses.cat\\\/ca\\\/#website\",\"url\":\"https:\\\/\\\/barcelona.euses.cat\\\/ca\\\/\",\"name\":\"EUSES - Campus de Bellvitge (Barcelona)\",\"description\":\"EUSES, Escola Universit\u00e0ria de Fisioter\u00e0pia Internacional a Barcelona\",\"potentialAction\":[{\"@type\":\"SearchAction\",\"target\":{\"@type\":\"EntryPoint\",\"urlTemplate\":\"https:\\\/\\\/barcelona.euses.cat\\\/ca\\\/?s={search_term_string}\"},\"query-input\":{\"@type\":\"PropertyValueSpecification\",\"valueRequired\":true,\"valueName\":\"search_term_string\"}}],\"inLanguage\":\"ca\"},{\"@type\":\"Person\",\"@id\":\"https:\\\/\\\/barcelona.euses.cat\\\/ca\\\/#\\\/schema\\\/person\\\/c3074ca9d956eacf02e41e2ff78e53ab\",\"name\":\"neorg\",\"image\":{\"@type\":\"ImageObject\",\"inLanguage\":\"ca\",\"@id\":\"https:\\\/\\\/secure.gravatar.com\\\/avatar\\\/709d3d8015183afa7401c02e2291a538cbfd4ffe62f4d86ce5f4871f22e86b09?s=96&d=mm&r=g\",\"url\":\"https:\\\/\\\/secure.gravatar.com\\\/avatar\\\/709d3d8015183afa7401c02e2291a538cbfd4ffe62f4d86ce5f4871f22e86b09?s=96&d=mm&r=g\",\"contentUrl\":\"https:\\\/\\\/secure.gravatar.com\\\/avatar\\\/709d3d8015183afa7401c02e2291a538cbfd4ffe62f4d86ce5f4871f22e86b09?s=96&d=mm&r=g\",\"caption\":\"neorg\"},\"url\":\"https:\\\/\\\/barcelona.euses.cat\\\/ca\\\/author\\\/neorg\\\/\"}]}<\/script>\n<!-- \/ Yoast SEO plugin. -->","yoast_head_json":{"title":"Fisioter\u00e0pia Internacional: qu\u00e8 \u00e9s i a qui va dirigit? | EUSES- Campus de Bellvitge (Barcelona)","robots":{"index":"index","follow":"follow","max-snippet":"max-snippet:-1","max-image-preview":"max-image-preview:large","max-video-preview":"max-video-preview:-1"},"canonical":"https:\/\/barcelona.euses.cat\/ca\/fisioterapia-internacional-que-es-i-a-qui-va-dirigit\/","og_locale":"ca_ES","og_type":"article","og_title":"Fisioter\u00e0pia Internacional: qu\u00e8 \u00e9s i a qui va dirigit? | EUSES- Campus de Bellvitge (Barcelona)","og_description":"Es tracta d&#8217;una formaci\u00f3 orientada a l&#8217;aprenentatge dels diferents aspectes de la Fisioter\u00e0pia (valoraci\u00f3, diagn\u00f2stic, disseny i desenvolupament de tractaments) treballant amb una tercera llengua, aprofitant la sinergia entre l&#8217;Escola Universit\u00e0ria de la Salut i l&#8217;Esport &#8211; centre adscrit a la Universitat de Girona (d&#8217;ara endavant denominada EUSES-UdG) i l&#8217;Escola de Noves Tecnologies Interactives &#8211; [&hellip;]","og_url":"https:\/\/barcelona.euses.cat\/ca\/fisioterapia-internacional-que-es-i-a-qui-va-dirigit\/","og_site_name":"EUSES- Campus de Bellvitge (Barcelona)","article_publisher":"https:\/\/www.facebook.com\/PhysioBCN\/","article_published_time":"2015-03-14T23:00:00+00:00","og_image":[{"width":1368,"height":756,"url":"https:\/\/barcelona.euses.cat\/wp-content\/uploads\/2018\/02\/slider1.jpg","type":"image\/jpeg"}],"author":"neorg","twitter_card":"summary_large_image","twitter_misc":{"Escrit per":"neorg","Temps estimat de lectura":"4 minuts"},"schema":{"@context":"https:\/\/schema.org","@graph":[{"@type":"Article","@id":"https:\/\/barcelona.euses.cat\/ca\/fisioterapia-internacional-que-es-i-a-qui-va-dirigit\/#article","isPartOf":{"@id":"https:\/\/barcelona.euses.cat\/ca\/fisioterapia-internacional-que-es-i-a-qui-va-dirigit\/"},"author":{"name":"neorg","@id":"https:\/\/barcelona.euses.cat\/ca\/#\/schema\/person\/c3074ca9d956eacf02e41e2ff78e53ab"},"headline":"Fisioter\u00e0pia Internacional: qu\u00e8 \u00e9s i a qui va dirigit?","datePublished":"2015-03-14T23:00:00+00:00","mainEntityOfPage":{"@id":"https:\/\/barcelona.euses.cat\/ca\/fisioterapia-internacional-que-es-i-a-qui-va-dirigit\/"},"wordCount":743,"image":{"@id":"https:\/\/barcelona.euses.cat\/ca\/fisioterapia-internacional-que-es-i-a-qui-va-dirigit\/#primaryimage"},"thumbnailUrl":"https:\/\/barcelona.euses.cat\/wp-content\/uploads\/2018\/02\/slider1.jpg","keywords":["Catal\u00e0"],"articleSection":["Uncategorized @ca"],"inLanguage":"ca"},{"@type":"WebPage","@id":"https:\/\/barcelona.euses.cat\/ca\/fisioterapia-internacional-que-es-i-a-qui-va-dirigit\/","url":"https:\/\/barcelona.euses.cat\/ca\/fisioterapia-internacional-que-es-i-a-qui-va-dirigit\/","name":"Fisioter\u00e0pia Internacional: qu\u00e8 \u00e9s i a qui va dirigit? | EUSES- Campus de Bellvitge (Barcelona)","isPartOf":{"@id":"https:\/\/barcelona.euses.cat\/ca\/#website"},"primaryImageOfPage":{"@id":"https:\/\/barcelona.euses.cat\/ca\/fisioterapia-internacional-que-es-i-a-qui-va-dirigit\/#primaryimage"},"image":{"@id":"https:\/\/barcelona.euses.cat\/ca\/fisioterapia-internacional-que-es-i-a-qui-va-dirigit\/#primaryimage"},"thumbnailUrl":"https:\/\/barcelona.euses.cat\/wp-content\/uploads\/2018\/02\/slider1.jpg","datePublished":"2015-03-14T23:00:00+00:00","author":{"@id":"https:\/\/barcelona.euses.cat\/ca\/#\/schema\/person\/c3074ca9d956eacf02e41e2ff78e53ab"},"breadcrumb":{"@id":"https:\/\/barcelona.euses.cat\/ca\/fisioterapia-internacional-que-es-i-a-qui-va-dirigit\/#breadcrumb"},"inLanguage":"ca","potentialAction":[{"@type":"ReadAction","target":["https:\/\/barcelona.euses.cat\/ca\/fisioterapia-internacional-que-es-i-a-qui-va-dirigit\/"]}]},{"@type":"ImageObject","inLanguage":"ca","@id":"https:\/\/barcelona.euses.cat\/ca\/fisioterapia-internacional-que-es-i-a-qui-va-dirigit\/#primaryimage","url":"https:\/\/barcelona.euses.cat\/wp-content\/uploads\/2018\/02\/slider1.jpg","contentUrl":"https:\/\/barcelona.euses.cat\/wp-content\/uploads\/2018\/02\/slider1.jpg","width":1368,"height":756},{"@type":"BreadcrumbList","@id":"https:\/\/barcelona.euses.cat\/ca\/fisioterapia-internacional-que-es-i-a-qui-va-dirigit\/#breadcrumb","itemListElement":[{"@type":"ListItem","position":1,"name":"Portada","item":"https:\/\/barcelona.euses.cat\/ca\/"},{"@type":"ListItem","position":2,"name":"Fisioter\u00e0pia Internacional: qu\u00e8 \u00e9s i a qui va dirigit?"}]},{"@type":"WebSite","@id":"https:\/\/barcelona.euses.cat\/ca\/#website","url":"https:\/\/barcelona.euses.cat\/ca\/","name":"EUSES - Campus de Bellvitge (Barcelona)","description":"EUSES, Escola Universit\u00e0ria de Fisioter\u00e0pia Internacional a Barcelona","potentialAction":[{"@type":"SearchAction","target":{"@type":"EntryPoint","urlTemplate":"https:\/\/barcelona.euses.cat\/ca\/?s={search_term_string}"},"query-input":{"@type":"PropertyValueSpecification","valueRequired":true,"valueName":"search_term_string"}}],"inLanguage":"ca"},{"@type":"Person","@id":"https:\/\/barcelona.euses.cat\/ca\/#\/schema\/person\/c3074ca9d956eacf02e41e2ff78e53ab","name":"neorg","image":{"@type":"ImageObject","inLanguage":"ca","@id":"https:\/\/secure.gravatar.com\/avatar\/709d3d8015183afa7401c02e2291a538cbfd4ffe62f4d86ce5f4871f22e86b09?s=96&d=mm&r=g","url":"https:\/\/secure.gravatar.com\/avatar\/709d3d8015183afa7401c02e2291a538cbfd4ffe62f4d86ce5f4871f22e86b09?s=96&d=mm&r=g","contentUrl":"https:\/\/secure.gravatar.com\/avatar\/709d3d8015183afa7401c02e2291a538cbfd4ffe62f4d86ce5f4871f22e86b09?s=96&d=mm&r=g","caption":"neorg"},"url":"https:\/\/barcelona.euses.cat\/ca\/author\/neorg\/"}]}},"_links":{"self":[{"href":"https:\/\/barcelona.euses.cat\/ca\/wp-json\/wp\/v2\/posts\/5690","targetHints":{"allow":["GET"]}}],"collection":[{"href":"https:\/\/barcelona.euses.cat\/ca\/wp-json\/wp\/v2\/posts"}],"about":[{"href":"https:\/\/barcelona.euses.cat\/ca\/wp-json\/wp\/v2\/types\/post"}],"author":[{"embeddable":true,"href":"https:\/\/barcelona.euses.cat\/ca\/wp-json\/wp\/v2\/users\/1"}],"replies":[{"embeddable":true,"href":"https:\/\/barcelona.euses.cat\/ca\/wp-json\/wp\/v2\/comments?post=5690"}],"version-history":[{"count":0,"href":"https:\/\/barcelona.euses.cat\/ca\/wp-json\/wp\/v2\/posts\/5690\/revisions"}],"wp:featuredmedia":[{"embeddable":true,"href":"https:\/\/barcelona.euses.cat\/ca\/wp-json\/wp\/v2\/media\/5691"}],"wp:attachment":[{"href":"https:\/\/barcelona.euses.cat\/ca\/wp-json\/wp\/v2\/media?parent=5690"}],"wp:term":[{"taxonomy":"category","embeddable":true,"href":"https:\/\/barcelona.euses.cat\/ca\/wp-json\/wp\/v2\/categories?post=5690"},{"taxonomy":"post_tag","embeddable":true,"href":"https:\/\/barcelona.euses.cat\/ca\/wp-json\/wp\/v2\/tags?post=5690"}],"curies":[{"name":"wp","href":"https:\/\/api.w.org\/{rel}","templated":true}]}}