{"id":5641,"date":"2015-07-13T00:00:00","date_gmt":"2015-07-12T22:00:00","guid":{"rendered":"http:\/\/physiotherapybarcelona.net\/saps-que-a-mes-de-lambit-assistencial-pots-dedicar-te-a-la-docencia-estudia-el-grau-en-fisioterapia-internacional-al-campus-de-barcelona\/"},"modified":"2015-07-13T00:00:00","modified_gmt":"2015-07-12T22:00:00","slug":"saps-que-a-mes-de-lambit-assistencial-pots-dedicar-te-a-la-docencia-estudia-el-grau-en-fisioterapia-internacional-al-campus-de-barcelona","status":"publish","type":"post","link":"https:\/\/barcelona.euses.cat\/ca\/saps-que-a-mes-de-lambit-assistencial-pots-dedicar-te-a-la-docencia-estudia-el-grau-en-fisioterapia-internacional-al-campus-de-barcelona\/","title":{"rendered":"Saps que a m\u00e9s de l\u2019\u00e0mbit assistencial, pots dedicar-te a la doc\u00e8ncia? Estudia el Grau en Fisioter\u00e0pia Internacional al Campus de Barcelona"},"content":{"rendered":"<p>Avui dia, un dels <strong>sectors professionals<\/strong> en <strong>al\u00e7a<\/strong>, dins l\u2019\u00e0mbit de la <strong>fisioter\u00e0pia<\/strong>, \u00e9s el de la <strong>doc\u00e8ncia<\/strong> i el desenvolupament professional acad\u00e8mic. Per tant, si t\u2019agrada la fisioter\u00e0pia i alhora tens vocaci\u00f3 per la doc\u00e8ncia, una bona opci\u00f3 \u00e9s estudiar el <strong>Grau en Fisioter\u00e0pia Internacional, <\/strong>de <strong>l\u2019Escola de Noves Tecnologies Interactives<\/strong> <strong>(ENTI-UB) i de l\u2019Escola de la Salut i l\u2019Esport (EUSES-UdG)<\/strong> al <strong>Campus de Barcelona.<\/strong><\/p>\n<p>Un cop et gradu\u00efs en <strong>Fisioter\u00e0pia Internacional<\/strong>, podr\u00e0s desenvolupar la teva tasca com a <strong>docent<\/strong> a la universitat, centres de secund\u00e0ria o de formaci\u00f3 continuada i escoles d\u2019educaci\u00f3 especial. Com a <strong>professor<\/strong>, podr\u00e0s ensenyar <strong>diverses mat\u00e8ries relacionades<\/strong> amb el m\u00f3n de la <strong>fisioter\u00e0pia<\/strong> com ergonomia, massoter\u00e0pia, cinesiter\u00e0pia, aplicacions de ter\u00e0pies manuals i noves tecnologies sanit\u00e0ries, entre moltes altres.<\/p>\n<p>Ara b\u00e9, aquest no \u00e9s l\u2019\u00fanic camp, al qual, et pots dedicar professionalment. El <strong>Grau en Fisioter\u00e0pia Internacional<\/strong> <strong>UB-UdG<\/strong> et dotar\u00e0 d\u2019un <strong>perfil clarament professional<\/strong>, pr\u00f2pia d\u2019una formaci\u00f3 amb una s\u00f2lida base cient\u00edfica i pr\u00e0ctica, que et permetr\u00e0 tenir els coneixements, les habilitats i les actituds suficients per exercir en tots els vessants de la professi\u00f3, \u00e9s a dir, com a <strong>fisioterapeuta generalista<\/strong>.<\/p>\n<p>De fet, les <strong>sortides laborals<\/strong> del <strong>fisioterapeuta<\/strong> estan ubicades dins dels diferents <strong>\u00e0mbits dels professionals de la salut<\/strong>: el tractament de patologies de les especialitats m\u00e8diques i quir\u00fargiques; activitats de prevenci\u00f3 de malalties i de promoci\u00f3 de la salut; recerca, doc\u00e8ncia i gesti\u00f3, s\u00f3n tamb\u00e9 altres \u00e0mbits laborals possibles. A m\u00e9s, permet l&#8217;activitat professional tant en el sector p\u00fablic com privat.<\/p>\n<p>Per tant, un cop finalitzis aquest <strong>Grau <\/strong>tindr\u00e0s a la teva disposici\u00f3 un <strong>ampli ventall de sortides laborals<\/strong>. Entre les quals, cal esmentar: fisioterapeuta a <strong>hospitals i cl\u00edniques<\/strong>; a <strong>centres d&#8217;assist\u00e8ncia prim\u00e0ria<\/strong>; a centres de <strong>rehabilitaci\u00f3<\/strong>; a escoles <strong>d&#8217;educaci\u00f3 especial<\/strong>; <strong>centres esportius<\/strong>; <strong>resid\u00e8ncies geri\u00e0triques<\/strong>; <strong>serveis sanitaris d&#8217;empreses o centres psiqui\u00e0trics<\/strong>.<\/p>\n<p>Tant si t\u2019agrada la <strong>doc\u00e8ncia<\/strong> com tot all\u00f2 m\u00e9s relacionat amb <strong>l\u2019\u00e0mbit assistencial o m\u00e8dic<\/strong>, no ho dubtis m\u00e9s i matricula\u2019t al <a href=\"http:\/\/goo.gl\/ag9aOd\"><strong>Grau en Fisioter\u00e0pia Internacional UB-UdG<\/strong><\/a>.<\/p>\n","protected":false},"excerpt":{"rendered":"<p>Avui dia, un dels sectors professionals en al\u00e7a, dins l\u2019\u00e0mbit de la fisioter\u00e0pia, \u00e9s el de la doc\u00e8ncia i el desenvolupament professional acad\u00e8mic. Per tant, si t\u2019agrada la fisioter\u00e0pia i alhora tens vocaci\u00f3 per la doc\u00e8ncia, una bona opci\u00f3 \u00e9s estudiar el Grau en Fisioter\u00e0pia Internacional, de l\u2019Escola de Noves Tecnologies Interactives (ENTI-UB) i de [&hellip;]<\/p>\n","protected":false},"author":1,"featured_media":5646,"comment_status":"closed","ping_status":"closed","sticky":false,"template":"","format":"standard","meta":{"_acf_changed":false,"inline_featured_image":false,"_joinchat":[],"footnotes":""},"categories":[54],"tags":[45],"class_list":["post-5641","post","type-post","status-publish","format-standard","has-post-thumbnail","hentry","category-uncategorized-ca","tag-catala"],"acf":[],"yoast_head":"<!-- This site is optimized with the Yoast SEO plugin v27.4 - https:\/\/yoast.com\/product\/yoast-seo-wordpress\/ -->\n<title>Saps que a m\u00e9s de l\u2019\u00e0mbit assistencial, pots dedicar-te a la doc\u00e8ncia? Estudia el Grau en Fisioter\u00e0pia Internacional al Campus de Barcelona | EUSES- Campus de Bellvitge (Barcelona)<\/title>\n<meta name=\"robots\" content=\"index, follow, max-snippet:-1, max-image-preview:large, max-video-preview:-1\" \/>\n<link rel=\"canonical\" href=\"https:\/\/barcelona.euses.cat\/ca\/saps-que-a-mes-de-lambit-assistencial-pots-dedicar-te-a-la-docencia-estudia-el-grau-en-fisioterapia-internacional-al-campus-de-barcelona\/\" \/>\n<meta property=\"og:locale\" content=\"ca_ES\" \/>\n<meta property=\"og:type\" content=\"article\" \/>\n<meta property=\"og:title\" content=\"Saps que a m\u00e9s de l\u2019\u00e0mbit assistencial, pots dedicar-te a la doc\u00e8ncia? Estudia el Grau en Fisioter\u00e0pia Internacional al Campus de Barcelona | EUSES- Campus de Bellvitge (Barcelona)\" \/>\n<meta property=\"og:description\" content=\"Avui dia, un dels sectors professionals en al\u00e7a, dins l\u2019\u00e0mbit de la fisioter\u00e0pia, \u00e9s el de la doc\u00e8ncia i el desenvolupament professional acad\u00e8mic. Per tant, si t\u2019agrada la fisioter\u00e0pia i alhora tens vocaci\u00f3 per la doc\u00e8ncia, una bona opci\u00f3 \u00e9s estudiar el Grau en Fisioter\u00e0pia Internacional, de l\u2019Escola de Noves Tecnologies Interactives (ENTI-UB) i de [&hellip;]\" \/>\n<meta property=\"og:url\" content=\"https:\/\/barcelona.euses.cat\/ca\/saps-que-a-mes-de-lambit-assistencial-pots-dedicar-te-a-la-docencia-estudia-el-grau-en-fisioterapia-internacional-al-campus-de-barcelona\/\" \/>\n<meta property=\"og:site_name\" content=\"EUSES- Campus de Bellvitge (Barcelona)\" \/>\n<meta property=\"article:publisher\" content=\"https:\/\/www.facebook.com\/PhysioBCN\/\" \/>\n<meta property=\"article:published_time\" content=\"2015-07-12T22:00:00+00:00\" \/>\n<meta property=\"og:image\" content=\"https:\/\/barcelona.euses.cat\/wp-content\/uploads\/2018\/02\/Saps-que-a-banda-de-l\u2019\u00e0mbit-assistencial-pots-dedicar-te-a-la-doc\u00e8ncia.-Estudia-el-Grau-en-Fisioter\u00e0pia-Internacional-al-Campus-de-Barcel1-e1436798136597.jpg\" \/>\n\t<meta property=\"og:image:width\" content=\"1000\" \/>\n\t<meta property=\"og:image:height\" content=\"750\" \/>\n\t<meta property=\"og:image:type\" content=\"image\/jpeg\" \/>\n<meta name=\"author\" content=\"neorg\" \/>\n<meta name=\"twitter:card\" content=\"summary_large_image\" \/>\n<meta name=\"twitter:label1\" content=\"Escrit per\" \/>\n\t<meta name=\"twitter:data1\" content=\"neorg\" \/>\n\t<meta name=\"twitter:label2\" content=\"Temps estimat de lectura\" \/>\n\t<meta name=\"twitter:data2\" content=\"2 minuts\" \/>\n<script type=\"application\/ld+json\" class=\"yoast-schema-graph\">{\"@context\":\"https:\\\/\\\/schema.org\",\"@graph\":[{\"@type\":\"Article\",\"@id\":\"https:\\\/\\\/barcelona.euses.cat\\\/ca\\\/saps-que-a-mes-de-lambit-assistencial-pots-dedicar-te-a-la-docencia-estudia-el-grau-en-fisioterapia-internacional-al-campus-de-barcelona\\\/#article\",\"isPartOf\":{\"@id\":\"https:\\\/\\\/barcelona.euses.cat\\\/ca\\\/saps-que-a-mes-de-lambit-assistencial-pots-dedicar-te-a-la-docencia-estudia-el-grau-en-fisioterapia-internacional-al-campus-de-barcelona\\\/\"},\"author\":{\"name\":\"neorg\",\"@id\":\"https:\\\/\\\/barcelona.euses.cat\\\/ca\\\/#\\\/schema\\\/person\\\/c3074ca9d956eacf02e41e2ff78e53ab\"},\"headline\":\"Saps que a m\u00e9s de l\u2019\u00e0mbit assistencial, pots dedicar-te a la doc\u00e8ncia? Estudia el Grau en Fisioter\u00e0pia Internacional al Campus de Barcelona\",\"datePublished\":\"2015-07-12T22:00:00+00:00\",\"mainEntityOfPage\":{\"@id\":\"https:\\\/\\\/barcelona.euses.cat\\\/ca\\\/saps-que-a-mes-de-lambit-assistencial-pots-dedicar-te-a-la-docencia-estudia-el-grau-en-fisioterapia-internacional-al-campus-de-barcelona\\\/\"},\"wordCount\":409,\"image\":{\"@id\":\"https:\\\/\\\/barcelona.euses.cat\\\/ca\\\/saps-que-a-mes-de-lambit-assistencial-pots-dedicar-te-a-la-docencia-estudia-el-grau-en-fisioterapia-internacional-al-campus-de-barcelona\\\/#primaryimage\"},\"thumbnailUrl\":\"https:\\\/\\\/barcelona.euses.cat\\\/wp-content\\\/uploads\\\/2018\\\/02\\\/Saps-que-a-banda-de-l\u2019\u00e0mbit-assistencial-pots-dedicar-te-a-la-doc\u00e8ncia.-Estudia-el-Grau-en-Fisioter\u00e0pia-Internacional-al-Campus-de-Barcel1-e1436798136597.jpg\",\"keywords\":[\"Catal\u00e0\"],\"articleSection\":[\"Uncategorized @ca\"],\"inLanguage\":\"ca\"},{\"@type\":\"WebPage\",\"@id\":\"https:\\\/\\\/barcelona.euses.cat\\\/ca\\\/saps-que-a-mes-de-lambit-assistencial-pots-dedicar-te-a-la-docencia-estudia-el-grau-en-fisioterapia-internacional-al-campus-de-barcelona\\\/\",\"url\":\"https:\\\/\\\/barcelona.euses.cat\\\/ca\\\/saps-que-a-mes-de-lambit-assistencial-pots-dedicar-te-a-la-docencia-estudia-el-grau-en-fisioterapia-internacional-al-campus-de-barcelona\\\/\",\"name\":\"Saps que a m\u00e9s de l\u2019\u00e0mbit assistencial, pots dedicar-te a la doc\u00e8ncia? Estudia el Grau en Fisioter\u00e0pia Internacional al Campus de Barcelona | EUSES- Campus de Bellvitge (Barcelona)\",\"isPartOf\":{\"@id\":\"https:\\\/\\\/barcelona.euses.cat\\\/ca\\\/#website\"},\"primaryImageOfPage\":{\"@id\":\"https:\\\/\\\/barcelona.euses.cat\\\/ca\\\/saps-que-a-mes-de-lambit-assistencial-pots-dedicar-te-a-la-docencia-estudia-el-grau-en-fisioterapia-internacional-al-campus-de-barcelona\\\/#primaryimage\"},\"image\":{\"@id\":\"https:\\\/\\\/barcelona.euses.cat\\\/ca\\\/saps-que-a-mes-de-lambit-assistencial-pots-dedicar-te-a-la-docencia-estudia-el-grau-en-fisioterapia-internacional-al-campus-de-barcelona\\\/#primaryimage\"},\"thumbnailUrl\":\"https:\\\/\\\/barcelona.euses.cat\\\/wp-content\\\/uploads\\\/2018\\\/02\\\/Saps-que-a-banda-de-l\u2019\u00e0mbit-assistencial-pots-dedicar-te-a-la-doc\u00e8ncia.-Estudia-el-Grau-en-Fisioter\u00e0pia-Internacional-al-Campus-de-Barcel1-e1436798136597.jpg\",\"datePublished\":\"2015-07-12T22:00:00+00:00\",\"author\":{\"@id\":\"https:\\\/\\\/barcelona.euses.cat\\\/ca\\\/#\\\/schema\\\/person\\\/c3074ca9d956eacf02e41e2ff78e53ab\"},\"breadcrumb\":{\"@id\":\"https:\\\/\\\/barcelona.euses.cat\\\/ca\\\/saps-que-a-mes-de-lambit-assistencial-pots-dedicar-te-a-la-docencia-estudia-el-grau-en-fisioterapia-internacional-al-campus-de-barcelona\\\/#breadcrumb\"},\"inLanguage\":\"ca\",\"potentialAction\":[{\"@type\":\"ReadAction\",\"target\":[\"https:\\\/\\\/barcelona.euses.cat\\\/ca\\\/saps-que-a-mes-de-lambit-assistencial-pots-dedicar-te-a-la-docencia-estudia-el-grau-en-fisioterapia-internacional-al-campus-de-barcelona\\\/\"]}]},{\"@type\":\"ImageObject\",\"inLanguage\":\"ca\",\"@id\":\"https:\\\/\\\/barcelona.euses.cat\\\/ca\\\/saps-que-a-mes-de-lambit-assistencial-pots-dedicar-te-a-la-docencia-estudia-el-grau-en-fisioterapia-internacional-al-campus-de-barcelona\\\/#primaryimage\",\"url\":\"https:\\\/\\\/barcelona.euses.cat\\\/wp-content\\\/uploads\\\/2018\\\/02\\\/Saps-que-a-banda-de-l\u2019\u00e0mbit-assistencial-pots-dedicar-te-a-la-doc\u00e8ncia.-Estudia-el-Grau-en-Fisioter\u00e0pia-Internacional-al-Campus-de-Barcel1-e1436798136597.jpg\",\"contentUrl\":\"https:\\\/\\\/barcelona.euses.cat\\\/wp-content\\\/uploads\\\/2018\\\/02\\\/Saps-que-a-banda-de-l\u2019\u00e0mbit-assistencial-pots-dedicar-te-a-la-doc\u00e8ncia.-Estudia-el-Grau-en-Fisioter\u00e0pia-Internacional-al-Campus-de-Barcel1-e1436798136597.jpg\",\"width\":1000,\"height\":750},{\"@type\":\"BreadcrumbList\",\"@id\":\"https:\\\/\\\/barcelona.euses.cat\\\/ca\\\/saps-que-a-mes-de-lambit-assistencial-pots-dedicar-te-a-la-docencia-estudia-el-grau-en-fisioterapia-internacional-al-campus-de-barcelona\\\/#breadcrumb\",\"itemListElement\":[{\"@type\":\"ListItem\",\"position\":1,\"name\":\"Portada\",\"item\":\"https:\\\/\\\/barcelona.euses.cat\\\/ca\\\/\"},{\"@type\":\"ListItem\",\"position\":2,\"name\":\"Saps que a m\u00e9s de l\u2019\u00e0mbit assistencial, pots dedicar-te a la doc\u00e8ncia? Estudia el Grau en Fisioter\u00e0pia Internacional al Campus de Barcelona\"}]},{\"@type\":\"WebSite\",\"@id\":\"https:\\\/\\\/barcelona.euses.cat\\\/ca\\\/#website\",\"url\":\"https:\\\/\\\/barcelona.euses.cat\\\/ca\\\/\",\"name\":\"EUSES - Campus de Bellvitge (Barcelona)\",\"description\":\"EUSES, Escola Universit\u00e0ria de Fisioter\u00e0pia Internacional a Barcelona\",\"potentialAction\":[{\"@type\":\"SearchAction\",\"target\":{\"@type\":\"EntryPoint\",\"urlTemplate\":\"https:\\\/\\\/barcelona.euses.cat\\\/ca\\\/?s={search_term_string}\"},\"query-input\":{\"@type\":\"PropertyValueSpecification\",\"valueRequired\":true,\"valueName\":\"search_term_string\"}}],\"inLanguage\":\"ca\"},{\"@type\":\"Person\",\"@id\":\"https:\\\/\\\/barcelona.euses.cat\\\/ca\\\/#\\\/schema\\\/person\\\/c3074ca9d956eacf02e41e2ff78e53ab\",\"name\":\"neorg\",\"image\":{\"@type\":\"ImageObject\",\"inLanguage\":\"ca\",\"@id\":\"https:\\\/\\\/secure.gravatar.com\\\/avatar\\\/709d3d8015183afa7401c02e2291a538cbfd4ffe62f4d86ce5f4871f22e86b09?s=96&d=mm&r=g\",\"url\":\"https:\\\/\\\/secure.gravatar.com\\\/avatar\\\/709d3d8015183afa7401c02e2291a538cbfd4ffe62f4d86ce5f4871f22e86b09?s=96&d=mm&r=g\",\"contentUrl\":\"https:\\\/\\\/secure.gravatar.com\\\/avatar\\\/709d3d8015183afa7401c02e2291a538cbfd4ffe62f4d86ce5f4871f22e86b09?s=96&d=mm&r=g\",\"caption\":\"neorg\"},\"url\":\"https:\\\/\\\/barcelona.euses.cat\\\/ca\\\/author\\\/neorg\\\/\"}]}<\/script>\n<!-- \/ Yoast SEO plugin. -->","yoast_head_json":{"title":"Saps que a m\u00e9s de l\u2019\u00e0mbit assistencial, pots dedicar-te a la doc\u00e8ncia? Estudia el Grau en Fisioter\u00e0pia Internacional al Campus de Barcelona | EUSES- Campus de Bellvitge (Barcelona)","robots":{"index":"index","follow":"follow","max-snippet":"max-snippet:-1","max-image-preview":"max-image-preview:large","max-video-preview":"max-video-preview:-1"},"canonical":"https:\/\/barcelona.euses.cat\/ca\/saps-que-a-mes-de-lambit-assistencial-pots-dedicar-te-a-la-docencia-estudia-el-grau-en-fisioterapia-internacional-al-campus-de-barcelona\/","og_locale":"ca_ES","og_type":"article","og_title":"Saps que a m\u00e9s de l\u2019\u00e0mbit assistencial, pots dedicar-te a la doc\u00e8ncia? Estudia el Grau en Fisioter\u00e0pia Internacional al Campus de Barcelona | EUSES- Campus de Bellvitge (Barcelona)","og_description":"Avui dia, un dels sectors professionals en al\u00e7a, dins l\u2019\u00e0mbit de la fisioter\u00e0pia, \u00e9s el de la doc\u00e8ncia i el desenvolupament professional acad\u00e8mic. Per tant, si t\u2019agrada la fisioter\u00e0pia i alhora tens vocaci\u00f3 per la doc\u00e8ncia, una bona opci\u00f3 \u00e9s estudiar el Grau en Fisioter\u00e0pia Internacional, de l\u2019Escola de Noves Tecnologies Interactives (ENTI-UB) i de [&hellip;]","og_url":"https:\/\/barcelona.euses.cat\/ca\/saps-que-a-mes-de-lambit-assistencial-pots-dedicar-te-a-la-docencia-estudia-el-grau-en-fisioterapia-internacional-al-campus-de-barcelona\/","og_site_name":"EUSES- Campus de Bellvitge (Barcelona)","article_publisher":"https:\/\/www.facebook.com\/PhysioBCN\/","article_published_time":"2015-07-12T22:00:00+00:00","og_image":[{"width":1000,"height":750,"url":"https:\/\/barcelona.euses.cat\/wp-content\/uploads\/2018\/02\/Saps-que-a-banda-de-l\u2019\u00e0mbit-assistencial-pots-dedicar-te-a-la-doc\u00e8ncia.-Estudia-el-Grau-en-Fisioter\u00e0pia-Internacional-al-Campus-de-Barcel1-e1436798136597.jpg","type":"image\/jpeg"}],"author":"neorg","twitter_card":"summary_large_image","twitter_misc":{"Escrit per":"neorg","Temps estimat de lectura":"2 minuts"},"schema":{"@context":"https:\/\/schema.org","@graph":[{"@type":"Article","@id":"https:\/\/barcelona.euses.cat\/ca\/saps-que-a-mes-de-lambit-assistencial-pots-dedicar-te-a-la-docencia-estudia-el-grau-en-fisioterapia-internacional-al-campus-de-barcelona\/#article","isPartOf":{"@id":"https:\/\/barcelona.euses.cat\/ca\/saps-que-a-mes-de-lambit-assistencial-pots-dedicar-te-a-la-docencia-estudia-el-grau-en-fisioterapia-internacional-al-campus-de-barcelona\/"},"author":{"name":"neorg","@id":"https:\/\/barcelona.euses.cat\/ca\/#\/schema\/person\/c3074ca9d956eacf02e41e2ff78e53ab"},"headline":"Saps que a m\u00e9s de l\u2019\u00e0mbit assistencial, pots dedicar-te a la doc\u00e8ncia? Estudia el Grau en Fisioter\u00e0pia Internacional al Campus de Barcelona","datePublished":"2015-07-12T22:00:00+00:00","mainEntityOfPage":{"@id":"https:\/\/barcelona.euses.cat\/ca\/saps-que-a-mes-de-lambit-assistencial-pots-dedicar-te-a-la-docencia-estudia-el-grau-en-fisioterapia-internacional-al-campus-de-barcelona\/"},"wordCount":409,"image":{"@id":"https:\/\/barcelona.euses.cat\/ca\/saps-que-a-mes-de-lambit-assistencial-pots-dedicar-te-a-la-docencia-estudia-el-grau-en-fisioterapia-internacional-al-campus-de-barcelona\/#primaryimage"},"thumbnailUrl":"https:\/\/barcelona.euses.cat\/wp-content\/uploads\/2018\/02\/Saps-que-a-banda-de-l\u2019\u00e0mbit-assistencial-pots-dedicar-te-a-la-doc\u00e8ncia.-Estudia-el-Grau-en-Fisioter\u00e0pia-Internacional-al-Campus-de-Barcel1-e1436798136597.jpg","keywords":["Catal\u00e0"],"articleSection":["Uncategorized @ca"],"inLanguage":"ca"},{"@type":"WebPage","@id":"https:\/\/barcelona.euses.cat\/ca\/saps-que-a-mes-de-lambit-assistencial-pots-dedicar-te-a-la-docencia-estudia-el-grau-en-fisioterapia-internacional-al-campus-de-barcelona\/","url":"https:\/\/barcelona.euses.cat\/ca\/saps-que-a-mes-de-lambit-assistencial-pots-dedicar-te-a-la-docencia-estudia-el-grau-en-fisioterapia-internacional-al-campus-de-barcelona\/","name":"Saps que a m\u00e9s de l\u2019\u00e0mbit assistencial, pots dedicar-te a la doc\u00e8ncia? Estudia el Grau en Fisioter\u00e0pia Internacional al Campus de Barcelona | EUSES- Campus de Bellvitge (Barcelona)","isPartOf":{"@id":"https:\/\/barcelona.euses.cat\/ca\/#website"},"primaryImageOfPage":{"@id":"https:\/\/barcelona.euses.cat\/ca\/saps-que-a-mes-de-lambit-assistencial-pots-dedicar-te-a-la-docencia-estudia-el-grau-en-fisioterapia-internacional-al-campus-de-barcelona\/#primaryimage"},"image":{"@id":"https:\/\/barcelona.euses.cat\/ca\/saps-que-a-mes-de-lambit-assistencial-pots-dedicar-te-a-la-docencia-estudia-el-grau-en-fisioterapia-internacional-al-campus-de-barcelona\/#primaryimage"},"thumbnailUrl":"https:\/\/barcelona.euses.cat\/wp-content\/uploads\/2018\/02\/Saps-que-a-banda-de-l\u2019\u00e0mbit-assistencial-pots-dedicar-te-a-la-doc\u00e8ncia.-Estudia-el-Grau-en-Fisioter\u00e0pia-Internacional-al-Campus-de-Barcel1-e1436798136597.jpg","datePublished":"2015-07-12T22:00:00+00:00","author":{"@id":"https:\/\/barcelona.euses.cat\/ca\/#\/schema\/person\/c3074ca9d956eacf02e41e2ff78e53ab"},"breadcrumb":{"@id":"https:\/\/barcelona.euses.cat\/ca\/saps-que-a-mes-de-lambit-assistencial-pots-dedicar-te-a-la-docencia-estudia-el-grau-en-fisioterapia-internacional-al-campus-de-barcelona\/#breadcrumb"},"inLanguage":"ca","potentialAction":[{"@type":"ReadAction","target":["https:\/\/barcelona.euses.cat\/ca\/saps-que-a-mes-de-lambit-assistencial-pots-dedicar-te-a-la-docencia-estudia-el-grau-en-fisioterapia-internacional-al-campus-de-barcelona\/"]}]},{"@type":"ImageObject","inLanguage":"ca","@id":"https:\/\/barcelona.euses.cat\/ca\/saps-que-a-mes-de-lambit-assistencial-pots-dedicar-te-a-la-docencia-estudia-el-grau-en-fisioterapia-internacional-al-campus-de-barcelona\/#primaryimage","url":"https:\/\/barcelona.euses.cat\/wp-content\/uploads\/2018\/02\/Saps-que-a-banda-de-l\u2019\u00e0mbit-assistencial-pots-dedicar-te-a-la-doc\u00e8ncia.-Estudia-el-Grau-en-Fisioter\u00e0pia-Internacional-al-Campus-de-Barcel1-e1436798136597.jpg","contentUrl":"https:\/\/barcelona.euses.cat\/wp-content\/uploads\/2018\/02\/Saps-que-a-banda-de-l\u2019\u00e0mbit-assistencial-pots-dedicar-te-a-la-doc\u00e8ncia.-Estudia-el-Grau-en-Fisioter\u00e0pia-Internacional-al-Campus-de-Barcel1-e1436798136597.jpg","width":1000,"height":750},{"@type":"BreadcrumbList","@id":"https:\/\/barcelona.euses.cat\/ca\/saps-que-a-mes-de-lambit-assistencial-pots-dedicar-te-a-la-docencia-estudia-el-grau-en-fisioterapia-internacional-al-campus-de-barcelona\/#breadcrumb","itemListElement":[{"@type":"ListItem","position":1,"name":"Portada","item":"https:\/\/barcelona.euses.cat\/ca\/"},{"@type":"ListItem","position":2,"name":"Saps que a m\u00e9s de l\u2019\u00e0mbit assistencial, pots dedicar-te a la doc\u00e8ncia? Estudia el Grau en Fisioter\u00e0pia Internacional al Campus de Barcelona"}]},{"@type":"WebSite","@id":"https:\/\/barcelona.euses.cat\/ca\/#website","url":"https:\/\/barcelona.euses.cat\/ca\/","name":"EUSES - Campus de Bellvitge (Barcelona)","description":"EUSES, Escola Universit\u00e0ria de Fisioter\u00e0pia Internacional a Barcelona","potentialAction":[{"@type":"SearchAction","target":{"@type":"EntryPoint","urlTemplate":"https:\/\/barcelona.euses.cat\/ca\/?s={search_term_string}"},"query-input":{"@type":"PropertyValueSpecification","valueRequired":true,"valueName":"search_term_string"}}],"inLanguage":"ca"},{"@type":"Person","@id":"https:\/\/barcelona.euses.cat\/ca\/#\/schema\/person\/c3074ca9d956eacf02e41e2ff78e53ab","name":"neorg","image":{"@type":"ImageObject","inLanguage":"ca","@id":"https:\/\/secure.gravatar.com\/avatar\/709d3d8015183afa7401c02e2291a538cbfd4ffe62f4d86ce5f4871f22e86b09?s=96&d=mm&r=g","url":"https:\/\/secure.gravatar.com\/avatar\/709d3d8015183afa7401c02e2291a538cbfd4ffe62f4d86ce5f4871f22e86b09?s=96&d=mm&r=g","contentUrl":"https:\/\/secure.gravatar.com\/avatar\/709d3d8015183afa7401c02e2291a538cbfd4ffe62f4d86ce5f4871f22e86b09?s=96&d=mm&r=g","caption":"neorg"},"url":"https:\/\/barcelona.euses.cat\/ca\/author\/neorg\/"}]}},"_links":{"self":[{"href":"https:\/\/barcelona.euses.cat\/ca\/wp-json\/wp\/v2\/posts\/5641","targetHints":{"allow":["GET"]}}],"collection":[{"href":"https:\/\/barcelona.euses.cat\/ca\/wp-json\/wp\/v2\/posts"}],"about":[{"href":"https:\/\/barcelona.euses.cat\/ca\/wp-json\/wp\/v2\/types\/post"}],"author":[{"embeddable":true,"href":"https:\/\/barcelona.euses.cat\/ca\/wp-json\/wp\/v2\/users\/1"}],"replies":[{"embeddable":true,"href":"https:\/\/barcelona.euses.cat\/ca\/wp-json\/wp\/v2\/comments?post=5641"}],"version-history":[{"count":0,"href":"https:\/\/barcelona.euses.cat\/ca\/wp-json\/wp\/v2\/posts\/5641\/revisions"}],"wp:featuredmedia":[{"embeddable":true,"href":"https:\/\/barcelona.euses.cat\/ca\/wp-json\/wp\/v2\/media\/5646"}],"wp:attachment":[{"href":"https:\/\/barcelona.euses.cat\/ca\/wp-json\/wp\/v2\/media?parent=5641"}],"wp:term":[{"taxonomy":"category","embeddable":true,"href":"https:\/\/barcelona.euses.cat\/ca\/wp-json\/wp\/v2\/categories?post=5641"},{"taxonomy":"post_tag","embeddable":true,"href":"https:\/\/barcelona.euses.cat\/ca\/wp-json\/wp\/v2\/tags?post=5641"}],"curies":[{"name":"wp","href":"https:\/\/api.w.org\/{rel}","templated":true}]}}