{"id":5625,"date":"2015-08-07T00:00:00","date_gmt":"2015-08-06T22:00:00","guid":{"rendered":"http:\/\/physiotherapybarcelona.net\/ja-has-decidit-que-estudiaras-a-partir-de-setembre-matriculat-al-grau-en-fisioterapia-internacional-al-campus-de-barcelona-encara-hi-ets-a-temps\/"},"modified":"2015-08-07T00:00:00","modified_gmt":"2015-08-06T22:00:00","slug":"ja-has-decidit-que-estudiaras-a-partir-de-setembre-matriculat-al-grau-en-fisioterapia-internacional-al-campus-de-barcelona-encara-hi-ets-a-temps","status":"publish","type":"post","link":"https:\/\/barcelona.euses.cat\/ca\/ja-has-decidit-que-estudiaras-a-partir-de-setembre-matriculat-al-grau-en-fisioterapia-internacional-al-campus-de-barcelona-encara-hi-ets-a-temps\/","title":{"rendered":"Ja has decidit qu\u00e8 estudiar\u00e0s a partir de setembre? Matricula\u2019t al Grau en Fisioter\u00e0pia Internacional al Campus de Barcelona. Encara hi ets a temps!"},"content":{"rendered":"<p>Si decideixes estudiar el <strong>Grau en Fisioter\u00e0pia Internacional<\/strong>, de l\u2019<strong>Escola de Noves Tecnologies Interactives (ENTI-UB) i de l\u2019Escola de la Salut i l\u2019Esport (EUSES-UdG)<\/strong> al <strong>Campus de Barcelona<\/strong>, comptar\u00e0s amb un <strong>doble avantatge<\/strong>. D\u2019una banda, l\u2019aplicaci\u00f3 de les <strong>noves tecnologies<\/strong> a l\u2019\u00e0mbit de la <strong>fisioter\u00e0pia<\/strong> i de l\u2019altra, la <strong>formaci\u00f3<\/strong> \u00edntegrament en <strong>llengua anglesa<\/strong>. Aquests dos aspectes et dotaran d\u2019un <strong>perfil professional<\/strong> molt <strong>m\u00e9s competitiu<\/strong> en el <strong>mercat laboral<\/strong>.<\/p>\n<p>El <strong>pla d\u2019estudis<\/strong> d\u2019aquest <strong>Grau<\/strong> es basa en <strong>l\u2019excel\u00b7l\u00e8ncia<\/strong> acad\u00e8mica. Per tant, com alumne obtindr\u00e0s una <strong>formaci\u00f3 de qualitat<\/strong>, actualitzada, din\u00e0mica i pr\u00e0ctica amb una clara <strong>orientaci\u00f3 al m\u00f3n professional<\/strong>. A m\u00e9s gr\u00e0cies a la pres\u00e8ncia <strong>d\u2019ENTI-UB, <\/strong>escola pionera en noves tecnologies, anir\u00e0s m\u00e9s enll\u00e0 de les cl\u00e0ssiques ter\u00e0pies manuals, aprenent a desenvolupar <strong>eines de valoraci\u00f3 des de la fisioter\u00e0pia<\/strong>; aplicant els darrers <strong>avan\u00e7os tecnol\u00f2gics<\/strong> i fins i tot, generant <strong>noves aplicacions tecnol\u00f2giques,<\/strong> pr\u00f2pies de <strong>l\u2019m-health,<\/strong> aplicades a l\u2019\u00e0mbit de la <strong>fisioter\u00e0pia<\/strong>.<\/p>\n<p>Tot aix\u00f2 de la m\u00e0 d\u2019un <strong>equip docent de qualitat, vocacional <\/strong>i directament vinculat amb el <strong>m\u00f3n professional<\/strong>. Un cop finalitzis aquesta titulaci\u00f3, disposar\u00e0s dels elements essencials per convertir-te en un <strong>nou professional<\/strong> amb <strong>car\u00e0cter internacional<\/strong>, amb capacitat d\u2019afegir <strong>qualitat al servei assistencial <\/strong>i crear <strong>nous recursos<\/strong>. Tot plegat facilitar\u00e0 la teva <strong>futura inserci\u00f3 laboral<\/strong> tant al <strong>mercat nacional com europeu<\/strong>.<\/p>\n<p>A m\u00e9s, des d\u2019un primer moment, en aquest <strong>Grau<\/strong> s\u2019incentiva <strong>el vessant pr\u00e0ctic<\/strong>. \u00c9s a dir, des del primer curs, podr\u00e0s implementar els coneixements te\u00f2rics amb els pr\u00e0cticums. En aquest sentit, cal destacar que aquesta titulaci\u00f3 disposa de <strong>m\u00e9s de 1000 convenis de pr\u00e0ctiques<\/strong> a l\u2019any en <strong>centres<\/strong> distribu\u00efts per tota <strong>Catalunya i Fran\u00e7a<\/strong>. D\u2019altra banda, tamb\u00e9 esmentar que podr\u00e0s accedir a <strong>diversos programes d&#8217;intercanvi<\/strong> <strong>internacional,<\/strong> aix\u00ed com, a la posterior ampliaci\u00f3 i continuaci\u00f3 d&#8217;estudis de <strong>postgrau a altres pa\u00efsos<\/strong>.<\/p>\n<p>Tria la <strong>millor universitat de Barcelona<\/strong> en <strong>angl\u00e8s <\/strong>per aprendre les <strong>noves tend\u00e8ncies<\/strong> en <strong>fisioter\u00e0pia<\/strong>. Estudia el \u00a0<strong><a href=\"http:\/\/goo.gl\/TLvO1l\">Grau en Fisioter\u00e0pia Internacional UB-UdG.<\/a><\/strong><\/p>\n","protected":false},"excerpt":{"rendered":"<p>Si decideixes estudiar el Grau en Fisioter\u00e0pia Internacional, de l\u2019Escola de Noves Tecnologies Interactives (ENTI-UB) i de l\u2019Escola de la Salut i l\u2019Esport (EUSES-UdG) al Campus de Barcelona, comptar\u00e0s amb un doble avantatge. D\u2019una banda, l\u2019aplicaci\u00f3 de les noves tecnologies a l\u2019\u00e0mbit de la fisioter\u00e0pia i de l\u2019altra, la formaci\u00f3 \u00edntegrament en llengua anglesa. Aquests [&hellip;]<\/p>\n","protected":false},"author":1,"featured_media":5626,"comment_status":"closed","ping_status":"closed","sticky":false,"template":"","format":"standard","meta":{"_acf_changed":false,"inline_featured_image":false,"_joinchat":[],"footnotes":""},"categories":[54],"tags":[45],"class_list":["post-5625","post","type-post","status-publish","format-standard","has-post-thumbnail","hentry","category-uncategorized-ca","tag-catala"],"acf":[],"yoast_head":"<!-- This site is optimized with the Yoast SEO plugin v27.4 - https:\/\/yoast.com\/product\/yoast-seo-wordpress\/ -->\n<title>Ja has decidit qu\u00e8 estudiar\u00e0s a partir de setembre? Matricula\u2019t al Grau en Fisioter\u00e0pia Internacional al Campus de Barcelona. Encara hi ets a temps! | EUSES- Campus de Bellvitge (Barcelona)<\/title>\n<meta name=\"robots\" content=\"index, follow, max-snippet:-1, max-image-preview:large, max-video-preview:-1\" \/>\n<link rel=\"canonical\" href=\"https:\/\/barcelona.euses.cat\/ca\/ja-has-decidit-que-estudiaras-a-partir-de-setembre-matriculat-al-grau-en-fisioterapia-internacional-al-campus-de-barcelona-encara-hi-ets-a-temps\/\" \/>\n<meta property=\"og:locale\" content=\"ca_ES\" \/>\n<meta property=\"og:type\" content=\"article\" \/>\n<meta property=\"og:title\" content=\"Ja has decidit qu\u00e8 estudiar\u00e0s a partir de setembre? Matricula\u2019t al Grau en Fisioter\u00e0pia Internacional al Campus de Barcelona. Encara hi ets a temps! | EUSES- Campus de Bellvitge (Barcelona)\" \/>\n<meta property=\"og:description\" content=\"Si decideixes estudiar el Grau en Fisioter\u00e0pia Internacional, de l\u2019Escola de Noves Tecnologies Interactives (ENTI-UB) i de l\u2019Escola de la Salut i l\u2019Esport (EUSES-UdG) al Campus de Barcelona, comptar\u00e0s amb un doble avantatge. D\u2019una banda, l\u2019aplicaci\u00f3 de les noves tecnologies a l\u2019\u00e0mbit de la fisioter\u00e0pia i de l\u2019altra, la formaci\u00f3 \u00edntegrament en llengua anglesa. Aquests [&hellip;]\" \/>\n<meta property=\"og:url\" content=\"https:\/\/barcelona.euses.cat\/ca\/ja-has-decidit-que-estudiaras-a-partir-de-setembre-matriculat-al-grau-en-fisioterapia-internacional-al-campus-de-barcelona-encara-hi-ets-a-temps\/\" \/>\n<meta property=\"og:site_name\" content=\"EUSES- Campus de Bellvitge (Barcelona)\" \/>\n<meta property=\"article:publisher\" content=\"https:\/\/www.facebook.com\/PhysioBCN\/\" \/>\n<meta property=\"article:published_time\" content=\"2015-08-06T22:00:00+00:00\" \/>\n<meta property=\"og:image\" content=\"https:\/\/barcelona.euses.cat\/wp-content\/uploads\/2018\/02\/Ja-has-decidit-qu\u00e8-estudiar\u00e0s-al-setembre.-Matricula\u2019t-al-Grau-en-Fisioter\u00e0pia-Internacional-al-Campus-de-Barcelona.jpg\" \/>\n\t<meta property=\"og:image:width\" content=\"922\" \/>\n\t<meta property=\"og:image:height\" content=\"614\" \/>\n\t<meta property=\"og:image:type\" content=\"image\/jpeg\" \/>\n<meta name=\"author\" content=\"neorg\" \/>\n<meta name=\"twitter:card\" content=\"summary_large_image\" \/>\n<meta name=\"twitter:label1\" content=\"Escrit per\" \/>\n\t<meta name=\"twitter:data1\" content=\"neorg\" \/>\n\t<meta name=\"twitter:label2\" content=\"Temps estimat de lectura\" \/>\n\t<meta name=\"twitter:data2\" content=\"2 minuts\" \/>\n<script type=\"application\/ld+json\" class=\"yoast-schema-graph\">{\"@context\":\"https:\\\/\\\/schema.org\",\"@graph\":[{\"@type\":\"Article\",\"@id\":\"https:\\\/\\\/barcelona.euses.cat\\\/ca\\\/ja-has-decidit-que-estudiaras-a-partir-de-setembre-matriculat-al-grau-en-fisioterapia-internacional-al-campus-de-barcelona-encara-hi-ets-a-temps\\\/#article\",\"isPartOf\":{\"@id\":\"https:\\\/\\\/barcelona.euses.cat\\\/ca\\\/ja-has-decidit-que-estudiaras-a-partir-de-setembre-matriculat-al-grau-en-fisioterapia-internacional-al-campus-de-barcelona-encara-hi-ets-a-temps\\\/\"},\"author\":{\"name\":\"neorg\",\"@id\":\"https:\\\/\\\/barcelona.euses.cat\\\/ca\\\/#\\\/schema\\\/person\\\/c3074ca9d956eacf02e41e2ff78e53ab\"},\"headline\":\"Ja has decidit qu\u00e8 estudiar\u00e0s a partir de setembre? Matricula\u2019t al Grau en Fisioter\u00e0pia Internacional al Campus de Barcelona. Encara hi ets a temps!\",\"datePublished\":\"2015-08-06T22:00:00+00:00\",\"mainEntityOfPage\":{\"@id\":\"https:\\\/\\\/barcelona.euses.cat\\\/ca\\\/ja-has-decidit-que-estudiaras-a-partir-de-setembre-matriculat-al-grau-en-fisioterapia-internacional-al-campus-de-barcelona-encara-hi-ets-a-temps\\\/\"},\"wordCount\":404,\"image\":{\"@id\":\"https:\\\/\\\/barcelona.euses.cat\\\/ca\\\/ja-has-decidit-que-estudiaras-a-partir-de-setembre-matriculat-al-grau-en-fisioterapia-internacional-al-campus-de-barcelona-encara-hi-ets-a-temps\\\/#primaryimage\"},\"thumbnailUrl\":\"https:\\\/\\\/barcelona.euses.cat\\\/wp-content\\\/uploads\\\/2018\\\/02\\\/Ja-has-decidit-qu\u00e8-estudiar\u00e0s-al-setembre.-Matricula\u2019t-al-Grau-en-Fisioter\u00e0pia-Internacional-al-Campus-de-Barcelona.jpg\",\"keywords\":[\"Catal\u00e0\"],\"articleSection\":[\"Uncategorized @ca\"],\"inLanguage\":\"ca\"},{\"@type\":\"WebPage\",\"@id\":\"https:\\\/\\\/barcelona.euses.cat\\\/ca\\\/ja-has-decidit-que-estudiaras-a-partir-de-setembre-matriculat-al-grau-en-fisioterapia-internacional-al-campus-de-barcelona-encara-hi-ets-a-temps\\\/\",\"url\":\"https:\\\/\\\/barcelona.euses.cat\\\/ca\\\/ja-has-decidit-que-estudiaras-a-partir-de-setembre-matriculat-al-grau-en-fisioterapia-internacional-al-campus-de-barcelona-encara-hi-ets-a-temps\\\/\",\"name\":\"Ja has decidit qu\u00e8 estudiar\u00e0s a partir de setembre? Matricula\u2019t al Grau en Fisioter\u00e0pia Internacional al Campus de Barcelona. Encara hi ets a temps! | EUSES- Campus de Bellvitge (Barcelona)\",\"isPartOf\":{\"@id\":\"https:\\\/\\\/barcelona.euses.cat\\\/ca\\\/#website\"},\"primaryImageOfPage\":{\"@id\":\"https:\\\/\\\/barcelona.euses.cat\\\/ca\\\/ja-has-decidit-que-estudiaras-a-partir-de-setembre-matriculat-al-grau-en-fisioterapia-internacional-al-campus-de-barcelona-encara-hi-ets-a-temps\\\/#primaryimage\"},\"image\":{\"@id\":\"https:\\\/\\\/barcelona.euses.cat\\\/ca\\\/ja-has-decidit-que-estudiaras-a-partir-de-setembre-matriculat-al-grau-en-fisioterapia-internacional-al-campus-de-barcelona-encara-hi-ets-a-temps\\\/#primaryimage\"},\"thumbnailUrl\":\"https:\\\/\\\/barcelona.euses.cat\\\/wp-content\\\/uploads\\\/2018\\\/02\\\/Ja-has-decidit-qu\u00e8-estudiar\u00e0s-al-setembre.-Matricula\u2019t-al-Grau-en-Fisioter\u00e0pia-Internacional-al-Campus-de-Barcelona.jpg\",\"datePublished\":\"2015-08-06T22:00:00+00:00\",\"author\":{\"@id\":\"https:\\\/\\\/barcelona.euses.cat\\\/ca\\\/#\\\/schema\\\/person\\\/c3074ca9d956eacf02e41e2ff78e53ab\"},\"breadcrumb\":{\"@id\":\"https:\\\/\\\/barcelona.euses.cat\\\/ca\\\/ja-has-decidit-que-estudiaras-a-partir-de-setembre-matriculat-al-grau-en-fisioterapia-internacional-al-campus-de-barcelona-encara-hi-ets-a-temps\\\/#breadcrumb\"},\"inLanguage\":\"ca\",\"potentialAction\":[{\"@type\":\"ReadAction\",\"target\":[\"https:\\\/\\\/barcelona.euses.cat\\\/ca\\\/ja-has-decidit-que-estudiaras-a-partir-de-setembre-matriculat-al-grau-en-fisioterapia-internacional-al-campus-de-barcelona-encara-hi-ets-a-temps\\\/\"]}]},{\"@type\":\"ImageObject\",\"inLanguage\":\"ca\",\"@id\":\"https:\\\/\\\/barcelona.euses.cat\\\/ca\\\/ja-has-decidit-que-estudiaras-a-partir-de-setembre-matriculat-al-grau-en-fisioterapia-internacional-al-campus-de-barcelona-encara-hi-ets-a-temps\\\/#primaryimage\",\"url\":\"https:\\\/\\\/barcelona.euses.cat\\\/wp-content\\\/uploads\\\/2018\\\/02\\\/Ja-has-decidit-qu\u00e8-estudiar\u00e0s-al-setembre.-Matricula\u2019t-al-Grau-en-Fisioter\u00e0pia-Internacional-al-Campus-de-Barcelona.jpg\",\"contentUrl\":\"https:\\\/\\\/barcelona.euses.cat\\\/wp-content\\\/uploads\\\/2018\\\/02\\\/Ja-has-decidit-qu\u00e8-estudiar\u00e0s-al-setembre.-Matricula\u2019t-al-Grau-en-Fisioter\u00e0pia-Internacional-al-Campus-de-Barcelona.jpg\",\"width\":922,\"height\":614},{\"@type\":\"BreadcrumbList\",\"@id\":\"https:\\\/\\\/barcelona.euses.cat\\\/ca\\\/ja-has-decidit-que-estudiaras-a-partir-de-setembre-matriculat-al-grau-en-fisioterapia-internacional-al-campus-de-barcelona-encara-hi-ets-a-temps\\\/#breadcrumb\",\"itemListElement\":[{\"@type\":\"ListItem\",\"position\":1,\"name\":\"Portada\",\"item\":\"https:\\\/\\\/barcelona.euses.cat\\\/ca\\\/\"},{\"@type\":\"ListItem\",\"position\":2,\"name\":\"Ja has decidit qu\u00e8 estudiar\u00e0s a partir de setembre? Matricula\u2019t al Grau en Fisioter\u00e0pia Internacional al Campus de Barcelona. Encara hi ets a temps!\"}]},{\"@type\":\"WebSite\",\"@id\":\"https:\\\/\\\/barcelona.euses.cat\\\/ca\\\/#website\",\"url\":\"https:\\\/\\\/barcelona.euses.cat\\\/ca\\\/\",\"name\":\"EUSES - Campus de Bellvitge (Barcelona)\",\"description\":\"EUSES, Escola Universit\u00e0ria de Fisioter\u00e0pia Internacional a Barcelona\",\"potentialAction\":[{\"@type\":\"SearchAction\",\"target\":{\"@type\":\"EntryPoint\",\"urlTemplate\":\"https:\\\/\\\/barcelona.euses.cat\\\/ca\\\/?s={search_term_string}\"},\"query-input\":{\"@type\":\"PropertyValueSpecification\",\"valueRequired\":true,\"valueName\":\"search_term_string\"}}],\"inLanguage\":\"ca\"},{\"@type\":\"Person\",\"@id\":\"https:\\\/\\\/barcelona.euses.cat\\\/ca\\\/#\\\/schema\\\/person\\\/c3074ca9d956eacf02e41e2ff78e53ab\",\"name\":\"neorg\",\"image\":{\"@type\":\"ImageObject\",\"inLanguage\":\"ca\",\"@id\":\"https:\\\/\\\/secure.gravatar.com\\\/avatar\\\/709d3d8015183afa7401c02e2291a538cbfd4ffe62f4d86ce5f4871f22e86b09?s=96&d=mm&r=g\",\"url\":\"https:\\\/\\\/secure.gravatar.com\\\/avatar\\\/709d3d8015183afa7401c02e2291a538cbfd4ffe62f4d86ce5f4871f22e86b09?s=96&d=mm&r=g\",\"contentUrl\":\"https:\\\/\\\/secure.gravatar.com\\\/avatar\\\/709d3d8015183afa7401c02e2291a538cbfd4ffe62f4d86ce5f4871f22e86b09?s=96&d=mm&r=g\",\"caption\":\"neorg\"},\"url\":\"https:\\\/\\\/barcelona.euses.cat\\\/ca\\\/author\\\/neorg\\\/\"}]}<\/script>\n<!-- \/ Yoast SEO plugin. -->","yoast_head_json":{"title":"Ja has decidit qu\u00e8 estudiar\u00e0s a partir de setembre? Matricula\u2019t al Grau en Fisioter\u00e0pia Internacional al Campus de Barcelona. Encara hi ets a temps! | EUSES- Campus de Bellvitge (Barcelona)","robots":{"index":"index","follow":"follow","max-snippet":"max-snippet:-1","max-image-preview":"max-image-preview:large","max-video-preview":"max-video-preview:-1"},"canonical":"https:\/\/barcelona.euses.cat\/ca\/ja-has-decidit-que-estudiaras-a-partir-de-setembre-matriculat-al-grau-en-fisioterapia-internacional-al-campus-de-barcelona-encara-hi-ets-a-temps\/","og_locale":"ca_ES","og_type":"article","og_title":"Ja has decidit qu\u00e8 estudiar\u00e0s a partir de setembre? Matricula\u2019t al Grau en Fisioter\u00e0pia Internacional al Campus de Barcelona. Encara hi ets a temps! | EUSES- Campus de Bellvitge (Barcelona)","og_description":"Si decideixes estudiar el Grau en Fisioter\u00e0pia Internacional, de l\u2019Escola de Noves Tecnologies Interactives (ENTI-UB) i de l\u2019Escola de la Salut i l\u2019Esport (EUSES-UdG) al Campus de Barcelona, comptar\u00e0s amb un doble avantatge. D\u2019una banda, l\u2019aplicaci\u00f3 de les noves tecnologies a l\u2019\u00e0mbit de la fisioter\u00e0pia i de l\u2019altra, la formaci\u00f3 \u00edntegrament en llengua anglesa. Aquests [&hellip;]","og_url":"https:\/\/barcelona.euses.cat\/ca\/ja-has-decidit-que-estudiaras-a-partir-de-setembre-matriculat-al-grau-en-fisioterapia-internacional-al-campus-de-barcelona-encara-hi-ets-a-temps\/","og_site_name":"EUSES- Campus de Bellvitge (Barcelona)","article_publisher":"https:\/\/www.facebook.com\/PhysioBCN\/","article_published_time":"2015-08-06T22:00:00+00:00","og_image":[{"width":922,"height":614,"url":"https:\/\/barcelona.euses.cat\/wp-content\/uploads\/2018\/02\/Ja-has-decidit-qu\u00e8-estudiar\u00e0s-al-setembre.-Matricula\u2019t-al-Grau-en-Fisioter\u00e0pia-Internacional-al-Campus-de-Barcelona.jpg","type":"image\/jpeg"}],"author":"neorg","twitter_card":"summary_large_image","twitter_misc":{"Escrit per":"neorg","Temps estimat de lectura":"2 minuts"},"schema":{"@context":"https:\/\/schema.org","@graph":[{"@type":"Article","@id":"https:\/\/barcelona.euses.cat\/ca\/ja-has-decidit-que-estudiaras-a-partir-de-setembre-matriculat-al-grau-en-fisioterapia-internacional-al-campus-de-barcelona-encara-hi-ets-a-temps\/#article","isPartOf":{"@id":"https:\/\/barcelona.euses.cat\/ca\/ja-has-decidit-que-estudiaras-a-partir-de-setembre-matriculat-al-grau-en-fisioterapia-internacional-al-campus-de-barcelona-encara-hi-ets-a-temps\/"},"author":{"name":"neorg","@id":"https:\/\/barcelona.euses.cat\/ca\/#\/schema\/person\/c3074ca9d956eacf02e41e2ff78e53ab"},"headline":"Ja has decidit qu\u00e8 estudiar\u00e0s a partir de setembre? Matricula\u2019t al Grau en Fisioter\u00e0pia Internacional al Campus de Barcelona. Encara hi ets a temps!","datePublished":"2015-08-06T22:00:00+00:00","mainEntityOfPage":{"@id":"https:\/\/barcelona.euses.cat\/ca\/ja-has-decidit-que-estudiaras-a-partir-de-setembre-matriculat-al-grau-en-fisioterapia-internacional-al-campus-de-barcelona-encara-hi-ets-a-temps\/"},"wordCount":404,"image":{"@id":"https:\/\/barcelona.euses.cat\/ca\/ja-has-decidit-que-estudiaras-a-partir-de-setembre-matriculat-al-grau-en-fisioterapia-internacional-al-campus-de-barcelona-encara-hi-ets-a-temps\/#primaryimage"},"thumbnailUrl":"https:\/\/barcelona.euses.cat\/wp-content\/uploads\/2018\/02\/Ja-has-decidit-qu\u00e8-estudiar\u00e0s-al-setembre.-Matricula\u2019t-al-Grau-en-Fisioter\u00e0pia-Internacional-al-Campus-de-Barcelona.jpg","keywords":["Catal\u00e0"],"articleSection":["Uncategorized @ca"],"inLanguage":"ca"},{"@type":"WebPage","@id":"https:\/\/barcelona.euses.cat\/ca\/ja-has-decidit-que-estudiaras-a-partir-de-setembre-matriculat-al-grau-en-fisioterapia-internacional-al-campus-de-barcelona-encara-hi-ets-a-temps\/","url":"https:\/\/barcelona.euses.cat\/ca\/ja-has-decidit-que-estudiaras-a-partir-de-setembre-matriculat-al-grau-en-fisioterapia-internacional-al-campus-de-barcelona-encara-hi-ets-a-temps\/","name":"Ja has decidit qu\u00e8 estudiar\u00e0s a partir de setembre? Matricula\u2019t al Grau en Fisioter\u00e0pia Internacional al Campus de Barcelona. Encara hi ets a temps! | EUSES- Campus de Bellvitge (Barcelona)","isPartOf":{"@id":"https:\/\/barcelona.euses.cat\/ca\/#website"},"primaryImageOfPage":{"@id":"https:\/\/barcelona.euses.cat\/ca\/ja-has-decidit-que-estudiaras-a-partir-de-setembre-matriculat-al-grau-en-fisioterapia-internacional-al-campus-de-barcelona-encara-hi-ets-a-temps\/#primaryimage"},"image":{"@id":"https:\/\/barcelona.euses.cat\/ca\/ja-has-decidit-que-estudiaras-a-partir-de-setembre-matriculat-al-grau-en-fisioterapia-internacional-al-campus-de-barcelona-encara-hi-ets-a-temps\/#primaryimage"},"thumbnailUrl":"https:\/\/barcelona.euses.cat\/wp-content\/uploads\/2018\/02\/Ja-has-decidit-qu\u00e8-estudiar\u00e0s-al-setembre.-Matricula\u2019t-al-Grau-en-Fisioter\u00e0pia-Internacional-al-Campus-de-Barcelona.jpg","datePublished":"2015-08-06T22:00:00+00:00","author":{"@id":"https:\/\/barcelona.euses.cat\/ca\/#\/schema\/person\/c3074ca9d956eacf02e41e2ff78e53ab"},"breadcrumb":{"@id":"https:\/\/barcelona.euses.cat\/ca\/ja-has-decidit-que-estudiaras-a-partir-de-setembre-matriculat-al-grau-en-fisioterapia-internacional-al-campus-de-barcelona-encara-hi-ets-a-temps\/#breadcrumb"},"inLanguage":"ca","potentialAction":[{"@type":"ReadAction","target":["https:\/\/barcelona.euses.cat\/ca\/ja-has-decidit-que-estudiaras-a-partir-de-setembre-matriculat-al-grau-en-fisioterapia-internacional-al-campus-de-barcelona-encara-hi-ets-a-temps\/"]}]},{"@type":"ImageObject","inLanguage":"ca","@id":"https:\/\/barcelona.euses.cat\/ca\/ja-has-decidit-que-estudiaras-a-partir-de-setembre-matriculat-al-grau-en-fisioterapia-internacional-al-campus-de-barcelona-encara-hi-ets-a-temps\/#primaryimage","url":"https:\/\/barcelona.euses.cat\/wp-content\/uploads\/2018\/02\/Ja-has-decidit-qu\u00e8-estudiar\u00e0s-al-setembre.-Matricula\u2019t-al-Grau-en-Fisioter\u00e0pia-Internacional-al-Campus-de-Barcelona.jpg","contentUrl":"https:\/\/barcelona.euses.cat\/wp-content\/uploads\/2018\/02\/Ja-has-decidit-qu\u00e8-estudiar\u00e0s-al-setembre.-Matricula\u2019t-al-Grau-en-Fisioter\u00e0pia-Internacional-al-Campus-de-Barcelona.jpg","width":922,"height":614},{"@type":"BreadcrumbList","@id":"https:\/\/barcelona.euses.cat\/ca\/ja-has-decidit-que-estudiaras-a-partir-de-setembre-matriculat-al-grau-en-fisioterapia-internacional-al-campus-de-barcelona-encara-hi-ets-a-temps\/#breadcrumb","itemListElement":[{"@type":"ListItem","position":1,"name":"Portada","item":"https:\/\/barcelona.euses.cat\/ca\/"},{"@type":"ListItem","position":2,"name":"Ja has decidit qu\u00e8 estudiar\u00e0s a partir de setembre? Matricula\u2019t al Grau en Fisioter\u00e0pia Internacional al Campus de Barcelona. Encara hi ets a temps!"}]},{"@type":"WebSite","@id":"https:\/\/barcelona.euses.cat\/ca\/#website","url":"https:\/\/barcelona.euses.cat\/ca\/","name":"EUSES - Campus de Bellvitge (Barcelona)","description":"EUSES, Escola Universit\u00e0ria de Fisioter\u00e0pia Internacional a Barcelona","potentialAction":[{"@type":"SearchAction","target":{"@type":"EntryPoint","urlTemplate":"https:\/\/barcelona.euses.cat\/ca\/?s={search_term_string}"},"query-input":{"@type":"PropertyValueSpecification","valueRequired":true,"valueName":"search_term_string"}}],"inLanguage":"ca"},{"@type":"Person","@id":"https:\/\/barcelona.euses.cat\/ca\/#\/schema\/person\/c3074ca9d956eacf02e41e2ff78e53ab","name":"neorg","image":{"@type":"ImageObject","inLanguage":"ca","@id":"https:\/\/secure.gravatar.com\/avatar\/709d3d8015183afa7401c02e2291a538cbfd4ffe62f4d86ce5f4871f22e86b09?s=96&d=mm&r=g","url":"https:\/\/secure.gravatar.com\/avatar\/709d3d8015183afa7401c02e2291a538cbfd4ffe62f4d86ce5f4871f22e86b09?s=96&d=mm&r=g","contentUrl":"https:\/\/secure.gravatar.com\/avatar\/709d3d8015183afa7401c02e2291a538cbfd4ffe62f4d86ce5f4871f22e86b09?s=96&d=mm&r=g","caption":"neorg"},"url":"https:\/\/barcelona.euses.cat\/ca\/author\/neorg\/"}]}},"_links":{"self":[{"href":"https:\/\/barcelona.euses.cat\/ca\/wp-json\/wp\/v2\/posts\/5625","targetHints":{"allow":["GET"]}}],"collection":[{"href":"https:\/\/barcelona.euses.cat\/ca\/wp-json\/wp\/v2\/posts"}],"about":[{"href":"https:\/\/barcelona.euses.cat\/ca\/wp-json\/wp\/v2\/types\/post"}],"author":[{"embeddable":true,"href":"https:\/\/barcelona.euses.cat\/ca\/wp-json\/wp\/v2\/users\/1"}],"replies":[{"embeddable":true,"href":"https:\/\/barcelona.euses.cat\/ca\/wp-json\/wp\/v2\/comments?post=5625"}],"version-history":[{"count":0,"href":"https:\/\/barcelona.euses.cat\/ca\/wp-json\/wp\/v2\/posts\/5625\/revisions"}],"wp:featuredmedia":[{"embeddable":true,"href":"https:\/\/barcelona.euses.cat\/ca\/wp-json\/wp\/v2\/media\/5626"}],"wp:attachment":[{"href":"https:\/\/barcelona.euses.cat\/ca\/wp-json\/wp\/v2\/media?parent=5625"}],"wp:term":[{"taxonomy":"category","embeddable":true,"href":"https:\/\/barcelona.euses.cat\/ca\/wp-json\/wp\/v2\/categories?post=5625"},{"taxonomy":"post_tag","embeddable":true,"href":"https:\/\/barcelona.euses.cat\/ca\/wp-json\/wp\/v2\/tags?post=5625"}],"curies":[{"name":"wp","href":"https:\/\/api.w.org\/{rel}","templated":true}]}}