{"id":5615,"date":"2015-08-28T00:00:00","date_gmt":"2015-08-27T22:00:00","guid":{"rendered":"http:\/\/physiotherapybarcelona.net\/vols-estudiar-la-fisioterapia-del-segle-xxi-matriculat-al-setembre-al-grau-en-fisioterapia-internacional\/"},"modified":"2015-08-28T00:00:00","modified_gmt":"2015-08-27T22:00:00","slug":"vols-estudiar-la-fisioterapia-del-segle-xxi-matriculat-al-setembre-al-grau-en-fisioterapia-internacional","status":"publish","type":"post","link":"https:\/\/barcelona.euses.cat\/ca\/vols-estudiar-la-fisioterapia-del-segle-xxi-matriculat-al-setembre-al-grau-en-fisioterapia-internacional\/","title":{"rendered":"Vols estudiar la fisioter\u00e0pia del segle XXI? Matricula\u2019t al setembre al Grau en Fisioter\u00e0pia Internacional"},"content":{"rendered":"<p>Al <strong>Campus-Bellvitge de Barcelona<\/strong>, pots triar el <strong>millor itinerari formatiu en fisioter\u00e0pia<\/strong>: \u00a0El <strong>Grau en Fisioter\u00e0pia Internacional de l\u2019Escola de Noves Tecnologies Interactives (ENTI-UB)<\/strong> i de <strong>l\u2019Escola de la Salut i l\u2019Esport (EUSES-UdG)<\/strong>. Una formaci\u00f3 universit\u00e0ria en <strong>angl\u00e8s<\/strong> i amb una clara <strong>vocaci\u00f3 global<\/strong>. \u00a0La millor manera d\u2019estudiar la <strong>fisioter\u00e0pia<\/strong> que d\u00f3na resposta als reptes del <strong>segle XXI<\/strong>.<\/p>\n<p>Precisament per respondre a les <strong>necessitats<\/strong> de la <strong>societat actual<\/strong>, el <strong>pla d\u2019estudis<\/strong> d\u2019aquest <strong>Grau<\/strong> introdueix les <strong>noves TIC<\/strong>, aplicades a la <strong>fisioter\u00e0pia<\/strong>. Gr\u00e0cies a la pres\u00e8ncia <strong>d\u2019ENTI-UB<\/strong>, <strong>escola<\/strong> <strong>pionera en noves tecnologies<\/strong>, anir\u00e0s <strong>m\u00e9s enll\u00e0<\/strong> de les cl\u00e0ssiques <strong>ter\u00e0pies manuals<\/strong>. Com alumne aprofundir\u00e0s en l\u2019aplicaci\u00f3 dels <strong>darrers avan\u00e7os tecnol\u00f2gics<\/strong> a l\u2019\u00e0mbit de la <strong>fisioter\u00e0pia<\/strong>, ser\u00e0s capa\u00e7 de crear i desenvolupar <strong>noves aplicacions tecnol\u00f2giques<\/strong>, aconseguint augmentar tant <strong>l\u2019efic\u00e0cia dels diagn\u00f2stics en fisioter\u00e0pia<\/strong>, com els resultats terap\u00e8utics dels mateixos i l\u2019<strong>adher\u00e8ncia <\/strong>al tractament <strong>per part del pacient<\/strong>.<\/p>\n<p>Sens dubte, les <strong>noves tecnologies<\/strong> s\u00f3n cada vegada <strong>m\u00e9s presents<\/strong> a tots els <strong>\u00e0mbits de la nostra societat<\/strong>. Durant aquest <strong>Grau<\/strong> dominar\u00e0s les <strong>TIC<\/strong> des d\u2019un <strong>punt de vista ampli<\/strong>. <strong>No nom\u00e9s<\/strong> aprofundir\u00e0s en la <strong>tecnologia purament m\u00e8dica<\/strong>, sin\u00f3 que compartir\u00e0s recursos amb <strong>altres<\/strong> <strong>disciplines<\/strong> com <strong>l\u2019arquitectura<\/strong> (estudis de reconstrucci\u00f3 en tres dimensions que han facilitat el tractament de malalties de la columna vertebral) o els <strong>jocs virtuals<\/strong> (beneficis de la utilitzaci\u00f3 de la Plataforma Wii Fit en el tractament de les lesions de les articulacions del turmell o genoll).<\/p>\n<p>A m\u00e9s, comptar\u00e0s amb un <strong>equip docent altament qualificat<\/strong> i directament <strong>vinculat <\/strong>amb el <strong>m\u00f3n professional. <\/strong>Un cop finalitzis aquesta titulaci\u00f3, podr\u00e0s esdevenir un <strong>nou professional amb car\u00e0cter internacional<\/strong>, amb capacitat d\u2019afegir <strong>qualitat al servei assistencial<\/strong> i <strong>crear nous recursos<\/strong>. Tot plegat facilitar\u00e0 la <strong>teva ocupabilitat al mercat nacional, europeu i internacional<\/strong>.<\/p>\n<p>Si vols estudiar <strong>fisioter\u00e0pia en angl\u00e8s a Barcelona<\/strong> i aprendre els <strong>darrers avan\u00e7os tecnol\u00f2gics<\/strong>, aplicats en aquest camp, <strong>matricula\u2019t al setembre<\/strong> al <a href=\"http:\/\/goo.gl\/FC8bd7\"><strong>Grau en Fisioter\u00e0pia Internacional UB-UdG<\/strong><\/a>. Encara queden places!<\/p>\n","protected":false},"excerpt":{"rendered":"<p>Al Campus-Bellvitge de Barcelona, pots triar el millor itinerari formatiu en fisioter\u00e0pia: \u00a0El Grau en Fisioter\u00e0pia Internacional de l\u2019Escola de Noves Tecnologies Interactives (ENTI-UB) i de l\u2019Escola de la Salut i l\u2019Esport (EUSES-UdG). Una formaci\u00f3 universit\u00e0ria en angl\u00e8s i amb una clara vocaci\u00f3 global. \u00a0La millor manera d\u2019estudiar la fisioter\u00e0pia que d\u00f3na resposta als reptes [&hellip;]<\/p>\n","protected":false},"author":1,"featured_media":5616,"comment_status":"closed","ping_status":"closed","sticky":false,"template":"","format":"standard","meta":{"_acf_changed":false,"inline_featured_image":false,"_joinchat":[],"footnotes":""},"categories":[54],"tags":[45],"class_list":["post-5615","post","type-post","status-publish","format-standard","has-post-thumbnail","hentry","category-uncategorized-ca","tag-catala"],"acf":[],"yoast_head":"<!-- This site is optimized with the Yoast SEO plugin v27.4 - https:\/\/yoast.com\/product\/yoast-seo-wordpress\/ -->\n<title>Vols estudiar la fisioter\u00e0pia del segle XXI? Matricula\u2019t al setembre al Grau en Fisioter\u00e0pia Internacional | EUSES- Campus de Bellvitge (Barcelona)<\/title>\n<meta name=\"robots\" content=\"index, follow, max-snippet:-1, max-image-preview:large, max-video-preview:-1\" \/>\n<link rel=\"canonical\" href=\"https:\/\/barcelona.euses.cat\/ca\/vols-estudiar-la-fisioterapia-del-segle-xxi-matriculat-al-setembre-al-grau-en-fisioterapia-internacional\/\" \/>\n<meta property=\"og:locale\" content=\"ca_ES\" \/>\n<meta property=\"og:type\" content=\"article\" \/>\n<meta property=\"og:title\" content=\"Vols estudiar la fisioter\u00e0pia del segle XXI? Matricula\u2019t al setembre al Grau en Fisioter\u00e0pia Internacional | EUSES- Campus de Bellvitge (Barcelona)\" \/>\n<meta property=\"og:description\" content=\"Al Campus-Bellvitge de Barcelona, pots triar el millor itinerari formatiu en fisioter\u00e0pia: \u00a0El Grau en Fisioter\u00e0pia Internacional de l\u2019Escola de Noves Tecnologies Interactives (ENTI-UB) i de l\u2019Escola de la Salut i l\u2019Esport (EUSES-UdG). Una formaci\u00f3 universit\u00e0ria en angl\u00e8s i amb una clara vocaci\u00f3 global. \u00a0La millor manera d\u2019estudiar la fisioter\u00e0pia que d\u00f3na resposta als reptes [&hellip;]\" \/>\n<meta property=\"og:url\" content=\"https:\/\/barcelona.euses.cat\/ca\/vols-estudiar-la-fisioterapia-del-segle-xxi-matriculat-al-setembre-al-grau-en-fisioterapia-internacional\/\" \/>\n<meta property=\"og:site_name\" content=\"EUSES- Campus de Bellvitge (Barcelona)\" \/>\n<meta property=\"article:publisher\" content=\"https:\/\/www.facebook.com\/PhysioBCN\/\" \/>\n<meta property=\"article:published_time\" content=\"2015-08-27T22:00:00+00:00\" \/>\n<meta property=\"og:image\" content=\"https:\/\/barcelona.euses.cat\/wp-content\/uploads\/2018\/02\/Vols-estudiar-la-fisioter\u00e0pia-del-segle-XXI.-Matricula\u2019t-al-setembre-al-Grau-en-Fisioter\u00e0pia-Internacional.jpg\" \/>\n\t<meta property=\"og:image:width\" content=\"957\" \/>\n\t<meta property=\"og:image:height\" content=\"654\" \/>\n\t<meta property=\"og:image:type\" content=\"image\/jpeg\" \/>\n<meta name=\"author\" content=\"neorg\" \/>\n<meta name=\"twitter:card\" content=\"summary_large_image\" \/>\n<meta name=\"twitter:label1\" content=\"Escrit per\" \/>\n\t<meta name=\"twitter:data1\" content=\"neorg\" \/>\n\t<meta name=\"twitter:label2\" content=\"Temps estimat de lectura\" \/>\n\t<meta name=\"twitter:data2\" content=\"2 minuts\" \/>\n<script type=\"application\/ld+json\" class=\"yoast-schema-graph\">{\"@context\":\"https:\\\/\\\/schema.org\",\"@graph\":[{\"@type\":\"Article\",\"@id\":\"https:\\\/\\\/barcelona.euses.cat\\\/ca\\\/vols-estudiar-la-fisioterapia-del-segle-xxi-matriculat-al-setembre-al-grau-en-fisioterapia-internacional\\\/#article\",\"isPartOf\":{\"@id\":\"https:\\\/\\\/barcelona.euses.cat\\\/ca\\\/vols-estudiar-la-fisioterapia-del-segle-xxi-matriculat-al-setembre-al-grau-en-fisioterapia-internacional\\\/\"},\"author\":{\"name\":\"neorg\",\"@id\":\"https:\\\/\\\/barcelona.euses.cat\\\/ca\\\/#\\\/schema\\\/person\\\/c3074ca9d956eacf02e41e2ff78e53ab\"},\"headline\":\"Vols estudiar la fisioter\u00e0pia del segle XXI? Matricula\u2019t al setembre al Grau en Fisioter\u00e0pia Internacional\",\"datePublished\":\"2015-08-27T22:00:00+00:00\",\"mainEntityOfPage\":{\"@id\":\"https:\\\/\\\/barcelona.euses.cat\\\/ca\\\/vols-estudiar-la-fisioterapia-del-segle-xxi-matriculat-al-setembre-al-grau-en-fisioterapia-internacional\\\/\"},\"wordCount\":390,\"image\":{\"@id\":\"https:\\\/\\\/barcelona.euses.cat\\\/ca\\\/vols-estudiar-la-fisioterapia-del-segle-xxi-matriculat-al-setembre-al-grau-en-fisioterapia-internacional\\\/#primaryimage\"},\"thumbnailUrl\":\"https:\\\/\\\/barcelona.euses.cat\\\/wp-content\\\/uploads\\\/2018\\\/02\\\/Vols-estudiar-la-fisioter\u00e0pia-del-segle-XXI.-Matricula\u2019t-al-setembre-al-Grau-en-Fisioter\u00e0pia-Internacional.jpg\",\"keywords\":[\"Catal\u00e0\"],\"articleSection\":[\"Uncategorized @ca\"],\"inLanguage\":\"ca\"},{\"@type\":\"WebPage\",\"@id\":\"https:\\\/\\\/barcelona.euses.cat\\\/ca\\\/vols-estudiar-la-fisioterapia-del-segle-xxi-matriculat-al-setembre-al-grau-en-fisioterapia-internacional\\\/\",\"url\":\"https:\\\/\\\/barcelona.euses.cat\\\/ca\\\/vols-estudiar-la-fisioterapia-del-segle-xxi-matriculat-al-setembre-al-grau-en-fisioterapia-internacional\\\/\",\"name\":\"Vols estudiar la fisioter\u00e0pia del segle XXI? Matricula\u2019t al setembre al Grau en Fisioter\u00e0pia Internacional | EUSES- Campus de Bellvitge (Barcelona)\",\"isPartOf\":{\"@id\":\"https:\\\/\\\/barcelona.euses.cat\\\/ca\\\/#website\"},\"primaryImageOfPage\":{\"@id\":\"https:\\\/\\\/barcelona.euses.cat\\\/ca\\\/vols-estudiar-la-fisioterapia-del-segle-xxi-matriculat-al-setembre-al-grau-en-fisioterapia-internacional\\\/#primaryimage\"},\"image\":{\"@id\":\"https:\\\/\\\/barcelona.euses.cat\\\/ca\\\/vols-estudiar-la-fisioterapia-del-segle-xxi-matriculat-al-setembre-al-grau-en-fisioterapia-internacional\\\/#primaryimage\"},\"thumbnailUrl\":\"https:\\\/\\\/barcelona.euses.cat\\\/wp-content\\\/uploads\\\/2018\\\/02\\\/Vols-estudiar-la-fisioter\u00e0pia-del-segle-XXI.-Matricula\u2019t-al-setembre-al-Grau-en-Fisioter\u00e0pia-Internacional.jpg\",\"datePublished\":\"2015-08-27T22:00:00+00:00\",\"author\":{\"@id\":\"https:\\\/\\\/barcelona.euses.cat\\\/ca\\\/#\\\/schema\\\/person\\\/c3074ca9d956eacf02e41e2ff78e53ab\"},\"breadcrumb\":{\"@id\":\"https:\\\/\\\/barcelona.euses.cat\\\/ca\\\/vols-estudiar-la-fisioterapia-del-segle-xxi-matriculat-al-setembre-al-grau-en-fisioterapia-internacional\\\/#breadcrumb\"},\"inLanguage\":\"ca\",\"potentialAction\":[{\"@type\":\"ReadAction\",\"target\":[\"https:\\\/\\\/barcelona.euses.cat\\\/ca\\\/vols-estudiar-la-fisioterapia-del-segle-xxi-matriculat-al-setembre-al-grau-en-fisioterapia-internacional\\\/\"]}]},{\"@type\":\"ImageObject\",\"inLanguage\":\"ca\",\"@id\":\"https:\\\/\\\/barcelona.euses.cat\\\/ca\\\/vols-estudiar-la-fisioterapia-del-segle-xxi-matriculat-al-setembre-al-grau-en-fisioterapia-internacional\\\/#primaryimage\",\"url\":\"https:\\\/\\\/barcelona.euses.cat\\\/wp-content\\\/uploads\\\/2018\\\/02\\\/Vols-estudiar-la-fisioter\u00e0pia-del-segle-XXI.-Matricula\u2019t-al-setembre-al-Grau-en-Fisioter\u00e0pia-Internacional.jpg\",\"contentUrl\":\"https:\\\/\\\/barcelona.euses.cat\\\/wp-content\\\/uploads\\\/2018\\\/02\\\/Vols-estudiar-la-fisioter\u00e0pia-del-segle-XXI.-Matricula\u2019t-al-setembre-al-Grau-en-Fisioter\u00e0pia-Internacional.jpg\",\"width\":957,\"height\":654},{\"@type\":\"BreadcrumbList\",\"@id\":\"https:\\\/\\\/barcelona.euses.cat\\\/ca\\\/vols-estudiar-la-fisioterapia-del-segle-xxi-matriculat-al-setembre-al-grau-en-fisioterapia-internacional\\\/#breadcrumb\",\"itemListElement\":[{\"@type\":\"ListItem\",\"position\":1,\"name\":\"Portada\",\"item\":\"https:\\\/\\\/barcelona.euses.cat\\\/ca\\\/\"},{\"@type\":\"ListItem\",\"position\":2,\"name\":\"Vols estudiar la fisioter\u00e0pia del segle XXI? Matricula\u2019t al setembre al Grau en Fisioter\u00e0pia Internacional\"}]},{\"@type\":\"WebSite\",\"@id\":\"https:\\\/\\\/barcelona.euses.cat\\\/ca\\\/#website\",\"url\":\"https:\\\/\\\/barcelona.euses.cat\\\/ca\\\/\",\"name\":\"EUSES - Campus de Bellvitge (Barcelona)\",\"description\":\"EUSES, Escola Universit\u00e0ria de Fisioter\u00e0pia Internacional a Barcelona\",\"potentialAction\":[{\"@type\":\"SearchAction\",\"target\":{\"@type\":\"EntryPoint\",\"urlTemplate\":\"https:\\\/\\\/barcelona.euses.cat\\\/ca\\\/?s={search_term_string}\"},\"query-input\":{\"@type\":\"PropertyValueSpecification\",\"valueRequired\":true,\"valueName\":\"search_term_string\"}}],\"inLanguage\":\"ca\"},{\"@type\":\"Person\",\"@id\":\"https:\\\/\\\/barcelona.euses.cat\\\/ca\\\/#\\\/schema\\\/person\\\/c3074ca9d956eacf02e41e2ff78e53ab\",\"name\":\"neorg\",\"image\":{\"@type\":\"ImageObject\",\"inLanguage\":\"ca\",\"@id\":\"https:\\\/\\\/secure.gravatar.com\\\/avatar\\\/709d3d8015183afa7401c02e2291a538cbfd4ffe62f4d86ce5f4871f22e86b09?s=96&d=mm&r=g\",\"url\":\"https:\\\/\\\/secure.gravatar.com\\\/avatar\\\/709d3d8015183afa7401c02e2291a538cbfd4ffe62f4d86ce5f4871f22e86b09?s=96&d=mm&r=g\",\"contentUrl\":\"https:\\\/\\\/secure.gravatar.com\\\/avatar\\\/709d3d8015183afa7401c02e2291a538cbfd4ffe62f4d86ce5f4871f22e86b09?s=96&d=mm&r=g\",\"caption\":\"neorg\"},\"url\":\"https:\\\/\\\/barcelona.euses.cat\\\/ca\\\/author\\\/neorg\\\/\"}]}<\/script>\n<!-- \/ Yoast SEO plugin. -->","yoast_head_json":{"title":"Vols estudiar la fisioter\u00e0pia del segle XXI? Matricula\u2019t al setembre al Grau en Fisioter\u00e0pia Internacional | EUSES- Campus de Bellvitge (Barcelona)","robots":{"index":"index","follow":"follow","max-snippet":"max-snippet:-1","max-image-preview":"max-image-preview:large","max-video-preview":"max-video-preview:-1"},"canonical":"https:\/\/barcelona.euses.cat\/ca\/vols-estudiar-la-fisioterapia-del-segle-xxi-matriculat-al-setembre-al-grau-en-fisioterapia-internacional\/","og_locale":"ca_ES","og_type":"article","og_title":"Vols estudiar la fisioter\u00e0pia del segle XXI? Matricula\u2019t al setembre al Grau en Fisioter\u00e0pia Internacional | EUSES- Campus de Bellvitge (Barcelona)","og_description":"Al Campus-Bellvitge de Barcelona, pots triar el millor itinerari formatiu en fisioter\u00e0pia: \u00a0El Grau en Fisioter\u00e0pia Internacional de l\u2019Escola de Noves Tecnologies Interactives (ENTI-UB) i de l\u2019Escola de la Salut i l\u2019Esport (EUSES-UdG). Una formaci\u00f3 universit\u00e0ria en angl\u00e8s i amb una clara vocaci\u00f3 global. \u00a0La millor manera d\u2019estudiar la fisioter\u00e0pia que d\u00f3na resposta als reptes [&hellip;]","og_url":"https:\/\/barcelona.euses.cat\/ca\/vols-estudiar-la-fisioterapia-del-segle-xxi-matriculat-al-setembre-al-grau-en-fisioterapia-internacional\/","og_site_name":"EUSES- Campus de Bellvitge (Barcelona)","article_publisher":"https:\/\/www.facebook.com\/PhysioBCN\/","article_published_time":"2015-08-27T22:00:00+00:00","og_image":[{"width":957,"height":654,"url":"https:\/\/barcelona.euses.cat\/wp-content\/uploads\/2018\/02\/Vols-estudiar-la-fisioter\u00e0pia-del-segle-XXI.-Matricula\u2019t-al-setembre-al-Grau-en-Fisioter\u00e0pia-Internacional.jpg","type":"image\/jpeg"}],"author":"neorg","twitter_card":"summary_large_image","twitter_misc":{"Escrit per":"neorg","Temps estimat de lectura":"2 minuts"},"schema":{"@context":"https:\/\/schema.org","@graph":[{"@type":"Article","@id":"https:\/\/barcelona.euses.cat\/ca\/vols-estudiar-la-fisioterapia-del-segle-xxi-matriculat-al-setembre-al-grau-en-fisioterapia-internacional\/#article","isPartOf":{"@id":"https:\/\/barcelona.euses.cat\/ca\/vols-estudiar-la-fisioterapia-del-segle-xxi-matriculat-al-setembre-al-grau-en-fisioterapia-internacional\/"},"author":{"name":"neorg","@id":"https:\/\/barcelona.euses.cat\/ca\/#\/schema\/person\/c3074ca9d956eacf02e41e2ff78e53ab"},"headline":"Vols estudiar la fisioter\u00e0pia del segle XXI? Matricula\u2019t al setembre al Grau en Fisioter\u00e0pia Internacional","datePublished":"2015-08-27T22:00:00+00:00","mainEntityOfPage":{"@id":"https:\/\/barcelona.euses.cat\/ca\/vols-estudiar-la-fisioterapia-del-segle-xxi-matriculat-al-setembre-al-grau-en-fisioterapia-internacional\/"},"wordCount":390,"image":{"@id":"https:\/\/barcelona.euses.cat\/ca\/vols-estudiar-la-fisioterapia-del-segle-xxi-matriculat-al-setembre-al-grau-en-fisioterapia-internacional\/#primaryimage"},"thumbnailUrl":"https:\/\/barcelona.euses.cat\/wp-content\/uploads\/2018\/02\/Vols-estudiar-la-fisioter\u00e0pia-del-segle-XXI.-Matricula\u2019t-al-setembre-al-Grau-en-Fisioter\u00e0pia-Internacional.jpg","keywords":["Catal\u00e0"],"articleSection":["Uncategorized @ca"],"inLanguage":"ca"},{"@type":"WebPage","@id":"https:\/\/barcelona.euses.cat\/ca\/vols-estudiar-la-fisioterapia-del-segle-xxi-matriculat-al-setembre-al-grau-en-fisioterapia-internacional\/","url":"https:\/\/barcelona.euses.cat\/ca\/vols-estudiar-la-fisioterapia-del-segle-xxi-matriculat-al-setembre-al-grau-en-fisioterapia-internacional\/","name":"Vols estudiar la fisioter\u00e0pia del segle XXI? Matricula\u2019t al setembre al Grau en Fisioter\u00e0pia Internacional | EUSES- Campus de Bellvitge (Barcelona)","isPartOf":{"@id":"https:\/\/barcelona.euses.cat\/ca\/#website"},"primaryImageOfPage":{"@id":"https:\/\/barcelona.euses.cat\/ca\/vols-estudiar-la-fisioterapia-del-segle-xxi-matriculat-al-setembre-al-grau-en-fisioterapia-internacional\/#primaryimage"},"image":{"@id":"https:\/\/barcelona.euses.cat\/ca\/vols-estudiar-la-fisioterapia-del-segle-xxi-matriculat-al-setembre-al-grau-en-fisioterapia-internacional\/#primaryimage"},"thumbnailUrl":"https:\/\/barcelona.euses.cat\/wp-content\/uploads\/2018\/02\/Vols-estudiar-la-fisioter\u00e0pia-del-segle-XXI.-Matricula\u2019t-al-setembre-al-Grau-en-Fisioter\u00e0pia-Internacional.jpg","datePublished":"2015-08-27T22:00:00+00:00","author":{"@id":"https:\/\/barcelona.euses.cat\/ca\/#\/schema\/person\/c3074ca9d956eacf02e41e2ff78e53ab"},"breadcrumb":{"@id":"https:\/\/barcelona.euses.cat\/ca\/vols-estudiar-la-fisioterapia-del-segle-xxi-matriculat-al-setembre-al-grau-en-fisioterapia-internacional\/#breadcrumb"},"inLanguage":"ca","potentialAction":[{"@type":"ReadAction","target":["https:\/\/barcelona.euses.cat\/ca\/vols-estudiar-la-fisioterapia-del-segle-xxi-matriculat-al-setembre-al-grau-en-fisioterapia-internacional\/"]}]},{"@type":"ImageObject","inLanguage":"ca","@id":"https:\/\/barcelona.euses.cat\/ca\/vols-estudiar-la-fisioterapia-del-segle-xxi-matriculat-al-setembre-al-grau-en-fisioterapia-internacional\/#primaryimage","url":"https:\/\/barcelona.euses.cat\/wp-content\/uploads\/2018\/02\/Vols-estudiar-la-fisioter\u00e0pia-del-segle-XXI.-Matricula\u2019t-al-setembre-al-Grau-en-Fisioter\u00e0pia-Internacional.jpg","contentUrl":"https:\/\/barcelona.euses.cat\/wp-content\/uploads\/2018\/02\/Vols-estudiar-la-fisioter\u00e0pia-del-segle-XXI.-Matricula\u2019t-al-setembre-al-Grau-en-Fisioter\u00e0pia-Internacional.jpg","width":957,"height":654},{"@type":"BreadcrumbList","@id":"https:\/\/barcelona.euses.cat\/ca\/vols-estudiar-la-fisioterapia-del-segle-xxi-matriculat-al-setembre-al-grau-en-fisioterapia-internacional\/#breadcrumb","itemListElement":[{"@type":"ListItem","position":1,"name":"Portada","item":"https:\/\/barcelona.euses.cat\/ca\/"},{"@type":"ListItem","position":2,"name":"Vols estudiar la fisioter\u00e0pia del segle XXI? Matricula\u2019t al setembre al Grau en Fisioter\u00e0pia Internacional"}]},{"@type":"WebSite","@id":"https:\/\/barcelona.euses.cat\/ca\/#website","url":"https:\/\/barcelona.euses.cat\/ca\/","name":"EUSES - Campus de Bellvitge (Barcelona)","description":"EUSES, Escola Universit\u00e0ria de Fisioter\u00e0pia Internacional a Barcelona","potentialAction":[{"@type":"SearchAction","target":{"@type":"EntryPoint","urlTemplate":"https:\/\/barcelona.euses.cat\/ca\/?s={search_term_string}"},"query-input":{"@type":"PropertyValueSpecification","valueRequired":true,"valueName":"search_term_string"}}],"inLanguage":"ca"},{"@type":"Person","@id":"https:\/\/barcelona.euses.cat\/ca\/#\/schema\/person\/c3074ca9d956eacf02e41e2ff78e53ab","name":"neorg","image":{"@type":"ImageObject","inLanguage":"ca","@id":"https:\/\/secure.gravatar.com\/avatar\/709d3d8015183afa7401c02e2291a538cbfd4ffe62f4d86ce5f4871f22e86b09?s=96&d=mm&r=g","url":"https:\/\/secure.gravatar.com\/avatar\/709d3d8015183afa7401c02e2291a538cbfd4ffe62f4d86ce5f4871f22e86b09?s=96&d=mm&r=g","contentUrl":"https:\/\/secure.gravatar.com\/avatar\/709d3d8015183afa7401c02e2291a538cbfd4ffe62f4d86ce5f4871f22e86b09?s=96&d=mm&r=g","caption":"neorg"},"url":"https:\/\/barcelona.euses.cat\/ca\/author\/neorg\/"}]}},"_links":{"self":[{"href":"https:\/\/barcelona.euses.cat\/ca\/wp-json\/wp\/v2\/posts\/5615","targetHints":{"allow":["GET"]}}],"collection":[{"href":"https:\/\/barcelona.euses.cat\/ca\/wp-json\/wp\/v2\/posts"}],"about":[{"href":"https:\/\/barcelona.euses.cat\/ca\/wp-json\/wp\/v2\/types\/post"}],"author":[{"embeddable":true,"href":"https:\/\/barcelona.euses.cat\/ca\/wp-json\/wp\/v2\/users\/1"}],"replies":[{"embeddable":true,"href":"https:\/\/barcelona.euses.cat\/ca\/wp-json\/wp\/v2\/comments?post=5615"}],"version-history":[{"count":0,"href":"https:\/\/barcelona.euses.cat\/ca\/wp-json\/wp\/v2\/posts\/5615\/revisions"}],"wp:featuredmedia":[{"embeddable":true,"href":"https:\/\/barcelona.euses.cat\/ca\/wp-json\/wp\/v2\/media\/5616"}],"wp:attachment":[{"href":"https:\/\/barcelona.euses.cat\/ca\/wp-json\/wp\/v2\/media?parent=5615"}],"wp:term":[{"taxonomy":"category","embeddable":true,"href":"https:\/\/barcelona.euses.cat\/ca\/wp-json\/wp\/v2\/categories?post=5615"},{"taxonomy":"post_tag","embeddable":true,"href":"https:\/\/barcelona.euses.cat\/ca\/wp-json\/wp\/v2\/tags?post=5615"}],"curies":[{"name":"wp","href":"https:\/\/api.w.org\/{rel}","templated":true}]}}