{"id":5430,"date":"2016-05-09T00:00:00","date_gmt":"2016-05-08T22:00:00","guid":{"rendered":"http:\/\/physiotherapybarcelona.net\/el-grau-en-fisioterapia-internacional-denti-ub-i-euses-udg-tobre-les-portes-per-treballar-a-lestranger\/"},"modified":"2016-05-09T00:00:00","modified_gmt":"2016-05-08T22:00:00","slug":"el-grau-en-fisioterapia-internacional-denti-ub-i-euses-udg-tobre-les-portes-per-treballar-a-lestranger","status":"publish","type":"post","link":"https:\/\/barcelona.euses.cat\/ca\/el-grau-en-fisioterapia-internacional-denti-ub-i-euses-udg-tobre-les-portes-per-treballar-a-lestranger\/","title":{"rendered":"El Grau en Fisioter\u00e0pia Internacional d\u2019ENTI-UB i EUSES-UdG t\u2019obre les portes per treballar a l\u2019estranger"},"content":{"rendered":"<p style=\"text-align: justify;\">Al <strong>Campus de la Universitat de Barcelona (UB)<\/strong>, tens l\u2019oportunitat d\u2019estudiar el <strong>primer grau<\/strong> \u00edntegrament en <strong>angl\u00e8s<\/strong> especialitzat en <strong>fisioter\u00e0pia<\/strong>, on s\u2019aplica la <strong>tecnologia m\u00e9s innovadora<\/strong> a aquest camp. Ens referim al <strong>Grau en Fisioter\u00e0pia Internacional <\/strong>de <strong>l\u2019Escola de Noves Tecnologies Interactives (ENTI-UB)<\/strong> i <strong>de l\u2019Escola de la Salut i l\u2019Esport (EUSES-UdG), <\/strong>els \u00fanics<strong> estudis universitaris <\/strong>que et permetran assolir una <strong>formaci\u00f3 actualitzada i de qualitat<\/strong>, obrint-te les portes del <strong>mercat laboral estranger<\/strong>.<\/p>\n<p style=\"text-align: justify;\">El fet de dur a terme una <strong>formaci\u00f3 universit\u00e0ria 100% en angl\u00e8s<\/strong>, facilitar\u00e0 el teu <strong>acc\u00e9s<\/strong> a una gran quantitat d\u2019<strong>informaci\u00f3<\/strong> i <strong>textos cient\u00edfics. <\/strong>D\u2019aquesta manera, podr\u00e0s con\u00e8ixer els <strong>darrers aven\u00e7os en aquest sector i establir networking internacional<\/strong> i de l\u2019altra; <strong>professionalment<\/strong> parlant, com hem comentat, et facilitar\u00e0 el teu acc\u00e9s al mercat internacional.<\/p>\n<p style=\"text-align: justify;\">D\u2019altra banda, cal destacar que durant aquests <strong>estudis<\/strong> la <strong>fisioter\u00e0pia<\/strong> i la <strong>tecnologia <\/strong>es fusionen. Aix\u00f2 et permetr\u00e0 adquirir els coneixements necessaris per poder <strong>crear<\/strong> <strong>noves apps tecnol\u00f2giques<\/strong> o <strong>software<\/strong> aplicats a la <strong>fisioter\u00e0pia<\/strong>. A m\u00e9s, estudiar\u00e0s al<strong> millor Campus de la Salut de Barcelona<\/strong>, on tamb\u00e9 s\u2019imparteixen altres estudis relacionats amb la salut com: Infermeria, Medicina, Odontologia, etc. Tot plegat, propiciar\u00e0 que estiguis al dia dels <strong>darrers avan\u00e7os tecnol\u00f2gics <\/strong>aplicats a<strong> l\u2019\u00e0mbit sanitari: salut 2.0, <\/strong>les <strong>noves TIC<\/strong>, <strong>l\u2019m-health<\/strong>, aprenent a <strong>integrar<\/strong> totes aquestes <strong>tecnologies<\/strong> m\u00e9s <strong>innovadores<\/strong> al teu dia a dia.<\/p>\n<p style=\"text-align: justify;\">Altre avantatge important d\u2019aquest Grau \u00e9s el seu <strong>equip docent<\/strong>. Tindr\u00e0s a la teva disposici\u00f3 un professorat altament <strong>qualificat<\/strong>, amb anys d\u2019experi\u00e8ncia en la <strong>pr\u00e0ctica<\/strong> cl\u00ednica i criteris curriculars <strong>d\u2019excel\u00b7l\u00e8ncia acad\u00e8mica <\/strong>que s\u2019esforcen per oferir-te un <strong>ensenyament personalitzat. <\/strong>Per aix\u00f2, posen a la teva disposici\u00f3 un <strong>servei de seguiment <\/strong>i<strong> assessorament<\/strong> <strong>individualitzat<\/strong> en <strong>aspectes acad\u00e8mics<\/strong> i <strong>d\u2019orientaci\u00f3 professional<\/strong>.<\/p>\n<p style=\"text-align: justify;\">Finalment, cal destacar que tamb\u00e9 podr\u00e0s accedir a m\u00faltiples <strong>programes d\u2019intercanvi internacional <\/strong>a prestigioses<strong> universitats europees<\/strong>, aix\u00ed com, a la posterior <strong>ampliaci\u00f3 i continuaci\u00f3 d\u2019estudis de postgrau<\/strong> a pa\u00efsos d\u2019arreu del m\u00f3n. Sens dubte, una mostra m\u00e9s de la <strong>vocaci\u00f3 internacional<\/strong> d\u2019aquests <strong>estudis<\/strong>.<\/p>\n<p style=\"text-align: justify;\">Tria una formaci\u00f3 que amplia els teus horitzons professionals; estudia el <a href=\"\/?page_id=1430\" target=\"_blank\"><strong>Grau en Fisioter\u00e0pia Internacional al Campus de <\/strong><\/a><strong><a href=\"\/?page_id=1430\" target=\"_blank\">la UB<\/a>. <\/strong><\/p>\n<p>&nbsp;<\/p>\n","protected":false},"excerpt":{"rendered":"<p>Al Campus de la Universitat de Barcelona (UB), tens l\u2019oportunitat d\u2019estudiar el primer grau \u00edntegrament en angl\u00e8s especialitzat en fisioter\u00e0pia, on s\u2019aplica la tecnologia m\u00e9s innovadora a aquest camp. Ens referim al Grau en Fisioter\u00e0pia Internacional de l\u2019Escola de Noves Tecnologies Interactives (ENTI-UB) i de l\u2019Escola de la Salut i l\u2019Esport (EUSES-UdG), els \u00fanics estudis [&hellip;]<\/p>\n","protected":false},"author":1,"featured_media":5431,"comment_status":"closed","ping_status":"closed","sticky":false,"template":"","format":"standard","meta":{"_acf_changed":false,"inline_featured_image":false,"_joinchat":[],"footnotes":""},"categories":[54],"tags":[45],"class_list":["post-5430","post","type-post","status-publish","format-standard","has-post-thumbnail","hentry","category-uncategorized-ca","tag-catala"],"acf":[],"yoast_head":"<!-- This site is optimized with the Yoast SEO plugin v27.4 - https:\/\/yoast.com\/product\/yoast-seo-wordpress\/ -->\n<title>El Grau en Fisioter\u00e0pia Internacional d\u2019ENTI-UB i EUSES-UdG t\u2019obre les portes per treballar a l\u2019estranger | EUSES- Campus de Bellvitge (Barcelona)<\/title>\n<meta name=\"robots\" content=\"index, follow, max-snippet:-1, max-image-preview:large, max-video-preview:-1\" \/>\n<link rel=\"canonical\" href=\"https:\/\/barcelona.euses.cat\/ca\/el-grau-en-fisioterapia-internacional-denti-ub-i-euses-udg-tobre-les-portes-per-treballar-a-lestranger\/\" \/>\n<meta property=\"og:locale\" content=\"ca_ES\" \/>\n<meta property=\"og:type\" content=\"article\" \/>\n<meta property=\"og:title\" content=\"El Grau en Fisioter\u00e0pia Internacional d\u2019ENTI-UB i EUSES-UdG t\u2019obre les portes per treballar a l\u2019estranger | EUSES- Campus de Bellvitge (Barcelona)\" \/>\n<meta property=\"og:description\" content=\"Al Campus de la Universitat de Barcelona (UB), tens l\u2019oportunitat d\u2019estudiar el primer grau \u00edntegrament en angl\u00e8s especialitzat en fisioter\u00e0pia, on s\u2019aplica la tecnologia m\u00e9s innovadora a aquest camp. Ens referim al Grau en Fisioter\u00e0pia Internacional de l\u2019Escola de Noves Tecnologies Interactives (ENTI-UB) i de l\u2019Escola de la Salut i l\u2019Esport (EUSES-UdG), els \u00fanics estudis [&hellip;]\" \/>\n<meta property=\"og:url\" content=\"https:\/\/barcelona.euses.cat\/ca\/el-grau-en-fisioterapia-internacional-denti-ub-i-euses-udg-tobre-les-portes-per-treballar-a-lestranger\/\" \/>\n<meta property=\"og:site_name\" content=\"EUSES- Campus de Bellvitge (Barcelona)\" \/>\n<meta property=\"article:publisher\" content=\"https:\/\/www.facebook.com\/PhysioBCN\/\" \/>\n<meta property=\"article:published_time\" content=\"2016-05-08T22:00:00+00:00\" \/>\n<meta property=\"og:image\" content=\"https:\/\/barcelona.euses.cat\/wp-content\/uploads\/2018\/02\/El-Grau-en-Fisioter\u00e0pia-Internacional-d\u2019ENTI-UB-i-EUSES-UdG-t\u2019obre-les-portes-per-treballar-a-l\u2019estranger-e1462803577233.jpg\" \/>\n\t<meta property=\"og:image:width\" content=\"900\" \/>\n\t<meta property=\"og:image:height\" content=\"600\" \/>\n\t<meta property=\"og:image:type\" content=\"image\/jpeg\" \/>\n<meta name=\"author\" content=\"neorg\" \/>\n<meta name=\"twitter:card\" content=\"summary_large_image\" \/>\n<meta name=\"twitter:label1\" content=\"Escrit per\" \/>\n\t<meta name=\"twitter:data1\" content=\"neorg\" \/>\n\t<meta name=\"twitter:label2\" content=\"Temps estimat de lectura\" \/>\n\t<meta name=\"twitter:data2\" content=\"2 minuts\" \/>\n<script type=\"application\/ld+json\" class=\"yoast-schema-graph\">{\"@context\":\"https:\\\/\\\/schema.org\",\"@graph\":[{\"@type\":\"Article\",\"@id\":\"https:\\\/\\\/barcelona.euses.cat\\\/ca\\\/el-grau-en-fisioterapia-internacional-denti-ub-i-euses-udg-tobre-les-portes-per-treballar-a-lestranger\\\/#article\",\"isPartOf\":{\"@id\":\"https:\\\/\\\/barcelona.euses.cat\\\/ca\\\/el-grau-en-fisioterapia-internacional-denti-ub-i-euses-udg-tobre-les-portes-per-treballar-a-lestranger\\\/\"},\"author\":{\"name\":\"neorg\",\"@id\":\"https:\\\/\\\/barcelona.euses.cat\\\/ca\\\/#\\\/schema\\\/person\\\/c3074ca9d956eacf02e41e2ff78e53ab\"},\"headline\":\"El Grau en Fisioter\u00e0pia Internacional d\u2019ENTI-UB i EUSES-UdG t\u2019obre les portes per treballar a l\u2019estranger\",\"datePublished\":\"2016-05-08T22:00:00+00:00\",\"mainEntityOfPage\":{\"@id\":\"https:\\\/\\\/barcelona.euses.cat\\\/ca\\\/el-grau-en-fisioterapia-internacional-denti-ub-i-euses-udg-tobre-les-portes-per-treballar-a-lestranger\\\/\"},\"wordCount\":415,\"image\":{\"@id\":\"https:\\\/\\\/barcelona.euses.cat\\\/ca\\\/el-grau-en-fisioterapia-internacional-denti-ub-i-euses-udg-tobre-les-portes-per-treballar-a-lestranger\\\/#primaryimage\"},\"thumbnailUrl\":\"https:\\\/\\\/barcelona.euses.cat\\\/wp-content\\\/uploads\\\/2018\\\/02\\\/El-Grau-en-Fisioter\u00e0pia-Internacional-d\u2019ENTI-UB-i-EUSES-UdG-t\u2019obre-les-portes-per-treballar-a-l\u2019estranger-e1462803577233.jpg\",\"keywords\":[\"Catal\u00e0\"],\"articleSection\":[\"Uncategorized @ca\"],\"inLanguage\":\"ca\"},{\"@type\":\"WebPage\",\"@id\":\"https:\\\/\\\/barcelona.euses.cat\\\/ca\\\/el-grau-en-fisioterapia-internacional-denti-ub-i-euses-udg-tobre-les-portes-per-treballar-a-lestranger\\\/\",\"url\":\"https:\\\/\\\/barcelona.euses.cat\\\/ca\\\/el-grau-en-fisioterapia-internacional-denti-ub-i-euses-udg-tobre-les-portes-per-treballar-a-lestranger\\\/\",\"name\":\"El Grau en Fisioter\u00e0pia Internacional d\u2019ENTI-UB i EUSES-UdG t\u2019obre les portes per treballar a l\u2019estranger | EUSES- Campus de Bellvitge (Barcelona)\",\"isPartOf\":{\"@id\":\"https:\\\/\\\/barcelona.euses.cat\\\/ca\\\/#website\"},\"primaryImageOfPage\":{\"@id\":\"https:\\\/\\\/barcelona.euses.cat\\\/ca\\\/el-grau-en-fisioterapia-internacional-denti-ub-i-euses-udg-tobre-les-portes-per-treballar-a-lestranger\\\/#primaryimage\"},\"image\":{\"@id\":\"https:\\\/\\\/barcelona.euses.cat\\\/ca\\\/el-grau-en-fisioterapia-internacional-denti-ub-i-euses-udg-tobre-les-portes-per-treballar-a-lestranger\\\/#primaryimage\"},\"thumbnailUrl\":\"https:\\\/\\\/barcelona.euses.cat\\\/wp-content\\\/uploads\\\/2018\\\/02\\\/El-Grau-en-Fisioter\u00e0pia-Internacional-d\u2019ENTI-UB-i-EUSES-UdG-t\u2019obre-les-portes-per-treballar-a-l\u2019estranger-e1462803577233.jpg\",\"datePublished\":\"2016-05-08T22:00:00+00:00\",\"author\":{\"@id\":\"https:\\\/\\\/barcelona.euses.cat\\\/ca\\\/#\\\/schema\\\/person\\\/c3074ca9d956eacf02e41e2ff78e53ab\"},\"breadcrumb\":{\"@id\":\"https:\\\/\\\/barcelona.euses.cat\\\/ca\\\/el-grau-en-fisioterapia-internacional-denti-ub-i-euses-udg-tobre-les-portes-per-treballar-a-lestranger\\\/#breadcrumb\"},\"inLanguage\":\"ca\",\"potentialAction\":[{\"@type\":\"ReadAction\",\"target\":[\"https:\\\/\\\/barcelona.euses.cat\\\/ca\\\/el-grau-en-fisioterapia-internacional-denti-ub-i-euses-udg-tobre-les-portes-per-treballar-a-lestranger\\\/\"]}]},{\"@type\":\"ImageObject\",\"inLanguage\":\"ca\",\"@id\":\"https:\\\/\\\/barcelona.euses.cat\\\/ca\\\/el-grau-en-fisioterapia-internacional-denti-ub-i-euses-udg-tobre-les-portes-per-treballar-a-lestranger\\\/#primaryimage\",\"url\":\"https:\\\/\\\/barcelona.euses.cat\\\/wp-content\\\/uploads\\\/2018\\\/02\\\/El-Grau-en-Fisioter\u00e0pia-Internacional-d\u2019ENTI-UB-i-EUSES-UdG-t\u2019obre-les-portes-per-treballar-a-l\u2019estranger-e1462803577233.jpg\",\"contentUrl\":\"https:\\\/\\\/barcelona.euses.cat\\\/wp-content\\\/uploads\\\/2018\\\/02\\\/El-Grau-en-Fisioter\u00e0pia-Internacional-d\u2019ENTI-UB-i-EUSES-UdG-t\u2019obre-les-portes-per-treballar-a-l\u2019estranger-e1462803577233.jpg\",\"width\":900,\"height\":600},{\"@type\":\"BreadcrumbList\",\"@id\":\"https:\\\/\\\/barcelona.euses.cat\\\/ca\\\/el-grau-en-fisioterapia-internacional-denti-ub-i-euses-udg-tobre-les-portes-per-treballar-a-lestranger\\\/#breadcrumb\",\"itemListElement\":[{\"@type\":\"ListItem\",\"position\":1,\"name\":\"Portada\",\"item\":\"https:\\\/\\\/barcelona.euses.cat\\\/ca\\\/\"},{\"@type\":\"ListItem\",\"position\":2,\"name\":\"El Grau en Fisioter\u00e0pia Internacional d\u2019ENTI-UB i EUSES-UdG t\u2019obre les portes per treballar a l\u2019estranger\"}]},{\"@type\":\"WebSite\",\"@id\":\"https:\\\/\\\/barcelona.euses.cat\\\/ca\\\/#website\",\"url\":\"https:\\\/\\\/barcelona.euses.cat\\\/ca\\\/\",\"name\":\"EUSES - Campus de Bellvitge (Barcelona)\",\"description\":\"EUSES, Escola Universit\u00e0ria de Fisioter\u00e0pia Internacional a Barcelona\",\"potentialAction\":[{\"@type\":\"SearchAction\",\"target\":{\"@type\":\"EntryPoint\",\"urlTemplate\":\"https:\\\/\\\/barcelona.euses.cat\\\/ca\\\/?s={search_term_string}\"},\"query-input\":{\"@type\":\"PropertyValueSpecification\",\"valueRequired\":true,\"valueName\":\"search_term_string\"}}],\"inLanguage\":\"ca\"},{\"@type\":\"Person\",\"@id\":\"https:\\\/\\\/barcelona.euses.cat\\\/ca\\\/#\\\/schema\\\/person\\\/c3074ca9d956eacf02e41e2ff78e53ab\",\"name\":\"neorg\",\"image\":{\"@type\":\"ImageObject\",\"inLanguage\":\"ca\",\"@id\":\"https:\\\/\\\/secure.gravatar.com\\\/avatar\\\/709d3d8015183afa7401c02e2291a538cbfd4ffe62f4d86ce5f4871f22e86b09?s=96&d=mm&r=g\",\"url\":\"https:\\\/\\\/secure.gravatar.com\\\/avatar\\\/709d3d8015183afa7401c02e2291a538cbfd4ffe62f4d86ce5f4871f22e86b09?s=96&d=mm&r=g\",\"contentUrl\":\"https:\\\/\\\/secure.gravatar.com\\\/avatar\\\/709d3d8015183afa7401c02e2291a538cbfd4ffe62f4d86ce5f4871f22e86b09?s=96&d=mm&r=g\",\"caption\":\"neorg\"},\"url\":\"https:\\\/\\\/barcelona.euses.cat\\\/ca\\\/author\\\/neorg\\\/\"}]}<\/script>\n<!-- \/ Yoast SEO plugin. -->","yoast_head_json":{"title":"El Grau en Fisioter\u00e0pia Internacional d\u2019ENTI-UB i EUSES-UdG t\u2019obre les portes per treballar a l\u2019estranger | EUSES- Campus de Bellvitge (Barcelona)","robots":{"index":"index","follow":"follow","max-snippet":"max-snippet:-1","max-image-preview":"max-image-preview:large","max-video-preview":"max-video-preview:-1"},"canonical":"https:\/\/barcelona.euses.cat\/ca\/el-grau-en-fisioterapia-internacional-denti-ub-i-euses-udg-tobre-les-portes-per-treballar-a-lestranger\/","og_locale":"ca_ES","og_type":"article","og_title":"El Grau en Fisioter\u00e0pia Internacional d\u2019ENTI-UB i EUSES-UdG t\u2019obre les portes per treballar a l\u2019estranger | EUSES- Campus de Bellvitge (Barcelona)","og_description":"Al Campus de la Universitat de Barcelona (UB), tens l\u2019oportunitat d\u2019estudiar el primer grau \u00edntegrament en angl\u00e8s especialitzat en fisioter\u00e0pia, on s\u2019aplica la tecnologia m\u00e9s innovadora a aquest camp. Ens referim al Grau en Fisioter\u00e0pia Internacional de l\u2019Escola de Noves Tecnologies Interactives (ENTI-UB) i de l\u2019Escola de la Salut i l\u2019Esport (EUSES-UdG), els \u00fanics estudis [&hellip;]","og_url":"https:\/\/barcelona.euses.cat\/ca\/el-grau-en-fisioterapia-internacional-denti-ub-i-euses-udg-tobre-les-portes-per-treballar-a-lestranger\/","og_site_name":"EUSES- Campus de Bellvitge (Barcelona)","article_publisher":"https:\/\/www.facebook.com\/PhysioBCN\/","article_published_time":"2016-05-08T22:00:00+00:00","og_image":[{"width":900,"height":600,"url":"https:\/\/barcelona.euses.cat\/wp-content\/uploads\/2018\/02\/El-Grau-en-Fisioter\u00e0pia-Internacional-d\u2019ENTI-UB-i-EUSES-UdG-t\u2019obre-les-portes-per-treballar-a-l\u2019estranger-e1462803577233.jpg","type":"image\/jpeg"}],"author":"neorg","twitter_card":"summary_large_image","twitter_misc":{"Escrit per":"neorg","Temps estimat de lectura":"2 minuts"},"schema":{"@context":"https:\/\/schema.org","@graph":[{"@type":"Article","@id":"https:\/\/barcelona.euses.cat\/ca\/el-grau-en-fisioterapia-internacional-denti-ub-i-euses-udg-tobre-les-portes-per-treballar-a-lestranger\/#article","isPartOf":{"@id":"https:\/\/barcelona.euses.cat\/ca\/el-grau-en-fisioterapia-internacional-denti-ub-i-euses-udg-tobre-les-portes-per-treballar-a-lestranger\/"},"author":{"name":"neorg","@id":"https:\/\/barcelona.euses.cat\/ca\/#\/schema\/person\/c3074ca9d956eacf02e41e2ff78e53ab"},"headline":"El Grau en Fisioter\u00e0pia Internacional d\u2019ENTI-UB i EUSES-UdG t\u2019obre les portes per treballar a l\u2019estranger","datePublished":"2016-05-08T22:00:00+00:00","mainEntityOfPage":{"@id":"https:\/\/barcelona.euses.cat\/ca\/el-grau-en-fisioterapia-internacional-denti-ub-i-euses-udg-tobre-les-portes-per-treballar-a-lestranger\/"},"wordCount":415,"image":{"@id":"https:\/\/barcelona.euses.cat\/ca\/el-grau-en-fisioterapia-internacional-denti-ub-i-euses-udg-tobre-les-portes-per-treballar-a-lestranger\/#primaryimage"},"thumbnailUrl":"https:\/\/barcelona.euses.cat\/wp-content\/uploads\/2018\/02\/El-Grau-en-Fisioter\u00e0pia-Internacional-d\u2019ENTI-UB-i-EUSES-UdG-t\u2019obre-les-portes-per-treballar-a-l\u2019estranger-e1462803577233.jpg","keywords":["Catal\u00e0"],"articleSection":["Uncategorized @ca"],"inLanguage":"ca"},{"@type":"WebPage","@id":"https:\/\/barcelona.euses.cat\/ca\/el-grau-en-fisioterapia-internacional-denti-ub-i-euses-udg-tobre-les-portes-per-treballar-a-lestranger\/","url":"https:\/\/barcelona.euses.cat\/ca\/el-grau-en-fisioterapia-internacional-denti-ub-i-euses-udg-tobre-les-portes-per-treballar-a-lestranger\/","name":"El Grau en Fisioter\u00e0pia Internacional d\u2019ENTI-UB i EUSES-UdG t\u2019obre les portes per treballar a l\u2019estranger | EUSES- Campus de Bellvitge (Barcelona)","isPartOf":{"@id":"https:\/\/barcelona.euses.cat\/ca\/#website"},"primaryImageOfPage":{"@id":"https:\/\/barcelona.euses.cat\/ca\/el-grau-en-fisioterapia-internacional-denti-ub-i-euses-udg-tobre-les-portes-per-treballar-a-lestranger\/#primaryimage"},"image":{"@id":"https:\/\/barcelona.euses.cat\/ca\/el-grau-en-fisioterapia-internacional-denti-ub-i-euses-udg-tobre-les-portes-per-treballar-a-lestranger\/#primaryimage"},"thumbnailUrl":"https:\/\/barcelona.euses.cat\/wp-content\/uploads\/2018\/02\/El-Grau-en-Fisioter\u00e0pia-Internacional-d\u2019ENTI-UB-i-EUSES-UdG-t\u2019obre-les-portes-per-treballar-a-l\u2019estranger-e1462803577233.jpg","datePublished":"2016-05-08T22:00:00+00:00","author":{"@id":"https:\/\/barcelona.euses.cat\/ca\/#\/schema\/person\/c3074ca9d956eacf02e41e2ff78e53ab"},"breadcrumb":{"@id":"https:\/\/barcelona.euses.cat\/ca\/el-grau-en-fisioterapia-internacional-denti-ub-i-euses-udg-tobre-les-portes-per-treballar-a-lestranger\/#breadcrumb"},"inLanguage":"ca","potentialAction":[{"@type":"ReadAction","target":["https:\/\/barcelona.euses.cat\/ca\/el-grau-en-fisioterapia-internacional-denti-ub-i-euses-udg-tobre-les-portes-per-treballar-a-lestranger\/"]}]},{"@type":"ImageObject","inLanguage":"ca","@id":"https:\/\/barcelona.euses.cat\/ca\/el-grau-en-fisioterapia-internacional-denti-ub-i-euses-udg-tobre-les-portes-per-treballar-a-lestranger\/#primaryimage","url":"https:\/\/barcelona.euses.cat\/wp-content\/uploads\/2018\/02\/El-Grau-en-Fisioter\u00e0pia-Internacional-d\u2019ENTI-UB-i-EUSES-UdG-t\u2019obre-les-portes-per-treballar-a-l\u2019estranger-e1462803577233.jpg","contentUrl":"https:\/\/barcelona.euses.cat\/wp-content\/uploads\/2018\/02\/El-Grau-en-Fisioter\u00e0pia-Internacional-d\u2019ENTI-UB-i-EUSES-UdG-t\u2019obre-les-portes-per-treballar-a-l\u2019estranger-e1462803577233.jpg","width":900,"height":600},{"@type":"BreadcrumbList","@id":"https:\/\/barcelona.euses.cat\/ca\/el-grau-en-fisioterapia-internacional-denti-ub-i-euses-udg-tobre-les-portes-per-treballar-a-lestranger\/#breadcrumb","itemListElement":[{"@type":"ListItem","position":1,"name":"Portada","item":"https:\/\/barcelona.euses.cat\/ca\/"},{"@type":"ListItem","position":2,"name":"El Grau en Fisioter\u00e0pia Internacional d\u2019ENTI-UB i EUSES-UdG t\u2019obre les portes per treballar a l\u2019estranger"}]},{"@type":"WebSite","@id":"https:\/\/barcelona.euses.cat\/ca\/#website","url":"https:\/\/barcelona.euses.cat\/ca\/","name":"EUSES - Campus de Bellvitge (Barcelona)","description":"EUSES, Escola Universit\u00e0ria de Fisioter\u00e0pia Internacional a Barcelona","potentialAction":[{"@type":"SearchAction","target":{"@type":"EntryPoint","urlTemplate":"https:\/\/barcelona.euses.cat\/ca\/?s={search_term_string}"},"query-input":{"@type":"PropertyValueSpecification","valueRequired":true,"valueName":"search_term_string"}}],"inLanguage":"ca"},{"@type":"Person","@id":"https:\/\/barcelona.euses.cat\/ca\/#\/schema\/person\/c3074ca9d956eacf02e41e2ff78e53ab","name":"neorg","image":{"@type":"ImageObject","inLanguage":"ca","@id":"https:\/\/secure.gravatar.com\/avatar\/709d3d8015183afa7401c02e2291a538cbfd4ffe62f4d86ce5f4871f22e86b09?s=96&d=mm&r=g","url":"https:\/\/secure.gravatar.com\/avatar\/709d3d8015183afa7401c02e2291a538cbfd4ffe62f4d86ce5f4871f22e86b09?s=96&d=mm&r=g","contentUrl":"https:\/\/secure.gravatar.com\/avatar\/709d3d8015183afa7401c02e2291a538cbfd4ffe62f4d86ce5f4871f22e86b09?s=96&d=mm&r=g","caption":"neorg"},"url":"https:\/\/barcelona.euses.cat\/ca\/author\/neorg\/"}]}},"_links":{"self":[{"href":"https:\/\/barcelona.euses.cat\/ca\/wp-json\/wp\/v2\/posts\/5430","targetHints":{"allow":["GET"]}}],"collection":[{"href":"https:\/\/barcelona.euses.cat\/ca\/wp-json\/wp\/v2\/posts"}],"about":[{"href":"https:\/\/barcelona.euses.cat\/ca\/wp-json\/wp\/v2\/types\/post"}],"author":[{"embeddable":true,"href":"https:\/\/barcelona.euses.cat\/ca\/wp-json\/wp\/v2\/users\/1"}],"replies":[{"embeddable":true,"href":"https:\/\/barcelona.euses.cat\/ca\/wp-json\/wp\/v2\/comments?post=5430"}],"version-history":[{"count":0,"href":"https:\/\/barcelona.euses.cat\/ca\/wp-json\/wp\/v2\/posts\/5430\/revisions"}],"wp:featuredmedia":[{"embeddable":true,"href":"https:\/\/barcelona.euses.cat\/ca\/wp-json\/wp\/v2\/media\/5431"}],"wp:attachment":[{"href":"https:\/\/barcelona.euses.cat\/ca\/wp-json\/wp\/v2\/media?parent=5430"}],"wp:term":[{"taxonomy":"category","embeddable":true,"href":"https:\/\/barcelona.euses.cat\/ca\/wp-json\/wp\/v2\/categories?post=5430"},{"taxonomy":"post_tag","embeddable":true,"href":"https:\/\/barcelona.euses.cat\/ca\/wp-json\/wp\/v2\/tags?post=5430"}],"curies":[{"name":"wp","href":"https:\/\/api.w.org\/{rel}","templated":true}]}}