{"id":5420,"date":"2016-05-24T00:00:00","date_gmt":"2016-05-23T22:00:00","guid":{"rendered":"http:\/\/physiotherapybarcelona.net\/format-amb-lultima-tecnologia-al-grau-de-fisioterapia-amb-mes-projeccio-internacional\/"},"modified":"2016-05-24T00:00:00","modified_gmt":"2016-05-23T22:00:00","slug":"format-amb-lultima-tecnologia-al-grau-de-fisioterapia-amb-mes-projeccio-internacional","status":"publish","type":"post","link":"https:\/\/barcelona.euses.cat\/ca\/format-amb-lultima-tecnologia-al-grau-de-fisioterapia-amb-mes-projeccio-internacional\/","title":{"rendered":"Forma\u2019t amb l\u2019\u00faltima tecnologia al Grau de Fisioter\u00e0pia amb m\u00e9s projecci\u00f3 internacional"},"content":{"rendered":"<p style=\"text-align: justify;\">El <strong><a href=\"http:\/\/physiotherapybarcelona.net\/ca\/\">Grau en Fisioter\u00e0pia Internacional<\/a> <\/strong>de l\u2019Escola de Noves Tecnologies Interactives (ENTI-UB) i de l\u2019Escola Universit\u00e0ria de la Salut i l\u2019Esport (EUSES-UdG) posa al teu abast <strong>la tecnologia m\u00e9s puntera<\/strong> per tal que et puguis convertir en el professional que millor domina els darrers aven\u00e7os en aquest camp de la salut. Apr\u00e8n a diagnosticar i tractar els teus futurs pacients seguint <strong>m\u00e8todes interdisciplinaris d\u2019<em>e-health<\/em> <\/strong>que provenen de l\u2019\u00e0mbit de l\u2019arquitectura o fins i tot dels videojocs.<\/p>\n<p style=\"text-align: justify;\">A m\u00e9s a m\u00e9s, si ets dels que els agrada innovar i participar en la millora de la ci\u00e8ncia, al Grau en Fisioter\u00e0pia Internacional podr\u00e0s crear tu mateix noves<strong> eines de salut 2.0<\/strong> com ara apps m\u00f2bils, softwares i modelatges tridimensionals emprats en el camp de la fisioter\u00e0pia.<\/p>\n<p style=\"text-align: justify;\">Al campus de la Universitat de Barcelona els estudiants d\u2019aquest Grau rebran els <strong>coneixements i l\u2019experi\u00e8ncia d\u2019un magn\u00edfic equip docent<\/strong> amb traject\u00f2ries d\u2019investigaci\u00f3 i pr\u00e0ctica cl\u00ednica brillants que alhora els preparar\u00e0 per ser uns fisioterapeutes internacionals. Per tal que els alumnes\u00a0tinguin un aprenentatge que els permeti treballar i publicar a altres pa\u00efsos,<strong> totes les classes s\u2019imparteixen \u00edntegrament en angl\u00e8s.<\/strong><\/p>\n<p style=\"text-align: justify;\">Tanmateix, la vocaci\u00f3 cosmopolita d\u2019aquests estudis es veu reflectida en els <strong>multi-programes d\u2019intercanvi internacional amb prestigioses universitats<\/strong> dels qu\u00e8 els alumnes poden participar. Aquestes experi\u00e8ncies serveixen per fer <strong><em>networking<\/em> internacional<\/strong> i per comen\u00e7ar a tra\u00e7ar una xarxa de contactes d\u2019altres pa\u00efsos que enriqueixen la vida acad\u00e8mica dels estudiants. En aquest sentit, tamb\u00e9 \u00e9s important destacar la possibilitat que tindran els titulats de cursar postgraus a altres pa\u00efsos.<\/p>\n<p style=\"text-align: justify;\">La<strong> tecnologia m\u00e9s innovadora i multidisciplin\u00e0ria<\/strong> i els<strong> coneixements s\u00f2lids en el camp de la salut<\/strong>. Aquesta uni\u00f3 \u00e9s l\u2019ambiciosa aposta educativa del binomi que formen l\u2019Escola de Noves Tecnologies Interactives de la UB i l\u2019Escola Universit\u00e0ria de la Salut i l\u2019Esport de la UdG.<\/p>\n<p style=\"text-align: justify;\">Els dos centres proposen un Grau en Fisioter\u00e0pia Internacional al campus de la UB a Bellvitge on l\u2019<strong>excel\u00b7l\u00e8ncia del professorat, la tecnologia de salut 2.0, la doc\u00e8ncia en angl\u00e8s, el <em>networking<\/em> internacional i les pr\u00e0ctiques als centres m\u00e9s prestigiosos<\/strong> permeten formar futurs grans professionals.<\/p>\n<p style=\"text-align: justify;\">Apr\u00e8n al <strong>Grau de Fisioter\u00e0pia amb m\u00e9s projecci\u00f3 internacional<\/strong>. Vine a estudiar al campus de la salut de Barcelona.<\/p>\n<p>&nbsp;<\/p>\n<p>&nbsp;<\/p>\n<p>&nbsp;<\/p>\n<p>&nbsp;<\/p>\n","protected":false},"excerpt":{"rendered":"<p>El Grau en Fisioter\u00e0pia Internacional de l\u2019Escola de Noves Tecnologies Interactives (ENTI-UB) i de l\u2019Escola Universit\u00e0ria de la Salut i l\u2019Esport (EUSES-UdG) posa al teu abast la tecnologia m\u00e9s puntera per tal que et puguis convertir en el professional que millor domina els darrers aven\u00e7os en aquest camp de la salut. Apr\u00e8n a diagnosticar i [&hellip;]<\/p>\n","protected":false},"author":1,"featured_media":5421,"comment_status":"closed","ping_status":"closed","sticky":false,"template":"","format":"standard","meta":{"_acf_changed":false,"inline_featured_image":false,"_joinchat":[],"footnotes":""},"categories":[46,54],"tags":[44,45],"class_list":["post-5420","post","type-post","status-publish","format-standard","has-post-thumbnail","hentry","category-sense-categoria","category-uncategorized-ca","tag-castellano","tag-catala"],"acf":[],"yoast_head":"<!-- This site is optimized with the Yoast SEO plugin v27.4 - https:\/\/yoast.com\/product\/yoast-seo-wordpress\/ -->\n<title>Forma\u2019t amb l\u2019\u00faltima tecnologia al Grau de Fisioter\u00e0pia amb m\u00e9s projecci\u00f3 internacional | EUSES- Campus de Bellvitge (Barcelona)<\/title>\n<meta name=\"robots\" content=\"index, follow, max-snippet:-1, max-image-preview:large, max-video-preview:-1\" \/>\n<link rel=\"canonical\" href=\"https:\/\/barcelona.euses.cat\/ca\/format-amb-lultima-tecnologia-al-grau-de-fisioterapia-amb-mes-projeccio-internacional\/\" \/>\n<meta property=\"og:locale\" content=\"ca_ES\" \/>\n<meta property=\"og:type\" content=\"article\" \/>\n<meta property=\"og:title\" content=\"Forma\u2019t amb l\u2019\u00faltima tecnologia al Grau de Fisioter\u00e0pia amb m\u00e9s projecci\u00f3 internacional | EUSES- Campus de Bellvitge (Barcelona)\" \/>\n<meta property=\"og:description\" content=\"El Grau en Fisioter\u00e0pia Internacional de l\u2019Escola de Noves Tecnologies Interactives (ENTI-UB) i de l\u2019Escola Universit\u00e0ria de la Salut i l\u2019Esport (EUSES-UdG) posa al teu abast la tecnologia m\u00e9s puntera per tal que et puguis convertir en el professional que millor domina els darrers aven\u00e7os en aquest camp de la salut. Apr\u00e8n a diagnosticar i [&hellip;]\" \/>\n<meta property=\"og:url\" content=\"https:\/\/barcelona.euses.cat\/ca\/format-amb-lultima-tecnologia-al-grau-de-fisioterapia-amb-mes-projeccio-internacional\/\" \/>\n<meta property=\"og:site_name\" content=\"EUSES- Campus de Bellvitge (Barcelona)\" \/>\n<meta property=\"article:publisher\" content=\"https:\/\/www.facebook.com\/PhysioBCN\/\" \/>\n<meta property=\"article:published_time\" content=\"2016-05-23T22:00:00+00:00\" \/>\n<meta property=\"og:image\" content=\"https:\/\/barcelona.euses.cat\/wp-content\/uploads\/2018\/02\/075A4410-e1464100302791.jpg\" \/>\n\t<meta property=\"og:image:width\" content=\"900\" \/>\n\t<meta property=\"og:image:height\" content=\"600\" \/>\n\t<meta property=\"og:image:type\" content=\"image\/jpeg\" \/>\n<meta name=\"author\" content=\"neorg\" \/>\n<meta name=\"twitter:card\" content=\"summary_large_image\" \/>\n<meta name=\"twitter:label1\" content=\"Escrit per\" \/>\n\t<meta name=\"twitter:data1\" content=\"neorg\" \/>\n\t<meta name=\"twitter:label2\" content=\"Temps estimat de lectura\" \/>\n\t<meta name=\"twitter:data2\" content=\"2 minuts\" \/>\n<script type=\"application\/ld+json\" class=\"yoast-schema-graph\">{\"@context\":\"https:\\\/\\\/schema.org\",\"@graph\":[{\"@type\":\"Article\",\"@id\":\"https:\\\/\\\/barcelona.euses.cat\\\/ca\\\/format-amb-lultima-tecnologia-al-grau-de-fisioterapia-amb-mes-projeccio-internacional\\\/#article\",\"isPartOf\":{\"@id\":\"https:\\\/\\\/barcelona.euses.cat\\\/ca\\\/format-amb-lultima-tecnologia-al-grau-de-fisioterapia-amb-mes-projeccio-internacional\\\/\"},\"author\":{\"name\":\"neorg\",\"@id\":\"https:\\\/\\\/barcelona.euses.cat\\\/ca\\\/#\\\/schema\\\/person\\\/c3074ca9d956eacf02e41e2ff78e53ab\"},\"headline\":\"Forma\u2019t amb l\u2019\u00faltima tecnologia al Grau de Fisioter\u00e0pia amb m\u00e9s projecci\u00f3 internacional\",\"datePublished\":\"2016-05-23T22:00:00+00:00\",\"mainEntityOfPage\":{\"@id\":\"https:\\\/\\\/barcelona.euses.cat\\\/ca\\\/format-amb-lultima-tecnologia-al-grau-de-fisioterapia-amb-mes-projeccio-internacional\\\/\"},\"wordCount\":436,\"image\":{\"@id\":\"https:\\\/\\\/barcelona.euses.cat\\\/ca\\\/format-amb-lultima-tecnologia-al-grau-de-fisioterapia-amb-mes-projeccio-internacional\\\/#primaryimage\"},\"thumbnailUrl\":\"https:\\\/\\\/barcelona.euses.cat\\\/wp-content\\\/uploads\\\/2018\\\/02\\\/075A4410-e1464100302791.jpg\",\"keywords\":[\"Castellano\",\"Catal\u00e0\"],\"articleSection\":[\"sense categoria\",\"Uncategorized @ca\"],\"inLanguage\":\"ca\"},{\"@type\":\"WebPage\",\"@id\":\"https:\\\/\\\/barcelona.euses.cat\\\/ca\\\/format-amb-lultima-tecnologia-al-grau-de-fisioterapia-amb-mes-projeccio-internacional\\\/\",\"url\":\"https:\\\/\\\/barcelona.euses.cat\\\/ca\\\/format-amb-lultima-tecnologia-al-grau-de-fisioterapia-amb-mes-projeccio-internacional\\\/\",\"name\":\"Forma\u2019t amb l\u2019\u00faltima tecnologia al Grau de Fisioter\u00e0pia amb m\u00e9s projecci\u00f3 internacional | EUSES- Campus de Bellvitge (Barcelona)\",\"isPartOf\":{\"@id\":\"https:\\\/\\\/barcelona.euses.cat\\\/ca\\\/#website\"},\"primaryImageOfPage\":{\"@id\":\"https:\\\/\\\/barcelona.euses.cat\\\/ca\\\/format-amb-lultima-tecnologia-al-grau-de-fisioterapia-amb-mes-projeccio-internacional\\\/#primaryimage\"},\"image\":{\"@id\":\"https:\\\/\\\/barcelona.euses.cat\\\/ca\\\/format-amb-lultima-tecnologia-al-grau-de-fisioterapia-amb-mes-projeccio-internacional\\\/#primaryimage\"},\"thumbnailUrl\":\"https:\\\/\\\/barcelona.euses.cat\\\/wp-content\\\/uploads\\\/2018\\\/02\\\/075A4410-e1464100302791.jpg\",\"datePublished\":\"2016-05-23T22:00:00+00:00\",\"author\":{\"@id\":\"https:\\\/\\\/barcelona.euses.cat\\\/ca\\\/#\\\/schema\\\/person\\\/c3074ca9d956eacf02e41e2ff78e53ab\"},\"breadcrumb\":{\"@id\":\"https:\\\/\\\/barcelona.euses.cat\\\/ca\\\/format-amb-lultima-tecnologia-al-grau-de-fisioterapia-amb-mes-projeccio-internacional\\\/#breadcrumb\"},\"inLanguage\":\"ca\",\"potentialAction\":[{\"@type\":\"ReadAction\",\"target\":[\"https:\\\/\\\/barcelona.euses.cat\\\/ca\\\/format-amb-lultima-tecnologia-al-grau-de-fisioterapia-amb-mes-projeccio-internacional\\\/\"]}]},{\"@type\":\"ImageObject\",\"inLanguage\":\"ca\",\"@id\":\"https:\\\/\\\/barcelona.euses.cat\\\/ca\\\/format-amb-lultima-tecnologia-al-grau-de-fisioterapia-amb-mes-projeccio-internacional\\\/#primaryimage\",\"url\":\"https:\\\/\\\/barcelona.euses.cat\\\/wp-content\\\/uploads\\\/2018\\\/02\\\/075A4410-e1464100302791.jpg\",\"contentUrl\":\"https:\\\/\\\/barcelona.euses.cat\\\/wp-content\\\/uploads\\\/2018\\\/02\\\/075A4410-e1464100302791.jpg\",\"width\":900,\"height\":600},{\"@type\":\"BreadcrumbList\",\"@id\":\"https:\\\/\\\/barcelona.euses.cat\\\/ca\\\/format-amb-lultima-tecnologia-al-grau-de-fisioterapia-amb-mes-projeccio-internacional\\\/#breadcrumb\",\"itemListElement\":[{\"@type\":\"ListItem\",\"position\":1,\"name\":\"Portada\",\"item\":\"https:\\\/\\\/barcelona.euses.cat\\\/ca\\\/\"},{\"@type\":\"ListItem\",\"position\":2,\"name\":\"Forma\u2019t amb l\u2019\u00faltima tecnologia al Grau de Fisioter\u00e0pia amb m\u00e9s projecci\u00f3 internacional\"}]},{\"@type\":\"WebSite\",\"@id\":\"https:\\\/\\\/barcelona.euses.cat\\\/ca\\\/#website\",\"url\":\"https:\\\/\\\/barcelona.euses.cat\\\/ca\\\/\",\"name\":\"EUSES - Campus de Bellvitge (Barcelona)\",\"description\":\"EUSES, Escola Universit\u00e0ria de Fisioter\u00e0pia Internacional a Barcelona\",\"potentialAction\":[{\"@type\":\"SearchAction\",\"target\":{\"@type\":\"EntryPoint\",\"urlTemplate\":\"https:\\\/\\\/barcelona.euses.cat\\\/ca\\\/?s={search_term_string}\"},\"query-input\":{\"@type\":\"PropertyValueSpecification\",\"valueRequired\":true,\"valueName\":\"search_term_string\"}}],\"inLanguage\":\"ca\"},{\"@type\":\"Person\",\"@id\":\"https:\\\/\\\/barcelona.euses.cat\\\/ca\\\/#\\\/schema\\\/person\\\/c3074ca9d956eacf02e41e2ff78e53ab\",\"name\":\"neorg\",\"image\":{\"@type\":\"ImageObject\",\"inLanguage\":\"ca\",\"@id\":\"https:\\\/\\\/secure.gravatar.com\\\/avatar\\\/709d3d8015183afa7401c02e2291a538cbfd4ffe62f4d86ce5f4871f22e86b09?s=96&d=mm&r=g\",\"url\":\"https:\\\/\\\/secure.gravatar.com\\\/avatar\\\/709d3d8015183afa7401c02e2291a538cbfd4ffe62f4d86ce5f4871f22e86b09?s=96&d=mm&r=g\",\"contentUrl\":\"https:\\\/\\\/secure.gravatar.com\\\/avatar\\\/709d3d8015183afa7401c02e2291a538cbfd4ffe62f4d86ce5f4871f22e86b09?s=96&d=mm&r=g\",\"caption\":\"neorg\"},\"url\":\"https:\\\/\\\/barcelona.euses.cat\\\/ca\\\/author\\\/neorg\\\/\"}]}<\/script>\n<!-- \/ Yoast SEO plugin. -->","yoast_head_json":{"title":"Forma\u2019t amb l\u2019\u00faltima tecnologia al Grau de Fisioter\u00e0pia amb m\u00e9s projecci\u00f3 internacional | EUSES- Campus de Bellvitge (Barcelona)","robots":{"index":"index","follow":"follow","max-snippet":"max-snippet:-1","max-image-preview":"max-image-preview:large","max-video-preview":"max-video-preview:-1"},"canonical":"https:\/\/barcelona.euses.cat\/ca\/format-amb-lultima-tecnologia-al-grau-de-fisioterapia-amb-mes-projeccio-internacional\/","og_locale":"ca_ES","og_type":"article","og_title":"Forma\u2019t amb l\u2019\u00faltima tecnologia al Grau de Fisioter\u00e0pia amb m\u00e9s projecci\u00f3 internacional | EUSES- Campus de Bellvitge (Barcelona)","og_description":"El Grau en Fisioter\u00e0pia Internacional de l\u2019Escola de Noves Tecnologies Interactives (ENTI-UB) i de l\u2019Escola Universit\u00e0ria de la Salut i l\u2019Esport (EUSES-UdG) posa al teu abast la tecnologia m\u00e9s puntera per tal que et puguis convertir en el professional que millor domina els darrers aven\u00e7os en aquest camp de la salut. Apr\u00e8n a diagnosticar i [&hellip;]","og_url":"https:\/\/barcelona.euses.cat\/ca\/format-amb-lultima-tecnologia-al-grau-de-fisioterapia-amb-mes-projeccio-internacional\/","og_site_name":"EUSES- Campus de Bellvitge (Barcelona)","article_publisher":"https:\/\/www.facebook.com\/PhysioBCN\/","article_published_time":"2016-05-23T22:00:00+00:00","og_image":[{"width":900,"height":600,"url":"https:\/\/barcelona.euses.cat\/wp-content\/uploads\/2018\/02\/075A4410-e1464100302791.jpg","type":"image\/jpeg"}],"author":"neorg","twitter_card":"summary_large_image","twitter_misc":{"Escrit per":"neorg","Temps estimat de lectura":"2 minuts"},"schema":{"@context":"https:\/\/schema.org","@graph":[{"@type":"Article","@id":"https:\/\/barcelona.euses.cat\/ca\/format-amb-lultima-tecnologia-al-grau-de-fisioterapia-amb-mes-projeccio-internacional\/#article","isPartOf":{"@id":"https:\/\/barcelona.euses.cat\/ca\/format-amb-lultima-tecnologia-al-grau-de-fisioterapia-amb-mes-projeccio-internacional\/"},"author":{"name":"neorg","@id":"https:\/\/barcelona.euses.cat\/ca\/#\/schema\/person\/c3074ca9d956eacf02e41e2ff78e53ab"},"headline":"Forma\u2019t amb l\u2019\u00faltima tecnologia al Grau de Fisioter\u00e0pia amb m\u00e9s projecci\u00f3 internacional","datePublished":"2016-05-23T22:00:00+00:00","mainEntityOfPage":{"@id":"https:\/\/barcelona.euses.cat\/ca\/format-amb-lultima-tecnologia-al-grau-de-fisioterapia-amb-mes-projeccio-internacional\/"},"wordCount":436,"image":{"@id":"https:\/\/barcelona.euses.cat\/ca\/format-amb-lultima-tecnologia-al-grau-de-fisioterapia-amb-mes-projeccio-internacional\/#primaryimage"},"thumbnailUrl":"https:\/\/barcelona.euses.cat\/wp-content\/uploads\/2018\/02\/075A4410-e1464100302791.jpg","keywords":["Castellano","Catal\u00e0"],"articleSection":["sense categoria","Uncategorized @ca"],"inLanguage":"ca"},{"@type":"WebPage","@id":"https:\/\/barcelona.euses.cat\/ca\/format-amb-lultima-tecnologia-al-grau-de-fisioterapia-amb-mes-projeccio-internacional\/","url":"https:\/\/barcelona.euses.cat\/ca\/format-amb-lultima-tecnologia-al-grau-de-fisioterapia-amb-mes-projeccio-internacional\/","name":"Forma\u2019t amb l\u2019\u00faltima tecnologia al Grau de Fisioter\u00e0pia amb m\u00e9s projecci\u00f3 internacional | EUSES- Campus de Bellvitge (Barcelona)","isPartOf":{"@id":"https:\/\/barcelona.euses.cat\/ca\/#website"},"primaryImageOfPage":{"@id":"https:\/\/barcelona.euses.cat\/ca\/format-amb-lultima-tecnologia-al-grau-de-fisioterapia-amb-mes-projeccio-internacional\/#primaryimage"},"image":{"@id":"https:\/\/barcelona.euses.cat\/ca\/format-amb-lultima-tecnologia-al-grau-de-fisioterapia-amb-mes-projeccio-internacional\/#primaryimage"},"thumbnailUrl":"https:\/\/barcelona.euses.cat\/wp-content\/uploads\/2018\/02\/075A4410-e1464100302791.jpg","datePublished":"2016-05-23T22:00:00+00:00","author":{"@id":"https:\/\/barcelona.euses.cat\/ca\/#\/schema\/person\/c3074ca9d956eacf02e41e2ff78e53ab"},"breadcrumb":{"@id":"https:\/\/barcelona.euses.cat\/ca\/format-amb-lultima-tecnologia-al-grau-de-fisioterapia-amb-mes-projeccio-internacional\/#breadcrumb"},"inLanguage":"ca","potentialAction":[{"@type":"ReadAction","target":["https:\/\/barcelona.euses.cat\/ca\/format-amb-lultima-tecnologia-al-grau-de-fisioterapia-amb-mes-projeccio-internacional\/"]}]},{"@type":"ImageObject","inLanguage":"ca","@id":"https:\/\/barcelona.euses.cat\/ca\/format-amb-lultima-tecnologia-al-grau-de-fisioterapia-amb-mes-projeccio-internacional\/#primaryimage","url":"https:\/\/barcelona.euses.cat\/wp-content\/uploads\/2018\/02\/075A4410-e1464100302791.jpg","contentUrl":"https:\/\/barcelona.euses.cat\/wp-content\/uploads\/2018\/02\/075A4410-e1464100302791.jpg","width":900,"height":600},{"@type":"BreadcrumbList","@id":"https:\/\/barcelona.euses.cat\/ca\/format-amb-lultima-tecnologia-al-grau-de-fisioterapia-amb-mes-projeccio-internacional\/#breadcrumb","itemListElement":[{"@type":"ListItem","position":1,"name":"Portada","item":"https:\/\/barcelona.euses.cat\/ca\/"},{"@type":"ListItem","position":2,"name":"Forma\u2019t amb l\u2019\u00faltima tecnologia al Grau de Fisioter\u00e0pia amb m\u00e9s projecci\u00f3 internacional"}]},{"@type":"WebSite","@id":"https:\/\/barcelona.euses.cat\/ca\/#website","url":"https:\/\/barcelona.euses.cat\/ca\/","name":"EUSES - Campus de Bellvitge (Barcelona)","description":"EUSES, Escola Universit\u00e0ria de Fisioter\u00e0pia Internacional a Barcelona","potentialAction":[{"@type":"SearchAction","target":{"@type":"EntryPoint","urlTemplate":"https:\/\/barcelona.euses.cat\/ca\/?s={search_term_string}"},"query-input":{"@type":"PropertyValueSpecification","valueRequired":true,"valueName":"search_term_string"}}],"inLanguage":"ca"},{"@type":"Person","@id":"https:\/\/barcelona.euses.cat\/ca\/#\/schema\/person\/c3074ca9d956eacf02e41e2ff78e53ab","name":"neorg","image":{"@type":"ImageObject","inLanguage":"ca","@id":"https:\/\/secure.gravatar.com\/avatar\/709d3d8015183afa7401c02e2291a538cbfd4ffe62f4d86ce5f4871f22e86b09?s=96&d=mm&r=g","url":"https:\/\/secure.gravatar.com\/avatar\/709d3d8015183afa7401c02e2291a538cbfd4ffe62f4d86ce5f4871f22e86b09?s=96&d=mm&r=g","contentUrl":"https:\/\/secure.gravatar.com\/avatar\/709d3d8015183afa7401c02e2291a538cbfd4ffe62f4d86ce5f4871f22e86b09?s=96&d=mm&r=g","caption":"neorg"},"url":"https:\/\/barcelona.euses.cat\/ca\/author\/neorg\/"}]}},"_links":{"self":[{"href":"https:\/\/barcelona.euses.cat\/ca\/wp-json\/wp\/v2\/posts\/5420","targetHints":{"allow":["GET"]}}],"collection":[{"href":"https:\/\/barcelona.euses.cat\/ca\/wp-json\/wp\/v2\/posts"}],"about":[{"href":"https:\/\/barcelona.euses.cat\/ca\/wp-json\/wp\/v2\/types\/post"}],"author":[{"embeddable":true,"href":"https:\/\/barcelona.euses.cat\/ca\/wp-json\/wp\/v2\/users\/1"}],"replies":[{"embeddable":true,"href":"https:\/\/barcelona.euses.cat\/ca\/wp-json\/wp\/v2\/comments?post=5420"}],"version-history":[{"count":0,"href":"https:\/\/barcelona.euses.cat\/ca\/wp-json\/wp\/v2\/posts\/5420\/revisions"}],"wp:featuredmedia":[{"embeddable":true,"href":"https:\/\/barcelona.euses.cat\/ca\/wp-json\/wp\/v2\/media\/5421"}],"wp:attachment":[{"href":"https:\/\/barcelona.euses.cat\/ca\/wp-json\/wp\/v2\/media?parent=5420"}],"wp:term":[{"taxonomy":"category","embeddable":true,"href":"https:\/\/barcelona.euses.cat\/ca\/wp-json\/wp\/v2\/categories?post=5420"},{"taxonomy":"post_tag","embeddable":true,"href":"https:\/\/barcelona.euses.cat\/ca\/wp-json\/wp\/v2\/tags?post=5420"}],"curies":[{"name":"wp","href":"https:\/\/api.w.org\/{rel}","templated":true}]}}