{"id":5333,"date":"2017-04-24T00:00:00","date_gmt":"2017-04-23T22:00:00","guid":{"rendered":"http:\/\/physiotherapybarcelona.net\/un-itinerari-formatiu-holistic-tecnologic-i-global-caracteritza-el-pla-destudis-el-grau-en-fisioterapia-internacional\/"},"modified":"2017-04-24T00:00:00","modified_gmt":"2017-04-23T22:00:00","slug":"un-itinerari-formatiu-holistic-tecnologic-i-global-caracteritza-el-pla-destudis-el-grau-en-fisioterapia-internacional","status":"publish","type":"post","link":"https:\/\/barcelona.euses.cat\/ca\/un-itinerari-formatiu-holistic-tecnologic-i-global-caracteritza-el-pla-destudis-el-grau-en-fisioterapia-internacional\/","title":{"rendered":"Un itinerari formatiu hol\u00edstic, tecnol\u00f2gic i global caracteritza el pla d\u2019estudis el Grau en Fisioter\u00e0pia Internacional"},"content":{"rendered":"<p style=\"text-align: justify;\">El <a href=\"https:\/\/goo.gl\/42vUUy\"><strong>Grau en Fisioter\u00e0pia Internacional de l\u2019Escola de Noves Tecnologies Interactives (ENTI-UB) <\/strong>i de <strong>l\u2019Escola Universit\u00e0ria de la Salut i l\u2019Esport (EUSES-UdG)<\/strong><\/a> t\u2019ofereix una formaci\u00f3 universit\u00e0ria \u00edntegrament en <strong>angl\u00e8s<\/strong> i amb una clara <strong>vocaci\u00f3 global<\/strong>. A m\u00e9s, per tal de respondre a les demandes i necessitats de la societat actual, el <strong>pla d\u2019estudis<\/strong> d\u2019aquesta titulaci\u00f3 introdueix les <strong>noves TIC<\/strong>, pr\u00f2pies de <strong>l\u2019e-health<\/strong>, aplicades a la <strong>fisioter\u00e0pia<\/strong>.<\/p>\n<p style=\"text-align: justify;\">A trav\u00e9s d\u2019assignatures com: Anatomia, <strong>Massoter\u00e0pia<\/strong>, Fisioter\u00e0pia en Especialitats Cl\u00edniques, <strong>Bioqu\u00edmica<\/strong>, Cinesiter\u00e0pia, <strong>Patologia Neurol\u00f2gica<\/strong>, Biologia, <strong>Fisiologia<\/strong>, Ter\u00e0pia Manual, <strong>Desenvolupament d\u2019Estudis Tecnol\u00f2gics i Biomec\u00e0nica<\/strong>, Aplicaci\u00f3 d\u2019Agents F\u00edsics, <strong>Salut P\u00fablica<\/strong> i Administraci\u00f3 Sanit\u00e0ria, entre moltes altres; obtindr\u00e0s una formaci\u00f3 actualitzada i de qualitat, abastant totes les noves tend\u00e8ncies tecnol\u00f2giques com els <strong>Serious Games<\/strong> o les noves <strong>apps<\/strong> aplicades a la <strong>salut<\/strong>. Sens dubte, con\u00e8ixer aquestes noves tecnologies, aplicades a <strong>l\u2019\u00e0mbit<\/strong> <strong>sanitari i assistencial<\/strong>, et permetr\u00e0 crear nous recursos, <strong>apps m\u00f2bils, software<\/strong> o modelatge tridimensional aplicats a la <strong>fisioter\u00e0pia<\/strong>.<\/p>\n<p style=\"text-align: justify;\">A m\u00e9s, gr\u00e0cies a la pres\u00e8ncia <strong>d\u2019ENTI-UB<\/strong>, una universitat pionera en <strong>noves tecnologies<\/strong>, anir\u00e0s m\u00e9s enll\u00e0 de les ter\u00e0pies manuals. Podr\u00e0s aprofundir en l\u2019aplicaci\u00f3 dels darrers <strong>avan\u00e7os<\/strong> <strong>tecnol\u00f2gics<\/strong> a l\u2019\u00e0mbit de la <strong>fisioter\u00e0pia<\/strong>, ser\u00e0s capa\u00e7 de crear i desenvolupar <strong>noves aplicacions<\/strong> <strong>tecnol\u00f2giques<\/strong>, aconseguint augmentar tant l\u2019efic\u00e0cia dels <strong>diagn\u00f2stics<\/strong> en <strong>fisioter\u00e0pia<\/strong>, com els resultats terap\u00e8utics dels mateixos i l\u2019adher\u00e8ncia al tractament per part dels <strong>pacients<\/strong>.<\/p>\n<p style=\"text-align: justify;\">Actualment, les <strong>noves eines tecnol\u00f2giques<\/strong> s\u00f3n cada vegada m\u00e9s presents a tots els \u00e0mbits de la nostra societat. Al <strong>Grau en Fisioter\u00e0pia Internacional<\/strong> som conscients d\u2019aquesta realitat; per aix\u00f2 s\u2019incorpora el <strong>vessant tecnol\u00f2gic<\/strong> al llarg de <strong>l\u2019itinerari formatiu<\/strong> d\u2019aquests estudis. Tot plegat, et permetr\u00e0 dominar les TIC des d\u2019un punt de vista ampli. No nom\u00e9s aprofundir\u00e0s en la tecnologia purament m\u00e8dica, sin\u00f3 que tamb\u00e9 compartir\u00e0s recursos amb altres disciplines com <strong>l\u2019arquitectura<\/strong> -estudis de reconstrucci\u00f3 en tres dimensions que han facilitat el tractament de malalties de la columna vertebral- o els <strong>jocs virtuals<\/strong> -beneficis de la utilitzaci\u00f3 de la Plataforma <strong>Wii Fit<\/strong> en el tractament de les lesions de les articulacions del turmell o genoll-.<\/p>\n<p style=\"text-align: justify;\">Finalment, cal assenyalar que al <strong>Campus de la UB<\/strong>, tindr\u00e0s l\u2019oportunitat de formar-te amb un <strong>equip docent <\/strong>de primer nivell, la majoria dels quals, s\u00f3n <strong>Doctors<\/strong> especialitzats en el seu camp, amb una \u00e0mplia dedicaci\u00f3 a la <strong>investigaci\u00f3<\/strong> (publicacions classificades, impacte de la investigaci\u00f3, etc.). A m\u00e9s; els docents d\u2019aquest Grau es caracteritzen per les seves \u00e0mplies <strong>habilitats pedag\u00f2giques<\/strong>, la seva <strong>proced\u00e8ncia internacional<\/strong> i la seva dilatada <strong>experi\u00e8ncia<\/strong> tant <strong>professional<\/strong> com <strong>acad\u00e8mica<\/strong>.<\/p>\n<p style=\"text-align: justify;\">En definitiva, el pla d\u2019estudis del <a href=\"https:\/\/goo.gl\/42vUUy\"><strong>Grau en Fisioter\u00e0pia Internacional<\/strong><\/a> d\u00f3na resposta als <strong>reptes<\/strong> del <strong>segle XXI<\/strong>. Tria una formaci\u00f3 innovadora i de qualitat que et permetr\u00e0 convertir-te en un <strong>nou professional<\/strong> amb capacitat de crear nous recursos i afegir <strong>qualitat<\/strong> al <strong>servei assistencial<\/strong>.<\/p>\n","protected":false},"excerpt":{"rendered":"<p>El Grau en Fisioter\u00e0pia Internacional de l\u2019Escola de Noves Tecnologies Interactives (ENTI-UB) i de l\u2019Escola Universit\u00e0ria de la Salut i l\u2019Esport (EUSES-UdG) t\u2019ofereix una formaci\u00f3 universit\u00e0ria \u00edntegrament en angl\u00e8s i amb una clara vocaci\u00f3 global. A m\u00e9s, per tal de respondre a les demandes i necessitats de la societat actual, el pla d\u2019estudis d\u2019aquesta titulaci\u00f3 [&hellip;]<\/p>\n","protected":false},"author":1,"featured_media":5334,"comment_status":"closed","ping_status":"closed","sticky":false,"template":"","format":"standard","meta":{"_acf_changed":false,"inline_featured_image":false,"_joinchat":[],"footnotes":""},"categories":[54],"tags":[45],"class_list":["post-5333","post","type-post","status-publish","format-standard","has-post-thumbnail","hentry","category-uncategorized-ca","tag-catala"],"acf":[],"yoast_head":"<!-- This site is optimized with the Yoast SEO plugin v27.4 - https:\/\/yoast.com\/product\/yoast-seo-wordpress\/ -->\n<title>Un itinerari formatiu hol\u00edstic, tecnol\u00f2gic i global caracteritza el pla d\u2019estudis el Grau en Fisioter\u00e0pia Internacional | EUSES- Campus de Bellvitge (Barcelona)<\/title>\n<meta name=\"robots\" content=\"index, follow, max-snippet:-1, max-image-preview:large, max-video-preview:-1\" \/>\n<link rel=\"canonical\" href=\"https:\/\/barcelona.euses.cat\/ca\/un-itinerari-formatiu-holistic-tecnologic-i-global-caracteritza-el-pla-destudis-el-grau-en-fisioterapia-internacional\/\" \/>\n<meta property=\"og:locale\" content=\"ca_ES\" \/>\n<meta property=\"og:type\" content=\"article\" \/>\n<meta property=\"og:title\" content=\"Un itinerari formatiu hol\u00edstic, tecnol\u00f2gic i global caracteritza el pla d\u2019estudis el Grau en Fisioter\u00e0pia Internacional | EUSES- Campus de Bellvitge (Barcelona)\" \/>\n<meta property=\"og:description\" content=\"El Grau en Fisioter\u00e0pia Internacional de l\u2019Escola de Noves Tecnologies Interactives (ENTI-UB) i de l\u2019Escola Universit\u00e0ria de la Salut i l\u2019Esport (EUSES-UdG) t\u2019ofereix una formaci\u00f3 universit\u00e0ria \u00edntegrament en angl\u00e8s i amb una clara vocaci\u00f3 global. A m\u00e9s, per tal de respondre a les demandes i necessitats de la societat actual, el pla d\u2019estudis d\u2019aquesta titulaci\u00f3 [&hellip;]\" \/>\n<meta property=\"og:url\" content=\"https:\/\/barcelona.euses.cat\/ca\/un-itinerari-formatiu-holistic-tecnologic-i-global-caracteritza-el-pla-destudis-el-grau-en-fisioterapia-internacional\/\" \/>\n<meta property=\"og:site_name\" content=\"EUSES- Campus de Bellvitge (Barcelona)\" \/>\n<meta property=\"article:publisher\" content=\"https:\/\/www.facebook.com\/PhysioBCN\/\" \/>\n<meta property=\"article:published_time\" content=\"2017-04-23T22:00:00+00:00\" \/>\n<meta property=\"og:image\" content=\"https:\/\/barcelona.euses.cat\/wp-content\/uploads\/2018\/02\/Santuari_Mare_de_Deu_Ajuda_Hostalets_de_Balenya.jpg\" \/>\n\t<meta property=\"og:image:width\" content=\"694\" \/>\n\t<meta property=\"og:image:height\" content=\"463\" \/>\n\t<meta property=\"og:image:type\" content=\"image\/jpeg\" \/>\n<meta name=\"author\" content=\"neorg\" \/>\n<meta name=\"twitter:card\" content=\"summary_large_image\" \/>\n<meta name=\"twitter:label1\" content=\"Escrit per\" \/>\n\t<meta name=\"twitter:data1\" content=\"neorg\" \/>\n\t<meta name=\"twitter:label2\" content=\"Temps estimat de lectura\" \/>\n\t<meta name=\"twitter:data2\" content=\"3 minuts\" \/>\n<script type=\"application\/ld+json\" class=\"yoast-schema-graph\">{\"@context\":\"https:\\\/\\\/schema.org\",\"@graph\":[{\"@type\":\"Article\",\"@id\":\"https:\\\/\\\/barcelona.euses.cat\\\/ca\\\/un-itinerari-formatiu-holistic-tecnologic-i-global-caracteritza-el-pla-destudis-el-grau-en-fisioterapia-internacional\\\/#article\",\"isPartOf\":{\"@id\":\"https:\\\/\\\/barcelona.euses.cat\\\/ca\\\/un-itinerari-formatiu-holistic-tecnologic-i-global-caracteritza-el-pla-destudis-el-grau-en-fisioterapia-internacional\\\/\"},\"author\":{\"name\":\"neorg\",\"@id\":\"https:\\\/\\\/barcelona.euses.cat\\\/ca\\\/#\\\/schema\\\/person\\\/c3074ca9d956eacf02e41e2ff78e53ab\"},\"headline\":\"Un itinerari formatiu hol\u00edstic, tecnol\u00f2gic i global caracteritza el pla d\u2019estudis el Grau en Fisioter\u00e0pia Internacional\",\"datePublished\":\"2017-04-23T22:00:00+00:00\",\"mainEntityOfPage\":{\"@id\":\"https:\\\/\\\/barcelona.euses.cat\\\/ca\\\/un-itinerari-formatiu-holistic-tecnologic-i-global-caracteritza-el-pla-destudis-el-grau-en-fisioterapia-internacional\\\/\"},\"wordCount\":552,\"image\":{\"@id\":\"https:\\\/\\\/barcelona.euses.cat\\\/ca\\\/un-itinerari-formatiu-holistic-tecnologic-i-global-caracteritza-el-pla-destudis-el-grau-en-fisioterapia-internacional\\\/#primaryimage\"},\"thumbnailUrl\":\"https:\\\/\\\/barcelona.euses.cat\\\/wp-content\\\/uploads\\\/2018\\\/02\\\/Santuari_Mare_de_Deu_Ajuda_Hostalets_de_Balenya.jpg\",\"keywords\":[\"Catal\u00e0\"],\"articleSection\":[\"Uncategorized @ca\"],\"inLanguage\":\"ca\"},{\"@type\":\"WebPage\",\"@id\":\"https:\\\/\\\/barcelona.euses.cat\\\/ca\\\/un-itinerari-formatiu-holistic-tecnologic-i-global-caracteritza-el-pla-destudis-el-grau-en-fisioterapia-internacional\\\/\",\"url\":\"https:\\\/\\\/barcelona.euses.cat\\\/ca\\\/un-itinerari-formatiu-holistic-tecnologic-i-global-caracteritza-el-pla-destudis-el-grau-en-fisioterapia-internacional\\\/\",\"name\":\"Un itinerari formatiu hol\u00edstic, tecnol\u00f2gic i global caracteritza el pla d\u2019estudis el Grau en Fisioter\u00e0pia Internacional | EUSES- Campus de Bellvitge (Barcelona)\",\"isPartOf\":{\"@id\":\"https:\\\/\\\/barcelona.euses.cat\\\/ca\\\/#website\"},\"primaryImageOfPage\":{\"@id\":\"https:\\\/\\\/barcelona.euses.cat\\\/ca\\\/un-itinerari-formatiu-holistic-tecnologic-i-global-caracteritza-el-pla-destudis-el-grau-en-fisioterapia-internacional\\\/#primaryimage\"},\"image\":{\"@id\":\"https:\\\/\\\/barcelona.euses.cat\\\/ca\\\/un-itinerari-formatiu-holistic-tecnologic-i-global-caracteritza-el-pla-destudis-el-grau-en-fisioterapia-internacional\\\/#primaryimage\"},\"thumbnailUrl\":\"https:\\\/\\\/barcelona.euses.cat\\\/wp-content\\\/uploads\\\/2018\\\/02\\\/Santuari_Mare_de_Deu_Ajuda_Hostalets_de_Balenya.jpg\",\"datePublished\":\"2017-04-23T22:00:00+00:00\",\"author\":{\"@id\":\"https:\\\/\\\/barcelona.euses.cat\\\/ca\\\/#\\\/schema\\\/person\\\/c3074ca9d956eacf02e41e2ff78e53ab\"},\"breadcrumb\":{\"@id\":\"https:\\\/\\\/barcelona.euses.cat\\\/ca\\\/un-itinerari-formatiu-holistic-tecnologic-i-global-caracteritza-el-pla-destudis-el-grau-en-fisioterapia-internacional\\\/#breadcrumb\"},\"inLanguage\":\"ca\",\"potentialAction\":[{\"@type\":\"ReadAction\",\"target\":[\"https:\\\/\\\/barcelona.euses.cat\\\/ca\\\/un-itinerari-formatiu-holistic-tecnologic-i-global-caracteritza-el-pla-destudis-el-grau-en-fisioterapia-internacional\\\/\"]}]},{\"@type\":\"ImageObject\",\"inLanguage\":\"ca\",\"@id\":\"https:\\\/\\\/barcelona.euses.cat\\\/ca\\\/un-itinerari-formatiu-holistic-tecnologic-i-global-caracteritza-el-pla-destudis-el-grau-en-fisioterapia-internacional\\\/#primaryimage\",\"url\":\"https:\\\/\\\/barcelona.euses.cat\\\/wp-content\\\/uploads\\\/2018\\\/02\\\/Santuari_Mare_de_Deu_Ajuda_Hostalets_de_Balenya.jpg\",\"contentUrl\":\"https:\\\/\\\/barcelona.euses.cat\\\/wp-content\\\/uploads\\\/2018\\\/02\\\/Santuari_Mare_de_Deu_Ajuda_Hostalets_de_Balenya.jpg\",\"width\":694,\"height\":463},{\"@type\":\"BreadcrumbList\",\"@id\":\"https:\\\/\\\/barcelona.euses.cat\\\/ca\\\/un-itinerari-formatiu-holistic-tecnologic-i-global-caracteritza-el-pla-destudis-el-grau-en-fisioterapia-internacional\\\/#breadcrumb\",\"itemListElement\":[{\"@type\":\"ListItem\",\"position\":1,\"name\":\"Portada\",\"item\":\"https:\\\/\\\/barcelona.euses.cat\\\/ca\\\/\"},{\"@type\":\"ListItem\",\"position\":2,\"name\":\"Un itinerari formatiu hol\u00edstic, tecnol\u00f2gic i global caracteritza el pla d\u2019estudis el Grau en Fisioter\u00e0pia Internacional\"}]},{\"@type\":\"WebSite\",\"@id\":\"https:\\\/\\\/barcelona.euses.cat\\\/ca\\\/#website\",\"url\":\"https:\\\/\\\/barcelona.euses.cat\\\/ca\\\/\",\"name\":\"EUSES - Campus de Bellvitge (Barcelona)\",\"description\":\"EUSES, Escola Universit\u00e0ria de Fisioter\u00e0pia Internacional a Barcelona\",\"potentialAction\":[{\"@type\":\"SearchAction\",\"target\":{\"@type\":\"EntryPoint\",\"urlTemplate\":\"https:\\\/\\\/barcelona.euses.cat\\\/ca\\\/?s={search_term_string}\"},\"query-input\":{\"@type\":\"PropertyValueSpecification\",\"valueRequired\":true,\"valueName\":\"search_term_string\"}}],\"inLanguage\":\"ca\"},{\"@type\":\"Person\",\"@id\":\"https:\\\/\\\/barcelona.euses.cat\\\/ca\\\/#\\\/schema\\\/person\\\/c3074ca9d956eacf02e41e2ff78e53ab\",\"name\":\"neorg\",\"image\":{\"@type\":\"ImageObject\",\"inLanguage\":\"ca\",\"@id\":\"https:\\\/\\\/secure.gravatar.com\\\/avatar\\\/709d3d8015183afa7401c02e2291a538cbfd4ffe62f4d86ce5f4871f22e86b09?s=96&d=mm&r=g\",\"url\":\"https:\\\/\\\/secure.gravatar.com\\\/avatar\\\/709d3d8015183afa7401c02e2291a538cbfd4ffe62f4d86ce5f4871f22e86b09?s=96&d=mm&r=g\",\"contentUrl\":\"https:\\\/\\\/secure.gravatar.com\\\/avatar\\\/709d3d8015183afa7401c02e2291a538cbfd4ffe62f4d86ce5f4871f22e86b09?s=96&d=mm&r=g\",\"caption\":\"neorg\"},\"url\":\"https:\\\/\\\/barcelona.euses.cat\\\/ca\\\/author\\\/neorg\\\/\"}]}<\/script>\n<!-- \/ Yoast SEO plugin. -->","yoast_head_json":{"title":"Un itinerari formatiu hol\u00edstic, tecnol\u00f2gic i global caracteritza el pla d\u2019estudis el Grau en Fisioter\u00e0pia Internacional | EUSES- Campus de Bellvitge (Barcelona)","robots":{"index":"index","follow":"follow","max-snippet":"max-snippet:-1","max-image-preview":"max-image-preview:large","max-video-preview":"max-video-preview:-1"},"canonical":"https:\/\/barcelona.euses.cat\/ca\/un-itinerari-formatiu-holistic-tecnologic-i-global-caracteritza-el-pla-destudis-el-grau-en-fisioterapia-internacional\/","og_locale":"ca_ES","og_type":"article","og_title":"Un itinerari formatiu hol\u00edstic, tecnol\u00f2gic i global caracteritza el pla d\u2019estudis el Grau en Fisioter\u00e0pia Internacional | EUSES- Campus de Bellvitge (Barcelona)","og_description":"El Grau en Fisioter\u00e0pia Internacional de l\u2019Escola de Noves Tecnologies Interactives (ENTI-UB) i de l\u2019Escola Universit\u00e0ria de la Salut i l\u2019Esport (EUSES-UdG) t\u2019ofereix una formaci\u00f3 universit\u00e0ria \u00edntegrament en angl\u00e8s i amb una clara vocaci\u00f3 global. A m\u00e9s, per tal de respondre a les demandes i necessitats de la societat actual, el pla d\u2019estudis d\u2019aquesta titulaci\u00f3 [&hellip;]","og_url":"https:\/\/barcelona.euses.cat\/ca\/un-itinerari-formatiu-holistic-tecnologic-i-global-caracteritza-el-pla-destudis-el-grau-en-fisioterapia-internacional\/","og_site_name":"EUSES- Campus de Bellvitge (Barcelona)","article_publisher":"https:\/\/www.facebook.com\/PhysioBCN\/","article_published_time":"2017-04-23T22:00:00+00:00","og_image":[{"width":694,"height":463,"url":"https:\/\/barcelona.euses.cat\/wp-content\/uploads\/2018\/02\/Santuari_Mare_de_Deu_Ajuda_Hostalets_de_Balenya.jpg","type":"image\/jpeg"}],"author":"neorg","twitter_card":"summary_large_image","twitter_misc":{"Escrit per":"neorg","Temps estimat de lectura":"3 minuts"},"schema":{"@context":"https:\/\/schema.org","@graph":[{"@type":"Article","@id":"https:\/\/barcelona.euses.cat\/ca\/un-itinerari-formatiu-holistic-tecnologic-i-global-caracteritza-el-pla-destudis-el-grau-en-fisioterapia-internacional\/#article","isPartOf":{"@id":"https:\/\/barcelona.euses.cat\/ca\/un-itinerari-formatiu-holistic-tecnologic-i-global-caracteritza-el-pla-destudis-el-grau-en-fisioterapia-internacional\/"},"author":{"name":"neorg","@id":"https:\/\/barcelona.euses.cat\/ca\/#\/schema\/person\/c3074ca9d956eacf02e41e2ff78e53ab"},"headline":"Un itinerari formatiu hol\u00edstic, tecnol\u00f2gic i global caracteritza el pla d\u2019estudis el Grau en Fisioter\u00e0pia Internacional","datePublished":"2017-04-23T22:00:00+00:00","mainEntityOfPage":{"@id":"https:\/\/barcelona.euses.cat\/ca\/un-itinerari-formatiu-holistic-tecnologic-i-global-caracteritza-el-pla-destudis-el-grau-en-fisioterapia-internacional\/"},"wordCount":552,"image":{"@id":"https:\/\/barcelona.euses.cat\/ca\/un-itinerari-formatiu-holistic-tecnologic-i-global-caracteritza-el-pla-destudis-el-grau-en-fisioterapia-internacional\/#primaryimage"},"thumbnailUrl":"https:\/\/barcelona.euses.cat\/wp-content\/uploads\/2018\/02\/Santuari_Mare_de_Deu_Ajuda_Hostalets_de_Balenya.jpg","keywords":["Catal\u00e0"],"articleSection":["Uncategorized @ca"],"inLanguage":"ca"},{"@type":"WebPage","@id":"https:\/\/barcelona.euses.cat\/ca\/un-itinerari-formatiu-holistic-tecnologic-i-global-caracteritza-el-pla-destudis-el-grau-en-fisioterapia-internacional\/","url":"https:\/\/barcelona.euses.cat\/ca\/un-itinerari-formatiu-holistic-tecnologic-i-global-caracteritza-el-pla-destudis-el-grau-en-fisioterapia-internacional\/","name":"Un itinerari formatiu hol\u00edstic, tecnol\u00f2gic i global caracteritza el pla d\u2019estudis el Grau en Fisioter\u00e0pia Internacional | EUSES- Campus de Bellvitge (Barcelona)","isPartOf":{"@id":"https:\/\/barcelona.euses.cat\/ca\/#website"},"primaryImageOfPage":{"@id":"https:\/\/barcelona.euses.cat\/ca\/un-itinerari-formatiu-holistic-tecnologic-i-global-caracteritza-el-pla-destudis-el-grau-en-fisioterapia-internacional\/#primaryimage"},"image":{"@id":"https:\/\/barcelona.euses.cat\/ca\/un-itinerari-formatiu-holistic-tecnologic-i-global-caracteritza-el-pla-destudis-el-grau-en-fisioterapia-internacional\/#primaryimage"},"thumbnailUrl":"https:\/\/barcelona.euses.cat\/wp-content\/uploads\/2018\/02\/Santuari_Mare_de_Deu_Ajuda_Hostalets_de_Balenya.jpg","datePublished":"2017-04-23T22:00:00+00:00","author":{"@id":"https:\/\/barcelona.euses.cat\/ca\/#\/schema\/person\/c3074ca9d956eacf02e41e2ff78e53ab"},"breadcrumb":{"@id":"https:\/\/barcelona.euses.cat\/ca\/un-itinerari-formatiu-holistic-tecnologic-i-global-caracteritza-el-pla-destudis-el-grau-en-fisioterapia-internacional\/#breadcrumb"},"inLanguage":"ca","potentialAction":[{"@type":"ReadAction","target":["https:\/\/barcelona.euses.cat\/ca\/un-itinerari-formatiu-holistic-tecnologic-i-global-caracteritza-el-pla-destudis-el-grau-en-fisioterapia-internacional\/"]}]},{"@type":"ImageObject","inLanguage":"ca","@id":"https:\/\/barcelona.euses.cat\/ca\/un-itinerari-formatiu-holistic-tecnologic-i-global-caracteritza-el-pla-destudis-el-grau-en-fisioterapia-internacional\/#primaryimage","url":"https:\/\/barcelona.euses.cat\/wp-content\/uploads\/2018\/02\/Santuari_Mare_de_Deu_Ajuda_Hostalets_de_Balenya.jpg","contentUrl":"https:\/\/barcelona.euses.cat\/wp-content\/uploads\/2018\/02\/Santuari_Mare_de_Deu_Ajuda_Hostalets_de_Balenya.jpg","width":694,"height":463},{"@type":"BreadcrumbList","@id":"https:\/\/barcelona.euses.cat\/ca\/un-itinerari-formatiu-holistic-tecnologic-i-global-caracteritza-el-pla-destudis-el-grau-en-fisioterapia-internacional\/#breadcrumb","itemListElement":[{"@type":"ListItem","position":1,"name":"Portada","item":"https:\/\/barcelona.euses.cat\/ca\/"},{"@type":"ListItem","position":2,"name":"Un itinerari formatiu hol\u00edstic, tecnol\u00f2gic i global caracteritza el pla d\u2019estudis el Grau en Fisioter\u00e0pia Internacional"}]},{"@type":"WebSite","@id":"https:\/\/barcelona.euses.cat\/ca\/#website","url":"https:\/\/barcelona.euses.cat\/ca\/","name":"EUSES - Campus de Bellvitge (Barcelona)","description":"EUSES, Escola Universit\u00e0ria de Fisioter\u00e0pia Internacional a Barcelona","potentialAction":[{"@type":"SearchAction","target":{"@type":"EntryPoint","urlTemplate":"https:\/\/barcelona.euses.cat\/ca\/?s={search_term_string}"},"query-input":{"@type":"PropertyValueSpecification","valueRequired":true,"valueName":"search_term_string"}}],"inLanguage":"ca"},{"@type":"Person","@id":"https:\/\/barcelona.euses.cat\/ca\/#\/schema\/person\/c3074ca9d956eacf02e41e2ff78e53ab","name":"neorg","image":{"@type":"ImageObject","inLanguage":"ca","@id":"https:\/\/secure.gravatar.com\/avatar\/709d3d8015183afa7401c02e2291a538cbfd4ffe62f4d86ce5f4871f22e86b09?s=96&d=mm&r=g","url":"https:\/\/secure.gravatar.com\/avatar\/709d3d8015183afa7401c02e2291a538cbfd4ffe62f4d86ce5f4871f22e86b09?s=96&d=mm&r=g","contentUrl":"https:\/\/secure.gravatar.com\/avatar\/709d3d8015183afa7401c02e2291a538cbfd4ffe62f4d86ce5f4871f22e86b09?s=96&d=mm&r=g","caption":"neorg"},"url":"https:\/\/barcelona.euses.cat\/ca\/author\/neorg\/"}]}},"_links":{"self":[{"href":"https:\/\/barcelona.euses.cat\/ca\/wp-json\/wp\/v2\/posts\/5333","targetHints":{"allow":["GET"]}}],"collection":[{"href":"https:\/\/barcelona.euses.cat\/ca\/wp-json\/wp\/v2\/posts"}],"about":[{"href":"https:\/\/barcelona.euses.cat\/ca\/wp-json\/wp\/v2\/types\/post"}],"author":[{"embeddable":true,"href":"https:\/\/barcelona.euses.cat\/ca\/wp-json\/wp\/v2\/users\/1"}],"replies":[{"embeddable":true,"href":"https:\/\/barcelona.euses.cat\/ca\/wp-json\/wp\/v2\/comments?post=5333"}],"version-history":[{"count":0,"href":"https:\/\/barcelona.euses.cat\/ca\/wp-json\/wp\/v2\/posts\/5333\/revisions"}],"wp:featuredmedia":[{"embeddable":true,"href":"https:\/\/barcelona.euses.cat\/ca\/wp-json\/wp\/v2\/media\/5334"}],"wp:attachment":[{"href":"https:\/\/barcelona.euses.cat\/ca\/wp-json\/wp\/v2\/media?parent=5333"}],"wp:term":[{"taxonomy":"category","embeddable":true,"href":"https:\/\/barcelona.euses.cat\/ca\/wp-json\/wp\/v2\/categories?post=5333"},{"taxonomy":"post_tag","embeddable":true,"href":"https:\/\/barcelona.euses.cat\/ca\/wp-json\/wp\/v2\/tags?post=5333"}],"curies":[{"name":"wp","href":"https:\/\/api.w.org\/{rel}","templated":true}]}}