{"id":5328,"date":"2017-05-02T00:00:00","date_gmt":"2017-05-01T22:00:00","guid":{"rendered":"http:\/\/physiotherapybarcelona.net\/nova-jornada-de-portes-obertes-del-grau-en-fisioterapia-internacional-el-dissabte-13-de-maig-al-campus-de-la-ub\/"},"modified":"2017-05-02T00:00:00","modified_gmt":"2017-05-01T22:00:00","slug":"nova-jornada-de-portes-obertes-del-grau-en-fisioterapia-internacional-el-dissabte-13-de-maig-al-campus-de-la-ub","status":"publish","type":"post","link":"https:\/\/barcelona.euses.cat\/ca\/nova-jornada-de-portes-obertes-del-grau-en-fisioterapia-internacional-el-dissabte-13-de-maig-al-campus-de-la-ub\/","title":{"rendered":"Nova Jornada de Portes Obertes del Grau en Fisioter\u00e0pia Internacional, el dissabte 13 de maig al Campus de la UB"},"content":{"rendered":"<p style=\"text-align: justify;\">El proper dissabte <strong>13 de maig<\/strong> a les <strong>11.30 h<\/strong>, el Campus de la Salut de la Universitat de Barcelona (UB) tornar\u00e0 acollir una nova <strong>Jornada de Portes Obertes<\/strong> del <a href=\"https:\/\/goo.gl\/gEjYm6\"><strong>Grau en Fisioter\u00e0pia Internacional de l\u2019Escola Universit\u00e0ria de la Salut i l\u2019Esport (EUSES-UdG) i de l\u2019Escola de Noves Tecnologies Interactives (ENTI-UB)<\/strong><\/a>. Sens dubte, es tracta d\u2019una excel\u00b7lent oportunitat perqu\u00e8 els estudiants interessats a realitzar aquest Grau universitari puguin informar-se de tots els detalls del proper curs acad\u00e8mic 2017-2018.<\/p>\n<p style=\"text-align: justify;\">Al llarg d\u2019aquesta jornada, tindr\u00e0 lloc una sessi\u00f3 informativa, en la qual, els futurs estudiants rebran tota classe d\u2019informaci\u00f3 sobre el <strong>pla d\u2019estudis<\/strong>, el <strong>professorat<\/strong>, les <strong>sortides professionals<\/strong>, el proc\u00e9s <strong>d\u2019inscripcions<\/strong> i matr\u00edcules, entre molts altres aspectes. Estudiar el <strong>Grau en Fisioter\u00e0pia Internacional<\/strong> et permetr\u00e0 obtenir una formaci\u00f3 hol\u00edstica i de qualitat, orientada a l\u2019aprenentatge dels diferents aspectes de la fisioter\u00e0pia. Per\u00f2 a m\u00e9s, aquesta titulaci\u00f3 compta amb tota una s\u00e8rie d\u2019importants avantatges. Els vols con\u00e8ixer?:<\/p>\n<p style=\"text-align: justify;\"><strong>Estudiar\u00e0s \u00edntegrament en angl\u00e8s<\/strong>. Un idioma, el domini del qual, \u00e9s imprescindible en la societat actual, esdevenint una compet\u00e8ncia b\u00e0sica per al coneixement de la producci\u00f3 cient\u00edfica i l\u2019adquisici\u00f3 d\u2019un <strong>\u00f2ptim nivell professional<\/strong>.<\/p>\n<p style=\"text-align: justify;\"><strong>Comptar\u00e0s amb un excel\u00b7lent equip docent<\/strong>. Una de les caracter\u00edstiques comunes del <strong>professorat<\/strong> d\u2019aquest Grau \u00e9s el seu <strong>perfil internacional<\/strong>. La majoria procedeix de prestigioses <strong>universitats estrangeres<\/strong>, fet que facilita l\u2019obtenci\u00f3 d\u2019una visi\u00f3 m\u00e9s completa i global de la fisioter\u00e0pia, des de la perspectiva de diferents pa\u00efsos d\u2019arreu del m\u00f3n.<strong>\u00a0<\/strong><\/p>\n<p style=\"text-align: justify;\"><strong>Aprendr\u00e0s a aplicar les noves tecnologies al camp de la<\/strong> <strong>fisioter\u00e0pia<\/strong>. Obtindr\u00e0s una formaci\u00f3 universit\u00e0ria pionera en <strong>e-health<\/strong>. Aprendr\u00e0s a desenvolupar eines de valoraci\u00f3 des de la <strong>fisioter\u00e0pia<\/strong>; aplicar nous <strong>avan\u00e7os tecnol\u00f2gics<\/strong> en aquest \u00e0mbit; i fins i tot, ser\u00e0s capa\u00e7 de crear noves <strong>aplicacions tecnol\u00f2giques<\/strong> com: apps m\u00f2bils, software o modelatge tridimensional aplicat a aquest camp.<\/p>\n<p style=\"text-align: justify;\"><strong>Acc\u00e9s a m\u00faltiples programes d\u2019intercanvi internacional<\/strong>. Tindr\u00e0s la possibilitat d\u2019estudiar a l\u2019estranger i ampliar el teu <strong>networking internacional<\/strong>, gr\u00e0cies als programes <strong>ERASMUS<\/strong> amb <strong>universitats<\/strong> de <strong>prestigi internacional<\/strong>. A m\u00e9s, tamb\u00e9 s\u2019incentiva la posterior ampliaci\u00f3 i continuaci\u00f3 <strong>d\u2019estudis de postgrau<\/strong> en altres pa\u00efsos.<\/p>\n<p style=\"text-align: justify;\"><strong>Pr\u00e0ctiques a reconeguts centres de l\u2019\u00e0mbit de la salut<\/strong>. Podr\u00e0s escollir realitzar el teu pr\u00e0cticum a centres de refer\u00e8ncia en els tractaments de fisioter\u00e0pia a les comarques de Girona, Barcelona, Terres de l\u2019Ebre i el sud de Fran\u00e7a.<\/p>\n<p style=\"text-align: justify;\">No deixis que t\u2019ho expliquin. Vine el <strong>dissabte 13 de maig a les 11.30 h a la <\/strong>Jornada de Portes Obertes del <a href=\"https:\/\/goo.gl\/gEjYm6\"><strong>Grau en Fisioter\u00e0pia Internacional<\/strong> al <strong>Campus de la UB<\/strong><\/a>.\u00a0 Inscriu-te en aquest <a href=\"https:\/\/goo.gl\/Xw2hp5\"><strong>enlla\u00e7<\/strong><\/a>.<\/p>\n<p style=\"text-align: justify;\"><strong>Recorda:<\/strong><\/p>\n<p style=\"text-align: justify;\"><strong>\u00a0<\/strong><\/p>\n<p style=\"text-align: justify;\"><strong>Dissabte 13 de maig a les 11.30 h<\/strong><\/p>\n<p style=\"text-align: justify;\">Campus Bellvitge-Barcelona<\/p>\n<p style=\"text-align: justify;\">Carrer de la Feixa Llarga s\/n<\/p>\n<p style=\"text-align: justify;\">08907 L\u2019Hospitalet de Llobregat (Barcelona).<\/p>\n","protected":false},"excerpt":{"rendered":"<p>El proper dissabte 13 de maig a les 11.30 h, el Campus de la Salut de la Universitat de Barcelona (UB) tornar\u00e0 acollir una nova Jornada de Portes Obertes del Grau en Fisioter\u00e0pia Internacional de l\u2019Escola Universit\u00e0ria de la Salut i l\u2019Esport (EUSES-UdG) i de l\u2019Escola de Noves Tecnologies Interactives (ENTI-UB). Sens dubte, es tracta [&hellip;]<\/p>\n","protected":false},"author":1,"featured_media":5329,"comment_status":"closed","ping_status":"closed","sticky":false,"template":"","format":"standard","meta":{"_acf_changed":false,"inline_featured_image":false,"_joinchat":[],"footnotes":""},"categories":[54],"tags":[45],"class_list":["post-5328","post","type-post","status-publish","format-standard","has-post-thumbnail","hentry","category-uncategorized-ca","tag-catala"],"acf":[],"yoast_head":"<!-- This site is optimized with the Yoast SEO plugin v27.4 - https:\/\/yoast.com\/product\/yoast-seo-wordpress\/ -->\n<title>Nova Jornada de Portes Obertes del Grau en Fisioter\u00e0pia Internacional, el dissabte 13 de maig al Campus de la UB | EUSES- Campus de Bellvitge (Barcelona)<\/title>\n<meta name=\"robots\" content=\"index, follow, max-snippet:-1, max-image-preview:large, max-video-preview:-1\" \/>\n<link rel=\"canonical\" href=\"https:\/\/barcelona.euses.cat\/ca\/nova-jornada-de-portes-obertes-del-grau-en-fisioterapia-internacional-el-dissabte-13-de-maig-al-campus-de-la-ub\/\" \/>\n<meta property=\"og:locale\" content=\"ca_ES\" \/>\n<meta property=\"og:type\" content=\"article\" \/>\n<meta property=\"og:title\" content=\"Nova Jornada de Portes Obertes del Grau en Fisioter\u00e0pia Internacional, el dissabte 13 de maig al Campus de la UB | EUSES- Campus de Bellvitge (Barcelona)\" \/>\n<meta property=\"og:description\" content=\"El proper dissabte 13 de maig a les 11.30 h, el Campus de la Salut de la Universitat de Barcelona (UB) tornar\u00e0 acollir una nova Jornada de Portes Obertes del Grau en Fisioter\u00e0pia Internacional de l\u2019Escola Universit\u00e0ria de la Salut i l\u2019Esport (EUSES-UdG) i de l\u2019Escola de Noves Tecnologies Interactives (ENTI-UB). Sens dubte, es tracta [&hellip;]\" \/>\n<meta property=\"og:url\" content=\"https:\/\/barcelona.euses.cat\/ca\/nova-jornada-de-portes-obertes-del-grau-en-fisioterapia-internacional-el-dissabte-13-de-maig-al-campus-de-la-ub\/\" \/>\n<meta property=\"og:site_name\" content=\"EUSES- Campus de Bellvitge (Barcelona)\" \/>\n<meta property=\"article:publisher\" content=\"https:\/\/www.facebook.com\/PhysioBCN\/\" \/>\n<meta property=\"article:published_time\" content=\"2017-05-01T22:00:00+00:00\" \/>\n<meta property=\"og:image\" content=\"https:\/\/barcelona.euses.cat\/wp-content\/uploads\/2018\/02\/g1.png\" \/>\n\t<meta property=\"og:image:width\" content=\"696\" \/>\n\t<meta property=\"og:image:height\" content=\"525\" \/>\n\t<meta property=\"og:image:type\" content=\"image\/png\" \/>\n<meta name=\"author\" content=\"neorg\" \/>\n<meta name=\"twitter:card\" content=\"summary_large_image\" \/>\n<meta name=\"twitter:label1\" content=\"Escrit per\" \/>\n\t<meta name=\"twitter:data1\" content=\"neorg\" \/>\n\t<meta name=\"twitter:label2\" content=\"Temps estimat de lectura\" \/>\n\t<meta name=\"twitter:data2\" content=\"2 minuts\" \/>\n<script type=\"application\/ld+json\" class=\"yoast-schema-graph\">{\"@context\":\"https:\\\/\\\/schema.org\",\"@graph\":[{\"@type\":\"Article\",\"@id\":\"https:\\\/\\\/barcelona.euses.cat\\\/ca\\\/nova-jornada-de-portes-obertes-del-grau-en-fisioterapia-internacional-el-dissabte-13-de-maig-al-campus-de-la-ub\\\/#article\",\"isPartOf\":{\"@id\":\"https:\\\/\\\/barcelona.euses.cat\\\/ca\\\/nova-jornada-de-portes-obertes-del-grau-en-fisioterapia-internacional-el-dissabte-13-de-maig-al-campus-de-la-ub\\\/\"},\"author\":{\"name\":\"neorg\",\"@id\":\"https:\\\/\\\/barcelona.euses.cat\\\/ca\\\/#\\\/schema\\\/person\\\/c3074ca9d956eacf02e41e2ff78e53ab\"},\"headline\":\"Nova Jornada de Portes Obertes del Grau en Fisioter\u00e0pia Internacional, el dissabte 13 de maig al Campus de la UB\",\"datePublished\":\"2017-05-01T22:00:00+00:00\",\"mainEntityOfPage\":{\"@id\":\"https:\\\/\\\/barcelona.euses.cat\\\/ca\\\/nova-jornada-de-portes-obertes-del-grau-en-fisioterapia-internacional-el-dissabte-13-de-maig-al-campus-de-la-ub\\\/\"},\"wordCount\":518,\"image\":{\"@id\":\"https:\\\/\\\/barcelona.euses.cat\\\/ca\\\/nova-jornada-de-portes-obertes-del-grau-en-fisioterapia-internacional-el-dissabte-13-de-maig-al-campus-de-la-ub\\\/#primaryimage\"},\"thumbnailUrl\":\"https:\\\/\\\/barcelona.euses.cat\\\/wp-content\\\/uploads\\\/2018\\\/02\\\/g1.png\",\"keywords\":[\"Catal\u00e0\"],\"articleSection\":[\"Uncategorized @ca\"],\"inLanguage\":\"ca\"},{\"@type\":\"WebPage\",\"@id\":\"https:\\\/\\\/barcelona.euses.cat\\\/ca\\\/nova-jornada-de-portes-obertes-del-grau-en-fisioterapia-internacional-el-dissabte-13-de-maig-al-campus-de-la-ub\\\/\",\"url\":\"https:\\\/\\\/barcelona.euses.cat\\\/ca\\\/nova-jornada-de-portes-obertes-del-grau-en-fisioterapia-internacional-el-dissabte-13-de-maig-al-campus-de-la-ub\\\/\",\"name\":\"Nova Jornada de Portes Obertes del Grau en Fisioter\u00e0pia Internacional, el dissabte 13 de maig al Campus de la UB | EUSES- Campus de Bellvitge (Barcelona)\",\"isPartOf\":{\"@id\":\"https:\\\/\\\/barcelona.euses.cat\\\/ca\\\/#website\"},\"primaryImageOfPage\":{\"@id\":\"https:\\\/\\\/barcelona.euses.cat\\\/ca\\\/nova-jornada-de-portes-obertes-del-grau-en-fisioterapia-internacional-el-dissabte-13-de-maig-al-campus-de-la-ub\\\/#primaryimage\"},\"image\":{\"@id\":\"https:\\\/\\\/barcelona.euses.cat\\\/ca\\\/nova-jornada-de-portes-obertes-del-grau-en-fisioterapia-internacional-el-dissabte-13-de-maig-al-campus-de-la-ub\\\/#primaryimage\"},\"thumbnailUrl\":\"https:\\\/\\\/barcelona.euses.cat\\\/wp-content\\\/uploads\\\/2018\\\/02\\\/g1.png\",\"datePublished\":\"2017-05-01T22:00:00+00:00\",\"author\":{\"@id\":\"https:\\\/\\\/barcelona.euses.cat\\\/ca\\\/#\\\/schema\\\/person\\\/c3074ca9d956eacf02e41e2ff78e53ab\"},\"breadcrumb\":{\"@id\":\"https:\\\/\\\/barcelona.euses.cat\\\/ca\\\/nova-jornada-de-portes-obertes-del-grau-en-fisioterapia-internacional-el-dissabte-13-de-maig-al-campus-de-la-ub\\\/#breadcrumb\"},\"inLanguage\":\"ca\",\"potentialAction\":[{\"@type\":\"ReadAction\",\"target\":[\"https:\\\/\\\/barcelona.euses.cat\\\/ca\\\/nova-jornada-de-portes-obertes-del-grau-en-fisioterapia-internacional-el-dissabte-13-de-maig-al-campus-de-la-ub\\\/\"]}]},{\"@type\":\"ImageObject\",\"inLanguage\":\"ca\",\"@id\":\"https:\\\/\\\/barcelona.euses.cat\\\/ca\\\/nova-jornada-de-portes-obertes-del-grau-en-fisioterapia-internacional-el-dissabte-13-de-maig-al-campus-de-la-ub\\\/#primaryimage\",\"url\":\"https:\\\/\\\/barcelona.euses.cat\\\/wp-content\\\/uploads\\\/2018\\\/02\\\/g1.png\",\"contentUrl\":\"https:\\\/\\\/barcelona.euses.cat\\\/wp-content\\\/uploads\\\/2018\\\/02\\\/g1.png\",\"width\":696,\"height\":525},{\"@type\":\"BreadcrumbList\",\"@id\":\"https:\\\/\\\/barcelona.euses.cat\\\/ca\\\/nova-jornada-de-portes-obertes-del-grau-en-fisioterapia-internacional-el-dissabte-13-de-maig-al-campus-de-la-ub\\\/#breadcrumb\",\"itemListElement\":[{\"@type\":\"ListItem\",\"position\":1,\"name\":\"Portada\",\"item\":\"https:\\\/\\\/barcelona.euses.cat\\\/ca\\\/\"},{\"@type\":\"ListItem\",\"position\":2,\"name\":\"Nova Jornada de Portes Obertes del Grau en Fisioter\u00e0pia Internacional, el dissabte 13 de maig al Campus de la UB\"}]},{\"@type\":\"WebSite\",\"@id\":\"https:\\\/\\\/barcelona.euses.cat\\\/ca\\\/#website\",\"url\":\"https:\\\/\\\/barcelona.euses.cat\\\/ca\\\/\",\"name\":\"EUSES - Campus de Bellvitge (Barcelona)\",\"description\":\"EUSES, Escola Universit\u00e0ria de Fisioter\u00e0pia Internacional a Barcelona\",\"potentialAction\":[{\"@type\":\"SearchAction\",\"target\":{\"@type\":\"EntryPoint\",\"urlTemplate\":\"https:\\\/\\\/barcelona.euses.cat\\\/ca\\\/?s={search_term_string}\"},\"query-input\":{\"@type\":\"PropertyValueSpecification\",\"valueRequired\":true,\"valueName\":\"search_term_string\"}}],\"inLanguage\":\"ca\"},{\"@type\":\"Person\",\"@id\":\"https:\\\/\\\/barcelona.euses.cat\\\/ca\\\/#\\\/schema\\\/person\\\/c3074ca9d956eacf02e41e2ff78e53ab\",\"name\":\"neorg\",\"image\":{\"@type\":\"ImageObject\",\"inLanguage\":\"ca\",\"@id\":\"https:\\\/\\\/secure.gravatar.com\\\/avatar\\\/709d3d8015183afa7401c02e2291a538cbfd4ffe62f4d86ce5f4871f22e86b09?s=96&d=mm&r=g\",\"url\":\"https:\\\/\\\/secure.gravatar.com\\\/avatar\\\/709d3d8015183afa7401c02e2291a538cbfd4ffe62f4d86ce5f4871f22e86b09?s=96&d=mm&r=g\",\"contentUrl\":\"https:\\\/\\\/secure.gravatar.com\\\/avatar\\\/709d3d8015183afa7401c02e2291a538cbfd4ffe62f4d86ce5f4871f22e86b09?s=96&d=mm&r=g\",\"caption\":\"neorg\"},\"url\":\"https:\\\/\\\/barcelona.euses.cat\\\/ca\\\/author\\\/neorg\\\/\"}]}<\/script>\n<!-- \/ Yoast SEO plugin. -->","yoast_head_json":{"title":"Nova Jornada de Portes Obertes del Grau en Fisioter\u00e0pia Internacional, el dissabte 13 de maig al Campus de la UB | EUSES- Campus de Bellvitge (Barcelona)","robots":{"index":"index","follow":"follow","max-snippet":"max-snippet:-1","max-image-preview":"max-image-preview:large","max-video-preview":"max-video-preview:-1"},"canonical":"https:\/\/barcelona.euses.cat\/ca\/nova-jornada-de-portes-obertes-del-grau-en-fisioterapia-internacional-el-dissabte-13-de-maig-al-campus-de-la-ub\/","og_locale":"ca_ES","og_type":"article","og_title":"Nova Jornada de Portes Obertes del Grau en Fisioter\u00e0pia Internacional, el dissabte 13 de maig al Campus de la UB | EUSES- Campus de Bellvitge (Barcelona)","og_description":"El proper dissabte 13 de maig a les 11.30 h, el Campus de la Salut de la Universitat de Barcelona (UB) tornar\u00e0 acollir una nova Jornada de Portes Obertes del Grau en Fisioter\u00e0pia Internacional de l\u2019Escola Universit\u00e0ria de la Salut i l\u2019Esport (EUSES-UdG) i de l\u2019Escola de Noves Tecnologies Interactives (ENTI-UB). Sens dubte, es tracta [&hellip;]","og_url":"https:\/\/barcelona.euses.cat\/ca\/nova-jornada-de-portes-obertes-del-grau-en-fisioterapia-internacional-el-dissabte-13-de-maig-al-campus-de-la-ub\/","og_site_name":"EUSES- Campus de Bellvitge (Barcelona)","article_publisher":"https:\/\/www.facebook.com\/PhysioBCN\/","article_published_time":"2017-05-01T22:00:00+00:00","og_image":[{"width":696,"height":525,"url":"https:\/\/barcelona.euses.cat\/wp-content\/uploads\/2018\/02\/g1.png","type":"image\/png"}],"author":"neorg","twitter_card":"summary_large_image","twitter_misc":{"Escrit per":"neorg","Temps estimat de lectura":"2 minuts"},"schema":{"@context":"https:\/\/schema.org","@graph":[{"@type":"Article","@id":"https:\/\/barcelona.euses.cat\/ca\/nova-jornada-de-portes-obertes-del-grau-en-fisioterapia-internacional-el-dissabte-13-de-maig-al-campus-de-la-ub\/#article","isPartOf":{"@id":"https:\/\/barcelona.euses.cat\/ca\/nova-jornada-de-portes-obertes-del-grau-en-fisioterapia-internacional-el-dissabte-13-de-maig-al-campus-de-la-ub\/"},"author":{"name":"neorg","@id":"https:\/\/barcelona.euses.cat\/ca\/#\/schema\/person\/c3074ca9d956eacf02e41e2ff78e53ab"},"headline":"Nova Jornada de Portes Obertes del Grau en Fisioter\u00e0pia Internacional, el dissabte 13 de maig al Campus de la UB","datePublished":"2017-05-01T22:00:00+00:00","mainEntityOfPage":{"@id":"https:\/\/barcelona.euses.cat\/ca\/nova-jornada-de-portes-obertes-del-grau-en-fisioterapia-internacional-el-dissabte-13-de-maig-al-campus-de-la-ub\/"},"wordCount":518,"image":{"@id":"https:\/\/barcelona.euses.cat\/ca\/nova-jornada-de-portes-obertes-del-grau-en-fisioterapia-internacional-el-dissabte-13-de-maig-al-campus-de-la-ub\/#primaryimage"},"thumbnailUrl":"https:\/\/barcelona.euses.cat\/wp-content\/uploads\/2018\/02\/g1.png","keywords":["Catal\u00e0"],"articleSection":["Uncategorized @ca"],"inLanguage":"ca"},{"@type":"WebPage","@id":"https:\/\/barcelona.euses.cat\/ca\/nova-jornada-de-portes-obertes-del-grau-en-fisioterapia-internacional-el-dissabte-13-de-maig-al-campus-de-la-ub\/","url":"https:\/\/barcelona.euses.cat\/ca\/nova-jornada-de-portes-obertes-del-grau-en-fisioterapia-internacional-el-dissabte-13-de-maig-al-campus-de-la-ub\/","name":"Nova Jornada de Portes Obertes del Grau en Fisioter\u00e0pia Internacional, el dissabte 13 de maig al Campus de la UB | EUSES- Campus de Bellvitge (Barcelona)","isPartOf":{"@id":"https:\/\/barcelona.euses.cat\/ca\/#website"},"primaryImageOfPage":{"@id":"https:\/\/barcelona.euses.cat\/ca\/nova-jornada-de-portes-obertes-del-grau-en-fisioterapia-internacional-el-dissabte-13-de-maig-al-campus-de-la-ub\/#primaryimage"},"image":{"@id":"https:\/\/barcelona.euses.cat\/ca\/nova-jornada-de-portes-obertes-del-grau-en-fisioterapia-internacional-el-dissabte-13-de-maig-al-campus-de-la-ub\/#primaryimage"},"thumbnailUrl":"https:\/\/barcelona.euses.cat\/wp-content\/uploads\/2018\/02\/g1.png","datePublished":"2017-05-01T22:00:00+00:00","author":{"@id":"https:\/\/barcelona.euses.cat\/ca\/#\/schema\/person\/c3074ca9d956eacf02e41e2ff78e53ab"},"breadcrumb":{"@id":"https:\/\/barcelona.euses.cat\/ca\/nova-jornada-de-portes-obertes-del-grau-en-fisioterapia-internacional-el-dissabte-13-de-maig-al-campus-de-la-ub\/#breadcrumb"},"inLanguage":"ca","potentialAction":[{"@type":"ReadAction","target":["https:\/\/barcelona.euses.cat\/ca\/nova-jornada-de-portes-obertes-del-grau-en-fisioterapia-internacional-el-dissabte-13-de-maig-al-campus-de-la-ub\/"]}]},{"@type":"ImageObject","inLanguage":"ca","@id":"https:\/\/barcelona.euses.cat\/ca\/nova-jornada-de-portes-obertes-del-grau-en-fisioterapia-internacional-el-dissabte-13-de-maig-al-campus-de-la-ub\/#primaryimage","url":"https:\/\/barcelona.euses.cat\/wp-content\/uploads\/2018\/02\/g1.png","contentUrl":"https:\/\/barcelona.euses.cat\/wp-content\/uploads\/2018\/02\/g1.png","width":696,"height":525},{"@type":"BreadcrumbList","@id":"https:\/\/barcelona.euses.cat\/ca\/nova-jornada-de-portes-obertes-del-grau-en-fisioterapia-internacional-el-dissabte-13-de-maig-al-campus-de-la-ub\/#breadcrumb","itemListElement":[{"@type":"ListItem","position":1,"name":"Portada","item":"https:\/\/barcelona.euses.cat\/ca\/"},{"@type":"ListItem","position":2,"name":"Nova Jornada de Portes Obertes del Grau en Fisioter\u00e0pia Internacional, el dissabte 13 de maig al Campus de la UB"}]},{"@type":"WebSite","@id":"https:\/\/barcelona.euses.cat\/ca\/#website","url":"https:\/\/barcelona.euses.cat\/ca\/","name":"EUSES - Campus de Bellvitge (Barcelona)","description":"EUSES, Escola Universit\u00e0ria de Fisioter\u00e0pia Internacional a Barcelona","potentialAction":[{"@type":"SearchAction","target":{"@type":"EntryPoint","urlTemplate":"https:\/\/barcelona.euses.cat\/ca\/?s={search_term_string}"},"query-input":{"@type":"PropertyValueSpecification","valueRequired":true,"valueName":"search_term_string"}}],"inLanguage":"ca"},{"@type":"Person","@id":"https:\/\/barcelona.euses.cat\/ca\/#\/schema\/person\/c3074ca9d956eacf02e41e2ff78e53ab","name":"neorg","image":{"@type":"ImageObject","inLanguage":"ca","@id":"https:\/\/secure.gravatar.com\/avatar\/709d3d8015183afa7401c02e2291a538cbfd4ffe62f4d86ce5f4871f22e86b09?s=96&d=mm&r=g","url":"https:\/\/secure.gravatar.com\/avatar\/709d3d8015183afa7401c02e2291a538cbfd4ffe62f4d86ce5f4871f22e86b09?s=96&d=mm&r=g","contentUrl":"https:\/\/secure.gravatar.com\/avatar\/709d3d8015183afa7401c02e2291a538cbfd4ffe62f4d86ce5f4871f22e86b09?s=96&d=mm&r=g","caption":"neorg"},"url":"https:\/\/barcelona.euses.cat\/ca\/author\/neorg\/"}]}},"_links":{"self":[{"href":"https:\/\/barcelona.euses.cat\/ca\/wp-json\/wp\/v2\/posts\/5328","targetHints":{"allow":["GET"]}}],"collection":[{"href":"https:\/\/barcelona.euses.cat\/ca\/wp-json\/wp\/v2\/posts"}],"about":[{"href":"https:\/\/barcelona.euses.cat\/ca\/wp-json\/wp\/v2\/types\/post"}],"author":[{"embeddable":true,"href":"https:\/\/barcelona.euses.cat\/ca\/wp-json\/wp\/v2\/users\/1"}],"replies":[{"embeddable":true,"href":"https:\/\/barcelona.euses.cat\/ca\/wp-json\/wp\/v2\/comments?post=5328"}],"version-history":[{"count":0,"href":"https:\/\/barcelona.euses.cat\/ca\/wp-json\/wp\/v2\/posts\/5328\/revisions"}],"wp:featuredmedia":[{"embeddable":true,"href":"https:\/\/barcelona.euses.cat\/ca\/wp-json\/wp\/v2\/media\/5329"}],"wp:attachment":[{"href":"https:\/\/barcelona.euses.cat\/ca\/wp-json\/wp\/v2\/media?parent=5328"}],"wp:term":[{"taxonomy":"category","embeddable":true,"href":"https:\/\/barcelona.euses.cat\/ca\/wp-json\/wp\/v2\/categories?post=5328"},{"taxonomy":"post_tag","embeddable":true,"href":"https:\/\/barcelona.euses.cat\/ca\/wp-json\/wp\/v2\/tags?post=5328"}],"curies":[{"name":"wp","href":"https:\/\/api.w.org\/{rel}","templated":true}]}}