{"id":5312,"date":"2017-05-22T00:00:00","date_gmt":"2017-05-21T22:00:00","guid":{"rendered":"http:\/\/physiotherapybarcelona.net\/el-grau-en-fisioterapia-internacional-potencia-les-teves-habilitats-comunicatives-per-garantir-te-una-millor-insercio-laboral\/"},"modified":"2017-05-22T00:00:00","modified_gmt":"2017-05-21T22:00:00","slug":"el-grau-en-fisioterapia-internacional-potencia-les-teves-habilitats-comunicatives-per-garantir-te-una-millor-insercio-laboral","status":"publish","type":"post","link":"https:\/\/barcelona.euses.cat\/ca\/el-grau-en-fisioterapia-internacional-potencia-les-teves-habilitats-comunicatives-per-garantir-te-una-millor-insercio-laboral\/","title":{"rendered":"El Grau en Fisioter\u00e0pia Internacional potencia les teves habilitats comunicatives per garantir-te una millor inserci\u00f3 laboral"},"content":{"rendered":"<p style=\"text-align: justify;\">Les <strong>capacitats comunicatives i d\u2019orat\u00f2ria <\/strong>s\u00f3n essencials per desenvolupar i aplicar amb \u00e8xit, els coneixements assolits durant els teus estudis universitaris al m\u00f3n laboral. Aquesta realitat es t\u00e9 molt en compte al <a href=\"https:\/\/goo.gl\/LPQxuN\"><strong>Grau en Fisioter\u00e0pia Internacional<\/strong>, de l\u2019Escola de Noves Tecnologies Interactives (ENTI-UB) i de l\u2019Escola Universit\u00e0ria de la Salut i l\u2019Esport (EUSES-UdG)<\/a>. Per aix\u00f2, al llarg d\u2019aquests estudis, es treballen tota una s\u00e8rie de t\u00e8cniques que et permetran progressar tant en l\u2019\u00e0mbit acad\u00e8mic com professional.<\/p>\n<p style=\"text-align: justify;\">Durant aquest <strong>Grau<\/strong>, assolir\u00e0s una formaci\u00f3 te\u00f2rica i pr\u00e0ctica especialitzada i de qualitat, incloent-hi tota classe de ter\u00e0pies manuals i f\u00edsiques. La qual cosa, et facultar\u00e0 per tractar amb plenes garanties cient\u00edfiques i t\u00e8cniques una multitud de patologies per aconseguir accelerar els processos de recuperaci\u00f3 dels pacients, aplicant els coneixements adquirits. Per\u00f2, a m\u00e9s, des de primer de curs, participar\u00e0s en diverses <strong>intervencions<\/strong> i <strong>exposicions orals<\/strong>; amb la qual cosa, r\u00e0pidament, millorar\u00e0s la teva <strong>orat\u00f2ria<\/strong> i perdr\u00e0s aquells nervis t\u00edpics a l\u2019hora de parlar en p\u00fablic. Sens dubte, es tracta d\u2019un aspecte essencial, en el teu dia a dia professional, a l\u2019hora de tractar tant amb pacients com amb professionals de l\u2019\u00e0mbit sanitari.<\/p>\n<p style=\"text-align: justify;\">En aquest sentit, cal destacar que el <strong>professorat<\/strong> d\u2019aquest Grau, procedent de prestigioses universitats internacionals, tamb\u00e9 disposa d\u2019una dilatava experi\u00e8ncia en congressos i confer\u00e8ncies. Per tant, ells millor que ning\u00fa, t\u2019ensenyaran les millors t\u00e8cniques per expressar-te amb \u00e8xit davant una gran audi\u00e8ncia.<\/p>\n<p style=\"text-align: justify;\">En definitiva, durant el <strong>Grau en Fisioter\u00e0pia Internacional<\/strong> es potencien les teves habilitats <strong>d\u2019orat\u00f2ria<\/strong> per facilitar la teva incorporaci\u00f3 al m\u00f3n laboral. A m\u00e9s, tot s\u00f3n avantatges; comptar\u00e0s amb un <strong>professorat<\/strong> de primer nivell; podr\u00e0s fer les teves <strong>pr\u00e0ctiques<\/strong> a centres de refer\u00e8ncia en l\u2019\u00e0mbit sanitari de Catalunya i Fran\u00e7a, realitzar programes de mobilitat <strong>ERASMUS<\/strong> i en definitiva, obtindr\u00e0s una formaci\u00f3 innovadora, \u00edntegrament en <strong>angl\u00e8s<\/strong> que fusiona la <strong>fisioter\u00e0pia<\/strong> amb les <strong>noves tecnologies<\/strong> de l\u2019e-health, aplicant-les al diagn\u00f2stic, el tractament i la rehabilitaci\u00f3 de lesions, garantint una major adher\u00e8ncia per part dels pacients als tractaments.<\/p>\n<p style=\"text-align: justify;\">Tria un futur professional ple d\u2019oportunitats; estudiant el <a href=\"https:\/\/goo.gl\/LPQxuN\"><strong>Grau<\/strong> <strong>en Fisioter\u00e0pia Internacional<\/strong><\/a>.<\/p>\n","protected":false},"excerpt":{"rendered":"<p>Les capacitats comunicatives i d\u2019orat\u00f2ria s\u00f3n essencials per desenvolupar i aplicar amb \u00e8xit, els coneixements assolits durant els teus estudis universitaris al m\u00f3n laboral. Aquesta realitat es t\u00e9 molt en compte al Grau en Fisioter\u00e0pia Internacional, de l\u2019Escola de Noves Tecnologies Interactives (ENTI-UB) i de l\u2019Escola Universit\u00e0ria de la Salut i l\u2019Esport (EUSES-UdG). Per aix\u00f2, [&hellip;]<\/p>\n","protected":false},"author":1,"featured_media":5215,"comment_status":"closed","ping_status":"closed","sticky":false,"template":"","format":"standard","meta":{"_acf_changed":false,"inline_featured_image":false,"_joinchat":[],"footnotes":""},"categories":[54],"tags":[45],"class_list":["post-5312","post","type-post","status-publish","format-standard","has-post-thumbnail","hentry","category-uncategorized-ca","tag-catala"],"acf":[],"yoast_head":"<!-- This site is optimized with the Yoast SEO plugin v27.4 - https:\/\/yoast.com\/product\/yoast-seo-wordpress\/ -->\n<title>El Grau en Fisioter\u00e0pia Internacional potencia les teves habilitats comunicatives per garantir-te una millor inserci\u00f3 laboral | EUSES- Campus de Bellvitge (Barcelona)<\/title>\n<meta name=\"robots\" content=\"index, follow, max-snippet:-1, max-image-preview:large, max-video-preview:-1\" \/>\n<link rel=\"canonical\" href=\"https:\/\/barcelona.euses.cat\/ca\/el-grau-en-fisioterapia-internacional-potencia-les-teves-habilitats-comunicatives-per-garantir-te-una-millor-insercio-laboral\/\" \/>\n<meta property=\"og:locale\" content=\"ca_ES\" \/>\n<meta property=\"og:type\" content=\"article\" \/>\n<meta property=\"og:title\" content=\"El Grau en Fisioter\u00e0pia Internacional potencia les teves habilitats comunicatives per garantir-te una millor inserci\u00f3 laboral | EUSES- Campus de Bellvitge (Barcelona)\" \/>\n<meta property=\"og:description\" content=\"Les capacitats comunicatives i d\u2019orat\u00f2ria s\u00f3n essencials per desenvolupar i aplicar amb \u00e8xit, els coneixements assolits durant els teus estudis universitaris al m\u00f3n laboral. Aquesta realitat es t\u00e9 molt en compte al Grau en Fisioter\u00e0pia Internacional, de l\u2019Escola de Noves Tecnologies Interactives (ENTI-UB) i de l\u2019Escola Universit\u00e0ria de la Salut i l\u2019Esport (EUSES-UdG). Per aix\u00f2, [&hellip;]\" \/>\n<meta property=\"og:url\" content=\"https:\/\/barcelona.euses.cat\/ca\/el-grau-en-fisioterapia-internacional-potencia-les-teves-habilitats-comunicatives-per-garantir-te-una-millor-insercio-laboral\/\" \/>\n<meta property=\"og:site_name\" content=\"EUSES- Campus de Bellvitge (Barcelona)\" \/>\n<meta property=\"article:publisher\" content=\"https:\/\/www.facebook.com\/PhysioBCN\/\" \/>\n<meta property=\"article:published_time\" content=\"2017-05-21T22:00:00+00:00\" \/>\n<meta property=\"og:image\" content=\"https:\/\/barcelona.euses.cat\/wp-content\/uploads\/2018\/02\/l.jpg\" \/>\n\t<meta property=\"og:image:width\" content=\"590\" \/>\n\t<meta property=\"og:image:height\" content=\"355\" \/>\n\t<meta property=\"og:image:type\" content=\"image\/jpeg\" \/>\n<meta name=\"author\" content=\"neorg\" \/>\n<meta name=\"twitter:card\" content=\"summary_large_image\" \/>\n<meta name=\"twitter:label1\" content=\"Escrit per\" \/>\n\t<meta name=\"twitter:data1\" content=\"neorg\" \/>\n\t<meta name=\"twitter:label2\" content=\"Temps estimat de lectura\" \/>\n\t<meta name=\"twitter:data2\" content=\"2 minuts\" \/>\n<script type=\"application\/ld+json\" class=\"yoast-schema-graph\">{\"@context\":\"https:\\\/\\\/schema.org\",\"@graph\":[{\"@type\":\"Article\",\"@id\":\"https:\\\/\\\/barcelona.euses.cat\\\/ca\\\/el-grau-en-fisioterapia-internacional-potencia-les-teves-habilitats-comunicatives-per-garantir-te-una-millor-insercio-laboral\\\/#article\",\"isPartOf\":{\"@id\":\"https:\\\/\\\/barcelona.euses.cat\\\/ca\\\/el-grau-en-fisioterapia-internacional-potencia-les-teves-habilitats-comunicatives-per-garantir-te-una-millor-insercio-laboral\\\/\"},\"author\":{\"name\":\"neorg\",\"@id\":\"https:\\\/\\\/barcelona.euses.cat\\\/ca\\\/#\\\/schema\\\/person\\\/c3074ca9d956eacf02e41e2ff78e53ab\"},\"headline\":\"El Grau en Fisioter\u00e0pia Internacional potencia les teves habilitats comunicatives per garantir-te una millor inserci\u00f3 laboral\",\"datePublished\":\"2017-05-21T22:00:00+00:00\",\"mainEntityOfPage\":{\"@id\":\"https:\\\/\\\/barcelona.euses.cat\\\/ca\\\/el-grau-en-fisioterapia-internacional-potencia-les-teves-habilitats-comunicatives-per-garantir-te-una-millor-insercio-laboral\\\/\"},\"wordCount\":415,\"image\":{\"@id\":\"https:\\\/\\\/barcelona.euses.cat\\\/ca\\\/el-grau-en-fisioterapia-internacional-potencia-les-teves-habilitats-comunicatives-per-garantir-te-una-millor-insercio-laboral\\\/#primaryimage\"},\"thumbnailUrl\":\"https:\\\/\\\/barcelona.euses.cat\\\/wp-content\\\/uploads\\\/2018\\\/02\\\/l.jpg\",\"keywords\":[\"Catal\u00e0\"],\"articleSection\":[\"Uncategorized @ca\"],\"inLanguage\":\"ca\"},{\"@type\":\"WebPage\",\"@id\":\"https:\\\/\\\/barcelona.euses.cat\\\/ca\\\/el-grau-en-fisioterapia-internacional-potencia-les-teves-habilitats-comunicatives-per-garantir-te-una-millor-insercio-laboral\\\/\",\"url\":\"https:\\\/\\\/barcelona.euses.cat\\\/ca\\\/el-grau-en-fisioterapia-internacional-potencia-les-teves-habilitats-comunicatives-per-garantir-te-una-millor-insercio-laboral\\\/\",\"name\":\"El Grau en Fisioter\u00e0pia Internacional potencia les teves habilitats comunicatives per garantir-te una millor inserci\u00f3 laboral | EUSES- Campus de Bellvitge (Barcelona)\",\"isPartOf\":{\"@id\":\"https:\\\/\\\/barcelona.euses.cat\\\/ca\\\/#website\"},\"primaryImageOfPage\":{\"@id\":\"https:\\\/\\\/barcelona.euses.cat\\\/ca\\\/el-grau-en-fisioterapia-internacional-potencia-les-teves-habilitats-comunicatives-per-garantir-te-una-millor-insercio-laboral\\\/#primaryimage\"},\"image\":{\"@id\":\"https:\\\/\\\/barcelona.euses.cat\\\/ca\\\/el-grau-en-fisioterapia-internacional-potencia-les-teves-habilitats-comunicatives-per-garantir-te-una-millor-insercio-laboral\\\/#primaryimage\"},\"thumbnailUrl\":\"https:\\\/\\\/barcelona.euses.cat\\\/wp-content\\\/uploads\\\/2018\\\/02\\\/l.jpg\",\"datePublished\":\"2017-05-21T22:00:00+00:00\",\"author\":{\"@id\":\"https:\\\/\\\/barcelona.euses.cat\\\/ca\\\/#\\\/schema\\\/person\\\/c3074ca9d956eacf02e41e2ff78e53ab\"},\"breadcrumb\":{\"@id\":\"https:\\\/\\\/barcelona.euses.cat\\\/ca\\\/el-grau-en-fisioterapia-internacional-potencia-les-teves-habilitats-comunicatives-per-garantir-te-una-millor-insercio-laboral\\\/#breadcrumb\"},\"inLanguage\":\"ca\",\"potentialAction\":[{\"@type\":\"ReadAction\",\"target\":[\"https:\\\/\\\/barcelona.euses.cat\\\/ca\\\/el-grau-en-fisioterapia-internacional-potencia-les-teves-habilitats-comunicatives-per-garantir-te-una-millor-insercio-laboral\\\/\"]}]},{\"@type\":\"ImageObject\",\"inLanguage\":\"ca\",\"@id\":\"https:\\\/\\\/barcelona.euses.cat\\\/ca\\\/el-grau-en-fisioterapia-internacional-potencia-les-teves-habilitats-comunicatives-per-garantir-te-una-millor-insercio-laboral\\\/#primaryimage\",\"url\":\"https:\\\/\\\/barcelona.euses.cat\\\/wp-content\\\/uploads\\\/2018\\\/02\\\/l.jpg\",\"contentUrl\":\"https:\\\/\\\/barcelona.euses.cat\\\/wp-content\\\/uploads\\\/2018\\\/02\\\/l.jpg\",\"width\":590,\"height\":355},{\"@type\":\"BreadcrumbList\",\"@id\":\"https:\\\/\\\/barcelona.euses.cat\\\/ca\\\/el-grau-en-fisioterapia-internacional-potencia-les-teves-habilitats-comunicatives-per-garantir-te-una-millor-insercio-laboral\\\/#breadcrumb\",\"itemListElement\":[{\"@type\":\"ListItem\",\"position\":1,\"name\":\"Portada\",\"item\":\"https:\\\/\\\/barcelona.euses.cat\\\/ca\\\/\"},{\"@type\":\"ListItem\",\"position\":2,\"name\":\"El Grau en Fisioter\u00e0pia Internacional potencia les teves habilitats comunicatives per garantir-te una millor inserci\u00f3 laboral\"}]},{\"@type\":\"WebSite\",\"@id\":\"https:\\\/\\\/barcelona.euses.cat\\\/ca\\\/#website\",\"url\":\"https:\\\/\\\/barcelona.euses.cat\\\/ca\\\/\",\"name\":\"EUSES - Campus de Bellvitge (Barcelona)\",\"description\":\"EUSES, Escola Universit\u00e0ria de Fisioter\u00e0pia Internacional a Barcelona\",\"potentialAction\":[{\"@type\":\"SearchAction\",\"target\":{\"@type\":\"EntryPoint\",\"urlTemplate\":\"https:\\\/\\\/barcelona.euses.cat\\\/ca\\\/?s={search_term_string}\"},\"query-input\":{\"@type\":\"PropertyValueSpecification\",\"valueRequired\":true,\"valueName\":\"search_term_string\"}}],\"inLanguage\":\"ca\"},{\"@type\":\"Person\",\"@id\":\"https:\\\/\\\/barcelona.euses.cat\\\/ca\\\/#\\\/schema\\\/person\\\/c3074ca9d956eacf02e41e2ff78e53ab\",\"name\":\"neorg\",\"image\":{\"@type\":\"ImageObject\",\"inLanguage\":\"ca\",\"@id\":\"https:\\\/\\\/secure.gravatar.com\\\/avatar\\\/709d3d8015183afa7401c02e2291a538cbfd4ffe62f4d86ce5f4871f22e86b09?s=96&d=mm&r=g\",\"url\":\"https:\\\/\\\/secure.gravatar.com\\\/avatar\\\/709d3d8015183afa7401c02e2291a538cbfd4ffe62f4d86ce5f4871f22e86b09?s=96&d=mm&r=g\",\"contentUrl\":\"https:\\\/\\\/secure.gravatar.com\\\/avatar\\\/709d3d8015183afa7401c02e2291a538cbfd4ffe62f4d86ce5f4871f22e86b09?s=96&d=mm&r=g\",\"caption\":\"neorg\"},\"url\":\"https:\\\/\\\/barcelona.euses.cat\\\/ca\\\/author\\\/neorg\\\/\"}]}<\/script>\n<!-- \/ Yoast SEO plugin. -->","yoast_head_json":{"title":"El Grau en Fisioter\u00e0pia Internacional potencia les teves habilitats comunicatives per garantir-te una millor inserci\u00f3 laboral | EUSES- Campus de Bellvitge (Barcelona)","robots":{"index":"index","follow":"follow","max-snippet":"max-snippet:-1","max-image-preview":"max-image-preview:large","max-video-preview":"max-video-preview:-1"},"canonical":"https:\/\/barcelona.euses.cat\/ca\/el-grau-en-fisioterapia-internacional-potencia-les-teves-habilitats-comunicatives-per-garantir-te-una-millor-insercio-laboral\/","og_locale":"ca_ES","og_type":"article","og_title":"El Grau en Fisioter\u00e0pia Internacional potencia les teves habilitats comunicatives per garantir-te una millor inserci\u00f3 laboral | EUSES- Campus de Bellvitge (Barcelona)","og_description":"Les capacitats comunicatives i d\u2019orat\u00f2ria s\u00f3n essencials per desenvolupar i aplicar amb \u00e8xit, els coneixements assolits durant els teus estudis universitaris al m\u00f3n laboral. Aquesta realitat es t\u00e9 molt en compte al Grau en Fisioter\u00e0pia Internacional, de l\u2019Escola de Noves Tecnologies Interactives (ENTI-UB) i de l\u2019Escola Universit\u00e0ria de la Salut i l\u2019Esport (EUSES-UdG). Per aix\u00f2, [&hellip;]","og_url":"https:\/\/barcelona.euses.cat\/ca\/el-grau-en-fisioterapia-internacional-potencia-les-teves-habilitats-comunicatives-per-garantir-te-una-millor-insercio-laboral\/","og_site_name":"EUSES- Campus de Bellvitge (Barcelona)","article_publisher":"https:\/\/www.facebook.com\/PhysioBCN\/","article_published_time":"2017-05-21T22:00:00+00:00","og_image":[{"width":590,"height":355,"url":"https:\/\/barcelona.euses.cat\/wp-content\/uploads\/2018\/02\/l.jpg","type":"image\/jpeg"}],"author":"neorg","twitter_card":"summary_large_image","twitter_misc":{"Escrit per":"neorg","Temps estimat de lectura":"2 minuts"},"schema":{"@context":"https:\/\/schema.org","@graph":[{"@type":"Article","@id":"https:\/\/barcelona.euses.cat\/ca\/el-grau-en-fisioterapia-internacional-potencia-les-teves-habilitats-comunicatives-per-garantir-te-una-millor-insercio-laboral\/#article","isPartOf":{"@id":"https:\/\/barcelona.euses.cat\/ca\/el-grau-en-fisioterapia-internacional-potencia-les-teves-habilitats-comunicatives-per-garantir-te-una-millor-insercio-laboral\/"},"author":{"name":"neorg","@id":"https:\/\/barcelona.euses.cat\/ca\/#\/schema\/person\/c3074ca9d956eacf02e41e2ff78e53ab"},"headline":"El Grau en Fisioter\u00e0pia Internacional potencia les teves habilitats comunicatives per garantir-te una millor inserci\u00f3 laboral","datePublished":"2017-05-21T22:00:00+00:00","mainEntityOfPage":{"@id":"https:\/\/barcelona.euses.cat\/ca\/el-grau-en-fisioterapia-internacional-potencia-les-teves-habilitats-comunicatives-per-garantir-te-una-millor-insercio-laboral\/"},"wordCount":415,"image":{"@id":"https:\/\/barcelona.euses.cat\/ca\/el-grau-en-fisioterapia-internacional-potencia-les-teves-habilitats-comunicatives-per-garantir-te-una-millor-insercio-laboral\/#primaryimage"},"thumbnailUrl":"https:\/\/barcelona.euses.cat\/wp-content\/uploads\/2018\/02\/l.jpg","keywords":["Catal\u00e0"],"articleSection":["Uncategorized @ca"],"inLanguage":"ca"},{"@type":"WebPage","@id":"https:\/\/barcelona.euses.cat\/ca\/el-grau-en-fisioterapia-internacional-potencia-les-teves-habilitats-comunicatives-per-garantir-te-una-millor-insercio-laboral\/","url":"https:\/\/barcelona.euses.cat\/ca\/el-grau-en-fisioterapia-internacional-potencia-les-teves-habilitats-comunicatives-per-garantir-te-una-millor-insercio-laboral\/","name":"El Grau en Fisioter\u00e0pia Internacional potencia les teves habilitats comunicatives per garantir-te una millor inserci\u00f3 laboral | EUSES- Campus de Bellvitge (Barcelona)","isPartOf":{"@id":"https:\/\/barcelona.euses.cat\/ca\/#website"},"primaryImageOfPage":{"@id":"https:\/\/barcelona.euses.cat\/ca\/el-grau-en-fisioterapia-internacional-potencia-les-teves-habilitats-comunicatives-per-garantir-te-una-millor-insercio-laboral\/#primaryimage"},"image":{"@id":"https:\/\/barcelona.euses.cat\/ca\/el-grau-en-fisioterapia-internacional-potencia-les-teves-habilitats-comunicatives-per-garantir-te-una-millor-insercio-laboral\/#primaryimage"},"thumbnailUrl":"https:\/\/barcelona.euses.cat\/wp-content\/uploads\/2018\/02\/l.jpg","datePublished":"2017-05-21T22:00:00+00:00","author":{"@id":"https:\/\/barcelona.euses.cat\/ca\/#\/schema\/person\/c3074ca9d956eacf02e41e2ff78e53ab"},"breadcrumb":{"@id":"https:\/\/barcelona.euses.cat\/ca\/el-grau-en-fisioterapia-internacional-potencia-les-teves-habilitats-comunicatives-per-garantir-te-una-millor-insercio-laboral\/#breadcrumb"},"inLanguage":"ca","potentialAction":[{"@type":"ReadAction","target":["https:\/\/barcelona.euses.cat\/ca\/el-grau-en-fisioterapia-internacional-potencia-les-teves-habilitats-comunicatives-per-garantir-te-una-millor-insercio-laboral\/"]}]},{"@type":"ImageObject","inLanguage":"ca","@id":"https:\/\/barcelona.euses.cat\/ca\/el-grau-en-fisioterapia-internacional-potencia-les-teves-habilitats-comunicatives-per-garantir-te-una-millor-insercio-laboral\/#primaryimage","url":"https:\/\/barcelona.euses.cat\/wp-content\/uploads\/2018\/02\/l.jpg","contentUrl":"https:\/\/barcelona.euses.cat\/wp-content\/uploads\/2018\/02\/l.jpg","width":590,"height":355},{"@type":"BreadcrumbList","@id":"https:\/\/barcelona.euses.cat\/ca\/el-grau-en-fisioterapia-internacional-potencia-les-teves-habilitats-comunicatives-per-garantir-te-una-millor-insercio-laboral\/#breadcrumb","itemListElement":[{"@type":"ListItem","position":1,"name":"Portada","item":"https:\/\/barcelona.euses.cat\/ca\/"},{"@type":"ListItem","position":2,"name":"El Grau en Fisioter\u00e0pia Internacional potencia les teves habilitats comunicatives per garantir-te una millor inserci\u00f3 laboral"}]},{"@type":"WebSite","@id":"https:\/\/barcelona.euses.cat\/ca\/#website","url":"https:\/\/barcelona.euses.cat\/ca\/","name":"EUSES - Campus de Bellvitge (Barcelona)","description":"EUSES, Escola Universit\u00e0ria de Fisioter\u00e0pia Internacional a Barcelona","potentialAction":[{"@type":"SearchAction","target":{"@type":"EntryPoint","urlTemplate":"https:\/\/barcelona.euses.cat\/ca\/?s={search_term_string}"},"query-input":{"@type":"PropertyValueSpecification","valueRequired":true,"valueName":"search_term_string"}}],"inLanguage":"ca"},{"@type":"Person","@id":"https:\/\/barcelona.euses.cat\/ca\/#\/schema\/person\/c3074ca9d956eacf02e41e2ff78e53ab","name":"neorg","image":{"@type":"ImageObject","inLanguage":"ca","@id":"https:\/\/secure.gravatar.com\/avatar\/709d3d8015183afa7401c02e2291a538cbfd4ffe62f4d86ce5f4871f22e86b09?s=96&d=mm&r=g","url":"https:\/\/secure.gravatar.com\/avatar\/709d3d8015183afa7401c02e2291a538cbfd4ffe62f4d86ce5f4871f22e86b09?s=96&d=mm&r=g","contentUrl":"https:\/\/secure.gravatar.com\/avatar\/709d3d8015183afa7401c02e2291a538cbfd4ffe62f4d86ce5f4871f22e86b09?s=96&d=mm&r=g","caption":"neorg"},"url":"https:\/\/barcelona.euses.cat\/ca\/author\/neorg\/"}]}},"_links":{"self":[{"href":"https:\/\/barcelona.euses.cat\/ca\/wp-json\/wp\/v2\/posts\/5312","targetHints":{"allow":["GET"]}}],"collection":[{"href":"https:\/\/barcelona.euses.cat\/ca\/wp-json\/wp\/v2\/posts"}],"about":[{"href":"https:\/\/barcelona.euses.cat\/ca\/wp-json\/wp\/v2\/types\/post"}],"author":[{"embeddable":true,"href":"https:\/\/barcelona.euses.cat\/ca\/wp-json\/wp\/v2\/users\/1"}],"replies":[{"embeddable":true,"href":"https:\/\/barcelona.euses.cat\/ca\/wp-json\/wp\/v2\/comments?post=5312"}],"version-history":[{"count":0,"href":"https:\/\/barcelona.euses.cat\/ca\/wp-json\/wp\/v2\/posts\/5312\/revisions"}],"wp:featuredmedia":[{"embeddable":true,"href":"https:\/\/barcelona.euses.cat\/ca\/wp-json\/wp\/v2\/media\/5215"}],"wp:attachment":[{"href":"https:\/\/barcelona.euses.cat\/ca\/wp-json\/wp\/v2\/media?parent=5312"}],"wp:term":[{"taxonomy":"category","embeddable":true,"href":"https:\/\/barcelona.euses.cat\/ca\/wp-json\/wp\/v2\/categories?post=5312"},{"taxonomy":"post_tag","embeddable":true,"href":"https:\/\/barcelona.euses.cat\/ca\/wp-json\/wp\/v2\/tags?post=5312"}],"curies":[{"name":"wp","href":"https:\/\/api.w.org\/{rel}","templated":true}]}}