{"id":5297,"date":"2017-06-05T00:00:00","date_gmt":"2017-06-04T22:00:00","guid":{"rendered":"http:\/\/physiotherapybarcelona.net\/coneixes-les-sortides-professionals-del-grau-en-fisioterapia-internacional\/"},"modified":"2017-06-05T00:00:00","modified_gmt":"2017-06-04T22:00:00","slug":"coneixes-les-sortides-professionals-del-grau-en-fisioterapia-internacional","status":"publish","type":"post","link":"https:\/\/barcelona.euses.cat\/ca\/coneixes-les-sortides-professionals-del-grau-en-fisioterapia-internacional\/","title":{"rendered":"Coneixes les sortides professionals del Grau en Fisioter\u00e0pia Internacional?"},"content":{"rendered":"<p style=\"text-align: justify;\">El <a href=\"https:\/\/goo.gl\/fhf3KR\"><strong>Grau en Fisioter\u00e0pia Internacional <\/strong>de<strong> l\u2019Escola de Noves Tecnologies Interactives (ENTI-UB)<\/strong> i de <strong>l\u2019Escola de la Salut i l\u2019Esport (EUSES-UdG)<\/strong><\/a> et proporciona una formaci\u00f3 innovadora i de qualitat amb un doble valor afegit: l\u2019aplicaci\u00f3 de les <strong>noves tecnologies<\/strong> i la formaci\u00f3 espec\u00edfica \u00edntegrament en <strong>llengua anglesa<\/strong>, un idioma que millora considerablement el teu acc\u00e9s al <strong>mercat laboral<\/strong>. La suma d\u2019aquests factors juntament amb la <strong>qualitat docent<\/strong>, el coneixement de les noves aplicacions sanit\u00e0ries i un aprenentatge te\u00f2ric-pr\u00e0ctic ampliaran els teus horitzons professionals. A grans trets, els principals sectors professionals dels futurs <strong>graduats <\/strong>i <strong>graduades<\/strong> es poden resumir en:<\/p>\n<p style=\"text-align: justify;\"><strong>\u00c0mbit de la doc\u00e8ncia<\/strong>. Especialment recomanat si tens una veritable vocaci\u00f3 pel m\u00f3n de l\u2019ensenyament i l\u2019aprenentatge. Durant aquest Grau tindr\u00e0s com a exemple l\u2019expert <strong>equip docent<\/strong> d\u2019aquesta titulaci\u00f3, procedent de prestigioses <strong>universitats<\/strong> <strong>estrangeres<\/strong>.\u00a0 Ells t\u2019aportaran una visi\u00f3 completa i global de la <strong>fisioter\u00e0pia<\/strong>, des de la perspectiva de diferents pa\u00efsos d\u2019arreu del m\u00f3n. Gr\u00e0cies al seu bagatge i experi\u00e8ncia internacional, coneixer\u00e0s els millors m\u00e8todes d\u2019ensenyament emprats arreu <strong>d\u2019Europa<\/strong> i a escala<strong> internacional<\/strong>.<strong>\u00a0<\/strong><\/p>\n<p style=\"text-align: justify;\"><strong>Recerca i investigaci\u00f3 cient\u00edfica<\/strong>. En aquest sentit, els graduats i graduades en <strong>Fisioter\u00e0pia<\/strong> <strong>Internacional<\/strong> desenvoluparan les seves capacitats en l\u2019\u00e0mbit de <strong>l\u2019aplicaci\u00f3 tecnol\u00f2gica<\/strong> al camp de la <strong>fisioter\u00e0pia<\/strong>; creant noves eines de valoraci\u00f3 des de la fisioter\u00e0pia; aplicant nous avan\u00e7os tecnol\u00f2gics en aquest sector i fins i tot, treballant en la creaci\u00f3 de <strong>noves aplicacions<\/strong> <strong>tecnol\u00f2giques<\/strong> com: apps m\u00f2bils, software inform\u00e0tic o modelatge tridimensional.<\/p>\n<p style=\"text-align: justify;\"><strong>Sector m\u00e8dic<\/strong> <strong>i \u00e0mbit sanitari<\/strong>. Com a <strong>fisioterapeuta generalista<\/strong> tindr\u00e0s l\u2019oportunitat d\u2019exercir en diverses branques de la <strong>medicina<\/strong>. Especialment podr\u00e0s aportar els teus coneixements i experi\u00e8ncia a \u00e0mbits com: la traumatologia, centrada en les lesions esportives; la pediatria; les afeccions cardiorespirat\u00f2ries; l\u2019ergonomia; la neurologia; l\u2019uro-ginecologia; la reumatologia, entre moltes altres.<\/p>\n<p style=\"text-align: justify;\"><strong>\u00c0rea esportiva<\/strong>. Es tracta d\u2019un dels itineraris que molts professionals de la fisioter\u00e0pia escullen, un cop finalitzats els seus estudis. La possibilitat de combinar <strong>l&#8217;esport<\/strong> amb la pr\u00e0ctica professional de la <strong>fisioter\u00e0pia<\/strong> \u00e9s molt atractiva, ja que, permet treballar en gimnasos, clubs, associacions i amb equips o esportistes d\u2019elit. Precisament, hi ha diferents combinacions dels estudis universitaris en <strong>fisioter\u00e0pia<\/strong> amb altres <strong>graus com el d&#8217;activitat f\u00edsica i esport,<\/strong> en forma de doble grau. En aquest sentit, cal destacar el <strong>doble Grau en CAFE + Fisioter\u00e0pia<\/strong> <strong>d\u2019EUSES<\/strong>&#8211;<strong>UdG<\/strong>, la <strong>Universitat de la Salut i l&#8217;Esport<\/strong>, un centre amb el qual, hem establert moltes sinergies des del <strong>Campus de la UB<\/strong>.<\/p>\n<p style=\"text-align: justify;\"><strong>Gesti\u00f3 del teu propi centre de fisioter\u00e0pia i salut. <\/strong>Una altra oportunitat laboral en al\u00e7a \u00e9s la relacionada amb la <strong>gesti\u00f3<\/strong> del teu propi <strong>centre de salut o de rehabilitaci\u00f3<\/strong>, un \u00e0mbit que uneix el m\u00f3n de la salut amb la gesti\u00f3 empresarial. T\u2019encarregar\u00e0s de la gesti\u00f3 del teu propi equipament, aix\u00ed com, dels recursos humans, el tracte diari amb els pacients; q\u00fcestions relacionades amb els riscos laborals, etc. Tamb\u00e9 cal mencionar que podr\u00e0s integrar-te en <strong>equips multidisciplinaris<\/strong>, \u00e9s a dir, en cl\u00edniques, centres d\u2019atenci\u00f3 prim\u00e0ria, hospitals o m\u00fatues.<\/p>\n<p style=\"text-align: justify;\">Aposta per uns estudis universitaris que amplien els teus horitzons professionals; tria el <a href=\"https:\/\/goo.gl\/fhf3KR\"><strong>Grau en Fisioter\u00e0pia Internacional<\/strong><\/a> al <strong>Campus de la UB<\/strong>.<\/p>\n<p>&nbsp;<\/p>\n","protected":false},"excerpt":{"rendered":"<p>El Grau en Fisioter\u00e0pia Internacional de l\u2019Escola de Noves Tecnologies Interactives (ENTI-UB) i de l\u2019Escola de la Salut i l\u2019Esport (EUSES-UdG) et proporciona una formaci\u00f3 innovadora i de qualitat amb un doble valor afegit: l\u2019aplicaci\u00f3 de les noves tecnologies i la formaci\u00f3 espec\u00edfica \u00edntegrament en llengua anglesa, un idioma que millora considerablement el teu acc\u00e9s [&hellip;]<\/p>\n","protected":false},"author":1,"featured_media":5298,"comment_status":"closed","ping_status":"closed","sticky":false,"template":"","format":"standard","meta":{"_acf_changed":false,"inline_featured_image":false,"_joinchat":[],"footnotes":""},"categories":[54],"tags":[45],"class_list":["post-5297","post","type-post","status-publish","format-standard","has-post-thumbnail","hentry","category-uncategorized-ca","tag-catala"],"acf":[],"yoast_head":"<!-- This site is optimized with the Yoast SEO plugin v27.4 - https:\/\/yoast.com\/product\/yoast-seo-wordpress\/ -->\n<title>Coneixes les sortides professionals del Grau en Fisioter\u00e0pia Internacional? | EUSES- Campus de Bellvitge (Barcelona)<\/title>\n<meta name=\"robots\" content=\"index, follow, max-snippet:-1, max-image-preview:large, max-video-preview:-1\" \/>\n<link rel=\"canonical\" href=\"https:\/\/barcelona.euses.cat\/ca\/coneixes-les-sortides-professionals-del-grau-en-fisioterapia-internacional\/\" \/>\n<meta property=\"og:locale\" content=\"ca_ES\" \/>\n<meta property=\"og:type\" content=\"article\" \/>\n<meta property=\"og:title\" content=\"Coneixes les sortides professionals del Grau en Fisioter\u00e0pia Internacional? | EUSES- Campus de Bellvitge (Barcelona)\" \/>\n<meta property=\"og:description\" content=\"El Grau en Fisioter\u00e0pia Internacional de l\u2019Escola de Noves Tecnologies Interactives (ENTI-UB) i de l\u2019Escola de la Salut i l\u2019Esport (EUSES-UdG) et proporciona una formaci\u00f3 innovadora i de qualitat amb un doble valor afegit: l\u2019aplicaci\u00f3 de les noves tecnologies i la formaci\u00f3 espec\u00edfica \u00edntegrament en llengua anglesa, un idioma que millora considerablement el teu acc\u00e9s [&hellip;]\" \/>\n<meta property=\"og:url\" content=\"https:\/\/barcelona.euses.cat\/ca\/coneixes-les-sortides-professionals-del-grau-en-fisioterapia-internacional\/\" \/>\n<meta property=\"og:site_name\" content=\"EUSES- Campus de Bellvitge (Barcelona)\" \/>\n<meta property=\"article:publisher\" content=\"https:\/\/www.facebook.com\/PhysioBCN\/\" \/>\n<meta property=\"article:published_time\" content=\"2017-06-04T22:00:00+00:00\" \/>\n<meta property=\"og:image\" content=\"https:\/\/barcelona.euses.cat\/wp-content\/uploads\/2018\/02\/58de61e2b210a0165e397721.jpg\" \/>\n\t<meta property=\"og:image:width\" content=\"575\" \/>\n\t<meta property=\"og:image:height\" content=\"431\" \/>\n\t<meta property=\"og:image:type\" content=\"image\/jpeg\" \/>\n<meta name=\"author\" content=\"neorg\" \/>\n<meta name=\"twitter:card\" content=\"summary_large_image\" \/>\n<meta name=\"twitter:label1\" content=\"Escrit per\" \/>\n\t<meta name=\"twitter:data1\" content=\"neorg\" \/>\n\t<meta name=\"twitter:label2\" content=\"Temps estimat de lectura\" \/>\n\t<meta name=\"twitter:data2\" content=\"3 minuts\" \/>\n<script type=\"application\/ld+json\" class=\"yoast-schema-graph\">{\"@context\":\"https:\\\/\\\/schema.org\",\"@graph\":[{\"@type\":\"Article\",\"@id\":\"https:\\\/\\\/barcelona.euses.cat\\\/ca\\\/coneixes-les-sortides-professionals-del-grau-en-fisioterapia-internacional\\\/#article\",\"isPartOf\":{\"@id\":\"https:\\\/\\\/barcelona.euses.cat\\\/ca\\\/coneixes-les-sortides-professionals-del-grau-en-fisioterapia-internacional\\\/\"},\"author\":{\"name\":\"neorg\",\"@id\":\"https:\\\/\\\/barcelona.euses.cat\\\/ca\\\/#\\\/schema\\\/person\\\/c3074ca9d956eacf02e41e2ff78e53ab\"},\"headline\":\"Coneixes les sortides professionals del Grau en Fisioter\u00e0pia Internacional?\",\"datePublished\":\"2017-06-04T22:00:00+00:00\",\"mainEntityOfPage\":{\"@id\":\"https:\\\/\\\/barcelona.euses.cat\\\/ca\\\/coneixes-les-sortides-professionals-del-grau-en-fisioterapia-internacional\\\/\"},\"wordCount\":589,\"image\":{\"@id\":\"https:\\\/\\\/barcelona.euses.cat\\\/ca\\\/coneixes-les-sortides-professionals-del-grau-en-fisioterapia-internacional\\\/#primaryimage\"},\"thumbnailUrl\":\"https:\\\/\\\/barcelona.euses.cat\\\/wp-content\\\/uploads\\\/2018\\\/02\\\/58de61e2b210a0165e397721.jpg\",\"keywords\":[\"Catal\u00e0\"],\"articleSection\":[\"Uncategorized @ca\"],\"inLanguage\":\"ca\"},{\"@type\":\"WebPage\",\"@id\":\"https:\\\/\\\/barcelona.euses.cat\\\/ca\\\/coneixes-les-sortides-professionals-del-grau-en-fisioterapia-internacional\\\/\",\"url\":\"https:\\\/\\\/barcelona.euses.cat\\\/ca\\\/coneixes-les-sortides-professionals-del-grau-en-fisioterapia-internacional\\\/\",\"name\":\"Coneixes les sortides professionals del Grau en Fisioter\u00e0pia Internacional? | EUSES- Campus de Bellvitge (Barcelona)\",\"isPartOf\":{\"@id\":\"https:\\\/\\\/barcelona.euses.cat\\\/ca\\\/#website\"},\"primaryImageOfPage\":{\"@id\":\"https:\\\/\\\/barcelona.euses.cat\\\/ca\\\/coneixes-les-sortides-professionals-del-grau-en-fisioterapia-internacional\\\/#primaryimage\"},\"image\":{\"@id\":\"https:\\\/\\\/barcelona.euses.cat\\\/ca\\\/coneixes-les-sortides-professionals-del-grau-en-fisioterapia-internacional\\\/#primaryimage\"},\"thumbnailUrl\":\"https:\\\/\\\/barcelona.euses.cat\\\/wp-content\\\/uploads\\\/2018\\\/02\\\/58de61e2b210a0165e397721.jpg\",\"datePublished\":\"2017-06-04T22:00:00+00:00\",\"author\":{\"@id\":\"https:\\\/\\\/barcelona.euses.cat\\\/ca\\\/#\\\/schema\\\/person\\\/c3074ca9d956eacf02e41e2ff78e53ab\"},\"breadcrumb\":{\"@id\":\"https:\\\/\\\/barcelona.euses.cat\\\/ca\\\/coneixes-les-sortides-professionals-del-grau-en-fisioterapia-internacional\\\/#breadcrumb\"},\"inLanguage\":\"ca\",\"potentialAction\":[{\"@type\":\"ReadAction\",\"target\":[\"https:\\\/\\\/barcelona.euses.cat\\\/ca\\\/coneixes-les-sortides-professionals-del-grau-en-fisioterapia-internacional\\\/\"]}]},{\"@type\":\"ImageObject\",\"inLanguage\":\"ca\",\"@id\":\"https:\\\/\\\/barcelona.euses.cat\\\/ca\\\/coneixes-les-sortides-professionals-del-grau-en-fisioterapia-internacional\\\/#primaryimage\",\"url\":\"https:\\\/\\\/barcelona.euses.cat\\\/wp-content\\\/uploads\\\/2018\\\/02\\\/58de61e2b210a0165e397721.jpg\",\"contentUrl\":\"https:\\\/\\\/barcelona.euses.cat\\\/wp-content\\\/uploads\\\/2018\\\/02\\\/58de61e2b210a0165e397721.jpg\",\"width\":575,\"height\":431},{\"@type\":\"BreadcrumbList\",\"@id\":\"https:\\\/\\\/barcelona.euses.cat\\\/ca\\\/coneixes-les-sortides-professionals-del-grau-en-fisioterapia-internacional\\\/#breadcrumb\",\"itemListElement\":[{\"@type\":\"ListItem\",\"position\":1,\"name\":\"Portada\",\"item\":\"https:\\\/\\\/barcelona.euses.cat\\\/ca\\\/\"},{\"@type\":\"ListItem\",\"position\":2,\"name\":\"Coneixes les sortides professionals del Grau en Fisioter\u00e0pia Internacional?\"}]},{\"@type\":\"WebSite\",\"@id\":\"https:\\\/\\\/barcelona.euses.cat\\\/ca\\\/#website\",\"url\":\"https:\\\/\\\/barcelona.euses.cat\\\/ca\\\/\",\"name\":\"EUSES - Campus de Bellvitge (Barcelona)\",\"description\":\"EUSES, Escola Universit\u00e0ria de Fisioter\u00e0pia Internacional a Barcelona\",\"potentialAction\":[{\"@type\":\"SearchAction\",\"target\":{\"@type\":\"EntryPoint\",\"urlTemplate\":\"https:\\\/\\\/barcelona.euses.cat\\\/ca\\\/?s={search_term_string}\"},\"query-input\":{\"@type\":\"PropertyValueSpecification\",\"valueRequired\":true,\"valueName\":\"search_term_string\"}}],\"inLanguage\":\"ca\"},{\"@type\":\"Person\",\"@id\":\"https:\\\/\\\/barcelona.euses.cat\\\/ca\\\/#\\\/schema\\\/person\\\/c3074ca9d956eacf02e41e2ff78e53ab\",\"name\":\"neorg\",\"image\":{\"@type\":\"ImageObject\",\"inLanguage\":\"ca\",\"@id\":\"https:\\\/\\\/secure.gravatar.com\\\/avatar\\\/709d3d8015183afa7401c02e2291a538cbfd4ffe62f4d86ce5f4871f22e86b09?s=96&d=mm&r=g\",\"url\":\"https:\\\/\\\/secure.gravatar.com\\\/avatar\\\/709d3d8015183afa7401c02e2291a538cbfd4ffe62f4d86ce5f4871f22e86b09?s=96&d=mm&r=g\",\"contentUrl\":\"https:\\\/\\\/secure.gravatar.com\\\/avatar\\\/709d3d8015183afa7401c02e2291a538cbfd4ffe62f4d86ce5f4871f22e86b09?s=96&d=mm&r=g\",\"caption\":\"neorg\"},\"url\":\"https:\\\/\\\/barcelona.euses.cat\\\/ca\\\/author\\\/neorg\\\/\"}]}<\/script>\n<!-- \/ Yoast SEO plugin. -->","yoast_head_json":{"title":"Coneixes les sortides professionals del Grau en Fisioter\u00e0pia Internacional? | EUSES- Campus de Bellvitge (Barcelona)","robots":{"index":"index","follow":"follow","max-snippet":"max-snippet:-1","max-image-preview":"max-image-preview:large","max-video-preview":"max-video-preview:-1"},"canonical":"https:\/\/barcelona.euses.cat\/ca\/coneixes-les-sortides-professionals-del-grau-en-fisioterapia-internacional\/","og_locale":"ca_ES","og_type":"article","og_title":"Coneixes les sortides professionals del Grau en Fisioter\u00e0pia Internacional? | EUSES- Campus de Bellvitge (Barcelona)","og_description":"El Grau en Fisioter\u00e0pia Internacional de l\u2019Escola de Noves Tecnologies Interactives (ENTI-UB) i de l\u2019Escola de la Salut i l\u2019Esport (EUSES-UdG) et proporciona una formaci\u00f3 innovadora i de qualitat amb un doble valor afegit: l\u2019aplicaci\u00f3 de les noves tecnologies i la formaci\u00f3 espec\u00edfica \u00edntegrament en llengua anglesa, un idioma que millora considerablement el teu acc\u00e9s [&hellip;]","og_url":"https:\/\/barcelona.euses.cat\/ca\/coneixes-les-sortides-professionals-del-grau-en-fisioterapia-internacional\/","og_site_name":"EUSES- Campus de Bellvitge (Barcelona)","article_publisher":"https:\/\/www.facebook.com\/PhysioBCN\/","article_published_time":"2017-06-04T22:00:00+00:00","og_image":[{"width":575,"height":431,"url":"https:\/\/barcelona.euses.cat\/wp-content\/uploads\/2018\/02\/58de61e2b210a0165e397721.jpg","type":"image\/jpeg"}],"author":"neorg","twitter_card":"summary_large_image","twitter_misc":{"Escrit per":"neorg","Temps estimat de lectura":"3 minuts"},"schema":{"@context":"https:\/\/schema.org","@graph":[{"@type":"Article","@id":"https:\/\/barcelona.euses.cat\/ca\/coneixes-les-sortides-professionals-del-grau-en-fisioterapia-internacional\/#article","isPartOf":{"@id":"https:\/\/barcelona.euses.cat\/ca\/coneixes-les-sortides-professionals-del-grau-en-fisioterapia-internacional\/"},"author":{"name":"neorg","@id":"https:\/\/barcelona.euses.cat\/ca\/#\/schema\/person\/c3074ca9d956eacf02e41e2ff78e53ab"},"headline":"Coneixes les sortides professionals del Grau en Fisioter\u00e0pia Internacional?","datePublished":"2017-06-04T22:00:00+00:00","mainEntityOfPage":{"@id":"https:\/\/barcelona.euses.cat\/ca\/coneixes-les-sortides-professionals-del-grau-en-fisioterapia-internacional\/"},"wordCount":589,"image":{"@id":"https:\/\/barcelona.euses.cat\/ca\/coneixes-les-sortides-professionals-del-grau-en-fisioterapia-internacional\/#primaryimage"},"thumbnailUrl":"https:\/\/barcelona.euses.cat\/wp-content\/uploads\/2018\/02\/58de61e2b210a0165e397721.jpg","keywords":["Catal\u00e0"],"articleSection":["Uncategorized @ca"],"inLanguage":"ca"},{"@type":"WebPage","@id":"https:\/\/barcelona.euses.cat\/ca\/coneixes-les-sortides-professionals-del-grau-en-fisioterapia-internacional\/","url":"https:\/\/barcelona.euses.cat\/ca\/coneixes-les-sortides-professionals-del-grau-en-fisioterapia-internacional\/","name":"Coneixes les sortides professionals del Grau en Fisioter\u00e0pia Internacional? | EUSES- Campus de Bellvitge (Barcelona)","isPartOf":{"@id":"https:\/\/barcelona.euses.cat\/ca\/#website"},"primaryImageOfPage":{"@id":"https:\/\/barcelona.euses.cat\/ca\/coneixes-les-sortides-professionals-del-grau-en-fisioterapia-internacional\/#primaryimage"},"image":{"@id":"https:\/\/barcelona.euses.cat\/ca\/coneixes-les-sortides-professionals-del-grau-en-fisioterapia-internacional\/#primaryimage"},"thumbnailUrl":"https:\/\/barcelona.euses.cat\/wp-content\/uploads\/2018\/02\/58de61e2b210a0165e397721.jpg","datePublished":"2017-06-04T22:00:00+00:00","author":{"@id":"https:\/\/barcelona.euses.cat\/ca\/#\/schema\/person\/c3074ca9d956eacf02e41e2ff78e53ab"},"breadcrumb":{"@id":"https:\/\/barcelona.euses.cat\/ca\/coneixes-les-sortides-professionals-del-grau-en-fisioterapia-internacional\/#breadcrumb"},"inLanguage":"ca","potentialAction":[{"@type":"ReadAction","target":["https:\/\/barcelona.euses.cat\/ca\/coneixes-les-sortides-professionals-del-grau-en-fisioterapia-internacional\/"]}]},{"@type":"ImageObject","inLanguage":"ca","@id":"https:\/\/barcelona.euses.cat\/ca\/coneixes-les-sortides-professionals-del-grau-en-fisioterapia-internacional\/#primaryimage","url":"https:\/\/barcelona.euses.cat\/wp-content\/uploads\/2018\/02\/58de61e2b210a0165e397721.jpg","contentUrl":"https:\/\/barcelona.euses.cat\/wp-content\/uploads\/2018\/02\/58de61e2b210a0165e397721.jpg","width":575,"height":431},{"@type":"BreadcrumbList","@id":"https:\/\/barcelona.euses.cat\/ca\/coneixes-les-sortides-professionals-del-grau-en-fisioterapia-internacional\/#breadcrumb","itemListElement":[{"@type":"ListItem","position":1,"name":"Portada","item":"https:\/\/barcelona.euses.cat\/ca\/"},{"@type":"ListItem","position":2,"name":"Coneixes les sortides professionals del Grau en Fisioter\u00e0pia Internacional?"}]},{"@type":"WebSite","@id":"https:\/\/barcelona.euses.cat\/ca\/#website","url":"https:\/\/barcelona.euses.cat\/ca\/","name":"EUSES - Campus de Bellvitge (Barcelona)","description":"EUSES, Escola Universit\u00e0ria de Fisioter\u00e0pia Internacional a Barcelona","potentialAction":[{"@type":"SearchAction","target":{"@type":"EntryPoint","urlTemplate":"https:\/\/barcelona.euses.cat\/ca\/?s={search_term_string}"},"query-input":{"@type":"PropertyValueSpecification","valueRequired":true,"valueName":"search_term_string"}}],"inLanguage":"ca"},{"@type":"Person","@id":"https:\/\/barcelona.euses.cat\/ca\/#\/schema\/person\/c3074ca9d956eacf02e41e2ff78e53ab","name":"neorg","image":{"@type":"ImageObject","inLanguage":"ca","@id":"https:\/\/secure.gravatar.com\/avatar\/709d3d8015183afa7401c02e2291a538cbfd4ffe62f4d86ce5f4871f22e86b09?s=96&d=mm&r=g","url":"https:\/\/secure.gravatar.com\/avatar\/709d3d8015183afa7401c02e2291a538cbfd4ffe62f4d86ce5f4871f22e86b09?s=96&d=mm&r=g","contentUrl":"https:\/\/secure.gravatar.com\/avatar\/709d3d8015183afa7401c02e2291a538cbfd4ffe62f4d86ce5f4871f22e86b09?s=96&d=mm&r=g","caption":"neorg"},"url":"https:\/\/barcelona.euses.cat\/ca\/author\/neorg\/"}]}},"_links":{"self":[{"href":"https:\/\/barcelona.euses.cat\/ca\/wp-json\/wp\/v2\/posts\/5297","targetHints":{"allow":["GET"]}}],"collection":[{"href":"https:\/\/barcelona.euses.cat\/ca\/wp-json\/wp\/v2\/posts"}],"about":[{"href":"https:\/\/barcelona.euses.cat\/ca\/wp-json\/wp\/v2\/types\/post"}],"author":[{"embeddable":true,"href":"https:\/\/barcelona.euses.cat\/ca\/wp-json\/wp\/v2\/users\/1"}],"replies":[{"embeddable":true,"href":"https:\/\/barcelona.euses.cat\/ca\/wp-json\/wp\/v2\/comments?post=5297"}],"version-history":[{"count":0,"href":"https:\/\/barcelona.euses.cat\/ca\/wp-json\/wp\/v2\/posts\/5297\/revisions"}],"wp:featuredmedia":[{"embeddable":true,"href":"https:\/\/barcelona.euses.cat\/ca\/wp-json\/wp\/v2\/media\/5298"}],"wp:attachment":[{"href":"https:\/\/barcelona.euses.cat\/ca\/wp-json\/wp\/v2\/media?parent=5297"}],"wp:term":[{"taxonomy":"category","embeddable":true,"href":"https:\/\/barcelona.euses.cat\/ca\/wp-json\/wp\/v2\/categories?post=5297"},{"taxonomy":"post_tag","embeddable":true,"href":"https:\/\/barcelona.euses.cat\/ca\/wp-json\/wp\/v2\/tags?post=5297"}],"curies":[{"name":"wp","href":"https:\/\/api.w.org\/{rel}","templated":true}]}}