{"id":5276,"date":"2017-07-10T00:00:00","date_gmt":"2017-07-09T22:00:00","guid":{"rendered":"http:\/\/physiotherapybarcelona.net\/el-perfil-internacional-i-les-amplies-habilitats-pedagogiques-del-professorat-del-grau-en-fisioterapia-internacional\/"},"modified":"2017-07-10T00:00:00","modified_gmt":"2017-07-09T22:00:00","slug":"el-perfil-internacional-i-les-amplies-habilitats-pedagogiques-del-professorat-del-grau-en-fisioterapia-internacional","status":"publish","type":"post","link":"https:\/\/barcelona.euses.cat\/ca\/el-perfil-internacional-i-les-amplies-habilitats-pedagogiques-del-professorat-del-grau-en-fisioterapia-internacional\/","title":{"rendered":"El perfil internacional i les \u00e0mplies habilitats pedag\u00f2giques del professorat del Grau en Fisioter\u00e0pia Internacional"},"content":{"rendered":"<p style=\"text-align: justify;\">Un <strong>perfil internacional<\/strong>, \u00e0mplies habilitats pedag\u00f2giques, vocaci\u00f3 per la doc\u00e8ncia, una s\u00f2lida traject\u00f2ria en investigaci\u00f3 i una \u00e0mplia experi\u00e8ncia professional s\u00f3n algunes de les caracter\u00edstiques del <strong>professorat<\/strong> del <a href=\"https:\/\/goo.gl\/Bxdk6P\"><strong>Grau en angl\u00e8s en Fisioter\u00e0pia Internacional, de l\u2019Escola de Noves Tecnologies Interactives (ENTI-UB) <\/strong>i de<strong> l\u2019Escola de la Salut i l\u2019Esport (EUSES-UdG)<\/strong><\/a><strong>.<\/strong><strong>\u00a0<\/strong><\/p>\n<p style=\"text-align: justify;\">Entre <strong>l\u2019equip docent<\/strong> d\u2019aquest <strong>Grau<\/strong> comptem amb professors procedents <strong>d\u2019Austr\u00e0lia, Regne Unit <\/strong>i<strong> Alemanya<\/strong>. La majoria <strong>Doctorats<\/strong> i especialistes en el seu camp, amb el <strong>doble perfil d\u2019acad\u00e8mic-investigador<\/strong> i de <strong>professional <\/strong>en actiu. Per tant, aporten la seva experi\u00e8ncia di\u00e0ria, la qual cosa, permet actualitzar constantment els continguts i metodologies emprades, incorporant una visi\u00f3 m\u00e9s completa i global de la <strong>fisioter\u00e0pia<\/strong>, des de la perspectiva de diferents pa\u00efsos d\u2019arreu del m\u00f3n.<\/p>\n<p style=\"text-align: justify;\">Aix\u00ed doncs, a c\u00e0rrec d\u2019excel\u00b7lents professionals coneixer\u00e0s la <strong>tecnologia<\/strong> m\u00e9s innovadora i puntera aplicada al camp de la <strong>salut<\/strong>. Aprendr\u00e0s els diferents aspectes de la <strong>fisioter\u00e0pia<\/strong> com: la valoraci\u00f3, el diagn\u00f2stic o el disseny de tractaments que s\u2019implementen arreu <strong>d\u2019Europa<\/strong> i en l\u2019\u00e0mbit internacional; aplicar\u00e0s nous <strong>aven\u00e7os tecnol\u00f2gics<\/strong> i fins i tot, tindr\u00e0s la possibilitat de crear les teves pr\u00f2pies <strong>aplicacions tecnol\u00f2giques<\/strong> en aquest camp. A m\u00e9s, no \u00fanicament s\u2019inclou la tecnologia purament m\u00e8dica, sin\u00f3 que es comparteixen recursos amb altres disciplines com l\u2019arquitectura, l\u2019\u00e0mbit dels videojocs o els Serious Games. En definitiva, esdevindr\u00e0s un expert en les <strong>tecnologies<\/strong> pr\u00f2pies de <strong>l\u2019e-health<\/strong> i en l\u2019aplicaci\u00f3 de noves eines en el diagn\u00f2stic, tractament i rehabilitaci\u00f3 d\u2019una lesi\u00f3, garantint una major adher\u00e8ncia per part dels pacients als tractaments.<\/p>\n<p style=\"text-align: justify;\">Altre avantatge d\u2019aquests estudis \u00e9s la seva clara aposta per la <strong>personalitzaci\u00f3<\/strong>, adaptant-se a cada estudiant; per aix\u00f2, posaran a la teva disposici\u00f3 un <strong>servei de seguiment i assessorament individualitzat <\/strong>en aspectes acad\u00e8mics i d\u2019orientaci\u00f3 professional. A m\u00e9s, tamb\u00e9 s\u2019incentiva la <strong>formaci\u00f3 complement\u00e0ria<\/strong>, a trav\u00e9s de <strong>jornades, seminaris i cursos<\/strong>, duts a terme per experts dels diferents \u00e0mbits de la <strong>salut<\/strong>.<\/p>\n<p style=\"text-align: justify;\">Finalment, per tal d\u2019ampliar la teva <strong>xarxa de contactes<\/strong>, aquest <strong>Grau<\/strong> tamb\u00e9 et permetr\u00e0 accedir a m\u00faltiples <strong>programes d\u2019intercanvi internacional<\/strong> a prestigioses universitats internacionals; aix\u00ed com, a la posterior ampliaci\u00f3 i continuaci\u00f3 <strong>d\u2019estudis de postgrau<\/strong> a pa\u00efsos d\u2019arreu del m\u00f3n.<\/p>\n<p style=\"text-align: justify;\">Forma\u2019t amb un <strong>professorat<\/strong> de primer nivell especialitzat en el seu camp; estudiant el <a href=\"https:\/\/goo.gl\/Bxdk6P\"><strong>Grau en Fisioter\u00e0pia Internacional <\/strong>al <strong>Campus de la UB<\/strong>.<\/a><\/p>\n","protected":false},"excerpt":{"rendered":"<p>Un perfil internacional, \u00e0mplies habilitats pedag\u00f2giques, vocaci\u00f3 per la doc\u00e8ncia, una s\u00f2lida traject\u00f2ria en investigaci\u00f3 i una \u00e0mplia experi\u00e8ncia professional s\u00f3n algunes de les caracter\u00edstiques del professorat del Grau en angl\u00e8s en Fisioter\u00e0pia Internacional, de l\u2019Escola de Noves Tecnologies Interactives (ENTI-UB) i de l\u2019Escola de la Salut i l\u2019Esport (EUSES-UdG).\u00a0 Entre l\u2019equip docent d\u2019aquest Grau [&hellip;]<\/p>\n","protected":false},"author":1,"featured_media":5215,"comment_status":"closed","ping_status":"closed","sticky":false,"template":"","format":"standard","meta":{"_acf_changed":false,"inline_featured_image":false,"_joinchat":[],"footnotes":""},"categories":[54],"tags":[45],"class_list":["post-5276","post","type-post","status-publish","format-standard","has-post-thumbnail","hentry","category-uncategorized-ca","tag-catala"],"acf":[],"yoast_head":"<!-- This site is optimized with the Yoast SEO plugin v27.4 - https:\/\/yoast.com\/product\/yoast-seo-wordpress\/ -->\n<title>El perfil internacional i les \u00e0mplies habilitats pedag\u00f2giques del professorat del Grau en Fisioter\u00e0pia Internacional | EUSES- Campus de Bellvitge (Barcelona)<\/title>\n<meta name=\"robots\" content=\"index, follow, max-snippet:-1, max-image-preview:large, max-video-preview:-1\" \/>\n<link rel=\"canonical\" href=\"https:\/\/barcelona.euses.cat\/ca\/el-perfil-internacional-i-les-amplies-habilitats-pedagogiques-del-professorat-del-grau-en-fisioterapia-internacional\/\" \/>\n<meta property=\"og:locale\" content=\"ca_ES\" \/>\n<meta property=\"og:type\" content=\"article\" \/>\n<meta property=\"og:title\" content=\"El perfil internacional i les \u00e0mplies habilitats pedag\u00f2giques del professorat del Grau en Fisioter\u00e0pia Internacional | EUSES- Campus de Bellvitge (Barcelona)\" \/>\n<meta property=\"og:description\" content=\"Un perfil internacional, \u00e0mplies habilitats pedag\u00f2giques, vocaci\u00f3 per la doc\u00e8ncia, una s\u00f2lida traject\u00f2ria en investigaci\u00f3 i una \u00e0mplia experi\u00e8ncia professional s\u00f3n algunes de les caracter\u00edstiques del professorat del Grau en angl\u00e8s en Fisioter\u00e0pia Internacional, de l\u2019Escola de Noves Tecnologies Interactives (ENTI-UB) i de l\u2019Escola de la Salut i l\u2019Esport (EUSES-UdG).\u00a0 Entre l\u2019equip docent d\u2019aquest Grau [&hellip;]\" \/>\n<meta property=\"og:url\" content=\"https:\/\/barcelona.euses.cat\/ca\/el-perfil-internacional-i-les-amplies-habilitats-pedagogiques-del-professorat-del-grau-en-fisioterapia-internacional\/\" \/>\n<meta property=\"og:site_name\" content=\"EUSES- Campus de Bellvitge (Barcelona)\" \/>\n<meta property=\"article:publisher\" content=\"https:\/\/www.facebook.com\/PhysioBCN\/\" \/>\n<meta property=\"article:published_time\" content=\"2017-07-09T22:00:00+00:00\" \/>\n<meta property=\"og:image\" content=\"https:\/\/barcelona.euses.cat\/wp-content\/uploads\/2018\/02\/l.jpg\" \/>\n\t<meta property=\"og:image:width\" content=\"590\" \/>\n\t<meta property=\"og:image:height\" content=\"355\" \/>\n\t<meta property=\"og:image:type\" content=\"image\/jpeg\" \/>\n<meta name=\"author\" content=\"neorg\" \/>\n<meta name=\"twitter:card\" content=\"summary_large_image\" \/>\n<meta name=\"twitter:label1\" content=\"Escrit per\" \/>\n\t<meta name=\"twitter:data1\" content=\"neorg\" \/>\n\t<meta name=\"twitter:label2\" content=\"Temps estimat de lectura\" \/>\n\t<meta name=\"twitter:data2\" content=\"2 minuts\" \/>\n<script type=\"application\/ld+json\" class=\"yoast-schema-graph\">{\"@context\":\"https:\\\/\\\/schema.org\",\"@graph\":[{\"@type\":\"Article\",\"@id\":\"https:\\\/\\\/barcelona.euses.cat\\\/ca\\\/el-perfil-internacional-i-les-amplies-habilitats-pedagogiques-del-professorat-del-grau-en-fisioterapia-internacional\\\/#article\",\"isPartOf\":{\"@id\":\"https:\\\/\\\/barcelona.euses.cat\\\/ca\\\/el-perfil-internacional-i-les-amplies-habilitats-pedagogiques-del-professorat-del-grau-en-fisioterapia-internacional\\\/\"},\"author\":{\"name\":\"neorg\",\"@id\":\"https:\\\/\\\/barcelona.euses.cat\\\/ca\\\/#\\\/schema\\\/person\\\/c3074ca9d956eacf02e41e2ff78e53ab\"},\"headline\":\"El perfil internacional i les \u00e0mplies habilitats pedag\u00f2giques del professorat del Grau en Fisioter\u00e0pia Internacional\",\"datePublished\":\"2017-07-09T22:00:00+00:00\",\"mainEntityOfPage\":{\"@id\":\"https:\\\/\\\/barcelona.euses.cat\\\/ca\\\/el-perfil-internacional-i-les-amplies-habilitats-pedagogiques-del-professorat-del-grau-en-fisioterapia-internacional\\\/\"},\"wordCount\":458,\"image\":{\"@id\":\"https:\\\/\\\/barcelona.euses.cat\\\/ca\\\/el-perfil-internacional-i-les-amplies-habilitats-pedagogiques-del-professorat-del-grau-en-fisioterapia-internacional\\\/#primaryimage\"},\"thumbnailUrl\":\"https:\\\/\\\/barcelona.euses.cat\\\/wp-content\\\/uploads\\\/2018\\\/02\\\/l.jpg\",\"keywords\":[\"Catal\u00e0\"],\"articleSection\":[\"Uncategorized @ca\"],\"inLanguage\":\"ca\"},{\"@type\":\"WebPage\",\"@id\":\"https:\\\/\\\/barcelona.euses.cat\\\/ca\\\/el-perfil-internacional-i-les-amplies-habilitats-pedagogiques-del-professorat-del-grau-en-fisioterapia-internacional\\\/\",\"url\":\"https:\\\/\\\/barcelona.euses.cat\\\/ca\\\/el-perfil-internacional-i-les-amplies-habilitats-pedagogiques-del-professorat-del-grau-en-fisioterapia-internacional\\\/\",\"name\":\"El perfil internacional i les \u00e0mplies habilitats pedag\u00f2giques del professorat del Grau en Fisioter\u00e0pia Internacional | EUSES- Campus de Bellvitge (Barcelona)\",\"isPartOf\":{\"@id\":\"https:\\\/\\\/barcelona.euses.cat\\\/ca\\\/#website\"},\"primaryImageOfPage\":{\"@id\":\"https:\\\/\\\/barcelona.euses.cat\\\/ca\\\/el-perfil-internacional-i-les-amplies-habilitats-pedagogiques-del-professorat-del-grau-en-fisioterapia-internacional\\\/#primaryimage\"},\"image\":{\"@id\":\"https:\\\/\\\/barcelona.euses.cat\\\/ca\\\/el-perfil-internacional-i-les-amplies-habilitats-pedagogiques-del-professorat-del-grau-en-fisioterapia-internacional\\\/#primaryimage\"},\"thumbnailUrl\":\"https:\\\/\\\/barcelona.euses.cat\\\/wp-content\\\/uploads\\\/2018\\\/02\\\/l.jpg\",\"datePublished\":\"2017-07-09T22:00:00+00:00\",\"author\":{\"@id\":\"https:\\\/\\\/barcelona.euses.cat\\\/ca\\\/#\\\/schema\\\/person\\\/c3074ca9d956eacf02e41e2ff78e53ab\"},\"breadcrumb\":{\"@id\":\"https:\\\/\\\/barcelona.euses.cat\\\/ca\\\/el-perfil-internacional-i-les-amplies-habilitats-pedagogiques-del-professorat-del-grau-en-fisioterapia-internacional\\\/#breadcrumb\"},\"inLanguage\":\"ca\",\"potentialAction\":[{\"@type\":\"ReadAction\",\"target\":[\"https:\\\/\\\/barcelona.euses.cat\\\/ca\\\/el-perfil-internacional-i-les-amplies-habilitats-pedagogiques-del-professorat-del-grau-en-fisioterapia-internacional\\\/\"]}]},{\"@type\":\"ImageObject\",\"inLanguage\":\"ca\",\"@id\":\"https:\\\/\\\/barcelona.euses.cat\\\/ca\\\/el-perfil-internacional-i-les-amplies-habilitats-pedagogiques-del-professorat-del-grau-en-fisioterapia-internacional\\\/#primaryimage\",\"url\":\"https:\\\/\\\/barcelona.euses.cat\\\/wp-content\\\/uploads\\\/2018\\\/02\\\/l.jpg\",\"contentUrl\":\"https:\\\/\\\/barcelona.euses.cat\\\/wp-content\\\/uploads\\\/2018\\\/02\\\/l.jpg\",\"width\":590,\"height\":355},{\"@type\":\"BreadcrumbList\",\"@id\":\"https:\\\/\\\/barcelona.euses.cat\\\/ca\\\/el-perfil-internacional-i-les-amplies-habilitats-pedagogiques-del-professorat-del-grau-en-fisioterapia-internacional\\\/#breadcrumb\",\"itemListElement\":[{\"@type\":\"ListItem\",\"position\":1,\"name\":\"Portada\",\"item\":\"https:\\\/\\\/barcelona.euses.cat\\\/ca\\\/\"},{\"@type\":\"ListItem\",\"position\":2,\"name\":\"El perfil internacional i les \u00e0mplies habilitats pedag\u00f2giques del professorat del Grau en Fisioter\u00e0pia Internacional\"}]},{\"@type\":\"WebSite\",\"@id\":\"https:\\\/\\\/barcelona.euses.cat\\\/ca\\\/#website\",\"url\":\"https:\\\/\\\/barcelona.euses.cat\\\/ca\\\/\",\"name\":\"EUSES - Campus de Bellvitge (Barcelona)\",\"description\":\"EUSES, Escola Universit\u00e0ria de Fisioter\u00e0pia Internacional a Barcelona\",\"potentialAction\":[{\"@type\":\"SearchAction\",\"target\":{\"@type\":\"EntryPoint\",\"urlTemplate\":\"https:\\\/\\\/barcelona.euses.cat\\\/ca\\\/?s={search_term_string}\"},\"query-input\":{\"@type\":\"PropertyValueSpecification\",\"valueRequired\":true,\"valueName\":\"search_term_string\"}}],\"inLanguage\":\"ca\"},{\"@type\":\"Person\",\"@id\":\"https:\\\/\\\/barcelona.euses.cat\\\/ca\\\/#\\\/schema\\\/person\\\/c3074ca9d956eacf02e41e2ff78e53ab\",\"name\":\"neorg\",\"image\":{\"@type\":\"ImageObject\",\"inLanguage\":\"ca\",\"@id\":\"https:\\\/\\\/secure.gravatar.com\\\/avatar\\\/709d3d8015183afa7401c02e2291a538cbfd4ffe62f4d86ce5f4871f22e86b09?s=96&d=mm&r=g\",\"url\":\"https:\\\/\\\/secure.gravatar.com\\\/avatar\\\/709d3d8015183afa7401c02e2291a538cbfd4ffe62f4d86ce5f4871f22e86b09?s=96&d=mm&r=g\",\"contentUrl\":\"https:\\\/\\\/secure.gravatar.com\\\/avatar\\\/709d3d8015183afa7401c02e2291a538cbfd4ffe62f4d86ce5f4871f22e86b09?s=96&d=mm&r=g\",\"caption\":\"neorg\"},\"url\":\"https:\\\/\\\/barcelona.euses.cat\\\/ca\\\/author\\\/neorg\\\/\"}]}<\/script>\n<!-- \/ Yoast SEO plugin. -->","yoast_head_json":{"title":"El perfil internacional i les \u00e0mplies habilitats pedag\u00f2giques del professorat del Grau en Fisioter\u00e0pia Internacional | EUSES- Campus de Bellvitge (Barcelona)","robots":{"index":"index","follow":"follow","max-snippet":"max-snippet:-1","max-image-preview":"max-image-preview:large","max-video-preview":"max-video-preview:-1"},"canonical":"https:\/\/barcelona.euses.cat\/ca\/el-perfil-internacional-i-les-amplies-habilitats-pedagogiques-del-professorat-del-grau-en-fisioterapia-internacional\/","og_locale":"ca_ES","og_type":"article","og_title":"El perfil internacional i les \u00e0mplies habilitats pedag\u00f2giques del professorat del Grau en Fisioter\u00e0pia Internacional | EUSES- Campus de Bellvitge (Barcelona)","og_description":"Un perfil internacional, \u00e0mplies habilitats pedag\u00f2giques, vocaci\u00f3 per la doc\u00e8ncia, una s\u00f2lida traject\u00f2ria en investigaci\u00f3 i una \u00e0mplia experi\u00e8ncia professional s\u00f3n algunes de les caracter\u00edstiques del professorat del Grau en angl\u00e8s en Fisioter\u00e0pia Internacional, de l\u2019Escola de Noves Tecnologies Interactives (ENTI-UB) i de l\u2019Escola de la Salut i l\u2019Esport (EUSES-UdG).\u00a0 Entre l\u2019equip docent d\u2019aquest Grau [&hellip;]","og_url":"https:\/\/barcelona.euses.cat\/ca\/el-perfil-internacional-i-les-amplies-habilitats-pedagogiques-del-professorat-del-grau-en-fisioterapia-internacional\/","og_site_name":"EUSES- Campus de Bellvitge (Barcelona)","article_publisher":"https:\/\/www.facebook.com\/PhysioBCN\/","article_published_time":"2017-07-09T22:00:00+00:00","og_image":[{"width":590,"height":355,"url":"https:\/\/barcelona.euses.cat\/wp-content\/uploads\/2018\/02\/l.jpg","type":"image\/jpeg"}],"author":"neorg","twitter_card":"summary_large_image","twitter_misc":{"Escrit per":"neorg","Temps estimat de lectura":"2 minuts"},"schema":{"@context":"https:\/\/schema.org","@graph":[{"@type":"Article","@id":"https:\/\/barcelona.euses.cat\/ca\/el-perfil-internacional-i-les-amplies-habilitats-pedagogiques-del-professorat-del-grau-en-fisioterapia-internacional\/#article","isPartOf":{"@id":"https:\/\/barcelona.euses.cat\/ca\/el-perfil-internacional-i-les-amplies-habilitats-pedagogiques-del-professorat-del-grau-en-fisioterapia-internacional\/"},"author":{"name":"neorg","@id":"https:\/\/barcelona.euses.cat\/ca\/#\/schema\/person\/c3074ca9d956eacf02e41e2ff78e53ab"},"headline":"El perfil internacional i les \u00e0mplies habilitats pedag\u00f2giques del professorat del Grau en Fisioter\u00e0pia Internacional","datePublished":"2017-07-09T22:00:00+00:00","mainEntityOfPage":{"@id":"https:\/\/barcelona.euses.cat\/ca\/el-perfil-internacional-i-les-amplies-habilitats-pedagogiques-del-professorat-del-grau-en-fisioterapia-internacional\/"},"wordCount":458,"image":{"@id":"https:\/\/barcelona.euses.cat\/ca\/el-perfil-internacional-i-les-amplies-habilitats-pedagogiques-del-professorat-del-grau-en-fisioterapia-internacional\/#primaryimage"},"thumbnailUrl":"https:\/\/barcelona.euses.cat\/wp-content\/uploads\/2018\/02\/l.jpg","keywords":["Catal\u00e0"],"articleSection":["Uncategorized @ca"],"inLanguage":"ca"},{"@type":"WebPage","@id":"https:\/\/barcelona.euses.cat\/ca\/el-perfil-internacional-i-les-amplies-habilitats-pedagogiques-del-professorat-del-grau-en-fisioterapia-internacional\/","url":"https:\/\/barcelona.euses.cat\/ca\/el-perfil-internacional-i-les-amplies-habilitats-pedagogiques-del-professorat-del-grau-en-fisioterapia-internacional\/","name":"El perfil internacional i les \u00e0mplies habilitats pedag\u00f2giques del professorat del Grau en Fisioter\u00e0pia Internacional | EUSES- Campus de Bellvitge (Barcelona)","isPartOf":{"@id":"https:\/\/barcelona.euses.cat\/ca\/#website"},"primaryImageOfPage":{"@id":"https:\/\/barcelona.euses.cat\/ca\/el-perfil-internacional-i-les-amplies-habilitats-pedagogiques-del-professorat-del-grau-en-fisioterapia-internacional\/#primaryimage"},"image":{"@id":"https:\/\/barcelona.euses.cat\/ca\/el-perfil-internacional-i-les-amplies-habilitats-pedagogiques-del-professorat-del-grau-en-fisioterapia-internacional\/#primaryimage"},"thumbnailUrl":"https:\/\/barcelona.euses.cat\/wp-content\/uploads\/2018\/02\/l.jpg","datePublished":"2017-07-09T22:00:00+00:00","author":{"@id":"https:\/\/barcelona.euses.cat\/ca\/#\/schema\/person\/c3074ca9d956eacf02e41e2ff78e53ab"},"breadcrumb":{"@id":"https:\/\/barcelona.euses.cat\/ca\/el-perfil-internacional-i-les-amplies-habilitats-pedagogiques-del-professorat-del-grau-en-fisioterapia-internacional\/#breadcrumb"},"inLanguage":"ca","potentialAction":[{"@type":"ReadAction","target":["https:\/\/barcelona.euses.cat\/ca\/el-perfil-internacional-i-les-amplies-habilitats-pedagogiques-del-professorat-del-grau-en-fisioterapia-internacional\/"]}]},{"@type":"ImageObject","inLanguage":"ca","@id":"https:\/\/barcelona.euses.cat\/ca\/el-perfil-internacional-i-les-amplies-habilitats-pedagogiques-del-professorat-del-grau-en-fisioterapia-internacional\/#primaryimage","url":"https:\/\/barcelona.euses.cat\/wp-content\/uploads\/2018\/02\/l.jpg","contentUrl":"https:\/\/barcelona.euses.cat\/wp-content\/uploads\/2018\/02\/l.jpg","width":590,"height":355},{"@type":"BreadcrumbList","@id":"https:\/\/barcelona.euses.cat\/ca\/el-perfil-internacional-i-les-amplies-habilitats-pedagogiques-del-professorat-del-grau-en-fisioterapia-internacional\/#breadcrumb","itemListElement":[{"@type":"ListItem","position":1,"name":"Portada","item":"https:\/\/barcelona.euses.cat\/ca\/"},{"@type":"ListItem","position":2,"name":"El perfil internacional i les \u00e0mplies habilitats pedag\u00f2giques del professorat del Grau en Fisioter\u00e0pia Internacional"}]},{"@type":"WebSite","@id":"https:\/\/barcelona.euses.cat\/ca\/#website","url":"https:\/\/barcelona.euses.cat\/ca\/","name":"EUSES - Campus de Bellvitge (Barcelona)","description":"EUSES, Escola Universit\u00e0ria de Fisioter\u00e0pia Internacional a Barcelona","potentialAction":[{"@type":"SearchAction","target":{"@type":"EntryPoint","urlTemplate":"https:\/\/barcelona.euses.cat\/ca\/?s={search_term_string}"},"query-input":{"@type":"PropertyValueSpecification","valueRequired":true,"valueName":"search_term_string"}}],"inLanguage":"ca"},{"@type":"Person","@id":"https:\/\/barcelona.euses.cat\/ca\/#\/schema\/person\/c3074ca9d956eacf02e41e2ff78e53ab","name":"neorg","image":{"@type":"ImageObject","inLanguage":"ca","@id":"https:\/\/secure.gravatar.com\/avatar\/709d3d8015183afa7401c02e2291a538cbfd4ffe62f4d86ce5f4871f22e86b09?s=96&d=mm&r=g","url":"https:\/\/secure.gravatar.com\/avatar\/709d3d8015183afa7401c02e2291a538cbfd4ffe62f4d86ce5f4871f22e86b09?s=96&d=mm&r=g","contentUrl":"https:\/\/secure.gravatar.com\/avatar\/709d3d8015183afa7401c02e2291a538cbfd4ffe62f4d86ce5f4871f22e86b09?s=96&d=mm&r=g","caption":"neorg"},"url":"https:\/\/barcelona.euses.cat\/ca\/author\/neorg\/"}]}},"_links":{"self":[{"href":"https:\/\/barcelona.euses.cat\/ca\/wp-json\/wp\/v2\/posts\/5276","targetHints":{"allow":["GET"]}}],"collection":[{"href":"https:\/\/barcelona.euses.cat\/ca\/wp-json\/wp\/v2\/posts"}],"about":[{"href":"https:\/\/barcelona.euses.cat\/ca\/wp-json\/wp\/v2\/types\/post"}],"author":[{"embeddable":true,"href":"https:\/\/barcelona.euses.cat\/ca\/wp-json\/wp\/v2\/users\/1"}],"replies":[{"embeddable":true,"href":"https:\/\/barcelona.euses.cat\/ca\/wp-json\/wp\/v2\/comments?post=5276"}],"version-history":[{"count":0,"href":"https:\/\/barcelona.euses.cat\/ca\/wp-json\/wp\/v2\/posts\/5276\/revisions"}],"wp:featuredmedia":[{"embeddable":true,"href":"https:\/\/barcelona.euses.cat\/ca\/wp-json\/wp\/v2\/media\/5215"}],"wp:attachment":[{"href":"https:\/\/barcelona.euses.cat\/ca\/wp-json\/wp\/v2\/media?parent=5276"}],"wp:term":[{"taxonomy":"category","embeddable":true,"href":"https:\/\/barcelona.euses.cat\/ca\/wp-json\/wp\/v2\/categories?post=5276"},{"taxonomy":"post_tag","embeddable":true,"href":"https:\/\/barcelona.euses.cat\/ca\/wp-json\/wp\/v2\/tags?post=5276"}],"curies":[{"name":"wp","href":"https:\/\/api.w.org\/{rel}","templated":true}]}}