{"id":5269,"date":"2017-07-31T00:00:00","date_gmt":"2017-07-30T22:00:00","guid":{"rendered":"http:\/\/physiotherapybarcelona.net\/el-grau-en-fisioterapia-internacional-la-via-dacces-a-un-ampli-ventall-de-sortides-laborals\/"},"modified":"2017-07-31T00:00:00","modified_gmt":"2017-07-30T22:00:00","slug":"el-grau-en-fisioterapia-internacional-la-via-dacces-a-un-ampli-ventall-de-sortides-laborals","status":"publish","type":"post","link":"https:\/\/barcelona.euses.cat\/ca\/el-grau-en-fisioterapia-internacional-la-via-dacces-a-un-ampli-ventall-de-sortides-laborals\/","title":{"rendered":"El Grau en Fisioter\u00e0pia Internacional, la via d\u2019acc\u00e9s a un ampli ventall de sortides laborals"},"content":{"rendered":"<p style=\"text-align: justify;\">El <a href=\"https:\/\/goo.gl\/952yCc\"><strong>Grau en Fisioter\u00e0pia Internacional de l\u2019Escola de Noves Tecnologies Interactives (ENTI-UB)<\/strong> i de <strong>l\u2019Escola de la Salut i l\u2019Esport (EUSES-UdG)<\/strong><\/a> t\u2019aporta una s\u00f2lida formaci\u00f3, especialitzada en la valoraci\u00f3, el diagn\u00f2stic, el disseny i el desenvolupament de tractaments en l\u2019\u00e0mbit de la <strong>fisioter\u00e0pia<\/strong>. A m\u00e9s, amb el doble valor afegit d\u2019estudiar \u00edntegrament en <strong>angl\u00e8s<\/strong>, un idioma que amplia els teus horitzons professionals i d\u2019aplicar les <strong>noves tecnologies de l\u2019e-health<\/strong> i la <strong>salut<\/strong> <strong>2.0<\/strong> en aquest camp. La combinaci\u00f3 de tots aquests factors, juntament amb el protagonisme de la part pr\u00e0ctica et permetran exercir amb \u00e8xit la professi\u00f3 de fisioterapeuta en qualsevol d\u2019aquests \u00e0mbits professionals:<\/p>\n<p style=\"text-align: justify;\">\n<ul style=\"text-align: justify;\">\n<li><strong>Recerca i investigaci\u00f3 cient\u00edfica<\/strong>. En aquest sentit, els graduats i graduades en <strong>Fisioter\u00e0pia<\/strong> <strong>Internacional<\/strong> desenvoluparan les seves capacitats en l\u2019\u00e0mbit de <strong>l\u2019aplicaci\u00f3 tecnol\u00f2gica<\/strong> al camp de la <strong>fisioter\u00e0pia<\/strong>; creant <strong>noves eines<\/strong> de valoraci\u00f3; aplicant nous <strong>aven\u00e7os tecnol\u00f2gics<\/strong> en aquest sector i fins i tot, treballant en la creaci\u00f3 de <strong>noves aplicacions tecnol\u00f2giques<\/strong> com: apps m\u00f2bils, software inform\u00e0tic o modelatge tridimensional.<\/li>\n<\/ul>\n<p style=\"text-align: justify;\">\n<ul style=\"text-align: justify;\">\n<li><strong>\u00c0mbit de la doc\u00e8ncia<\/strong>. Especialment recomanat si tens una veritable <strong>vocaci\u00f3<\/strong> pel m\u00f3n educatiu. Durant aquest <strong>Grau<\/strong> tindr\u00e0s com a exemple a un <strong>professorat<\/strong> de primer nivell, procedent de prestigioses <strong>universitats internacionals<\/strong>, amb una dilatada traject\u00f2ria professional i \u00e0mplies habilitats pedag\u00f2giques. Sens dubte, de la m\u00e0 d\u2019aquest <strong>equip docent expert<\/strong>, assolir\u00e0s una visi\u00f3 completa i global de la <strong>fisioter\u00e0pia<\/strong>, des de la perspectiva de diferents pa\u00efsos d\u2019arreu del m\u00f3n. Gr\u00e0cies al seu bagatge i experi\u00e8ncia internacional, coneixer\u00e0s els millors <strong>m\u00e8todes<\/strong> <strong>d\u2019ensenyament<\/strong> emprats arreu <strong>d\u2019Europa<\/strong> i a <strong>escala internacional<\/strong>. Per tant, disposar\u00e0s d\u2019un ampli ventall de coneixements per fer m\u00e9s interessants i completes les teves classes.<\/li>\n<\/ul>\n<p style=\"text-align: justify;\">\n<ul style=\"text-align: justify;\">\n<li><strong>Sector m\u00e8dic i \u00e0mbit sanitari<\/strong>. Com a <strong>fisioterapeuta generalista<\/strong> tindr\u00e0s l\u2019oportunitat d\u2019exercir en diverses branques de la <strong>medicina<\/strong>. Especialment, podr\u00e0s aportar els teus coneixements i experi\u00e8ncia a \u00e0mbits com: la traumatologia, centrada en les lesions esportives; la pediatria; les afeccions cardiorespirat\u00f2ries; l\u2019ergonomia; la neurologia; l\u2019uro-ginecologia; la reumatologia, entre moltes altres.<\/li>\n<\/ul>\n<ul style=\"text-align: justify;\">\n<li><strong>\u00c0rea esportiva i de readaptaci\u00f3<\/strong>. Actualment, un dels itineraris en al\u00e7a que molts professionals de la <strong>fisioter\u00e0pia<\/strong> escullen, un cop finalitzats els seus estudis. La possibilitat de combinar <strong>l\u2019esport<\/strong> amb la pr\u00e0ctica professional de la <strong>fisioter\u00e0pia<\/strong> \u00e9s molt atractiva, ja que, permet treballar en gimnasos, clubs, associacions i amb equips o <strong>esportistes d\u2019elit<\/strong>. Precisament, hi ha diferents combinacions dels estudis universitaris en <strong>fisioter\u00e0pia<\/strong> amb altres <strong>graus<\/strong> com el <strong>d\u2019activitat f\u00edsica i esport<\/strong>, en forma de <strong>doble grau<\/strong>. En aquest sentit, cal destacar el <strong>doble Grau en CAFE + Fisioter\u00e0pia d\u2019EUSES-UdG, la Universitat de la Salut i l\u2019Esport<\/strong>, un centre amb el qual, hem establert moltes sinergies des del <strong>Campus de la UB<\/strong>.<\/li>\n<\/ul>\n<ul style=\"text-align: justify;\">\n<li><strong>Gestionar el teu propi centre de fisioter\u00e0pia i salut<\/strong>. Una altra oportunitat laboral que est\u00e0 experimentant un gran creixement \u00e9s la relacionada amb la <strong>gesti\u00f3<\/strong> de centres de salut o de rehabilitaci\u00f3, un \u00e0mbit que uneix el m\u00f3n de la <strong>salut<\/strong> amb la <strong>gesti\u00f3 empresarial<\/strong>. Els professionals d\u2019aquest sector s\u2019ocupen de la <strong>gesti\u00f3<\/strong> del seu propi <strong>equipament<\/strong>, aix\u00ed com, dels <strong>recursos humans<\/strong>, el tracte diari amb els <strong>pacients<\/strong>; q\u00fcestions relacionades amb els riscos laborals, etc. En aquest context, cal assenyalar que si ho prefereixes, podr\u00e0s integrar-te en equips multidisciplinaris, \u00e9s a dir, en cl\u00edniques, centres d\u2019atenci\u00f3 prim\u00e0ria, hospitals o m\u00fatues, desenvolupant tasques de gesti\u00f3.<\/li>\n<\/ul>\n<p style=\"text-align: justify;\">Prepara amb \u00e8xit el teu futur professional, estudiant el <a href=\"https:\/\/goo.gl\/952yCc\"><strong>Grau en Fisioter\u00e0pia Internacional<\/strong> al <strong>Campus de la UB<\/strong><\/a><strong>.<\/strong><\/p>\n<p>&nbsp;<\/p>\n","protected":false},"excerpt":{"rendered":"<p>El Grau en Fisioter\u00e0pia Internacional de l\u2019Escola de Noves Tecnologies Interactives (ENTI-UB) i de l\u2019Escola de la Salut i l\u2019Esport (EUSES-UdG) t\u2019aporta una s\u00f2lida formaci\u00f3, especialitzada en la valoraci\u00f3, el diagn\u00f2stic, el disseny i el desenvolupament de tractaments en l\u2019\u00e0mbit de la fisioter\u00e0pia. A m\u00e9s, amb el doble valor afegit d\u2019estudiar \u00edntegrament en angl\u00e8s, un [&hellip;]<\/p>\n","protected":false},"author":1,"featured_media":5270,"comment_status":"closed","ping_status":"closed","sticky":false,"template":"","format":"standard","meta":{"_acf_changed":false,"inline_featured_image":false,"_joinchat":[],"footnotes":""},"categories":[54],"tags":[45],"class_list":["post-5269","post","type-post","status-publish","format-standard","has-post-thumbnail","hentry","category-uncategorized-ca","tag-catala"],"acf":[],"yoast_head":"<!-- This site is optimized with the Yoast SEO plugin v27.4 - https:\/\/yoast.com\/product\/yoast-seo-wordpress\/ -->\n<title>El Grau en Fisioter\u00e0pia Internacional, la via d\u2019acc\u00e9s a un ampli ventall de sortides laborals | EUSES- Campus de Bellvitge (Barcelona)<\/title>\n<meta name=\"robots\" content=\"index, follow, max-snippet:-1, max-image-preview:large, max-video-preview:-1\" \/>\n<link rel=\"canonical\" href=\"https:\/\/barcelona.euses.cat\/ca\/el-grau-en-fisioterapia-internacional-la-via-dacces-a-un-ampli-ventall-de-sortides-laborals\/\" \/>\n<meta property=\"og:locale\" content=\"ca_ES\" \/>\n<meta property=\"og:type\" content=\"article\" \/>\n<meta property=\"og:title\" content=\"El Grau en Fisioter\u00e0pia Internacional, la via d\u2019acc\u00e9s a un ampli ventall de sortides laborals | EUSES- Campus de Bellvitge (Barcelona)\" \/>\n<meta property=\"og:description\" content=\"El Grau en Fisioter\u00e0pia Internacional de l\u2019Escola de Noves Tecnologies Interactives (ENTI-UB) i de l\u2019Escola de la Salut i l\u2019Esport (EUSES-UdG) t\u2019aporta una s\u00f2lida formaci\u00f3, especialitzada en la valoraci\u00f3, el diagn\u00f2stic, el disseny i el desenvolupament de tractaments en l\u2019\u00e0mbit de la fisioter\u00e0pia. A m\u00e9s, amb el doble valor afegit d\u2019estudiar \u00edntegrament en angl\u00e8s, un [&hellip;]\" \/>\n<meta property=\"og:url\" content=\"https:\/\/barcelona.euses.cat\/ca\/el-grau-en-fisioterapia-internacional-la-via-dacces-a-un-ampli-ventall-de-sortides-laborals\/\" \/>\n<meta property=\"og:site_name\" content=\"EUSES- Campus de Bellvitge (Barcelona)\" \/>\n<meta property=\"article:publisher\" content=\"https:\/\/www.facebook.com\/PhysioBCN\/\" \/>\n<meta property=\"article:published_time\" content=\"2017-07-30T22:00:00+00:00\" \/>\n<meta property=\"og:image\" content=\"https:\/\/barcelona.euses.cat\/wp-content\/uploads\/2018\/02\/\u00f1.jpg\" \/>\n\t<meta property=\"og:image:width\" content=\"601\" \/>\n\t<meta property=\"og:image:height\" content=\"400\" \/>\n\t<meta property=\"og:image:type\" content=\"image\/jpeg\" \/>\n<meta name=\"author\" content=\"neorg\" \/>\n<meta name=\"twitter:card\" content=\"summary_large_image\" \/>\n<meta name=\"twitter:label1\" content=\"Escrit per\" \/>\n\t<meta name=\"twitter:data1\" content=\"neorg\" \/>\n\t<meta name=\"twitter:label2\" content=\"Temps estimat de lectura\" \/>\n\t<meta name=\"twitter:data2\" content=\"3 minuts\" \/>\n<script type=\"application\/ld+json\" class=\"yoast-schema-graph\">{\"@context\":\"https:\\\/\\\/schema.org\",\"@graph\":[{\"@type\":\"Article\",\"@id\":\"https:\\\/\\\/barcelona.euses.cat\\\/ca\\\/el-grau-en-fisioterapia-internacional-la-via-dacces-a-un-ampli-ventall-de-sortides-laborals\\\/#article\",\"isPartOf\":{\"@id\":\"https:\\\/\\\/barcelona.euses.cat\\\/ca\\\/el-grau-en-fisioterapia-internacional-la-via-dacces-a-un-ampli-ventall-de-sortides-laborals\\\/\"},\"author\":{\"name\":\"neorg\",\"@id\":\"https:\\\/\\\/barcelona.euses.cat\\\/ca\\\/#\\\/schema\\\/person\\\/c3074ca9d956eacf02e41e2ff78e53ab\"},\"headline\":\"El Grau en Fisioter\u00e0pia Internacional, la via d\u2019acc\u00e9s a un ampli ventall de sortides laborals\",\"datePublished\":\"2017-07-30T22:00:00+00:00\",\"mainEntityOfPage\":{\"@id\":\"https:\\\/\\\/barcelona.euses.cat\\\/ca\\\/el-grau-en-fisioterapia-internacional-la-via-dacces-a-un-ampli-ventall-de-sortides-laborals\\\/\"},\"wordCount\":649,\"image\":{\"@id\":\"https:\\\/\\\/barcelona.euses.cat\\\/ca\\\/el-grau-en-fisioterapia-internacional-la-via-dacces-a-un-ampli-ventall-de-sortides-laborals\\\/#primaryimage\"},\"thumbnailUrl\":\"https:\\\/\\\/barcelona.euses.cat\\\/wp-content\\\/uploads\\\/2018\\\/02\\\/\u00f1.jpg\",\"keywords\":[\"Catal\u00e0\"],\"articleSection\":[\"Uncategorized @ca\"],\"inLanguage\":\"ca\"},{\"@type\":\"WebPage\",\"@id\":\"https:\\\/\\\/barcelona.euses.cat\\\/ca\\\/el-grau-en-fisioterapia-internacional-la-via-dacces-a-un-ampli-ventall-de-sortides-laborals\\\/\",\"url\":\"https:\\\/\\\/barcelona.euses.cat\\\/ca\\\/el-grau-en-fisioterapia-internacional-la-via-dacces-a-un-ampli-ventall-de-sortides-laborals\\\/\",\"name\":\"El Grau en Fisioter\u00e0pia Internacional, la via d\u2019acc\u00e9s a un ampli ventall de sortides laborals | EUSES- Campus de Bellvitge (Barcelona)\",\"isPartOf\":{\"@id\":\"https:\\\/\\\/barcelona.euses.cat\\\/ca\\\/#website\"},\"primaryImageOfPage\":{\"@id\":\"https:\\\/\\\/barcelona.euses.cat\\\/ca\\\/el-grau-en-fisioterapia-internacional-la-via-dacces-a-un-ampli-ventall-de-sortides-laborals\\\/#primaryimage\"},\"image\":{\"@id\":\"https:\\\/\\\/barcelona.euses.cat\\\/ca\\\/el-grau-en-fisioterapia-internacional-la-via-dacces-a-un-ampli-ventall-de-sortides-laborals\\\/#primaryimage\"},\"thumbnailUrl\":\"https:\\\/\\\/barcelona.euses.cat\\\/wp-content\\\/uploads\\\/2018\\\/02\\\/\u00f1.jpg\",\"datePublished\":\"2017-07-30T22:00:00+00:00\",\"author\":{\"@id\":\"https:\\\/\\\/barcelona.euses.cat\\\/ca\\\/#\\\/schema\\\/person\\\/c3074ca9d956eacf02e41e2ff78e53ab\"},\"breadcrumb\":{\"@id\":\"https:\\\/\\\/barcelona.euses.cat\\\/ca\\\/el-grau-en-fisioterapia-internacional-la-via-dacces-a-un-ampli-ventall-de-sortides-laborals\\\/#breadcrumb\"},\"inLanguage\":\"ca\",\"potentialAction\":[{\"@type\":\"ReadAction\",\"target\":[\"https:\\\/\\\/barcelona.euses.cat\\\/ca\\\/el-grau-en-fisioterapia-internacional-la-via-dacces-a-un-ampli-ventall-de-sortides-laborals\\\/\"]}]},{\"@type\":\"ImageObject\",\"inLanguage\":\"ca\",\"@id\":\"https:\\\/\\\/barcelona.euses.cat\\\/ca\\\/el-grau-en-fisioterapia-internacional-la-via-dacces-a-un-ampli-ventall-de-sortides-laborals\\\/#primaryimage\",\"url\":\"https:\\\/\\\/barcelona.euses.cat\\\/wp-content\\\/uploads\\\/2018\\\/02\\\/\u00f1.jpg\",\"contentUrl\":\"https:\\\/\\\/barcelona.euses.cat\\\/wp-content\\\/uploads\\\/2018\\\/02\\\/\u00f1.jpg\",\"width\":601,\"height\":400},{\"@type\":\"BreadcrumbList\",\"@id\":\"https:\\\/\\\/barcelona.euses.cat\\\/ca\\\/el-grau-en-fisioterapia-internacional-la-via-dacces-a-un-ampli-ventall-de-sortides-laborals\\\/#breadcrumb\",\"itemListElement\":[{\"@type\":\"ListItem\",\"position\":1,\"name\":\"Portada\",\"item\":\"https:\\\/\\\/barcelona.euses.cat\\\/ca\\\/\"},{\"@type\":\"ListItem\",\"position\":2,\"name\":\"El Grau en Fisioter\u00e0pia Internacional, la via d\u2019acc\u00e9s a un ampli ventall de sortides laborals\"}]},{\"@type\":\"WebSite\",\"@id\":\"https:\\\/\\\/barcelona.euses.cat\\\/ca\\\/#website\",\"url\":\"https:\\\/\\\/barcelona.euses.cat\\\/ca\\\/\",\"name\":\"EUSES - Campus de Bellvitge (Barcelona)\",\"description\":\"EUSES, Escola Universit\u00e0ria de Fisioter\u00e0pia Internacional a Barcelona\",\"potentialAction\":[{\"@type\":\"SearchAction\",\"target\":{\"@type\":\"EntryPoint\",\"urlTemplate\":\"https:\\\/\\\/barcelona.euses.cat\\\/ca\\\/?s={search_term_string}\"},\"query-input\":{\"@type\":\"PropertyValueSpecification\",\"valueRequired\":true,\"valueName\":\"search_term_string\"}}],\"inLanguage\":\"ca\"},{\"@type\":\"Person\",\"@id\":\"https:\\\/\\\/barcelona.euses.cat\\\/ca\\\/#\\\/schema\\\/person\\\/c3074ca9d956eacf02e41e2ff78e53ab\",\"name\":\"neorg\",\"image\":{\"@type\":\"ImageObject\",\"inLanguage\":\"ca\",\"@id\":\"https:\\\/\\\/secure.gravatar.com\\\/avatar\\\/709d3d8015183afa7401c02e2291a538cbfd4ffe62f4d86ce5f4871f22e86b09?s=96&d=mm&r=g\",\"url\":\"https:\\\/\\\/secure.gravatar.com\\\/avatar\\\/709d3d8015183afa7401c02e2291a538cbfd4ffe62f4d86ce5f4871f22e86b09?s=96&d=mm&r=g\",\"contentUrl\":\"https:\\\/\\\/secure.gravatar.com\\\/avatar\\\/709d3d8015183afa7401c02e2291a538cbfd4ffe62f4d86ce5f4871f22e86b09?s=96&d=mm&r=g\",\"caption\":\"neorg\"},\"url\":\"https:\\\/\\\/barcelona.euses.cat\\\/ca\\\/author\\\/neorg\\\/\"}]}<\/script>\n<!-- \/ Yoast SEO plugin. -->","yoast_head_json":{"title":"El Grau en Fisioter\u00e0pia Internacional, la via d\u2019acc\u00e9s a un ampli ventall de sortides laborals | EUSES- Campus de Bellvitge (Barcelona)","robots":{"index":"index","follow":"follow","max-snippet":"max-snippet:-1","max-image-preview":"max-image-preview:large","max-video-preview":"max-video-preview:-1"},"canonical":"https:\/\/barcelona.euses.cat\/ca\/el-grau-en-fisioterapia-internacional-la-via-dacces-a-un-ampli-ventall-de-sortides-laborals\/","og_locale":"ca_ES","og_type":"article","og_title":"El Grau en Fisioter\u00e0pia Internacional, la via d\u2019acc\u00e9s a un ampli ventall de sortides laborals | EUSES- Campus de Bellvitge (Barcelona)","og_description":"El Grau en Fisioter\u00e0pia Internacional de l\u2019Escola de Noves Tecnologies Interactives (ENTI-UB) i de l\u2019Escola de la Salut i l\u2019Esport (EUSES-UdG) t\u2019aporta una s\u00f2lida formaci\u00f3, especialitzada en la valoraci\u00f3, el diagn\u00f2stic, el disseny i el desenvolupament de tractaments en l\u2019\u00e0mbit de la fisioter\u00e0pia. A m\u00e9s, amb el doble valor afegit d\u2019estudiar \u00edntegrament en angl\u00e8s, un [&hellip;]","og_url":"https:\/\/barcelona.euses.cat\/ca\/el-grau-en-fisioterapia-internacional-la-via-dacces-a-un-ampli-ventall-de-sortides-laborals\/","og_site_name":"EUSES- Campus de Bellvitge (Barcelona)","article_publisher":"https:\/\/www.facebook.com\/PhysioBCN\/","article_published_time":"2017-07-30T22:00:00+00:00","og_image":[{"width":601,"height":400,"url":"https:\/\/barcelona.euses.cat\/wp-content\/uploads\/2018\/02\/\u00f1.jpg","type":"image\/jpeg"}],"author":"neorg","twitter_card":"summary_large_image","twitter_misc":{"Escrit per":"neorg","Temps estimat de lectura":"3 minuts"},"schema":{"@context":"https:\/\/schema.org","@graph":[{"@type":"Article","@id":"https:\/\/barcelona.euses.cat\/ca\/el-grau-en-fisioterapia-internacional-la-via-dacces-a-un-ampli-ventall-de-sortides-laborals\/#article","isPartOf":{"@id":"https:\/\/barcelona.euses.cat\/ca\/el-grau-en-fisioterapia-internacional-la-via-dacces-a-un-ampli-ventall-de-sortides-laborals\/"},"author":{"name":"neorg","@id":"https:\/\/barcelona.euses.cat\/ca\/#\/schema\/person\/c3074ca9d956eacf02e41e2ff78e53ab"},"headline":"El Grau en Fisioter\u00e0pia Internacional, la via d\u2019acc\u00e9s a un ampli ventall de sortides laborals","datePublished":"2017-07-30T22:00:00+00:00","mainEntityOfPage":{"@id":"https:\/\/barcelona.euses.cat\/ca\/el-grau-en-fisioterapia-internacional-la-via-dacces-a-un-ampli-ventall-de-sortides-laborals\/"},"wordCount":649,"image":{"@id":"https:\/\/barcelona.euses.cat\/ca\/el-grau-en-fisioterapia-internacional-la-via-dacces-a-un-ampli-ventall-de-sortides-laborals\/#primaryimage"},"thumbnailUrl":"https:\/\/barcelona.euses.cat\/wp-content\/uploads\/2018\/02\/\u00f1.jpg","keywords":["Catal\u00e0"],"articleSection":["Uncategorized @ca"],"inLanguage":"ca"},{"@type":"WebPage","@id":"https:\/\/barcelona.euses.cat\/ca\/el-grau-en-fisioterapia-internacional-la-via-dacces-a-un-ampli-ventall-de-sortides-laborals\/","url":"https:\/\/barcelona.euses.cat\/ca\/el-grau-en-fisioterapia-internacional-la-via-dacces-a-un-ampli-ventall-de-sortides-laborals\/","name":"El Grau en Fisioter\u00e0pia Internacional, la via d\u2019acc\u00e9s a un ampli ventall de sortides laborals | EUSES- Campus de Bellvitge (Barcelona)","isPartOf":{"@id":"https:\/\/barcelona.euses.cat\/ca\/#website"},"primaryImageOfPage":{"@id":"https:\/\/barcelona.euses.cat\/ca\/el-grau-en-fisioterapia-internacional-la-via-dacces-a-un-ampli-ventall-de-sortides-laborals\/#primaryimage"},"image":{"@id":"https:\/\/barcelona.euses.cat\/ca\/el-grau-en-fisioterapia-internacional-la-via-dacces-a-un-ampli-ventall-de-sortides-laborals\/#primaryimage"},"thumbnailUrl":"https:\/\/barcelona.euses.cat\/wp-content\/uploads\/2018\/02\/\u00f1.jpg","datePublished":"2017-07-30T22:00:00+00:00","author":{"@id":"https:\/\/barcelona.euses.cat\/ca\/#\/schema\/person\/c3074ca9d956eacf02e41e2ff78e53ab"},"breadcrumb":{"@id":"https:\/\/barcelona.euses.cat\/ca\/el-grau-en-fisioterapia-internacional-la-via-dacces-a-un-ampli-ventall-de-sortides-laborals\/#breadcrumb"},"inLanguage":"ca","potentialAction":[{"@type":"ReadAction","target":["https:\/\/barcelona.euses.cat\/ca\/el-grau-en-fisioterapia-internacional-la-via-dacces-a-un-ampli-ventall-de-sortides-laborals\/"]}]},{"@type":"ImageObject","inLanguage":"ca","@id":"https:\/\/barcelona.euses.cat\/ca\/el-grau-en-fisioterapia-internacional-la-via-dacces-a-un-ampli-ventall-de-sortides-laborals\/#primaryimage","url":"https:\/\/barcelona.euses.cat\/wp-content\/uploads\/2018\/02\/\u00f1.jpg","contentUrl":"https:\/\/barcelona.euses.cat\/wp-content\/uploads\/2018\/02\/\u00f1.jpg","width":601,"height":400},{"@type":"BreadcrumbList","@id":"https:\/\/barcelona.euses.cat\/ca\/el-grau-en-fisioterapia-internacional-la-via-dacces-a-un-ampli-ventall-de-sortides-laborals\/#breadcrumb","itemListElement":[{"@type":"ListItem","position":1,"name":"Portada","item":"https:\/\/barcelona.euses.cat\/ca\/"},{"@type":"ListItem","position":2,"name":"El Grau en Fisioter\u00e0pia Internacional, la via d\u2019acc\u00e9s a un ampli ventall de sortides laborals"}]},{"@type":"WebSite","@id":"https:\/\/barcelona.euses.cat\/ca\/#website","url":"https:\/\/barcelona.euses.cat\/ca\/","name":"EUSES - Campus de Bellvitge (Barcelona)","description":"EUSES, Escola Universit\u00e0ria de Fisioter\u00e0pia Internacional a Barcelona","potentialAction":[{"@type":"SearchAction","target":{"@type":"EntryPoint","urlTemplate":"https:\/\/barcelona.euses.cat\/ca\/?s={search_term_string}"},"query-input":{"@type":"PropertyValueSpecification","valueRequired":true,"valueName":"search_term_string"}}],"inLanguage":"ca"},{"@type":"Person","@id":"https:\/\/barcelona.euses.cat\/ca\/#\/schema\/person\/c3074ca9d956eacf02e41e2ff78e53ab","name":"neorg","image":{"@type":"ImageObject","inLanguage":"ca","@id":"https:\/\/secure.gravatar.com\/avatar\/709d3d8015183afa7401c02e2291a538cbfd4ffe62f4d86ce5f4871f22e86b09?s=96&d=mm&r=g","url":"https:\/\/secure.gravatar.com\/avatar\/709d3d8015183afa7401c02e2291a538cbfd4ffe62f4d86ce5f4871f22e86b09?s=96&d=mm&r=g","contentUrl":"https:\/\/secure.gravatar.com\/avatar\/709d3d8015183afa7401c02e2291a538cbfd4ffe62f4d86ce5f4871f22e86b09?s=96&d=mm&r=g","caption":"neorg"},"url":"https:\/\/barcelona.euses.cat\/ca\/author\/neorg\/"}]}},"_links":{"self":[{"href":"https:\/\/barcelona.euses.cat\/ca\/wp-json\/wp\/v2\/posts\/5269","targetHints":{"allow":["GET"]}}],"collection":[{"href":"https:\/\/barcelona.euses.cat\/ca\/wp-json\/wp\/v2\/posts"}],"about":[{"href":"https:\/\/barcelona.euses.cat\/ca\/wp-json\/wp\/v2\/types\/post"}],"author":[{"embeddable":true,"href":"https:\/\/barcelona.euses.cat\/ca\/wp-json\/wp\/v2\/users\/1"}],"replies":[{"embeddable":true,"href":"https:\/\/barcelona.euses.cat\/ca\/wp-json\/wp\/v2\/comments?post=5269"}],"version-history":[{"count":0,"href":"https:\/\/barcelona.euses.cat\/ca\/wp-json\/wp\/v2\/posts\/5269\/revisions"}],"wp:featuredmedia":[{"embeddable":true,"href":"https:\/\/barcelona.euses.cat\/ca\/wp-json\/wp\/v2\/media\/5270"}],"wp:attachment":[{"href":"https:\/\/barcelona.euses.cat\/ca\/wp-json\/wp\/v2\/media?parent=5269"}],"wp:term":[{"taxonomy":"category","embeddable":true,"href":"https:\/\/barcelona.euses.cat\/ca\/wp-json\/wp\/v2\/categories?post=5269"},{"taxonomy":"post_tag","embeddable":true,"href":"https:\/\/barcelona.euses.cat\/ca\/wp-json\/wp\/v2\/tags?post=5269"}],"curies":[{"name":"wp","href":"https:\/\/api.w.org\/{rel}","templated":true}]}}