{"id":5268,"date":"2017-08-07T00:00:00","date_gmt":"2017-08-06T22:00:00","guid":{"rendered":"http:\/\/physiotherapybarcelona.net\/grau-en-fisioterapia-internacional-una-titulacio-integrament-en-angles-al-dia-dels-darrers-avencos-tecnologics\/"},"modified":"2017-08-07T00:00:00","modified_gmt":"2017-08-06T22:00:00","slug":"grau-en-fisioterapia-internacional-una-titulacio-integrament-en-angles-al-dia-dels-darrers-avencos-tecnologics","status":"publish","type":"post","link":"https:\/\/barcelona.euses.cat\/ca\/grau-en-fisioterapia-internacional-una-titulacio-integrament-en-angles-al-dia-dels-darrers-avencos-tecnologics\/","title":{"rendered":"Grau en Fisioter\u00e0pia Internacional: una titulaci\u00f3 \u00edntegrament en angl\u00e8s al dia dels darrers aven\u00e7os tecnol\u00f2gics"},"content":{"rendered":"<p style=\"text-align: justify;\">El <a href=\"https:\/\/goo.gl\/99HvaL\"><strong>Grau en Fisioter\u00e0pia Internacional<\/strong>, de <strong>l\u2019Escola de Noves Tecnologies Interactives (ENTI-UB)<\/strong> i de <strong>l\u2019Escola de la Salut i l\u2019Esport (EUSES-UdG)<\/strong><\/a> incideix en una formaci\u00f3 hol\u00edstica i de qualitat, orientada al m\u00f3n professional amb un doble valor afegit: l\u2019aplicaci\u00f3 de les <strong>noves tecnologies<\/strong> i la formaci\u00f3 espec\u00edfica en <strong>llengua anglesa<\/strong>. Aquest darrer aspecte et dotar\u00e0 d\u2019un perfil professional molt competitiu, que millorar\u00e0 el teu acc\u00e9s al mercat laboral.<\/p>\n<p style=\"text-align: justify;\">Precisament, el coneixement de les <strong>noves TIC<\/strong> \u00e9s un requisit imprescindible per esdevenir un bon <strong>fisioterapeuta<\/strong>. Gr\u00e0cies a la pres\u00e8ncia <strong>d\u2019ENTI-UB<\/strong> en aquest Grau, et nodrir\u00e0s de l\u2019experi\u00e8ncia d\u2019una formaci\u00f3 universit\u00e0ria <strong>pionera en noves tecnologies<\/strong>: desenvolupament d\u2019eines de valoraci\u00f3 des de la fisioter\u00e0pia; aplicaci\u00f3 de nous avan\u00e7os tecnol\u00f2gics; i fins i tot, la possibilitat de treballar en la creaci\u00f3 de noves aplicacions tecnol\u00f2giques com <strong>apps m\u00f2bils<\/strong> o software aplicat a la <strong>fisioter\u00e0pia<\/strong>.<\/p>\n<p style=\"text-align: justify;\">Per tant, al llarg d\u2019aquest Grau, coneixer\u00e0s a fons l\u2019anomenat <strong>e-health<\/strong> aplicat a l\u2019\u00e0mbit de la <strong>salut<\/strong>. Sens dubte, les <strong>noves tecnologies<\/strong> s\u00f3n essencials per convertir els sistemes de salut actuals en m\u00e9s eficients i sostenibles. En aquest sentit, el fisioterapeuta pot desenvolupar un paper clau; doncs, \u00e9s el m\u00e9s professional m\u00e9s apte per afegir qualitat al servei assistencial i crear nous recursos.<\/p>\n<p style=\"text-align: justify;\">Durant aquests estudis, tamb\u00e9 comptar\u00e0s amb un <strong>professorat expert<\/strong>, procedent de <strong>prestigioses universitats internacionals<\/strong>, amb \u00e0mplies habilitats pedag\u00f2giques i una dilatada experi\u00e8ncia professional. A m\u00e9s, la majoria dels docents s\u00f3n <strong>Doctorats<\/strong> i especialistes en el seu camp, amb el doble <strong>perfil d\u2019acad\u00e8mic-investigador<\/strong> i de <strong>professional en actiu<\/strong>. Per tant, aporten la seva experi\u00e8ncia di\u00e0ria, la qual cosa, permet actualitzar constantment els continguts i metodologies emprades, incorporant una <strong>visi\u00f3<\/strong> m\u00e9s completa i <strong>global<\/strong> de la <strong>fisioter\u00e0pia<\/strong>, des de la perspectiva de diferents pa\u00efsos d\u2019arreu del m\u00f3n.<\/p>\n<p style=\"text-align: justify;\">Finalment, altre aspecte molt positiu d\u2019aquest Grau \u00e9s el seu <strong>enfocament te\u00f2ric-pr\u00e0ctic<\/strong>. Des d\u2019un primer moment, tindr\u00e0s l\u2019oportunitat d\u2019implementar els coneixements te\u00f2rics; doncs, aquesta titulaci\u00f3 disposa de m\u00e9s de <strong>1000 convenis de pr\u00e0ctiques<\/strong> a l\u2019any en centres distribu\u00efts per tota <strong>Catalunya i Fran\u00e7a<\/strong>. D\u2019altra banda, tamb\u00e9 cal destacar que podr\u00e0s\u00a0 accedir a m\u00faltiples programes d\u2019intercanvi internacional, aix\u00ed com, a la posterior ampliaci\u00f3 i continuaci\u00f3 d\u2019estudis de postgrau a altres pa\u00efsos.<\/p>\n<p style=\"text-align: justify;\">Coneix els darrers <strong>avan\u00e7os tecnol\u00f2gics<\/strong> aplicats a la fisioter\u00e0pia, estudiant \u00edntegrament en <strong>angl\u00e8s<\/strong> amb el <a href=\"https:\/\/goo.gl\/99HvaL\"><strong>Grau en Fisioter\u00e0pia Internacional<\/strong><\/a>.<\/p>\n","protected":false},"excerpt":{"rendered":"<p>El Grau en Fisioter\u00e0pia Internacional, de l\u2019Escola de Noves Tecnologies Interactives (ENTI-UB) i de l\u2019Escola de la Salut i l\u2019Esport (EUSES-UdG) incideix en una formaci\u00f3 hol\u00edstica i de qualitat, orientada al m\u00f3n professional amb un doble valor afegit: l\u2019aplicaci\u00f3 de les noves tecnologies i la formaci\u00f3 espec\u00edfica en llengua anglesa. Aquest darrer aspecte et dotar\u00e0 [&hellip;]<\/p>\n","protected":false},"author":1,"featured_media":5253,"comment_status":"closed","ping_status":"closed","sticky":false,"template":"","format":"standard","meta":{"_acf_changed":false,"inline_featured_image":false,"_joinchat":[],"footnotes":""},"categories":[54],"tags":[45],"class_list":["post-5268","post","type-post","status-publish","format-standard","has-post-thumbnail","hentry","category-uncategorized-ca","tag-catala"],"acf":[],"yoast_head":"<!-- This site is optimized with the Yoast SEO plugin v27.4 - https:\/\/yoast.com\/product\/yoast-seo-wordpress\/ -->\n<title>Grau en Fisioter\u00e0pia Internacional: una titulaci\u00f3 \u00edntegrament en angl\u00e8s al dia dels darrers aven\u00e7os tecnol\u00f2gics | EUSES- Campus de Bellvitge (Barcelona)<\/title>\n<meta name=\"robots\" content=\"index, follow, max-snippet:-1, max-image-preview:large, max-video-preview:-1\" \/>\n<link rel=\"canonical\" href=\"https:\/\/barcelona.euses.cat\/ca\/grau-en-fisioterapia-internacional-una-titulacio-integrament-en-angles-al-dia-dels-darrers-avencos-tecnologics\/\" \/>\n<meta property=\"og:locale\" content=\"ca_ES\" \/>\n<meta property=\"og:type\" content=\"article\" \/>\n<meta property=\"og:title\" content=\"Grau en Fisioter\u00e0pia Internacional: una titulaci\u00f3 \u00edntegrament en angl\u00e8s al dia dels darrers aven\u00e7os tecnol\u00f2gics | EUSES- Campus de Bellvitge (Barcelona)\" \/>\n<meta property=\"og:description\" content=\"El Grau en Fisioter\u00e0pia Internacional, de l\u2019Escola de Noves Tecnologies Interactives (ENTI-UB) i de l\u2019Escola de la Salut i l\u2019Esport (EUSES-UdG) incideix en una formaci\u00f3 hol\u00edstica i de qualitat, orientada al m\u00f3n professional amb un doble valor afegit: l\u2019aplicaci\u00f3 de les noves tecnologies i la formaci\u00f3 espec\u00edfica en llengua anglesa. Aquest darrer aspecte et dotar\u00e0 [&hellip;]\" \/>\n<meta property=\"og:url\" content=\"https:\/\/barcelona.euses.cat\/ca\/grau-en-fisioterapia-internacional-una-titulacio-integrament-en-angles-al-dia-dels-darrers-avencos-tecnologics\/\" \/>\n<meta property=\"og:site_name\" content=\"EUSES- Campus de Bellvitge (Barcelona)\" \/>\n<meta property=\"article:publisher\" content=\"https:\/\/www.facebook.com\/PhysioBCN\/\" \/>\n<meta property=\"article:published_time\" content=\"2017-08-06T22:00:00+00:00\" \/>\n<meta property=\"og:image\" content=\"https:\/\/barcelona.euses.cat\/wp-content\/uploads\/2018\/02\/k.jpg\" \/>\n\t<meta property=\"og:image:width\" content=\"549\" \/>\n\t<meta property=\"og:image:height\" content=\"411\" \/>\n\t<meta property=\"og:image:type\" content=\"image\/jpeg\" \/>\n<meta name=\"author\" content=\"neorg\" \/>\n<meta name=\"twitter:card\" content=\"summary_large_image\" \/>\n<meta name=\"twitter:label1\" content=\"Escrit per\" \/>\n\t<meta name=\"twitter:data1\" content=\"neorg\" \/>\n\t<meta name=\"twitter:label2\" content=\"Temps estimat de lectura\" \/>\n\t<meta name=\"twitter:data2\" content=\"2 minuts\" \/>\n<script type=\"application\/ld+json\" class=\"yoast-schema-graph\">{\"@context\":\"https:\\\/\\\/schema.org\",\"@graph\":[{\"@type\":\"Article\",\"@id\":\"https:\\\/\\\/barcelona.euses.cat\\\/ca\\\/grau-en-fisioterapia-internacional-una-titulacio-integrament-en-angles-al-dia-dels-darrers-avencos-tecnologics\\\/#article\",\"isPartOf\":{\"@id\":\"https:\\\/\\\/barcelona.euses.cat\\\/ca\\\/grau-en-fisioterapia-internacional-una-titulacio-integrament-en-angles-al-dia-dels-darrers-avencos-tecnologics\\\/\"},\"author\":{\"name\":\"neorg\",\"@id\":\"https:\\\/\\\/barcelona.euses.cat\\\/ca\\\/#\\\/schema\\\/person\\\/c3074ca9d956eacf02e41e2ff78e53ab\"},\"headline\":\"Grau en Fisioter\u00e0pia Internacional: una titulaci\u00f3 \u00edntegrament en angl\u00e8s al dia dels darrers aven\u00e7os tecnol\u00f2gics\",\"datePublished\":\"2017-08-06T22:00:00+00:00\",\"mainEntityOfPage\":{\"@id\":\"https:\\\/\\\/barcelona.euses.cat\\\/ca\\\/grau-en-fisioterapia-internacional-una-titulacio-integrament-en-angles-al-dia-dels-darrers-avencos-tecnologics\\\/\"},\"wordCount\":466,\"image\":{\"@id\":\"https:\\\/\\\/barcelona.euses.cat\\\/ca\\\/grau-en-fisioterapia-internacional-una-titulacio-integrament-en-angles-al-dia-dels-darrers-avencos-tecnologics\\\/#primaryimage\"},\"thumbnailUrl\":\"https:\\\/\\\/barcelona.euses.cat\\\/wp-content\\\/uploads\\\/2018\\\/02\\\/k.jpg\",\"keywords\":[\"Catal\u00e0\"],\"articleSection\":[\"Uncategorized @ca\"],\"inLanguage\":\"ca\"},{\"@type\":\"WebPage\",\"@id\":\"https:\\\/\\\/barcelona.euses.cat\\\/ca\\\/grau-en-fisioterapia-internacional-una-titulacio-integrament-en-angles-al-dia-dels-darrers-avencos-tecnologics\\\/\",\"url\":\"https:\\\/\\\/barcelona.euses.cat\\\/ca\\\/grau-en-fisioterapia-internacional-una-titulacio-integrament-en-angles-al-dia-dels-darrers-avencos-tecnologics\\\/\",\"name\":\"Grau en Fisioter\u00e0pia Internacional: una titulaci\u00f3 \u00edntegrament en angl\u00e8s al dia dels darrers aven\u00e7os tecnol\u00f2gics | EUSES- Campus de Bellvitge (Barcelona)\",\"isPartOf\":{\"@id\":\"https:\\\/\\\/barcelona.euses.cat\\\/ca\\\/#website\"},\"primaryImageOfPage\":{\"@id\":\"https:\\\/\\\/barcelona.euses.cat\\\/ca\\\/grau-en-fisioterapia-internacional-una-titulacio-integrament-en-angles-al-dia-dels-darrers-avencos-tecnologics\\\/#primaryimage\"},\"image\":{\"@id\":\"https:\\\/\\\/barcelona.euses.cat\\\/ca\\\/grau-en-fisioterapia-internacional-una-titulacio-integrament-en-angles-al-dia-dels-darrers-avencos-tecnologics\\\/#primaryimage\"},\"thumbnailUrl\":\"https:\\\/\\\/barcelona.euses.cat\\\/wp-content\\\/uploads\\\/2018\\\/02\\\/k.jpg\",\"datePublished\":\"2017-08-06T22:00:00+00:00\",\"author\":{\"@id\":\"https:\\\/\\\/barcelona.euses.cat\\\/ca\\\/#\\\/schema\\\/person\\\/c3074ca9d956eacf02e41e2ff78e53ab\"},\"breadcrumb\":{\"@id\":\"https:\\\/\\\/barcelona.euses.cat\\\/ca\\\/grau-en-fisioterapia-internacional-una-titulacio-integrament-en-angles-al-dia-dels-darrers-avencos-tecnologics\\\/#breadcrumb\"},\"inLanguage\":\"ca\",\"potentialAction\":[{\"@type\":\"ReadAction\",\"target\":[\"https:\\\/\\\/barcelona.euses.cat\\\/ca\\\/grau-en-fisioterapia-internacional-una-titulacio-integrament-en-angles-al-dia-dels-darrers-avencos-tecnologics\\\/\"]}]},{\"@type\":\"ImageObject\",\"inLanguage\":\"ca\",\"@id\":\"https:\\\/\\\/barcelona.euses.cat\\\/ca\\\/grau-en-fisioterapia-internacional-una-titulacio-integrament-en-angles-al-dia-dels-darrers-avencos-tecnologics\\\/#primaryimage\",\"url\":\"https:\\\/\\\/barcelona.euses.cat\\\/wp-content\\\/uploads\\\/2018\\\/02\\\/k.jpg\",\"contentUrl\":\"https:\\\/\\\/barcelona.euses.cat\\\/wp-content\\\/uploads\\\/2018\\\/02\\\/k.jpg\",\"width\":549,\"height\":411},{\"@type\":\"BreadcrumbList\",\"@id\":\"https:\\\/\\\/barcelona.euses.cat\\\/ca\\\/grau-en-fisioterapia-internacional-una-titulacio-integrament-en-angles-al-dia-dels-darrers-avencos-tecnologics\\\/#breadcrumb\",\"itemListElement\":[{\"@type\":\"ListItem\",\"position\":1,\"name\":\"Portada\",\"item\":\"https:\\\/\\\/barcelona.euses.cat\\\/ca\\\/\"},{\"@type\":\"ListItem\",\"position\":2,\"name\":\"Grau en Fisioter\u00e0pia Internacional: una titulaci\u00f3 \u00edntegrament en angl\u00e8s al dia dels darrers aven\u00e7os tecnol\u00f2gics\"}]},{\"@type\":\"WebSite\",\"@id\":\"https:\\\/\\\/barcelona.euses.cat\\\/ca\\\/#website\",\"url\":\"https:\\\/\\\/barcelona.euses.cat\\\/ca\\\/\",\"name\":\"EUSES - Campus de Bellvitge (Barcelona)\",\"description\":\"EUSES, Escola Universit\u00e0ria de Fisioter\u00e0pia Internacional a Barcelona\",\"potentialAction\":[{\"@type\":\"SearchAction\",\"target\":{\"@type\":\"EntryPoint\",\"urlTemplate\":\"https:\\\/\\\/barcelona.euses.cat\\\/ca\\\/?s={search_term_string}\"},\"query-input\":{\"@type\":\"PropertyValueSpecification\",\"valueRequired\":true,\"valueName\":\"search_term_string\"}}],\"inLanguage\":\"ca\"},{\"@type\":\"Person\",\"@id\":\"https:\\\/\\\/barcelona.euses.cat\\\/ca\\\/#\\\/schema\\\/person\\\/c3074ca9d956eacf02e41e2ff78e53ab\",\"name\":\"neorg\",\"image\":{\"@type\":\"ImageObject\",\"inLanguage\":\"ca\",\"@id\":\"https:\\\/\\\/secure.gravatar.com\\\/avatar\\\/709d3d8015183afa7401c02e2291a538cbfd4ffe62f4d86ce5f4871f22e86b09?s=96&d=mm&r=g\",\"url\":\"https:\\\/\\\/secure.gravatar.com\\\/avatar\\\/709d3d8015183afa7401c02e2291a538cbfd4ffe62f4d86ce5f4871f22e86b09?s=96&d=mm&r=g\",\"contentUrl\":\"https:\\\/\\\/secure.gravatar.com\\\/avatar\\\/709d3d8015183afa7401c02e2291a538cbfd4ffe62f4d86ce5f4871f22e86b09?s=96&d=mm&r=g\",\"caption\":\"neorg\"},\"url\":\"https:\\\/\\\/barcelona.euses.cat\\\/ca\\\/author\\\/neorg\\\/\"}]}<\/script>\n<!-- \/ Yoast SEO plugin. -->","yoast_head_json":{"title":"Grau en Fisioter\u00e0pia Internacional: una titulaci\u00f3 \u00edntegrament en angl\u00e8s al dia dels darrers aven\u00e7os tecnol\u00f2gics | EUSES- Campus de Bellvitge (Barcelona)","robots":{"index":"index","follow":"follow","max-snippet":"max-snippet:-1","max-image-preview":"max-image-preview:large","max-video-preview":"max-video-preview:-1"},"canonical":"https:\/\/barcelona.euses.cat\/ca\/grau-en-fisioterapia-internacional-una-titulacio-integrament-en-angles-al-dia-dels-darrers-avencos-tecnologics\/","og_locale":"ca_ES","og_type":"article","og_title":"Grau en Fisioter\u00e0pia Internacional: una titulaci\u00f3 \u00edntegrament en angl\u00e8s al dia dels darrers aven\u00e7os tecnol\u00f2gics | EUSES- Campus de Bellvitge (Barcelona)","og_description":"El Grau en Fisioter\u00e0pia Internacional, de l\u2019Escola de Noves Tecnologies Interactives (ENTI-UB) i de l\u2019Escola de la Salut i l\u2019Esport (EUSES-UdG) incideix en una formaci\u00f3 hol\u00edstica i de qualitat, orientada al m\u00f3n professional amb un doble valor afegit: l\u2019aplicaci\u00f3 de les noves tecnologies i la formaci\u00f3 espec\u00edfica en llengua anglesa. Aquest darrer aspecte et dotar\u00e0 [&hellip;]","og_url":"https:\/\/barcelona.euses.cat\/ca\/grau-en-fisioterapia-internacional-una-titulacio-integrament-en-angles-al-dia-dels-darrers-avencos-tecnologics\/","og_site_name":"EUSES- Campus de Bellvitge (Barcelona)","article_publisher":"https:\/\/www.facebook.com\/PhysioBCN\/","article_published_time":"2017-08-06T22:00:00+00:00","og_image":[{"width":549,"height":411,"url":"https:\/\/barcelona.euses.cat\/wp-content\/uploads\/2018\/02\/k.jpg","type":"image\/jpeg"}],"author":"neorg","twitter_card":"summary_large_image","twitter_misc":{"Escrit per":"neorg","Temps estimat de lectura":"2 minuts"},"schema":{"@context":"https:\/\/schema.org","@graph":[{"@type":"Article","@id":"https:\/\/barcelona.euses.cat\/ca\/grau-en-fisioterapia-internacional-una-titulacio-integrament-en-angles-al-dia-dels-darrers-avencos-tecnologics\/#article","isPartOf":{"@id":"https:\/\/barcelona.euses.cat\/ca\/grau-en-fisioterapia-internacional-una-titulacio-integrament-en-angles-al-dia-dels-darrers-avencos-tecnologics\/"},"author":{"name":"neorg","@id":"https:\/\/barcelona.euses.cat\/ca\/#\/schema\/person\/c3074ca9d956eacf02e41e2ff78e53ab"},"headline":"Grau en Fisioter\u00e0pia Internacional: una titulaci\u00f3 \u00edntegrament en angl\u00e8s al dia dels darrers aven\u00e7os tecnol\u00f2gics","datePublished":"2017-08-06T22:00:00+00:00","mainEntityOfPage":{"@id":"https:\/\/barcelona.euses.cat\/ca\/grau-en-fisioterapia-internacional-una-titulacio-integrament-en-angles-al-dia-dels-darrers-avencos-tecnologics\/"},"wordCount":466,"image":{"@id":"https:\/\/barcelona.euses.cat\/ca\/grau-en-fisioterapia-internacional-una-titulacio-integrament-en-angles-al-dia-dels-darrers-avencos-tecnologics\/#primaryimage"},"thumbnailUrl":"https:\/\/barcelona.euses.cat\/wp-content\/uploads\/2018\/02\/k.jpg","keywords":["Catal\u00e0"],"articleSection":["Uncategorized @ca"],"inLanguage":"ca"},{"@type":"WebPage","@id":"https:\/\/barcelona.euses.cat\/ca\/grau-en-fisioterapia-internacional-una-titulacio-integrament-en-angles-al-dia-dels-darrers-avencos-tecnologics\/","url":"https:\/\/barcelona.euses.cat\/ca\/grau-en-fisioterapia-internacional-una-titulacio-integrament-en-angles-al-dia-dels-darrers-avencos-tecnologics\/","name":"Grau en Fisioter\u00e0pia Internacional: una titulaci\u00f3 \u00edntegrament en angl\u00e8s al dia dels darrers aven\u00e7os tecnol\u00f2gics | EUSES- Campus de Bellvitge (Barcelona)","isPartOf":{"@id":"https:\/\/barcelona.euses.cat\/ca\/#website"},"primaryImageOfPage":{"@id":"https:\/\/barcelona.euses.cat\/ca\/grau-en-fisioterapia-internacional-una-titulacio-integrament-en-angles-al-dia-dels-darrers-avencos-tecnologics\/#primaryimage"},"image":{"@id":"https:\/\/barcelona.euses.cat\/ca\/grau-en-fisioterapia-internacional-una-titulacio-integrament-en-angles-al-dia-dels-darrers-avencos-tecnologics\/#primaryimage"},"thumbnailUrl":"https:\/\/barcelona.euses.cat\/wp-content\/uploads\/2018\/02\/k.jpg","datePublished":"2017-08-06T22:00:00+00:00","author":{"@id":"https:\/\/barcelona.euses.cat\/ca\/#\/schema\/person\/c3074ca9d956eacf02e41e2ff78e53ab"},"breadcrumb":{"@id":"https:\/\/barcelona.euses.cat\/ca\/grau-en-fisioterapia-internacional-una-titulacio-integrament-en-angles-al-dia-dels-darrers-avencos-tecnologics\/#breadcrumb"},"inLanguage":"ca","potentialAction":[{"@type":"ReadAction","target":["https:\/\/barcelona.euses.cat\/ca\/grau-en-fisioterapia-internacional-una-titulacio-integrament-en-angles-al-dia-dels-darrers-avencos-tecnologics\/"]}]},{"@type":"ImageObject","inLanguage":"ca","@id":"https:\/\/barcelona.euses.cat\/ca\/grau-en-fisioterapia-internacional-una-titulacio-integrament-en-angles-al-dia-dels-darrers-avencos-tecnologics\/#primaryimage","url":"https:\/\/barcelona.euses.cat\/wp-content\/uploads\/2018\/02\/k.jpg","contentUrl":"https:\/\/barcelona.euses.cat\/wp-content\/uploads\/2018\/02\/k.jpg","width":549,"height":411},{"@type":"BreadcrumbList","@id":"https:\/\/barcelona.euses.cat\/ca\/grau-en-fisioterapia-internacional-una-titulacio-integrament-en-angles-al-dia-dels-darrers-avencos-tecnologics\/#breadcrumb","itemListElement":[{"@type":"ListItem","position":1,"name":"Portada","item":"https:\/\/barcelona.euses.cat\/ca\/"},{"@type":"ListItem","position":2,"name":"Grau en Fisioter\u00e0pia Internacional: una titulaci\u00f3 \u00edntegrament en angl\u00e8s al dia dels darrers aven\u00e7os tecnol\u00f2gics"}]},{"@type":"WebSite","@id":"https:\/\/barcelona.euses.cat\/ca\/#website","url":"https:\/\/barcelona.euses.cat\/ca\/","name":"EUSES - Campus de Bellvitge (Barcelona)","description":"EUSES, Escola Universit\u00e0ria de Fisioter\u00e0pia Internacional a Barcelona","potentialAction":[{"@type":"SearchAction","target":{"@type":"EntryPoint","urlTemplate":"https:\/\/barcelona.euses.cat\/ca\/?s={search_term_string}"},"query-input":{"@type":"PropertyValueSpecification","valueRequired":true,"valueName":"search_term_string"}}],"inLanguage":"ca"},{"@type":"Person","@id":"https:\/\/barcelona.euses.cat\/ca\/#\/schema\/person\/c3074ca9d956eacf02e41e2ff78e53ab","name":"neorg","image":{"@type":"ImageObject","inLanguage":"ca","@id":"https:\/\/secure.gravatar.com\/avatar\/709d3d8015183afa7401c02e2291a538cbfd4ffe62f4d86ce5f4871f22e86b09?s=96&d=mm&r=g","url":"https:\/\/secure.gravatar.com\/avatar\/709d3d8015183afa7401c02e2291a538cbfd4ffe62f4d86ce5f4871f22e86b09?s=96&d=mm&r=g","contentUrl":"https:\/\/secure.gravatar.com\/avatar\/709d3d8015183afa7401c02e2291a538cbfd4ffe62f4d86ce5f4871f22e86b09?s=96&d=mm&r=g","caption":"neorg"},"url":"https:\/\/barcelona.euses.cat\/ca\/author\/neorg\/"}]}},"_links":{"self":[{"href":"https:\/\/barcelona.euses.cat\/ca\/wp-json\/wp\/v2\/posts\/5268","targetHints":{"allow":["GET"]}}],"collection":[{"href":"https:\/\/barcelona.euses.cat\/ca\/wp-json\/wp\/v2\/posts"}],"about":[{"href":"https:\/\/barcelona.euses.cat\/ca\/wp-json\/wp\/v2\/types\/post"}],"author":[{"embeddable":true,"href":"https:\/\/barcelona.euses.cat\/ca\/wp-json\/wp\/v2\/users\/1"}],"replies":[{"embeddable":true,"href":"https:\/\/barcelona.euses.cat\/ca\/wp-json\/wp\/v2\/comments?post=5268"}],"version-history":[{"count":0,"href":"https:\/\/barcelona.euses.cat\/ca\/wp-json\/wp\/v2\/posts\/5268\/revisions"}],"wp:featuredmedia":[{"embeddable":true,"href":"https:\/\/barcelona.euses.cat\/ca\/wp-json\/wp\/v2\/media\/5253"}],"wp:attachment":[{"href":"https:\/\/barcelona.euses.cat\/ca\/wp-json\/wp\/v2\/media?parent=5268"}],"wp:term":[{"taxonomy":"category","embeddable":true,"href":"https:\/\/barcelona.euses.cat\/ca\/wp-json\/wp\/v2\/categories?post=5268"},{"taxonomy":"post_tag","embeddable":true,"href":"https:\/\/barcelona.euses.cat\/ca\/wp-json\/wp\/v2\/tags?post=5268"}],"curies":[{"name":"wp","href":"https:\/\/api.w.org\/{rel}","templated":true}]}}