{"id":5262,"date":"2017-08-21T00:00:00","date_gmt":"2017-08-20T22:00:00","guid":{"rendered":"http:\/\/physiotherapybarcelona.net\/el-grau-en-fisioterapia-internacional-facilita-la-teva-insercio-al-mercat-laboral-internacional\/"},"modified":"2017-08-21T00:00:00","modified_gmt":"2017-08-20T22:00:00","slug":"el-grau-en-fisioterapia-internacional-facilita-la-teva-insercio-al-mercat-laboral-internacional","status":"publish","type":"post","link":"https:\/\/barcelona.euses.cat\/ca\/el-grau-en-fisioterapia-internacional-facilita-la-teva-insercio-al-mercat-laboral-internacional\/","title":{"rendered":"El Grau en Fisioter\u00e0pia Internacional facilita la teva inserci\u00f3 al mercat laboral internacional"},"content":{"rendered":"<p style=\"text-align: justify;\">Un <strong>professorat<\/strong> amb perfil internacional, un <strong>enfocament<\/strong> <strong>global<\/strong> i un itinerari formatiu \u00edntegrament en <strong>angl\u00e8s<\/strong> s\u00f3n tres de les caracter\u00edstiques del <a href=\"https:\/\/goo.gl\/RDBGge\"><strong>Grau en Fisioter\u00e0pia Internacional<\/strong><\/a> que esdevenen clau per millorar el teu acc\u00e9s al <strong>mercat laboral internacional<\/strong>.<\/p>\n<p style=\"text-align: justify;\">Durant el <strong>Grau en Fisioter\u00e0pia Internacional<\/strong>, et formar\u00e0s amb un <strong>equip docent expert<\/strong>, procedent de prestigioses universitats internacionals: Austr\u00e0lia, Regne Unit i Alemanya. Per tant, aprendr\u00e0s a aplicar els darrers <strong>aven\u00e7os tecnol\u00f2gics de l\u2019e-health<\/strong> al camp de la <strong>fisioter\u00e0pia<\/strong>, incloent-hi totes les noves tend\u00e8ncies tecnol\u00f2giques com els <strong>Serious Games <\/strong>o <strong>noves apps <\/strong>aplicades a la salut. Sens dubte, con\u00e8ixer les eines de la <strong>salut 2.0<\/strong> aplicades a l\u2019\u00e0mbit sanitari, et dotar\u00e0 dels coneixements necessaris per ser capa\u00e7 de crear <strong>nous recursos<\/strong> o aplicacions tecnol\u00f2giques com: apps m\u00f2bils, software o modelatge tridimensional.<\/p>\n<p style=\"text-align: justify;\">Aix\u00ed doncs, de la m\u00e0 d\u2019un <strong>professorat<\/strong> amb una \u00e0mplia vocaci\u00f3 per la doc\u00e8ncia i experi\u00e8ncia internacional, assolir\u00e0s una <strong>visi\u00f3 global<\/strong> de la praxi del <strong>fisioterapeuta<\/strong>, aprenent els diferents tipus de valoraci\u00f3, <strong>diagn\u00f2stic o disseny de tractaments<\/strong> que s\u2019implementen arreu <strong>d\u2019Europa<\/strong> i en l\u2019\u00e0mbit internacional. Tamb\u00e9, responent a la vocaci\u00f3 internacional d\u2019aquests estudis, cal dir que tindr\u00e0s acc\u00e9s a m\u00faltiples <strong>programes d\u2019intercanvi internacional<\/strong>. \u00c9s a dir, gr\u00e0cies als programes <strong>ERASMUS<\/strong> podr\u00e0s realitzar els teus estudis a <strong>universitats de prestigi internacional<\/strong>, ampliant la teva xarxa de networking i construint enriquidores relacions amb persones del teu entorn acad\u00e8mic. Aquest darrer aspecte, segurament, facilitar\u00e0 la teva futura inserci\u00f3 laboral al mercat laboral global.<\/p>\n<p style=\"text-align: justify;\">Finalment, cal dir que el <strong>Grau en Fisioter\u00e0pia Internacional<\/strong> \u00e9s la primera titulaci\u00f3 universit\u00e0ria completament en <strong>angl\u00e8s<\/strong>. Un idioma imprescindible tant en l\u2019\u00e0mbit acad\u00e8mic com laboral. En l\u2019\u00e0mbit divulgatiu, o cient\u00edfic, les publicacions en <strong>angl\u00e8s<\/strong> s\u00f3n les que obtenen un major nombre de cites i un major impacte en comparaci\u00f3 amb qualsevol altre idioma. D\u2019altra banda en l\u2019esfera professional, el domini d\u2019aquest idioma et garanteix m\u00e9s i millors oportunitats laborals, aix\u00ed com, la internacionalitzaci\u00f3 del teu curr\u00edculum.<\/p>\n<p style=\"text-align: justify;\">En definitiva, la combinaci\u00f3 entre <strong>qualitat docent, visi\u00f3 global<\/strong>, un itinerari formatiu en llengua <strong>angl\u00e8s<\/strong> i el valor afegit d\u2019incorporar les <strong>noves TIC<\/strong> al camp de la <strong>salut<\/strong>, et permetran exercir la professi\u00f3 de <strong>fisioterapeuta<\/strong> des de tots els vessants: la doc\u00e8ncia; la recerca i investigaci\u00f3 cient\u00edfica; en el sector m\u00e8dic i \u00e0mbit sanitari; en l\u2019\u00e0rea esportiva -en temes de rehabilitaci\u00f3 o readaptaci\u00f3- i en la gesti\u00f3 del teu propi centre de fisioter\u00e0pia i salut, arreu del m\u00f3n.<\/p>\n<p style=\"text-align: justify;\">\n<p style=\"text-align: justify;\">Aposta pel teu futur i estudia el <a href=\"https:\/\/goo.gl\/RDBGge\"><strong>Grau en Fisioter\u00e0pia Internacional<\/strong><\/a><strong>,<\/strong> l\u2019\u00fanica titulaci\u00f3 que amplia els teus <strong>horitzons professionals<\/strong>.<\/p>\n","protected":false},"excerpt":{"rendered":"<p>Un professorat amb perfil internacional, un enfocament global i un itinerari formatiu \u00edntegrament en angl\u00e8s s\u00f3n tres de les caracter\u00edstiques del Grau en Fisioter\u00e0pia Internacional que esdevenen clau per millorar el teu acc\u00e9s al mercat laboral internacional. Durant el Grau en Fisioter\u00e0pia Internacional, et formar\u00e0s amb un equip docent expert, procedent de prestigioses universitats internacionals: [&hellip;]<\/p>\n","protected":false},"author":1,"featured_media":5215,"comment_status":"closed","ping_status":"closed","sticky":false,"template":"","format":"standard","meta":{"_acf_changed":false,"inline_featured_image":false,"_joinchat":[],"footnotes":""},"categories":[54],"tags":[45],"class_list":["post-5262","post","type-post","status-publish","format-standard","has-post-thumbnail","hentry","category-uncategorized-ca","tag-catala"],"acf":[],"yoast_head":"<!-- This site is optimized with the Yoast SEO plugin v27.4 - https:\/\/yoast.com\/product\/yoast-seo-wordpress\/ -->\n<title>El Grau en Fisioter\u00e0pia Internacional facilita la teva inserci\u00f3 al mercat laboral internacional | EUSES- Campus de Bellvitge (Barcelona)<\/title>\n<meta name=\"robots\" content=\"index, follow, max-snippet:-1, max-image-preview:large, max-video-preview:-1\" \/>\n<link rel=\"canonical\" href=\"https:\/\/barcelona.euses.cat\/ca\/el-grau-en-fisioterapia-internacional-facilita-la-teva-insercio-al-mercat-laboral-internacional\/\" \/>\n<meta property=\"og:locale\" content=\"ca_ES\" \/>\n<meta property=\"og:type\" content=\"article\" \/>\n<meta property=\"og:title\" content=\"El Grau en Fisioter\u00e0pia Internacional facilita la teva inserci\u00f3 al mercat laboral internacional | EUSES- Campus de Bellvitge (Barcelona)\" \/>\n<meta property=\"og:description\" content=\"Un professorat amb perfil internacional, un enfocament global i un itinerari formatiu \u00edntegrament en angl\u00e8s s\u00f3n tres de les caracter\u00edstiques del Grau en Fisioter\u00e0pia Internacional que esdevenen clau per millorar el teu acc\u00e9s al mercat laboral internacional. Durant el Grau en Fisioter\u00e0pia Internacional, et formar\u00e0s amb un equip docent expert, procedent de prestigioses universitats internacionals: [&hellip;]\" \/>\n<meta property=\"og:url\" content=\"https:\/\/barcelona.euses.cat\/ca\/el-grau-en-fisioterapia-internacional-facilita-la-teva-insercio-al-mercat-laboral-internacional\/\" \/>\n<meta property=\"og:site_name\" content=\"EUSES- Campus de Bellvitge (Barcelona)\" \/>\n<meta property=\"article:publisher\" content=\"https:\/\/www.facebook.com\/PhysioBCN\/\" \/>\n<meta property=\"article:published_time\" content=\"2017-08-20T22:00:00+00:00\" \/>\n<meta property=\"og:image\" content=\"https:\/\/barcelona.euses.cat\/wp-content\/uploads\/2018\/02\/l.jpg\" \/>\n\t<meta property=\"og:image:width\" content=\"590\" \/>\n\t<meta property=\"og:image:height\" content=\"355\" \/>\n\t<meta property=\"og:image:type\" content=\"image\/jpeg\" \/>\n<meta name=\"author\" content=\"neorg\" \/>\n<meta name=\"twitter:card\" content=\"summary_large_image\" \/>\n<meta name=\"twitter:label1\" content=\"Escrit per\" \/>\n\t<meta name=\"twitter:data1\" content=\"neorg\" \/>\n\t<meta name=\"twitter:label2\" content=\"Temps estimat de lectura\" \/>\n\t<meta name=\"twitter:data2\" content=\"2 minuts\" \/>\n<script type=\"application\/ld+json\" class=\"yoast-schema-graph\">{\"@context\":\"https:\\\/\\\/schema.org\",\"@graph\":[{\"@type\":\"Article\",\"@id\":\"https:\\\/\\\/barcelona.euses.cat\\\/ca\\\/el-grau-en-fisioterapia-internacional-facilita-la-teva-insercio-al-mercat-laboral-internacional\\\/#article\",\"isPartOf\":{\"@id\":\"https:\\\/\\\/barcelona.euses.cat\\\/ca\\\/el-grau-en-fisioterapia-internacional-facilita-la-teva-insercio-al-mercat-laboral-internacional\\\/\"},\"author\":{\"name\":\"neorg\",\"@id\":\"https:\\\/\\\/barcelona.euses.cat\\\/ca\\\/#\\\/schema\\\/person\\\/c3074ca9d956eacf02e41e2ff78e53ab\"},\"headline\":\"El Grau en Fisioter\u00e0pia Internacional facilita la teva inserci\u00f3 al mercat laboral internacional\",\"datePublished\":\"2017-08-20T22:00:00+00:00\",\"mainEntityOfPage\":{\"@id\":\"https:\\\/\\\/barcelona.euses.cat\\\/ca\\\/el-grau-en-fisioterapia-internacional-facilita-la-teva-insercio-al-mercat-laboral-internacional\\\/\"},\"wordCount\":485,\"image\":{\"@id\":\"https:\\\/\\\/barcelona.euses.cat\\\/ca\\\/el-grau-en-fisioterapia-internacional-facilita-la-teva-insercio-al-mercat-laboral-internacional\\\/#primaryimage\"},\"thumbnailUrl\":\"https:\\\/\\\/barcelona.euses.cat\\\/wp-content\\\/uploads\\\/2018\\\/02\\\/l.jpg\",\"keywords\":[\"Catal\u00e0\"],\"articleSection\":[\"Uncategorized @ca\"],\"inLanguage\":\"ca\"},{\"@type\":\"WebPage\",\"@id\":\"https:\\\/\\\/barcelona.euses.cat\\\/ca\\\/el-grau-en-fisioterapia-internacional-facilita-la-teva-insercio-al-mercat-laboral-internacional\\\/\",\"url\":\"https:\\\/\\\/barcelona.euses.cat\\\/ca\\\/el-grau-en-fisioterapia-internacional-facilita-la-teva-insercio-al-mercat-laboral-internacional\\\/\",\"name\":\"El Grau en Fisioter\u00e0pia Internacional facilita la teva inserci\u00f3 al mercat laboral internacional | EUSES- Campus de Bellvitge (Barcelona)\",\"isPartOf\":{\"@id\":\"https:\\\/\\\/barcelona.euses.cat\\\/ca\\\/#website\"},\"primaryImageOfPage\":{\"@id\":\"https:\\\/\\\/barcelona.euses.cat\\\/ca\\\/el-grau-en-fisioterapia-internacional-facilita-la-teva-insercio-al-mercat-laboral-internacional\\\/#primaryimage\"},\"image\":{\"@id\":\"https:\\\/\\\/barcelona.euses.cat\\\/ca\\\/el-grau-en-fisioterapia-internacional-facilita-la-teva-insercio-al-mercat-laboral-internacional\\\/#primaryimage\"},\"thumbnailUrl\":\"https:\\\/\\\/barcelona.euses.cat\\\/wp-content\\\/uploads\\\/2018\\\/02\\\/l.jpg\",\"datePublished\":\"2017-08-20T22:00:00+00:00\",\"author\":{\"@id\":\"https:\\\/\\\/barcelona.euses.cat\\\/ca\\\/#\\\/schema\\\/person\\\/c3074ca9d956eacf02e41e2ff78e53ab\"},\"breadcrumb\":{\"@id\":\"https:\\\/\\\/barcelona.euses.cat\\\/ca\\\/el-grau-en-fisioterapia-internacional-facilita-la-teva-insercio-al-mercat-laboral-internacional\\\/#breadcrumb\"},\"inLanguage\":\"ca\",\"potentialAction\":[{\"@type\":\"ReadAction\",\"target\":[\"https:\\\/\\\/barcelona.euses.cat\\\/ca\\\/el-grau-en-fisioterapia-internacional-facilita-la-teva-insercio-al-mercat-laboral-internacional\\\/\"]}]},{\"@type\":\"ImageObject\",\"inLanguage\":\"ca\",\"@id\":\"https:\\\/\\\/barcelona.euses.cat\\\/ca\\\/el-grau-en-fisioterapia-internacional-facilita-la-teva-insercio-al-mercat-laboral-internacional\\\/#primaryimage\",\"url\":\"https:\\\/\\\/barcelona.euses.cat\\\/wp-content\\\/uploads\\\/2018\\\/02\\\/l.jpg\",\"contentUrl\":\"https:\\\/\\\/barcelona.euses.cat\\\/wp-content\\\/uploads\\\/2018\\\/02\\\/l.jpg\",\"width\":590,\"height\":355},{\"@type\":\"BreadcrumbList\",\"@id\":\"https:\\\/\\\/barcelona.euses.cat\\\/ca\\\/el-grau-en-fisioterapia-internacional-facilita-la-teva-insercio-al-mercat-laboral-internacional\\\/#breadcrumb\",\"itemListElement\":[{\"@type\":\"ListItem\",\"position\":1,\"name\":\"Portada\",\"item\":\"https:\\\/\\\/barcelona.euses.cat\\\/ca\\\/\"},{\"@type\":\"ListItem\",\"position\":2,\"name\":\"El Grau en Fisioter\u00e0pia Internacional facilita la teva inserci\u00f3 al mercat laboral internacional\"}]},{\"@type\":\"WebSite\",\"@id\":\"https:\\\/\\\/barcelona.euses.cat\\\/ca\\\/#website\",\"url\":\"https:\\\/\\\/barcelona.euses.cat\\\/ca\\\/\",\"name\":\"EUSES - Campus de Bellvitge (Barcelona)\",\"description\":\"EUSES, Escola Universit\u00e0ria de Fisioter\u00e0pia Internacional a Barcelona\",\"potentialAction\":[{\"@type\":\"SearchAction\",\"target\":{\"@type\":\"EntryPoint\",\"urlTemplate\":\"https:\\\/\\\/barcelona.euses.cat\\\/ca\\\/?s={search_term_string}\"},\"query-input\":{\"@type\":\"PropertyValueSpecification\",\"valueRequired\":true,\"valueName\":\"search_term_string\"}}],\"inLanguage\":\"ca\"},{\"@type\":\"Person\",\"@id\":\"https:\\\/\\\/barcelona.euses.cat\\\/ca\\\/#\\\/schema\\\/person\\\/c3074ca9d956eacf02e41e2ff78e53ab\",\"name\":\"neorg\",\"image\":{\"@type\":\"ImageObject\",\"inLanguage\":\"ca\",\"@id\":\"https:\\\/\\\/secure.gravatar.com\\\/avatar\\\/709d3d8015183afa7401c02e2291a538cbfd4ffe62f4d86ce5f4871f22e86b09?s=96&d=mm&r=g\",\"url\":\"https:\\\/\\\/secure.gravatar.com\\\/avatar\\\/709d3d8015183afa7401c02e2291a538cbfd4ffe62f4d86ce5f4871f22e86b09?s=96&d=mm&r=g\",\"contentUrl\":\"https:\\\/\\\/secure.gravatar.com\\\/avatar\\\/709d3d8015183afa7401c02e2291a538cbfd4ffe62f4d86ce5f4871f22e86b09?s=96&d=mm&r=g\",\"caption\":\"neorg\"},\"url\":\"https:\\\/\\\/barcelona.euses.cat\\\/ca\\\/author\\\/neorg\\\/\"}]}<\/script>\n<!-- \/ Yoast SEO plugin. -->","yoast_head_json":{"title":"El Grau en Fisioter\u00e0pia Internacional facilita la teva inserci\u00f3 al mercat laboral internacional | EUSES- Campus de Bellvitge (Barcelona)","robots":{"index":"index","follow":"follow","max-snippet":"max-snippet:-1","max-image-preview":"max-image-preview:large","max-video-preview":"max-video-preview:-1"},"canonical":"https:\/\/barcelona.euses.cat\/ca\/el-grau-en-fisioterapia-internacional-facilita-la-teva-insercio-al-mercat-laboral-internacional\/","og_locale":"ca_ES","og_type":"article","og_title":"El Grau en Fisioter\u00e0pia Internacional facilita la teva inserci\u00f3 al mercat laboral internacional | EUSES- Campus de Bellvitge (Barcelona)","og_description":"Un professorat amb perfil internacional, un enfocament global i un itinerari formatiu \u00edntegrament en angl\u00e8s s\u00f3n tres de les caracter\u00edstiques del Grau en Fisioter\u00e0pia Internacional que esdevenen clau per millorar el teu acc\u00e9s al mercat laboral internacional. Durant el Grau en Fisioter\u00e0pia Internacional, et formar\u00e0s amb un equip docent expert, procedent de prestigioses universitats internacionals: [&hellip;]","og_url":"https:\/\/barcelona.euses.cat\/ca\/el-grau-en-fisioterapia-internacional-facilita-la-teva-insercio-al-mercat-laboral-internacional\/","og_site_name":"EUSES- Campus de Bellvitge (Barcelona)","article_publisher":"https:\/\/www.facebook.com\/PhysioBCN\/","article_published_time":"2017-08-20T22:00:00+00:00","og_image":[{"width":590,"height":355,"url":"https:\/\/barcelona.euses.cat\/wp-content\/uploads\/2018\/02\/l.jpg","type":"image\/jpeg"}],"author":"neorg","twitter_card":"summary_large_image","twitter_misc":{"Escrit per":"neorg","Temps estimat de lectura":"2 minuts"},"schema":{"@context":"https:\/\/schema.org","@graph":[{"@type":"Article","@id":"https:\/\/barcelona.euses.cat\/ca\/el-grau-en-fisioterapia-internacional-facilita-la-teva-insercio-al-mercat-laboral-internacional\/#article","isPartOf":{"@id":"https:\/\/barcelona.euses.cat\/ca\/el-grau-en-fisioterapia-internacional-facilita-la-teva-insercio-al-mercat-laboral-internacional\/"},"author":{"name":"neorg","@id":"https:\/\/barcelona.euses.cat\/ca\/#\/schema\/person\/c3074ca9d956eacf02e41e2ff78e53ab"},"headline":"El Grau en Fisioter\u00e0pia Internacional facilita la teva inserci\u00f3 al mercat laboral internacional","datePublished":"2017-08-20T22:00:00+00:00","mainEntityOfPage":{"@id":"https:\/\/barcelona.euses.cat\/ca\/el-grau-en-fisioterapia-internacional-facilita-la-teva-insercio-al-mercat-laboral-internacional\/"},"wordCount":485,"image":{"@id":"https:\/\/barcelona.euses.cat\/ca\/el-grau-en-fisioterapia-internacional-facilita-la-teva-insercio-al-mercat-laboral-internacional\/#primaryimage"},"thumbnailUrl":"https:\/\/barcelona.euses.cat\/wp-content\/uploads\/2018\/02\/l.jpg","keywords":["Catal\u00e0"],"articleSection":["Uncategorized @ca"],"inLanguage":"ca"},{"@type":"WebPage","@id":"https:\/\/barcelona.euses.cat\/ca\/el-grau-en-fisioterapia-internacional-facilita-la-teva-insercio-al-mercat-laboral-internacional\/","url":"https:\/\/barcelona.euses.cat\/ca\/el-grau-en-fisioterapia-internacional-facilita-la-teva-insercio-al-mercat-laboral-internacional\/","name":"El Grau en Fisioter\u00e0pia Internacional facilita la teva inserci\u00f3 al mercat laboral internacional | EUSES- Campus de Bellvitge (Barcelona)","isPartOf":{"@id":"https:\/\/barcelona.euses.cat\/ca\/#website"},"primaryImageOfPage":{"@id":"https:\/\/barcelona.euses.cat\/ca\/el-grau-en-fisioterapia-internacional-facilita-la-teva-insercio-al-mercat-laboral-internacional\/#primaryimage"},"image":{"@id":"https:\/\/barcelona.euses.cat\/ca\/el-grau-en-fisioterapia-internacional-facilita-la-teva-insercio-al-mercat-laboral-internacional\/#primaryimage"},"thumbnailUrl":"https:\/\/barcelona.euses.cat\/wp-content\/uploads\/2018\/02\/l.jpg","datePublished":"2017-08-20T22:00:00+00:00","author":{"@id":"https:\/\/barcelona.euses.cat\/ca\/#\/schema\/person\/c3074ca9d956eacf02e41e2ff78e53ab"},"breadcrumb":{"@id":"https:\/\/barcelona.euses.cat\/ca\/el-grau-en-fisioterapia-internacional-facilita-la-teva-insercio-al-mercat-laboral-internacional\/#breadcrumb"},"inLanguage":"ca","potentialAction":[{"@type":"ReadAction","target":["https:\/\/barcelona.euses.cat\/ca\/el-grau-en-fisioterapia-internacional-facilita-la-teva-insercio-al-mercat-laboral-internacional\/"]}]},{"@type":"ImageObject","inLanguage":"ca","@id":"https:\/\/barcelona.euses.cat\/ca\/el-grau-en-fisioterapia-internacional-facilita-la-teva-insercio-al-mercat-laboral-internacional\/#primaryimage","url":"https:\/\/barcelona.euses.cat\/wp-content\/uploads\/2018\/02\/l.jpg","contentUrl":"https:\/\/barcelona.euses.cat\/wp-content\/uploads\/2018\/02\/l.jpg","width":590,"height":355},{"@type":"BreadcrumbList","@id":"https:\/\/barcelona.euses.cat\/ca\/el-grau-en-fisioterapia-internacional-facilita-la-teva-insercio-al-mercat-laboral-internacional\/#breadcrumb","itemListElement":[{"@type":"ListItem","position":1,"name":"Portada","item":"https:\/\/barcelona.euses.cat\/ca\/"},{"@type":"ListItem","position":2,"name":"El Grau en Fisioter\u00e0pia Internacional facilita la teva inserci\u00f3 al mercat laboral internacional"}]},{"@type":"WebSite","@id":"https:\/\/barcelona.euses.cat\/ca\/#website","url":"https:\/\/barcelona.euses.cat\/ca\/","name":"EUSES - Campus de Bellvitge (Barcelona)","description":"EUSES, Escola Universit\u00e0ria de Fisioter\u00e0pia Internacional a Barcelona","potentialAction":[{"@type":"SearchAction","target":{"@type":"EntryPoint","urlTemplate":"https:\/\/barcelona.euses.cat\/ca\/?s={search_term_string}"},"query-input":{"@type":"PropertyValueSpecification","valueRequired":true,"valueName":"search_term_string"}}],"inLanguage":"ca"},{"@type":"Person","@id":"https:\/\/barcelona.euses.cat\/ca\/#\/schema\/person\/c3074ca9d956eacf02e41e2ff78e53ab","name":"neorg","image":{"@type":"ImageObject","inLanguage":"ca","@id":"https:\/\/secure.gravatar.com\/avatar\/709d3d8015183afa7401c02e2291a538cbfd4ffe62f4d86ce5f4871f22e86b09?s=96&d=mm&r=g","url":"https:\/\/secure.gravatar.com\/avatar\/709d3d8015183afa7401c02e2291a538cbfd4ffe62f4d86ce5f4871f22e86b09?s=96&d=mm&r=g","contentUrl":"https:\/\/secure.gravatar.com\/avatar\/709d3d8015183afa7401c02e2291a538cbfd4ffe62f4d86ce5f4871f22e86b09?s=96&d=mm&r=g","caption":"neorg"},"url":"https:\/\/barcelona.euses.cat\/ca\/author\/neorg\/"}]}},"_links":{"self":[{"href":"https:\/\/barcelona.euses.cat\/ca\/wp-json\/wp\/v2\/posts\/5262","targetHints":{"allow":["GET"]}}],"collection":[{"href":"https:\/\/barcelona.euses.cat\/ca\/wp-json\/wp\/v2\/posts"}],"about":[{"href":"https:\/\/barcelona.euses.cat\/ca\/wp-json\/wp\/v2\/types\/post"}],"author":[{"embeddable":true,"href":"https:\/\/barcelona.euses.cat\/ca\/wp-json\/wp\/v2\/users\/1"}],"replies":[{"embeddable":true,"href":"https:\/\/barcelona.euses.cat\/ca\/wp-json\/wp\/v2\/comments?post=5262"}],"version-history":[{"count":0,"href":"https:\/\/barcelona.euses.cat\/ca\/wp-json\/wp\/v2\/posts\/5262\/revisions"}],"wp:featuredmedia":[{"embeddable":true,"href":"https:\/\/barcelona.euses.cat\/ca\/wp-json\/wp\/v2\/media\/5215"}],"wp:attachment":[{"href":"https:\/\/barcelona.euses.cat\/ca\/wp-json\/wp\/v2\/media?parent=5262"}],"wp:term":[{"taxonomy":"category","embeddable":true,"href":"https:\/\/barcelona.euses.cat\/ca\/wp-json\/wp\/v2\/categories?post=5262"},{"taxonomy":"post_tag","embeddable":true,"href":"https:\/\/barcelona.euses.cat\/ca\/wp-json\/wp\/v2\/tags?post=5262"}],"curies":[{"name":"wp","href":"https:\/\/api.w.org\/{rel}","templated":true}]}}