{"id":5246,"date":"2017-09-18T00:00:00","date_gmt":"2017-09-17T22:00:00","guid":{"rendered":"http:\/\/physiotherapybarcelona.net\/la-insercio-laboral-dels-estudis-en-fisioterapia-es-del-982-prepara-amb-exit-el-teu-futur-estudiant-el-grau-en-fisioterapia-internacional-al-campus-de-la-ub\/"},"modified":"2017-09-18T00:00:00","modified_gmt":"2017-09-17T22:00:00","slug":"la-insercio-laboral-dels-estudis-en-fisioterapia-es-del-982-prepara-amb-exit-el-teu-futur-estudiant-el-grau-en-fisioterapia-internacional-al-campus-de-la-ub","status":"publish","type":"post","link":"https:\/\/barcelona.euses.cat\/ca\/la-insercio-laboral-dels-estudis-en-fisioterapia-es-del-982-prepara-amb-exit-el-teu-futur-estudiant-el-grau-en-fisioterapia-internacional-al-campus-de-la-ub\/","title":{"rendered":"La inserci\u00f3 laboral dels estudis en Fisioter\u00e0pia \u00e9s del 98,2%. Prepara amb \u00e8xit el teu futur, estudiant el Grau en Fisioter\u00e0pia Internacional al Campus de la UB"},"content":{"rendered":"<p style=\"text-align: justify;\">Els <strong>estudis en Fisioter\u00e0pia<\/strong> s\u00f3n els que compten amb un major nivell <strong>d&#8217;inserci\u00f3 laboral<\/strong> en la branca de <strong>salut<\/strong>, actualment se situa en el *<strong>98,2%<\/strong>. Si a aquestes elevades xifres hi afegim el fet d\u2019estudiar el <a href=\"https:\/\/goo.gl\/KvNTCQ\"><strong>Grau en angl\u00e8s en Fisioter\u00e0pia Internacional,<\/strong> de l\u2019<strong>Escola de Noves Tecnologies Interactives (ENTI-UB)<\/strong> i de <strong>l\u2019Escola de la Salut i l\u2019Esport (EUSES-UdG)<\/strong><\/a><strong>,<\/strong> a un centre de prestigi com el <strong>Campus de la UB (Universitat de Barcelona)<\/strong>, la taxa d\u2019ocupaci\u00f3 encara es dispara m\u00e9s.<\/p>\n<p style=\"text-align: justify;\">Durant el <strong>Grau en Fisioter\u00e0pia Internacional<\/strong> s\u2019aposta per oferir a tots els alumnes uns elevats est\u00e0ndards de <strong>qualitat educativa<\/strong>, incloent-hi tota classe de <strong>ter\u00e0pies manuals i f\u00edsiques<\/strong>. La qual cosa, et facultar\u00e0 per tractar amb plenes garanties cient\u00edfiques i t\u00e8cniques una multitud de patologies per aconseguir accelerar els processos de recuperaci\u00f3 dels pacients, aplicant els coneixements adquirits.<\/p>\n<p style=\"text-align: justify;\">Al llarg d\u2019aquesta titulaci\u00f3 es potencia una <strong>assist\u00e8ncia de qualitat<\/strong>, adre\u00e7ada a <strong>l\u2019atenci\u00f3 personalitzada<\/strong>. En aquest sentit, com a futur <strong>fisioterapeuta<\/strong> desenvolupar\u00e0s compet\u00e8ncies que et capacitaran per valorar i realitzar <strong>plans de tractament<\/strong>, valorant la seva efic\u00e0cia i actuant en conseq\u00fc\u00e8ncia. A m\u00e9s, amb el <strong>doble<\/strong> <strong>valor afegit<\/strong> de l\u2019aplicaci\u00f3 de les <strong>noves tecnologies pr\u00f2pies de l\u2019e-health<\/strong> i una formaci\u00f3 espec\u00edfica en <strong>llengua anglesa<\/strong>. Aquest darrer aspecte et dotar\u00e0 d\u2019un perfil professional molt competitiu, que millorar\u00e0 el teu acc\u00e9s al <strong>mercat laboral <\/strong>tant nacional com europeu.<\/p>\n<p style=\"text-align: justify;\">Un cop finalitzis aquests estudis, disposar\u00e0s d\u2019un ampli <strong>bagatge te\u00f2ric <\/strong>i<strong> pr\u00e0ctic<\/strong> per incorporar-te a un ampli ventall de <strong>posicions laborals<\/strong> relacionades amb la <strong>salut<\/strong>, la <strong>doc\u00e8ncia<\/strong>, <strong>l\u2019emprenedoria<\/strong> i la <strong>innovaci\u00f3 tecnol\u00f2gica<\/strong>. D\u2019aquesta manera, podr\u00e0s exercir en diverses branques de la <strong>medicina<\/strong> com: la traumatologia, centrada en les lesions esportives; la pediatria; les afeccions cardiorespirat\u00f2ries; l\u2019ergonomia; la neurologia; l\u2019uro-ginecologia o la reumatologia; treballar com a <strong>professor de fisioter\u00e0pia<\/strong>, un \u00e0mbit de gran inter\u00e8s en el m\u00f3n de la fisioter\u00e0pia; <strong>professional aut\u00f2nom<\/strong>, treballant en el teu propi centre de rehabilitaci\u00f3 o b\u00e9, integrant-te en equips multidisciplinaris, \u00e9s a dir, en cl\u00edniques, centres d\u2019atenci\u00f3 prim\u00e0ria, hospitals o m\u00fatues i finalment, tamb\u00e9 pots dedicar-te al camp de la <strong>innovaci\u00f3 tecnol\u00f2gica<\/strong>. Gr\u00e0cies a la dualitat te\u00f2rica-pr\u00e0ctica d\u2019aquest <strong>Grau<\/strong>, assolir\u00e0s els coneixements necessaris per desenvolupar-te professionalment en l\u2019\u00e0mbit de l\u2019aplicaci\u00f3 de <strong>l\u2019e-health<\/strong> al camp de la <strong>fisioter\u00e0pia<\/strong>. Un sector innovador, en pot\u00e8ncia i amb un ampli espectre de desenvolupament en la nostra societat, ja que, uneix aspectes tan rellevants com <strong>l\u2019atenci\u00f3 sanit\u00e0ria<\/strong> i les <strong>noves tecnologies<\/strong>.<\/p>\n<p style=\"text-align: justify;\">El <a href=\"https:\/\/goo.gl\/KvNTCQ\"><strong>Grau en Fisioter\u00e0pia Internacional<\/strong><\/a> et garanteix un futur ple d\u2019oportunitats. No esperis m\u00e9s i fes la matr\u00edcula en uns estudis amb un <strong>98,2% d\u2019inserci\u00f3 laboral.<\/strong><\/p>\n<p style=\"text-align: justify;\">*Dades relatives a l\u2019\u00faltima enquesta triennal de <strong>l\u2019Ag\u00e8ncia per a la Qualitat del Sistema Universitari de Catalunya (AQU)<\/strong>.<\/p>\n","protected":false},"excerpt":{"rendered":"<p>Els estudis en Fisioter\u00e0pia s\u00f3n els que compten amb un major nivell d&#8217;inserci\u00f3 laboral en la branca de salut, actualment se situa en el *98,2%. Si a aquestes elevades xifres hi afegim el fet d\u2019estudiar el Grau en angl\u00e8s en Fisioter\u00e0pia Internacional, de l\u2019Escola de Noves Tecnologies Interactives (ENTI-UB) i de l\u2019Escola de la Salut [&hellip;]<\/p>\n","protected":false},"author":1,"featured_media":5247,"comment_status":"closed","ping_status":"closed","sticky":false,"template":"","format":"standard","meta":{"_acf_changed":false,"inline_featured_image":false,"_joinchat":[],"footnotes":""},"categories":[54],"tags":[45],"class_list":["post-5246","post","type-post","status-publish","format-standard","has-post-thumbnail","hentry","category-uncategorized-ca","tag-catala"],"acf":[],"yoast_head":"<!-- This site is optimized with the Yoast SEO plugin v27.4 - https:\/\/yoast.com\/product\/yoast-seo-wordpress\/ -->\n<title>La inserci\u00f3 laboral dels estudis en Fisioter\u00e0pia \u00e9s del 98,2%. Prepara amb \u00e8xit el teu futur, estudiant el Grau en Fisioter\u00e0pia Internacional al Campus de la UB | EUSES- Campus de Bellvitge (Barcelona)<\/title>\n<meta name=\"robots\" content=\"index, follow, max-snippet:-1, max-image-preview:large, max-video-preview:-1\" \/>\n<link rel=\"canonical\" href=\"https:\/\/barcelona.euses.cat\/ca\/la-insercio-laboral-dels-estudis-en-fisioterapia-es-del-982-prepara-amb-exit-el-teu-futur-estudiant-el-grau-en-fisioterapia-internacional-al-campus-de-la-ub\/\" \/>\n<meta property=\"og:locale\" content=\"ca_ES\" \/>\n<meta property=\"og:type\" content=\"article\" \/>\n<meta property=\"og:title\" content=\"La inserci\u00f3 laboral dels estudis en Fisioter\u00e0pia \u00e9s del 98,2%. Prepara amb \u00e8xit el teu futur, estudiant el Grau en Fisioter\u00e0pia Internacional al Campus de la UB | EUSES- Campus de Bellvitge (Barcelona)\" \/>\n<meta property=\"og:description\" content=\"Els estudis en Fisioter\u00e0pia s\u00f3n els que compten amb un major nivell d&#8217;inserci\u00f3 laboral en la branca de salut, actualment se situa en el *98,2%. Si a aquestes elevades xifres hi afegim el fet d\u2019estudiar el Grau en angl\u00e8s en Fisioter\u00e0pia Internacional, de l\u2019Escola de Noves Tecnologies Interactives (ENTI-UB) i de l\u2019Escola de la Salut [&hellip;]\" \/>\n<meta property=\"og:url\" content=\"https:\/\/barcelona.euses.cat\/ca\/la-insercio-laboral-dels-estudis-en-fisioterapia-es-del-982-prepara-amb-exit-el-teu-futur-estudiant-el-grau-en-fisioterapia-internacional-al-campus-de-la-ub\/\" \/>\n<meta property=\"og:site_name\" content=\"EUSES- Campus de Bellvitge (Barcelona)\" \/>\n<meta property=\"article:publisher\" content=\"https:\/\/www.facebook.com\/PhysioBCN\/\" \/>\n<meta property=\"article:published_time\" content=\"2017-09-17T22:00:00+00:00\" \/>\n<meta property=\"og:image\" content=\"https:\/\/barcelona.euses.cat\/wp-content\/uploads\/2018\/02\/0111.jpg\" \/>\n\t<meta property=\"og:image:width\" content=\"651\" \/>\n\t<meta property=\"og:image:height\" content=\"489\" \/>\n\t<meta property=\"og:image:type\" content=\"image\/jpeg\" \/>\n<meta name=\"author\" content=\"neorg\" \/>\n<meta name=\"twitter:card\" content=\"summary_large_image\" \/>\n<meta name=\"twitter:label1\" content=\"Escrit per\" \/>\n\t<meta name=\"twitter:data1\" content=\"neorg\" \/>\n\t<meta name=\"twitter:label2\" content=\"Temps estimat de lectura\" \/>\n\t<meta name=\"twitter:data2\" content=\"3 minuts\" \/>\n<script type=\"application\/ld+json\" class=\"yoast-schema-graph\">{\"@context\":\"https:\\\/\\\/schema.org\",\"@graph\":[{\"@type\":\"Article\",\"@id\":\"https:\\\/\\\/barcelona.euses.cat\\\/ca\\\/la-insercio-laboral-dels-estudis-en-fisioterapia-es-del-982-prepara-amb-exit-el-teu-futur-estudiant-el-grau-en-fisioterapia-internacional-al-campus-de-la-ub\\\/#article\",\"isPartOf\":{\"@id\":\"https:\\\/\\\/barcelona.euses.cat\\\/ca\\\/la-insercio-laboral-dels-estudis-en-fisioterapia-es-del-982-prepara-amb-exit-el-teu-futur-estudiant-el-grau-en-fisioterapia-internacional-al-campus-de-la-ub\\\/\"},\"author\":{\"name\":\"neorg\",\"@id\":\"https:\\\/\\\/barcelona.euses.cat\\\/ca\\\/#\\\/schema\\\/person\\\/c3074ca9d956eacf02e41e2ff78e53ab\"},\"headline\":\"La inserci\u00f3 laboral dels estudis en Fisioter\u00e0pia \u00e9s del 98,2%. Prepara amb \u00e8xit el teu futur, estudiant el Grau en Fisioter\u00e0pia Internacional al Campus de la UB\",\"datePublished\":\"2017-09-17T22:00:00+00:00\",\"mainEntityOfPage\":{\"@id\":\"https:\\\/\\\/barcelona.euses.cat\\\/ca\\\/la-insercio-laboral-dels-estudis-en-fisioterapia-es-del-982-prepara-amb-exit-el-teu-futur-estudiant-el-grau-en-fisioterapia-internacional-al-campus-de-la-ub\\\/\"},\"wordCount\":538,\"image\":{\"@id\":\"https:\\\/\\\/barcelona.euses.cat\\\/ca\\\/la-insercio-laboral-dels-estudis-en-fisioterapia-es-del-982-prepara-amb-exit-el-teu-futur-estudiant-el-grau-en-fisioterapia-internacional-al-campus-de-la-ub\\\/#primaryimage\"},\"thumbnailUrl\":\"https:\\\/\\\/barcelona.euses.cat\\\/wp-content\\\/uploads\\\/2018\\\/02\\\/0111.jpg\",\"keywords\":[\"Catal\u00e0\"],\"articleSection\":[\"Uncategorized @ca\"],\"inLanguage\":\"ca\"},{\"@type\":\"WebPage\",\"@id\":\"https:\\\/\\\/barcelona.euses.cat\\\/ca\\\/la-insercio-laboral-dels-estudis-en-fisioterapia-es-del-982-prepara-amb-exit-el-teu-futur-estudiant-el-grau-en-fisioterapia-internacional-al-campus-de-la-ub\\\/\",\"url\":\"https:\\\/\\\/barcelona.euses.cat\\\/ca\\\/la-insercio-laboral-dels-estudis-en-fisioterapia-es-del-982-prepara-amb-exit-el-teu-futur-estudiant-el-grau-en-fisioterapia-internacional-al-campus-de-la-ub\\\/\",\"name\":\"La inserci\u00f3 laboral dels estudis en Fisioter\u00e0pia \u00e9s del 98,2%. Prepara amb \u00e8xit el teu futur, estudiant el Grau en Fisioter\u00e0pia Internacional al Campus de la UB | EUSES- Campus de Bellvitge (Barcelona)\",\"isPartOf\":{\"@id\":\"https:\\\/\\\/barcelona.euses.cat\\\/ca\\\/#website\"},\"primaryImageOfPage\":{\"@id\":\"https:\\\/\\\/barcelona.euses.cat\\\/ca\\\/la-insercio-laboral-dels-estudis-en-fisioterapia-es-del-982-prepara-amb-exit-el-teu-futur-estudiant-el-grau-en-fisioterapia-internacional-al-campus-de-la-ub\\\/#primaryimage\"},\"image\":{\"@id\":\"https:\\\/\\\/barcelona.euses.cat\\\/ca\\\/la-insercio-laboral-dels-estudis-en-fisioterapia-es-del-982-prepara-amb-exit-el-teu-futur-estudiant-el-grau-en-fisioterapia-internacional-al-campus-de-la-ub\\\/#primaryimage\"},\"thumbnailUrl\":\"https:\\\/\\\/barcelona.euses.cat\\\/wp-content\\\/uploads\\\/2018\\\/02\\\/0111.jpg\",\"datePublished\":\"2017-09-17T22:00:00+00:00\",\"author\":{\"@id\":\"https:\\\/\\\/barcelona.euses.cat\\\/ca\\\/#\\\/schema\\\/person\\\/c3074ca9d956eacf02e41e2ff78e53ab\"},\"breadcrumb\":{\"@id\":\"https:\\\/\\\/barcelona.euses.cat\\\/ca\\\/la-insercio-laboral-dels-estudis-en-fisioterapia-es-del-982-prepara-amb-exit-el-teu-futur-estudiant-el-grau-en-fisioterapia-internacional-al-campus-de-la-ub\\\/#breadcrumb\"},\"inLanguage\":\"ca\",\"potentialAction\":[{\"@type\":\"ReadAction\",\"target\":[\"https:\\\/\\\/barcelona.euses.cat\\\/ca\\\/la-insercio-laboral-dels-estudis-en-fisioterapia-es-del-982-prepara-amb-exit-el-teu-futur-estudiant-el-grau-en-fisioterapia-internacional-al-campus-de-la-ub\\\/\"]}]},{\"@type\":\"ImageObject\",\"inLanguage\":\"ca\",\"@id\":\"https:\\\/\\\/barcelona.euses.cat\\\/ca\\\/la-insercio-laboral-dels-estudis-en-fisioterapia-es-del-982-prepara-amb-exit-el-teu-futur-estudiant-el-grau-en-fisioterapia-internacional-al-campus-de-la-ub\\\/#primaryimage\",\"url\":\"https:\\\/\\\/barcelona.euses.cat\\\/wp-content\\\/uploads\\\/2018\\\/02\\\/0111.jpg\",\"contentUrl\":\"https:\\\/\\\/barcelona.euses.cat\\\/wp-content\\\/uploads\\\/2018\\\/02\\\/0111.jpg\",\"width\":651,\"height\":489},{\"@type\":\"BreadcrumbList\",\"@id\":\"https:\\\/\\\/barcelona.euses.cat\\\/ca\\\/la-insercio-laboral-dels-estudis-en-fisioterapia-es-del-982-prepara-amb-exit-el-teu-futur-estudiant-el-grau-en-fisioterapia-internacional-al-campus-de-la-ub\\\/#breadcrumb\",\"itemListElement\":[{\"@type\":\"ListItem\",\"position\":1,\"name\":\"Portada\",\"item\":\"https:\\\/\\\/barcelona.euses.cat\\\/ca\\\/\"},{\"@type\":\"ListItem\",\"position\":2,\"name\":\"La inserci\u00f3 laboral dels estudis en Fisioter\u00e0pia \u00e9s del 98,2%. Prepara amb \u00e8xit el teu futur, estudiant el Grau en Fisioter\u00e0pia Internacional al Campus de la UB\"}]},{\"@type\":\"WebSite\",\"@id\":\"https:\\\/\\\/barcelona.euses.cat\\\/ca\\\/#website\",\"url\":\"https:\\\/\\\/barcelona.euses.cat\\\/ca\\\/\",\"name\":\"EUSES - Campus de Bellvitge (Barcelona)\",\"description\":\"EUSES, Escola Universit\u00e0ria de Fisioter\u00e0pia Internacional a Barcelona\",\"potentialAction\":[{\"@type\":\"SearchAction\",\"target\":{\"@type\":\"EntryPoint\",\"urlTemplate\":\"https:\\\/\\\/barcelona.euses.cat\\\/ca\\\/?s={search_term_string}\"},\"query-input\":{\"@type\":\"PropertyValueSpecification\",\"valueRequired\":true,\"valueName\":\"search_term_string\"}}],\"inLanguage\":\"ca\"},{\"@type\":\"Person\",\"@id\":\"https:\\\/\\\/barcelona.euses.cat\\\/ca\\\/#\\\/schema\\\/person\\\/c3074ca9d956eacf02e41e2ff78e53ab\",\"name\":\"neorg\",\"image\":{\"@type\":\"ImageObject\",\"inLanguage\":\"ca\",\"@id\":\"https:\\\/\\\/secure.gravatar.com\\\/avatar\\\/709d3d8015183afa7401c02e2291a538cbfd4ffe62f4d86ce5f4871f22e86b09?s=96&d=mm&r=g\",\"url\":\"https:\\\/\\\/secure.gravatar.com\\\/avatar\\\/709d3d8015183afa7401c02e2291a538cbfd4ffe62f4d86ce5f4871f22e86b09?s=96&d=mm&r=g\",\"contentUrl\":\"https:\\\/\\\/secure.gravatar.com\\\/avatar\\\/709d3d8015183afa7401c02e2291a538cbfd4ffe62f4d86ce5f4871f22e86b09?s=96&d=mm&r=g\",\"caption\":\"neorg\"},\"url\":\"https:\\\/\\\/barcelona.euses.cat\\\/ca\\\/author\\\/neorg\\\/\"}]}<\/script>\n<!-- \/ Yoast SEO plugin. -->","yoast_head_json":{"title":"La inserci\u00f3 laboral dels estudis en Fisioter\u00e0pia \u00e9s del 98,2%. Prepara amb \u00e8xit el teu futur, estudiant el Grau en Fisioter\u00e0pia Internacional al Campus de la UB | EUSES- Campus de Bellvitge (Barcelona)","robots":{"index":"index","follow":"follow","max-snippet":"max-snippet:-1","max-image-preview":"max-image-preview:large","max-video-preview":"max-video-preview:-1"},"canonical":"https:\/\/barcelona.euses.cat\/ca\/la-insercio-laboral-dels-estudis-en-fisioterapia-es-del-982-prepara-amb-exit-el-teu-futur-estudiant-el-grau-en-fisioterapia-internacional-al-campus-de-la-ub\/","og_locale":"ca_ES","og_type":"article","og_title":"La inserci\u00f3 laboral dels estudis en Fisioter\u00e0pia \u00e9s del 98,2%. Prepara amb \u00e8xit el teu futur, estudiant el Grau en Fisioter\u00e0pia Internacional al Campus de la UB | EUSES- Campus de Bellvitge (Barcelona)","og_description":"Els estudis en Fisioter\u00e0pia s\u00f3n els que compten amb un major nivell d&#8217;inserci\u00f3 laboral en la branca de salut, actualment se situa en el *98,2%. Si a aquestes elevades xifres hi afegim el fet d\u2019estudiar el Grau en angl\u00e8s en Fisioter\u00e0pia Internacional, de l\u2019Escola de Noves Tecnologies Interactives (ENTI-UB) i de l\u2019Escola de la Salut [&hellip;]","og_url":"https:\/\/barcelona.euses.cat\/ca\/la-insercio-laboral-dels-estudis-en-fisioterapia-es-del-982-prepara-amb-exit-el-teu-futur-estudiant-el-grau-en-fisioterapia-internacional-al-campus-de-la-ub\/","og_site_name":"EUSES- Campus de Bellvitge (Barcelona)","article_publisher":"https:\/\/www.facebook.com\/PhysioBCN\/","article_published_time":"2017-09-17T22:00:00+00:00","og_image":[{"width":651,"height":489,"url":"https:\/\/barcelona.euses.cat\/wp-content\/uploads\/2018\/02\/0111.jpg","type":"image\/jpeg"}],"author":"neorg","twitter_card":"summary_large_image","twitter_misc":{"Escrit per":"neorg","Temps estimat de lectura":"3 minuts"},"schema":{"@context":"https:\/\/schema.org","@graph":[{"@type":"Article","@id":"https:\/\/barcelona.euses.cat\/ca\/la-insercio-laboral-dels-estudis-en-fisioterapia-es-del-982-prepara-amb-exit-el-teu-futur-estudiant-el-grau-en-fisioterapia-internacional-al-campus-de-la-ub\/#article","isPartOf":{"@id":"https:\/\/barcelona.euses.cat\/ca\/la-insercio-laboral-dels-estudis-en-fisioterapia-es-del-982-prepara-amb-exit-el-teu-futur-estudiant-el-grau-en-fisioterapia-internacional-al-campus-de-la-ub\/"},"author":{"name":"neorg","@id":"https:\/\/barcelona.euses.cat\/ca\/#\/schema\/person\/c3074ca9d956eacf02e41e2ff78e53ab"},"headline":"La inserci\u00f3 laboral dels estudis en Fisioter\u00e0pia \u00e9s del 98,2%. Prepara amb \u00e8xit el teu futur, estudiant el Grau en Fisioter\u00e0pia Internacional al Campus de la UB","datePublished":"2017-09-17T22:00:00+00:00","mainEntityOfPage":{"@id":"https:\/\/barcelona.euses.cat\/ca\/la-insercio-laboral-dels-estudis-en-fisioterapia-es-del-982-prepara-amb-exit-el-teu-futur-estudiant-el-grau-en-fisioterapia-internacional-al-campus-de-la-ub\/"},"wordCount":538,"image":{"@id":"https:\/\/barcelona.euses.cat\/ca\/la-insercio-laboral-dels-estudis-en-fisioterapia-es-del-982-prepara-amb-exit-el-teu-futur-estudiant-el-grau-en-fisioterapia-internacional-al-campus-de-la-ub\/#primaryimage"},"thumbnailUrl":"https:\/\/barcelona.euses.cat\/wp-content\/uploads\/2018\/02\/0111.jpg","keywords":["Catal\u00e0"],"articleSection":["Uncategorized @ca"],"inLanguage":"ca"},{"@type":"WebPage","@id":"https:\/\/barcelona.euses.cat\/ca\/la-insercio-laboral-dels-estudis-en-fisioterapia-es-del-982-prepara-amb-exit-el-teu-futur-estudiant-el-grau-en-fisioterapia-internacional-al-campus-de-la-ub\/","url":"https:\/\/barcelona.euses.cat\/ca\/la-insercio-laboral-dels-estudis-en-fisioterapia-es-del-982-prepara-amb-exit-el-teu-futur-estudiant-el-grau-en-fisioterapia-internacional-al-campus-de-la-ub\/","name":"La inserci\u00f3 laboral dels estudis en Fisioter\u00e0pia \u00e9s del 98,2%. Prepara amb \u00e8xit el teu futur, estudiant el Grau en Fisioter\u00e0pia Internacional al Campus de la UB | EUSES- Campus de Bellvitge (Barcelona)","isPartOf":{"@id":"https:\/\/barcelona.euses.cat\/ca\/#website"},"primaryImageOfPage":{"@id":"https:\/\/barcelona.euses.cat\/ca\/la-insercio-laboral-dels-estudis-en-fisioterapia-es-del-982-prepara-amb-exit-el-teu-futur-estudiant-el-grau-en-fisioterapia-internacional-al-campus-de-la-ub\/#primaryimage"},"image":{"@id":"https:\/\/barcelona.euses.cat\/ca\/la-insercio-laboral-dels-estudis-en-fisioterapia-es-del-982-prepara-amb-exit-el-teu-futur-estudiant-el-grau-en-fisioterapia-internacional-al-campus-de-la-ub\/#primaryimage"},"thumbnailUrl":"https:\/\/barcelona.euses.cat\/wp-content\/uploads\/2018\/02\/0111.jpg","datePublished":"2017-09-17T22:00:00+00:00","author":{"@id":"https:\/\/barcelona.euses.cat\/ca\/#\/schema\/person\/c3074ca9d956eacf02e41e2ff78e53ab"},"breadcrumb":{"@id":"https:\/\/barcelona.euses.cat\/ca\/la-insercio-laboral-dels-estudis-en-fisioterapia-es-del-982-prepara-amb-exit-el-teu-futur-estudiant-el-grau-en-fisioterapia-internacional-al-campus-de-la-ub\/#breadcrumb"},"inLanguage":"ca","potentialAction":[{"@type":"ReadAction","target":["https:\/\/barcelona.euses.cat\/ca\/la-insercio-laboral-dels-estudis-en-fisioterapia-es-del-982-prepara-amb-exit-el-teu-futur-estudiant-el-grau-en-fisioterapia-internacional-al-campus-de-la-ub\/"]}]},{"@type":"ImageObject","inLanguage":"ca","@id":"https:\/\/barcelona.euses.cat\/ca\/la-insercio-laboral-dels-estudis-en-fisioterapia-es-del-982-prepara-amb-exit-el-teu-futur-estudiant-el-grau-en-fisioterapia-internacional-al-campus-de-la-ub\/#primaryimage","url":"https:\/\/barcelona.euses.cat\/wp-content\/uploads\/2018\/02\/0111.jpg","contentUrl":"https:\/\/barcelona.euses.cat\/wp-content\/uploads\/2018\/02\/0111.jpg","width":651,"height":489},{"@type":"BreadcrumbList","@id":"https:\/\/barcelona.euses.cat\/ca\/la-insercio-laboral-dels-estudis-en-fisioterapia-es-del-982-prepara-amb-exit-el-teu-futur-estudiant-el-grau-en-fisioterapia-internacional-al-campus-de-la-ub\/#breadcrumb","itemListElement":[{"@type":"ListItem","position":1,"name":"Portada","item":"https:\/\/barcelona.euses.cat\/ca\/"},{"@type":"ListItem","position":2,"name":"La inserci\u00f3 laboral dels estudis en Fisioter\u00e0pia \u00e9s del 98,2%. Prepara amb \u00e8xit el teu futur, estudiant el Grau en Fisioter\u00e0pia Internacional al Campus de la UB"}]},{"@type":"WebSite","@id":"https:\/\/barcelona.euses.cat\/ca\/#website","url":"https:\/\/barcelona.euses.cat\/ca\/","name":"EUSES - Campus de Bellvitge (Barcelona)","description":"EUSES, Escola Universit\u00e0ria de Fisioter\u00e0pia Internacional a Barcelona","potentialAction":[{"@type":"SearchAction","target":{"@type":"EntryPoint","urlTemplate":"https:\/\/barcelona.euses.cat\/ca\/?s={search_term_string}"},"query-input":{"@type":"PropertyValueSpecification","valueRequired":true,"valueName":"search_term_string"}}],"inLanguage":"ca"},{"@type":"Person","@id":"https:\/\/barcelona.euses.cat\/ca\/#\/schema\/person\/c3074ca9d956eacf02e41e2ff78e53ab","name":"neorg","image":{"@type":"ImageObject","inLanguage":"ca","@id":"https:\/\/secure.gravatar.com\/avatar\/709d3d8015183afa7401c02e2291a538cbfd4ffe62f4d86ce5f4871f22e86b09?s=96&d=mm&r=g","url":"https:\/\/secure.gravatar.com\/avatar\/709d3d8015183afa7401c02e2291a538cbfd4ffe62f4d86ce5f4871f22e86b09?s=96&d=mm&r=g","contentUrl":"https:\/\/secure.gravatar.com\/avatar\/709d3d8015183afa7401c02e2291a538cbfd4ffe62f4d86ce5f4871f22e86b09?s=96&d=mm&r=g","caption":"neorg"},"url":"https:\/\/barcelona.euses.cat\/ca\/author\/neorg\/"}]}},"_links":{"self":[{"href":"https:\/\/barcelona.euses.cat\/ca\/wp-json\/wp\/v2\/posts\/5246","targetHints":{"allow":["GET"]}}],"collection":[{"href":"https:\/\/barcelona.euses.cat\/ca\/wp-json\/wp\/v2\/posts"}],"about":[{"href":"https:\/\/barcelona.euses.cat\/ca\/wp-json\/wp\/v2\/types\/post"}],"author":[{"embeddable":true,"href":"https:\/\/barcelona.euses.cat\/ca\/wp-json\/wp\/v2\/users\/1"}],"replies":[{"embeddable":true,"href":"https:\/\/barcelona.euses.cat\/ca\/wp-json\/wp\/v2\/comments?post=5246"}],"version-history":[{"count":0,"href":"https:\/\/barcelona.euses.cat\/ca\/wp-json\/wp\/v2\/posts\/5246\/revisions"}],"wp:featuredmedia":[{"embeddable":true,"href":"https:\/\/barcelona.euses.cat\/ca\/wp-json\/wp\/v2\/media\/5247"}],"wp:attachment":[{"href":"https:\/\/barcelona.euses.cat\/ca\/wp-json\/wp\/v2\/media?parent=5246"}],"wp:term":[{"taxonomy":"category","embeddable":true,"href":"https:\/\/barcelona.euses.cat\/ca\/wp-json\/wp\/v2\/categories?post=5246"},{"taxonomy":"post_tag","embeddable":true,"href":"https:\/\/barcelona.euses.cat\/ca\/wp-json\/wp\/v2\/tags?post=5246"}],"curies":[{"name":"wp","href":"https:\/\/api.w.org\/{rel}","templated":true}]}}