{"id":5232,"date":"2017-10-30T00:00:00","date_gmt":"2017-10-29T23:00:00","guid":{"rendered":"http:\/\/physiotherapybarcelona.net\/el-pla-destudis-del-grau-en-fisioterapia-internacional-aposta-per-la-innovacio-i-lespecialitzacio-adaptant-se-a-les-demandes-del-mercat-laboral-actual\/"},"modified":"2017-10-30T00:00:00","modified_gmt":"2017-10-29T23:00:00","slug":"el-pla-destudis-del-grau-en-fisioterapia-internacional-aposta-per-la-innovacio-i-lespecialitzacio-adaptant-se-a-les-demandes-del-mercat-laboral-actual","status":"publish","type":"post","link":"https:\/\/barcelona.euses.cat\/ca\/el-pla-destudis-del-grau-en-fisioterapia-internacional-aposta-per-la-innovacio-i-lespecialitzacio-adaptant-se-a-les-demandes-del-mercat-laboral-actual\/","title":{"rendered":"El pla d\u2019estudis del Grau en Fisioter\u00e0pia Internacional aposta per la innovaci\u00f3 i l\u2019especialitzaci\u00f3, adaptant-se a les demandes del mercat laboral actual"},"content":{"rendered":"<p style=\"text-align: justify;\">El <a href=\"https:\/\/goo.gl\/xSeHyM\"><strong>Grau en Fisioter\u00e0pia Internacional<\/strong> de <strong>l\u2019Escola de Noves Tecnologies Interactives (ENTI-UB) i de l\u2019Escola de la Salut i l\u2019Esport (EUSES-UdG)<\/strong><\/a> incideix en una formaci\u00f3 hol\u00edstica i especialitzada en els diferents aspectes de la fisioter\u00e0pia com: la valoraci\u00f3, el diagn\u00f2stic, el disseny i el desenvolupament de tractaments, estudiant \u00edntegrament en angl\u00e8s i amb una clara vocaci\u00f3 global. A m\u00e9s, per tal de respondre a les demandes i necessitats de la societat actual, el <strong>pla d\u2019estudis<\/strong> d\u2019aquesta titulaci\u00f3 introdueix les <strong>noves TIC<\/strong>, pr\u00f2pies de <strong>l\u2019e-health<\/strong>, aplicades a la fisioter\u00e0pia.<\/p>\n<p style=\"text-align: justify;\">Quant al pla d\u2019estudis, cal assenyalar que aquesta titulaci\u00f3 universit\u00e0ria s\u2019estructura en quatre cursos centrats en m\u00f2duls concrets de coneixement. Durant el <strong>1r curs<\/strong>, al <strong>m\u00f2dul d\u2019Anatomofisiologia<\/strong>, com el seu nom indica, dur\u00e0s a terme assignatures de l\u2019\u00e0mbit de <strong>l\u2019anatomia<\/strong> i la <strong>fisiologia<\/strong>. En concret a <strong>Anatomia I<\/strong>, aprendr\u00e0s a identificar i con\u00e8ixer les estructures anat\u00f2miques amb la finalitat d\u2019establir relacions din\u00e0miques amb l\u2019organitzaci\u00f3 funcional de les mateixes i la seva aplicaci\u00f3 en la fisioter\u00e0pia. Per tant, coneixer\u00e0s les generalitats del cos hum\u00e0 i els efectes de la pr\u00e0ctica de l&#8217;exercici f\u00edsic sobre les estructures m\u00fascul-esquel\u00e8tiques, entre altres aspectes. En canvi, <strong>Anatomia II<\/strong> se centra en aspectes m\u00e9s concrets com <strong>l\u2019Anatomia<\/strong> del <strong>sistema nervi\u00f3s<\/strong>, del sistema endocr\u00ed, de l&#8217;aparell circulatori, del sistema limf\u00e0tic i immunitari, etc. Seguint en el mateix m\u00f2dul, a <strong>Fisiologia<\/strong>, coneixer\u00e0s a fons el funcionament del cos hum\u00e0 i la interrelaci\u00f3 entre els diferents \u00f2rgans.<\/p>\n<p style=\"text-align: justify;\">Al m\u00f2dul de <strong>ci\u00e8ncies b\u00e0siques<\/strong>, estudiar\u00e0s <strong>Biologia<\/strong> centrada en l\u2019estudi de la c\u00e8l\u00b7lula com a unitat elemental que forma els \u00e9ssers vius; <strong>Bioqu\u00edmica<\/strong> posa el focus en l\u2019estructura i funcions principals de les biomol\u00e8cules i <strong>F\u00edsica<\/strong>, durant la qual, es descriu formalment la mec\u00e0nica dels s\u00f2lids, dels fluids i dels camps electromagn\u00e8tics com a base del funcionament del sistema m\u00fascul-esquel\u00e8tic. A primer curs, tamb\u00e9 estudiar\u00e0s <strong>angl\u00e8s cient\u00edfic<\/strong> per tal de fer servir la <strong>llengua anglesa<\/strong> al nivell d\u2019excel\u00b7l\u00e8ncia acad\u00e8mica; <strong>Fonaments de fisioter\u00e0pia <\/strong>que et proporcionar\u00e0 les eines per l&#8217;adequat desenvolupament de compet\u00e8ncies pr\u00e0ctiques i te\u00f2riques dins del marc de la mobilitzaci\u00f3 articular passiva. Finalment a <strong>Valoraci\u00f3 en Fisioter\u00e0pia<\/strong>, ser\u00e0s capa\u00e7 de valorar des de la perspectiva de la fisioter\u00e0pia l&#8217;estat funcional del pacient\/usuari, considerant els aspectes f\u00edsics, psicol\u00f2gics i socials del mateix.<\/p>\n<p style=\"text-align: justify;\">A segon curs, podr\u00e0s cursar els m\u00f2duls de: Ci\u00e8ncies socials, Procediments generals en fisioter\u00e0pia, Biomec\u00e0nica, Cinesiter\u00e0pia, M\u00e8todes espec\u00edfics d&#8217;intervenci\u00f3 en fisioter\u00e0pia I, Afeccions m\u00e8dic-quir\u00fargiques I. A <strong>Ci\u00e8ncies socials<\/strong> dur\u00e0s a terme assignatures com <strong>Psicologia<\/strong>, durant la qual, assolir\u00e0s una formaci\u00f3 te\u00f2rica i pr\u00e0ctica en determinats aspectes psicol\u00f2gics i socials implicats en el camp de la fisioter\u00e0pia i <strong>Antropologia<\/strong>, en la qual, des d\u2019una perspectiva hol\u00edstica i \u00e8tica, es proposa l\u2019an\u00e0lisi de les causes culturals i dels conflictes que incideixen a la salut, al seu desequilibri i la repercussi\u00f3 social que tenen els seus significats.<\/p>\n<p style=\"text-align: justify;\">Dins de <strong>Procediments generals en fisioter\u00e0pia<\/strong> s\u2019inclouen: <strong>Massoter\u00e0pia<\/strong>, on aprendr\u00e0s diverses t\u00e8cniques i m\u00e8todes espec\u00edfics d&#8217;actuacions fisioter\u00e0piques i la seva aplicaci\u00f3 a les diferents patologies i per a la conservaci\u00f3 de la salut, aix\u00ed com tamb\u00e9, <strong>Aplicaci\u00f3 d\u2019agents F\u00edsics<\/strong>, durant la qual, adquirir\u00e0s les bases de l\u2019aplicaci\u00f3 dels Agents F\u00edsics en Fisioter\u00e0pia. A m\u00e9s, per entendre millor la seva aplicaci\u00f3, treballar\u00e0s diversos conceptes i principis cient\u00edfics.<\/p>\n<p style=\"text-align: justify;\">D\u2019altra banda, tamb\u00e9 realitzar\u00e0s assignatures t\u00e8cniques com <strong>Desenvolupament d&#8217;Estudis Tecnol\u00f2gic<\/strong>s i <strong>Biomec\u00e0nica<\/strong>, tamb\u00e9 coneguda com a <strong>Anatomia del Moviment<\/strong>, que aborda els principis f\u00edsics de la Mec\u00e0nica aplicats al sistema m\u00fascul-esquel\u00e8tic i funcional de l&#8217;\u00e9sser hum\u00e0. Sense deixar de banda altres interessants mat\u00e8ries com: <strong>Cinesiter\u00e0pia<\/strong> i t\u00e8cniques espec\u00edfiques de tractament, incorporant el concepte de neurodin\u00e0mica i l\u2019aplicaci\u00f3 de les t\u00e8cniques b\u00e0siques de la mateixa.<\/p>\n<p style=\"text-align: justify;\">A <strong>M\u00e8todes espec\u00edfics d&#8217;intervenci\u00f3 en fisioter\u00e0pia I<\/strong> estudiar\u00e0s: <strong>Atenci\u00f3 de Fisioter\u00e0pia en les Lesions de l&#8217;Aparell Locomotor<\/strong>, en la qual, es duu a terme l\u2019abordatge i tractament de fisioter\u00e0pia en el pacient afectat de lesions en l&#8217;aparell locomotor; la <strong>Ter\u00e0pia Manual<\/strong>, coneixer\u00e0s les bases del tractament osteop\u00e0tic estructural des del vessant fisioterap\u00e8utic i Cadenes Musculars, al llarg de la qual, coneixer\u00e0s els elements corporals que ens permeten mantenir l&#8217;equilibri i adoptar una postura determinada.<\/p>\n<p style=\"text-align: justify;\">Al bloc <strong>d\u2019Afeccions m\u00e8dic-quir\u00fargiques I<\/strong> de segon curs, portar\u00e0s a terme assignatures centrades en l\u2019atenci\u00f3 dels pacients com: <strong>Afeccions M\u00e8dic-Quir\u00fargiques<\/strong>, on coneixer\u00e0s les principals malalties, s\u00edndromes i dolors i la seva relaci\u00f3 amb el dolor m\u00fascul-esquel\u00e8tic; <strong>Patologia Traumatol\u00f2gica<\/strong>, centrada en les patologies de l&#8217;aparell locomotor, estudiant etiologia, diagn\u00f2stic i tractament de les mateixes i <strong>Atenci\u00f3 Sanit\u00e0ria B\u00e0sica<\/strong>, \u00a0aborda el coneixement de la persona dins el context de la salut, aix\u00ed com, la realitzaci\u00f3 i atenci\u00f3 b\u00e0sica en les emerg\u00e8ncies sanit\u00e0ries.<\/p>\n<p style=\"text-align: justify;\">Als \u00faltims cursos, 3r i 4t arriba el moment de <strong>l\u2019especialitzaci\u00f3<\/strong>. A <strong>tercer curs<\/strong>, a trav\u00e9s dels m\u00f2duls de: Fisioter\u00e0pia en especialitats cl\u00edniques, M\u00e8todes espec\u00edfics d&#8217;intervenci\u00f3 en fisioter\u00e0pia II, Legislaci\u00f3, salut p\u00fablica i administraci\u00f3 sanit\u00e0ria, Metodologia d&#8217;investigaci\u00f3 en fisioter\u00e0pia, Afeccions m\u00e8dic-quir\u00fargiques II i Pr\u00e0cticum I, disposar\u00e0s d\u2019una s\u00f2lida base te\u00f2rica i pr\u00e0ctica que t\u2019ajudar\u00e0 a <strong>encaminar el teu futur professional<\/strong>.<\/p>\n<p style=\"text-align: justify;\">Finalment, a <strong>quart curs<\/strong>, podr\u00e0s completar el teu curr\u00edculum acad\u00e8mic, escollint entre diverses assignatures <strong>optatives<\/strong>: Ortesis i Pr\u00f2tesis, Reeducaci\u00f3 Postural i del Moviment, Ter\u00e0pia de l&#8217;Esport, Programaci\u00f3 d\u2019Apps de Fisioter\u00e0pia per a dispositius M\u00f2bils, Introducci\u00f3 al diagn\u00f2stic per la imatge en fisioter\u00e0pia, entre moltes altres. A m\u00e9s, del pr\u00e0cticum II i el Treball de fi de Grau.<\/p>\n<p style=\"text-align: justify;\">Aposta per una formaci\u00f3 que d\u00f3na resposta als reptes del sector, estudiant el <a href=\"https:\/\/goo.gl\/xSeHyM\"><strong>Grau en Fisioter\u00e0pia Internacional<\/strong><\/a> al Campus de la UB.<\/p>\n<p style=\"text-align: justify;\">\n<p style=\"text-align: justify;\">En aquest <a href=\"https:\/\/goo.gl\/xSeHyM\"><strong>enlla\u00e7<\/strong><\/a>, pots consultar el pla d\u2019estudis al complet.<\/p>\n","protected":false},"excerpt":{"rendered":"<p>El Grau en Fisioter\u00e0pia Internacional de l\u2019Escola de Noves Tecnologies Interactives (ENTI-UB) i de l\u2019Escola de la Salut i l\u2019Esport (EUSES-UdG) incideix en una formaci\u00f3 hol\u00edstica i especialitzada en els diferents aspectes de la fisioter\u00e0pia com: la valoraci\u00f3, el diagn\u00f2stic, el disseny i el desenvolupament de tractaments, estudiant \u00edntegrament en angl\u00e8s i amb una clara [&hellip;]<\/p>\n","protected":false},"author":1,"featured_media":5200,"comment_status":"closed","ping_status":"closed","sticky":false,"template":"","format":"standard","meta":{"_acf_changed":false,"inline_featured_image":false,"_joinchat":[],"footnotes":""},"categories":[54],"tags":[45],"class_list":["post-5232","post","type-post","status-publish","format-standard","has-post-thumbnail","hentry","category-uncategorized-ca","tag-catala"],"acf":[],"yoast_head":"<!-- This site is optimized with the Yoast SEO plugin v27.4 - https:\/\/yoast.com\/product\/yoast-seo-wordpress\/ -->\n<title>El pla d\u2019estudis del Grau en Fisioter\u00e0pia Internacional aposta per la innovaci\u00f3 i l\u2019especialitzaci\u00f3, adaptant-se a les demandes del mercat laboral actual | EUSES- Campus de Bellvitge (Barcelona)<\/title>\n<meta name=\"robots\" content=\"index, follow, max-snippet:-1, max-image-preview:large, max-video-preview:-1\" \/>\n<link rel=\"canonical\" href=\"https:\/\/barcelona.euses.cat\/ca\/el-pla-destudis-del-grau-en-fisioterapia-internacional-aposta-per-la-innovacio-i-lespecialitzacio-adaptant-se-a-les-demandes-del-mercat-laboral-actual\/\" \/>\n<meta property=\"og:locale\" content=\"ca_ES\" \/>\n<meta property=\"og:type\" content=\"article\" \/>\n<meta property=\"og:title\" content=\"El pla d\u2019estudis del Grau en Fisioter\u00e0pia Internacional aposta per la innovaci\u00f3 i l\u2019especialitzaci\u00f3, adaptant-se a les demandes del mercat laboral actual | EUSES- Campus de Bellvitge (Barcelona)\" \/>\n<meta property=\"og:description\" content=\"El Grau en Fisioter\u00e0pia Internacional de l\u2019Escola de Noves Tecnologies Interactives (ENTI-UB) i de l\u2019Escola de la Salut i l\u2019Esport (EUSES-UdG) incideix en una formaci\u00f3 hol\u00edstica i especialitzada en els diferents aspectes de la fisioter\u00e0pia com: la valoraci\u00f3, el diagn\u00f2stic, el disseny i el desenvolupament de tractaments, estudiant \u00edntegrament en angl\u00e8s i amb una clara [&hellip;]\" \/>\n<meta property=\"og:url\" content=\"https:\/\/barcelona.euses.cat\/ca\/el-pla-destudis-del-grau-en-fisioterapia-internacional-aposta-per-la-innovacio-i-lespecialitzacio-adaptant-se-a-les-demandes-del-mercat-laboral-actual\/\" \/>\n<meta property=\"og:site_name\" content=\"EUSES- Campus de Bellvitge (Barcelona)\" \/>\n<meta property=\"article:publisher\" content=\"https:\/\/www.facebook.com\/PhysioBCN\/\" \/>\n<meta property=\"article:published_time\" content=\"2017-10-29T23:00:00+00:00\" \/>\n<meta property=\"og:image\" content=\"https:\/\/barcelona.euses.cat\/wp-content\/uploads\/2018\/02\/l1.jpg\" \/>\n\t<meta property=\"og:image:width\" content=\"749\" \/>\n\t<meta property=\"og:image:height\" content=\"500\" \/>\n\t<meta property=\"og:image:type\" content=\"image\/jpeg\" \/>\n<meta name=\"author\" content=\"neorg\" \/>\n<meta name=\"twitter:card\" content=\"summary_large_image\" \/>\n<meta name=\"twitter:label1\" content=\"Escrit per\" \/>\n\t<meta name=\"twitter:data1\" content=\"neorg\" \/>\n\t<meta name=\"twitter:label2\" content=\"Temps estimat de lectura\" \/>\n\t<meta name=\"twitter:data2\" content=\"5 minuts\" \/>\n<script type=\"application\/ld+json\" class=\"yoast-schema-graph\">{\"@context\":\"https:\\\/\\\/schema.org\",\"@graph\":[{\"@type\":\"Article\",\"@id\":\"https:\\\/\\\/barcelona.euses.cat\\\/ca\\\/el-pla-destudis-del-grau-en-fisioterapia-internacional-aposta-per-la-innovacio-i-lespecialitzacio-adaptant-se-a-les-demandes-del-mercat-laboral-actual\\\/#article\",\"isPartOf\":{\"@id\":\"https:\\\/\\\/barcelona.euses.cat\\\/ca\\\/el-pla-destudis-del-grau-en-fisioterapia-internacional-aposta-per-la-innovacio-i-lespecialitzacio-adaptant-se-a-les-demandes-del-mercat-laboral-actual\\\/\"},\"author\":{\"name\":\"neorg\",\"@id\":\"https:\\\/\\\/barcelona.euses.cat\\\/ca\\\/#\\\/schema\\\/person\\\/c3074ca9d956eacf02e41e2ff78e53ab\"},\"headline\":\"El pla d\u2019estudis del Grau en Fisioter\u00e0pia Internacional aposta per la innovaci\u00f3 i l\u2019especialitzaci\u00f3, adaptant-se a les demandes del mercat laboral actual\",\"datePublished\":\"2017-10-29T23:00:00+00:00\",\"mainEntityOfPage\":{\"@id\":\"https:\\\/\\\/barcelona.euses.cat\\\/ca\\\/el-pla-destudis-del-grau-en-fisioterapia-internacional-aposta-per-la-innovacio-i-lespecialitzacio-adaptant-se-a-les-demandes-del-mercat-laboral-actual\\\/\"},\"wordCount\":1131,\"image\":{\"@id\":\"https:\\\/\\\/barcelona.euses.cat\\\/ca\\\/el-pla-destudis-del-grau-en-fisioterapia-internacional-aposta-per-la-innovacio-i-lespecialitzacio-adaptant-se-a-les-demandes-del-mercat-laboral-actual\\\/#primaryimage\"},\"thumbnailUrl\":\"https:\\\/\\\/barcelona.euses.cat\\\/wp-content\\\/uploads\\\/2018\\\/02\\\/l1.jpg\",\"keywords\":[\"Catal\u00e0\"],\"articleSection\":[\"Uncategorized @ca\"],\"inLanguage\":\"ca\"},{\"@type\":\"WebPage\",\"@id\":\"https:\\\/\\\/barcelona.euses.cat\\\/ca\\\/el-pla-destudis-del-grau-en-fisioterapia-internacional-aposta-per-la-innovacio-i-lespecialitzacio-adaptant-se-a-les-demandes-del-mercat-laboral-actual\\\/\",\"url\":\"https:\\\/\\\/barcelona.euses.cat\\\/ca\\\/el-pla-destudis-del-grau-en-fisioterapia-internacional-aposta-per-la-innovacio-i-lespecialitzacio-adaptant-se-a-les-demandes-del-mercat-laboral-actual\\\/\",\"name\":\"El pla d\u2019estudis del Grau en Fisioter\u00e0pia Internacional aposta per la innovaci\u00f3 i l\u2019especialitzaci\u00f3, adaptant-se a les demandes del mercat laboral actual | EUSES- Campus de Bellvitge (Barcelona)\",\"isPartOf\":{\"@id\":\"https:\\\/\\\/barcelona.euses.cat\\\/ca\\\/#website\"},\"primaryImageOfPage\":{\"@id\":\"https:\\\/\\\/barcelona.euses.cat\\\/ca\\\/el-pla-destudis-del-grau-en-fisioterapia-internacional-aposta-per-la-innovacio-i-lespecialitzacio-adaptant-se-a-les-demandes-del-mercat-laboral-actual\\\/#primaryimage\"},\"image\":{\"@id\":\"https:\\\/\\\/barcelona.euses.cat\\\/ca\\\/el-pla-destudis-del-grau-en-fisioterapia-internacional-aposta-per-la-innovacio-i-lespecialitzacio-adaptant-se-a-les-demandes-del-mercat-laboral-actual\\\/#primaryimage\"},\"thumbnailUrl\":\"https:\\\/\\\/barcelona.euses.cat\\\/wp-content\\\/uploads\\\/2018\\\/02\\\/l1.jpg\",\"datePublished\":\"2017-10-29T23:00:00+00:00\",\"author\":{\"@id\":\"https:\\\/\\\/barcelona.euses.cat\\\/ca\\\/#\\\/schema\\\/person\\\/c3074ca9d956eacf02e41e2ff78e53ab\"},\"breadcrumb\":{\"@id\":\"https:\\\/\\\/barcelona.euses.cat\\\/ca\\\/el-pla-destudis-del-grau-en-fisioterapia-internacional-aposta-per-la-innovacio-i-lespecialitzacio-adaptant-se-a-les-demandes-del-mercat-laboral-actual\\\/#breadcrumb\"},\"inLanguage\":\"ca\",\"potentialAction\":[{\"@type\":\"ReadAction\",\"target\":[\"https:\\\/\\\/barcelona.euses.cat\\\/ca\\\/el-pla-destudis-del-grau-en-fisioterapia-internacional-aposta-per-la-innovacio-i-lespecialitzacio-adaptant-se-a-les-demandes-del-mercat-laboral-actual\\\/\"]}]},{\"@type\":\"ImageObject\",\"inLanguage\":\"ca\",\"@id\":\"https:\\\/\\\/barcelona.euses.cat\\\/ca\\\/el-pla-destudis-del-grau-en-fisioterapia-internacional-aposta-per-la-innovacio-i-lespecialitzacio-adaptant-se-a-les-demandes-del-mercat-laboral-actual\\\/#primaryimage\",\"url\":\"https:\\\/\\\/barcelona.euses.cat\\\/wp-content\\\/uploads\\\/2018\\\/02\\\/l1.jpg\",\"contentUrl\":\"https:\\\/\\\/barcelona.euses.cat\\\/wp-content\\\/uploads\\\/2018\\\/02\\\/l1.jpg\",\"width\":749,\"height\":500},{\"@type\":\"BreadcrumbList\",\"@id\":\"https:\\\/\\\/barcelona.euses.cat\\\/ca\\\/el-pla-destudis-del-grau-en-fisioterapia-internacional-aposta-per-la-innovacio-i-lespecialitzacio-adaptant-se-a-les-demandes-del-mercat-laboral-actual\\\/#breadcrumb\",\"itemListElement\":[{\"@type\":\"ListItem\",\"position\":1,\"name\":\"Portada\",\"item\":\"https:\\\/\\\/barcelona.euses.cat\\\/ca\\\/\"},{\"@type\":\"ListItem\",\"position\":2,\"name\":\"El pla d\u2019estudis del Grau en Fisioter\u00e0pia Internacional aposta per la innovaci\u00f3 i l\u2019especialitzaci\u00f3, adaptant-se a les demandes del mercat laboral actual\"}]},{\"@type\":\"WebSite\",\"@id\":\"https:\\\/\\\/barcelona.euses.cat\\\/ca\\\/#website\",\"url\":\"https:\\\/\\\/barcelona.euses.cat\\\/ca\\\/\",\"name\":\"EUSES - Campus de Bellvitge (Barcelona)\",\"description\":\"EUSES, Escola Universit\u00e0ria de Fisioter\u00e0pia Internacional a Barcelona\",\"potentialAction\":[{\"@type\":\"SearchAction\",\"target\":{\"@type\":\"EntryPoint\",\"urlTemplate\":\"https:\\\/\\\/barcelona.euses.cat\\\/ca\\\/?s={search_term_string}\"},\"query-input\":{\"@type\":\"PropertyValueSpecification\",\"valueRequired\":true,\"valueName\":\"search_term_string\"}}],\"inLanguage\":\"ca\"},{\"@type\":\"Person\",\"@id\":\"https:\\\/\\\/barcelona.euses.cat\\\/ca\\\/#\\\/schema\\\/person\\\/c3074ca9d956eacf02e41e2ff78e53ab\",\"name\":\"neorg\",\"image\":{\"@type\":\"ImageObject\",\"inLanguage\":\"ca\",\"@id\":\"https:\\\/\\\/secure.gravatar.com\\\/avatar\\\/709d3d8015183afa7401c02e2291a538cbfd4ffe62f4d86ce5f4871f22e86b09?s=96&d=mm&r=g\",\"url\":\"https:\\\/\\\/secure.gravatar.com\\\/avatar\\\/709d3d8015183afa7401c02e2291a538cbfd4ffe62f4d86ce5f4871f22e86b09?s=96&d=mm&r=g\",\"contentUrl\":\"https:\\\/\\\/secure.gravatar.com\\\/avatar\\\/709d3d8015183afa7401c02e2291a538cbfd4ffe62f4d86ce5f4871f22e86b09?s=96&d=mm&r=g\",\"caption\":\"neorg\"},\"url\":\"https:\\\/\\\/barcelona.euses.cat\\\/ca\\\/author\\\/neorg\\\/\"}]}<\/script>\n<!-- \/ Yoast SEO plugin. -->","yoast_head_json":{"title":"El pla d\u2019estudis del Grau en Fisioter\u00e0pia Internacional aposta per la innovaci\u00f3 i l\u2019especialitzaci\u00f3, adaptant-se a les demandes del mercat laboral actual | EUSES- Campus de Bellvitge (Barcelona)","robots":{"index":"index","follow":"follow","max-snippet":"max-snippet:-1","max-image-preview":"max-image-preview:large","max-video-preview":"max-video-preview:-1"},"canonical":"https:\/\/barcelona.euses.cat\/ca\/el-pla-destudis-del-grau-en-fisioterapia-internacional-aposta-per-la-innovacio-i-lespecialitzacio-adaptant-se-a-les-demandes-del-mercat-laboral-actual\/","og_locale":"ca_ES","og_type":"article","og_title":"El pla d\u2019estudis del Grau en Fisioter\u00e0pia Internacional aposta per la innovaci\u00f3 i l\u2019especialitzaci\u00f3, adaptant-se a les demandes del mercat laboral actual | EUSES- Campus de Bellvitge (Barcelona)","og_description":"El Grau en Fisioter\u00e0pia Internacional de l\u2019Escola de Noves Tecnologies Interactives (ENTI-UB) i de l\u2019Escola de la Salut i l\u2019Esport (EUSES-UdG) incideix en una formaci\u00f3 hol\u00edstica i especialitzada en els diferents aspectes de la fisioter\u00e0pia com: la valoraci\u00f3, el diagn\u00f2stic, el disseny i el desenvolupament de tractaments, estudiant \u00edntegrament en angl\u00e8s i amb una clara [&hellip;]","og_url":"https:\/\/barcelona.euses.cat\/ca\/el-pla-destudis-del-grau-en-fisioterapia-internacional-aposta-per-la-innovacio-i-lespecialitzacio-adaptant-se-a-les-demandes-del-mercat-laboral-actual\/","og_site_name":"EUSES- Campus de Bellvitge (Barcelona)","article_publisher":"https:\/\/www.facebook.com\/PhysioBCN\/","article_published_time":"2017-10-29T23:00:00+00:00","og_image":[{"width":749,"height":500,"url":"https:\/\/barcelona.euses.cat\/wp-content\/uploads\/2018\/02\/l1.jpg","type":"image\/jpeg"}],"author":"neorg","twitter_card":"summary_large_image","twitter_misc":{"Escrit per":"neorg","Temps estimat de lectura":"5 minuts"},"schema":{"@context":"https:\/\/schema.org","@graph":[{"@type":"Article","@id":"https:\/\/barcelona.euses.cat\/ca\/el-pla-destudis-del-grau-en-fisioterapia-internacional-aposta-per-la-innovacio-i-lespecialitzacio-adaptant-se-a-les-demandes-del-mercat-laboral-actual\/#article","isPartOf":{"@id":"https:\/\/barcelona.euses.cat\/ca\/el-pla-destudis-del-grau-en-fisioterapia-internacional-aposta-per-la-innovacio-i-lespecialitzacio-adaptant-se-a-les-demandes-del-mercat-laboral-actual\/"},"author":{"name":"neorg","@id":"https:\/\/barcelona.euses.cat\/ca\/#\/schema\/person\/c3074ca9d956eacf02e41e2ff78e53ab"},"headline":"El pla d\u2019estudis del Grau en Fisioter\u00e0pia Internacional aposta per la innovaci\u00f3 i l\u2019especialitzaci\u00f3, adaptant-se a les demandes del mercat laboral actual","datePublished":"2017-10-29T23:00:00+00:00","mainEntityOfPage":{"@id":"https:\/\/barcelona.euses.cat\/ca\/el-pla-destudis-del-grau-en-fisioterapia-internacional-aposta-per-la-innovacio-i-lespecialitzacio-adaptant-se-a-les-demandes-del-mercat-laboral-actual\/"},"wordCount":1131,"image":{"@id":"https:\/\/barcelona.euses.cat\/ca\/el-pla-destudis-del-grau-en-fisioterapia-internacional-aposta-per-la-innovacio-i-lespecialitzacio-adaptant-se-a-les-demandes-del-mercat-laboral-actual\/#primaryimage"},"thumbnailUrl":"https:\/\/barcelona.euses.cat\/wp-content\/uploads\/2018\/02\/l1.jpg","keywords":["Catal\u00e0"],"articleSection":["Uncategorized @ca"],"inLanguage":"ca"},{"@type":"WebPage","@id":"https:\/\/barcelona.euses.cat\/ca\/el-pla-destudis-del-grau-en-fisioterapia-internacional-aposta-per-la-innovacio-i-lespecialitzacio-adaptant-se-a-les-demandes-del-mercat-laboral-actual\/","url":"https:\/\/barcelona.euses.cat\/ca\/el-pla-destudis-del-grau-en-fisioterapia-internacional-aposta-per-la-innovacio-i-lespecialitzacio-adaptant-se-a-les-demandes-del-mercat-laboral-actual\/","name":"El pla d\u2019estudis del Grau en Fisioter\u00e0pia Internacional aposta per la innovaci\u00f3 i l\u2019especialitzaci\u00f3, adaptant-se a les demandes del mercat laboral actual | EUSES- Campus de Bellvitge (Barcelona)","isPartOf":{"@id":"https:\/\/barcelona.euses.cat\/ca\/#website"},"primaryImageOfPage":{"@id":"https:\/\/barcelona.euses.cat\/ca\/el-pla-destudis-del-grau-en-fisioterapia-internacional-aposta-per-la-innovacio-i-lespecialitzacio-adaptant-se-a-les-demandes-del-mercat-laboral-actual\/#primaryimage"},"image":{"@id":"https:\/\/barcelona.euses.cat\/ca\/el-pla-destudis-del-grau-en-fisioterapia-internacional-aposta-per-la-innovacio-i-lespecialitzacio-adaptant-se-a-les-demandes-del-mercat-laboral-actual\/#primaryimage"},"thumbnailUrl":"https:\/\/barcelona.euses.cat\/wp-content\/uploads\/2018\/02\/l1.jpg","datePublished":"2017-10-29T23:00:00+00:00","author":{"@id":"https:\/\/barcelona.euses.cat\/ca\/#\/schema\/person\/c3074ca9d956eacf02e41e2ff78e53ab"},"breadcrumb":{"@id":"https:\/\/barcelona.euses.cat\/ca\/el-pla-destudis-del-grau-en-fisioterapia-internacional-aposta-per-la-innovacio-i-lespecialitzacio-adaptant-se-a-les-demandes-del-mercat-laboral-actual\/#breadcrumb"},"inLanguage":"ca","potentialAction":[{"@type":"ReadAction","target":["https:\/\/barcelona.euses.cat\/ca\/el-pla-destudis-del-grau-en-fisioterapia-internacional-aposta-per-la-innovacio-i-lespecialitzacio-adaptant-se-a-les-demandes-del-mercat-laboral-actual\/"]}]},{"@type":"ImageObject","inLanguage":"ca","@id":"https:\/\/barcelona.euses.cat\/ca\/el-pla-destudis-del-grau-en-fisioterapia-internacional-aposta-per-la-innovacio-i-lespecialitzacio-adaptant-se-a-les-demandes-del-mercat-laboral-actual\/#primaryimage","url":"https:\/\/barcelona.euses.cat\/wp-content\/uploads\/2018\/02\/l1.jpg","contentUrl":"https:\/\/barcelona.euses.cat\/wp-content\/uploads\/2018\/02\/l1.jpg","width":749,"height":500},{"@type":"BreadcrumbList","@id":"https:\/\/barcelona.euses.cat\/ca\/el-pla-destudis-del-grau-en-fisioterapia-internacional-aposta-per-la-innovacio-i-lespecialitzacio-adaptant-se-a-les-demandes-del-mercat-laboral-actual\/#breadcrumb","itemListElement":[{"@type":"ListItem","position":1,"name":"Portada","item":"https:\/\/barcelona.euses.cat\/ca\/"},{"@type":"ListItem","position":2,"name":"El pla d\u2019estudis del Grau en Fisioter\u00e0pia Internacional aposta per la innovaci\u00f3 i l\u2019especialitzaci\u00f3, adaptant-se a les demandes del mercat laboral actual"}]},{"@type":"WebSite","@id":"https:\/\/barcelona.euses.cat\/ca\/#website","url":"https:\/\/barcelona.euses.cat\/ca\/","name":"EUSES - Campus de Bellvitge (Barcelona)","description":"EUSES, Escola Universit\u00e0ria de Fisioter\u00e0pia Internacional a Barcelona","potentialAction":[{"@type":"SearchAction","target":{"@type":"EntryPoint","urlTemplate":"https:\/\/barcelona.euses.cat\/ca\/?s={search_term_string}"},"query-input":{"@type":"PropertyValueSpecification","valueRequired":true,"valueName":"search_term_string"}}],"inLanguage":"ca"},{"@type":"Person","@id":"https:\/\/barcelona.euses.cat\/ca\/#\/schema\/person\/c3074ca9d956eacf02e41e2ff78e53ab","name":"neorg","image":{"@type":"ImageObject","inLanguage":"ca","@id":"https:\/\/secure.gravatar.com\/avatar\/709d3d8015183afa7401c02e2291a538cbfd4ffe62f4d86ce5f4871f22e86b09?s=96&d=mm&r=g","url":"https:\/\/secure.gravatar.com\/avatar\/709d3d8015183afa7401c02e2291a538cbfd4ffe62f4d86ce5f4871f22e86b09?s=96&d=mm&r=g","contentUrl":"https:\/\/secure.gravatar.com\/avatar\/709d3d8015183afa7401c02e2291a538cbfd4ffe62f4d86ce5f4871f22e86b09?s=96&d=mm&r=g","caption":"neorg"},"url":"https:\/\/barcelona.euses.cat\/ca\/author\/neorg\/"}]}},"_links":{"self":[{"href":"https:\/\/barcelona.euses.cat\/ca\/wp-json\/wp\/v2\/posts\/5232","targetHints":{"allow":["GET"]}}],"collection":[{"href":"https:\/\/barcelona.euses.cat\/ca\/wp-json\/wp\/v2\/posts"}],"about":[{"href":"https:\/\/barcelona.euses.cat\/ca\/wp-json\/wp\/v2\/types\/post"}],"author":[{"embeddable":true,"href":"https:\/\/barcelona.euses.cat\/ca\/wp-json\/wp\/v2\/users\/1"}],"replies":[{"embeddable":true,"href":"https:\/\/barcelona.euses.cat\/ca\/wp-json\/wp\/v2\/comments?post=5232"}],"version-history":[{"count":0,"href":"https:\/\/barcelona.euses.cat\/ca\/wp-json\/wp\/v2\/posts\/5232\/revisions"}],"wp:featuredmedia":[{"embeddable":true,"href":"https:\/\/barcelona.euses.cat\/ca\/wp-json\/wp\/v2\/media\/5200"}],"wp:attachment":[{"href":"https:\/\/barcelona.euses.cat\/ca\/wp-json\/wp\/v2\/media?parent=5232"}],"wp:term":[{"taxonomy":"category","embeddable":true,"href":"https:\/\/barcelona.euses.cat\/ca\/wp-json\/wp\/v2\/categories?post=5232"},{"taxonomy":"post_tag","embeddable":true,"href":"https:\/\/barcelona.euses.cat\/ca\/wp-json\/wp\/v2\/tags?post=5232"}],"curies":[{"name":"wp","href":"https:\/\/api.w.org\/{rel}","templated":true}]}}