{"id":5204,"date":"2017-12-13T00:00:00","date_gmt":"2017-12-12T23:00:00","guid":{"rendered":"http:\/\/physiotherapybarcelona.net\/els-estudiants-del-grau-en-fisioterapia-internacional-de-barcelona-i-del-grau-en-fisioterapia-deuses-udg-han-participat-com-a-voluntaris-a-la-mitja-marato-de-mataro-i-a-la-cursa-de-l\/"},"modified":"2017-12-13T00:00:00","modified_gmt":"2017-12-12T23:00:00","slug":"els-estudiants-del-grau-en-fisioterapia-internacional-de-barcelona-i-del-grau-en-fisioterapia-deuses-udg-han-participat-com-a-voluntaris-a-la-mitja-marato-de-mataro-i-a-la-cursa-de-l","status":"publish","type":"post","link":"https:\/\/barcelona.euses.cat\/ca\/els-estudiants-del-grau-en-fisioterapia-internacional-de-barcelona-i-del-grau-en-fisioterapia-deuses-udg-han-participat-com-a-voluntaris-a-la-mitja-marato-de-mataro-i-a-la-cursa-de-l\/","title":{"rendered":"Els estudiants del Grau en Fisioter\u00e0pia Internacional de Barcelona i del Grau en Fisioter\u00e0pia d\u2019EUSES-UdG han participat com a voluntaris a la Mitja Marat\u00f3 de Matar\u00f3 i a la cursa de l\u2019Associaci\u00f3 Espanyola contra el C\u00e0ncer"},"content":{"rendered":"<p style=\"text-align: justify;\">Els estudiants del <a href=\"http:\/\/physiotherapybarcelona.net\/ca\/\"><strong>Grau en Fisioter\u00e0pia Internacional de Barcelona<\/strong><\/a> i del <a href=\"http:\/\/euses.cat\/estudis\/graus\/grau-en-fisioterapia\/\"><strong>Grau en Fisioter\u00e0pia d\u2019EUSES-UdG, la Universitat de la Salut i l\u2019Esport<\/strong><\/a> han col\u00b7laborat, un any m\u00e9s, de forma volunt\u00e0ria a la <a href=\"https:\/\/goo.gl\/H3Gt11\"><strong>Mitja Marat\u00f3 de Matar\u00f3<\/strong><\/a>, que enguany ha arribat fins a la 20a edici\u00f3 i s\u2019ha consolidat com una de les grans proves del calendari catal\u00e0 de curses de fons.<\/p>\n<p style=\"text-align: justify;\">Sota la supervisi\u00f3 del <strong>fisioterapeuta<\/strong> <strong>d\u2019EUSES Alumni Daniel de Celis<\/strong>, els estudiants s\u2019han situat en una zona habilitada a l\u2019arribada, al <strong>pavell\u00f3 Eusebi Mill\u00e1n<\/strong>, on s\u2019han encarregat de la <strong>recuperaci\u00f3 muscular<\/strong> dels participants. Els alumnes que han participat en el voluntariat han estat: Marc Egea, Jean-Fran\u00e7ois Venet, Lucas Llenas, Fabien Mansuy, Masimilien Martocq, Clo\u00e9 Brogniet, Julie Grondin, ThomasVergnes, Dorian Cotta, Pauline Monteleone, Margaux Lhomet, Juliane Corro i Laury Tournadre.<\/p>\n<p style=\"text-align: justify;\">El mateix cap de setmana, els nostres <strong>alumnes<\/strong> tamb\u00e9 van participar en la <strong>cursa<\/strong>, organitzada per <strong>l&#8217;Associaci\u00f3 Espanyola contra el C\u00e0ncer <\/strong>a Barcelona sota la supervisi\u00f3 de <strong>Francisco Unda<\/strong>, com a tutor.<\/p>\n<p style=\"text-align: justify;\">\n","protected":false},"excerpt":{"rendered":"<p>Els estudiants del Grau en Fisioter\u00e0pia Internacional de Barcelona i del Grau en Fisioter\u00e0pia d\u2019EUSES-UdG, la Universitat de la Salut i l\u2019Esport han col\u00b7laborat, un any m\u00e9s, de forma volunt\u00e0ria a la Mitja Marat\u00f3 de Matar\u00f3, que enguany ha arribat fins a la 20a edici\u00f3 i s\u2019ha consolidat com una de les grans proves del [&hellip;]<\/p>\n","protected":false},"author":1,"featured_media":5205,"comment_status":"closed","ping_status":"closed","sticky":false,"template":"","format":"standard","meta":{"_acf_changed":false,"inline_featured_image":false,"_joinchat":[],"footnotes":""},"categories":[54],"tags":[45],"class_list":["post-5204","post","type-post","status-publish","format-standard","has-post-thumbnail","hentry","category-uncategorized-ca","tag-catala"],"acf":[],"yoast_head":"<!-- This site is optimized with the Yoast SEO plugin v27.4 - https:\/\/yoast.com\/product\/yoast-seo-wordpress\/ -->\n<title>Els estudiants del Grau en Fisioter\u00e0pia Internacional de Barcelona i del Grau en Fisioter\u00e0pia d\u2019EUSES-UdG han participat com a voluntaris a la Mitja Marat\u00f3 de Matar\u00f3 i a la cursa de l\u2019Associaci\u00f3 Espanyola contra el C\u00e0ncer | EUSES- Campus de Bellvitge (Barcelona)<\/title>\n<meta name=\"robots\" content=\"index, follow, max-snippet:-1, max-image-preview:large, max-video-preview:-1\" \/>\n<link rel=\"canonical\" href=\"https:\/\/barcelona.euses.cat\/ca\/els-estudiants-del-grau-en-fisioterapia-internacional-de-barcelona-i-del-grau-en-fisioterapia-deuses-udg-han-participat-com-a-voluntaris-a-la-mitja-marato-de-mataro-i-a-la-cursa-de-l\/\" \/>\n<meta property=\"og:locale\" content=\"ca_ES\" \/>\n<meta property=\"og:type\" content=\"article\" \/>\n<meta property=\"og:title\" content=\"Els estudiants del Grau en Fisioter\u00e0pia Internacional de Barcelona i del Grau en Fisioter\u00e0pia d\u2019EUSES-UdG han participat com a voluntaris a la Mitja Marat\u00f3 de Matar\u00f3 i a la cursa de l\u2019Associaci\u00f3 Espanyola contra el C\u00e0ncer | EUSES- Campus de Bellvitge (Barcelona)\" \/>\n<meta property=\"og:description\" content=\"Els estudiants del Grau en Fisioter\u00e0pia Internacional de Barcelona i del Grau en Fisioter\u00e0pia d\u2019EUSES-UdG, la Universitat de la Salut i l\u2019Esport han col\u00b7laborat, un any m\u00e9s, de forma volunt\u00e0ria a la Mitja Marat\u00f3 de Matar\u00f3, que enguany ha arribat fins a la 20a edici\u00f3 i s\u2019ha consolidat com una de les grans proves del [&hellip;]\" \/>\n<meta property=\"og:url\" content=\"https:\/\/barcelona.euses.cat\/ca\/els-estudiants-del-grau-en-fisioterapia-internacional-de-barcelona-i-del-grau-en-fisioterapia-deuses-udg-han-participat-com-a-voluntaris-a-la-mitja-marato-de-mataro-i-a-la-cursa-de-l\/\" \/>\n<meta property=\"og:site_name\" content=\"EUSES- Campus de Bellvitge (Barcelona)\" \/>\n<meta property=\"article:publisher\" content=\"https:\/\/www.facebook.com\/PhysioBCN\/\" \/>\n<meta property=\"article:published_time\" content=\"2017-12-12T23:00:00+00:00\" \/>\n<meta property=\"og:image\" content=\"https:\/\/barcelona.euses.cat\/wp-content\/uploads\/2018\/02\/20171203_121821.jpg\" \/>\n\t<meta property=\"og:image:width\" content=\"3264\" \/>\n\t<meta property=\"og:image:height\" content=\"1840\" \/>\n\t<meta property=\"og:image:type\" content=\"image\/jpeg\" \/>\n<meta name=\"author\" content=\"neorg\" \/>\n<meta name=\"twitter:card\" content=\"summary_large_image\" \/>\n<meta name=\"twitter:label1\" content=\"Escrit per\" \/>\n\t<meta name=\"twitter:data1\" content=\"neorg\" \/>\n\t<meta name=\"twitter:label2\" content=\"Temps estimat de lectura\" \/>\n\t<meta name=\"twitter:data2\" content=\"1 minut\" \/>\n<script type=\"application\/ld+json\" class=\"yoast-schema-graph\">{\"@context\":\"https:\\\/\\\/schema.org\",\"@graph\":[{\"@type\":\"Article\",\"@id\":\"https:\\\/\\\/barcelona.euses.cat\\\/ca\\\/els-estudiants-del-grau-en-fisioterapia-internacional-de-barcelona-i-del-grau-en-fisioterapia-deuses-udg-han-participat-com-a-voluntaris-a-la-mitja-marato-de-mataro-i-a-la-cursa-de-l\\\/#article\",\"isPartOf\":{\"@id\":\"https:\\\/\\\/barcelona.euses.cat\\\/ca\\\/els-estudiants-del-grau-en-fisioterapia-internacional-de-barcelona-i-del-grau-en-fisioterapia-deuses-udg-han-participat-com-a-voluntaris-a-la-mitja-marato-de-mataro-i-a-la-cursa-de-l\\\/\"},\"author\":{\"name\":\"neorg\",\"@id\":\"https:\\\/\\\/barcelona.euses.cat\\\/ca\\\/#\\\/schema\\\/person\\\/c3074ca9d956eacf02e41e2ff78e53ab\"},\"headline\":\"Els estudiants del Grau en Fisioter\u00e0pia Internacional de Barcelona i del Grau en Fisioter\u00e0pia d\u2019EUSES-UdG han participat com a voluntaris a la Mitja Marat\u00f3 de Matar\u00f3 i a la cursa de l\u2019Associaci\u00f3 Espanyola contra el C\u00e0ncer\",\"datePublished\":\"2017-12-12T23:00:00+00:00\",\"mainEntityOfPage\":{\"@id\":\"https:\\\/\\\/barcelona.euses.cat\\\/ca\\\/els-estudiants-del-grau-en-fisioterapia-internacional-de-barcelona-i-del-grau-en-fisioterapia-deuses-udg-han-participat-com-a-voluntaris-a-la-mitja-marato-de-mataro-i-a-la-cursa-de-l\\\/\"},\"wordCount\":219,\"image\":{\"@id\":\"https:\\\/\\\/barcelona.euses.cat\\\/ca\\\/els-estudiants-del-grau-en-fisioterapia-internacional-de-barcelona-i-del-grau-en-fisioterapia-deuses-udg-han-participat-com-a-voluntaris-a-la-mitja-marato-de-mataro-i-a-la-cursa-de-l\\\/#primaryimage\"},\"thumbnailUrl\":\"https:\\\/\\\/barcelona.euses.cat\\\/wp-content\\\/uploads\\\/2018\\\/02\\\/20171203_121821.jpg\",\"keywords\":[\"Catal\u00e0\"],\"articleSection\":[\"Uncategorized @ca\"],\"inLanguage\":\"ca\"},{\"@type\":\"WebPage\",\"@id\":\"https:\\\/\\\/barcelona.euses.cat\\\/ca\\\/els-estudiants-del-grau-en-fisioterapia-internacional-de-barcelona-i-del-grau-en-fisioterapia-deuses-udg-han-participat-com-a-voluntaris-a-la-mitja-marato-de-mataro-i-a-la-cursa-de-l\\\/\",\"url\":\"https:\\\/\\\/barcelona.euses.cat\\\/ca\\\/els-estudiants-del-grau-en-fisioterapia-internacional-de-barcelona-i-del-grau-en-fisioterapia-deuses-udg-han-participat-com-a-voluntaris-a-la-mitja-marato-de-mataro-i-a-la-cursa-de-l\\\/\",\"name\":\"Els estudiants del Grau en Fisioter\u00e0pia Internacional de Barcelona i del Grau en Fisioter\u00e0pia d\u2019EUSES-UdG han participat com a voluntaris a la Mitja Marat\u00f3 de Matar\u00f3 i a la cursa de l\u2019Associaci\u00f3 Espanyola contra el C\u00e0ncer | EUSES- Campus de Bellvitge (Barcelona)\",\"isPartOf\":{\"@id\":\"https:\\\/\\\/barcelona.euses.cat\\\/ca\\\/#website\"},\"primaryImageOfPage\":{\"@id\":\"https:\\\/\\\/barcelona.euses.cat\\\/ca\\\/els-estudiants-del-grau-en-fisioterapia-internacional-de-barcelona-i-del-grau-en-fisioterapia-deuses-udg-han-participat-com-a-voluntaris-a-la-mitja-marato-de-mataro-i-a-la-cursa-de-l\\\/#primaryimage\"},\"image\":{\"@id\":\"https:\\\/\\\/barcelona.euses.cat\\\/ca\\\/els-estudiants-del-grau-en-fisioterapia-internacional-de-barcelona-i-del-grau-en-fisioterapia-deuses-udg-han-participat-com-a-voluntaris-a-la-mitja-marato-de-mataro-i-a-la-cursa-de-l\\\/#primaryimage\"},\"thumbnailUrl\":\"https:\\\/\\\/barcelona.euses.cat\\\/wp-content\\\/uploads\\\/2018\\\/02\\\/20171203_121821.jpg\",\"datePublished\":\"2017-12-12T23:00:00+00:00\",\"author\":{\"@id\":\"https:\\\/\\\/barcelona.euses.cat\\\/ca\\\/#\\\/schema\\\/person\\\/c3074ca9d956eacf02e41e2ff78e53ab\"},\"breadcrumb\":{\"@id\":\"https:\\\/\\\/barcelona.euses.cat\\\/ca\\\/els-estudiants-del-grau-en-fisioterapia-internacional-de-barcelona-i-del-grau-en-fisioterapia-deuses-udg-han-participat-com-a-voluntaris-a-la-mitja-marato-de-mataro-i-a-la-cursa-de-l\\\/#breadcrumb\"},\"inLanguage\":\"ca\",\"potentialAction\":[{\"@type\":\"ReadAction\",\"target\":[\"https:\\\/\\\/barcelona.euses.cat\\\/ca\\\/els-estudiants-del-grau-en-fisioterapia-internacional-de-barcelona-i-del-grau-en-fisioterapia-deuses-udg-han-participat-com-a-voluntaris-a-la-mitja-marato-de-mataro-i-a-la-cursa-de-l\\\/\"]}]},{\"@type\":\"ImageObject\",\"inLanguage\":\"ca\",\"@id\":\"https:\\\/\\\/barcelona.euses.cat\\\/ca\\\/els-estudiants-del-grau-en-fisioterapia-internacional-de-barcelona-i-del-grau-en-fisioterapia-deuses-udg-han-participat-com-a-voluntaris-a-la-mitja-marato-de-mataro-i-a-la-cursa-de-l\\\/#primaryimage\",\"url\":\"https:\\\/\\\/barcelona.euses.cat\\\/wp-content\\\/uploads\\\/2018\\\/02\\\/20171203_121821.jpg\",\"contentUrl\":\"https:\\\/\\\/barcelona.euses.cat\\\/wp-content\\\/uploads\\\/2018\\\/02\\\/20171203_121821.jpg\",\"width\":3264,\"height\":1840},{\"@type\":\"BreadcrumbList\",\"@id\":\"https:\\\/\\\/barcelona.euses.cat\\\/ca\\\/els-estudiants-del-grau-en-fisioterapia-internacional-de-barcelona-i-del-grau-en-fisioterapia-deuses-udg-han-participat-com-a-voluntaris-a-la-mitja-marato-de-mataro-i-a-la-cursa-de-l\\\/#breadcrumb\",\"itemListElement\":[{\"@type\":\"ListItem\",\"position\":1,\"name\":\"Portada\",\"item\":\"https:\\\/\\\/barcelona.euses.cat\\\/ca\\\/\"},{\"@type\":\"ListItem\",\"position\":2,\"name\":\"Els estudiants del Grau en Fisioter\u00e0pia Internacional de Barcelona i del Grau en Fisioter\u00e0pia d\u2019EUSES-UdG han participat com a voluntaris a la Mitja Marat\u00f3 de Matar\u00f3 i a la cursa de l\u2019Associaci\u00f3 Espanyola contra el C\u00e0ncer\"}]},{\"@type\":\"WebSite\",\"@id\":\"https:\\\/\\\/barcelona.euses.cat\\\/ca\\\/#website\",\"url\":\"https:\\\/\\\/barcelona.euses.cat\\\/ca\\\/\",\"name\":\"EUSES - Campus de Bellvitge (Barcelona)\",\"description\":\"EUSES, Escola Universit\u00e0ria de Fisioter\u00e0pia Internacional a Barcelona\",\"potentialAction\":[{\"@type\":\"SearchAction\",\"target\":{\"@type\":\"EntryPoint\",\"urlTemplate\":\"https:\\\/\\\/barcelona.euses.cat\\\/ca\\\/?s={search_term_string}\"},\"query-input\":{\"@type\":\"PropertyValueSpecification\",\"valueRequired\":true,\"valueName\":\"search_term_string\"}}],\"inLanguage\":\"ca\"},{\"@type\":\"Person\",\"@id\":\"https:\\\/\\\/barcelona.euses.cat\\\/ca\\\/#\\\/schema\\\/person\\\/c3074ca9d956eacf02e41e2ff78e53ab\",\"name\":\"neorg\",\"image\":{\"@type\":\"ImageObject\",\"inLanguage\":\"ca\",\"@id\":\"https:\\\/\\\/secure.gravatar.com\\\/avatar\\\/709d3d8015183afa7401c02e2291a538cbfd4ffe62f4d86ce5f4871f22e86b09?s=96&d=mm&r=g\",\"url\":\"https:\\\/\\\/secure.gravatar.com\\\/avatar\\\/709d3d8015183afa7401c02e2291a538cbfd4ffe62f4d86ce5f4871f22e86b09?s=96&d=mm&r=g\",\"contentUrl\":\"https:\\\/\\\/secure.gravatar.com\\\/avatar\\\/709d3d8015183afa7401c02e2291a538cbfd4ffe62f4d86ce5f4871f22e86b09?s=96&d=mm&r=g\",\"caption\":\"neorg\"},\"url\":\"https:\\\/\\\/barcelona.euses.cat\\\/ca\\\/author\\\/neorg\\\/\"}]}<\/script>\n<!-- \/ Yoast SEO plugin. -->","yoast_head_json":{"title":"Els estudiants del Grau en Fisioter\u00e0pia Internacional de Barcelona i del Grau en Fisioter\u00e0pia d\u2019EUSES-UdG han participat com a voluntaris a la Mitja Marat\u00f3 de Matar\u00f3 i a la cursa de l\u2019Associaci\u00f3 Espanyola contra el C\u00e0ncer | EUSES- Campus de Bellvitge (Barcelona)","robots":{"index":"index","follow":"follow","max-snippet":"max-snippet:-1","max-image-preview":"max-image-preview:large","max-video-preview":"max-video-preview:-1"},"canonical":"https:\/\/barcelona.euses.cat\/ca\/els-estudiants-del-grau-en-fisioterapia-internacional-de-barcelona-i-del-grau-en-fisioterapia-deuses-udg-han-participat-com-a-voluntaris-a-la-mitja-marato-de-mataro-i-a-la-cursa-de-l\/","og_locale":"ca_ES","og_type":"article","og_title":"Els estudiants del Grau en Fisioter\u00e0pia Internacional de Barcelona i del Grau en Fisioter\u00e0pia d\u2019EUSES-UdG han participat com a voluntaris a la Mitja Marat\u00f3 de Matar\u00f3 i a la cursa de l\u2019Associaci\u00f3 Espanyola contra el C\u00e0ncer | EUSES- Campus de Bellvitge (Barcelona)","og_description":"Els estudiants del Grau en Fisioter\u00e0pia Internacional de Barcelona i del Grau en Fisioter\u00e0pia d\u2019EUSES-UdG, la Universitat de la Salut i l\u2019Esport han col\u00b7laborat, un any m\u00e9s, de forma volunt\u00e0ria a la Mitja Marat\u00f3 de Matar\u00f3, que enguany ha arribat fins a la 20a edici\u00f3 i s\u2019ha consolidat com una de les grans proves del [&hellip;]","og_url":"https:\/\/barcelona.euses.cat\/ca\/els-estudiants-del-grau-en-fisioterapia-internacional-de-barcelona-i-del-grau-en-fisioterapia-deuses-udg-han-participat-com-a-voluntaris-a-la-mitja-marato-de-mataro-i-a-la-cursa-de-l\/","og_site_name":"EUSES- Campus de Bellvitge (Barcelona)","article_publisher":"https:\/\/www.facebook.com\/PhysioBCN\/","article_published_time":"2017-12-12T23:00:00+00:00","og_image":[{"width":3264,"height":1840,"url":"https:\/\/barcelona.euses.cat\/wp-content\/uploads\/2018\/02\/20171203_121821.jpg","type":"image\/jpeg"}],"author":"neorg","twitter_card":"summary_large_image","twitter_misc":{"Escrit per":"neorg","Temps estimat de lectura":"1 minut"},"schema":{"@context":"https:\/\/schema.org","@graph":[{"@type":"Article","@id":"https:\/\/barcelona.euses.cat\/ca\/els-estudiants-del-grau-en-fisioterapia-internacional-de-barcelona-i-del-grau-en-fisioterapia-deuses-udg-han-participat-com-a-voluntaris-a-la-mitja-marato-de-mataro-i-a-la-cursa-de-l\/#article","isPartOf":{"@id":"https:\/\/barcelona.euses.cat\/ca\/els-estudiants-del-grau-en-fisioterapia-internacional-de-barcelona-i-del-grau-en-fisioterapia-deuses-udg-han-participat-com-a-voluntaris-a-la-mitja-marato-de-mataro-i-a-la-cursa-de-l\/"},"author":{"name":"neorg","@id":"https:\/\/barcelona.euses.cat\/ca\/#\/schema\/person\/c3074ca9d956eacf02e41e2ff78e53ab"},"headline":"Els estudiants del Grau en Fisioter\u00e0pia Internacional de Barcelona i del Grau en Fisioter\u00e0pia d\u2019EUSES-UdG han participat com a voluntaris a la Mitja Marat\u00f3 de Matar\u00f3 i a la cursa de l\u2019Associaci\u00f3 Espanyola contra el C\u00e0ncer","datePublished":"2017-12-12T23:00:00+00:00","mainEntityOfPage":{"@id":"https:\/\/barcelona.euses.cat\/ca\/els-estudiants-del-grau-en-fisioterapia-internacional-de-barcelona-i-del-grau-en-fisioterapia-deuses-udg-han-participat-com-a-voluntaris-a-la-mitja-marato-de-mataro-i-a-la-cursa-de-l\/"},"wordCount":219,"image":{"@id":"https:\/\/barcelona.euses.cat\/ca\/els-estudiants-del-grau-en-fisioterapia-internacional-de-barcelona-i-del-grau-en-fisioterapia-deuses-udg-han-participat-com-a-voluntaris-a-la-mitja-marato-de-mataro-i-a-la-cursa-de-l\/#primaryimage"},"thumbnailUrl":"https:\/\/barcelona.euses.cat\/wp-content\/uploads\/2018\/02\/20171203_121821.jpg","keywords":["Catal\u00e0"],"articleSection":["Uncategorized @ca"],"inLanguage":"ca"},{"@type":"WebPage","@id":"https:\/\/barcelona.euses.cat\/ca\/els-estudiants-del-grau-en-fisioterapia-internacional-de-barcelona-i-del-grau-en-fisioterapia-deuses-udg-han-participat-com-a-voluntaris-a-la-mitja-marato-de-mataro-i-a-la-cursa-de-l\/","url":"https:\/\/barcelona.euses.cat\/ca\/els-estudiants-del-grau-en-fisioterapia-internacional-de-barcelona-i-del-grau-en-fisioterapia-deuses-udg-han-participat-com-a-voluntaris-a-la-mitja-marato-de-mataro-i-a-la-cursa-de-l\/","name":"Els estudiants del Grau en Fisioter\u00e0pia Internacional de Barcelona i del Grau en Fisioter\u00e0pia d\u2019EUSES-UdG han participat com a voluntaris a la Mitja Marat\u00f3 de Matar\u00f3 i a la cursa de l\u2019Associaci\u00f3 Espanyola contra el C\u00e0ncer | EUSES- Campus de Bellvitge (Barcelona)","isPartOf":{"@id":"https:\/\/barcelona.euses.cat\/ca\/#website"},"primaryImageOfPage":{"@id":"https:\/\/barcelona.euses.cat\/ca\/els-estudiants-del-grau-en-fisioterapia-internacional-de-barcelona-i-del-grau-en-fisioterapia-deuses-udg-han-participat-com-a-voluntaris-a-la-mitja-marato-de-mataro-i-a-la-cursa-de-l\/#primaryimage"},"image":{"@id":"https:\/\/barcelona.euses.cat\/ca\/els-estudiants-del-grau-en-fisioterapia-internacional-de-barcelona-i-del-grau-en-fisioterapia-deuses-udg-han-participat-com-a-voluntaris-a-la-mitja-marato-de-mataro-i-a-la-cursa-de-l\/#primaryimage"},"thumbnailUrl":"https:\/\/barcelona.euses.cat\/wp-content\/uploads\/2018\/02\/20171203_121821.jpg","datePublished":"2017-12-12T23:00:00+00:00","author":{"@id":"https:\/\/barcelona.euses.cat\/ca\/#\/schema\/person\/c3074ca9d956eacf02e41e2ff78e53ab"},"breadcrumb":{"@id":"https:\/\/barcelona.euses.cat\/ca\/els-estudiants-del-grau-en-fisioterapia-internacional-de-barcelona-i-del-grau-en-fisioterapia-deuses-udg-han-participat-com-a-voluntaris-a-la-mitja-marato-de-mataro-i-a-la-cursa-de-l\/#breadcrumb"},"inLanguage":"ca","potentialAction":[{"@type":"ReadAction","target":["https:\/\/barcelona.euses.cat\/ca\/els-estudiants-del-grau-en-fisioterapia-internacional-de-barcelona-i-del-grau-en-fisioterapia-deuses-udg-han-participat-com-a-voluntaris-a-la-mitja-marato-de-mataro-i-a-la-cursa-de-l\/"]}]},{"@type":"ImageObject","inLanguage":"ca","@id":"https:\/\/barcelona.euses.cat\/ca\/els-estudiants-del-grau-en-fisioterapia-internacional-de-barcelona-i-del-grau-en-fisioterapia-deuses-udg-han-participat-com-a-voluntaris-a-la-mitja-marato-de-mataro-i-a-la-cursa-de-l\/#primaryimage","url":"https:\/\/barcelona.euses.cat\/wp-content\/uploads\/2018\/02\/20171203_121821.jpg","contentUrl":"https:\/\/barcelona.euses.cat\/wp-content\/uploads\/2018\/02\/20171203_121821.jpg","width":3264,"height":1840},{"@type":"BreadcrumbList","@id":"https:\/\/barcelona.euses.cat\/ca\/els-estudiants-del-grau-en-fisioterapia-internacional-de-barcelona-i-del-grau-en-fisioterapia-deuses-udg-han-participat-com-a-voluntaris-a-la-mitja-marato-de-mataro-i-a-la-cursa-de-l\/#breadcrumb","itemListElement":[{"@type":"ListItem","position":1,"name":"Portada","item":"https:\/\/barcelona.euses.cat\/ca\/"},{"@type":"ListItem","position":2,"name":"Els estudiants del Grau en Fisioter\u00e0pia Internacional de Barcelona i del Grau en Fisioter\u00e0pia d\u2019EUSES-UdG han participat com a voluntaris a la Mitja Marat\u00f3 de Matar\u00f3 i a la cursa de l\u2019Associaci\u00f3 Espanyola contra el C\u00e0ncer"}]},{"@type":"WebSite","@id":"https:\/\/barcelona.euses.cat\/ca\/#website","url":"https:\/\/barcelona.euses.cat\/ca\/","name":"EUSES - Campus de Bellvitge (Barcelona)","description":"EUSES, Escola Universit\u00e0ria de Fisioter\u00e0pia Internacional a Barcelona","potentialAction":[{"@type":"SearchAction","target":{"@type":"EntryPoint","urlTemplate":"https:\/\/barcelona.euses.cat\/ca\/?s={search_term_string}"},"query-input":{"@type":"PropertyValueSpecification","valueRequired":true,"valueName":"search_term_string"}}],"inLanguage":"ca"},{"@type":"Person","@id":"https:\/\/barcelona.euses.cat\/ca\/#\/schema\/person\/c3074ca9d956eacf02e41e2ff78e53ab","name":"neorg","image":{"@type":"ImageObject","inLanguage":"ca","@id":"https:\/\/secure.gravatar.com\/avatar\/709d3d8015183afa7401c02e2291a538cbfd4ffe62f4d86ce5f4871f22e86b09?s=96&d=mm&r=g","url":"https:\/\/secure.gravatar.com\/avatar\/709d3d8015183afa7401c02e2291a538cbfd4ffe62f4d86ce5f4871f22e86b09?s=96&d=mm&r=g","contentUrl":"https:\/\/secure.gravatar.com\/avatar\/709d3d8015183afa7401c02e2291a538cbfd4ffe62f4d86ce5f4871f22e86b09?s=96&d=mm&r=g","caption":"neorg"},"url":"https:\/\/barcelona.euses.cat\/ca\/author\/neorg\/"}]}},"_links":{"self":[{"href":"https:\/\/barcelona.euses.cat\/ca\/wp-json\/wp\/v2\/posts\/5204","targetHints":{"allow":["GET"]}}],"collection":[{"href":"https:\/\/barcelona.euses.cat\/ca\/wp-json\/wp\/v2\/posts"}],"about":[{"href":"https:\/\/barcelona.euses.cat\/ca\/wp-json\/wp\/v2\/types\/post"}],"author":[{"embeddable":true,"href":"https:\/\/barcelona.euses.cat\/ca\/wp-json\/wp\/v2\/users\/1"}],"replies":[{"embeddable":true,"href":"https:\/\/barcelona.euses.cat\/ca\/wp-json\/wp\/v2\/comments?post=5204"}],"version-history":[{"count":0,"href":"https:\/\/barcelona.euses.cat\/ca\/wp-json\/wp\/v2\/posts\/5204\/revisions"}],"wp:featuredmedia":[{"embeddable":true,"href":"https:\/\/barcelona.euses.cat\/ca\/wp-json\/wp\/v2\/media\/5205"}],"wp:attachment":[{"href":"https:\/\/barcelona.euses.cat\/ca\/wp-json\/wp\/v2\/media?parent=5204"}],"wp:term":[{"taxonomy":"category","embeddable":true,"href":"https:\/\/barcelona.euses.cat\/ca\/wp-json\/wp\/v2\/categories?post=5204"},{"taxonomy":"post_tag","embeddable":true,"href":"https:\/\/barcelona.euses.cat\/ca\/wp-json\/wp\/v2\/tags?post=5204"}],"curies":[{"name":"wp","href":"https:\/\/api.w.org\/{rel}","templated":true}]}}