{"id":5177,"date":"2018-01-03T00:00:00","date_gmt":"2018-01-02T23:00:00","guid":{"rendered":"http:\/\/physiotherapybarcelona.net\/la-jornada-de-portes-obertes-del-grau-en-fisioterapia-internacional-tobre-la-porta-al-teu-futur\/"},"modified":"2018-01-03T00:00:00","modified_gmt":"2018-01-02T23:00:00","slug":"la-jornada-de-portes-obertes-del-grau-en-fisioterapia-internacional-tobre-la-porta-al-teu-futur","status":"publish","type":"post","link":"https:\/\/barcelona.euses.cat\/ca\/la-jornada-de-portes-obertes-del-grau-en-fisioterapia-internacional-tobre-la-porta-al-teu-futur\/","title":{"rendered":"La Jornada de Portes Obertes del Grau en Fisioter\u00e0pia Internacional t\u2019obre la porta al teu futur"},"content":{"rendered":"<p>Est\u00e0s planejant estudiar amb nosaltres l\u2019any vinent? No ho dubtis m\u00e9s i vine a con\u00e8ixer tot el que tenim per oferir-te amb les jornades de portes obertes del <strong>Grau en Fisioter\u00e0pia<\/strong> <strong>Internacional<\/strong>. El proper <strong>26 de maig<\/strong> a les <strong>10 de mat\u00ed<\/strong> tindr\u00e0 lloc una sessi\u00f3 informativa per a tots els futurs alumnes.<\/p>\n<p>Podr\u00e0s gaudir d\u2019una visita a les nostres excel\u00b7lents instal\u00b7lacions al <strong>Campus de la UB (Universitat de Barcelona)<\/strong>. All\u00e0 podr\u00e0s con\u00e8ixer les aules de tipus pr\u00e0ctic, aules te\u00f2riques laboratoris i sales d\u2019inform\u00e0tica. Posteriorment, es far\u00e0 una presentaci\u00f3 del Grau i es resoldran els possibles dubtes i es finalitzar\u00e0 amb un petit refrigeri.<\/p>\n<p>Si vols estudiar el<strong> Grau en Fisioter\u00e0pia Internacional, <\/strong>no dubtis en assistir a les nostres jornades!<strong>\u00a0<\/strong><\/p>\n<p><strong>26 de maig a les 10h<\/strong><\/p>\n<p>[caldera_form id=&#8221;CF5aa69b31b3476&#8243;]<\/p>\n<p>\t\t\t<!--<button>Close me!<\/button>--><br \/>\n\t<strong>Inscriu-te a la jornada de portes obertes<\/strong><\/p>\n","protected":false},"excerpt":{"rendered":"<p>Est\u00e0s planejant estudiar amb nosaltres l\u2019any vinent? No ho dubtis m\u00e9s i vine a con\u00e8ixer tot el que tenim per oferir-te amb les jornades de portes obertes del Grau en Fisioter\u00e0pia Internacional. El proper 26 de maig a les 10 de mat\u00ed tindr\u00e0 lloc una sessi\u00f3 informativa per a tots els futurs alumnes. Podr\u00e0s gaudir [&hellip;]<\/p>\n","protected":false},"author":1,"featured_media":5178,"comment_status":"closed","ping_status":"closed","sticky":false,"template":"","format":"standard","meta":{"_acf_changed":false,"inline_featured_image":false,"_joinchat":[],"footnotes":""},"categories":[54],"tags":[45],"class_list":["post-5177","post","type-post","status-publish","format-standard","has-post-thumbnail","hentry","category-uncategorized-ca","tag-catala"],"acf":[],"yoast_head":"<!-- This site is optimized with the Yoast SEO plugin v27.4 - https:\/\/yoast.com\/product\/yoast-seo-wordpress\/ -->\n<title>La Jornada de Portes Obertes del Grau en Fisioter\u00e0pia Internacional t\u2019obre la porta al teu futur | EUSES- Campus de Bellvitge (Barcelona)<\/title>\n<meta name=\"robots\" content=\"index, follow, max-snippet:-1, max-image-preview:large, max-video-preview:-1\" \/>\n<link rel=\"canonical\" href=\"https:\/\/barcelona.euses.cat\/ca\/la-jornada-de-portes-obertes-del-grau-en-fisioterapia-internacional-tobre-la-porta-al-teu-futur\/\" \/>\n<meta property=\"og:locale\" content=\"ca_ES\" \/>\n<meta property=\"og:type\" content=\"article\" \/>\n<meta property=\"og:title\" content=\"La Jornada de Portes Obertes del Grau en Fisioter\u00e0pia Internacional t\u2019obre la porta al teu futur | EUSES- Campus de Bellvitge (Barcelona)\" \/>\n<meta property=\"og:description\" content=\"Est\u00e0s planejant estudiar amb nosaltres l\u2019any vinent? No ho dubtis m\u00e9s i vine a con\u00e8ixer tot el que tenim per oferir-te amb les jornades de portes obertes del Grau en Fisioter\u00e0pia Internacional. El proper 26 de maig a les 10 de mat\u00ed tindr\u00e0 lloc una sessi\u00f3 informativa per a tots els futurs alumnes. Podr\u00e0s gaudir [&hellip;]\" \/>\n<meta property=\"og:url\" content=\"https:\/\/barcelona.euses.cat\/ca\/la-jornada-de-portes-obertes-del-grau-en-fisioterapia-internacional-tobre-la-porta-al-teu-futur\/\" \/>\n<meta property=\"og:site_name\" content=\"EUSES- Campus de Bellvitge (Barcelona)\" \/>\n<meta property=\"article:publisher\" content=\"https:\/\/www.facebook.com\/PhysioBCN\/\" \/>\n<meta property=\"article:published_time\" content=\"2018-01-02T23:00:00+00:00\" \/>\n<meta property=\"og:image\" content=\"https:\/\/barcelona.euses.cat\/wp-content\/uploads\/2018\/02\/physiotherapybarcelona-PuertasAbiertas-Shared_CAT.jpg\" \/>\n\t<meta property=\"og:image:width\" content=\"1200\" \/>\n\t<meta property=\"og:image:height\" content=\"650\" \/>\n\t<meta property=\"og:image:type\" content=\"image\/jpeg\" \/>\n<meta name=\"author\" content=\"neorg\" \/>\n<meta name=\"twitter:card\" content=\"summary_large_image\" \/>\n<meta name=\"twitter:label1\" content=\"Escrit per\" \/>\n\t<meta name=\"twitter:data1\" content=\"neorg\" \/>\n\t<meta name=\"twitter:label2\" content=\"Temps estimat de lectura\" \/>\n\t<meta name=\"twitter:data2\" content=\"1 minut\" \/>\n<script type=\"application\/ld+json\" class=\"yoast-schema-graph\">{\"@context\":\"https:\\\/\\\/schema.org\",\"@graph\":[{\"@type\":\"Article\",\"@id\":\"https:\\\/\\\/barcelona.euses.cat\\\/ca\\\/la-jornada-de-portes-obertes-del-grau-en-fisioterapia-internacional-tobre-la-porta-al-teu-futur\\\/#article\",\"isPartOf\":{\"@id\":\"https:\\\/\\\/barcelona.euses.cat\\\/ca\\\/la-jornada-de-portes-obertes-del-grau-en-fisioterapia-internacional-tobre-la-porta-al-teu-futur\\\/\"},\"author\":{\"name\":\"neorg\",\"@id\":\"https:\\\/\\\/barcelona.euses.cat\\\/ca\\\/#\\\/schema\\\/person\\\/c3074ca9d956eacf02e41e2ff78e53ab\"},\"headline\":\"La Jornada de Portes Obertes del Grau en Fisioter\u00e0pia Internacional t\u2019obre la porta al teu futur\",\"datePublished\":\"2018-01-02T23:00:00+00:00\",\"mainEntityOfPage\":{\"@id\":\"https:\\\/\\\/barcelona.euses.cat\\\/ca\\\/la-jornada-de-portes-obertes-del-grau-en-fisioterapia-internacional-tobre-la-porta-al-teu-futur\\\/\"},\"wordCount\":171,\"image\":{\"@id\":\"https:\\\/\\\/barcelona.euses.cat\\\/ca\\\/la-jornada-de-portes-obertes-del-grau-en-fisioterapia-internacional-tobre-la-porta-al-teu-futur\\\/#primaryimage\"},\"thumbnailUrl\":\"https:\\\/\\\/barcelona.euses.cat\\\/wp-content\\\/uploads\\\/2018\\\/02\\\/physiotherapybarcelona-PuertasAbiertas-Shared_CAT.jpg\",\"keywords\":[\"Catal\u00e0\"],\"articleSection\":[\"Uncategorized @ca\"],\"inLanguage\":\"ca\"},{\"@type\":\"WebPage\",\"@id\":\"https:\\\/\\\/barcelona.euses.cat\\\/ca\\\/la-jornada-de-portes-obertes-del-grau-en-fisioterapia-internacional-tobre-la-porta-al-teu-futur\\\/\",\"url\":\"https:\\\/\\\/barcelona.euses.cat\\\/ca\\\/la-jornada-de-portes-obertes-del-grau-en-fisioterapia-internacional-tobre-la-porta-al-teu-futur\\\/\",\"name\":\"La Jornada de Portes Obertes del Grau en Fisioter\u00e0pia Internacional t\u2019obre la porta al teu futur | EUSES- Campus de Bellvitge (Barcelona)\",\"isPartOf\":{\"@id\":\"https:\\\/\\\/barcelona.euses.cat\\\/ca\\\/#website\"},\"primaryImageOfPage\":{\"@id\":\"https:\\\/\\\/barcelona.euses.cat\\\/ca\\\/la-jornada-de-portes-obertes-del-grau-en-fisioterapia-internacional-tobre-la-porta-al-teu-futur\\\/#primaryimage\"},\"image\":{\"@id\":\"https:\\\/\\\/barcelona.euses.cat\\\/ca\\\/la-jornada-de-portes-obertes-del-grau-en-fisioterapia-internacional-tobre-la-porta-al-teu-futur\\\/#primaryimage\"},\"thumbnailUrl\":\"https:\\\/\\\/barcelona.euses.cat\\\/wp-content\\\/uploads\\\/2018\\\/02\\\/physiotherapybarcelona-PuertasAbiertas-Shared_CAT.jpg\",\"datePublished\":\"2018-01-02T23:00:00+00:00\",\"author\":{\"@id\":\"https:\\\/\\\/barcelona.euses.cat\\\/ca\\\/#\\\/schema\\\/person\\\/c3074ca9d956eacf02e41e2ff78e53ab\"},\"breadcrumb\":{\"@id\":\"https:\\\/\\\/barcelona.euses.cat\\\/ca\\\/la-jornada-de-portes-obertes-del-grau-en-fisioterapia-internacional-tobre-la-porta-al-teu-futur\\\/#breadcrumb\"},\"inLanguage\":\"ca\",\"potentialAction\":[{\"@type\":\"ReadAction\",\"target\":[\"https:\\\/\\\/barcelona.euses.cat\\\/ca\\\/la-jornada-de-portes-obertes-del-grau-en-fisioterapia-internacional-tobre-la-porta-al-teu-futur\\\/\"]}]},{\"@type\":\"ImageObject\",\"inLanguage\":\"ca\",\"@id\":\"https:\\\/\\\/barcelona.euses.cat\\\/ca\\\/la-jornada-de-portes-obertes-del-grau-en-fisioterapia-internacional-tobre-la-porta-al-teu-futur\\\/#primaryimage\",\"url\":\"https:\\\/\\\/barcelona.euses.cat\\\/wp-content\\\/uploads\\\/2018\\\/02\\\/physiotherapybarcelona-PuertasAbiertas-Shared_CAT.jpg\",\"contentUrl\":\"https:\\\/\\\/barcelona.euses.cat\\\/wp-content\\\/uploads\\\/2018\\\/02\\\/physiotherapybarcelona-PuertasAbiertas-Shared_CAT.jpg\",\"width\":1200,\"height\":650},{\"@type\":\"BreadcrumbList\",\"@id\":\"https:\\\/\\\/barcelona.euses.cat\\\/ca\\\/la-jornada-de-portes-obertes-del-grau-en-fisioterapia-internacional-tobre-la-porta-al-teu-futur\\\/#breadcrumb\",\"itemListElement\":[{\"@type\":\"ListItem\",\"position\":1,\"name\":\"Portada\",\"item\":\"https:\\\/\\\/barcelona.euses.cat\\\/ca\\\/\"},{\"@type\":\"ListItem\",\"position\":2,\"name\":\"La Jornada de Portes Obertes del Grau en Fisioter\u00e0pia Internacional t\u2019obre la porta al teu futur\"}]},{\"@type\":\"WebSite\",\"@id\":\"https:\\\/\\\/barcelona.euses.cat\\\/ca\\\/#website\",\"url\":\"https:\\\/\\\/barcelona.euses.cat\\\/ca\\\/\",\"name\":\"EUSES - Campus de Bellvitge (Barcelona)\",\"description\":\"EUSES, Escola Universit\u00e0ria de Fisioter\u00e0pia Internacional a Barcelona\",\"potentialAction\":[{\"@type\":\"SearchAction\",\"target\":{\"@type\":\"EntryPoint\",\"urlTemplate\":\"https:\\\/\\\/barcelona.euses.cat\\\/ca\\\/?s={search_term_string}\"},\"query-input\":{\"@type\":\"PropertyValueSpecification\",\"valueRequired\":true,\"valueName\":\"search_term_string\"}}],\"inLanguage\":\"ca\"},{\"@type\":\"Person\",\"@id\":\"https:\\\/\\\/barcelona.euses.cat\\\/ca\\\/#\\\/schema\\\/person\\\/c3074ca9d956eacf02e41e2ff78e53ab\",\"name\":\"neorg\",\"image\":{\"@type\":\"ImageObject\",\"inLanguage\":\"ca\",\"@id\":\"https:\\\/\\\/secure.gravatar.com\\\/avatar\\\/709d3d8015183afa7401c02e2291a538cbfd4ffe62f4d86ce5f4871f22e86b09?s=96&d=mm&r=g\",\"url\":\"https:\\\/\\\/secure.gravatar.com\\\/avatar\\\/709d3d8015183afa7401c02e2291a538cbfd4ffe62f4d86ce5f4871f22e86b09?s=96&d=mm&r=g\",\"contentUrl\":\"https:\\\/\\\/secure.gravatar.com\\\/avatar\\\/709d3d8015183afa7401c02e2291a538cbfd4ffe62f4d86ce5f4871f22e86b09?s=96&d=mm&r=g\",\"caption\":\"neorg\"},\"url\":\"https:\\\/\\\/barcelona.euses.cat\\\/ca\\\/author\\\/neorg\\\/\"}]}<\/script>\n<!-- \/ Yoast SEO plugin. -->","yoast_head_json":{"title":"La Jornada de Portes Obertes del Grau en Fisioter\u00e0pia Internacional t\u2019obre la porta al teu futur | EUSES- Campus de Bellvitge (Barcelona)","robots":{"index":"index","follow":"follow","max-snippet":"max-snippet:-1","max-image-preview":"max-image-preview:large","max-video-preview":"max-video-preview:-1"},"canonical":"https:\/\/barcelona.euses.cat\/ca\/la-jornada-de-portes-obertes-del-grau-en-fisioterapia-internacional-tobre-la-porta-al-teu-futur\/","og_locale":"ca_ES","og_type":"article","og_title":"La Jornada de Portes Obertes del Grau en Fisioter\u00e0pia Internacional t\u2019obre la porta al teu futur | EUSES- Campus de Bellvitge (Barcelona)","og_description":"Est\u00e0s planejant estudiar amb nosaltres l\u2019any vinent? No ho dubtis m\u00e9s i vine a con\u00e8ixer tot el que tenim per oferir-te amb les jornades de portes obertes del Grau en Fisioter\u00e0pia Internacional. El proper 26 de maig a les 10 de mat\u00ed tindr\u00e0 lloc una sessi\u00f3 informativa per a tots els futurs alumnes. Podr\u00e0s gaudir [&hellip;]","og_url":"https:\/\/barcelona.euses.cat\/ca\/la-jornada-de-portes-obertes-del-grau-en-fisioterapia-internacional-tobre-la-porta-al-teu-futur\/","og_site_name":"EUSES- Campus de Bellvitge (Barcelona)","article_publisher":"https:\/\/www.facebook.com\/PhysioBCN\/","article_published_time":"2018-01-02T23:00:00+00:00","og_image":[{"width":1200,"height":650,"url":"https:\/\/barcelona.euses.cat\/wp-content\/uploads\/2018\/02\/physiotherapybarcelona-PuertasAbiertas-Shared_CAT.jpg","type":"image\/jpeg"}],"author":"neorg","twitter_card":"summary_large_image","twitter_misc":{"Escrit per":"neorg","Temps estimat de lectura":"1 minut"},"schema":{"@context":"https:\/\/schema.org","@graph":[{"@type":"Article","@id":"https:\/\/barcelona.euses.cat\/ca\/la-jornada-de-portes-obertes-del-grau-en-fisioterapia-internacional-tobre-la-porta-al-teu-futur\/#article","isPartOf":{"@id":"https:\/\/barcelona.euses.cat\/ca\/la-jornada-de-portes-obertes-del-grau-en-fisioterapia-internacional-tobre-la-porta-al-teu-futur\/"},"author":{"name":"neorg","@id":"https:\/\/barcelona.euses.cat\/ca\/#\/schema\/person\/c3074ca9d956eacf02e41e2ff78e53ab"},"headline":"La Jornada de Portes Obertes del Grau en Fisioter\u00e0pia Internacional t\u2019obre la porta al teu futur","datePublished":"2018-01-02T23:00:00+00:00","mainEntityOfPage":{"@id":"https:\/\/barcelona.euses.cat\/ca\/la-jornada-de-portes-obertes-del-grau-en-fisioterapia-internacional-tobre-la-porta-al-teu-futur\/"},"wordCount":171,"image":{"@id":"https:\/\/barcelona.euses.cat\/ca\/la-jornada-de-portes-obertes-del-grau-en-fisioterapia-internacional-tobre-la-porta-al-teu-futur\/#primaryimage"},"thumbnailUrl":"https:\/\/barcelona.euses.cat\/wp-content\/uploads\/2018\/02\/physiotherapybarcelona-PuertasAbiertas-Shared_CAT.jpg","keywords":["Catal\u00e0"],"articleSection":["Uncategorized @ca"],"inLanguage":"ca"},{"@type":"WebPage","@id":"https:\/\/barcelona.euses.cat\/ca\/la-jornada-de-portes-obertes-del-grau-en-fisioterapia-internacional-tobre-la-porta-al-teu-futur\/","url":"https:\/\/barcelona.euses.cat\/ca\/la-jornada-de-portes-obertes-del-grau-en-fisioterapia-internacional-tobre-la-porta-al-teu-futur\/","name":"La Jornada de Portes Obertes del Grau en Fisioter\u00e0pia Internacional t\u2019obre la porta al teu futur | EUSES- Campus de Bellvitge (Barcelona)","isPartOf":{"@id":"https:\/\/barcelona.euses.cat\/ca\/#website"},"primaryImageOfPage":{"@id":"https:\/\/barcelona.euses.cat\/ca\/la-jornada-de-portes-obertes-del-grau-en-fisioterapia-internacional-tobre-la-porta-al-teu-futur\/#primaryimage"},"image":{"@id":"https:\/\/barcelona.euses.cat\/ca\/la-jornada-de-portes-obertes-del-grau-en-fisioterapia-internacional-tobre-la-porta-al-teu-futur\/#primaryimage"},"thumbnailUrl":"https:\/\/barcelona.euses.cat\/wp-content\/uploads\/2018\/02\/physiotherapybarcelona-PuertasAbiertas-Shared_CAT.jpg","datePublished":"2018-01-02T23:00:00+00:00","author":{"@id":"https:\/\/barcelona.euses.cat\/ca\/#\/schema\/person\/c3074ca9d956eacf02e41e2ff78e53ab"},"breadcrumb":{"@id":"https:\/\/barcelona.euses.cat\/ca\/la-jornada-de-portes-obertes-del-grau-en-fisioterapia-internacional-tobre-la-porta-al-teu-futur\/#breadcrumb"},"inLanguage":"ca","potentialAction":[{"@type":"ReadAction","target":["https:\/\/barcelona.euses.cat\/ca\/la-jornada-de-portes-obertes-del-grau-en-fisioterapia-internacional-tobre-la-porta-al-teu-futur\/"]}]},{"@type":"ImageObject","inLanguage":"ca","@id":"https:\/\/barcelona.euses.cat\/ca\/la-jornada-de-portes-obertes-del-grau-en-fisioterapia-internacional-tobre-la-porta-al-teu-futur\/#primaryimage","url":"https:\/\/barcelona.euses.cat\/wp-content\/uploads\/2018\/02\/physiotherapybarcelona-PuertasAbiertas-Shared_CAT.jpg","contentUrl":"https:\/\/barcelona.euses.cat\/wp-content\/uploads\/2018\/02\/physiotherapybarcelona-PuertasAbiertas-Shared_CAT.jpg","width":1200,"height":650},{"@type":"BreadcrumbList","@id":"https:\/\/barcelona.euses.cat\/ca\/la-jornada-de-portes-obertes-del-grau-en-fisioterapia-internacional-tobre-la-porta-al-teu-futur\/#breadcrumb","itemListElement":[{"@type":"ListItem","position":1,"name":"Portada","item":"https:\/\/barcelona.euses.cat\/ca\/"},{"@type":"ListItem","position":2,"name":"La Jornada de Portes Obertes del Grau en Fisioter\u00e0pia Internacional t\u2019obre la porta al teu futur"}]},{"@type":"WebSite","@id":"https:\/\/barcelona.euses.cat\/ca\/#website","url":"https:\/\/barcelona.euses.cat\/ca\/","name":"EUSES - Campus de Bellvitge (Barcelona)","description":"EUSES, Escola Universit\u00e0ria de Fisioter\u00e0pia Internacional a Barcelona","potentialAction":[{"@type":"SearchAction","target":{"@type":"EntryPoint","urlTemplate":"https:\/\/barcelona.euses.cat\/ca\/?s={search_term_string}"},"query-input":{"@type":"PropertyValueSpecification","valueRequired":true,"valueName":"search_term_string"}}],"inLanguage":"ca"},{"@type":"Person","@id":"https:\/\/barcelona.euses.cat\/ca\/#\/schema\/person\/c3074ca9d956eacf02e41e2ff78e53ab","name":"neorg","image":{"@type":"ImageObject","inLanguage":"ca","@id":"https:\/\/secure.gravatar.com\/avatar\/709d3d8015183afa7401c02e2291a538cbfd4ffe62f4d86ce5f4871f22e86b09?s=96&d=mm&r=g","url":"https:\/\/secure.gravatar.com\/avatar\/709d3d8015183afa7401c02e2291a538cbfd4ffe62f4d86ce5f4871f22e86b09?s=96&d=mm&r=g","contentUrl":"https:\/\/secure.gravatar.com\/avatar\/709d3d8015183afa7401c02e2291a538cbfd4ffe62f4d86ce5f4871f22e86b09?s=96&d=mm&r=g","caption":"neorg"},"url":"https:\/\/barcelona.euses.cat\/ca\/author\/neorg\/"}]}},"_links":{"self":[{"href":"https:\/\/barcelona.euses.cat\/ca\/wp-json\/wp\/v2\/posts\/5177","targetHints":{"allow":["GET"]}}],"collection":[{"href":"https:\/\/barcelona.euses.cat\/ca\/wp-json\/wp\/v2\/posts"}],"about":[{"href":"https:\/\/barcelona.euses.cat\/ca\/wp-json\/wp\/v2\/types\/post"}],"author":[{"embeddable":true,"href":"https:\/\/barcelona.euses.cat\/ca\/wp-json\/wp\/v2\/users\/1"}],"replies":[{"embeddable":true,"href":"https:\/\/barcelona.euses.cat\/ca\/wp-json\/wp\/v2\/comments?post=5177"}],"version-history":[{"count":0,"href":"https:\/\/barcelona.euses.cat\/ca\/wp-json\/wp\/v2\/posts\/5177\/revisions"}],"wp:featuredmedia":[{"embeddable":true,"href":"https:\/\/barcelona.euses.cat\/ca\/wp-json\/wp\/v2\/media\/5178"}],"wp:attachment":[{"href":"https:\/\/barcelona.euses.cat\/ca\/wp-json\/wp\/v2\/media?parent=5177"}],"wp:term":[{"taxonomy":"category","embeddable":true,"href":"https:\/\/barcelona.euses.cat\/ca\/wp-json\/wp\/v2\/categories?post=5177"},{"taxonomy":"post_tag","embeddable":true,"href":"https:\/\/barcelona.euses.cat\/ca\/wp-json\/wp\/v2\/tags?post=5177"}],"curies":[{"name":"wp","href":"https:\/\/api.w.org\/{rel}","templated":true}]}}