{"id":5166,"date":"2018-01-29T00:00:00","date_gmt":"2018-01-28T23:00:00","guid":{"rendered":"http:\/\/physiotherapybarcelona.net\/la-importancia-del-vessant-practic-al-grau-en-fisioterapia-internacional\/"},"modified":"2018-01-29T00:00:00","modified_gmt":"2018-01-28T23:00:00","slug":"la-importancia-del-vessant-practic-al-grau-en-fisioterapia-internacional","status":"publish","type":"post","link":"https:\/\/barcelona.euses.cat\/ca\/la-importancia-del-vessant-practic-al-grau-en-fisioterapia-internacional\/","title":{"rendered":"La import\u00e0ncia del vessant pr\u00e0ctic al Grau en Fisioter\u00e0pia Internacional"},"content":{"rendered":"<p style=\"text-align: justify;\">El <a href=\"https:\/\/goo.gl\/zwYct2\"><strong>Grau en angl\u00e8s en Fisioter\u00e0pia Internacional, de l\u2019Escola de Noves Tecnologies Interactives (ENTI-UB) i de l\u2019Escola Universit\u00e0ria de la Salut i l\u2019Esport (EUSES-UdG)<\/strong><\/a>, es basa en la <strong>combinaci\u00f3<\/strong> entre els <strong>continguts te\u00f2rics i pr\u00e0ctics<\/strong>. Aix\u00ed doncs, les classes magistrals et permetran assolir diversos coneixements i metodologies com: les eines de valoraci\u00f3, la ter\u00e0pia i el disseny de tractaments. Pel que fa a les <strong>classes pr\u00e0ctiques<\/strong>, el seu objectiu \u00e9s aplicar els principis te\u00f2rics de manera t\u00e8cnica, aix\u00ed com, reproduir un <strong>ambient situacional<\/strong> real en l\u2019\u00e0mbit professional, perqu\u00e8 et familiaritzis amb <strong>aspectes terap\u00e8utics i contextuals<\/strong> que et trobar\u00e0s en un futur, al teu dia a dia laboral.<\/p>\n<p style=\"text-align: justify;\">En aquest sentit, cal destacar que aquest <strong>Grau<\/strong> compta amb un important <strong>volum d\u2019hores de pr\u00e0ctiques cl\u00edniques<\/strong>, realitzades a reconeguts <strong>centres de salut<\/strong>, per tal d\u2019aportar-te l\u2019experi\u00e8ncia pr\u00e0ctica necess\u00e0ria i un \u00f2ptim bagatge. D\u2019altra banda, en tot moment, disposar\u00e0s d\u2019un <strong>seguiment i assessorament individualitzat<\/strong> per part de l\u2019expert <strong>professorat<\/strong> d\u2019aquest Grau, amb l\u2019objectiu de resoldre qualsevol dels teus dubtes acad\u00e8mics. A m\u00e9s, t\u2019organitzar\u00e0s en <strong>grups de pr\u00e0ctiques<\/strong> de <strong>dimensions moderades<\/strong>, amb la qual cosa, s\u2019assegura la qualitat i <strong>assimilaci\u00f3<\/strong> de <strong>l\u2019aprenentatge<\/strong> i un seguiment docent m\u00e9s acurat. En aquest sentit, cal destacar que tamb\u00e9 s\u2019organitzen <strong>tutories i seminaris<\/strong> per monitoritzar i optimitzar el rendiment de cada alumne al llarg del curs.<\/p>\n<p style=\"text-align: justify;\">Aix\u00ed doncs, durant el <strong>Grau en Fisioter\u00e0pia Internacional<\/strong>, assolir\u00e0s una <strong>formaci\u00f3 te\u00f2rica i pr\u00e0ctica de qualitat<\/strong>, incloent-hi tota classe de <strong>ter\u00e0pies manuals<\/strong>, f\u00edsiques, aix\u00ed com, les <strong>noves tecnologies <\/strong>i eines pr\u00f2pies de<strong> l\u2019e-health<\/strong>. Per tant, aprendr\u00e0s a desenvolupar eines de valoraci\u00f3 des de la fisioter\u00e0pia; a aplicar nous <strong>aven\u00e7os tecnol\u00f2gics<\/strong> propis de la <strong>salut 2.0<\/strong>; i fins i tot, ser\u00e0s capa\u00e7 de crear noves <strong>apps tecnol\u00f2giques<\/strong> com: apps m\u00f2bils, software o modelatge tridimensional aplicat a la <strong>fisioter\u00e0pia<\/strong>.<\/p>\n<p style=\"text-align: justify;\">Finalment, cal destacar que es tracta de la <strong>primera titulaci\u00f3 universit\u00e0ria \u00edntegrament <\/strong>en<strong> angl\u00e8s<\/strong>, especialitzada en <strong>fisioter\u00e0pia<\/strong>. Sens dubte, el domini d\u2019aquest <strong>idioma<\/strong> t\u2019aportar\u00e0 importants avantatges tant en <strong>l\u2019\u00e0mbit acad\u00e8mic com laboral<\/strong>. D\u2019una banda, podr\u00e0s accedir a una informaci\u00f3 m\u00e9s actualitzada i completa, que et permetr\u00e0 con\u00e8ixer els <strong>\u00faltims aven\u00e7os<\/strong> i poder accedir a un major nombre de <strong>textos cient\u00edfics i acad\u00e8mics<\/strong>, escrits en aquesta llengua. I de l\u2019altra, professionalment parlant, t\u2019obrir\u00e0 les portes al <strong>mercat europeu i internacional<\/strong>, accedint a posicions de treball m\u00e9s competitives.<\/p>\n<p style=\"text-align: justify;\">Si vols dedicar-te professionalment a la fisioter\u00e0pia; tria el <a href=\"https:\/\/goo.gl\/zwYct2\"><strong>Grau en Fisioter\u00e0pia Internacional<\/strong><\/a>, una formaci\u00f3 eminentment <strong>pr\u00e0ctica<\/strong> i al dia dels <strong>nous aven\u00e7os tecnol\u00f2gics.<\/strong><\/p>\n<p><strong>\u00a0<\/strong><\/p>\n","protected":false},"excerpt":{"rendered":"<p>El Grau en angl\u00e8s en Fisioter\u00e0pia Internacional, de l\u2019Escola de Noves Tecnologies Interactives (ENTI-UB) i de l\u2019Escola Universit\u00e0ria de la Salut i l\u2019Esport (EUSES-UdG), es basa en la combinaci\u00f3 entre els continguts te\u00f2rics i pr\u00e0ctics. Aix\u00ed doncs, les classes magistrals et permetran assolir diversos coneixements i metodologies com: les eines de valoraci\u00f3, la ter\u00e0pia i [&hellip;]<\/p>\n","protected":false},"author":1,"featured_media":5167,"comment_status":"closed","ping_status":"closed","sticky":false,"template":"","format":"standard","meta":{"_acf_changed":false,"inline_featured_image":false,"_joinchat":[],"footnotes":""},"categories":[54],"tags":[45],"class_list":["post-5166","post","type-post","status-publish","format-standard","has-post-thumbnail","hentry","category-uncategorized-ca","tag-catala"],"acf":[],"yoast_head":"<!-- This site is optimized with the Yoast SEO plugin v27.4 - https:\/\/yoast.com\/product\/yoast-seo-wordpress\/ -->\n<title>La import\u00e0ncia del vessant pr\u00e0ctic al Grau en Fisioter\u00e0pia Internacional | EUSES- Campus de Bellvitge (Barcelona)<\/title>\n<meta name=\"robots\" content=\"index, follow, max-snippet:-1, max-image-preview:large, max-video-preview:-1\" \/>\n<link rel=\"canonical\" href=\"https:\/\/barcelona.euses.cat\/ca\/la-importancia-del-vessant-practic-al-grau-en-fisioterapia-internacional\/\" \/>\n<meta property=\"og:locale\" content=\"ca_ES\" \/>\n<meta property=\"og:type\" content=\"article\" \/>\n<meta property=\"og:title\" content=\"La import\u00e0ncia del vessant pr\u00e0ctic al Grau en Fisioter\u00e0pia Internacional | EUSES- Campus de Bellvitge (Barcelona)\" \/>\n<meta property=\"og:description\" content=\"El Grau en angl\u00e8s en Fisioter\u00e0pia Internacional, de l\u2019Escola de Noves Tecnologies Interactives (ENTI-UB) i de l\u2019Escola Universit\u00e0ria de la Salut i l\u2019Esport (EUSES-UdG), es basa en la combinaci\u00f3 entre els continguts te\u00f2rics i pr\u00e0ctics. Aix\u00ed doncs, les classes magistrals et permetran assolir diversos coneixements i metodologies com: les eines de valoraci\u00f3, la ter\u00e0pia i [&hellip;]\" \/>\n<meta property=\"og:url\" content=\"https:\/\/barcelona.euses.cat\/ca\/la-importancia-del-vessant-practic-al-grau-en-fisioterapia-internacional\/\" \/>\n<meta property=\"og:site_name\" content=\"EUSES- Campus de Bellvitge (Barcelona)\" \/>\n<meta property=\"article:publisher\" content=\"https:\/\/www.facebook.com\/PhysioBCN\/\" \/>\n<meta property=\"article:published_time\" content=\"2018-01-28T23:00:00+00:00\" \/>\n<meta property=\"og:image\" content=\"https:\/\/barcelona.euses.cat\/wp-content\/uploads\/2018\/02\/j.jpg\" \/>\n\t<meta property=\"og:image:width\" content=\"490\" \/>\n\t<meta property=\"og:image:height\" content=\"490\" \/>\n\t<meta property=\"og:image:type\" content=\"image\/jpeg\" \/>\n<meta name=\"author\" content=\"neorg\" \/>\n<meta name=\"twitter:card\" content=\"summary_large_image\" \/>\n<meta name=\"twitter:label1\" content=\"Escrit per\" \/>\n\t<meta name=\"twitter:data1\" content=\"neorg\" \/>\n\t<meta name=\"twitter:label2\" content=\"Temps estimat de lectura\" \/>\n\t<meta name=\"twitter:data2\" content=\"2 minuts\" \/>\n<script type=\"application\/ld+json\" class=\"yoast-schema-graph\">{\"@context\":\"https:\\\/\\\/schema.org\",\"@graph\":[{\"@type\":\"Article\",\"@id\":\"https:\\\/\\\/barcelona.euses.cat\\\/ca\\\/la-importancia-del-vessant-practic-al-grau-en-fisioterapia-internacional\\\/#article\",\"isPartOf\":{\"@id\":\"https:\\\/\\\/barcelona.euses.cat\\\/ca\\\/la-importancia-del-vessant-practic-al-grau-en-fisioterapia-internacional\\\/\"},\"author\":{\"name\":\"neorg\",\"@id\":\"https:\\\/\\\/barcelona.euses.cat\\\/ca\\\/#\\\/schema\\\/person\\\/c3074ca9d956eacf02e41e2ff78e53ab\"},\"headline\":\"La import\u00e0ncia del vessant pr\u00e0ctic al Grau en Fisioter\u00e0pia Internacional\",\"datePublished\":\"2018-01-28T23:00:00+00:00\",\"mainEntityOfPage\":{\"@id\":\"https:\\\/\\\/barcelona.euses.cat\\\/ca\\\/la-importancia-del-vessant-practic-al-grau-en-fisioterapia-internacional\\\/\"},\"wordCount\":493,\"image\":{\"@id\":\"https:\\\/\\\/barcelona.euses.cat\\\/ca\\\/la-importancia-del-vessant-practic-al-grau-en-fisioterapia-internacional\\\/#primaryimage\"},\"thumbnailUrl\":\"https:\\\/\\\/barcelona.euses.cat\\\/wp-content\\\/uploads\\\/2018\\\/02\\\/j.jpg\",\"keywords\":[\"Catal\u00e0\"],\"articleSection\":[\"Uncategorized @ca\"],\"inLanguage\":\"ca\"},{\"@type\":\"WebPage\",\"@id\":\"https:\\\/\\\/barcelona.euses.cat\\\/ca\\\/la-importancia-del-vessant-practic-al-grau-en-fisioterapia-internacional\\\/\",\"url\":\"https:\\\/\\\/barcelona.euses.cat\\\/ca\\\/la-importancia-del-vessant-practic-al-grau-en-fisioterapia-internacional\\\/\",\"name\":\"La import\u00e0ncia del vessant pr\u00e0ctic al Grau en Fisioter\u00e0pia Internacional | EUSES- Campus de Bellvitge (Barcelona)\",\"isPartOf\":{\"@id\":\"https:\\\/\\\/barcelona.euses.cat\\\/ca\\\/#website\"},\"primaryImageOfPage\":{\"@id\":\"https:\\\/\\\/barcelona.euses.cat\\\/ca\\\/la-importancia-del-vessant-practic-al-grau-en-fisioterapia-internacional\\\/#primaryimage\"},\"image\":{\"@id\":\"https:\\\/\\\/barcelona.euses.cat\\\/ca\\\/la-importancia-del-vessant-practic-al-grau-en-fisioterapia-internacional\\\/#primaryimage\"},\"thumbnailUrl\":\"https:\\\/\\\/barcelona.euses.cat\\\/wp-content\\\/uploads\\\/2018\\\/02\\\/j.jpg\",\"datePublished\":\"2018-01-28T23:00:00+00:00\",\"author\":{\"@id\":\"https:\\\/\\\/barcelona.euses.cat\\\/ca\\\/#\\\/schema\\\/person\\\/c3074ca9d956eacf02e41e2ff78e53ab\"},\"breadcrumb\":{\"@id\":\"https:\\\/\\\/barcelona.euses.cat\\\/ca\\\/la-importancia-del-vessant-practic-al-grau-en-fisioterapia-internacional\\\/#breadcrumb\"},\"inLanguage\":\"ca\",\"potentialAction\":[{\"@type\":\"ReadAction\",\"target\":[\"https:\\\/\\\/barcelona.euses.cat\\\/ca\\\/la-importancia-del-vessant-practic-al-grau-en-fisioterapia-internacional\\\/\"]}]},{\"@type\":\"ImageObject\",\"inLanguage\":\"ca\",\"@id\":\"https:\\\/\\\/barcelona.euses.cat\\\/ca\\\/la-importancia-del-vessant-practic-al-grau-en-fisioterapia-internacional\\\/#primaryimage\",\"url\":\"https:\\\/\\\/barcelona.euses.cat\\\/wp-content\\\/uploads\\\/2018\\\/02\\\/j.jpg\",\"contentUrl\":\"https:\\\/\\\/barcelona.euses.cat\\\/wp-content\\\/uploads\\\/2018\\\/02\\\/j.jpg\",\"width\":490,\"height\":490},{\"@type\":\"BreadcrumbList\",\"@id\":\"https:\\\/\\\/barcelona.euses.cat\\\/ca\\\/la-importancia-del-vessant-practic-al-grau-en-fisioterapia-internacional\\\/#breadcrumb\",\"itemListElement\":[{\"@type\":\"ListItem\",\"position\":1,\"name\":\"Portada\",\"item\":\"https:\\\/\\\/barcelona.euses.cat\\\/ca\\\/\"},{\"@type\":\"ListItem\",\"position\":2,\"name\":\"La import\u00e0ncia del vessant pr\u00e0ctic al Grau en Fisioter\u00e0pia Internacional\"}]},{\"@type\":\"WebSite\",\"@id\":\"https:\\\/\\\/barcelona.euses.cat\\\/ca\\\/#website\",\"url\":\"https:\\\/\\\/barcelona.euses.cat\\\/ca\\\/\",\"name\":\"EUSES - Campus de Bellvitge (Barcelona)\",\"description\":\"EUSES, Escola Universit\u00e0ria de Fisioter\u00e0pia Internacional a Barcelona\",\"potentialAction\":[{\"@type\":\"SearchAction\",\"target\":{\"@type\":\"EntryPoint\",\"urlTemplate\":\"https:\\\/\\\/barcelona.euses.cat\\\/ca\\\/?s={search_term_string}\"},\"query-input\":{\"@type\":\"PropertyValueSpecification\",\"valueRequired\":true,\"valueName\":\"search_term_string\"}}],\"inLanguage\":\"ca\"},{\"@type\":\"Person\",\"@id\":\"https:\\\/\\\/barcelona.euses.cat\\\/ca\\\/#\\\/schema\\\/person\\\/c3074ca9d956eacf02e41e2ff78e53ab\",\"name\":\"neorg\",\"image\":{\"@type\":\"ImageObject\",\"inLanguage\":\"ca\",\"@id\":\"https:\\\/\\\/secure.gravatar.com\\\/avatar\\\/709d3d8015183afa7401c02e2291a538cbfd4ffe62f4d86ce5f4871f22e86b09?s=96&d=mm&r=g\",\"url\":\"https:\\\/\\\/secure.gravatar.com\\\/avatar\\\/709d3d8015183afa7401c02e2291a538cbfd4ffe62f4d86ce5f4871f22e86b09?s=96&d=mm&r=g\",\"contentUrl\":\"https:\\\/\\\/secure.gravatar.com\\\/avatar\\\/709d3d8015183afa7401c02e2291a538cbfd4ffe62f4d86ce5f4871f22e86b09?s=96&d=mm&r=g\",\"caption\":\"neorg\"},\"url\":\"https:\\\/\\\/barcelona.euses.cat\\\/ca\\\/author\\\/neorg\\\/\"}]}<\/script>\n<!-- \/ Yoast SEO plugin. -->","yoast_head_json":{"title":"La import\u00e0ncia del vessant pr\u00e0ctic al Grau en Fisioter\u00e0pia Internacional | EUSES- Campus de Bellvitge (Barcelona)","robots":{"index":"index","follow":"follow","max-snippet":"max-snippet:-1","max-image-preview":"max-image-preview:large","max-video-preview":"max-video-preview:-1"},"canonical":"https:\/\/barcelona.euses.cat\/ca\/la-importancia-del-vessant-practic-al-grau-en-fisioterapia-internacional\/","og_locale":"ca_ES","og_type":"article","og_title":"La import\u00e0ncia del vessant pr\u00e0ctic al Grau en Fisioter\u00e0pia Internacional | EUSES- Campus de Bellvitge (Barcelona)","og_description":"El Grau en angl\u00e8s en Fisioter\u00e0pia Internacional, de l\u2019Escola de Noves Tecnologies Interactives (ENTI-UB) i de l\u2019Escola Universit\u00e0ria de la Salut i l\u2019Esport (EUSES-UdG), es basa en la combinaci\u00f3 entre els continguts te\u00f2rics i pr\u00e0ctics. Aix\u00ed doncs, les classes magistrals et permetran assolir diversos coneixements i metodologies com: les eines de valoraci\u00f3, la ter\u00e0pia i [&hellip;]","og_url":"https:\/\/barcelona.euses.cat\/ca\/la-importancia-del-vessant-practic-al-grau-en-fisioterapia-internacional\/","og_site_name":"EUSES- Campus de Bellvitge (Barcelona)","article_publisher":"https:\/\/www.facebook.com\/PhysioBCN\/","article_published_time":"2018-01-28T23:00:00+00:00","og_image":[{"width":490,"height":490,"url":"https:\/\/barcelona.euses.cat\/wp-content\/uploads\/2018\/02\/j.jpg","type":"image\/jpeg"}],"author":"neorg","twitter_card":"summary_large_image","twitter_misc":{"Escrit per":"neorg","Temps estimat de lectura":"2 minuts"},"schema":{"@context":"https:\/\/schema.org","@graph":[{"@type":"Article","@id":"https:\/\/barcelona.euses.cat\/ca\/la-importancia-del-vessant-practic-al-grau-en-fisioterapia-internacional\/#article","isPartOf":{"@id":"https:\/\/barcelona.euses.cat\/ca\/la-importancia-del-vessant-practic-al-grau-en-fisioterapia-internacional\/"},"author":{"name":"neorg","@id":"https:\/\/barcelona.euses.cat\/ca\/#\/schema\/person\/c3074ca9d956eacf02e41e2ff78e53ab"},"headline":"La import\u00e0ncia del vessant pr\u00e0ctic al Grau en Fisioter\u00e0pia Internacional","datePublished":"2018-01-28T23:00:00+00:00","mainEntityOfPage":{"@id":"https:\/\/barcelona.euses.cat\/ca\/la-importancia-del-vessant-practic-al-grau-en-fisioterapia-internacional\/"},"wordCount":493,"image":{"@id":"https:\/\/barcelona.euses.cat\/ca\/la-importancia-del-vessant-practic-al-grau-en-fisioterapia-internacional\/#primaryimage"},"thumbnailUrl":"https:\/\/barcelona.euses.cat\/wp-content\/uploads\/2018\/02\/j.jpg","keywords":["Catal\u00e0"],"articleSection":["Uncategorized @ca"],"inLanguage":"ca"},{"@type":"WebPage","@id":"https:\/\/barcelona.euses.cat\/ca\/la-importancia-del-vessant-practic-al-grau-en-fisioterapia-internacional\/","url":"https:\/\/barcelona.euses.cat\/ca\/la-importancia-del-vessant-practic-al-grau-en-fisioterapia-internacional\/","name":"La import\u00e0ncia del vessant pr\u00e0ctic al Grau en Fisioter\u00e0pia Internacional | EUSES- Campus de Bellvitge (Barcelona)","isPartOf":{"@id":"https:\/\/barcelona.euses.cat\/ca\/#website"},"primaryImageOfPage":{"@id":"https:\/\/barcelona.euses.cat\/ca\/la-importancia-del-vessant-practic-al-grau-en-fisioterapia-internacional\/#primaryimage"},"image":{"@id":"https:\/\/barcelona.euses.cat\/ca\/la-importancia-del-vessant-practic-al-grau-en-fisioterapia-internacional\/#primaryimage"},"thumbnailUrl":"https:\/\/barcelona.euses.cat\/wp-content\/uploads\/2018\/02\/j.jpg","datePublished":"2018-01-28T23:00:00+00:00","author":{"@id":"https:\/\/barcelona.euses.cat\/ca\/#\/schema\/person\/c3074ca9d956eacf02e41e2ff78e53ab"},"breadcrumb":{"@id":"https:\/\/barcelona.euses.cat\/ca\/la-importancia-del-vessant-practic-al-grau-en-fisioterapia-internacional\/#breadcrumb"},"inLanguage":"ca","potentialAction":[{"@type":"ReadAction","target":["https:\/\/barcelona.euses.cat\/ca\/la-importancia-del-vessant-practic-al-grau-en-fisioterapia-internacional\/"]}]},{"@type":"ImageObject","inLanguage":"ca","@id":"https:\/\/barcelona.euses.cat\/ca\/la-importancia-del-vessant-practic-al-grau-en-fisioterapia-internacional\/#primaryimage","url":"https:\/\/barcelona.euses.cat\/wp-content\/uploads\/2018\/02\/j.jpg","contentUrl":"https:\/\/barcelona.euses.cat\/wp-content\/uploads\/2018\/02\/j.jpg","width":490,"height":490},{"@type":"BreadcrumbList","@id":"https:\/\/barcelona.euses.cat\/ca\/la-importancia-del-vessant-practic-al-grau-en-fisioterapia-internacional\/#breadcrumb","itemListElement":[{"@type":"ListItem","position":1,"name":"Portada","item":"https:\/\/barcelona.euses.cat\/ca\/"},{"@type":"ListItem","position":2,"name":"La import\u00e0ncia del vessant pr\u00e0ctic al Grau en Fisioter\u00e0pia Internacional"}]},{"@type":"WebSite","@id":"https:\/\/barcelona.euses.cat\/ca\/#website","url":"https:\/\/barcelona.euses.cat\/ca\/","name":"EUSES - Campus de Bellvitge (Barcelona)","description":"EUSES, Escola Universit\u00e0ria de Fisioter\u00e0pia Internacional a Barcelona","potentialAction":[{"@type":"SearchAction","target":{"@type":"EntryPoint","urlTemplate":"https:\/\/barcelona.euses.cat\/ca\/?s={search_term_string}"},"query-input":{"@type":"PropertyValueSpecification","valueRequired":true,"valueName":"search_term_string"}}],"inLanguage":"ca"},{"@type":"Person","@id":"https:\/\/barcelona.euses.cat\/ca\/#\/schema\/person\/c3074ca9d956eacf02e41e2ff78e53ab","name":"neorg","image":{"@type":"ImageObject","inLanguage":"ca","@id":"https:\/\/secure.gravatar.com\/avatar\/709d3d8015183afa7401c02e2291a538cbfd4ffe62f4d86ce5f4871f22e86b09?s=96&d=mm&r=g","url":"https:\/\/secure.gravatar.com\/avatar\/709d3d8015183afa7401c02e2291a538cbfd4ffe62f4d86ce5f4871f22e86b09?s=96&d=mm&r=g","contentUrl":"https:\/\/secure.gravatar.com\/avatar\/709d3d8015183afa7401c02e2291a538cbfd4ffe62f4d86ce5f4871f22e86b09?s=96&d=mm&r=g","caption":"neorg"},"url":"https:\/\/barcelona.euses.cat\/ca\/author\/neorg\/"}]}},"_links":{"self":[{"href":"https:\/\/barcelona.euses.cat\/ca\/wp-json\/wp\/v2\/posts\/5166","targetHints":{"allow":["GET"]}}],"collection":[{"href":"https:\/\/barcelona.euses.cat\/ca\/wp-json\/wp\/v2\/posts"}],"about":[{"href":"https:\/\/barcelona.euses.cat\/ca\/wp-json\/wp\/v2\/types\/post"}],"author":[{"embeddable":true,"href":"https:\/\/barcelona.euses.cat\/ca\/wp-json\/wp\/v2\/users\/1"}],"replies":[{"embeddable":true,"href":"https:\/\/barcelona.euses.cat\/ca\/wp-json\/wp\/v2\/comments?post=5166"}],"version-history":[{"count":0,"href":"https:\/\/barcelona.euses.cat\/ca\/wp-json\/wp\/v2\/posts\/5166\/revisions"}],"wp:featuredmedia":[{"embeddable":true,"href":"https:\/\/barcelona.euses.cat\/ca\/wp-json\/wp\/v2\/media\/5167"}],"wp:attachment":[{"href":"https:\/\/barcelona.euses.cat\/ca\/wp-json\/wp\/v2\/media?parent=5166"}],"wp:term":[{"taxonomy":"category","embeddable":true,"href":"https:\/\/barcelona.euses.cat\/ca\/wp-json\/wp\/v2\/categories?post=5166"},{"taxonomy":"post_tag","embeddable":true,"href":"https:\/\/barcelona.euses.cat\/ca\/wp-json\/wp\/v2\/tags?post=5166"}],"curies":[{"name":"wp","href":"https:\/\/api.w.org\/{rel}","templated":true}]}}