{"id":5161,"date":"2018-01-29T00:00:00","date_gmt":"2018-01-28T23:00:00","guid":{"rendered":"http:\/\/physiotherapybarcelona.net\/grau-en-fisioterapia-internacional-format-amb-un-professorat-amb-perfil-internacional-i-vocacio-per-la-docencia\/"},"modified":"2019-06-03T15:07:10","modified_gmt":"2019-06-03T13:07:10","slug":"grau-en-fisioterapia-internacional-format-amb-un-professorat-amb-perfil-internacional-i-vocacio-per-la-docencia","status":"publish","type":"post","link":"https:\/\/barcelona.euses.cat\/ca\/grau-en-fisioterapia-internacional-format-amb-un-professorat-amb-perfil-internacional-i-vocacio-per-la-docencia\/","title":{"rendered":"Grau en Fisioter\u00e0pia Internacional: Forma\u2019t amb un professorat amb perfil internacional i vocaci\u00f3 per la doc\u00e8ncia"},"content":{"rendered":"<p style=\"text-align: justify;\">El <strong>perfil internacional<\/strong>, la vocaci\u00f3 per la doc\u00e8ncia, una s\u00f2lida traject\u00f2ria en investigaci\u00f3 i una \u00e0mplia experi\u00e8ncia professional caracteritzen el <strong>professorat<\/strong> del <a href=\"https:\/\/goo.gl\/JzwNi9\"><strong>Grau en angl\u00e8s en Fisioter\u00e0pia Internacional, de l\u2019Escola de Noves Tecnologies Interactives (ENTI-UB) i de l\u2019Escola de la Salut i l\u2019Esport (EUSES-UdG)<\/strong><\/a><strong>.<\/strong><\/p>\n<p style=\"text-align: justify;\">En aquest nou curs acad\u00e8mic, comptarem amb <strong>docents<\/strong> amb \u00e0mplies habilitats pedag\u00f2giques, procedents de <strong>prestigioses universitats estatals <\/strong>i<strong> estrangeres<\/strong>. Com per exemple de pa\u00efsos del<strong> Regne Unit, Austr\u00e0lia, Argentina, Brasil <\/strong>i<strong> Vene\u00e7uela<\/strong>. La majoria dels quals <strong>Doctorats<\/strong> i especialistes en el seu camp, amb el <strong>doble perfil d\u2019acad\u00e8mic-investigador <\/strong>i de<strong> professional<\/strong> en <strong>actiu<\/strong>. Per tant, aporten la seva <strong>experi\u00e8ncia di\u00e0ria<\/strong>, fet que permet actualitzar constantment els continguts i metodologies emprades, incorporant una <strong>visi\u00f3<\/strong> m\u00e9s <strong>completa i global<\/strong> de la <strong>fisioter\u00e0pia<\/strong>, des de la perspectiva de diferents pa\u00efsos <strong>d\u2019arreu del m\u00f3n<\/strong>.<\/p>\n<p style=\"text-align: justify;\">Aix\u00ed doncs, a c\u00e0rrec <strong>d\u2019excel\u00b7lents professionals<\/strong> coneixer\u00e0s la <strong>tecnologia<\/strong> m\u00e9s innovadora i <strong>puntera<\/strong> aplicada al camp de la <strong>salut<\/strong>. Aprendr\u00e0s els diferents aspectes de la <strong>fisioter\u00e0pia<\/strong> com: la valoraci\u00f3, el <strong>diagn\u00f2stic<\/strong> o el disseny de <strong>tractaments<\/strong> que s\u2019implementen a <strong>Europa<\/strong> i arreu del <strong>m\u00f3n<\/strong>; aplicar\u00e0s <strong>nous aven\u00e7os tecnol\u00f2gics<\/strong> i fins i tot, tindr\u00e0s la possibilitat de crear les teves pr\u00f2pies <strong>apps tecnol\u00f2giques<\/strong> en aquest camp. A m\u00e9s, no \u00fanicament s\u2019inclou la tecnologia purament m\u00e8dica, sin\u00f3 que es comparteixen recursos amb altres disciplines com l\u2019arquitectura, l\u2019\u00e0mbit dels <strong>videojocs o els Serious Games<\/strong>. En definitiva, esdevindr\u00e0s un expert en les <strong>tecnologies<\/strong> pr\u00f2pies de <strong>l\u2019e-health<\/strong> i en l\u2019aplicaci\u00f3 de noves eines en el diagn\u00f2stic, tractament i rehabilitaci\u00f3 d\u2019una lesi\u00f3.<\/p>\n<p style=\"text-align: justify;\">Altre avantatge d\u2019aquests estudis \u00e9s la seva clara aposta per la <strong>personalitzaci\u00f3<\/strong>, adaptant l\u2019itinerari formatiu a cada estudiant. En aquest sentit, cal destacar que disposar\u00e0s d\u2019un <strong>seguiment i assessorament individualitzat<\/strong> en aspectes acad\u00e8mics i d\u2019orientaci\u00f3 professional per resoldre qualsevol dels teus dubtes. A m\u00e9s, tamb\u00e9 s\u2019incentiva la <strong>formaci\u00f3 complement\u00e0ria<\/strong>, a trav\u00e9s de jornades, seminaris i cursos, duts a terme per experts dels diferents \u00e0mbits de la salut.<\/p>\n<p style=\"text-align: justify;\">Finalment, per tal d\u2019ampliar la teva xarxa de contactes, aquest <strong>Grau<\/strong> tamb\u00e9 et permetr\u00e0 accedir a m\u00faltiples <strong>programes d\u2019intercanvi internacional<\/strong> a <strong>prestigioses universitats internacionals<\/strong>; aix\u00ed com, a la posterior ampliaci\u00f3 i continuaci\u00f3 d\u2019estudis de postgrau a pa\u00efsos d\u2019arreu del m\u00f3n.<\/p>\n<p style=\"text-align: justify;\">Forma\u2019t amb un <strong>professorat<\/strong> amb <strong>perfil<\/strong> <strong>internacional<\/strong>; estudiant el <a href=\"https:\/\/goo.gl\/JzwNi9\"><strong>Grau en Fisioter\u00e0pia Internacional<\/strong><\/a>. Descobrir\u00e0s la visi\u00f3 m\u00e9s global de la <strong>fisioter\u00e0pia<\/strong>, coneixent com es treballa arreu del m\u00f3n.<\/p>\n<p>&nbsp;<\/p>\n<p>&nbsp;<\/p>\n","protected":false},"excerpt":{"rendered":"<p>El perfil internacional, la vocaci\u00f3 per la doc\u00e8ncia, una s\u00f2lida traject\u00f2ria en investigaci\u00f3 i una \u00e0mplia experi\u00e8ncia professional caracteritzen el professorat del Grau en angl\u00e8s en Fisioter\u00e0pia Internacional, de l\u2019Escola de Noves Tecnologies Interactives (ENTI-UB) i de l\u2019Escola de la Salut i l\u2019Esport (EUSES-UdG). En aquest nou curs acad\u00e8mic, comptarem amb docents amb \u00e0mplies habilitats [&hellip;]<\/p>\n","protected":false},"author":1,"featured_media":7138,"comment_status":"closed","ping_status":"closed","sticky":false,"template":"","format":"standard","meta":{"_acf_changed":false,"inline_featured_image":false,"_joinchat":[],"footnotes":""},"categories":[46],"tags":[44,45],"class_list":["post-5161","post","type-post","status-publish","format-standard","has-post-thumbnail","hentry","category-sense-categoria","tag-castellano","tag-catala"],"acf":[],"yoast_head":"<!-- This site is optimized with the Yoast SEO plugin v27.4 - https:\/\/yoast.com\/product\/yoast-seo-wordpress\/ -->\n<title>Grau en Fisioter\u00e0pia Internacional: Forma\u2019t amb un professorat amb perfil internacional i vocaci\u00f3 per la doc\u00e8ncia | EUSES- Campus de Bellvitge (Barcelona)<\/title>\n<meta name=\"robots\" content=\"index, follow, max-snippet:-1, max-image-preview:large, max-video-preview:-1\" \/>\n<link rel=\"canonical\" href=\"https:\/\/barcelona.euses.cat\/ca\/grau-en-fisioterapia-internacional-format-amb-un-professorat-amb-perfil-internacional-i-vocacio-per-la-docencia\/\" \/>\n<meta property=\"og:locale\" content=\"ca_ES\" \/>\n<meta property=\"og:type\" content=\"article\" \/>\n<meta property=\"og:title\" content=\"Grau en Fisioter\u00e0pia Internacional: Forma\u2019t amb un professorat amb perfil internacional i vocaci\u00f3 per la doc\u00e8ncia | EUSES- Campus de Bellvitge (Barcelona)\" \/>\n<meta property=\"og:description\" content=\"El perfil internacional, la vocaci\u00f3 per la doc\u00e8ncia, una s\u00f2lida traject\u00f2ria en investigaci\u00f3 i una \u00e0mplia experi\u00e8ncia professional caracteritzen el professorat del Grau en angl\u00e8s en Fisioter\u00e0pia Internacional, de l\u2019Escola de Noves Tecnologies Interactives (ENTI-UB) i de l\u2019Escola de la Salut i l\u2019Esport (EUSES-UdG). En aquest nou curs acad\u00e8mic, comptarem amb docents amb \u00e0mplies habilitats [&hellip;]\" \/>\n<meta property=\"og:url\" content=\"https:\/\/barcelona.euses.cat\/ca\/grau-en-fisioterapia-internacional-format-amb-un-professorat-amb-perfil-internacional-i-vocacio-per-la-docencia\/\" \/>\n<meta property=\"og:site_name\" content=\"EUSES- Campus de Bellvitge (Barcelona)\" \/>\n<meta property=\"article:publisher\" content=\"https:\/\/www.facebook.com\/PhysioBCN\/\" \/>\n<meta property=\"article:published_time\" content=\"2018-01-28T23:00:00+00:00\" \/>\n<meta property=\"article:modified_time\" content=\"2019-06-03T13:07:10+00:00\" \/>\n<meta property=\"og:image\" content=\"https:\/\/barcelona.euses.cat\/wp-content\/uploads\/2018\/01\/j-1.jpg\" \/>\n\t<meta property=\"og:image:width\" content=\"867\" \/>\n\t<meta property=\"og:image:height\" content=\"579\" \/>\n\t<meta property=\"og:image:type\" content=\"image\/jpeg\" \/>\n<meta name=\"author\" content=\"neorg\" \/>\n<meta name=\"twitter:card\" content=\"summary_large_image\" \/>\n<meta name=\"twitter:label1\" content=\"Escrit per\" \/>\n\t<meta name=\"twitter:data1\" content=\"neorg\" \/>\n\t<meta name=\"twitter:label2\" content=\"Temps estimat de lectura\" \/>\n\t<meta name=\"twitter:data2\" content=\"2 minuts\" \/>\n<script type=\"application\/ld+json\" class=\"yoast-schema-graph\">{\"@context\":\"https:\\\/\\\/schema.org\",\"@graph\":[{\"@type\":\"Article\",\"@id\":\"https:\\\/\\\/barcelona.euses.cat\\\/ca\\\/grau-en-fisioterapia-internacional-format-amb-un-professorat-amb-perfil-internacional-i-vocacio-per-la-docencia\\\/#article\",\"isPartOf\":{\"@id\":\"https:\\\/\\\/barcelona.euses.cat\\\/ca\\\/grau-en-fisioterapia-internacional-format-amb-un-professorat-amb-perfil-internacional-i-vocacio-per-la-docencia\\\/\"},\"author\":{\"name\":\"neorg\",\"@id\":\"https:\\\/\\\/barcelona.euses.cat\\\/ca\\\/#\\\/schema\\\/person\\\/c3074ca9d956eacf02e41e2ff78e53ab\"},\"headline\":\"Grau en Fisioter\u00e0pia Internacional: Forma\u2019t amb un professorat amb perfil internacional i vocaci\u00f3 per la doc\u00e8ncia\",\"datePublished\":\"2018-01-28T23:00:00+00:00\",\"dateModified\":\"2019-06-03T13:07:10+00:00\",\"mainEntityOfPage\":{\"@id\":\"https:\\\/\\\/barcelona.euses.cat\\\/ca\\\/grau-en-fisioterapia-internacional-format-amb-un-professorat-amb-perfil-internacional-i-vocacio-per-la-docencia\\\/\"},\"wordCount\":479,\"image\":{\"@id\":\"https:\\\/\\\/barcelona.euses.cat\\\/ca\\\/grau-en-fisioterapia-internacional-format-amb-un-professorat-amb-perfil-internacional-i-vocacio-per-la-docencia\\\/#primaryimage\"},\"thumbnailUrl\":\"https:\\\/\\\/barcelona.euses.cat\\\/wp-content\\\/uploads\\\/2018\\\/01\\\/j-1.jpg\",\"keywords\":[\"Castellano\",\"Catal\u00e0\"],\"articleSection\":[\"sense categoria\"],\"inLanguage\":\"ca\"},{\"@type\":\"WebPage\",\"@id\":\"https:\\\/\\\/barcelona.euses.cat\\\/ca\\\/grau-en-fisioterapia-internacional-format-amb-un-professorat-amb-perfil-internacional-i-vocacio-per-la-docencia\\\/\",\"url\":\"https:\\\/\\\/barcelona.euses.cat\\\/ca\\\/grau-en-fisioterapia-internacional-format-amb-un-professorat-amb-perfil-internacional-i-vocacio-per-la-docencia\\\/\",\"name\":\"Grau en Fisioter\u00e0pia Internacional: Forma\u2019t amb un professorat amb perfil internacional i vocaci\u00f3 per la doc\u00e8ncia | EUSES- Campus de Bellvitge (Barcelona)\",\"isPartOf\":{\"@id\":\"https:\\\/\\\/barcelona.euses.cat\\\/ca\\\/#website\"},\"primaryImageOfPage\":{\"@id\":\"https:\\\/\\\/barcelona.euses.cat\\\/ca\\\/grau-en-fisioterapia-internacional-format-amb-un-professorat-amb-perfil-internacional-i-vocacio-per-la-docencia\\\/#primaryimage\"},\"image\":{\"@id\":\"https:\\\/\\\/barcelona.euses.cat\\\/ca\\\/grau-en-fisioterapia-internacional-format-amb-un-professorat-amb-perfil-internacional-i-vocacio-per-la-docencia\\\/#primaryimage\"},\"thumbnailUrl\":\"https:\\\/\\\/barcelona.euses.cat\\\/wp-content\\\/uploads\\\/2018\\\/01\\\/j-1.jpg\",\"datePublished\":\"2018-01-28T23:00:00+00:00\",\"dateModified\":\"2019-06-03T13:07:10+00:00\",\"author\":{\"@id\":\"https:\\\/\\\/barcelona.euses.cat\\\/ca\\\/#\\\/schema\\\/person\\\/c3074ca9d956eacf02e41e2ff78e53ab\"},\"breadcrumb\":{\"@id\":\"https:\\\/\\\/barcelona.euses.cat\\\/ca\\\/grau-en-fisioterapia-internacional-format-amb-un-professorat-amb-perfil-internacional-i-vocacio-per-la-docencia\\\/#breadcrumb\"},\"inLanguage\":\"ca\",\"potentialAction\":[{\"@type\":\"ReadAction\",\"target\":[\"https:\\\/\\\/barcelona.euses.cat\\\/ca\\\/grau-en-fisioterapia-internacional-format-amb-un-professorat-amb-perfil-internacional-i-vocacio-per-la-docencia\\\/\"]}]},{\"@type\":\"ImageObject\",\"inLanguage\":\"ca\",\"@id\":\"https:\\\/\\\/barcelona.euses.cat\\\/ca\\\/grau-en-fisioterapia-internacional-format-amb-un-professorat-amb-perfil-internacional-i-vocacio-per-la-docencia\\\/#primaryimage\",\"url\":\"https:\\\/\\\/barcelona.euses.cat\\\/wp-content\\\/uploads\\\/2018\\\/01\\\/j-1.jpg\",\"contentUrl\":\"https:\\\/\\\/barcelona.euses.cat\\\/wp-content\\\/uploads\\\/2018\\\/01\\\/j-1.jpg\",\"width\":867,\"height\":579},{\"@type\":\"BreadcrumbList\",\"@id\":\"https:\\\/\\\/barcelona.euses.cat\\\/ca\\\/grau-en-fisioterapia-internacional-format-amb-un-professorat-amb-perfil-internacional-i-vocacio-per-la-docencia\\\/#breadcrumb\",\"itemListElement\":[{\"@type\":\"ListItem\",\"position\":1,\"name\":\"Portada\",\"item\":\"https:\\\/\\\/barcelona.euses.cat\\\/ca\\\/\"},{\"@type\":\"ListItem\",\"position\":2,\"name\":\"Grau en Fisioter\u00e0pia Internacional: Forma\u2019t amb un professorat amb perfil internacional i vocaci\u00f3 per la doc\u00e8ncia\"}]},{\"@type\":\"WebSite\",\"@id\":\"https:\\\/\\\/barcelona.euses.cat\\\/ca\\\/#website\",\"url\":\"https:\\\/\\\/barcelona.euses.cat\\\/ca\\\/\",\"name\":\"EUSES - Campus de Bellvitge (Barcelona)\",\"description\":\"EUSES, Escola Universit\u00e0ria de Fisioter\u00e0pia Internacional a Barcelona\",\"potentialAction\":[{\"@type\":\"SearchAction\",\"target\":{\"@type\":\"EntryPoint\",\"urlTemplate\":\"https:\\\/\\\/barcelona.euses.cat\\\/ca\\\/?s={search_term_string}\"},\"query-input\":{\"@type\":\"PropertyValueSpecification\",\"valueRequired\":true,\"valueName\":\"search_term_string\"}}],\"inLanguage\":\"ca\"},{\"@type\":\"Person\",\"@id\":\"https:\\\/\\\/barcelona.euses.cat\\\/ca\\\/#\\\/schema\\\/person\\\/c3074ca9d956eacf02e41e2ff78e53ab\",\"name\":\"neorg\",\"image\":{\"@type\":\"ImageObject\",\"inLanguage\":\"ca\",\"@id\":\"https:\\\/\\\/secure.gravatar.com\\\/avatar\\\/709d3d8015183afa7401c02e2291a538cbfd4ffe62f4d86ce5f4871f22e86b09?s=96&d=mm&r=g\",\"url\":\"https:\\\/\\\/secure.gravatar.com\\\/avatar\\\/709d3d8015183afa7401c02e2291a538cbfd4ffe62f4d86ce5f4871f22e86b09?s=96&d=mm&r=g\",\"contentUrl\":\"https:\\\/\\\/secure.gravatar.com\\\/avatar\\\/709d3d8015183afa7401c02e2291a538cbfd4ffe62f4d86ce5f4871f22e86b09?s=96&d=mm&r=g\",\"caption\":\"neorg\"},\"url\":\"https:\\\/\\\/barcelona.euses.cat\\\/ca\\\/author\\\/neorg\\\/\"}]}<\/script>\n<!-- \/ Yoast SEO plugin. -->","yoast_head_json":{"title":"Grau en Fisioter\u00e0pia Internacional: Forma\u2019t amb un professorat amb perfil internacional i vocaci\u00f3 per la doc\u00e8ncia | EUSES- Campus de Bellvitge (Barcelona)","robots":{"index":"index","follow":"follow","max-snippet":"max-snippet:-1","max-image-preview":"max-image-preview:large","max-video-preview":"max-video-preview:-1"},"canonical":"https:\/\/barcelona.euses.cat\/ca\/grau-en-fisioterapia-internacional-format-amb-un-professorat-amb-perfil-internacional-i-vocacio-per-la-docencia\/","og_locale":"ca_ES","og_type":"article","og_title":"Grau en Fisioter\u00e0pia Internacional: Forma\u2019t amb un professorat amb perfil internacional i vocaci\u00f3 per la doc\u00e8ncia | EUSES- Campus de Bellvitge (Barcelona)","og_description":"El perfil internacional, la vocaci\u00f3 per la doc\u00e8ncia, una s\u00f2lida traject\u00f2ria en investigaci\u00f3 i una \u00e0mplia experi\u00e8ncia professional caracteritzen el professorat del Grau en angl\u00e8s en Fisioter\u00e0pia Internacional, de l\u2019Escola de Noves Tecnologies Interactives (ENTI-UB) i de l\u2019Escola de la Salut i l\u2019Esport (EUSES-UdG). En aquest nou curs acad\u00e8mic, comptarem amb docents amb \u00e0mplies habilitats [&hellip;]","og_url":"https:\/\/barcelona.euses.cat\/ca\/grau-en-fisioterapia-internacional-format-amb-un-professorat-amb-perfil-internacional-i-vocacio-per-la-docencia\/","og_site_name":"EUSES- Campus de Bellvitge (Barcelona)","article_publisher":"https:\/\/www.facebook.com\/PhysioBCN\/","article_published_time":"2018-01-28T23:00:00+00:00","article_modified_time":"2019-06-03T13:07:10+00:00","og_image":[{"width":867,"height":579,"url":"https:\/\/barcelona.euses.cat\/wp-content\/uploads\/2018\/01\/j-1.jpg","type":"image\/jpeg"}],"author":"neorg","twitter_card":"summary_large_image","twitter_misc":{"Escrit per":"neorg","Temps estimat de lectura":"2 minuts"},"schema":{"@context":"https:\/\/schema.org","@graph":[{"@type":"Article","@id":"https:\/\/barcelona.euses.cat\/ca\/grau-en-fisioterapia-internacional-format-amb-un-professorat-amb-perfil-internacional-i-vocacio-per-la-docencia\/#article","isPartOf":{"@id":"https:\/\/barcelona.euses.cat\/ca\/grau-en-fisioterapia-internacional-format-amb-un-professorat-amb-perfil-internacional-i-vocacio-per-la-docencia\/"},"author":{"name":"neorg","@id":"https:\/\/barcelona.euses.cat\/ca\/#\/schema\/person\/c3074ca9d956eacf02e41e2ff78e53ab"},"headline":"Grau en Fisioter\u00e0pia Internacional: Forma\u2019t amb un professorat amb perfil internacional i vocaci\u00f3 per la doc\u00e8ncia","datePublished":"2018-01-28T23:00:00+00:00","dateModified":"2019-06-03T13:07:10+00:00","mainEntityOfPage":{"@id":"https:\/\/barcelona.euses.cat\/ca\/grau-en-fisioterapia-internacional-format-amb-un-professorat-amb-perfil-internacional-i-vocacio-per-la-docencia\/"},"wordCount":479,"image":{"@id":"https:\/\/barcelona.euses.cat\/ca\/grau-en-fisioterapia-internacional-format-amb-un-professorat-amb-perfil-internacional-i-vocacio-per-la-docencia\/#primaryimage"},"thumbnailUrl":"https:\/\/barcelona.euses.cat\/wp-content\/uploads\/2018\/01\/j-1.jpg","keywords":["Castellano","Catal\u00e0"],"articleSection":["sense categoria"],"inLanguage":"ca"},{"@type":"WebPage","@id":"https:\/\/barcelona.euses.cat\/ca\/grau-en-fisioterapia-internacional-format-amb-un-professorat-amb-perfil-internacional-i-vocacio-per-la-docencia\/","url":"https:\/\/barcelona.euses.cat\/ca\/grau-en-fisioterapia-internacional-format-amb-un-professorat-amb-perfil-internacional-i-vocacio-per-la-docencia\/","name":"Grau en Fisioter\u00e0pia Internacional: Forma\u2019t amb un professorat amb perfil internacional i vocaci\u00f3 per la doc\u00e8ncia | EUSES- Campus de Bellvitge (Barcelona)","isPartOf":{"@id":"https:\/\/barcelona.euses.cat\/ca\/#website"},"primaryImageOfPage":{"@id":"https:\/\/barcelona.euses.cat\/ca\/grau-en-fisioterapia-internacional-format-amb-un-professorat-amb-perfil-internacional-i-vocacio-per-la-docencia\/#primaryimage"},"image":{"@id":"https:\/\/barcelona.euses.cat\/ca\/grau-en-fisioterapia-internacional-format-amb-un-professorat-amb-perfil-internacional-i-vocacio-per-la-docencia\/#primaryimage"},"thumbnailUrl":"https:\/\/barcelona.euses.cat\/wp-content\/uploads\/2018\/01\/j-1.jpg","datePublished":"2018-01-28T23:00:00+00:00","dateModified":"2019-06-03T13:07:10+00:00","author":{"@id":"https:\/\/barcelona.euses.cat\/ca\/#\/schema\/person\/c3074ca9d956eacf02e41e2ff78e53ab"},"breadcrumb":{"@id":"https:\/\/barcelona.euses.cat\/ca\/grau-en-fisioterapia-internacional-format-amb-un-professorat-amb-perfil-internacional-i-vocacio-per-la-docencia\/#breadcrumb"},"inLanguage":"ca","potentialAction":[{"@type":"ReadAction","target":["https:\/\/barcelona.euses.cat\/ca\/grau-en-fisioterapia-internacional-format-amb-un-professorat-amb-perfil-internacional-i-vocacio-per-la-docencia\/"]}]},{"@type":"ImageObject","inLanguage":"ca","@id":"https:\/\/barcelona.euses.cat\/ca\/grau-en-fisioterapia-internacional-format-amb-un-professorat-amb-perfil-internacional-i-vocacio-per-la-docencia\/#primaryimage","url":"https:\/\/barcelona.euses.cat\/wp-content\/uploads\/2018\/01\/j-1.jpg","contentUrl":"https:\/\/barcelona.euses.cat\/wp-content\/uploads\/2018\/01\/j-1.jpg","width":867,"height":579},{"@type":"BreadcrumbList","@id":"https:\/\/barcelona.euses.cat\/ca\/grau-en-fisioterapia-internacional-format-amb-un-professorat-amb-perfil-internacional-i-vocacio-per-la-docencia\/#breadcrumb","itemListElement":[{"@type":"ListItem","position":1,"name":"Portada","item":"https:\/\/barcelona.euses.cat\/ca\/"},{"@type":"ListItem","position":2,"name":"Grau en Fisioter\u00e0pia Internacional: Forma\u2019t amb un professorat amb perfil internacional i vocaci\u00f3 per la doc\u00e8ncia"}]},{"@type":"WebSite","@id":"https:\/\/barcelona.euses.cat\/ca\/#website","url":"https:\/\/barcelona.euses.cat\/ca\/","name":"EUSES - Campus de Bellvitge (Barcelona)","description":"EUSES, Escola Universit\u00e0ria de Fisioter\u00e0pia Internacional a Barcelona","potentialAction":[{"@type":"SearchAction","target":{"@type":"EntryPoint","urlTemplate":"https:\/\/barcelona.euses.cat\/ca\/?s={search_term_string}"},"query-input":{"@type":"PropertyValueSpecification","valueRequired":true,"valueName":"search_term_string"}}],"inLanguage":"ca"},{"@type":"Person","@id":"https:\/\/barcelona.euses.cat\/ca\/#\/schema\/person\/c3074ca9d956eacf02e41e2ff78e53ab","name":"neorg","image":{"@type":"ImageObject","inLanguage":"ca","@id":"https:\/\/secure.gravatar.com\/avatar\/709d3d8015183afa7401c02e2291a538cbfd4ffe62f4d86ce5f4871f22e86b09?s=96&d=mm&r=g","url":"https:\/\/secure.gravatar.com\/avatar\/709d3d8015183afa7401c02e2291a538cbfd4ffe62f4d86ce5f4871f22e86b09?s=96&d=mm&r=g","contentUrl":"https:\/\/secure.gravatar.com\/avatar\/709d3d8015183afa7401c02e2291a538cbfd4ffe62f4d86ce5f4871f22e86b09?s=96&d=mm&r=g","caption":"neorg"},"url":"https:\/\/barcelona.euses.cat\/ca\/author\/neorg\/"}]}},"_links":{"self":[{"href":"https:\/\/barcelona.euses.cat\/ca\/wp-json\/wp\/v2\/posts\/5161","targetHints":{"allow":["GET"]}}],"collection":[{"href":"https:\/\/barcelona.euses.cat\/ca\/wp-json\/wp\/v2\/posts"}],"about":[{"href":"https:\/\/barcelona.euses.cat\/ca\/wp-json\/wp\/v2\/types\/post"}],"author":[{"embeddable":true,"href":"https:\/\/barcelona.euses.cat\/ca\/wp-json\/wp\/v2\/users\/1"}],"replies":[{"embeddable":true,"href":"https:\/\/barcelona.euses.cat\/ca\/wp-json\/wp\/v2\/comments?post=5161"}],"version-history":[{"count":1,"href":"https:\/\/barcelona.euses.cat\/ca\/wp-json\/wp\/v2\/posts\/5161\/revisions"}],"predecessor-version":[{"id":7142,"href":"https:\/\/barcelona.euses.cat\/ca\/wp-json\/wp\/v2\/posts\/5161\/revisions\/7142"}],"wp:featuredmedia":[{"embeddable":true,"href":"https:\/\/barcelona.euses.cat\/ca\/wp-json\/wp\/v2\/media\/7138"}],"wp:attachment":[{"href":"https:\/\/barcelona.euses.cat\/ca\/wp-json\/wp\/v2\/media?parent=5161"}],"wp:term":[{"taxonomy":"category","embeddable":true,"href":"https:\/\/barcelona.euses.cat\/ca\/wp-json\/wp\/v2\/categories?post=5161"},{"taxonomy":"post_tag","embeddable":true,"href":"https:\/\/barcelona.euses.cat\/ca\/wp-json\/wp\/v2\/tags?post=5161"}],"curies":[{"name":"wp","href":"https:\/\/api.w.org\/{rel}","templated":true}]}}