{"id":5141,"date":"2018-02-15T00:00:00","date_gmt":"2018-02-14T23:00:00","guid":{"rendered":"http:\/\/physiotherapybarcelona.net\/el-director-del-grau-de-fisioterapia-internacional-publica-a-la-revista-academica-disability-and-rehabilitation\/"},"modified":"2018-02-15T00:00:00","modified_gmt":"2018-02-14T23:00:00","slug":"el-director-del-grau-de-fisioterapia-internacional-publica-a-la-revista-academica-disability-and-rehabilitation","status":"publish","type":"post","link":"https:\/\/barcelona.euses.cat\/ca\/el-director-del-grau-de-fisioterapia-internacional-publica-a-la-revista-academica-disability-and-rehabilitation\/","title":{"rendered":"El director del Grau de Fisioter\u00e0pia Internacional publica a la revista acad\u00e8mica \u2018Disability and Rehabilitation\u2019"},"content":{"rendered":"<p style=\"text-align: justify;\">Mariano Gacto, director del Grau de Fisioter\u00e0pia Internacional de l\u2019Escola de Noves Tecnologies Interactives (ENTI-UB) i de l\u2019Escola Universit\u00e0ria de la Salut i l\u2019Esport (EUSES-UdG), ha publicat un nou\u00a0<strong>article acad\u00e8mic a la prestigiosa revista<\/strong>\u00a0\u2018<a href=\"http:\/\/www.tandfonline.com\/toc\/idre20\/current\">Disability and Rehabilitation\u2019.<\/a><\/p>\n<p style=\"text-align: justify;\">L\u2019estudi, titulat \u201c<a href=\"http:\/\/www.tandfonline.com\/doi\/abs\/10.1080\/09638288.2018.1424948\">Sensitivity to change of mobility measures in musculoskeletal conditions on lower extremities in outpatient rehabilitation settings<\/a>\u201d,\u00a0<strong>analitza els indicadors de mobilitat a les extremitats inferiors<\/strong>\u00a0en casos de rehabilitaci\u00f3. Es demostra la consist\u00e8ncia i sensibilitat d\u2019aquests indicadors i es conclou que\u00a0<strong>es poden fer servir de manera fiable per obtenir mesures coherents<\/strong>\u00a0i sensibles de canvis en la mobilitat dels pacients en el per\u00edode de recuperaci\u00f3.<\/p>\n<p style=\"text-align: justify;\"><strong>El professorat del <\/strong><a href=\"\/?page_id=1430\">Grau de Fisioter\u00e0pia Internacional\u00a0<\/a>segueix comprom\u00e8s amb la investigaci\u00f3 acad\u00e8mica,\u00a0<strong>combinant la doc\u00e8ncia i la pr\u00e0ctica cl\u00ednica amb la recerca internacional d\u2019excel\u00b7l\u00e8ncia.<\/strong><\/p>\n<p><strong>\u00a0<\/strong><\/p>\n","protected":false},"excerpt":{"rendered":"<p>Mariano Gacto, director del Grau de Fisioter\u00e0pia Internacional de l\u2019Escola de Noves Tecnologies Interactives (ENTI-UB) i de l\u2019Escola Universit\u00e0ria de la Salut i l\u2019Esport (EUSES-UdG), ha publicat un nou\u00a0article acad\u00e8mic a la prestigiosa revista\u00a0\u2018Disability and Rehabilitation\u2019. L\u2019estudi, titulat \u201cSensitivity to change of mobility measures in musculoskeletal conditions on lower extremities in outpatient rehabilitation settings\u201d,\u00a0analitza els [&hellip;]<\/p>\n","protected":false},"author":1,"featured_media":5142,"comment_status":"closed","ping_status":"closed","sticky":false,"template":"","format":"standard","meta":{"_acf_changed":false,"inline_featured_image":false,"_joinchat":[],"footnotes":""},"categories":[54],"tags":[45],"class_list":["post-5141","post","type-post","status-publish","format-standard","has-post-thumbnail","hentry","category-uncategorized-ca","tag-catala"],"acf":[],"yoast_head":"<!-- This site is optimized with the Yoast SEO plugin v27.4 - https:\/\/yoast.com\/product\/yoast-seo-wordpress\/ -->\n<title>El director del Grau de Fisioter\u00e0pia Internacional publica a la revista acad\u00e8mica \u2018Disability and Rehabilitation\u2019 | EUSES- Campus de Bellvitge (Barcelona)<\/title>\n<meta name=\"robots\" content=\"index, follow, max-snippet:-1, max-image-preview:large, max-video-preview:-1\" \/>\n<link rel=\"canonical\" href=\"https:\/\/barcelona.euses.cat\/ca\/el-director-del-grau-de-fisioterapia-internacional-publica-a-la-revista-academica-disability-and-rehabilitation\/\" \/>\n<meta property=\"og:locale\" content=\"ca_ES\" \/>\n<meta property=\"og:type\" content=\"article\" \/>\n<meta property=\"og:title\" content=\"El director del Grau de Fisioter\u00e0pia Internacional publica a la revista acad\u00e8mica \u2018Disability and Rehabilitation\u2019 | EUSES- Campus de Bellvitge (Barcelona)\" \/>\n<meta property=\"og:description\" content=\"Mariano Gacto, director del Grau de Fisioter\u00e0pia Internacional de l\u2019Escola de Noves Tecnologies Interactives (ENTI-UB) i de l\u2019Escola Universit\u00e0ria de la Salut i l\u2019Esport (EUSES-UdG), ha publicat un nou\u00a0article acad\u00e8mic a la prestigiosa revista\u00a0\u2018Disability and Rehabilitation\u2019. L\u2019estudi, titulat \u201cSensitivity to change of mobility measures in musculoskeletal conditions on lower extremities in outpatient rehabilitation settings\u201d,\u00a0analitza els [&hellip;]\" \/>\n<meta property=\"og:url\" content=\"https:\/\/barcelona.euses.cat\/ca\/el-director-del-grau-de-fisioterapia-internacional-publica-a-la-revista-academica-disability-and-rehabilitation\/\" \/>\n<meta property=\"og:site_name\" content=\"EUSES- Campus de Bellvitge (Barcelona)\" \/>\n<meta property=\"article:publisher\" content=\"https:\/\/www.facebook.com\/PhysioBCN\/\" \/>\n<meta property=\"article:published_time\" content=\"2018-02-14T23:00:00+00:00\" \/>\n<meta property=\"og:image\" content=\"https:\/\/barcelona.euses.cat\/wp-content\/uploads\/2018\/02\/estudio-physio-share1.jpg\" \/>\n\t<meta property=\"og:image:width\" content=\"1200\" \/>\n\t<meta property=\"og:image:height\" content=\"650\" \/>\n\t<meta property=\"og:image:type\" content=\"image\/jpeg\" \/>\n<meta name=\"author\" content=\"neorg\" \/>\n<meta name=\"twitter:card\" content=\"summary_large_image\" \/>\n<meta name=\"twitter:label1\" content=\"Escrit per\" \/>\n\t<meta name=\"twitter:data1\" content=\"neorg\" \/>\n\t<meta name=\"twitter:label2\" content=\"Temps estimat de lectura\" \/>\n\t<meta name=\"twitter:data2\" content=\"1 minut\" \/>\n<script type=\"application\/ld+json\" class=\"yoast-schema-graph\">{\"@context\":\"https:\\\/\\\/schema.org\",\"@graph\":[{\"@type\":\"Article\",\"@id\":\"https:\\\/\\\/barcelona.euses.cat\\\/ca\\\/el-director-del-grau-de-fisioterapia-internacional-publica-a-la-revista-academica-disability-and-rehabilitation\\\/#article\",\"isPartOf\":{\"@id\":\"https:\\\/\\\/barcelona.euses.cat\\\/ca\\\/el-director-del-grau-de-fisioterapia-internacional-publica-a-la-revista-academica-disability-and-rehabilitation\\\/\"},\"author\":{\"name\":\"neorg\",\"@id\":\"https:\\\/\\\/barcelona.euses.cat\\\/ca\\\/#\\\/schema\\\/person\\\/c3074ca9d956eacf02e41e2ff78e53ab\"},\"headline\":\"El director del Grau de Fisioter\u00e0pia Internacional publica a la revista acad\u00e8mica \u2018Disability and Rehabilitation\u2019\",\"datePublished\":\"2018-02-14T23:00:00+00:00\",\"mainEntityOfPage\":{\"@id\":\"https:\\\/\\\/barcelona.euses.cat\\\/ca\\\/el-director-del-grau-de-fisioterapia-internacional-publica-a-la-revista-academica-disability-and-rehabilitation\\\/\"},\"wordCount\":167,\"image\":{\"@id\":\"https:\\\/\\\/barcelona.euses.cat\\\/ca\\\/el-director-del-grau-de-fisioterapia-internacional-publica-a-la-revista-academica-disability-and-rehabilitation\\\/#primaryimage\"},\"thumbnailUrl\":\"https:\\\/\\\/barcelona.euses.cat\\\/wp-content\\\/uploads\\\/2018\\\/02\\\/estudio-physio-share1.jpg\",\"keywords\":[\"Catal\u00e0\"],\"articleSection\":[\"Uncategorized @ca\"],\"inLanguage\":\"ca\"},{\"@type\":\"WebPage\",\"@id\":\"https:\\\/\\\/barcelona.euses.cat\\\/ca\\\/el-director-del-grau-de-fisioterapia-internacional-publica-a-la-revista-academica-disability-and-rehabilitation\\\/\",\"url\":\"https:\\\/\\\/barcelona.euses.cat\\\/ca\\\/el-director-del-grau-de-fisioterapia-internacional-publica-a-la-revista-academica-disability-and-rehabilitation\\\/\",\"name\":\"El director del Grau de Fisioter\u00e0pia Internacional publica a la revista acad\u00e8mica \u2018Disability and Rehabilitation\u2019 | EUSES- Campus de Bellvitge (Barcelona)\",\"isPartOf\":{\"@id\":\"https:\\\/\\\/barcelona.euses.cat\\\/ca\\\/#website\"},\"primaryImageOfPage\":{\"@id\":\"https:\\\/\\\/barcelona.euses.cat\\\/ca\\\/el-director-del-grau-de-fisioterapia-internacional-publica-a-la-revista-academica-disability-and-rehabilitation\\\/#primaryimage\"},\"image\":{\"@id\":\"https:\\\/\\\/barcelona.euses.cat\\\/ca\\\/el-director-del-grau-de-fisioterapia-internacional-publica-a-la-revista-academica-disability-and-rehabilitation\\\/#primaryimage\"},\"thumbnailUrl\":\"https:\\\/\\\/barcelona.euses.cat\\\/wp-content\\\/uploads\\\/2018\\\/02\\\/estudio-physio-share1.jpg\",\"datePublished\":\"2018-02-14T23:00:00+00:00\",\"author\":{\"@id\":\"https:\\\/\\\/barcelona.euses.cat\\\/ca\\\/#\\\/schema\\\/person\\\/c3074ca9d956eacf02e41e2ff78e53ab\"},\"breadcrumb\":{\"@id\":\"https:\\\/\\\/barcelona.euses.cat\\\/ca\\\/el-director-del-grau-de-fisioterapia-internacional-publica-a-la-revista-academica-disability-and-rehabilitation\\\/#breadcrumb\"},\"inLanguage\":\"ca\",\"potentialAction\":[{\"@type\":\"ReadAction\",\"target\":[\"https:\\\/\\\/barcelona.euses.cat\\\/ca\\\/el-director-del-grau-de-fisioterapia-internacional-publica-a-la-revista-academica-disability-and-rehabilitation\\\/\"]}]},{\"@type\":\"ImageObject\",\"inLanguage\":\"ca\",\"@id\":\"https:\\\/\\\/barcelona.euses.cat\\\/ca\\\/el-director-del-grau-de-fisioterapia-internacional-publica-a-la-revista-academica-disability-and-rehabilitation\\\/#primaryimage\",\"url\":\"https:\\\/\\\/barcelona.euses.cat\\\/wp-content\\\/uploads\\\/2018\\\/02\\\/estudio-physio-share1.jpg\",\"contentUrl\":\"https:\\\/\\\/barcelona.euses.cat\\\/wp-content\\\/uploads\\\/2018\\\/02\\\/estudio-physio-share1.jpg\",\"width\":1200,\"height\":650},{\"@type\":\"BreadcrumbList\",\"@id\":\"https:\\\/\\\/barcelona.euses.cat\\\/ca\\\/el-director-del-grau-de-fisioterapia-internacional-publica-a-la-revista-academica-disability-and-rehabilitation\\\/#breadcrumb\",\"itemListElement\":[{\"@type\":\"ListItem\",\"position\":1,\"name\":\"Portada\",\"item\":\"https:\\\/\\\/barcelona.euses.cat\\\/ca\\\/\"},{\"@type\":\"ListItem\",\"position\":2,\"name\":\"El director del Grau de Fisioter\u00e0pia Internacional publica a la revista acad\u00e8mica \u2018Disability and Rehabilitation\u2019\"}]},{\"@type\":\"WebSite\",\"@id\":\"https:\\\/\\\/barcelona.euses.cat\\\/ca\\\/#website\",\"url\":\"https:\\\/\\\/barcelona.euses.cat\\\/ca\\\/\",\"name\":\"EUSES - Campus de Bellvitge (Barcelona)\",\"description\":\"EUSES, Escola Universit\u00e0ria de Fisioter\u00e0pia Internacional a Barcelona\",\"potentialAction\":[{\"@type\":\"SearchAction\",\"target\":{\"@type\":\"EntryPoint\",\"urlTemplate\":\"https:\\\/\\\/barcelona.euses.cat\\\/ca\\\/?s={search_term_string}\"},\"query-input\":{\"@type\":\"PropertyValueSpecification\",\"valueRequired\":true,\"valueName\":\"search_term_string\"}}],\"inLanguage\":\"ca\"},{\"@type\":\"Person\",\"@id\":\"https:\\\/\\\/barcelona.euses.cat\\\/ca\\\/#\\\/schema\\\/person\\\/c3074ca9d956eacf02e41e2ff78e53ab\",\"name\":\"neorg\",\"image\":{\"@type\":\"ImageObject\",\"inLanguage\":\"ca\",\"@id\":\"https:\\\/\\\/secure.gravatar.com\\\/avatar\\\/709d3d8015183afa7401c02e2291a538cbfd4ffe62f4d86ce5f4871f22e86b09?s=96&d=mm&r=g\",\"url\":\"https:\\\/\\\/secure.gravatar.com\\\/avatar\\\/709d3d8015183afa7401c02e2291a538cbfd4ffe62f4d86ce5f4871f22e86b09?s=96&d=mm&r=g\",\"contentUrl\":\"https:\\\/\\\/secure.gravatar.com\\\/avatar\\\/709d3d8015183afa7401c02e2291a538cbfd4ffe62f4d86ce5f4871f22e86b09?s=96&d=mm&r=g\",\"caption\":\"neorg\"},\"url\":\"https:\\\/\\\/barcelona.euses.cat\\\/ca\\\/author\\\/neorg\\\/\"}]}<\/script>\n<!-- \/ Yoast SEO plugin. -->","yoast_head_json":{"title":"El director del Grau de Fisioter\u00e0pia Internacional publica a la revista acad\u00e8mica \u2018Disability and Rehabilitation\u2019 | EUSES- Campus de Bellvitge (Barcelona)","robots":{"index":"index","follow":"follow","max-snippet":"max-snippet:-1","max-image-preview":"max-image-preview:large","max-video-preview":"max-video-preview:-1"},"canonical":"https:\/\/barcelona.euses.cat\/ca\/el-director-del-grau-de-fisioterapia-internacional-publica-a-la-revista-academica-disability-and-rehabilitation\/","og_locale":"ca_ES","og_type":"article","og_title":"El director del Grau de Fisioter\u00e0pia Internacional publica a la revista acad\u00e8mica \u2018Disability and Rehabilitation\u2019 | EUSES- Campus de Bellvitge (Barcelona)","og_description":"Mariano Gacto, director del Grau de Fisioter\u00e0pia Internacional de l\u2019Escola de Noves Tecnologies Interactives (ENTI-UB) i de l\u2019Escola Universit\u00e0ria de la Salut i l\u2019Esport (EUSES-UdG), ha publicat un nou\u00a0article acad\u00e8mic a la prestigiosa revista\u00a0\u2018Disability and Rehabilitation\u2019. L\u2019estudi, titulat \u201cSensitivity to change of mobility measures in musculoskeletal conditions on lower extremities in outpatient rehabilitation settings\u201d,\u00a0analitza els [&hellip;]","og_url":"https:\/\/barcelona.euses.cat\/ca\/el-director-del-grau-de-fisioterapia-internacional-publica-a-la-revista-academica-disability-and-rehabilitation\/","og_site_name":"EUSES- Campus de Bellvitge (Barcelona)","article_publisher":"https:\/\/www.facebook.com\/PhysioBCN\/","article_published_time":"2018-02-14T23:00:00+00:00","og_image":[{"width":1200,"height":650,"url":"https:\/\/barcelona.euses.cat\/wp-content\/uploads\/2018\/02\/estudio-physio-share1.jpg","type":"image\/jpeg"}],"author":"neorg","twitter_card":"summary_large_image","twitter_misc":{"Escrit per":"neorg","Temps estimat de lectura":"1 minut"},"schema":{"@context":"https:\/\/schema.org","@graph":[{"@type":"Article","@id":"https:\/\/barcelona.euses.cat\/ca\/el-director-del-grau-de-fisioterapia-internacional-publica-a-la-revista-academica-disability-and-rehabilitation\/#article","isPartOf":{"@id":"https:\/\/barcelona.euses.cat\/ca\/el-director-del-grau-de-fisioterapia-internacional-publica-a-la-revista-academica-disability-and-rehabilitation\/"},"author":{"name":"neorg","@id":"https:\/\/barcelona.euses.cat\/ca\/#\/schema\/person\/c3074ca9d956eacf02e41e2ff78e53ab"},"headline":"El director del Grau de Fisioter\u00e0pia Internacional publica a la revista acad\u00e8mica \u2018Disability and Rehabilitation\u2019","datePublished":"2018-02-14T23:00:00+00:00","mainEntityOfPage":{"@id":"https:\/\/barcelona.euses.cat\/ca\/el-director-del-grau-de-fisioterapia-internacional-publica-a-la-revista-academica-disability-and-rehabilitation\/"},"wordCount":167,"image":{"@id":"https:\/\/barcelona.euses.cat\/ca\/el-director-del-grau-de-fisioterapia-internacional-publica-a-la-revista-academica-disability-and-rehabilitation\/#primaryimage"},"thumbnailUrl":"https:\/\/barcelona.euses.cat\/wp-content\/uploads\/2018\/02\/estudio-physio-share1.jpg","keywords":["Catal\u00e0"],"articleSection":["Uncategorized @ca"],"inLanguage":"ca"},{"@type":"WebPage","@id":"https:\/\/barcelona.euses.cat\/ca\/el-director-del-grau-de-fisioterapia-internacional-publica-a-la-revista-academica-disability-and-rehabilitation\/","url":"https:\/\/barcelona.euses.cat\/ca\/el-director-del-grau-de-fisioterapia-internacional-publica-a-la-revista-academica-disability-and-rehabilitation\/","name":"El director del Grau de Fisioter\u00e0pia Internacional publica a la revista acad\u00e8mica \u2018Disability and Rehabilitation\u2019 | EUSES- Campus de Bellvitge (Barcelona)","isPartOf":{"@id":"https:\/\/barcelona.euses.cat\/ca\/#website"},"primaryImageOfPage":{"@id":"https:\/\/barcelona.euses.cat\/ca\/el-director-del-grau-de-fisioterapia-internacional-publica-a-la-revista-academica-disability-and-rehabilitation\/#primaryimage"},"image":{"@id":"https:\/\/barcelona.euses.cat\/ca\/el-director-del-grau-de-fisioterapia-internacional-publica-a-la-revista-academica-disability-and-rehabilitation\/#primaryimage"},"thumbnailUrl":"https:\/\/barcelona.euses.cat\/wp-content\/uploads\/2018\/02\/estudio-physio-share1.jpg","datePublished":"2018-02-14T23:00:00+00:00","author":{"@id":"https:\/\/barcelona.euses.cat\/ca\/#\/schema\/person\/c3074ca9d956eacf02e41e2ff78e53ab"},"breadcrumb":{"@id":"https:\/\/barcelona.euses.cat\/ca\/el-director-del-grau-de-fisioterapia-internacional-publica-a-la-revista-academica-disability-and-rehabilitation\/#breadcrumb"},"inLanguage":"ca","potentialAction":[{"@type":"ReadAction","target":["https:\/\/barcelona.euses.cat\/ca\/el-director-del-grau-de-fisioterapia-internacional-publica-a-la-revista-academica-disability-and-rehabilitation\/"]}]},{"@type":"ImageObject","inLanguage":"ca","@id":"https:\/\/barcelona.euses.cat\/ca\/el-director-del-grau-de-fisioterapia-internacional-publica-a-la-revista-academica-disability-and-rehabilitation\/#primaryimage","url":"https:\/\/barcelona.euses.cat\/wp-content\/uploads\/2018\/02\/estudio-physio-share1.jpg","contentUrl":"https:\/\/barcelona.euses.cat\/wp-content\/uploads\/2018\/02\/estudio-physio-share1.jpg","width":1200,"height":650},{"@type":"BreadcrumbList","@id":"https:\/\/barcelona.euses.cat\/ca\/el-director-del-grau-de-fisioterapia-internacional-publica-a-la-revista-academica-disability-and-rehabilitation\/#breadcrumb","itemListElement":[{"@type":"ListItem","position":1,"name":"Portada","item":"https:\/\/barcelona.euses.cat\/ca\/"},{"@type":"ListItem","position":2,"name":"El director del Grau de Fisioter\u00e0pia Internacional publica a la revista acad\u00e8mica \u2018Disability and Rehabilitation\u2019"}]},{"@type":"WebSite","@id":"https:\/\/barcelona.euses.cat\/ca\/#website","url":"https:\/\/barcelona.euses.cat\/ca\/","name":"EUSES - Campus de Bellvitge (Barcelona)","description":"EUSES, Escola Universit\u00e0ria de Fisioter\u00e0pia Internacional a Barcelona","potentialAction":[{"@type":"SearchAction","target":{"@type":"EntryPoint","urlTemplate":"https:\/\/barcelona.euses.cat\/ca\/?s={search_term_string}"},"query-input":{"@type":"PropertyValueSpecification","valueRequired":true,"valueName":"search_term_string"}}],"inLanguage":"ca"},{"@type":"Person","@id":"https:\/\/barcelona.euses.cat\/ca\/#\/schema\/person\/c3074ca9d956eacf02e41e2ff78e53ab","name":"neorg","image":{"@type":"ImageObject","inLanguage":"ca","@id":"https:\/\/secure.gravatar.com\/avatar\/709d3d8015183afa7401c02e2291a538cbfd4ffe62f4d86ce5f4871f22e86b09?s=96&d=mm&r=g","url":"https:\/\/secure.gravatar.com\/avatar\/709d3d8015183afa7401c02e2291a538cbfd4ffe62f4d86ce5f4871f22e86b09?s=96&d=mm&r=g","contentUrl":"https:\/\/secure.gravatar.com\/avatar\/709d3d8015183afa7401c02e2291a538cbfd4ffe62f4d86ce5f4871f22e86b09?s=96&d=mm&r=g","caption":"neorg"},"url":"https:\/\/barcelona.euses.cat\/ca\/author\/neorg\/"}]}},"_links":{"self":[{"href":"https:\/\/barcelona.euses.cat\/ca\/wp-json\/wp\/v2\/posts\/5141","targetHints":{"allow":["GET"]}}],"collection":[{"href":"https:\/\/barcelona.euses.cat\/ca\/wp-json\/wp\/v2\/posts"}],"about":[{"href":"https:\/\/barcelona.euses.cat\/ca\/wp-json\/wp\/v2\/types\/post"}],"author":[{"embeddable":true,"href":"https:\/\/barcelona.euses.cat\/ca\/wp-json\/wp\/v2\/users\/1"}],"replies":[{"embeddable":true,"href":"https:\/\/barcelona.euses.cat\/ca\/wp-json\/wp\/v2\/comments?post=5141"}],"version-history":[{"count":0,"href":"https:\/\/barcelona.euses.cat\/ca\/wp-json\/wp\/v2\/posts\/5141\/revisions"}],"wp:featuredmedia":[{"embeddable":true,"href":"https:\/\/barcelona.euses.cat\/ca\/wp-json\/wp\/v2\/media\/5142"}],"wp:attachment":[{"href":"https:\/\/barcelona.euses.cat\/ca\/wp-json\/wp\/v2\/media?parent=5141"}],"wp:term":[{"taxonomy":"category","embeddable":true,"href":"https:\/\/barcelona.euses.cat\/ca\/wp-json\/wp\/v2\/categories?post=5141"},{"taxonomy":"post_tag","embeddable":true,"href":"https:\/\/barcelona.euses.cat\/ca\/wp-json\/wp\/v2\/tags?post=5141"}],"curies":[{"name":"wp","href":"https:\/\/api.w.org\/{rel}","templated":true}]}}